{"id":20824,"date":"2024-08-28T09:57:44","date_gmt":"2024-08-28T09:57:44","guid":{"rendered":"https:\/\/lequotidien.mr\/?p=20824"},"modified":"2024-08-28T09:57:44","modified_gmt":"2024-08-28T09:57:44","slug":"le-president-ghazouani-et-pedro-sanchez-sengagent-pour-une-cooperation-accrue-entre-la-mauritanie-et-lespagne","status":"publish","type":"post","link":"https:\/\/lequotidien.mr\/?p=20824&lang=fr","title":{"rendered":"Le Pr\u00e9sident Ghazouani et Pedro S\u00e1nchez s&#8217;engagent pour une coop\u00e9ration accrue entre la Mauritanie et l&#8217;Espagne"},"content":{"rendered":"<p>Le Pr\u00e9sident mauritanien, Mohamed Ould Cheikh El Ghazouani, a tenu hier soir un point de presse conjoint avec le Pr\u00e9sident du gouvernement espagnol, Monsieur Pedro S\u00e1nchez, au palais pr\u00e9sidentiel de Nouakchott. Lors de cette rencontre, les deux dirigeants ont mis en exergue les relations historiques d\u2019amiti\u00e9 qui lient la Mauritanie et l\u2019Espagne.<\/p>\n<p><strong>\u00a0Intervention du Pr\u00e9sident Mohamed Ould Cheikh El Ghazouani :<\/strong><\/p>\n<p>&#8220;C&#8217;\u00e9tait un grand plaisir pour moi d&#8217;accueillir aujourd&#8217;hui Son Excellence Monsieur Pedro S\u00e1nchez, Pr\u00e9sident du gouvernement espagnol, lors d&#8217;une visite d&#8217;amiti\u00e9 et de travail.<\/p>\n<p>Cette visite, qui fait suite \u00e0 celle que j&#8217;ai effectu\u00e9e il y a quelques mois en compagnie de Madame Ursula von der Leyen, pr\u00e9sidente de la Commission europ\u00e9enne, refl\u00e8te r\u00e9ellement l&#8217;excellence et la profondeur des relations entre nos deux pays.<\/p>\n<p>Cette visite nous a permis, \u00e0 moi-m\u00eame et \u00e0 mon ami le Pr\u00e9sident S\u00e1nchez, ainsi qu&#8217;\u00e0 nos d\u00e9l\u00e9gations respectives, de proc\u00e9der \u00e0 des \u00e9changes fructueux et d&#8217;\u00e9valuer toutes les questions d&#8217;int\u00e9r\u00eat commun, en discutant des meilleures voies et moyens pour renforcer l&#8217;excellente coop\u00e9ration existante entre nos deux pays.<\/p>\n<p>Nous avons examin\u00e9 les d\u00e9fis communs actuels, puis discut\u00e9 des moyens et m\u00e9thodes n\u00e9cessaires pour les relever, dans un esprit de solidarit\u00e9 et de responsabilit\u00e9 partag\u00e9e, \u00e0 travers des partenariats strat\u00e9giques \u00e9quilibr\u00e9s et mutuellement b\u00e9n\u00e9fiques. Nous avons convenu ensemble de continuer \u00e0 renforcer et diversifier notre coop\u00e9ration au service de l&#8217;int\u00e9r\u00eat commun de nos deux pays amis et au profit du d\u00e9veloppement et de la stabilit\u00e9 de la r\u00e9gion dans son ensemble.<\/p>\n<p>Je saisis cette occasion pour renouveler mes remerciements au Pr\u00e9sident S\u00e1nchez pour la volont\u00e9 renouvel\u00e9e de l&#8217;Espagne de fournir davantage de soutien aux efforts de d\u00e9veloppement de notre pays, et pour son soutien \u00e0 la cause mauritanienne aupr\u00e8s de l&#8217;Union europ\u00e9enne et de la communaut\u00e9 internationale.<\/p>\n<p>Je compte beaucoup sur l&#8217;engagement personnel du Pr\u00e9sident S\u00e1nchez pour faciliter la migration l\u00e9gale des citoyens mauritaniens vers l&#8217;Espagne et l&#8217;Europe, encourager la migration circulaire des jeunes Mauritaniens, et exempter les passeports nationaux officiels (passeports diplomatiques et passeports de service) du visa Schengen.<\/p>\n<p>Je tiens \u00e9galement \u00e0 exprimer, en mon nom personnel et au nom du peuple mauritanien, notre grande appr\u00e9ciation pour les positions honorables et courageuses de l&#8217;Espagne concernant la cause juste et l\u00e9gitime du peuple palestinien, qui souffre toujours sous l&#8217;occupation.<\/p>\n<p>En renouvelant mes remerciements au Pr\u00e9sident S\u00e1nchez, je lui souhaite plein succ\u00e8s dans sa tourn\u00e9e en Afrique de l&#8217;Ouest, ainsi qu&#8217;un agr\u00e9able s\u00e9jour en Mauritanie. Je vous remercie de votre attention.&#8221;<\/p>\n<p><strong>\u00a0Intervention du Pr\u00e9sident du Gouvernement Espagnol, Pedro S\u00e1nchez\u00a0: <\/strong><\/p>\n<p>Je voudrais tout d&#8217;abord remercier le Pr\u00e9sident de la R\u00e9publique Islamique de Mauritanie, mon ami Mohamed Ould Cheikh Ghazouani, pour l&#8217;accueil chaleureux.<\/p>\n<p>C&#8217;est un honneur pour moi de visiter \u00e0 nouveau la Mauritanie, ce pays avec lequel nous entretenons des relations d&#8217;amiti\u00e9 historique, de bon voisinage, et de coop\u00e9ration fructueuse.<\/p>\n<p>L&#8217;objectif de ma visite, et celui du gouvernement espagnol, est de renforcer nos relations bilat\u00e9rales qui traversent une p\u00e9riode excellente, comme en t\u00e9moigne ma rencontre avec le Pr\u00e9sident Mohamed Ould Cheikh Ghazouani.<\/p>\n<p>Je pense que le meilleur t\u00e9moignage du climat de compr\u00e9hension entre nos deux pays est la d\u00e9claration commune que nous avons adopt\u00e9e, un document qui couvre un large \u00e9ventail de questions d&#8217;int\u00e9r\u00eat commun, telles que le d\u00e9veloppement \u00e9conomique, le renforcement de la s\u00e9curit\u00e9, et en particulier la gestion conjointe et organis\u00e9e du ph\u00e9nom\u00e8ne migratoire, entre autres.<\/p>\n<p>Nous avons \u00e9galement convenu de tenir la premi\u00e8re r\u00e9union de haut niveau entre la Mauritanie et l&#8217;Espagne en 2025, ici en Mauritanie, ce qui constituera une nouvelle opportunit\u00e9 d&#8217;intensifier nos relations bilat\u00e9rales.<\/p>\n<p>Comme je l&#8217;ai dit, l&#8217;une des questions que nous avons abord\u00e9es est la gestion conjointe d&#8217;une question complexe qui affecte grandement nos deux pays, \u00e0 savoir la migration. Je tiens aujourd&#8217;hui \u00e0 rappeler un message que j&#8217;ai exprim\u00e9 \u00e0 plusieurs reprises dans mon pays, en Espagne, c&#8217;est que jusqu&#8217;\u00e0 r\u00e9cemment, l&#8217;Espagne \u00e9tait aussi un pays d&#8217;\u00e9migration. Dans des moments tr\u00e8s difficiles, de nombreux citoyens espagnols cherchaient \u00e0 l&#8217;\u00e9tranger une destination et aspiraient \u00e0 une vie meilleure, tout comme aujourd&#8217;hui, de nombreuses personnes aspirent \u00e0 une vie meilleure, souvent au p\u00e9ril de leur vie. Ainsi, pour nous, le ph\u00e9nom\u00e8ne migratoire est une question de principes moraux, de solidarit\u00e9, et de dignit\u00e9, mais aussi de pure rationalit\u00e9, car la contribution des travailleurs migrants \u00e0 notre \u00e9conomie est essentielle, tout comme le soutien \u00e0 notre syst\u00e8me de s\u00e9curit\u00e9 sociale et notre r\u00e9gime g\u00e9n\u00e9ral de retraite.<\/p>\n<p>En cons\u00e9quence, pour l&#8217;Espagne, la migration est synonyme de richesse, de d\u00e9veloppement et de prosp\u00e9rit\u00e9. Malgr\u00e9 le discours qui a malheureusement tendance \u00e0 cro\u00eetre en Europe, la migration n&#8217;est pas un probl\u00e8me, mais une n\u00e9cessit\u00e9 qui comporte certaines difficult\u00e9s. Par cons\u00e9quent, nous devons encourager les formules qui nous permettent de g\u00e9rer le ph\u00e9nom\u00e8ne migratoire de mani\u00e8re humaine, s\u00fbre et organis\u00e9e, au b\u00e9n\u00e9fice de nos soci\u00e9t\u00e9s. Il nous faut donc combattre les mafias qui exploitent les \u00eatres humains et mettent leur vie en danger, car les premi\u00e8res victimes de la migration ill\u00e9gale sont les migrants eux-m\u00eames. Je pense que cela n\u00e9cessite une approche globale qui prend en compte tous les facteurs qui influencent la migration et renforce la coop\u00e9ration entre les pays concern\u00e9s.<\/p>\n<p>C&#8217;est dans cet esprit que nous signerons aujourd&#8217;hui des accords. Premi\u00e8rement, nous allons signer un m\u00e9morandum d&#8217;entente pour d\u00e9velopper un mod\u00e8le de migration r\u00e9guli\u00e8re, donc circulaire, une formule que l&#8217;Espagne a d\u00e9j\u00e0 d\u00e9velopp\u00e9e avec succ\u00e8s dans diff\u00e9rents pays et qui constitue un bon outil pour g\u00e9rer les flux migratoires de mani\u00e8re organis\u00e9e et l\u00e9gale.<\/p>\n<p>En compl\u00e9ment, nous allons signer une d\u00e9claration pour renforcer notre coop\u00e9ration en mati\u00e8re de s\u00e9curit\u00e9 et de lutte contre le crime organis\u00e9. \u00c0 cet \u00e9gard, je tiens \u00e0 remercier le gouvernement mauritanien et son Pr\u00e9sident pour les efforts qu&#8217;ils d\u00e9ploient pour lutter contre la migration ill\u00e9gale, ainsi que pour leur coop\u00e9ration dans la lutte contre les r\u00e9seaux de trafic de personnes. Nous avons un engagement ferme et une d\u00e9termination \u00e0 continuer \u00e0 travailler ensemble pour combattre les organisations qui se livrent \u00e0 des activit\u00e9s criminelles en exploitant les conditions terribles et le d\u00e9sespoir de ceux qui cherchent \u00e0 migrer de mani\u00e8re irr\u00e9guli\u00e8re.<\/p>\n<p>Enfin, je pense qu&#8217;il est int\u00e9ressant d&#8217;envisager la cr\u00e9ation d&#8217;un Conseil des affaires mauritano-espagnol. Je suis convaincu que ce conseil contribuera de mani\u00e8re significative \u00e0 accro\u00eetre les relations \u00e9conomiques et commerciales entre nos deux pays, et qu&#8217;il offrira \u00e9galement de nouvelles opportunit\u00e9s, en particulier pour les entreprises \u00e9conomiques et commerciales qui op\u00e8rent dans une r\u00e9gion ch\u00e8re \u00e0 l&#8217;Espagne et proche de la Mauritanie, comme les \u00eeles Canaries.<\/p>\n<p>Pour conclure, je voudrais annoncer que l&#8217;Institut Cervantes commencera \u00e0 proposer ses activit\u00e9s en Mauritanie d\u00e8s l&#8217;automne prochain, une premi\u00e8re \u00e9tape vers son implantation officielle en Mauritanie.<\/p>\n<p>Je termine en insistant sur l&#8217;importance de l&#8217;Afrique pour l&#8217;Espagne, pour l&#8217;Europe, et particuli\u00e8rement pour nous, en raison de notre proximit\u00e9 g\u00e9ographique, mais aussi de notre proximit\u00e9 culturelle et de nos int\u00e9r\u00eats communs.<\/p>\n<p>L&#8217;Afrique a toujours \u00e9t\u00e9 et restera une priorit\u00e9 pour la politique \u00e9trang\u00e8re espagnole. Partant de ce principe, nous \u00e9laborons actuellement une nouvelle strat\u00e9gie qui sera couronn\u00e9e par la mise en \u0153uvre de 100 actions et initiatives couvrant les principaux objectifs de notre action ext\u00e9rieure en Afrique. De plus, nous continuerons \u00e0 travailler au sein de l&#8217;Union europ\u00e9enne pour renforcer le respect des engagements que nous avons annonc\u00e9s en f\u00e9vrier dernier, lors de ma visite en Mauritanie avec la pr\u00e9sidente de la Commission europ\u00e9enne, Ursula von der Leyen, o\u00f9 nous avons pris ces engagements avec le gouvernement mauritanien, le Pr\u00e9sident Ghazouani, et d&#8217;autres organisations internationales telles que l&#8217;OTAN, pour rapprocher nos deux continents et relever ensemble les d\u00e9fis communs. Dans ce contexte, l&#8217;Espagne contribuera \u00e0 hauteur de 500 000 euros \u00e0 une initiative de formation dans les domaines de la d\u00e9fense et de la s\u00e9curit\u00e9 en Mauritanie.<\/p>\n<p>En r\u00e9sum\u00e9, je tiens \u00e0 dire que je crois fermement que le d\u00e9veloppement croissant de nos relations avec la Mauritanie, que nous renforcerons aujourd&#8217;hui, constitue une base importante sur laquelle nous pourrons d\u00e9velopper l&#8217;ensemble de notre politique \u00e9trang\u00e8re.<\/p>\n<p>&nbsp;<\/p>\n<p>&nbsp;<\/p>\n","protected":false},"excerpt":{"rendered":"<p>Le Pr\u00e9sident mauritanien, Mohamed Ould Cheikh El Ghazouani, a tenu hier soir un point de presse conjoint avec le Pr\u00e9sident du gouvernement espagnol, Monsieur Pedro S\u00e1nchez, au palais pr\u00e9sidentiel de Nouakchott. Lors de cette rencontre, les deux dirigeants ont mis en exergue les relations historiques d\u2019amiti\u00e9 qui lient la Mauritanie et l\u2019Espagne. \u00a0Intervention du Pr\u00e9sident&#8230;..<\/p>\n","protected":false},"author":4,"featured_media":20825,"comment_status":"open","ping_status":"open","sticky":false,"template":"","format":"standard","meta":{"footnotes":""},"categories":[23,57],"tags":[],"class_list":["post-20824","post","type-post","status-publish","format-standard","has-post-thumbnail","hentry","category-actualite","category-couverture-specilale"],"yoast_head":"<!-- This site is optimized with the Yoast SEO plugin v27.5 - https:\/\/yoast.com\/product\/yoast-seo-wordpress\/ -->\n<title>Le Pr\u00e9sident Ghazouani et Pedro S\u00e1nchez s&#039;engagent pour une coop\u00e9ration accrue entre la Mauritanie et l&#039;Espagne - Le Quotidien de Nouakchott<\/title>\n<meta name=\"robots\" content=\"index, follow, max-snippet:-1, max-image-preview:large, max-video-preview:-1\" \/>\n<link rel=\"canonical\" href=\"https:\/\/lequotidien.mr\/?p=20824&lang=fr\" \/>\n<meta property=\"og:locale\" content=\"ar_AR\" \/>\n<meta property=\"og:type\" content=\"article\" \/>\n<meta property=\"og:title\" content=\"Le Pr\u00e9sident Ghazouani et Pedro S\u00e1nchez s&#039;engagent pour une coop\u00e9ration accrue entre la Mauritanie et l&#039;Espagne - Le Quotidien de Nouakchott\" \/>\n<meta property=\"og:description\" content=\"Le Pr\u00e9sident mauritanien, Mohamed Ould Cheikh El Ghazouani, a tenu hier soir un point de presse conjoint avec le Pr\u00e9sident du gouvernement espagnol, Monsieur Pedro S\u00e1nchez, au palais pr\u00e9sidentiel de Nouakchott. Lors de cette rencontre, les deux dirigeants ont mis en exergue les relations historiques d\u2019amiti\u00e9 qui lient la Mauritanie et l\u2019Espagne. \u00a0Intervention du Pr\u00e9sident.....\" \/>\n<meta property=\"og:url\" content=\"https:\/\/lequotidien.mr\/?p=20824&amp;lang=fr\" \/>\n<meta property=\"og:site_name\" content=\"Le Quotidien de Nouakchott\" \/>\n<meta property=\"article:publisher\" content=\"https:\/\/web.facebook.com\/lequotidienmr\" \/>\n<meta property=\"article:published_time\" content=\"2024-08-28T09:57:44+00:00\" \/>\n<meta property=\"og:image\" content=\"https:\/\/lequotidien.mr\/wp-content\/uploads\/2024\/08\/28-08-2024-51-750x430-1.jpg\" \/>\n\t<meta property=\"og:image:width\" content=\"750\" \/>\n\t<meta property=\"og:image:height\" content=\"430\" \/>\n\t<meta property=\"og:image:type\" content=\"image\/jpeg\" \/>\n<meta name=\"author\" content=\"Le Quotidien\" \/>\n<meta name=\"twitter:card\" content=\"summary_large_image\" \/>\n<meta name=\"twitter:creator\" content=\"@lequotidienmr\" \/>\n<meta name=\"twitter:site\" content=\"@lequotidienmr\" \/>\n<meta name=\"twitter:label1\" content=\"\u0643\u064f\u062a\u0628 \u0628\u0648\u0627\u0633\u0637\u0629\" \/>\n\t<meta name=\"twitter:data1\" content=\"Le Quotidien\" \/>\n\t<meta name=\"twitter:label2\" content=\"\u0648\u0642\u062a \u0627\u0644\u0642\u0631\u0627\u0621\u0629 \u0627\u0644\u0645\u064f\u0642\u062f\u0651\u0631\" \/>\n\t<meta name=\"twitter:data2\" content=\"6 \u062f\u0642\u0627\u0626\u0642\" \/>\n<script type=\"application\/ld+json\" class=\"yoast-schema-graph\">{\"@context\":\"https:\\\/\\\/schema.org\",\"@graph\":[{\"@type\":\"Article\",\"@id\":\"https:\\\/\\\/lequotidien.mr\\\/?p=20824&lang=fr#article\",\"isPartOf\":{\"@id\":\"https:\\\/\\\/lequotidien.mr\\\/?p=20824&lang=fr\"},\"author\":{\"name\":\"Le Quotidien\",\"@id\":\"https:\\\/\\\/lequotidien.mr\\\/#\\\/schema\\\/person\\\/f90fcdaa970c60288de4ed2e64a56472\"},\"headline\":\"Le Pr\u00e9sident Ghazouani et Pedro S\u00e1nchez s&#8217;engagent pour une coop\u00e9ration accrue entre la Mauritanie et l&#8217;Espagne\",\"datePublished\":\"2024-08-28T09:57:44+00:00\",\"mainEntityOfPage\":{\"@id\":\"https:\\\/\\\/lequotidien.mr\\\/?p=20824&lang=fr\"},\"wordCount\":1538,\"commentCount\":0,\"publisher\":{\"@id\":\"https:\\\/\\\/lequotidien.mr\\\/#organization\"},\"image\":{\"@id\":\"https:\\\/\\\/lequotidien.mr\\\/?p=20824&lang=fr#primaryimage\"},\"thumbnailUrl\":\"https:\\\/\\\/lequotidien.mr\\\/wp-content\\\/uploads\\\/2024\\\/08\\\/28-08-2024-51-750x430-1.jpg\",\"articleSection\":[\"ACTUALIT\u00c9\",\"Couverture sp\u00e9cilale\"],\"inLanguage\":\"ar\",\"potentialAction\":[{\"@type\":\"CommentAction\",\"name\":\"Comment\",\"target\":[\"https:\\\/\\\/lequotidien.mr\\\/?p=20824&lang=fr#respond\"]}]},{\"@type\":\"WebPage\",\"@id\":\"https:\\\/\\\/lequotidien.mr\\\/?p=20824&lang=fr\",\"url\":\"https:\\\/\\\/lequotidien.mr\\\/?p=20824&lang=fr\",\"name\":\"Le Pr\u00e9sident Ghazouani et Pedro S\u00e1nchez s'engagent pour une coop\u00e9ration accrue entre la Mauritanie et l'Espagne - Le Quotidien de Nouakchott\",\"isPartOf\":{\"@id\":\"https:\\\/\\\/lequotidien.mr\\\/#website\"},\"primaryImageOfPage\":{\"@id\":\"https:\\\/\\\/lequotidien.mr\\\/?p=20824&lang=fr#primaryimage\"},\"image\":{\"@id\":\"https:\\\/\\\/lequotidien.mr\\\/?p=20824&lang=fr#primaryimage\"},\"thumbnailUrl\":\"https:\\\/\\\/lequotidien.mr\\\/wp-content\\\/uploads\\\/2024\\\/08\\\/28-08-2024-51-750x430-1.jpg\",\"datePublished\":\"2024-08-28T09:57:44+00:00\",\"breadcrumb\":{\"@id\":\"https:\\\/\\\/lequotidien.mr\\\/?p=20824&lang=fr#breadcrumb\"},\"inLanguage\":\"ar\",\"potentialAction\":[{\"@type\":\"ReadAction\",\"target\":[\"https:\\\/\\\/lequotidien.mr\\\/?p=20824&lang=fr\"]}]},{\"@type\":\"ImageObject\",\"inLanguage\":\"ar\",\"@id\":\"https:\\\/\\\/lequotidien.mr\\\/?p=20824&lang=fr#primaryimage\",\"url\":\"https:\\\/\\\/lequotidien.mr\\\/wp-content\\\/uploads\\\/2024\\\/08\\\/28-08-2024-51-750x430-1.jpg\",\"contentUrl\":\"https:\\\/\\\/lequotidien.mr\\\/wp-content\\\/uploads\\\/2024\\\/08\\\/28-08-2024-51-750x430-1.jpg\",\"width\":750,\"height\":430},{\"@type\":\"BreadcrumbList\",\"@id\":\"https:\\\/\\\/lequotidien.mr\\\/?p=20824&lang=fr#breadcrumb\",\"itemListElement\":[{\"@type\":\"ListItem\",\"position\":1,\"name\":\"Home\",\"item\":\"https:\\\/\\\/lequotidien.mr\\\/\"},{\"@type\":\"ListItem\",\"position\":2,\"name\":\"Le Pr\u00e9sident Ghazouani et Pedro S\u00e1nchez s&#8217;engagent pour une coop\u00e9ration accrue entre la Mauritanie et l&#8217;Espagne\"}]},{\"@type\":\"WebSite\",\"@id\":\"https:\\\/\\\/lequotidien.mr\\\/#website\",\"url\":\"https:\\\/\\\/lequotidien.mr\\\/\",\"name\":\"Le Quotidien de Nouakchott\",\"description\":\"\u0625\u062e\u0628\u0627\u0631\u064a\u0629 \u0645\u0633\u062a\u0642\u0644\u0629 \u0644\u0644\u0623\u0646\u0628\u0627\u0621 \u0627\u0644\u0639\u0627\u0645\u0629\",\"publisher\":{\"@id\":\"https:\\\/\\\/lequotidien.mr\\\/#organization\"},\"potentialAction\":[{\"@type\":\"SearchAction\",\"target\":{\"@type\":\"EntryPoint\",\"urlTemplate\":\"https:\\\/\\\/lequotidien.mr\\\/?s={search_term_string}\"},\"query-input\":{\"@type\":\"PropertyValueSpecification\",\"valueRequired\":true,\"valueName\":\"search_term_string\"}}],\"inLanguage\":\"ar\"},{\"@type\":\"Organization\",\"@id\":\"https:\\\/\\\/lequotidien.mr\\\/#organization\",\"name\":\"Le Quotidien de Nouakchott\",\"url\":\"https:\\\/\\\/lequotidien.mr\\\/\",\"logo\":{\"@type\":\"ImageObject\",\"inLanguage\":\"ar\",\"@id\":\"https:\\\/\\\/lequotidien.mr\\\/#\\\/schema\\\/logo\\\/image\\\/\",\"url\":\"https:\\\/\\\/lequotidien.mr\\\/wp-content\\\/uploads\\\/2022\\\/11\\\/logolequotidien.jpg\",\"contentUrl\":\"https:\\\/\\\/lequotidien.mr\\\/wp-content\\\/uploads\\\/2022\\\/11\\\/logolequotidien.jpg\",\"width\":290,\"height\":65,\"caption\":\"Le Quotidien de Nouakchott\"},\"image\":{\"@id\":\"https:\\\/\\\/lequotidien.mr\\\/#\\\/schema\\\/logo\\\/image\\\/\"},\"sameAs\":[\"https:\\\/\\\/web.facebook.com\\\/lequotidienmr\",\"https:\\\/\\\/x.com\\\/lequotidienmr\"]},{\"@type\":\"Person\",\"@id\":\"https:\\\/\\\/lequotidien.mr\\\/#\\\/schema\\\/person\\\/f90fcdaa970c60288de4ed2e64a56472\",\"name\":\"Le Quotidien\",\"image\":{\"@type\":\"ImageObject\",\"inLanguage\":\"ar\",\"@id\":\"https:\\\/\\\/secure.gravatar.com\\\/avatar\\\/374cb39a1a458a912465a93e5a3ce6546886fc3da809a1f10c63e4e8fcbca30f?s=96&d=mm&r=g\",\"url\":\"https:\\\/\\\/secure.gravatar.com\\\/avatar\\\/374cb39a1a458a912465a93e5a3ce6546886fc3da809a1f10c63e4e8fcbca30f?s=96&d=mm&r=g\",\"contentUrl\":\"https:\\\/\\\/secure.gravatar.com\\\/avatar\\\/374cb39a1a458a912465a93e5a3ce6546886fc3da809a1f10c63e4e8fcbca30f?s=96&d=mm&r=g\",\"caption\":\"Le Quotidien\"},\"sameAs\":[\"https:\\\/\\\/lequotidien.mr\\\/\"],\"url\":\"https:\\\/\\\/lequotidien.mr\\\/?author=4\"}]}<\/script>\n<!-- \/ Yoast SEO plugin. -->","yoast_head_json":{"title":"Le Pr\u00e9sident Ghazouani et Pedro S\u00e1nchez s'engagent pour une coop\u00e9ration accrue entre la Mauritanie et l'Espagne - Le Quotidien de Nouakchott","robots":{"index":"index","follow":"follow","max-snippet":"max-snippet:-1","max-image-preview":"max-image-preview:large","max-video-preview":"max-video-preview:-1"},"canonical":"https:\/\/lequotidien.mr\/?p=20824&lang=fr","og_locale":"ar_AR","og_type":"article","og_title":"Le Pr\u00e9sident Ghazouani et Pedro S\u00e1nchez s'engagent pour une coop\u00e9ration accrue entre la Mauritanie et l'Espagne - Le Quotidien de Nouakchott","og_description":"Le Pr\u00e9sident mauritanien, Mohamed Ould Cheikh El Ghazouani, a tenu hier soir un point de presse conjoint avec le Pr\u00e9sident du gouvernement espagnol, Monsieur Pedro S\u00e1nchez, au palais pr\u00e9sidentiel de Nouakchott. Lors de cette rencontre, les deux dirigeants ont mis en exergue les relations historiques d\u2019amiti\u00e9 qui lient la Mauritanie et l\u2019Espagne. \u00a0Intervention du Pr\u00e9sident.....","og_url":"https:\/\/lequotidien.mr\/?p=20824&lang=fr","og_site_name":"Le Quotidien de Nouakchott","article_publisher":"https:\/\/web.facebook.com\/lequotidienmr","article_published_time":"2024-08-28T09:57:44+00:00","og_image":[{"width":750,"height":430,"url":"https:\/\/lequotidien.mr\/wp-content\/uploads\/2024\/08\/28-08-2024-51-750x430-1.jpg","type":"image\/jpeg"}],"author":"Le Quotidien","twitter_card":"summary_large_image","twitter_creator":"@lequotidienmr","twitter_site":"@lequotidienmr","twitter_misc":{"\u0643\u064f\u062a\u0628 \u0628\u0648\u0627\u0633\u0637\u0629":"Le Quotidien","\u0648\u0642\u062a \u0627\u0644\u0642\u0631\u0627\u0621\u0629 \u0627\u0644\u0645\u064f\u0642\u062f\u0651\u0631":"6 \u062f\u0642\u0627\u0626\u0642"},"schema":{"@context":"https:\/\/schema.org","@graph":[{"@type":"Article","@id":"https:\/\/lequotidien.mr\/?p=20824&lang=fr#article","isPartOf":{"@id":"https:\/\/lequotidien.mr\/?p=20824&lang=fr"},"author":{"name":"Le Quotidien","@id":"https:\/\/lequotidien.mr\/#\/schema\/person\/f90fcdaa970c60288de4ed2e64a56472"},"headline":"Le Pr\u00e9sident Ghazouani et Pedro S\u00e1nchez s&#8217;engagent pour une coop\u00e9ration accrue entre la Mauritanie et l&#8217;Espagne","datePublished":"2024-08-28T09:57:44+00:00","mainEntityOfPage":{"@id":"https:\/\/lequotidien.mr\/?p=20824&lang=fr"},"wordCount":1538,"commentCount":0,"publisher":{"@id":"https:\/\/lequotidien.mr\/#organization"},"image":{"@id":"https:\/\/lequotidien.mr\/?p=20824&lang=fr#primaryimage"},"thumbnailUrl":"https:\/\/lequotidien.mr\/wp-content\/uploads\/2024\/08\/28-08-2024-51-750x430-1.jpg","articleSection":["ACTUALIT\u00c9","Couverture sp\u00e9cilale"],"inLanguage":"ar","potentialAction":[{"@type":"CommentAction","name":"Comment","target":["https:\/\/lequotidien.mr\/?p=20824&lang=fr#respond"]}]},{"@type":"WebPage","@id":"https:\/\/lequotidien.mr\/?p=20824&lang=fr","url":"https:\/\/lequotidien.mr\/?p=20824&lang=fr","name":"Le Pr\u00e9sident Ghazouani et Pedro S\u00e1nchez s'engagent pour une coop\u00e9ration accrue entre la Mauritanie et l'Espagne - Le Quotidien de Nouakchott","isPartOf":{"@id":"https:\/\/lequotidien.mr\/#website"},"primaryImageOfPage":{"@id":"https:\/\/lequotidien.mr\/?p=20824&lang=fr#primaryimage"},"image":{"@id":"https:\/\/lequotidien.mr\/?p=20824&lang=fr#primaryimage"},"thumbnailUrl":"https:\/\/lequotidien.mr\/wp-content\/uploads\/2024\/08\/28-08-2024-51-750x430-1.jpg","datePublished":"2024-08-28T09:57:44+00:00","breadcrumb":{"@id":"https:\/\/lequotidien.mr\/?p=20824&lang=fr#breadcrumb"},"inLanguage":"ar","potentialAction":[{"@type":"ReadAction","target":["https:\/\/lequotidien.mr\/?p=20824&lang=fr"]}]},{"@type":"ImageObject","inLanguage":"ar","@id":"https:\/\/lequotidien.mr\/?p=20824&lang=fr#primaryimage","url":"https:\/\/lequotidien.mr\/wp-content\/uploads\/2024\/08\/28-08-2024-51-750x430-1.jpg","contentUrl":"https:\/\/lequotidien.mr\/wp-content\/uploads\/2024\/08\/28-08-2024-51-750x430-1.jpg","width":750,"height":430},{"@type":"BreadcrumbList","@id":"https:\/\/lequotidien.mr\/?p=20824&lang=fr#breadcrumb","itemListElement":[{"@type":"ListItem","position":1,"name":"Home","item":"https:\/\/lequotidien.mr\/"},{"@type":"ListItem","position":2,"name":"Le Pr\u00e9sident Ghazouani et Pedro S\u00e1nchez s&#8217;engagent pour une coop\u00e9ration accrue entre la Mauritanie et l&#8217;Espagne"}]},{"@type":"WebSite","@id":"https:\/\/lequotidien.mr\/#website","url":"https:\/\/lequotidien.mr\/","name":"Le Quotidien de Nouakchott","description":"\u0625\u062e\u0628\u0627\u0631\u064a\u0629 \u0645\u0633\u062a\u0642\u0644\u0629 \u0644\u0644\u0623\u0646\u0628\u0627\u0621 \u0627\u0644\u0639\u0627\u0645\u0629","publisher":{"@id":"https:\/\/lequotidien.mr\/#organization"},"potentialAction":[{"@type":"SearchAction","target":{"@type":"EntryPoint","urlTemplate":"https:\/\/lequotidien.mr\/?s={search_term_string}"},"query-input":{"@type":"PropertyValueSpecification","valueRequired":true,"valueName":"search_term_string"}}],"inLanguage":"ar"},{"@type":"Organization","@id":"https:\/\/lequotidien.mr\/#organization","name":"Le Quotidien de Nouakchott","url":"https:\/\/lequotidien.mr\/","logo":{"@type":"ImageObject","inLanguage":"ar","@id":"https:\/\/lequotidien.mr\/#\/schema\/logo\/image\/","url":"https:\/\/lequotidien.mr\/wp-content\/uploads\/2022\/11\/logolequotidien.jpg","contentUrl":"https:\/\/lequotidien.mr\/wp-content\/uploads\/2022\/11\/logolequotidien.jpg","width":290,"height":65,"caption":"Le Quotidien de Nouakchott"},"image":{"@id":"https:\/\/lequotidien.mr\/#\/schema\/logo\/image\/"},"sameAs":["https:\/\/web.facebook.com\/lequotidienmr","https:\/\/x.com\/lequotidienmr"]},{"@type":"Person","@id":"https:\/\/lequotidien.mr\/#\/schema\/person\/f90fcdaa970c60288de4ed2e64a56472","name":"Le Quotidien","image":{"@type":"ImageObject","inLanguage":"ar","@id":"https:\/\/secure.gravatar.com\/avatar\/374cb39a1a458a912465a93e5a3ce6546886fc3da809a1f10c63e4e8fcbca30f?s=96&d=mm&r=g","url":"https:\/\/secure.gravatar.com\/avatar\/374cb39a1a458a912465a93e5a3ce6546886fc3da809a1f10c63e4e8fcbca30f?s=96&d=mm&r=g","contentUrl":"https:\/\/secure.gravatar.com\/avatar\/374cb39a1a458a912465a93e5a3ce6546886fc3da809a1f10c63e4e8fcbca30f?s=96&d=mm&r=g","caption":"Le Quotidien"},"sameAs":["https:\/\/lequotidien.mr\/"],"url":"https:\/\/lequotidien.mr\/?author=4"}]}},"_links":{"self":[{"href":"https:\/\/lequotidien.mr\/index.php?rest_route=\/wp\/v2\/posts\/20824","targetHints":{"allow":["GET"]}}],"collection":[{"href":"https:\/\/lequotidien.mr\/index.php?rest_route=\/wp\/v2\/posts"}],"about":[{"href":"https:\/\/lequotidien.mr\/index.php?rest_route=\/wp\/v2\/types\/post"}],"author":[{"embeddable":true,"href":"https:\/\/lequotidien.mr\/index.php?rest_route=\/wp\/v2\/users\/4"}],"replies":[{"embeddable":true,"href":"https:\/\/lequotidien.mr\/index.php?rest_route=%2Fwp%2Fv2%2Fcomments&post=20824"}],"version-history":[{"count":1,"href":"https:\/\/lequotidien.mr\/index.php?rest_route=\/wp\/v2\/posts\/20824\/revisions"}],"predecessor-version":[{"id":20826,"href":"https:\/\/lequotidien.mr\/index.php?rest_route=\/wp\/v2\/posts\/20824\/revisions\/20826"}],"wp:featuredmedia":[{"embeddable":true,"href":"https:\/\/lequotidien.mr\/index.php?rest_route=\/wp\/v2\/media\/20825"}],"wp:attachment":[{"href":"https:\/\/lequotidien.mr\/index.php?rest_route=%2Fwp%2Fv2%2Fmedia&parent=20824"}],"wp:term":[{"taxonomy":"category","embeddable":true,"href":"https:\/\/lequotidien.mr\/index.php?rest_route=%2Fwp%2Fv2%2Fcategories&post=20824"},{"taxonomy":"post_tag","embeddable":true,"href":"https:\/\/lequotidien.mr\/index.php?rest_route=%2Fwp%2Fv2%2Ftags&post=20824"}],"curies":[{"name":"wp","href":"https:\/\/api.w.org\/{rel}","templated":true}]}}