{"id":20820,"date":"2024-08-27T23:27:38","date_gmt":"2024-08-27T23:27:38","guid":{"rendered":"https:\/\/lequotidien.mr\/?p=20820"},"modified":"2024-08-27T23:27:38","modified_gmt":"2024-08-27T23:27:38","slug":"visite-damitie-et-de-travail-du-premier-ministre-espagnol-en-mauritanie","status":"publish","type":"post","link":"https:\/\/lequotidien.mr\/?p=20820&lang=fr","title":{"rendered":"Visite d\u2019amiti\u00e9 et de travail du Premier ministre Espagnol en Mauritanie"},"content":{"rendered":"<p>Le Pr\u00e9sident de la R\u00e9publique, SEM Mohamed Cheikh El Ghazouani, a accueilli mardi soir \u00e0 l\u2019a\u00e9roport international de Nouakchott le Premier ministre espagnol Pedro S\u00e1nchez, dans le cadre d\u2019une visite d\u2019amiti\u00e9 et de travail de deux jours. Cette visite, marqu\u00e9e par une atmosph\u00e8re chaleureuse et coop\u00e9rative, t\u00e9moigne du renforcement des relations entre la Mauritanie et l\u2019Espagne.<\/p>\n<p>L\u2019accueil officiel a rassembl\u00e9 de nombreuses personnalit\u00e9s, dont le Premier ministre mauritanien Mokhtar Diay, ainsi que des membres du gouvernement mauritanien, le secr\u00e9taire g\u00e9n\u00e9ral de la Pr\u00e9sidence, et d\u2019autres hauts dignitaires ainsi que \u00a0l\u2019ambassadeur d\u2019Espagne en Mauritanie.<\/p>\n<p>Pour rappel, en f\u00e9vrier 2024, Pedro S\u00e1nchez, en compagnie d\u2019Ursula von der Leyen, Pr\u00e9sidente de la Commission Europ\u00e9enne, avait rencontr\u00e9 SEM Mohamed Cheikh El Ghazouani pour discuter des partenariats strat\u00e9giques entre l\u2019Espagne, l\u2019UE et la Mauritanie.<\/p>\n<p>Lors de cette rencontre, Ursula von der Leyen avait mis en lumi\u00e8re le r\u00f4le crucial de la Mauritanie dans la s\u00e9curit\u00e9 r\u00e9gionale, notamment dans le Sahel. Elle avait annonc\u00e9 une aide europ\u00e9enne de 40 millions d&#8217;euros pour l\u2019\u00e9quipement d\u2019un bataillon mauritanien afin de lutter contre le terrorisme et s\u00e9curiser la fronti\u00e8re orientale avec le Mali. Une enveloppe de 210 millions d\u2019euros devait aussi \u00eatre mobilis\u00e9e pour la gestion de la migration, l\u2019aide humanitaire et le d\u00e9veloppement \u00e9conomique, y compris les investissements dans l\u2019emploi et les comp\u00e9tences.<\/p>\n<p>De son c\u00f4t\u00e9, Pedro S\u00e1nchez avait pr\u00e9sent\u00e9 un nouvel accord-cadre bilat\u00e9ral, pr\u00e9voyant 60 millions d&#8217;euros pour des projets de d\u00e9veloppement en Mauritanie sur les quatre prochaines ann\u00e9es. Cette coop\u00e9ration financi\u00e8re devait \u00eatre \u00e9largie \u00e0 plus de 50 millions d&#8217;euros, avec une enveloppe suppl\u00e9mentaire de pr\u00e8s de 200 millions d&#8217;euros pour les \u00e9tudes de faisabilit\u00e9, le financement de projets et les pr\u00eats, notamment pour les initiatives vertes et les \u00e9nergies renouvelables.<\/p>\n<p>N\u00e9anmoins, cette dynamique d&#8217;engagement a suscit\u00e9 des interrogations parmi certains observateurs, qui ont soulign\u00e9 que l&#8217;accent mis sur le contr\u00f4le des flux migratoires pouvait parfois sembler pr\u00e9dominer sur un soutien authentique au d\u00e9veloppement durable de la Mauritanie. En tant que point de transit strat\u00e9gique pour les migrants subsahariens cherchant \u00e0 atteindre l\u2019Europe, la Mauritanie joue un r\u00f4le cl\u00e9 dans les dynamiques migratoires r\u00e9gionales.<\/p>\n<p>Cette visite de Pedro S\u00e1nchez en Mauritanie s\u2019inscrit dans un contexte de coop\u00e9ration internationale renforc\u00e9e, avec des efforts continus pour adresser les d\u00e9fis s\u00e9curitaires, \u00e9conomiques et humanitaires dans la r\u00e9gion. Les discussions et les accords \u00e0 venir devraient continuer \u00e0 fa\u00e7onner les relations entre les deux pays et leur contribution \u00e0 la stabilit\u00e9 et au d\u00e9veloppement en Afrique de l&#8217;Ouest.<\/p>\n","protected":false},"excerpt":{"rendered":"<p>Le Pr\u00e9sident de la R\u00e9publique, SEM Mohamed Cheikh El Ghazouani, a accueilli mardi soir \u00e0 l\u2019a\u00e9roport international de Nouakchott le Premier ministre espagnol Pedro S\u00e1nchez, dans le cadre d\u2019une visite d\u2019amiti\u00e9 et de travail de deux jours. Cette visite, marqu\u00e9e par une atmosph\u00e8re chaleureuse et coop\u00e9rative, t\u00e9moigne du renforcement des relations entre la Mauritanie et&#8230;..<\/p>\n","protected":false},"author":12,"featured_media":20821,"comment_status":"open","ping_status":"open","sticky":false,"template":"","format":"standard","meta":{"footnotes":""},"categories":[23,49],"tags":[],"class_list":["post-20820","post","type-post","status-publish","format-standard","has-post-thumbnail","hentry","category-actualite","category-economie"],"yoast_head":"<!-- This site is optimized with the Yoast SEO plugin v27.5 - https:\/\/yoast.com\/product\/yoast-seo-wordpress\/ -->\n<title>Visite d\u2019amiti\u00e9 et de travail du Premier ministre Espagnol en Mauritanie - Le Quotidien de Nouakchott<\/title>\n<meta name=\"robots\" content=\"index, follow, max-snippet:-1, max-image-preview:large, max-video-preview:-1\" \/>\n<link rel=\"canonical\" href=\"https:\/\/lequotidien.mr\/?p=20820&lang=fr\" \/>\n<meta property=\"og:locale\" content=\"ar_AR\" \/>\n<meta property=\"og:type\" content=\"article\" \/>\n<meta property=\"og:title\" content=\"Visite d\u2019amiti\u00e9 et de travail du Premier ministre Espagnol en Mauritanie - Le Quotidien de Nouakchott\" \/>\n<meta property=\"og:description\" content=\"Le Pr\u00e9sident de la R\u00e9publique, SEM Mohamed Cheikh El Ghazouani, a accueilli mardi soir \u00e0 l\u2019a\u00e9roport international de Nouakchott le Premier ministre espagnol Pedro S\u00e1nchez, dans le cadre d\u2019une visite d\u2019amiti\u00e9 et de travail de deux jours. Cette visite, marqu\u00e9e par une atmosph\u00e8re chaleureuse et coop\u00e9rative, t\u00e9moigne du renforcement des relations entre la Mauritanie et.....\" \/>\n<meta property=\"og:url\" content=\"https:\/\/lequotidien.mr\/?p=20820&amp;lang=fr\" \/>\n<meta property=\"og:site_name\" content=\"Le Quotidien de Nouakchott\" \/>\n<meta property=\"article:publisher\" content=\"https:\/\/web.facebook.com\/lequotidienmr\" \/>\n<meta property=\"article:published_time\" content=\"2024-08-27T23:27:38+00:00\" \/>\n<meta property=\"og:image\" content=\"https:\/\/lequotidien.mr\/wp-content\/uploads\/2024\/08\/photo-Ghazouani-et-le-PM-edspagnol.jpg\" \/>\n\t<meta property=\"og:image:width\" content=\"504\" \/>\n\t<meta property=\"og:image:height\" content=\"430\" \/>\n\t<meta property=\"og:image:type\" content=\"image\/jpeg\" \/>\n<meta name=\"author\" content=\"Med Ahmed\" \/>\n<meta name=\"twitter:card\" content=\"summary_large_image\" \/>\n<meta name=\"twitter:creator\" content=\"@lequotidienmr\" \/>\n<meta name=\"twitter:site\" content=\"@lequotidienmr\" \/>\n<meta name=\"twitter:label1\" content=\"\u0643\u064f\u062a\u0628 \u0628\u0648\u0627\u0633\u0637\u0629\" \/>\n\t<meta name=\"twitter:data1\" content=\"Med Ahmed\" \/>\n\t<meta name=\"twitter:label2\" content=\"\u0648\u0642\u062a \u0627\u0644\u0642\u0631\u0627\u0621\u0629 \u0627\u0644\u0645\u064f\u0642\u062f\u0651\u0631\" \/>\n\t<meta name=\"twitter:data2\" content=\"\u062f\u0642\u064a\u0642\u062a\u0627\u0646\" \/>\n<script type=\"application\/ld+json\" class=\"yoast-schema-graph\">{\"@context\":\"https:\\\/\\\/schema.org\",\"@graph\":[{\"@type\":\"Article\",\"@id\":\"https:\\\/\\\/lequotidien.mr\\\/?p=20820&lang=fr#article\",\"isPartOf\":{\"@id\":\"https:\\\/\\\/lequotidien.mr\\\/?p=20820&lang=fr\"},\"author\":{\"name\":\"Med Ahmed\",\"@id\":\"https:\\\/\\\/lequotidien.mr\\\/#\\\/schema\\\/person\\\/d2d350202a4d599685ed8abc25f97596\"},\"headline\":\"Visite d\u2019amiti\u00e9 et de travail du Premier ministre Espagnol en Mauritanie\",\"datePublished\":\"2024-08-27T23:27:38+00:00\",\"mainEntityOfPage\":{\"@id\":\"https:\\\/\\\/lequotidien.mr\\\/?p=20820&lang=fr\"},\"wordCount\":488,\"commentCount\":0,\"publisher\":{\"@id\":\"https:\\\/\\\/lequotidien.mr\\\/#organization\"},\"image\":{\"@id\":\"https:\\\/\\\/lequotidien.mr\\\/?p=20820&lang=fr#primaryimage\"},\"thumbnailUrl\":\"https:\\\/\\\/lequotidien.mr\\\/wp-content\\\/uploads\\\/2024\\\/08\\\/photo-Ghazouani-et-le-PM-edspagnol.jpg\",\"articleSection\":[\"ACTUALIT\u00c9\",\"Economie\"],\"inLanguage\":\"ar\",\"potentialAction\":[{\"@type\":\"CommentAction\",\"name\":\"Comment\",\"target\":[\"https:\\\/\\\/lequotidien.mr\\\/?p=20820&lang=fr#respond\"]}]},{\"@type\":\"WebPage\",\"@id\":\"https:\\\/\\\/lequotidien.mr\\\/?p=20820&lang=fr\",\"url\":\"https:\\\/\\\/lequotidien.mr\\\/?p=20820&lang=fr\",\"name\":\"Visite d\u2019amiti\u00e9 et de travail du Premier ministre Espagnol en Mauritanie - Le Quotidien de Nouakchott\",\"isPartOf\":{\"@id\":\"https:\\\/\\\/lequotidien.mr\\\/#website\"},\"primaryImageOfPage\":{\"@id\":\"https:\\\/\\\/lequotidien.mr\\\/?p=20820&lang=fr#primaryimage\"},\"image\":{\"@id\":\"https:\\\/\\\/lequotidien.mr\\\/?p=20820&lang=fr#primaryimage\"},\"thumbnailUrl\":\"https:\\\/\\\/lequotidien.mr\\\/wp-content\\\/uploads\\\/2024\\\/08\\\/photo-Ghazouani-et-le-PM-edspagnol.jpg\",\"datePublished\":\"2024-08-27T23:27:38+00:00\",\"breadcrumb\":{\"@id\":\"https:\\\/\\\/lequotidien.mr\\\/?p=20820&lang=fr#breadcrumb\"},\"inLanguage\":\"ar\",\"potentialAction\":[{\"@type\":\"ReadAction\",\"target\":[\"https:\\\/\\\/lequotidien.mr\\\/?p=20820&lang=fr\"]}]},{\"@type\":\"ImageObject\",\"inLanguage\":\"ar\",\"@id\":\"https:\\\/\\\/lequotidien.mr\\\/?p=20820&lang=fr#primaryimage\",\"url\":\"https:\\\/\\\/lequotidien.mr\\\/wp-content\\\/uploads\\\/2024\\\/08\\\/photo-Ghazouani-et-le-PM-edspagnol.jpg\",\"contentUrl\":\"https:\\\/\\\/lequotidien.mr\\\/wp-content\\\/uploads\\\/2024\\\/08\\\/photo-Ghazouani-et-le-PM-edspagnol.jpg\",\"width\":504,\"height\":430},{\"@type\":\"BreadcrumbList\",\"@id\":\"https:\\\/\\\/lequotidien.mr\\\/?p=20820&lang=fr#breadcrumb\",\"itemListElement\":[{\"@type\":\"ListItem\",\"position\":1,\"name\":\"Home\",\"item\":\"https:\\\/\\\/lequotidien.mr\\\/\"},{\"@type\":\"ListItem\",\"position\":2,\"name\":\"Visite d\u2019amiti\u00e9 et de travail du Premier ministre Espagnol en Mauritanie\"}]},{\"@type\":\"WebSite\",\"@id\":\"https:\\\/\\\/lequotidien.mr\\\/#website\",\"url\":\"https:\\\/\\\/lequotidien.mr\\\/\",\"name\":\"Le Quotidien de Nouakchott\",\"description\":\"\u0625\u062e\u0628\u0627\u0631\u064a\u0629 \u0645\u0633\u062a\u0642\u0644\u0629 \u0644\u0644\u0623\u0646\u0628\u0627\u0621 \u0627\u0644\u0639\u0627\u0645\u0629\",\"publisher\":{\"@id\":\"https:\\\/\\\/lequotidien.mr\\\/#organization\"},\"potentialAction\":[{\"@type\":\"SearchAction\",\"target\":{\"@type\":\"EntryPoint\",\"urlTemplate\":\"https:\\\/\\\/lequotidien.mr\\\/?s={search_term_string}\"},\"query-input\":{\"@type\":\"PropertyValueSpecification\",\"valueRequired\":true,\"valueName\":\"search_term_string\"}}],\"inLanguage\":\"ar\"},{\"@type\":\"Organization\",\"@id\":\"https:\\\/\\\/lequotidien.mr\\\/#organization\",\"name\":\"Le Quotidien de Nouakchott\",\"url\":\"https:\\\/\\\/lequotidien.mr\\\/\",\"logo\":{\"@type\":\"ImageObject\",\"inLanguage\":\"ar\",\"@id\":\"https:\\\/\\\/lequotidien.mr\\\/#\\\/schema\\\/logo\\\/image\\\/\",\"url\":\"https:\\\/\\\/lequotidien.mr\\\/wp-content\\\/uploads\\\/2022\\\/11\\\/logolequotidien.jpg\",\"contentUrl\":\"https:\\\/\\\/lequotidien.mr\\\/wp-content\\\/uploads\\\/2022\\\/11\\\/logolequotidien.jpg\",\"width\":290,\"height\":65,\"caption\":\"Le Quotidien de Nouakchott\"},\"image\":{\"@id\":\"https:\\\/\\\/lequotidien.mr\\\/#\\\/schema\\\/logo\\\/image\\\/\"},\"sameAs\":[\"https:\\\/\\\/web.facebook.com\\\/lequotidienmr\",\"https:\\\/\\\/x.com\\\/lequotidienmr\"]},{\"@type\":\"Person\",\"@id\":\"https:\\\/\\\/lequotidien.mr\\\/#\\\/schema\\\/person\\\/d2d350202a4d599685ed8abc25f97596\",\"name\":\"Med Ahmed\",\"image\":{\"@type\":\"ImageObject\",\"inLanguage\":\"ar\",\"@id\":\"https:\\\/\\\/secure.gravatar.com\\\/avatar\\\/fd2acc62ed50732923d1d39c17172c9b04149f142be92310ecc69e1358f94b52?s=96&d=mm&r=g\",\"url\":\"https:\\\/\\\/secure.gravatar.com\\\/avatar\\\/fd2acc62ed50732923d1d39c17172c9b04149f142be92310ecc69e1358f94b52?s=96&d=mm&r=g\",\"contentUrl\":\"https:\\\/\\\/secure.gravatar.com\\\/avatar\\\/fd2acc62ed50732923d1d39c17172c9b04149f142be92310ecc69e1358f94b52?s=96&d=mm&r=g\",\"caption\":\"Med Ahmed\"},\"url\":\"https:\\\/\\\/lequotidien.mr\\\/?author=12\"}]}<\/script>\n<!-- \/ Yoast SEO plugin. -->","yoast_head_json":{"title":"Visite d\u2019amiti\u00e9 et de travail du Premier ministre Espagnol en Mauritanie - Le Quotidien de Nouakchott","robots":{"index":"index","follow":"follow","max-snippet":"max-snippet:-1","max-image-preview":"max-image-preview:large","max-video-preview":"max-video-preview:-1"},"canonical":"https:\/\/lequotidien.mr\/?p=20820&lang=fr","og_locale":"ar_AR","og_type":"article","og_title":"Visite d\u2019amiti\u00e9 et de travail du Premier ministre Espagnol en Mauritanie - Le Quotidien de Nouakchott","og_description":"Le Pr\u00e9sident de la R\u00e9publique, SEM Mohamed Cheikh El Ghazouani, a accueilli mardi soir \u00e0 l\u2019a\u00e9roport international de Nouakchott le Premier ministre espagnol Pedro S\u00e1nchez, dans le cadre d\u2019une visite d\u2019amiti\u00e9 et de travail de deux jours. Cette visite, marqu\u00e9e par une atmosph\u00e8re chaleureuse et coop\u00e9rative, t\u00e9moigne du renforcement des relations entre la Mauritanie et.....","og_url":"https:\/\/lequotidien.mr\/?p=20820&lang=fr","og_site_name":"Le Quotidien de Nouakchott","article_publisher":"https:\/\/web.facebook.com\/lequotidienmr","article_published_time":"2024-08-27T23:27:38+00:00","og_image":[{"width":504,"height":430,"url":"https:\/\/lequotidien.mr\/wp-content\/uploads\/2024\/08\/photo-Ghazouani-et-le-PM-edspagnol.jpg","type":"image\/jpeg"}],"author":"Med Ahmed","twitter_card":"summary_large_image","twitter_creator":"@lequotidienmr","twitter_site":"@lequotidienmr","twitter_misc":{"\u0643\u064f\u062a\u0628 \u0628\u0648\u0627\u0633\u0637\u0629":"Med Ahmed","\u0648\u0642\u062a \u0627\u0644\u0642\u0631\u0627\u0621\u0629 \u0627\u0644\u0645\u064f\u0642\u062f\u0651\u0631":"\u062f\u0642\u064a\u0642\u062a\u0627\u0646"},"schema":{"@context":"https:\/\/schema.org","@graph":[{"@type":"Article","@id":"https:\/\/lequotidien.mr\/?p=20820&lang=fr#article","isPartOf":{"@id":"https:\/\/lequotidien.mr\/?p=20820&lang=fr"},"author":{"name":"Med Ahmed","@id":"https:\/\/lequotidien.mr\/#\/schema\/person\/d2d350202a4d599685ed8abc25f97596"},"headline":"Visite d\u2019amiti\u00e9 et de travail du Premier ministre Espagnol en Mauritanie","datePublished":"2024-08-27T23:27:38+00:00","mainEntityOfPage":{"@id":"https:\/\/lequotidien.mr\/?p=20820&lang=fr"},"wordCount":488,"commentCount":0,"publisher":{"@id":"https:\/\/lequotidien.mr\/#organization"},"image":{"@id":"https:\/\/lequotidien.mr\/?p=20820&lang=fr#primaryimage"},"thumbnailUrl":"https:\/\/lequotidien.mr\/wp-content\/uploads\/2024\/08\/photo-Ghazouani-et-le-PM-edspagnol.jpg","articleSection":["ACTUALIT\u00c9","Economie"],"inLanguage":"ar","potentialAction":[{"@type":"CommentAction","name":"Comment","target":["https:\/\/lequotidien.mr\/?p=20820&lang=fr#respond"]}]},{"@type":"WebPage","@id":"https:\/\/lequotidien.mr\/?p=20820&lang=fr","url":"https:\/\/lequotidien.mr\/?p=20820&lang=fr","name":"Visite d\u2019amiti\u00e9 et de travail du Premier ministre Espagnol en Mauritanie - Le Quotidien de Nouakchott","isPartOf":{"@id":"https:\/\/lequotidien.mr\/#website"},"primaryImageOfPage":{"@id":"https:\/\/lequotidien.mr\/?p=20820&lang=fr#primaryimage"},"image":{"@id":"https:\/\/lequotidien.mr\/?p=20820&lang=fr#primaryimage"},"thumbnailUrl":"https:\/\/lequotidien.mr\/wp-content\/uploads\/2024\/08\/photo-Ghazouani-et-le-PM-edspagnol.jpg","datePublished":"2024-08-27T23:27:38+00:00","breadcrumb":{"@id":"https:\/\/lequotidien.mr\/?p=20820&lang=fr#breadcrumb"},"inLanguage":"ar","potentialAction":[{"@type":"ReadAction","target":["https:\/\/lequotidien.mr\/?p=20820&lang=fr"]}]},{"@type":"ImageObject","inLanguage":"ar","@id":"https:\/\/lequotidien.mr\/?p=20820&lang=fr#primaryimage","url":"https:\/\/lequotidien.mr\/wp-content\/uploads\/2024\/08\/photo-Ghazouani-et-le-PM-edspagnol.jpg","contentUrl":"https:\/\/lequotidien.mr\/wp-content\/uploads\/2024\/08\/photo-Ghazouani-et-le-PM-edspagnol.jpg","width":504,"height":430},{"@type":"BreadcrumbList","@id":"https:\/\/lequotidien.mr\/?p=20820&lang=fr#breadcrumb","itemListElement":[{"@type":"ListItem","position":1,"name":"Home","item":"https:\/\/lequotidien.mr\/"},{"@type":"ListItem","position":2,"name":"Visite d\u2019amiti\u00e9 et de travail du Premier ministre Espagnol en Mauritanie"}]},{"@type":"WebSite","@id":"https:\/\/lequotidien.mr\/#website","url":"https:\/\/lequotidien.mr\/","name":"Le Quotidien de Nouakchott","description":"\u0625\u062e\u0628\u0627\u0631\u064a\u0629 \u0645\u0633\u062a\u0642\u0644\u0629 \u0644\u0644\u0623\u0646\u0628\u0627\u0621 \u0627\u0644\u0639\u0627\u0645\u0629","publisher":{"@id":"https:\/\/lequotidien.mr\/#organization"},"potentialAction":[{"@type":"SearchAction","target":{"@type":"EntryPoint","urlTemplate":"https:\/\/lequotidien.mr\/?s={search_term_string}"},"query-input":{"@type":"PropertyValueSpecification","valueRequired":true,"valueName":"search_term_string"}}],"inLanguage":"ar"},{"@type":"Organization","@id":"https:\/\/lequotidien.mr\/#organization","name":"Le Quotidien de Nouakchott","url":"https:\/\/lequotidien.mr\/","logo":{"@type":"ImageObject","inLanguage":"ar","@id":"https:\/\/lequotidien.mr\/#\/schema\/logo\/image\/","url":"https:\/\/lequotidien.mr\/wp-content\/uploads\/2022\/11\/logolequotidien.jpg","contentUrl":"https:\/\/lequotidien.mr\/wp-content\/uploads\/2022\/11\/logolequotidien.jpg","width":290,"height":65,"caption":"Le Quotidien de Nouakchott"},"image":{"@id":"https:\/\/lequotidien.mr\/#\/schema\/logo\/image\/"},"sameAs":["https:\/\/web.facebook.com\/lequotidienmr","https:\/\/x.com\/lequotidienmr"]},{"@type":"Person","@id":"https:\/\/lequotidien.mr\/#\/schema\/person\/d2d350202a4d599685ed8abc25f97596","name":"Med Ahmed","image":{"@type":"ImageObject","inLanguage":"ar","@id":"https:\/\/secure.gravatar.com\/avatar\/fd2acc62ed50732923d1d39c17172c9b04149f142be92310ecc69e1358f94b52?s=96&d=mm&r=g","url":"https:\/\/secure.gravatar.com\/avatar\/fd2acc62ed50732923d1d39c17172c9b04149f142be92310ecc69e1358f94b52?s=96&d=mm&r=g","contentUrl":"https:\/\/secure.gravatar.com\/avatar\/fd2acc62ed50732923d1d39c17172c9b04149f142be92310ecc69e1358f94b52?s=96&d=mm&r=g","caption":"Med Ahmed"},"url":"https:\/\/lequotidien.mr\/?author=12"}]}},"_links":{"self":[{"href":"https:\/\/lequotidien.mr\/index.php?rest_route=\/wp\/v2\/posts\/20820","targetHints":{"allow":["GET"]}}],"collection":[{"href":"https:\/\/lequotidien.mr\/index.php?rest_route=\/wp\/v2\/posts"}],"about":[{"href":"https:\/\/lequotidien.mr\/index.php?rest_route=\/wp\/v2\/types\/post"}],"author":[{"embeddable":true,"href":"https:\/\/lequotidien.mr\/index.php?rest_route=\/wp\/v2\/users\/12"}],"replies":[{"embeddable":true,"href":"https:\/\/lequotidien.mr\/index.php?rest_route=%2Fwp%2Fv2%2Fcomments&post=20820"}],"version-history":[{"count":1,"href":"https:\/\/lequotidien.mr\/index.php?rest_route=\/wp\/v2\/posts\/20820\/revisions"}],"predecessor-version":[{"id":20822,"href":"https:\/\/lequotidien.mr\/index.php?rest_route=\/wp\/v2\/posts\/20820\/revisions\/20822"}],"wp:featuredmedia":[{"embeddable":true,"href":"https:\/\/lequotidien.mr\/index.php?rest_route=\/wp\/v2\/media\/20821"}],"wp:attachment":[{"href":"https:\/\/lequotidien.mr\/index.php?rest_route=%2Fwp%2Fv2%2Fmedia&parent=20820"}],"wp:term":[{"taxonomy":"category","embeddable":true,"href":"https:\/\/lequotidien.mr\/index.php?rest_route=%2Fwp%2Fv2%2Fcategories&post=20820"},{"taxonomy":"post_tag","embeddable":true,"href":"https:\/\/lequotidien.mr\/index.php?rest_route=%2Fwp%2Fv2%2Ftags&post=20820"}],"curies":[{"name":"wp","href":"https:\/\/api.w.org\/{rel}","templated":true}]}}