{"id":20804,"date":"2024-08-27T10:05:07","date_gmt":"2024-08-27T10:05:07","guid":{"rendered":"https:\/\/lequotidien.mr\/?p=20804"},"modified":"2024-08-27T10:05:07","modified_gmt":"2024-08-27T10:05:07","slug":"le-ministere-de-lenseignement-superieur-et-de-la-recherche-scientifique-annonce-la-suspension-des-bourses-pour-les-etudiants-brillants-en-bac-pour-lannee-en-cours","status":"publish","type":"post","link":"https:\/\/lequotidien.mr\/?p=20804&lang=fr","title":{"rendered":"Le minist\u00e8re de l\u2019Enseignement sup\u00e9rieur et de la Recherche scientifique annonce la suspension des bourses pour les \u00e9tudiants brillants en bac pour l&#8217;ann\u00e9e en cours"},"content":{"rendered":"<p>Le minist\u00e8re de l\u2019Enseignement sup\u00e9rieur et de la Recherche scientifique a annonc\u00e9 aujourd&#8217;hui, lundi, la suspension des bourses pour les \u00e9tudiants brillants ayant obtenu leur baccalaur\u00e9at pour poursuivre leurs \u00e9tudes \u00e0 l\u2019\u00e9tranger cette ann\u00e9e.<\/p>\n<p>Dans un communiqu\u00e9, le minist\u00e8re a pr\u00e9cis\u00e9 que les bourses seront d\u00e9sormais r\u00e9serv\u00e9es aux niveaux de master et de doctorat. Cette d\u00e9cision s&#8217;inscrit dans le cadre d&#8217;une nouvelle approche visant \u00e0 renforcer l&#8217;autonomie de l&#8217;enseignement sup\u00e9rieur national et sa capacit\u00e9 \u00e0 accueillir tous les bacheliers, dont le taux de r\u00e9ussite a atteint 98,5 % l&#8217;ann\u00e9e derni\u00e8re.<\/p>\n<p>Le minist\u00e8re a ajout\u00e9 que cette mesure refl\u00e8te les progr\u00e8s significatifs r\u00e9alis\u00e9s dans le syst\u00e8me d\u2019enseignement sup\u00e9rieur en Mauritanie depuis 2019, y compris l&#8217;augmentation du nombre d\u2019\u00e9tablissements d\u2019enseignement, l&#8217;\u00e9largissement de leur capacit\u00e9 d&#8217;accueil, et l&#8217;am\u00e9lioration des conditions d&#8217;\u00e9tude pour les \u00e9tudiants. Ces \u00e9volutions contribuent \u00e0 renforcer les opportunit\u00e9s d&#8217;emploi pour les dipl\u00f4m\u00e9s et \u00e0 d\u00e9velopper les comp\u00e9tences nationales.<\/p>\n","protected":false},"excerpt":{"rendered":"<p>Le minist\u00e8re de l\u2019Enseignement sup\u00e9rieur et de la Recherche scientifique a annonc\u00e9 aujourd&#8217;hui, lundi, la suspension des bourses pour les \u00e9tudiants brillants ayant obtenu leur baccalaur\u00e9at pour poursuivre leurs \u00e9tudes \u00e0 l\u2019\u00e9tranger cette ann\u00e9e. Dans un communiqu\u00e9, le minist\u00e8re a pr\u00e9cis\u00e9 que les bourses seront d\u00e9sormais r\u00e9serv\u00e9es aux niveaux de master et de doctorat. Cette&#8230;..<\/p>\n","protected":false},"author":3,"featured_media":20805,"comment_status":"open","ping_status":"open","sticky":false,"template":"","format":"standard","meta":{"footnotes":""},"categories":[23,55],"tags":[],"class_list":["post-20804","post","type-post","status-publish","format-standard","has-post-thumbnail","hentry","category-actualite","category-culture"],"yoast_head":"<!-- This site is optimized with the Yoast SEO plugin v27.5 - https:\/\/yoast.com\/product\/yoast-seo-wordpress\/ -->\n<title>Le minist\u00e8re de l\u2019Enseignement sup\u00e9rieur et de la Recherche scientifique annonce la suspension des bourses pour les \u00e9tudiants brillants en bac pour l&#039;ann\u00e9e en cours - Le Quotidien de Nouakchott<\/title>\n<meta name=\"robots\" content=\"index, follow, max-snippet:-1, max-image-preview:large, max-video-preview:-1\" \/>\n<link rel=\"canonical\" href=\"https:\/\/lequotidien.mr\/?p=20804&lang=fr\" \/>\n<meta property=\"og:locale\" content=\"ar_AR\" \/>\n<meta property=\"og:type\" content=\"article\" \/>\n<meta property=\"og:title\" content=\"Le minist\u00e8re de l\u2019Enseignement sup\u00e9rieur et de la Recherche scientifique annonce la suspension des bourses pour les \u00e9tudiants brillants en bac pour l&#039;ann\u00e9e en cours - Le Quotidien de Nouakchott\" \/>\n<meta property=\"og:description\" content=\"Le minist\u00e8re de l\u2019Enseignement sup\u00e9rieur et de la Recherche scientifique a annonc\u00e9 aujourd&#8217;hui, lundi, la suspension des bourses pour les \u00e9tudiants brillants ayant obtenu leur baccalaur\u00e9at pour poursuivre leurs \u00e9tudes \u00e0 l\u2019\u00e9tranger cette ann\u00e9e. Dans un communiqu\u00e9, le minist\u00e8re a pr\u00e9cis\u00e9 que les bourses seront d\u00e9sormais r\u00e9serv\u00e9es aux niveaux de master et de doctorat. Cette.....\" \/>\n<meta property=\"og:url\" content=\"https:\/\/lequotidien.mr\/?p=20804&amp;lang=fr\" \/>\n<meta property=\"og:site_name\" content=\"Le Quotidien de Nouakchott\" \/>\n<meta property=\"article:publisher\" content=\"https:\/\/web.facebook.com\/lequotidienmr\" \/>\n<meta property=\"article:author\" content=\"https:\/\/web.facebook.com\/a.mleiwih\" \/>\n<meta property=\"article:published_time\" content=\"2024-08-27T10:05:07+00:00\" \/>\n<meta property=\"og:image\" content=\"https:\/\/lequotidien.mr\/wp-content\/uploads\/2024\/08\/IMG-20240826-WA0244.webp\" \/>\n\t<meta property=\"og:image:width\" content=\"730\" \/>\n\t<meta property=\"og:image:height\" content=\"438\" \/>\n\t<meta property=\"og:image:type\" content=\"image\/webp\" \/>\n<meta name=\"author\" content=\"Alioun M&#039;leiwih\" \/>\n<meta name=\"twitter:card\" content=\"summary_large_image\" \/>\n<meta name=\"twitter:creator\" content=\"@lequotidienmr\" \/>\n<meta name=\"twitter:site\" content=\"@lequotidienmr\" \/>\n<meta name=\"twitter:label1\" content=\"\u0643\u064f\u062a\u0628 \u0628\u0648\u0627\u0633\u0637\u0629\" \/>\n\t<meta name=\"twitter:data1\" content=\"Alioun M&#039;leiwih\" \/>\n\t<meta name=\"twitter:label2\" content=\"\u0648\u0642\u062a \u0627\u0644\u0642\u0631\u0627\u0621\u0629 \u0627\u0644\u0645\u064f\u0642\u062f\u0651\u0631\" \/>\n\t<meta name=\"twitter:data2\" content=\"\u062f\u0642\u064a\u0642\u0629 \u0648\u0627\u062d\u062f\u0629\" \/>\n<script type=\"application\/ld+json\" class=\"yoast-schema-graph\">{\"@context\":\"https:\\\/\\\/schema.org\",\"@graph\":[{\"@type\":\"Article\",\"@id\":\"https:\\\/\\\/lequotidien.mr\\\/?p=20804&lang=fr#article\",\"isPartOf\":{\"@id\":\"https:\\\/\\\/lequotidien.mr\\\/?p=20804&lang=fr\"},\"author\":{\"name\":\"Alioun M'leiwih\",\"@id\":\"https:\\\/\\\/lequotidien.mr\\\/#\\\/schema\\\/person\\\/69d1518c74c9137087929a20b1272cb0\"},\"headline\":\"Le minist\u00e8re de l\u2019Enseignement sup\u00e9rieur et de la Recherche scientifique annonce la suspension des bourses pour les \u00e9tudiants brillants en bac pour l&#8217;ann\u00e9e en cours\",\"datePublished\":\"2024-08-27T10:05:07+00:00\",\"mainEntityOfPage\":{\"@id\":\"https:\\\/\\\/lequotidien.mr\\\/?p=20804&lang=fr\"},\"wordCount\":214,\"commentCount\":0,\"publisher\":{\"@id\":\"https:\\\/\\\/lequotidien.mr\\\/#organization\"},\"image\":{\"@id\":\"https:\\\/\\\/lequotidien.mr\\\/?p=20804&lang=fr#primaryimage\"},\"thumbnailUrl\":\"https:\\\/\\\/lequotidien.mr\\\/wp-content\\\/uploads\\\/2024\\\/08\\\/IMG-20240826-WA0244.webp\",\"articleSection\":[\"ACTUALIT\u00c9\",\"Culture\"],\"inLanguage\":\"ar\",\"potentialAction\":[{\"@type\":\"CommentAction\",\"name\":\"Comment\",\"target\":[\"https:\\\/\\\/lequotidien.mr\\\/?p=20804&lang=fr#respond\"]}]},{\"@type\":\"WebPage\",\"@id\":\"https:\\\/\\\/lequotidien.mr\\\/?p=20804&lang=fr\",\"url\":\"https:\\\/\\\/lequotidien.mr\\\/?p=20804&lang=fr\",\"name\":\"Le minist\u00e8re de l\u2019Enseignement sup\u00e9rieur et de la Recherche scientifique annonce la suspension des bourses pour les \u00e9tudiants brillants en bac pour l'ann\u00e9e en cours - Le Quotidien de Nouakchott\",\"isPartOf\":{\"@id\":\"https:\\\/\\\/lequotidien.mr\\\/#website\"},\"primaryImageOfPage\":{\"@id\":\"https:\\\/\\\/lequotidien.mr\\\/?p=20804&lang=fr#primaryimage\"},\"image\":{\"@id\":\"https:\\\/\\\/lequotidien.mr\\\/?p=20804&lang=fr#primaryimage\"},\"thumbnailUrl\":\"https:\\\/\\\/lequotidien.mr\\\/wp-content\\\/uploads\\\/2024\\\/08\\\/IMG-20240826-WA0244.webp\",\"datePublished\":\"2024-08-27T10:05:07+00:00\",\"breadcrumb\":{\"@id\":\"https:\\\/\\\/lequotidien.mr\\\/?p=20804&lang=fr#breadcrumb\"},\"inLanguage\":\"ar\",\"potentialAction\":[{\"@type\":\"ReadAction\",\"target\":[\"https:\\\/\\\/lequotidien.mr\\\/?p=20804&lang=fr\"]}]},{\"@type\":\"ImageObject\",\"inLanguage\":\"ar\",\"@id\":\"https:\\\/\\\/lequotidien.mr\\\/?p=20804&lang=fr#primaryimage\",\"url\":\"https:\\\/\\\/lequotidien.mr\\\/wp-content\\\/uploads\\\/2024\\\/08\\\/IMG-20240826-WA0244.webp\",\"contentUrl\":\"https:\\\/\\\/lequotidien.mr\\\/wp-content\\\/uploads\\\/2024\\\/08\\\/IMG-20240826-WA0244.webp\",\"width\":730,\"height\":438},{\"@type\":\"BreadcrumbList\",\"@id\":\"https:\\\/\\\/lequotidien.mr\\\/?p=20804&lang=fr#breadcrumb\",\"itemListElement\":[{\"@type\":\"ListItem\",\"position\":1,\"name\":\"Home\",\"item\":\"https:\\\/\\\/lequotidien.mr\\\/\"},{\"@type\":\"ListItem\",\"position\":2,\"name\":\"Le minist\u00e8re de l\u2019Enseignement sup\u00e9rieur et de la Recherche scientifique annonce la suspension des bourses pour les \u00e9tudiants brillants en bac pour l&#8217;ann\u00e9e en cours\"}]},{\"@type\":\"WebSite\",\"@id\":\"https:\\\/\\\/lequotidien.mr\\\/#website\",\"url\":\"https:\\\/\\\/lequotidien.mr\\\/\",\"name\":\"Le Quotidien de Nouakchott\",\"description\":\"\u0625\u062e\u0628\u0627\u0631\u064a\u0629 \u0645\u0633\u062a\u0642\u0644\u0629 \u0644\u0644\u0623\u0646\u0628\u0627\u0621 \u0627\u0644\u0639\u0627\u0645\u0629\",\"publisher\":{\"@id\":\"https:\\\/\\\/lequotidien.mr\\\/#organization\"},\"potentialAction\":[{\"@type\":\"SearchAction\",\"target\":{\"@type\":\"EntryPoint\",\"urlTemplate\":\"https:\\\/\\\/lequotidien.mr\\\/?s={search_term_string}\"},\"query-input\":{\"@type\":\"PropertyValueSpecification\",\"valueRequired\":true,\"valueName\":\"search_term_string\"}}],\"inLanguage\":\"ar\"},{\"@type\":\"Organization\",\"@id\":\"https:\\\/\\\/lequotidien.mr\\\/#organization\",\"name\":\"Le Quotidien de Nouakchott\",\"url\":\"https:\\\/\\\/lequotidien.mr\\\/\",\"logo\":{\"@type\":\"ImageObject\",\"inLanguage\":\"ar\",\"@id\":\"https:\\\/\\\/lequotidien.mr\\\/#\\\/schema\\\/logo\\\/image\\\/\",\"url\":\"https:\\\/\\\/lequotidien.mr\\\/wp-content\\\/uploads\\\/2022\\\/11\\\/logolequotidien.jpg\",\"contentUrl\":\"https:\\\/\\\/lequotidien.mr\\\/wp-content\\\/uploads\\\/2022\\\/11\\\/logolequotidien.jpg\",\"width\":290,\"height\":65,\"caption\":\"Le Quotidien de Nouakchott\"},\"image\":{\"@id\":\"https:\\\/\\\/lequotidien.mr\\\/#\\\/schema\\\/logo\\\/image\\\/\"},\"sameAs\":[\"https:\\\/\\\/web.facebook.com\\\/lequotidienmr\",\"https:\\\/\\\/x.com\\\/lequotidienmr\"]},{\"@type\":\"Person\",\"@id\":\"https:\\\/\\\/lequotidien.mr\\\/#\\\/schema\\\/person\\\/69d1518c74c9137087929a20b1272cb0\",\"name\":\"Alioun M'leiwih\",\"image\":{\"@type\":\"ImageObject\",\"inLanguage\":\"ar\",\"@id\":\"https:\\\/\\\/secure.gravatar.com\\\/avatar\\\/01f9d357222d7d4ca8f71662f4b081718f06d25b11fc45662ecca0622d507e51?s=96&d=mm&r=g\",\"url\":\"https:\\\/\\\/secure.gravatar.com\\\/avatar\\\/01f9d357222d7d4ca8f71662f4b081718f06d25b11fc45662ecca0622d507e51?s=96&d=mm&r=g\",\"contentUrl\":\"https:\\\/\\\/secure.gravatar.com\\\/avatar\\\/01f9d357222d7d4ca8f71662f4b081718f06d25b11fc45662ecca0622d507e51?s=96&d=mm&r=g\",\"caption\":\"Alioun M'leiwih\"},\"sameAs\":[\"https:\\\/\\\/lequotidien.mr\\\/\",\"https:\\\/\\\/web.facebook.com\\\/a.mleiwih\",\"https:\\\/\\\/www.linkedin.com\\\/in\\\/alimlewih\\\/\"],\"url\":\"https:\\\/\\\/lequotidien.mr\\\/?author=3\"}]}<\/script>\n<!-- \/ Yoast SEO plugin. -->","yoast_head_json":{"title":"Le minist\u00e8re de l\u2019Enseignement sup\u00e9rieur et de la Recherche scientifique annonce la suspension des bourses pour les \u00e9tudiants brillants en bac pour l'ann\u00e9e en cours - Le Quotidien de Nouakchott","robots":{"index":"index","follow":"follow","max-snippet":"max-snippet:-1","max-image-preview":"max-image-preview:large","max-video-preview":"max-video-preview:-1"},"canonical":"https:\/\/lequotidien.mr\/?p=20804&lang=fr","og_locale":"ar_AR","og_type":"article","og_title":"Le minist\u00e8re de l\u2019Enseignement sup\u00e9rieur et de la Recherche scientifique annonce la suspension des bourses pour les \u00e9tudiants brillants en bac pour l'ann\u00e9e en cours - Le Quotidien de Nouakchott","og_description":"Le minist\u00e8re de l\u2019Enseignement sup\u00e9rieur et de la Recherche scientifique a annonc\u00e9 aujourd&#8217;hui, lundi, la suspension des bourses pour les \u00e9tudiants brillants ayant obtenu leur baccalaur\u00e9at pour poursuivre leurs \u00e9tudes \u00e0 l\u2019\u00e9tranger cette ann\u00e9e. Dans un communiqu\u00e9, le minist\u00e8re a pr\u00e9cis\u00e9 que les bourses seront d\u00e9sormais r\u00e9serv\u00e9es aux niveaux de master et de doctorat. Cette.....","og_url":"https:\/\/lequotidien.mr\/?p=20804&lang=fr","og_site_name":"Le Quotidien de Nouakchott","article_publisher":"https:\/\/web.facebook.com\/lequotidienmr","article_author":"https:\/\/web.facebook.com\/a.mleiwih","article_published_time":"2024-08-27T10:05:07+00:00","og_image":[{"width":730,"height":438,"url":"https:\/\/lequotidien.mr\/wp-content\/uploads\/2024\/08\/IMG-20240826-WA0244.webp","type":"image\/webp"}],"author":"Alioun M'leiwih","twitter_card":"summary_large_image","twitter_creator":"@lequotidienmr","twitter_site":"@lequotidienmr","twitter_misc":{"\u0643\u064f\u062a\u0628 \u0628\u0648\u0627\u0633\u0637\u0629":"Alioun M'leiwih","\u0648\u0642\u062a \u0627\u0644\u0642\u0631\u0627\u0621\u0629 \u0627\u0644\u0645\u064f\u0642\u062f\u0651\u0631":"\u062f\u0642\u064a\u0642\u0629 \u0648\u0627\u062d\u062f\u0629"},"schema":{"@context":"https:\/\/schema.org","@graph":[{"@type":"Article","@id":"https:\/\/lequotidien.mr\/?p=20804&lang=fr#article","isPartOf":{"@id":"https:\/\/lequotidien.mr\/?p=20804&lang=fr"},"author":{"name":"Alioun M'leiwih","@id":"https:\/\/lequotidien.mr\/#\/schema\/person\/69d1518c74c9137087929a20b1272cb0"},"headline":"Le minist\u00e8re de l\u2019Enseignement sup\u00e9rieur et de la Recherche scientifique annonce la suspension des bourses pour les \u00e9tudiants brillants en bac pour l&#8217;ann\u00e9e en cours","datePublished":"2024-08-27T10:05:07+00:00","mainEntityOfPage":{"@id":"https:\/\/lequotidien.mr\/?p=20804&lang=fr"},"wordCount":214,"commentCount":0,"publisher":{"@id":"https:\/\/lequotidien.mr\/#organization"},"image":{"@id":"https:\/\/lequotidien.mr\/?p=20804&lang=fr#primaryimage"},"thumbnailUrl":"https:\/\/lequotidien.mr\/wp-content\/uploads\/2024\/08\/IMG-20240826-WA0244.webp","articleSection":["ACTUALIT\u00c9","Culture"],"inLanguage":"ar","potentialAction":[{"@type":"CommentAction","name":"Comment","target":["https:\/\/lequotidien.mr\/?p=20804&lang=fr#respond"]}]},{"@type":"WebPage","@id":"https:\/\/lequotidien.mr\/?p=20804&lang=fr","url":"https:\/\/lequotidien.mr\/?p=20804&lang=fr","name":"Le minist\u00e8re de l\u2019Enseignement sup\u00e9rieur et de la Recherche scientifique annonce la suspension des bourses pour les \u00e9tudiants brillants en bac pour l'ann\u00e9e en cours - Le Quotidien de Nouakchott","isPartOf":{"@id":"https:\/\/lequotidien.mr\/#website"},"primaryImageOfPage":{"@id":"https:\/\/lequotidien.mr\/?p=20804&lang=fr#primaryimage"},"image":{"@id":"https:\/\/lequotidien.mr\/?p=20804&lang=fr#primaryimage"},"thumbnailUrl":"https:\/\/lequotidien.mr\/wp-content\/uploads\/2024\/08\/IMG-20240826-WA0244.webp","datePublished":"2024-08-27T10:05:07+00:00","breadcrumb":{"@id":"https:\/\/lequotidien.mr\/?p=20804&lang=fr#breadcrumb"},"inLanguage":"ar","potentialAction":[{"@type":"ReadAction","target":["https:\/\/lequotidien.mr\/?p=20804&lang=fr"]}]},{"@type":"ImageObject","inLanguage":"ar","@id":"https:\/\/lequotidien.mr\/?p=20804&lang=fr#primaryimage","url":"https:\/\/lequotidien.mr\/wp-content\/uploads\/2024\/08\/IMG-20240826-WA0244.webp","contentUrl":"https:\/\/lequotidien.mr\/wp-content\/uploads\/2024\/08\/IMG-20240826-WA0244.webp","width":730,"height":438},{"@type":"BreadcrumbList","@id":"https:\/\/lequotidien.mr\/?p=20804&lang=fr#breadcrumb","itemListElement":[{"@type":"ListItem","position":1,"name":"Home","item":"https:\/\/lequotidien.mr\/"},{"@type":"ListItem","position":2,"name":"Le minist\u00e8re de l\u2019Enseignement sup\u00e9rieur et de la Recherche scientifique annonce la suspension des bourses pour les \u00e9tudiants brillants en bac pour l&#8217;ann\u00e9e en cours"}]},{"@type":"WebSite","@id":"https:\/\/lequotidien.mr\/#website","url":"https:\/\/lequotidien.mr\/","name":"Le Quotidien de Nouakchott","description":"\u0625\u062e\u0628\u0627\u0631\u064a\u0629 \u0645\u0633\u062a\u0642\u0644\u0629 \u0644\u0644\u0623\u0646\u0628\u0627\u0621 \u0627\u0644\u0639\u0627\u0645\u0629","publisher":{"@id":"https:\/\/lequotidien.mr\/#organization"},"potentialAction":[{"@type":"SearchAction","target":{"@type":"EntryPoint","urlTemplate":"https:\/\/lequotidien.mr\/?s={search_term_string}"},"query-input":{"@type":"PropertyValueSpecification","valueRequired":true,"valueName":"search_term_string"}}],"inLanguage":"ar"},{"@type":"Organization","@id":"https:\/\/lequotidien.mr\/#organization","name":"Le Quotidien de Nouakchott","url":"https:\/\/lequotidien.mr\/","logo":{"@type":"ImageObject","inLanguage":"ar","@id":"https:\/\/lequotidien.mr\/#\/schema\/logo\/image\/","url":"https:\/\/lequotidien.mr\/wp-content\/uploads\/2022\/11\/logolequotidien.jpg","contentUrl":"https:\/\/lequotidien.mr\/wp-content\/uploads\/2022\/11\/logolequotidien.jpg","width":290,"height":65,"caption":"Le Quotidien de Nouakchott"},"image":{"@id":"https:\/\/lequotidien.mr\/#\/schema\/logo\/image\/"},"sameAs":["https:\/\/web.facebook.com\/lequotidienmr","https:\/\/x.com\/lequotidienmr"]},{"@type":"Person","@id":"https:\/\/lequotidien.mr\/#\/schema\/person\/69d1518c74c9137087929a20b1272cb0","name":"Alioun M'leiwih","image":{"@type":"ImageObject","inLanguage":"ar","@id":"https:\/\/secure.gravatar.com\/avatar\/01f9d357222d7d4ca8f71662f4b081718f06d25b11fc45662ecca0622d507e51?s=96&d=mm&r=g","url":"https:\/\/secure.gravatar.com\/avatar\/01f9d357222d7d4ca8f71662f4b081718f06d25b11fc45662ecca0622d507e51?s=96&d=mm&r=g","contentUrl":"https:\/\/secure.gravatar.com\/avatar\/01f9d357222d7d4ca8f71662f4b081718f06d25b11fc45662ecca0622d507e51?s=96&d=mm&r=g","caption":"Alioun M'leiwih"},"sameAs":["https:\/\/lequotidien.mr\/","https:\/\/web.facebook.com\/a.mleiwih","https:\/\/www.linkedin.com\/in\/alimlewih\/"],"url":"https:\/\/lequotidien.mr\/?author=3"}]}},"_links":{"self":[{"href":"https:\/\/lequotidien.mr\/index.php?rest_route=\/wp\/v2\/posts\/20804","targetHints":{"allow":["GET"]}}],"collection":[{"href":"https:\/\/lequotidien.mr\/index.php?rest_route=\/wp\/v2\/posts"}],"about":[{"href":"https:\/\/lequotidien.mr\/index.php?rest_route=\/wp\/v2\/types\/post"}],"author":[{"embeddable":true,"href":"https:\/\/lequotidien.mr\/index.php?rest_route=\/wp\/v2\/users\/3"}],"replies":[{"embeddable":true,"href":"https:\/\/lequotidien.mr\/index.php?rest_route=%2Fwp%2Fv2%2Fcomments&post=20804"}],"version-history":[{"count":1,"href":"https:\/\/lequotidien.mr\/index.php?rest_route=\/wp\/v2\/posts\/20804\/revisions"}],"predecessor-version":[{"id":20806,"href":"https:\/\/lequotidien.mr\/index.php?rest_route=\/wp\/v2\/posts\/20804\/revisions\/20806"}],"wp:featuredmedia":[{"embeddable":true,"href":"https:\/\/lequotidien.mr\/index.php?rest_route=\/wp\/v2\/media\/20805"}],"wp:attachment":[{"href":"https:\/\/lequotidien.mr\/index.php?rest_route=%2Fwp%2Fv2%2Fmedia&parent=20804"}],"wp:term":[{"taxonomy":"category","embeddable":true,"href":"https:\/\/lequotidien.mr\/index.php?rest_route=%2Fwp%2Fv2%2Fcategories&post=20804"},{"taxonomy":"post_tag","embeddable":true,"href":"https:\/\/lequotidien.mr\/index.php?rest_route=%2Fwp%2Fv2%2Ftags&post=20804"}],"curies":[{"name":"wp","href":"https:\/\/api.w.org\/{rel}","templated":true}]}}