{"id":20757,"date":"2024-08-26T11:20:27","date_gmt":"2024-08-26T11:20:27","guid":{"rendered":"https:\/\/lequotidien.mr\/?p=20757"},"modified":"2024-08-26T11:20:27","modified_gmt":"2024-08-26T11:20:27","slug":"le-mali-en-pleine-tourmente-inondations-tensions-diplomatiques-et-violences-croissantes","status":"publish","type":"post","link":"https:\/\/lequotidien.mr\/?p=20757&lang=fr","title":{"rendered":"\u00a0Le Mali en pleine tourmente : Inondations, tensions diplomatiques et violences croissantes"},"content":{"rendered":"<p>Le Mali est plong\u00e9 dans une crise complexe qui combine des catastrophes naturelles, des tensions diplomatiques et des violences croissantes, exacerbant une situation d\u00e9j\u00e0 pr\u00e9caire.<\/p>\n<p>Le gouvernement malien, dirig\u00e9 par le colonel Assimi Goita, a r\u00e9cemment d\u00e9clar\u00e9 l\u2019\u00e9tat de catastrophe nationale en r\u00e9ponse \u00e0 des inondations d\u00e9vastatrices provoqu\u00e9es par des pluies torrentielles. Depuis le d\u00e9but de la saison des pluies jusqu&#8217;au 22 ao\u00fbt 2024, le pays a enregistr\u00e9 122 cas d&#8217;inondations affectant 7.077 m\u00e9nages et environ 47.374 personnes. Ces catastrophes ont caus\u00e9 la mort de 30 personnes et ont entra\u00een\u00e9 des effondrements de maisons ainsi que des ph\u00e9nom\u00e8nes climatiques extr\u00eames.<\/p>\n<p>Pour faire face \u00e0 cette crise, le gouvernement malien a mobilis\u00e9 4 milliards de FCFA (environ 6 millions de dollars) pour soutenir les sinistr\u00e9s. Ces fonds seront utilis\u00e9s pour renforcer les stocks alimentaires et non alimentaires afin de pr\u00e9venir les \u00e9pid\u00e9mies telles que le chol\u00e9ra, et pour fournir des \u00e9quipements de secours. Assa Badiallo Tour\u00e9, ministre de la Sant\u00e9 et du D\u00e9veloppement social, a soulign\u00e9 l&#8217;urgence de cette aide pour \u00e9viter une aggravation de la situation humanitaire.<\/p>\n<p>Dans ce contexte de d\u00e9tresse, le pr\u00e9sident mauritanien Mohamed Ould Ghazouani a exprim\u00e9 sa solidarit\u00e9 avec le Mali. Dans une d\u00e9claration faite ce dimanche, il a assur\u00e9 que la Mauritanie est pr\u00eate \u00e0 fournir toute l&#8217;aide n\u00e9cessaire pour &#8220;soulager les souffrances du peuple malien&#8221; en cette p\u00e9riode de &#8220;catastrophe naturelle&#8221;. En tant que pr\u00e9sident de l&#8217;Union Africaine, Ould Ghazouani a \u00e9galement exprim\u00e9 son soutien total aux efforts maliens pour faire face \u00e0 cette crise.<\/p>\n<p>Parall\u00e8lement, les tensions diplomatiques entre le Mali et la France se sont intensifi\u00e9es. Les autorit\u00e9s maliennes ont suspendu la cha\u00eene de t\u00e9l\u00e9vision fran\u00e7aise LCI pour une p\u00e9riode de deux mois \u00e0 compter du 23 ao\u00fbt 2024. Cette d\u00e9cision fait suite \u00e0 la diffusion le 27 juillet d&#8217;une \u00e9mission intitul\u00e9e \u00ab Wagner d\u00e9cim\u00e9 au Mali : la main de Kiev \u00bb, dans laquelle le colonel Michel Goya a \u00e9t\u00e9 accus\u00e9 de faire des d\u00e9clarations d\u00e9nigrantes et de fausses accusations contre les forces arm\u00e9es maliennes et leurs partenaires russes. La Haute Autorit\u00e9 de la Communication (HAC) malienne reproche \u00e9galement \u00e0 LCI d\u2019avoir incit\u00e9 \u00e0 soutenir le terrorisme sous pr\u00e9texte de soutenir l&#8217;Ukraine contre la Russie.<\/p>\n<p>La situation au Mali est aggrav\u00e9e par une mont\u00e9e des violences. Des informations r\u00e9centes rapportent que 20 personnes, dont des enfants, ont \u00e9t\u00e9 tu\u00e9es dimanche \u00e0 Tinzawatene, dans le nord du pays, par des frappes de drones. Ces attaques seraient attribu\u00e9es \u00e0 l\u2019arm\u00e9e malienne et aux mercenaires russes du groupe Wagner, utilisant des drones lanc\u00e9s depuis le Burkina Faso. Cette nouvelle vague de violence a \u00e9t\u00e9 confirm\u00e9e par une organisation non gouvernementale locale et a suscit\u00e9 des r\u00e9actions internationales.<\/p>\n<p>Les moudjahidines touaregs affirment avoir inflig\u00e9 des pertes importantes aux forces maliennes et aux mercenaires russes en juillet, avec des bilans de 84 mercenaires de Wagner et 47 soldats maliens tu\u00e9s. Les violences ont \u00e9galement \u00e9t\u00e9 attribu\u00e9es \u00e0 des groupes affili\u00e9s \u00e0 Al-Qa\u00efda.<\/p>\n<p>En r\u00e9ponse, l\u2019arm\u00e9e malienne a intensifi\u00e9 ses frappes a\u00e9riennes dans la r\u00e9gion, entra\u00eenant des pertes civiles, notamment parmi les travailleurs des mines d\u2019or. Cette escalade a \u00e9t\u00e9 marqu\u00e9e par une d\u00e9claration du Premier ministre malien, Choguel Kokalla Ma\u00efga, qui a affirm\u00e9 que malgr\u00e9 la perte de la bataille de Tinzawatene, le Mali ne perdra pas la guerre contre les terroristes.<\/p>\n<p>Le ministre russe des Affaires \u00e9trang\u00e8res, Sergue\u00ef Lavrov, a exprim\u00e9 le soutien de Moscou \u00e0 Bamako apr\u00e8s ces revers.<\/p>\n<p>Le Mali est confront\u00e9 \u00e0 une crise multidimensionnelle avec des inondations d\u00e9vastatrices, des tensions diplomatiques croissantes et une escalade de violences. La combinaison de ces d\u00e9fis complique gravement la gestion de la situation humanitaire et la stabilit\u00e9 politique du pays. Les efforts internationaux et r\u00e9gionaux seront cruciaux pour soutenir le Mali dans cette p\u00e9riode de turbulences et pour aider \u00e0 restaurer la paix et la s\u00e9curit\u00e9 dans la r\u00e9gion.<\/p>\n<p>&nbsp;<\/p>\n","protected":false},"excerpt":{"rendered":"<p>Le Mali est plong\u00e9 dans une crise complexe qui combine des catastrophes naturelles, des tensions diplomatiques et des violences croissantes, exacerbant une situation d\u00e9j\u00e0 pr\u00e9caire. Le gouvernement malien, dirig\u00e9 par le colonel Assimi Goita, a r\u00e9cemment d\u00e9clar\u00e9 l\u2019\u00e9tat de catastrophe nationale en r\u00e9ponse \u00e0 des inondations d\u00e9vastatrices provoqu\u00e9es par des pluies torrentielles. Depuis le d\u00e9but&#8230;..<\/p>\n","protected":false},"author":4,"featured_media":20758,"comment_status":"open","ping_status":"open","sticky":false,"template":"","format":"standard","meta":{"footnotes":""},"categories":[23,57],"tags":[],"class_list":["post-20757","post","type-post","status-publish","format-standard","has-post-thumbnail","hentry","category-actualite","category-couverture-specilale"],"yoast_head":"<!-- This site is optimized with the Yoast SEO plugin v27.5 - https:\/\/yoast.com\/product\/yoast-seo-wordpress\/ -->\n<title>\u00a0Le Mali en pleine tourmente : Inondations, tensions diplomatiques et violences croissantes - Le Quotidien de Nouakchott<\/title>\n<meta name=\"robots\" content=\"index, follow, max-snippet:-1, max-image-preview:large, max-video-preview:-1\" \/>\n<link rel=\"canonical\" href=\"https:\/\/lequotidien.mr\/?p=20757&lang=fr\" \/>\n<meta property=\"og:locale\" content=\"ar_AR\" \/>\n<meta property=\"og:type\" content=\"article\" \/>\n<meta property=\"og:title\" content=\"\u00a0Le Mali en pleine tourmente : Inondations, tensions diplomatiques et violences croissantes - Le Quotidien de Nouakchott\" \/>\n<meta property=\"og:description\" content=\"Le Mali est plong\u00e9 dans une crise complexe qui combine des catastrophes naturelles, des tensions diplomatiques et des violences croissantes, exacerbant une situation d\u00e9j\u00e0 pr\u00e9caire. Le gouvernement malien, dirig\u00e9 par le colonel Assimi Goita, a r\u00e9cemment d\u00e9clar\u00e9 l\u2019\u00e9tat de catastrophe nationale en r\u00e9ponse \u00e0 des inondations d\u00e9vastatrices provoqu\u00e9es par des pluies torrentielles. Depuis le d\u00e9but.....\" \/>\n<meta property=\"og:url\" content=\"https:\/\/lequotidien.mr\/?p=20757&amp;lang=fr\" \/>\n<meta property=\"og:site_name\" content=\"Le Quotidien de Nouakchott\" \/>\n<meta property=\"article:publisher\" content=\"https:\/\/web.facebook.com\/lequotidienmr\" \/>\n<meta property=\"article:published_time\" content=\"2024-08-26T11:20:27+00:00\" \/>\n<meta property=\"og:image\" content=\"https:\/\/lequotidien.mr\/wp-content\/uploads\/2024\/08\/w1280-p1x1-2024-07-10T170721Z_1810690100_RC2PP8AKPK9R_RTRMADP_3_MALI-RUSSIA-NUCLEARPOWER.jpg\" \/>\n\t<meta property=\"og:image:width\" content=\"1280\" \/>\n\t<meta property=\"og:image:height\" content=\"1280\" \/>\n\t<meta property=\"og:image:type\" content=\"image\/jpeg\" \/>\n<meta name=\"author\" content=\"Le Quotidien\" \/>\n<meta name=\"twitter:card\" content=\"summary_large_image\" \/>\n<meta name=\"twitter:creator\" content=\"@lequotidienmr\" \/>\n<meta name=\"twitter:site\" content=\"@lequotidienmr\" \/>\n<meta name=\"twitter:label1\" content=\"\u0643\u064f\u062a\u0628 \u0628\u0648\u0627\u0633\u0637\u0629\" \/>\n\t<meta name=\"twitter:data1\" content=\"Le Quotidien\" \/>\n\t<meta name=\"twitter:label2\" content=\"\u0648\u0642\u062a \u0627\u0644\u0642\u0631\u0627\u0621\u0629 \u0627\u0644\u0645\u064f\u0642\u062f\u0651\u0631\" \/>\n\t<meta name=\"twitter:data2\" content=\"3 \u062f\u0642\u0627\u0626\u0642\" \/>\n<script type=\"application\/ld+json\" class=\"yoast-schema-graph\">{\"@context\":\"https:\\\/\\\/schema.org\",\"@graph\":[{\"@type\":\"Article\",\"@id\":\"https:\\\/\\\/lequotidien.mr\\\/?p=20757&lang=fr#article\",\"isPartOf\":{\"@id\":\"https:\\\/\\\/lequotidien.mr\\\/?p=20757&lang=fr\"},\"author\":{\"name\":\"Le Quotidien\",\"@id\":\"https:\\\/\\\/lequotidien.mr\\\/#\\\/schema\\\/person\\\/f90fcdaa970c60288de4ed2e64a56472\"},\"headline\":\"\u00a0Le Mali en pleine tourmente : Inondations, tensions diplomatiques et violences croissantes\",\"datePublished\":\"2024-08-26T11:20:27+00:00\",\"mainEntityOfPage\":{\"@id\":\"https:\\\/\\\/lequotidien.mr\\\/?p=20757&lang=fr\"},\"wordCount\":698,\"commentCount\":0,\"publisher\":{\"@id\":\"https:\\\/\\\/lequotidien.mr\\\/#organization\"},\"image\":{\"@id\":\"https:\\\/\\\/lequotidien.mr\\\/?p=20757&lang=fr#primaryimage\"},\"thumbnailUrl\":\"https:\\\/\\\/lequotidien.mr\\\/wp-content\\\/uploads\\\/2024\\\/08\\\/w1280-p1x1-2024-07-10T170721Z_1810690100_RC2PP8AKPK9R_RTRMADP_3_MALI-RUSSIA-NUCLEARPOWER.jpg\",\"articleSection\":[\"ACTUALIT\u00c9\",\"Couverture sp\u00e9cilale\"],\"inLanguage\":\"ar\",\"potentialAction\":[{\"@type\":\"CommentAction\",\"name\":\"Comment\",\"target\":[\"https:\\\/\\\/lequotidien.mr\\\/?p=20757&lang=fr#respond\"]}]},{\"@type\":\"WebPage\",\"@id\":\"https:\\\/\\\/lequotidien.mr\\\/?p=20757&lang=fr\",\"url\":\"https:\\\/\\\/lequotidien.mr\\\/?p=20757&lang=fr\",\"name\":\"\u00a0Le Mali en pleine tourmente : Inondations, tensions diplomatiques et violences croissantes - Le Quotidien de Nouakchott\",\"isPartOf\":{\"@id\":\"https:\\\/\\\/lequotidien.mr\\\/#website\"},\"primaryImageOfPage\":{\"@id\":\"https:\\\/\\\/lequotidien.mr\\\/?p=20757&lang=fr#primaryimage\"},\"image\":{\"@id\":\"https:\\\/\\\/lequotidien.mr\\\/?p=20757&lang=fr#primaryimage\"},\"thumbnailUrl\":\"https:\\\/\\\/lequotidien.mr\\\/wp-content\\\/uploads\\\/2024\\\/08\\\/w1280-p1x1-2024-07-10T170721Z_1810690100_RC2PP8AKPK9R_RTRMADP_3_MALI-RUSSIA-NUCLEARPOWER.jpg\",\"datePublished\":\"2024-08-26T11:20:27+00:00\",\"breadcrumb\":{\"@id\":\"https:\\\/\\\/lequotidien.mr\\\/?p=20757&lang=fr#breadcrumb\"},\"inLanguage\":\"ar\",\"potentialAction\":[{\"@type\":\"ReadAction\",\"target\":[\"https:\\\/\\\/lequotidien.mr\\\/?p=20757&lang=fr\"]}]},{\"@type\":\"ImageObject\",\"inLanguage\":\"ar\",\"@id\":\"https:\\\/\\\/lequotidien.mr\\\/?p=20757&lang=fr#primaryimage\",\"url\":\"https:\\\/\\\/lequotidien.mr\\\/wp-content\\\/uploads\\\/2024\\\/08\\\/w1280-p1x1-2024-07-10T170721Z_1810690100_RC2PP8AKPK9R_RTRMADP_3_MALI-RUSSIA-NUCLEARPOWER.jpg\",\"contentUrl\":\"https:\\\/\\\/lequotidien.mr\\\/wp-content\\\/uploads\\\/2024\\\/08\\\/w1280-p1x1-2024-07-10T170721Z_1810690100_RC2PP8AKPK9R_RTRMADP_3_MALI-RUSSIA-NUCLEARPOWER.jpg\",\"width\":1280,\"height\":1280},{\"@type\":\"BreadcrumbList\",\"@id\":\"https:\\\/\\\/lequotidien.mr\\\/?p=20757&lang=fr#breadcrumb\",\"itemListElement\":[{\"@type\":\"ListItem\",\"position\":1,\"name\":\"Home\",\"item\":\"https:\\\/\\\/lequotidien.mr\\\/\"},{\"@type\":\"ListItem\",\"position\":2,\"name\":\"\u00a0Le Mali en pleine tourmente : Inondations, tensions diplomatiques et violences croissantes\"}]},{\"@type\":\"WebSite\",\"@id\":\"https:\\\/\\\/lequotidien.mr\\\/#website\",\"url\":\"https:\\\/\\\/lequotidien.mr\\\/\",\"name\":\"Le Quotidien de Nouakchott\",\"description\":\"\u0625\u062e\u0628\u0627\u0631\u064a\u0629 \u0645\u0633\u062a\u0642\u0644\u0629 \u0644\u0644\u0623\u0646\u0628\u0627\u0621 \u0627\u0644\u0639\u0627\u0645\u0629\",\"publisher\":{\"@id\":\"https:\\\/\\\/lequotidien.mr\\\/#organization\"},\"potentialAction\":[{\"@type\":\"SearchAction\",\"target\":{\"@type\":\"EntryPoint\",\"urlTemplate\":\"https:\\\/\\\/lequotidien.mr\\\/?s={search_term_string}\"},\"query-input\":{\"@type\":\"PropertyValueSpecification\",\"valueRequired\":true,\"valueName\":\"search_term_string\"}}],\"inLanguage\":\"ar\"},{\"@type\":\"Organization\",\"@id\":\"https:\\\/\\\/lequotidien.mr\\\/#organization\",\"name\":\"Le Quotidien de Nouakchott\",\"url\":\"https:\\\/\\\/lequotidien.mr\\\/\",\"logo\":{\"@type\":\"ImageObject\",\"inLanguage\":\"ar\",\"@id\":\"https:\\\/\\\/lequotidien.mr\\\/#\\\/schema\\\/logo\\\/image\\\/\",\"url\":\"https:\\\/\\\/lequotidien.mr\\\/wp-content\\\/uploads\\\/2022\\\/11\\\/logolequotidien.jpg\",\"contentUrl\":\"https:\\\/\\\/lequotidien.mr\\\/wp-content\\\/uploads\\\/2022\\\/11\\\/logolequotidien.jpg\",\"width\":290,\"height\":65,\"caption\":\"Le Quotidien de Nouakchott\"},\"image\":{\"@id\":\"https:\\\/\\\/lequotidien.mr\\\/#\\\/schema\\\/logo\\\/image\\\/\"},\"sameAs\":[\"https:\\\/\\\/web.facebook.com\\\/lequotidienmr\",\"https:\\\/\\\/x.com\\\/lequotidienmr\"]},{\"@type\":\"Person\",\"@id\":\"https:\\\/\\\/lequotidien.mr\\\/#\\\/schema\\\/person\\\/f90fcdaa970c60288de4ed2e64a56472\",\"name\":\"Le Quotidien\",\"image\":{\"@type\":\"ImageObject\",\"inLanguage\":\"ar\",\"@id\":\"https:\\\/\\\/secure.gravatar.com\\\/avatar\\\/374cb39a1a458a912465a93e5a3ce6546886fc3da809a1f10c63e4e8fcbca30f?s=96&d=mm&r=g\",\"url\":\"https:\\\/\\\/secure.gravatar.com\\\/avatar\\\/374cb39a1a458a912465a93e5a3ce6546886fc3da809a1f10c63e4e8fcbca30f?s=96&d=mm&r=g\",\"contentUrl\":\"https:\\\/\\\/secure.gravatar.com\\\/avatar\\\/374cb39a1a458a912465a93e5a3ce6546886fc3da809a1f10c63e4e8fcbca30f?s=96&d=mm&r=g\",\"caption\":\"Le Quotidien\"},\"sameAs\":[\"https:\\\/\\\/lequotidien.mr\\\/\"],\"url\":\"https:\\\/\\\/lequotidien.mr\\\/?author=4\"}]}<\/script>\n<!-- \/ Yoast SEO plugin. -->","yoast_head_json":{"title":"\u00a0Le Mali en pleine tourmente : Inondations, tensions diplomatiques et violences croissantes - Le Quotidien de Nouakchott","robots":{"index":"index","follow":"follow","max-snippet":"max-snippet:-1","max-image-preview":"max-image-preview:large","max-video-preview":"max-video-preview:-1"},"canonical":"https:\/\/lequotidien.mr\/?p=20757&lang=fr","og_locale":"ar_AR","og_type":"article","og_title":"\u00a0Le Mali en pleine tourmente : Inondations, tensions diplomatiques et violences croissantes - Le Quotidien de Nouakchott","og_description":"Le Mali est plong\u00e9 dans une crise complexe qui combine des catastrophes naturelles, des tensions diplomatiques et des violences croissantes, exacerbant une situation d\u00e9j\u00e0 pr\u00e9caire. Le gouvernement malien, dirig\u00e9 par le colonel Assimi Goita, a r\u00e9cemment d\u00e9clar\u00e9 l\u2019\u00e9tat de catastrophe nationale en r\u00e9ponse \u00e0 des inondations d\u00e9vastatrices provoqu\u00e9es par des pluies torrentielles. Depuis le d\u00e9but.....","og_url":"https:\/\/lequotidien.mr\/?p=20757&lang=fr","og_site_name":"Le Quotidien de Nouakchott","article_publisher":"https:\/\/web.facebook.com\/lequotidienmr","article_published_time":"2024-08-26T11:20:27+00:00","og_image":[{"width":1280,"height":1280,"url":"https:\/\/lequotidien.mr\/wp-content\/uploads\/2024\/08\/w1280-p1x1-2024-07-10T170721Z_1810690100_RC2PP8AKPK9R_RTRMADP_3_MALI-RUSSIA-NUCLEARPOWER.jpg","type":"image\/jpeg"}],"author":"Le Quotidien","twitter_card":"summary_large_image","twitter_creator":"@lequotidienmr","twitter_site":"@lequotidienmr","twitter_misc":{"\u0643\u064f\u062a\u0628 \u0628\u0648\u0627\u0633\u0637\u0629":"Le Quotidien","\u0648\u0642\u062a \u0627\u0644\u0642\u0631\u0627\u0621\u0629 \u0627\u0644\u0645\u064f\u0642\u062f\u0651\u0631":"3 \u062f\u0642\u0627\u0626\u0642"},"schema":{"@context":"https:\/\/schema.org","@graph":[{"@type":"Article","@id":"https:\/\/lequotidien.mr\/?p=20757&lang=fr#article","isPartOf":{"@id":"https:\/\/lequotidien.mr\/?p=20757&lang=fr"},"author":{"name":"Le Quotidien","@id":"https:\/\/lequotidien.mr\/#\/schema\/person\/f90fcdaa970c60288de4ed2e64a56472"},"headline":"\u00a0Le Mali en pleine tourmente : Inondations, tensions diplomatiques et violences croissantes","datePublished":"2024-08-26T11:20:27+00:00","mainEntityOfPage":{"@id":"https:\/\/lequotidien.mr\/?p=20757&lang=fr"},"wordCount":698,"commentCount":0,"publisher":{"@id":"https:\/\/lequotidien.mr\/#organization"},"image":{"@id":"https:\/\/lequotidien.mr\/?p=20757&lang=fr#primaryimage"},"thumbnailUrl":"https:\/\/lequotidien.mr\/wp-content\/uploads\/2024\/08\/w1280-p1x1-2024-07-10T170721Z_1810690100_RC2PP8AKPK9R_RTRMADP_3_MALI-RUSSIA-NUCLEARPOWER.jpg","articleSection":["ACTUALIT\u00c9","Couverture sp\u00e9cilale"],"inLanguage":"ar","potentialAction":[{"@type":"CommentAction","name":"Comment","target":["https:\/\/lequotidien.mr\/?p=20757&lang=fr#respond"]}]},{"@type":"WebPage","@id":"https:\/\/lequotidien.mr\/?p=20757&lang=fr","url":"https:\/\/lequotidien.mr\/?p=20757&lang=fr","name":"\u00a0Le Mali en pleine tourmente : Inondations, tensions diplomatiques et violences croissantes - Le Quotidien de Nouakchott","isPartOf":{"@id":"https:\/\/lequotidien.mr\/#website"},"primaryImageOfPage":{"@id":"https:\/\/lequotidien.mr\/?p=20757&lang=fr#primaryimage"},"image":{"@id":"https:\/\/lequotidien.mr\/?p=20757&lang=fr#primaryimage"},"thumbnailUrl":"https:\/\/lequotidien.mr\/wp-content\/uploads\/2024\/08\/w1280-p1x1-2024-07-10T170721Z_1810690100_RC2PP8AKPK9R_RTRMADP_3_MALI-RUSSIA-NUCLEARPOWER.jpg","datePublished":"2024-08-26T11:20:27+00:00","breadcrumb":{"@id":"https:\/\/lequotidien.mr\/?p=20757&lang=fr#breadcrumb"},"inLanguage":"ar","potentialAction":[{"@type":"ReadAction","target":["https:\/\/lequotidien.mr\/?p=20757&lang=fr"]}]},{"@type":"ImageObject","inLanguage":"ar","@id":"https:\/\/lequotidien.mr\/?p=20757&lang=fr#primaryimage","url":"https:\/\/lequotidien.mr\/wp-content\/uploads\/2024\/08\/w1280-p1x1-2024-07-10T170721Z_1810690100_RC2PP8AKPK9R_RTRMADP_3_MALI-RUSSIA-NUCLEARPOWER.jpg","contentUrl":"https:\/\/lequotidien.mr\/wp-content\/uploads\/2024\/08\/w1280-p1x1-2024-07-10T170721Z_1810690100_RC2PP8AKPK9R_RTRMADP_3_MALI-RUSSIA-NUCLEARPOWER.jpg","width":1280,"height":1280},{"@type":"BreadcrumbList","@id":"https:\/\/lequotidien.mr\/?p=20757&lang=fr#breadcrumb","itemListElement":[{"@type":"ListItem","position":1,"name":"Home","item":"https:\/\/lequotidien.mr\/"},{"@type":"ListItem","position":2,"name":"\u00a0Le Mali en pleine tourmente : Inondations, tensions diplomatiques et violences croissantes"}]},{"@type":"WebSite","@id":"https:\/\/lequotidien.mr\/#website","url":"https:\/\/lequotidien.mr\/","name":"Le Quotidien de Nouakchott","description":"\u0625\u062e\u0628\u0627\u0631\u064a\u0629 \u0645\u0633\u062a\u0642\u0644\u0629 \u0644\u0644\u0623\u0646\u0628\u0627\u0621 \u0627\u0644\u0639\u0627\u0645\u0629","publisher":{"@id":"https:\/\/lequotidien.mr\/#organization"},"potentialAction":[{"@type":"SearchAction","target":{"@type":"EntryPoint","urlTemplate":"https:\/\/lequotidien.mr\/?s={search_term_string}"},"query-input":{"@type":"PropertyValueSpecification","valueRequired":true,"valueName":"search_term_string"}}],"inLanguage":"ar"},{"@type":"Organization","@id":"https:\/\/lequotidien.mr\/#organization","name":"Le Quotidien de Nouakchott","url":"https:\/\/lequotidien.mr\/","logo":{"@type":"ImageObject","inLanguage":"ar","@id":"https:\/\/lequotidien.mr\/#\/schema\/logo\/image\/","url":"https:\/\/lequotidien.mr\/wp-content\/uploads\/2022\/11\/logolequotidien.jpg","contentUrl":"https:\/\/lequotidien.mr\/wp-content\/uploads\/2022\/11\/logolequotidien.jpg","width":290,"height":65,"caption":"Le Quotidien de Nouakchott"},"image":{"@id":"https:\/\/lequotidien.mr\/#\/schema\/logo\/image\/"},"sameAs":["https:\/\/web.facebook.com\/lequotidienmr","https:\/\/x.com\/lequotidienmr"]},{"@type":"Person","@id":"https:\/\/lequotidien.mr\/#\/schema\/person\/f90fcdaa970c60288de4ed2e64a56472","name":"Le Quotidien","image":{"@type":"ImageObject","inLanguage":"ar","@id":"https:\/\/secure.gravatar.com\/avatar\/374cb39a1a458a912465a93e5a3ce6546886fc3da809a1f10c63e4e8fcbca30f?s=96&d=mm&r=g","url":"https:\/\/secure.gravatar.com\/avatar\/374cb39a1a458a912465a93e5a3ce6546886fc3da809a1f10c63e4e8fcbca30f?s=96&d=mm&r=g","contentUrl":"https:\/\/secure.gravatar.com\/avatar\/374cb39a1a458a912465a93e5a3ce6546886fc3da809a1f10c63e4e8fcbca30f?s=96&d=mm&r=g","caption":"Le Quotidien"},"sameAs":["https:\/\/lequotidien.mr\/"],"url":"https:\/\/lequotidien.mr\/?author=4"}]}},"_links":{"self":[{"href":"https:\/\/lequotidien.mr\/index.php?rest_route=\/wp\/v2\/posts\/20757","targetHints":{"allow":["GET"]}}],"collection":[{"href":"https:\/\/lequotidien.mr\/index.php?rest_route=\/wp\/v2\/posts"}],"about":[{"href":"https:\/\/lequotidien.mr\/index.php?rest_route=\/wp\/v2\/types\/post"}],"author":[{"embeddable":true,"href":"https:\/\/lequotidien.mr\/index.php?rest_route=\/wp\/v2\/users\/4"}],"replies":[{"embeddable":true,"href":"https:\/\/lequotidien.mr\/index.php?rest_route=%2Fwp%2Fv2%2Fcomments&post=20757"}],"version-history":[{"count":1,"href":"https:\/\/lequotidien.mr\/index.php?rest_route=\/wp\/v2\/posts\/20757\/revisions"}],"predecessor-version":[{"id":20759,"href":"https:\/\/lequotidien.mr\/index.php?rest_route=\/wp\/v2\/posts\/20757\/revisions\/20759"}],"wp:featuredmedia":[{"embeddable":true,"href":"https:\/\/lequotidien.mr\/index.php?rest_route=\/wp\/v2\/media\/20758"}],"wp:attachment":[{"href":"https:\/\/lequotidien.mr\/index.php?rest_route=%2Fwp%2Fv2%2Fmedia&parent=20757"}],"wp:term":[{"taxonomy":"category","embeddable":true,"href":"https:\/\/lequotidien.mr\/index.php?rest_route=%2Fwp%2Fv2%2Fcategories&post=20757"},{"taxonomy":"post_tag","embeddable":true,"href":"https:\/\/lequotidien.mr\/index.php?rest_route=%2Fwp%2Fv2%2Ftags&post=20757"}],"curies":[{"name":"wp","href":"https:\/\/api.w.org\/{rel}","templated":true}]}}