{"id":20722,"date":"2024-08-23T21:48:32","date_gmt":"2024-08-23T21:48:32","guid":{"rendered":"https:\/\/lequotidien.mr\/?p=20722"},"modified":"2024-08-23T21:48:32","modified_gmt":"2024-08-23T21:48:32","slug":"travaux-publics-le-premier-ministre-rencontre-des-responsables-dentreprises-et-de-bureaux-dexpertise-charges-de-leur-execution-et-de-leur-suivi","status":"publish","type":"post","link":"https:\/\/lequotidien.mr\/?p=20722&lang=fr","title":{"rendered":"Travaux publics : Le Premier ministre rencontre des responsables d\u2019entreprises et de bureaux d\u2019expertise charg\u00e9s de leur ex\u00e9cution et de leur suivi"},"content":{"rendered":"<p>Dans un effort pour garantir le bon d\u00e9roulement et l\u2019efficacit\u00e9 des projets de d\u00e9veloppement national, le Premier ministre, M. Mokhtar Djay, a pr\u00e9sid\u00e9 jeudi une r\u00e9union cruciale avec les responsables des entreprises et des bureaux d\u2019expertise charg\u00e9s de l&#8217;ex\u00e9cution et du suivi des travaux publics. Cette rencontre, qui s&#8217;inscrit dans le cadre du suivi effectif des projets de d\u00e9veloppement, a \u00e9t\u00e9 convoqu\u00e9e sur instructions directes du Pr\u00e9sident de la R\u00e9publique, M. Mohamed Cheikh El Ghazouani.<\/p>\n<p>S\u2019adressant aux responsables pr\u00e9sents, le Premier ministre a soulign\u00e9 l\u2019importance de l\u2019activation des m\u00e9canismes de contr\u00f4le et de suivi pour acc\u00e9l\u00e9rer la r\u00e9alisation des programmes de d\u00e9veloppement national. Il a rappel\u00e9 que ces mesures sont en ligne avec les directives du Pr\u00e9sident, visant \u00e0 dynamiser la mise en \u0153uvre des projets en appliquant une politique de suivi rigoureuse.<\/p>\n<p>M. Djay a \u00e9galement insist\u00e9 sur la n\u00e9cessit\u00e9 de respecter les d\u00e9lais et les sp\u00e9cifications techniques des projets, tout en notant que certains d\u2019entre eux souffrent actuellement de d\u00e9s\u00e9quilibres inacceptables. Il a affirm\u00e9 que ces dysfonctionnements doivent \u00eatre rectifi\u00e9s sans d\u00e9lai pour \u00e9viter toute perte de temps ou d&#8217;efficacit\u00e9.<\/p>\n<p>\u00c0 l\u2019issue de la r\u00e9union, le Premier ministre a r\u00e9it\u00e9r\u00e9 que tous les d\u00e9partements concern\u00e9s sont d\u00e9sormais tenus de suivre, contr\u00f4ler et \u00e9valuer les projets de d\u00e9veloppement avec un m\u00e9canisme de suivi \u00e9troit. Ce m\u00e9canisme inclura l\u2019utilisation d\u2019indicateurs de performance pour une \u00e9valuation objective et pr\u00e9cise des avanc\u00e9es r\u00e9alis\u00e9es.<\/p>\n<p>La r\u00e9union s\u2019est tenue en pr\u00e9sence des ministres des d\u00e9partements concern\u00e9s, de Mme Aicha Vall Verj\u00e8s, directrice de cabinet du Premier ministre, des conseillers \u00e0 la Primature, ainsi que du pr\u00e9sident de l\u2019Union National du Patronat Mauritanien. Cette convergence des acteurs cl\u00e9s montre l\u2019engagement du gouvernement \u00e0 assurer une gestion rigoureuse et efficace des projets de d\u00e9veloppement, conform\u00e9ment aux attentes du Pr\u00e9sident de la R\u00e9publique.<\/p>\n<p>Cette d\u00e9marche vise \u00e0 renforcer la transparence et la responsabilit\u00e9 dans la gestion des projets publics, assurant ainsi que les ressources sont utilis\u00e9es de mani\u00e8re optimale pour le b\u00e9n\u00e9fice du d\u00e9veloppement national.<\/p>\n","protected":false},"excerpt":{"rendered":"<p>Dans un effort pour garantir le bon d\u00e9roulement et l\u2019efficacit\u00e9 des projets de d\u00e9veloppement national, le Premier ministre, M. Mokhtar Djay, a pr\u00e9sid\u00e9 jeudi une r\u00e9union cruciale avec les responsables des entreprises et des bureaux d\u2019expertise charg\u00e9s de l&#8217;ex\u00e9cution et du suivi des travaux publics. Cette rencontre, qui s&#8217;inscrit dans le cadre du suivi effectif&#8230;..<\/p>\n","protected":false},"author":12,"featured_media":20723,"comment_status":"open","ping_status":"open","sticky":false,"template":"","format":"standard","meta":{"footnotes":""},"categories":[23,49],"tags":[],"class_list":["post-20722","post","type-post","status-publish","format-standard","has-post-thumbnail","hentry","category-actualite","category-economie"],"yoast_head":"<!-- This site is optimized with the Yoast SEO plugin v27.5 - https:\/\/yoast.com\/product\/yoast-seo-wordpress\/ -->\n<title>Travaux publics : Le Premier ministre rencontre des responsables d\u2019entreprises et de bureaux d\u2019expertise charg\u00e9s de leur ex\u00e9cution et de leur suivi - Le Quotidien de Nouakchott<\/title>\n<meta name=\"robots\" content=\"index, follow, max-snippet:-1, max-image-preview:large, max-video-preview:-1\" \/>\n<link rel=\"canonical\" href=\"https:\/\/lequotidien.mr\/?p=20722&lang=fr\" \/>\n<meta property=\"og:locale\" content=\"ar_AR\" \/>\n<meta property=\"og:type\" content=\"article\" \/>\n<meta property=\"og:title\" content=\"Travaux publics : Le Premier ministre rencontre des responsables d\u2019entreprises et de bureaux d\u2019expertise charg\u00e9s de leur ex\u00e9cution et de leur suivi - Le Quotidien de Nouakchott\" \/>\n<meta property=\"og:description\" content=\"Dans un effort pour garantir le bon d\u00e9roulement et l\u2019efficacit\u00e9 des projets de d\u00e9veloppement national, le Premier ministre, M. Mokhtar Djay, a pr\u00e9sid\u00e9 jeudi une r\u00e9union cruciale avec les responsables des entreprises et des bureaux d\u2019expertise charg\u00e9s de l&#8217;ex\u00e9cution et du suivi des travaux publics. Cette rencontre, qui s&#8217;inscrit dans le cadre du suivi effectif.....\" \/>\n<meta property=\"og:url\" content=\"https:\/\/lequotidien.mr\/?p=20722&amp;lang=fr\" \/>\n<meta property=\"og:site_name\" content=\"Le Quotidien de Nouakchott\" \/>\n<meta property=\"article:publisher\" content=\"https:\/\/web.facebook.com\/lequotidienmr\" \/>\n<meta property=\"article:published_time\" content=\"2024-08-23T21:48:32+00:00\" \/>\n<meta property=\"og:image\" content=\"https:\/\/lequotidien.mr\/wp-content\/uploads\/2024\/08\/photo-PM-et-les-BE.jpg\" \/>\n\t<meta property=\"og:image:width\" content=\"750\" \/>\n\t<meta property=\"og:image:height\" content=\"430\" \/>\n\t<meta property=\"og:image:type\" content=\"image\/jpeg\" \/>\n<meta name=\"author\" content=\"Med Ahmed\" \/>\n<meta name=\"twitter:card\" content=\"summary_large_image\" \/>\n<meta name=\"twitter:creator\" content=\"@lequotidienmr\" \/>\n<meta name=\"twitter:site\" content=\"@lequotidienmr\" \/>\n<meta name=\"twitter:label1\" content=\"\u0643\u064f\u062a\u0628 \u0628\u0648\u0627\u0633\u0637\u0629\" \/>\n\t<meta name=\"twitter:data1\" content=\"Med Ahmed\" \/>\n\t<meta name=\"twitter:label2\" content=\"\u0648\u0642\u062a \u0627\u0644\u0642\u0631\u0627\u0621\u0629 \u0627\u0644\u0645\u064f\u0642\u062f\u0651\u0631\" \/>\n\t<meta name=\"twitter:data2\" content=\"\u062f\u0642\u064a\u0642\u062a\u0627\u0646\" \/>\n<script type=\"application\/ld+json\" class=\"yoast-schema-graph\">{\"@context\":\"https:\\\/\\\/schema.org\",\"@graph\":[{\"@type\":\"Article\",\"@id\":\"https:\\\/\\\/lequotidien.mr\\\/?p=20722&lang=fr#article\",\"isPartOf\":{\"@id\":\"https:\\\/\\\/lequotidien.mr\\\/?p=20722&lang=fr\"},\"author\":{\"name\":\"Med Ahmed\",\"@id\":\"https:\\\/\\\/lequotidien.mr\\\/#\\\/schema\\\/person\\\/d2d350202a4d599685ed8abc25f97596\"},\"headline\":\"Travaux publics : Le Premier ministre rencontre des responsables d\u2019entreprises et de bureaux d\u2019expertise charg\u00e9s de leur ex\u00e9cution et de leur suivi\",\"datePublished\":\"2024-08-23T21:48:32+00:00\",\"mainEntityOfPage\":{\"@id\":\"https:\\\/\\\/lequotidien.mr\\\/?p=20722&lang=fr\"},\"wordCount\":419,\"commentCount\":0,\"publisher\":{\"@id\":\"https:\\\/\\\/lequotidien.mr\\\/#organization\"},\"image\":{\"@id\":\"https:\\\/\\\/lequotidien.mr\\\/?p=20722&lang=fr#primaryimage\"},\"thumbnailUrl\":\"https:\\\/\\\/lequotidien.mr\\\/wp-content\\\/uploads\\\/2024\\\/08\\\/photo-PM-et-les-BE.jpg\",\"articleSection\":[\"ACTUALIT\u00c9\",\"Economie\"],\"inLanguage\":\"ar\",\"potentialAction\":[{\"@type\":\"CommentAction\",\"name\":\"Comment\",\"target\":[\"https:\\\/\\\/lequotidien.mr\\\/?p=20722&lang=fr#respond\"]}]},{\"@type\":\"WebPage\",\"@id\":\"https:\\\/\\\/lequotidien.mr\\\/?p=20722&lang=fr\",\"url\":\"https:\\\/\\\/lequotidien.mr\\\/?p=20722&lang=fr\",\"name\":\"Travaux publics : Le Premier ministre rencontre des responsables d\u2019entreprises et de bureaux d\u2019expertise charg\u00e9s de leur ex\u00e9cution et de leur suivi - Le Quotidien de Nouakchott\",\"isPartOf\":{\"@id\":\"https:\\\/\\\/lequotidien.mr\\\/#website\"},\"primaryImageOfPage\":{\"@id\":\"https:\\\/\\\/lequotidien.mr\\\/?p=20722&lang=fr#primaryimage\"},\"image\":{\"@id\":\"https:\\\/\\\/lequotidien.mr\\\/?p=20722&lang=fr#primaryimage\"},\"thumbnailUrl\":\"https:\\\/\\\/lequotidien.mr\\\/wp-content\\\/uploads\\\/2024\\\/08\\\/photo-PM-et-les-BE.jpg\",\"datePublished\":\"2024-08-23T21:48:32+00:00\",\"breadcrumb\":{\"@id\":\"https:\\\/\\\/lequotidien.mr\\\/?p=20722&lang=fr#breadcrumb\"},\"inLanguage\":\"ar\",\"potentialAction\":[{\"@type\":\"ReadAction\",\"target\":[\"https:\\\/\\\/lequotidien.mr\\\/?p=20722&lang=fr\"]}]},{\"@type\":\"ImageObject\",\"inLanguage\":\"ar\",\"@id\":\"https:\\\/\\\/lequotidien.mr\\\/?p=20722&lang=fr#primaryimage\",\"url\":\"https:\\\/\\\/lequotidien.mr\\\/wp-content\\\/uploads\\\/2024\\\/08\\\/photo-PM-et-les-BE.jpg\",\"contentUrl\":\"https:\\\/\\\/lequotidien.mr\\\/wp-content\\\/uploads\\\/2024\\\/08\\\/photo-PM-et-les-BE.jpg\",\"width\":750,\"height\":430},{\"@type\":\"BreadcrumbList\",\"@id\":\"https:\\\/\\\/lequotidien.mr\\\/?p=20722&lang=fr#breadcrumb\",\"itemListElement\":[{\"@type\":\"ListItem\",\"position\":1,\"name\":\"Home\",\"item\":\"https:\\\/\\\/lequotidien.mr\\\/\"},{\"@type\":\"ListItem\",\"position\":2,\"name\":\"Travaux publics : Le Premier ministre rencontre des responsables d\u2019entreprises et de bureaux d\u2019expertise charg\u00e9s de leur ex\u00e9cution et de leur suivi\"}]},{\"@type\":\"WebSite\",\"@id\":\"https:\\\/\\\/lequotidien.mr\\\/#website\",\"url\":\"https:\\\/\\\/lequotidien.mr\\\/\",\"name\":\"Le Quotidien de Nouakchott\",\"description\":\"\u0625\u062e\u0628\u0627\u0631\u064a\u0629 \u0645\u0633\u062a\u0642\u0644\u0629 \u0644\u0644\u0623\u0646\u0628\u0627\u0621 \u0627\u0644\u0639\u0627\u0645\u0629\",\"publisher\":{\"@id\":\"https:\\\/\\\/lequotidien.mr\\\/#organization\"},\"potentialAction\":[{\"@type\":\"SearchAction\",\"target\":{\"@type\":\"EntryPoint\",\"urlTemplate\":\"https:\\\/\\\/lequotidien.mr\\\/?s={search_term_string}\"},\"query-input\":{\"@type\":\"PropertyValueSpecification\",\"valueRequired\":true,\"valueName\":\"search_term_string\"}}],\"inLanguage\":\"ar\"},{\"@type\":\"Organization\",\"@id\":\"https:\\\/\\\/lequotidien.mr\\\/#organization\",\"name\":\"Le Quotidien de Nouakchott\",\"url\":\"https:\\\/\\\/lequotidien.mr\\\/\",\"logo\":{\"@type\":\"ImageObject\",\"inLanguage\":\"ar\",\"@id\":\"https:\\\/\\\/lequotidien.mr\\\/#\\\/schema\\\/logo\\\/image\\\/\",\"url\":\"https:\\\/\\\/lequotidien.mr\\\/wp-content\\\/uploads\\\/2022\\\/11\\\/logolequotidien.jpg\",\"contentUrl\":\"https:\\\/\\\/lequotidien.mr\\\/wp-content\\\/uploads\\\/2022\\\/11\\\/logolequotidien.jpg\",\"width\":290,\"height\":65,\"caption\":\"Le Quotidien de Nouakchott\"},\"image\":{\"@id\":\"https:\\\/\\\/lequotidien.mr\\\/#\\\/schema\\\/logo\\\/image\\\/\"},\"sameAs\":[\"https:\\\/\\\/web.facebook.com\\\/lequotidienmr\",\"https:\\\/\\\/x.com\\\/lequotidienmr\"]},{\"@type\":\"Person\",\"@id\":\"https:\\\/\\\/lequotidien.mr\\\/#\\\/schema\\\/person\\\/d2d350202a4d599685ed8abc25f97596\",\"name\":\"Med Ahmed\",\"image\":{\"@type\":\"ImageObject\",\"inLanguage\":\"ar\",\"@id\":\"https:\\\/\\\/secure.gravatar.com\\\/avatar\\\/fd2acc62ed50732923d1d39c17172c9b04149f142be92310ecc69e1358f94b52?s=96&d=mm&r=g\",\"url\":\"https:\\\/\\\/secure.gravatar.com\\\/avatar\\\/fd2acc62ed50732923d1d39c17172c9b04149f142be92310ecc69e1358f94b52?s=96&d=mm&r=g\",\"contentUrl\":\"https:\\\/\\\/secure.gravatar.com\\\/avatar\\\/fd2acc62ed50732923d1d39c17172c9b04149f142be92310ecc69e1358f94b52?s=96&d=mm&r=g\",\"caption\":\"Med Ahmed\"},\"url\":\"https:\\\/\\\/lequotidien.mr\\\/?author=12\"}]}<\/script>\n<!-- \/ Yoast SEO plugin. -->","yoast_head_json":{"title":"Travaux publics : Le Premier ministre rencontre des responsables d\u2019entreprises et de bureaux d\u2019expertise charg\u00e9s de leur ex\u00e9cution et de leur suivi - Le Quotidien de Nouakchott","robots":{"index":"index","follow":"follow","max-snippet":"max-snippet:-1","max-image-preview":"max-image-preview:large","max-video-preview":"max-video-preview:-1"},"canonical":"https:\/\/lequotidien.mr\/?p=20722&lang=fr","og_locale":"ar_AR","og_type":"article","og_title":"Travaux publics : Le Premier ministre rencontre des responsables d\u2019entreprises et de bureaux d\u2019expertise charg\u00e9s de leur ex\u00e9cution et de leur suivi - Le Quotidien de Nouakchott","og_description":"Dans un effort pour garantir le bon d\u00e9roulement et l\u2019efficacit\u00e9 des projets de d\u00e9veloppement national, le Premier ministre, M. Mokhtar Djay, a pr\u00e9sid\u00e9 jeudi une r\u00e9union cruciale avec les responsables des entreprises et des bureaux d\u2019expertise charg\u00e9s de l&#8217;ex\u00e9cution et du suivi des travaux publics. Cette rencontre, qui s&#8217;inscrit dans le cadre du suivi effectif.....","og_url":"https:\/\/lequotidien.mr\/?p=20722&lang=fr","og_site_name":"Le Quotidien de Nouakchott","article_publisher":"https:\/\/web.facebook.com\/lequotidienmr","article_published_time":"2024-08-23T21:48:32+00:00","og_image":[{"width":750,"height":430,"url":"https:\/\/lequotidien.mr\/wp-content\/uploads\/2024\/08\/photo-PM-et-les-BE.jpg","type":"image\/jpeg"}],"author":"Med Ahmed","twitter_card":"summary_large_image","twitter_creator":"@lequotidienmr","twitter_site":"@lequotidienmr","twitter_misc":{"\u0643\u064f\u062a\u0628 \u0628\u0648\u0627\u0633\u0637\u0629":"Med Ahmed","\u0648\u0642\u062a \u0627\u0644\u0642\u0631\u0627\u0621\u0629 \u0627\u0644\u0645\u064f\u0642\u062f\u0651\u0631":"\u062f\u0642\u064a\u0642\u062a\u0627\u0646"},"schema":{"@context":"https:\/\/schema.org","@graph":[{"@type":"Article","@id":"https:\/\/lequotidien.mr\/?p=20722&lang=fr#article","isPartOf":{"@id":"https:\/\/lequotidien.mr\/?p=20722&lang=fr"},"author":{"name":"Med Ahmed","@id":"https:\/\/lequotidien.mr\/#\/schema\/person\/d2d350202a4d599685ed8abc25f97596"},"headline":"Travaux publics : Le Premier ministre rencontre des responsables d\u2019entreprises et de bureaux d\u2019expertise charg\u00e9s de leur ex\u00e9cution et de leur suivi","datePublished":"2024-08-23T21:48:32+00:00","mainEntityOfPage":{"@id":"https:\/\/lequotidien.mr\/?p=20722&lang=fr"},"wordCount":419,"commentCount":0,"publisher":{"@id":"https:\/\/lequotidien.mr\/#organization"},"image":{"@id":"https:\/\/lequotidien.mr\/?p=20722&lang=fr#primaryimage"},"thumbnailUrl":"https:\/\/lequotidien.mr\/wp-content\/uploads\/2024\/08\/photo-PM-et-les-BE.jpg","articleSection":["ACTUALIT\u00c9","Economie"],"inLanguage":"ar","potentialAction":[{"@type":"CommentAction","name":"Comment","target":["https:\/\/lequotidien.mr\/?p=20722&lang=fr#respond"]}]},{"@type":"WebPage","@id":"https:\/\/lequotidien.mr\/?p=20722&lang=fr","url":"https:\/\/lequotidien.mr\/?p=20722&lang=fr","name":"Travaux publics : Le Premier ministre rencontre des responsables d\u2019entreprises et de bureaux d\u2019expertise charg\u00e9s de leur ex\u00e9cution et de leur suivi - Le Quotidien de Nouakchott","isPartOf":{"@id":"https:\/\/lequotidien.mr\/#website"},"primaryImageOfPage":{"@id":"https:\/\/lequotidien.mr\/?p=20722&lang=fr#primaryimage"},"image":{"@id":"https:\/\/lequotidien.mr\/?p=20722&lang=fr#primaryimage"},"thumbnailUrl":"https:\/\/lequotidien.mr\/wp-content\/uploads\/2024\/08\/photo-PM-et-les-BE.jpg","datePublished":"2024-08-23T21:48:32+00:00","breadcrumb":{"@id":"https:\/\/lequotidien.mr\/?p=20722&lang=fr#breadcrumb"},"inLanguage":"ar","potentialAction":[{"@type":"ReadAction","target":["https:\/\/lequotidien.mr\/?p=20722&lang=fr"]}]},{"@type":"ImageObject","inLanguage":"ar","@id":"https:\/\/lequotidien.mr\/?p=20722&lang=fr#primaryimage","url":"https:\/\/lequotidien.mr\/wp-content\/uploads\/2024\/08\/photo-PM-et-les-BE.jpg","contentUrl":"https:\/\/lequotidien.mr\/wp-content\/uploads\/2024\/08\/photo-PM-et-les-BE.jpg","width":750,"height":430},{"@type":"BreadcrumbList","@id":"https:\/\/lequotidien.mr\/?p=20722&lang=fr#breadcrumb","itemListElement":[{"@type":"ListItem","position":1,"name":"Home","item":"https:\/\/lequotidien.mr\/"},{"@type":"ListItem","position":2,"name":"Travaux publics : Le Premier ministre rencontre des responsables d\u2019entreprises et de bureaux d\u2019expertise charg\u00e9s de leur ex\u00e9cution et de leur suivi"}]},{"@type":"WebSite","@id":"https:\/\/lequotidien.mr\/#website","url":"https:\/\/lequotidien.mr\/","name":"Le Quotidien de Nouakchott","description":"\u0625\u062e\u0628\u0627\u0631\u064a\u0629 \u0645\u0633\u062a\u0642\u0644\u0629 \u0644\u0644\u0623\u0646\u0628\u0627\u0621 \u0627\u0644\u0639\u0627\u0645\u0629","publisher":{"@id":"https:\/\/lequotidien.mr\/#organization"},"potentialAction":[{"@type":"SearchAction","target":{"@type":"EntryPoint","urlTemplate":"https:\/\/lequotidien.mr\/?s={search_term_string}"},"query-input":{"@type":"PropertyValueSpecification","valueRequired":true,"valueName":"search_term_string"}}],"inLanguage":"ar"},{"@type":"Organization","@id":"https:\/\/lequotidien.mr\/#organization","name":"Le Quotidien de Nouakchott","url":"https:\/\/lequotidien.mr\/","logo":{"@type":"ImageObject","inLanguage":"ar","@id":"https:\/\/lequotidien.mr\/#\/schema\/logo\/image\/","url":"https:\/\/lequotidien.mr\/wp-content\/uploads\/2022\/11\/logolequotidien.jpg","contentUrl":"https:\/\/lequotidien.mr\/wp-content\/uploads\/2022\/11\/logolequotidien.jpg","width":290,"height":65,"caption":"Le Quotidien de Nouakchott"},"image":{"@id":"https:\/\/lequotidien.mr\/#\/schema\/logo\/image\/"},"sameAs":["https:\/\/web.facebook.com\/lequotidienmr","https:\/\/x.com\/lequotidienmr"]},{"@type":"Person","@id":"https:\/\/lequotidien.mr\/#\/schema\/person\/d2d350202a4d599685ed8abc25f97596","name":"Med Ahmed","image":{"@type":"ImageObject","inLanguage":"ar","@id":"https:\/\/secure.gravatar.com\/avatar\/fd2acc62ed50732923d1d39c17172c9b04149f142be92310ecc69e1358f94b52?s=96&d=mm&r=g","url":"https:\/\/secure.gravatar.com\/avatar\/fd2acc62ed50732923d1d39c17172c9b04149f142be92310ecc69e1358f94b52?s=96&d=mm&r=g","contentUrl":"https:\/\/secure.gravatar.com\/avatar\/fd2acc62ed50732923d1d39c17172c9b04149f142be92310ecc69e1358f94b52?s=96&d=mm&r=g","caption":"Med Ahmed"},"url":"https:\/\/lequotidien.mr\/?author=12"}]}},"_links":{"self":[{"href":"https:\/\/lequotidien.mr\/index.php?rest_route=\/wp\/v2\/posts\/20722","targetHints":{"allow":["GET"]}}],"collection":[{"href":"https:\/\/lequotidien.mr\/index.php?rest_route=\/wp\/v2\/posts"}],"about":[{"href":"https:\/\/lequotidien.mr\/index.php?rest_route=\/wp\/v2\/types\/post"}],"author":[{"embeddable":true,"href":"https:\/\/lequotidien.mr\/index.php?rest_route=\/wp\/v2\/users\/12"}],"replies":[{"embeddable":true,"href":"https:\/\/lequotidien.mr\/index.php?rest_route=%2Fwp%2Fv2%2Fcomments&post=20722"}],"version-history":[{"count":1,"href":"https:\/\/lequotidien.mr\/index.php?rest_route=\/wp\/v2\/posts\/20722\/revisions"}],"predecessor-version":[{"id":20724,"href":"https:\/\/lequotidien.mr\/index.php?rest_route=\/wp\/v2\/posts\/20722\/revisions\/20724"}],"wp:featuredmedia":[{"embeddable":true,"href":"https:\/\/lequotidien.mr\/index.php?rest_route=\/wp\/v2\/media\/20723"}],"wp:attachment":[{"href":"https:\/\/lequotidien.mr\/index.php?rest_route=%2Fwp%2Fv2%2Fmedia&parent=20722"}],"wp:term":[{"taxonomy":"category","embeddable":true,"href":"https:\/\/lequotidien.mr\/index.php?rest_route=%2Fwp%2Fv2%2Fcategories&post=20722"},{"taxonomy":"post_tag","embeddable":true,"href":"https:\/\/lequotidien.mr\/index.php?rest_route=%2Fwp%2Fv2%2Ftags&post=20722"}],"curies":[{"name":"wp","href":"https:\/\/api.w.org\/{rel}","templated":true}]}}