{"id":2069,"date":"2022-12-21T15:59:18","date_gmt":"2022-12-21T15:59:18","guid":{"rendered":"https:\/\/lequotidien.mr\/?p=2069"},"modified":"2022-12-21T15:59:18","modified_gmt":"2022-12-21T15:59:18","slug":"baliou-coulibaly-nouveau-president-de-pcqvp-mon-election-est-une-reconnaissance-des-efforts-de-la-societe-civile","status":"publish","type":"post","link":"https:\/\/lequotidien.mr\/?p=2069&lang=fr","title":{"rendered":"Baliou Coulibaly, nouveau pr\u00e9sident de PCQVP: &#8220;Mon \u00e9lection est une reconnaissance des efforts de la soci\u00e9t\u00e9 civile&#8221;"},"content":{"rendered":"<p><strong>Le Calame<\/strong>\u00a0&#8211;\u00a0<strong>Vous venez d\u2019\u00eatre port\u00e9 \u00e0 la t\u00eate de la coalition PCQVP, il y a quelques jours. Pouvez-vous nous livrez vos premi\u00e8res impressions ? \u00a0<\/strong><\/p>\n<p><strong>Baliou Coulibaly<\/strong>:\u00a0Satisfait oui, car cette \u00e9lection constitue une reconnaissance de la part des acteurs de la soci\u00e9t\u00e9 civile Mauritanienne des modestes efforts que nous avons men\u00e9s durant depuis plus d&#8217;une d\u00e9cennie dans le cadre de la promotion de la gouvernance \u00e9conomique en Mauritanie.<\/p>\n<p>Mais aussi conscient de la charge de la responsabilit\u00e9 qui nous attend \u00e0 la t\u00eate de cette importante organisation dans un pays o\u00f9 l&#8217;exploitation des ressources naturelles constitue la principale source de revenu pour l&#8217;\u00e9conomie nationale.<\/p>\n<p><strong>Qu&#8217;est-ce que PCQVP\u00a0? Quelle est sa mission principale?\u00a0<\/strong><\/p>\n<p>-La mission de PCQVP consiste \u00e0 s&#8217;assurer que les revenus tir\u00e9s de l&#8217;exploitation des ressources extractives profitent de mani\u00e8re significative au pays, au secteur priv\u00e9 et \u00e0 l&#8217;ensemble des segments de la communaut\u00e9<\/p>\n<p>Que les ressources extractives sont exploit\u00e9es de mani\u00e8re rationnelle qui pr\u00e9serve l&#8217;environnement et la sant\u00e9 des communaut\u00e9s et des travailleurs<\/p>\n<p>Mener des campagnes de plaidoyer pour influencer les politiques et pratiques afin d&#8217;\u00e9viter a notre pays de tomber dans le fameux pi\u00e8ge de la mal\u00e9diction des ressources connue sous le vocable du Syndrome Hollandais.<\/p>\n<p><strong>\u00a0 -Quels sont les grands axes de votre mandat?\u00a0<\/strong><\/p>\n<p>-Les grands axes de notre mandat tourneront autour de trois priorit\u00e9s.<\/p>\n<p>-Le suivi des obligations contractuelles des compagnies<\/p>\n<p>-Le suivi des obligations environnementales<\/p>\n<p>-Actions de plaidoyer pour am\u00e9liorer les politiques pour s&#8217;assurer que l&#8217;ensemble des parties prenantes profitent des revenus qui proviennent de nos ressources \u00e0 travers une politique de contenu local pertinente et adapt\u00e9e qui assure un d\u00e9veloppement durable inclusif et apais\u00e9 pour le bien-\u00eatre.<\/p>\n<p>Propos recueillis par\u00a0<strong>Dalay Lam<\/strong><\/p>\n","protected":false},"excerpt":{"rendered":"<p>Le Calame\u00a0&#8211;\u00a0Vous venez d\u2019\u00eatre port\u00e9 \u00e0 la t\u00eate de la coalition PCQVP, il y a quelques jours. Pouvez-vous nous livrez vos premi\u00e8res impressions ? \u00a0 Baliou Coulibaly:\u00a0Satisfait oui, car cette \u00e9lection constitue une reconnaissance de la part des acteurs de la soci\u00e9t\u00e9 civile Mauritanienne des modestes efforts que nous avons men\u00e9s durant depuis plus d&#8217;une&#8230;..<\/p>\n","protected":false},"author":5,"featured_media":2070,"comment_status":"open","ping_status":"open","sticky":false,"template":"","format":"standard","meta":{"footnotes":""},"categories":[23,49],"tags":[],"class_list":["post-2069","post","type-post","status-publish","format-standard","has-post-thumbnail","hentry","category-actualite","category-economie"],"yoast_head":"<!-- This site is optimized with the Yoast SEO plugin v27.5 - https:\/\/yoast.com\/product\/yoast-seo-wordpress\/ -->\n<title>Baliou Coulibaly, nouveau pr\u00e9sident de PCQVP: &quot;Mon \u00e9lection est une reconnaissance des efforts de la soci\u00e9t\u00e9 civile&quot; - Le Quotidien de Nouakchott<\/title>\n<meta name=\"robots\" content=\"index, follow, max-snippet:-1, max-image-preview:large, max-video-preview:-1\" \/>\n<link rel=\"canonical\" href=\"https:\/\/lequotidien.mr\/?p=2069&lang=fr\" \/>\n<meta property=\"og:locale\" content=\"ar_AR\" \/>\n<meta property=\"og:type\" content=\"article\" \/>\n<meta property=\"og:title\" content=\"Baliou Coulibaly, nouveau pr\u00e9sident de PCQVP: &quot;Mon \u00e9lection est une reconnaissance des efforts de la soci\u00e9t\u00e9 civile&quot; - Le Quotidien de Nouakchott\" \/>\n<meta property=\"og:description\" content=\"Le Calame\u00a0&#8211;\u00a0Vous venez d\u2019\u00eatre port\u00e9 \u00e0 la t\u00eate de la coalition PCQVP, il y a quelques jours. Pouvez-vous nous livrez vos premi\u00e8res impressions ? \u00a0 Baliou Coulibaly:\u00a0Satisfait oui, car cette \u00e9lection constitue une reconnaissance de la part des acteurs de la soci\u00e9t\u00e9 civile Mauritanienne des modestes efforts que nous avons men\u00e9s durant depuis plus d&#8217;une.....\" \/>\n<meta property=\"og:url\" content=\"https:\/\/lequotidien.mr\/?p=2069&amp;lang=fr\" \/>\n<meta property=\"og:site_name\" content=\"Le Quotidien de Nouakchott\" \/>\n<meta property=\"article:publisher\" content=\"https:\/\/web.facebook.com\/lequotidienmr\" \/>\n<meta property=\"article:published_time\" content=\"2022-12-21T15:59:18+00:00\" \/>\n<meta property=\"og:image\" content=\"https:\/\/lequotidien.mr\/wp-content\/uploads\/2022\/12\/baliou_coulibaly_i200.jpg\" \/>\n\t<meta property=\"og:image:width\" content=\"449\" \/>\n\t<meta property=\"og:image:height\" content=\"354\" \/>\n\t<meta property=\"og:image:type\" content=\"image\/jpeg\" \/>\n<meta name=\"author\" content=\"Gayi Diawara\" \/>\n<meta name=\"twitter:card\" content=\"summary_large_image\" \/>\n<meta name=\"twitter:creator\" content=\"@lequotidienmr\" \/>\n<meta name=\"twitter:site\" content=\"@lequotidienmr\" \/>\n<meta name=\"twitter:label1\" content=\"\u0643\u064f\u062a\u0628 \u0628\u0648\u0627\u0633\u0637\u0629\" \/>\n\t<meta name=\"twitter:data1\" content=\"Gayi Diawara\" \/>\n\t<meta name=\"twitter:label2\" content=\"\u0648\u0642\u062a \u0627\u0644\u0642\u0631\u0627\u0621\u0629 \u0627\u0644\u0645\u064f\u0642\u062f\u0651\u0631\" \/>\n\t<meta name=\"twitter:data2\" content=\"\u062f\u0642\u064a\u0642\u062a\u0627\u0646\" \/>\n<script type=\"application\/ld+json\" class=\"yoast-schema-graph\">{\"@context\":\"https:\\\/\\\/schema.org\",\"@graph\":[{\"@type\":\"Article\",\"@id\":\"https:\\\/\\\/lequotidien.mr\\\/?p=2069&lang=fr#article\",\"isPartOf\":{\"@id\":\"https:\\\/\\\/lequotidien.mr\\\/?p=2069&lang=fr\"},\"author\":{\"name\":\"Gayi Diawara\",\"@id\":\"https:\\\/\\\/lequotidien.mr\\\/#\\\/schema\\\/person\\\/1077c8abd5640a6514b909318d271dee\"},\"headline\":\"Baliou Coulibaly, nouveau pr\u00e9sident de PCQVP: &#8220;Mon \u00e9lection est une reconnaissance des efforts de la soci\u00e9t\u00e9 civile&#8221;\",\"datePublished\":\"2022-12-21T15:59:18+00:00\",\"mainEntityOfPage\":{\"@id\":\"https:\\\/\\\/lequotidien.mr\\\/?p=2069&lang=fr\"},\"wordCount\":324,\"commentCount\":0,\"publisher\":{\"@id\":\"https:\\\/\\\/lequotidien.mr\\\/#organization\"},\"image\":{\"@id\":\"https:\\\/\\\/lequotidien.mr\\\/?p=2069&lang=fr#primaryimage\"},\"thumbnailUrl\":\"https:\\\/\\\/lequotidien.mr\\\/wp-content\\\/uploads\\\/2022\\\/12\\\/baliou_coulibaly_i200.jpg\",\"articleSection\":[\"ACTUALIT\u00c9\",\"Economie\"],\"inLanguage\":\"ar\",\"potentialAction\":[{\"@type\":\"CommentAction\",\"name\":\"Comment\",\"target\":[\"https:\\\/\\\/lequotidien.mr\\\/?p=2069&lang=fr#respond\"]}]},{\"@type\":\"WebPage\",\"@id\":\"https:\\\/\\\/lequotidien.mr\\\/?p=2069&lang=fr\",\"url\":\"https:\\\/\\\/lequotidien.mr\\\/?p=2069&lang=fr\",\"name\":\"Baliou Coulibaly, nouveau pr\u00e9sident de PCQVP: \\\"Mon \u00e9lection est une reconnaissance des efforts de la soci\u00e9t\u00e9 civile\\\" - Le Quotidien de Nouakchott\",\"isPartOf\":{\"@id\":\"https:\\\/\\\/lequotidien.mr\\\/#website\"},\"primaryImageOfPage\":{\"@id\":\"https:\\\/\\\/lequotidien.mr\\\/?p=2069&lang=fr#primaryimage\"},\"image\":{\"@id\":\"https:\\\/\\\/lequotidien.mr\\\/?p=2069&lang=fr#primaryimage\"},\"thumbnailUrl\":\"https:\\\/\\\/lequotidien.mr\\\/wp-content\\\/uploads\\\/2022\\\/12\\\/baliou_coulibaly_i200.jpg\",\"datePublished\":\"2022-12-21T15:59:18+00:00\",\"breadcrumb\":{\"@id\":\"https:\\\/\\\/lequotidien.mr\\\/?p=2069&lang=fr#breadcrumb\"},\"inLanguage\":\"ar\",\"potentialAction\":[{\"@type\":\"ReadAction\",\"target\":[\"https:\\\/\\\/lequotidien.mr\\\/?p=2069&lang=fr\"]}]},{\"@type\":\"ImageObject\",\"inLanguage\":\"ar\",\"@id\":\"https:\\\/\\\/lequotidien.mr\\\/?p=2069&lang=fr#primaryimage\",\"url\":\"https:\\\/\\\/lequotidien.mr\\\/wp-content\\\/uploads\\\/2022\\\/12\\\/baliou_coulibaly_i200.jpg\",\"contentUrl\":\"https:\\\/\\\/lequotidien.mr\\\/wp-content\\\/uploads\\\/2022\\\/12\\\/baliou_coulibaly_i200.jpg\",\"width\":449,\"height\":354},{\"@type\":\"BreadcrumbList\",\"@id\":\"https:\\\/\\\/lequotidien.mr\\\/?p=2069&lang=fr#breadcrumb\",\"itemListElement\":[{\"@type\":\"ListItem\",\"position\":1,\"name\":\"Home\",\"item\":\"https:\\\/\\\/lequotidien.mr\\\/\"},{\"@type\":\"ListItem\",\"position\":2,\"name\":\"Baliou Coulibaly, nouveau pr\u00e9sident de PCQVP: &#8220;Mon \u00e9lection est une reconnaissance des efforts de la soci\u00e9t\u00e9 civile&#8221;\"}]},{\"@type\":\"WebSite\",\"@id\":\"https:\\\/\\\/lequotidien.mr\\\/#website\",\"url\":\"https:\\\/\\\/lequotidien.mr\\\/\",\"name\":\"Le Quotidien de Nouakchott\",\"description\":\"\u0625\u062e\u0628\u0627\u0631\u064a\u0629 \u0645\u0633\u062a\u0642\u0644\u0629 \u0644\u0644\u0623\u0646\u0628\u0627\u0621 \u0627\u0644\u0639\u0627\u0645\u0629\",\"publisher\":{\"@id\":\"https:\\\/\\\/lequotidien.mr\\\/#organization\"},\"potentialAction\":[{\"@type\":\"SearchAction\",\"target\":{\"@type\":\"EntryPoint\",\"urlTemplate\":\"https:\\\/\\\/lequotidien.mr\\\/?s={search_term_string}\"},\"query-input\":{\"@type\":\"PropertyValueSpecification\",\"valueRequired\":true,\"valueName\":\"search_term_string\"}}],\"inLanguage\":\"ar\"},{\"@type\":\"Organization\",\"@id\":\"https:\\\/\\\/lequotidien.mr\\\/#organization\",\"name\":\"Le Quotidien de Nouakchott\",\"url\":\"https:\\\/\\\/lequotidien.mr\\\/\",\"logo\":{\"@type\":\"ImageObject\",\"inLanguage\":\"ar\",\"@id\":\"https:\\\/\\\/lequotidien.mr\\\/#\\\/schema\\\/logo\\\/image\\\/\",\"url\":\"https:\\\/\\\/lequotidien.mr\\\/wp-content\\\/uploads\\\/2022\\\/11\\\/logolequotidien.jpg\",\"contentUrl\":\"https:\\\/\\\/lequotidien.mr\\\/wp-content\\\/uploads\\\/2022\\\/11\\\/logolequotidien.jpg\",\"width\":290,\"height\":65,\"caption\":\"Le Quotidien de Nouakchott\"},\"image\":{\"@id\":\"https:\\\/\\\/lequotidien.mr\\\/#\\\/schema\\\/logo\\\/image\\\/\"},\"sameAs\":[\"https:\\\/\\\/web.facebook.com\\\/lequotidienmr\",\"https:\\\/\\\/x.com\\\/lequotidienmr\"]},{\"@type\":\"Person\",\"@id\":\"https:\\\/\\\/lequotidien.mr\\\/#\\\/schema\\\/person\\\/1077c8abd5640a6514b909318d271dee\",\"name\":\"Gayi Diawara\",\"image\":{\"@type\":\"ImageObject\",\"inLanguage\":\"ar\",\"@id\":\"https:\\\/\\\/secure.gravatar.com\\\/avatar\\\/63ea8db1e19a6d2d608b24c0f78b5f3a7d6e0bc11959fec273410af333e4d0ac?s=96&d=mm&r=g\",\"url\":\"https:\\\/\\\/secure.gravatar.com\\\/avatar\\\/63ea8db1e19a6d2d608b24c0f78b5f3a7d6e0bc11959fec273410af333e4d0ac?s=96&d=mm&r=g\",\"contentUrl\":\"https:\\\/\\\/secure.gravatar.com\\\/avatar\\\/63ea8db1e19a6d2d608b24c0f78b5f3a7d6e0bc11959fec273410af333e4d0ac?s=96&d=mm&r=g\",\"caption\":\"Gayi Diawara\"},\"sameAs\":[\"http:\\\/\\\/lequotidien.mr\"],\"url\":\"https:\\\/\\\/lequotidien.mr\\\/?author=5\"}]}<\/script>\n<!-- \/ Yoast SEO plugin. -->","yoast_head_json":{"title":"Baliou Coulibaly, nouveau pr\u00e9sident de PCQVP: \"Mon \u00e9lection est une reconnaissance des efforts de la soci\u00e9t\u00e9 civile\" - Le Quotidien de Nouakchott","robots":{"index":"index","follow":"follow","max-snippet":"max-snippet:-1","max-image-preview":"max-image-preview:large","max-video-preview":"max-video-preview:-1"},"canonical":"https:\/\/lequotidien.mr\/?p=2069&lang=fr","og_locale":"ar_AR","og_type":"article","og_title":"Baliou Coulibaly, nouveau pr\u00e9sident de PCQVP: \"Mon \u00e9lection est une reconnaissance des efforts de la soci\u00e9t\u00e9 civile\" - Le Quotidien de Nouakchott","og_description":"Le Calame\u00a0&#8211;\u00a0Vous venez d\u2019\u00eatre port\u00e9 \u00e0 la t\u00eate de la coalition PCQVP, il y a quelques jours. Pouvez-vous nous livrez vos premi\u00e8res impressions ? \u00a0 Baliou Coulibaly:\u00a0Satisfait oui, car cette \u00e9lection constitue une reconnaissance de la part des acteurs de la soci\u00e9t\u00e9 civile Mauritanienne des modestes efforts que nous avons men\u00e9s durant depuis plus d&#8217;une.....","og_url":"https:\/\/lequotidien.mr\/?p=2069&lang=fr","og_site_name":"Le Quotidien de Nouakchott","article_publisher":"https:\/\/web.facebook.com\/lequotidienmr","article_published_time":"2022-12-21T15:59:18+00:00","og_image":[{"width":449,"height":354,"url":"https:\/\/lequotidien.mr\/wp-content\/uploads\/2022\/12\/baliou_coulibaly_i200.jpg","type":"image\/jpeg"}],"author":"Gayi Diawara","twitter_card":"summary_large_image","twitter_creator":"@lequotidienmr","twitter_site":"@lequotidienmr","twitter_misc":{"\u0643\u064f\u062a\u0628 \u0628\u0648\u0627\u0633\u0637\u0629":"Gayi Diawara","\u0648\u0642\u062a \u0627\u0644\u0642\u0631\u0627\u0621\u0629 \u0627\u0644\u0645\u064f\u0642\u062f\u0651\u0631":"\u062f\u0642\u064a\u0642\u062a\u0627\u0646"},"schema":{"@context":"https:\/\/schema.org","@graph":[{"@type":"Article","@id":"https:\/\/lequotidien.mr\/?p=2069&lang=fr#article","isPartOf":{"@id":"https:\/\/lequotidien.mr\/?p=2069&lang=fr"},"author":{"name":"Gayi Diawara","@id":"https:\/\/lequotidien.mr\/#\/schema\/person\/1077c8abd5640a6514b909318d271dee"},"headline":"Baliou Coulibaly, nouveau pr\u00e9sident de PCQVP: &#8220;Mon \u00e9lection est une reconnaissance des efforts de la soci\u00e9t\u00e9 civile&#8221;","datePublished":"2022-12-21T15:59:18+00:00","mainEntityOfPage":{"@id":"https:\/\/lequotidien.mr\/?p=2069&lang=fr"},"wordCount":324,"commentCount":0,"publisher":{"@id":"https:\/\/lequotidien.mr\/#organization"},"image":{"@id":"https:\/\/lequotidien.mr\/?p=2069&lang=fr#primaryimage"},"thumbnailUrl":"https:\/\/lequotidien.mr\/wp-content\/uploads\/2022\/12\/baliou_coulibaly_i200.jpg","articleSection":["ACTUALIT\u00c9","Economie"],"inLanguage":"ar","potentialAction":[{"@type":"CommentAction","name":"Comment","target":["https:\/\/lequotidien.mr\/?p=2069&lang=fr#respond"]}]},{"@type":"WebPage","@id":"https:\/\/lequotidien.mr\/?p=2069&lang=fr","url":"https:\/\/lequotidien.mr\/?p=2069&lang=fr","name":"Baliou Coulibaly, nouveau pr\u00e9sident de PCQVP: \"Mon \u00e9lection est une reconnaissance des efforts de la soci\u00e9t\u00e9 civile\" - Le Quotidien de Nouakchott","isPartOf":{"@id":"https:\/\/lequotidien.mr\/#website"},"primaryImageOfPage":{"@id":"https:\/\/lequotidien.mr\/?p=2069&lang=fr#primaryimage"},"image":{"@id":"https:\/\/lequotidien.mr\/?p=2069&lang=fr#primaryimage"},"thumbnailUrl":"https:\/\/lequotidien.mr\/wp-content\/uploads\/2022\/12\/baliou_coulibaly_i200.jpg","datePublished":"2022-12-21T15:59:18+00:00","breadcrumb":{"@id":"https:\/\/lequotidien.mr\/?p=2069&lang=fr#breadcrumb"},"inLanguage":"ar","potentialAction":[{"@type":"ReadAction","target":["https:\/\/lequotidien.mr\/?p=2069&lang=fr"]}]},{"@type":"ImageObject","inLanguage":"ar","@id":"https:\/\/lequotidien.mr\/?p=2069&lang=fr#primaryimage","url":"https:\/\/lequotidien.mr\/wp-content\/uploads\/2022\/12\/baliou_coulibaly_i200.jpg","contentUrl":"https:\/\/lequotidien.mr\/wp-content\/uploads\/2022\/12\/baliou_coulibaly_i200.jpg","width":449,"height":354},{"@type":"BreadcrumbList","@id":"https:\/\/lequotidien.mr\/?p=2069&lang=fr#breadcrumb","itemListElement":[{"@type":"ListItem","position":1,"name":"Home","item":"https:\/\/lequotidien.mr\/"},{"@type":"ListItem","position":2,"name":"Baliou Coulibaly, nouveau pr\u00e9sident de PCQVP: &#8220;Mon \u00e9lection est une reconnaissance des efforts de la soci\u00e9t\u00e9 civile&#8221;"}]},{"@type":"WebSite","@id":"https:\/\/lequotidien.mr\/#website","url":"https:\/\/lequotidien.mr\/","name":"Le Quotidien de Nouakchott","description":"\u0625\u062e\u0628\u0627\u0631\u064a\u0629 \u0645\u0633\u062a\u0642\u0644\u0629 \u0644\u0644\u0623\u0646\u0628\u0627\u0621 \u0627\u0644\u0639\u0627\u0645\u0629","publisher":{"@id":"https:\/\/lequotidien.mr\/#organization"},"potentialAction":[{"@type":"SearchAction","target":{"@type":"EntryPoint","urlTemplate":"https:\/\/lequotidien.mr\/?s={search_term_string}"},"query-input":{"@type":"PropertyValueSpecification","valueRequired":true,"valueName":"search_term_string"}}],"inLanguage":"ar"},{"@type":"Organization","@id":"https:\/\/lequotidien.mr\/#organization","name":"Le Quotidien de Nouakchott","url":"https:\/\/lequotidien.mr\/","logo":{"@type":"ImageObject","inLanguage":"ar","@id":"https:\/\/lequotidien.mr\/#\/schema\/logo\/image\/","url":"https:\/\/lequotidien.mr\/wp-content\/uploads\/2022\/11\/logolequotidien.jpg","contentUrl":"https:\/\/lequotidien.mr\/wp-content\/uploads\/2022\/11\/logolequotidien.jpg","width":290,"height":65,"caption":"Le Quotidien de Nouakchott"},"image":{"@id":"https:\/\/lequotidien.mr\/#\/schema\/logo\/image\/"},"sameAs":["https:\/\/web.facebook.com\/lequotidienmr","https:\/\/x.com\/lequotidienmr"]},{"@type":"Person","@id":"https:\/\/lequotidien.mr\/#\/schema\/person\/1077c8abd5640a6514b909318d271dee","name":"Gayi Diawara","image":{"@type":"ImageObject","inLanguage":"ar","@id":"https:\/\/secure.gravatar.com\/avatar\/63ea8db1e19a6d2d608b24c0f78b5f3a7d6e0bc11959fec273410af333e4d0ac?s=96&d=mm&r=g","url":"https:\/\/secure.gravatar.com\/avatar\/63ea8db1e19a6d2d608b24c0f78b5f3a7d6e0bc11959fec273410af333e4d0ac?s=96&d=mm&r=g","contentUrl":"https:\/\/secure.gravatar.com\/avatar\/63ea8db1e19a6d2d608b24c0f78b5f3a7d6e0bc11959fec273410af333e4d0ac?s=96&d=mm&r=g","caption":"Gayi Diawara"},"sameAs":["http:\/\/lequotidien.mr"],"url":"https:\/\/lequotidien.mr\/?author=5"}]}},"_links":{"self":[{"href":"https:\/\/lequotidien.mr\/index.php?rest_route=\/wp\/v2\/posts\/2069","targetHints":{"allow":["GET"]}}],"collection":[{"href":"https:\/\/lequotidien.mr\/index.php?rest_route=\/wp\/v2\/posts"}],"about":[{"href":"https:\/\/lequotidien.mr\/index.php?rest_route=\/wp\/v2\/types\/post"}],"author":[{"embeddable":true,"href":"https:\/\/lequotidien.mr\/index.php?rest_route=\/wp\/v2\/users\/5"}],"replies":[{"embeddable":true,"href":"https:\/\/lequotidien.mr\/index.php?rest_route=%2Fwp%2Fv2%2Fcomments&post=2069"}],"version-history":[{"count":1,"href":"https:\/\/lequotidien.mr\/index.php?rest_route=\/wp\/v2\/posts\/2069\/revisions"}],"predecessor-version":[{"id":2071,"href":"https:\/\/lequotidien.mr\/index.php?rest_route=\/wp\/v2\/posts\/2069\/revisions\/2071"}],"wp:featuredmedia":[{"embeddable":true,"href":"https:\/\/lequotidien.mr\/index.php?rest_route=\/wp\/v2\/media\/2070"}],"wp:attachment":[{"href":"https:\/\/lequotidien.mr\/index.php?rest_route=%2Fwp%2Fv2%2Fmedia&parent=2069"}],"wp:term":[{"taxonomy":"category","embeddable":true,"href":"https:\/\/lequotidien.mr\/index.php?rest_route=%2Fwp%2Fv2%2Fcategories&post=2069"},{"taxonomy":"post_tag","embeddable":true,"href":"https:\/\/lequotidien.mr\/index.php?rest_route=%2Fwp%2Fv2%2Ftags&post=2069"}],"curies":[{"name":"wp","href":"https:\/\/api.w.org\/{rel}","templated":true}]}}