{"id":20529,"date":"2024-08-17T12:11:57","date_gmt":"2024-08-17T12:11:57","guid":{"rendered":"https:\/\/lequotidien.mr\/?p=20529"},"modified":"2024-08-17T12:11:57","modified_gmt":"2024-08-17T12:11:57","slug":"election-de-sidahmed-mohamed-a-la-tete-du-parti-de-linsaf-un-nouveau-leadership-pour-un-contexte-delicat","status":"publish","type":"post","link":"https:\/\/lequotidien.mr\/?p=20529&lang=fr","title":{"rendered":"\u00c9lection de Sid\u2019Ahmed Mohamed \u00e0 la t\u00eate du Parti de l&#8217;Insaf : Un nouveau leadership pour un contexte d\u00e9licat"},"content":{"rendered":"<p>Le parti de l&#8217;Insaf a \u00e9lu lors de la session extraordinaire de son conseil national, tenue hier soir vendredi, l&#8217;ancien ministre du logement, Sid\u2019Ahmed Mohamed, comme pr\u00e9sident, succ\u00e9dant ainsi \u00e0 Mohamed Maa El-Ainin Ould Eyih.<\/p>\n<p>Dans un discours prononc\u00e9 apr\u00e8s son \u00e9lection, Ould Mohamed a soulign\u00e9 que son parcours vers la pr\u00e9sidence du parti n&#8217;a pas \u00e9t\u00e9 un chemin parsem\u00e9 de roses. N\u00e9 \u00e0 la fin des ann\u00e9es soixante d&#8217;un p\u00e8re agriculteur, il a grandi dans une r\u00e9gion rurale qui lui a inculqu\u00e9 la patience. Il a progressivement gravi les \u00e9chelons dans son parcours scolaire, jusqu&#8217;\u00e0 occuper les postes qu&#8217;il a tenus, d\u00e9montrant ainsi que la patrie est suffisamment vaste pour tous ses enfants et leur offre des opportunit\u00e9s s&#8217;ils souhaitent la servir.<\/p>\n<p>Ould Mohamed a \u00e9galement affirm\u00e9 qu&#8217;il prenait la pr\u00e9sidence du parti dans un contexte r\u00e9gional et international d\u00e9licat, ce qui n\u00e9cessite de tous les membres de redoubler d&#8217;efforts pour r\u00e9pondre aux exigences du programme annonc\u00e9 par le pr\u00e9sident Mohamed Ould Ghazouani.<\/p>\n<p>Il a estim\u00e9 que parmi ces exigences, la plus importante est la construction d&#8217;un \u00c9tat de droit et d&#8217;institutions efficaces, afin de b\u00e2tir une \u00e9conomie capable d&#8217;impliquer les jeunes et de renforcer le soutien \u00e0 l&#8217;int\u00e9gration sociale, selon ses propos.<\/p>\n<p>Ould Mohamed a affirm\u00e9 que ses priorit\u00e9s futures \u00e0 la t\u00eate du parti seront la r\u00e9forme administrative, la pr\u00e9servation des acquis, et la poursuite des r\u00e9formes profondes requises par cette \u00e9tape, selon ses termes.<\/p>\n","protected":false},"excerpt":{"rendered":"<p>Le parti de l&#8217;Insaf a \u00e9lu lors de la session extraordinaire de son conseil national, tenue hier soir vendredi, l&#8217;ancien ministre du logement, Sid\u2019Ahmed Mohamed, comme pr\u00e9sident, succ\u00e9dant ainsi \u00e0 Mohamed Maa El-Ainin Ould Eyih. Dans un discours prononc\u00e9 apr\u00e8s son \u00e9lection, Ould Mohamed a soulign\u00e9 que son parcours vers la pr\u00e9sidence du parti n&#8217;a&#8230;..<\/p>\n","protected":false},"author":4,"featured_media":20255,"comment_status":"open","ping_status":"open","sticky":false,"template":"","format":"standard","meta":{"footnotes":""},"categories":[23,57],"tags":[],"class_list":["post-20529","post","type-post","status-publish","format-standard","has-post-thumbnail","hentry","category-actualite","category-couverture-specilale"],"yoast_head":"<!-- This site is optimized with the Yoast SEO plugin v27.5 - https:\/\/yoast.com\/product\/yoast-seo-wordpress\/ -->\n<title>\u00c9lection de Sid\u2019Ahmed Mohamed \u00e0 la t\u00eate du Parti de l&#039;Insaf : Un nouveau leadership pour un contexte d\u00e9licat - Le Quotidien de Nouakchott<\/title>\n<meta name=\"robots\" content=\"index, follow, max-snippet:-1, max-image-preview:large, max-video-preview:-1\" \/>\n<link rel=\"canonical\" href=\"https:\/\/lequotidien.mr\/?p=20529&lang=fr\" \/>\n<meta property=\"og:locale\" content=\"ar_AR\" \/>\n<meta property=\"og:type\" content=\"article\" \/>\n<meta property=\"og:title\" content=\"\u00c9lection de Sid\u2019Ahmed Mohamed \u00e0 la t\u00eate du Parti de l&#039;Insaf : Un nouveau leadership pour un contexte d\u00e9licat - Le Quotidien de Nouakchott\" \/>\n<meta property=\"og:description\" content=\"Le parti de l&#8217;Insaf a \u00e9lu lors de la session extraordinaire de son conseil national, tenue hier soir vendredi, l&#8217;ancien ministre du logement, Sid\u2019Ahmed Mohamed, comme pr\u00e9sident, succ\u00e9dant ainsi \u00e0 Mohamed Maa El-Ainin Ould Eyih. Dans un discours prononc\u00e9 apr\u00e8s son \u00e9lection, Ould Mohamed a soulign\u00e9 que son parcours vers la pr\u00e9sidence du parti n&#8217;a.....\" \/>\n<meta property=\"og:url\" content=\"https:\/\/lequotidien.mr\/?p=20529&amp;lang=fr\" \/>\n<meta property=\"og:site_name\" content=\"Le Quotidien de Nouakchott\" \/>\n<meta property=\"article:publisher\" content=\"https:\/\/web.facebook.com\/lequotidienmr\" \/>\n<meta property=\"article:published_time\" content=\"2024-08-17T12:11:57+00:00\" \/>\n<meta property=\"og:image\" content=\"https:\/\/lequotidien.mr\/wp-content\/uploads\/2024\/08\/photo-ministre-Habitat.jpg\" \/>\n\t<meta property=\"og:image:width\" content=\"768\" \/>\n\t<meta property=\"og:image:height\" content=\"879\" \/>\n\t<meta property=\"og:image:type\" content=\"image\/jpeg\" \/>\n<meta name=\"author\" content=\"Le Quotidien\" \/>\n<meta name=\"twitter:card\" content=\"summary_large_image\" \/>\n<meta name=\"twitter:creator\" content=\"@lequotidienmr\" \/>\n<meta name=\"twitter:site\" content=\"@lequotidienmr\" \/>\n<meta name=\"twitter:label1\" content=\"\u0643\u064f\u062a\u0628 \u0628\u0648\u0627\u0633\u0637\u0629\" \/>\n\t<meta name=\"twitter:data1\" content=\"Le Quotidien\" \/>\n\t<meta name=\"twitter:label2\" content=\"\u0648\u0642\u062a \u0627\u0644\u0642\u0631\u0627\u0621\u0629 \u0627\u0644\u0645\u064f\u0642\u062f\u0651\u0631\" \/>\n\t<meta name=\"twitter:data2\" content=\"\u062f\u0642\u064a\u0642\u062a\u0627\u0646\" \/>\n<script type=\"application\/ld+json\" class=\"yoast-schema-graph\">{\"@context\":\"https:\\\/\\\/schema.org\",\"@graph\":[{\"@type\":\"Article\",\"@id\":\"https:\\\/\\\/lequotidien.mr\\\/?p=20529&lang=fr#article\",\"isPartOf\":{\"@id\":\"https:\\\/\\\/lequotidien.mr\\\/?p=20529&lang=fr\"},\"author\":{\"name\":\"Le Quotidien\",\"@id\":\"https:\\\/\\\/lequotidien.mr\\\/#\\\/schema\\\/person\\\/f90fcdaa970c60288de4ed2e64a56472\"},\"headline\":\"\u00c9lection de Sid\u2019Ahmed Mohamed \u00e0 la t\u00eate du Parti de l&#8217;Insaf : Un nouveau leadership pour un contexte d\u00e9licat\",\"datePublished\":\"2024-08-17T12:11:57+00:00\",\"mainEntityOfPage\":{\"@id\":\"https:\\\/\\\/lequotidien.mr\\\/?p=20529&lang=fr\"},\"wordCount\":290,\"commentCount\":0,\"publisher\":{\"@id\":\"https:\\\/\\\/lequotidien.mr\\\/#organization\"},\"image\":{\"@id\":\"https:\\\/\\\/lequotidien.mr\\\/?p=20529&lang=fr#primaryimage\"},\"thumbnailUrl\":\"https:\\\/\\\/lequotidien.mr\\\/wp-content\\\/uploads\\\/2024\\\/08\\\/photo-ministre-Habitat.jpg\",\"articleSection\":[\"ACTUALIT\u00c9\",\"Couverture sp\u00e9cilale\"],\"inLanguage\":\"ar\",\"potentialAction\":[{\"@type\":\"CommentAction\",\"name\":\"Comment\",\"target\":[\"https:\\\/\\\/lequotidien.mr\\\/?p=20529&lang=fr#respond\"]}]},{\"@type\":\"WebPage\",\"@id\":\"https:\\\/\\\/lequotidien.mr\\\/?p=20529&lang=fr\",\"url\":\"https:\\\/\\\/lequotidien.mr\\\/?p=20529&lang=fr\",\"name\":\"\u00c9lection de Sid\u2019Ahmed Mohamed \u00e0 la t\u00eate du Parti de l'Insaf : Un nouveau leadership pour un contexte d\u00e9licat - Le Quotidien de Nouakchott\",\"isPartOf\":{\"@id\":\"https:\\\/\\\/lequotidien.mr\\\/#website\"},\"primaryImageOfPage\":{\"@id\":\"https:\\\/\\\/lequotidien.mr\\\/?p=20529&lang=fr#primaryimage\"},\"image\":{\"@id\":\"https:\\\/\\\/lequotidien.mr\\\/?p=20529&lang=fr#primaryimage\"},\"thumbnailUrl\":\"https:\\\/\\\/lequotidien.mr\\\/wp-content\\\/uploads\\\/2024\\\/08\\\/photo-ministre-Habitat.jpg\",\"datePublished\":\"2024-08-17T12:11:57+00:00\",\"breadcrumb\":{\"@id\":\"https:\\\/\\\/lequotidien.mr\\\/?p=20529&lang=fr#breadcrumb\"},\"inLanguage\":\"ar\",\"potentialAction\":[{\"@type\":\"ReadAction\",\"target\":[\"https:\\\/\\\/lequotidien.mr\\\/?p=20529&lang=fr\"]}]},{\"@type\":\"ImageObject\",\"inLanguage\":\"ar\",\"@id\":\"https:\\\/\\\/lequotidien.mr\\\/?p=20529&lang=fr#primaryimage\",\"url\":\"https:\\\/\\\/lequotidien.mr\\\/wp-content\\\/uploads\\\/2024\\\/08\\\/photo-ministre-Habitat.jpg\",\"contentUrl\":\"https:\\\/\\\/lequotidien.mr\\\/wp-content\\\/uploads\\\/2024\\\/08\\\/photo-ministre-Habitat.jpg\",\"width\":768,\"height\":879},{\"@type\":\"BreadcrumbList\",\"@id\":\"https:\\\/\\\/lequotidien.mr\\\/?p=20529&lang=fr#breadcrumb\",\"itemListElement\":[{\"@type\":\"ListItem\",\"position\":1,\"name\":\"Home\",\"item\":\"https:\\\/\\\/lequotidien.mr\\\/\"},{\"@type\":\"ListItem\",\"position\":2,\"name\":\"\u00c9lection de Sid\u2019Ahmed Mohamed \u00e0 la t\u00eate du Parti de l&#8217;Insaf : Un nouveau leadership pour un contexte d\u00e9licat\"}]},{\"@type\":\"WebSite\",\"@id\":\"https:\\\/\\\/lequotidien.mr\\\/#website\",\"url\":\"https:\\\/\\\/lequotidien.mr\\\/\",\"name\":\"Le Quotidien de Nouakchott\",\"description\":\"\u0625\u062e\u0628\u0627\u0631\u064a\u0629 \u0645\u0633\u062a\u0642\u0644\u0629 \u0644\u0644\u0623\u0646\u0628\u0627\u0621 \u0627\u0644\u0639\u0627\u0645\u0629\",\"publisher\":{\"@id\":\"https:\\\/\\\/lequotidien.mr\\\/#organization\"},\"potentialAction\":[{\"@type\":\"SearchAction\",\"target\":{\"@type\":\"EntryPoint\",\"urlTemplate\":\"https:\\\/\\\/lequotidien.mr\\\/?s={search_term_string}\"},\"query-input\":{\"@type\":\"PropertyValueSpecification\",\"valueRequired\":true,\"valueName\":\"search_term_string\"}}],\"inLanguage\":\"ar\"},{\"@type\":\"Organization\",\"@id\":\"https:\\\/\\\/lequotidien.mr\\\/#organization\",\"name\":\"Le Quotidien de Nouakchott\",\"url\":\"https:\\\/\\\/lequotidien.mr\\\/\",\"logo\":{\"@type\":\"ImageObject\",\"inLanguage\":\"ar\",\"@id\":\"https:\\\/\\\/lequotidien.mr\\\/#\\\/schema\\\/logo\\\/image\\\/\",\"url\":\"https:\\\/\\\/lequotidien.mr\\\/wp-content\\\/uploads\\\/2022\\\/11\\\/logolequotidien.jpg\",\"contentUrl\":\"https:\\\/\\\/lequotidien.mr\\\/wp-content\\\/uploads\\\/2022\\\/11\\\/logolequotidien.jpg\",\"width\":290,\"height\":65,\"caption\":\"Le Quotidien de Nouakchott\"},\"image\":{\"@id\":\"https:\\\/\\\/lequotidien.mr\\\/#\\\/schema\\\/logo\\\/image\\\/\"},\"sameAs\":[\"https:\\\/\\\/web.facebook.com\\\/lequotidienmr\",\"https:\\\/\\\/x.com\\\/lequotidienmr\"]},{\"@type\":\"Person\",\"@id\":\"https:\\\/\\\/lequotidien.mr\\\/#\\\/schema\\\/person\\\/f90fcdaa970c60288de4ed2e64a56472\",\"name\":\"Le Quotidien\",\"image\":{\"@type\":\"ImageObject\",\"inLanguage\":\"ar\",\"@id\":\"https:\\\/\\\/secure.gravatar.com\\\/avatar\\\/374cb39a1a458a912465a93e5a3ce6546886fc3da809a1f10c63e4e8fcbca30f?s=96&d=mm&r=g\",\"url\":\"https:\\\/\\\/secure.gravatar.com\\\/avatar\\\/374cb39a1a458a912465a93e5a3ce6546886fc3da809a1f10c63e4e8fcbca30f?s=96&d=mm&r=g\",\"contentUrl\":\"https:\\\/\\\/secure.gravatar.com\\\/avatar\\\/374cb39a1a458a912465a93e5a3ce6546886fc3da809a1f10c63e4e8fcbca30f?s=96&d=mm&r=g\",\"caption\":\"Le Quotidien\"},\"sameAs\":[\"https:\\\/\\\/lequotidien.mr\\\/\"],\"url\":\"https:\\\/\\\/lequotidien.mr\\\/?author=4\"}]}<\/script>\n<!-- \/ Yoast SEO plugin. -->","yoast_head_json":{"title":"\u00c9lection de Sid\u2019Ahmed Mohamed \u00e0 la t\u00eate du Parti de l'Insaf : Un nouveau leadership pour un contexte d\u00e9licat - Le Quotidien de Nouakchott","robots":{"index":"index","follow":"follow","max-snippet":"max-snippet:-1","max-image-preview":"max-image-preview:large","max-video-preview":"max-video-preview:-1"},"canonical":"https:\/\/lequotidien.mr\/?p=20529&lang=fr","og_locale":"ar_AR","og_type":"article","og_title":"\u00c9lection de Sid\u2019Ahmed Mohamed \u00e0 la t\u00eate du Parti de l'Insaf : Un nouveau leadership pour un contexte d\u00e9licat - Le Quotidien de Nouakchott","og_description":"Le parti de l&#8217;Insaf a \u00e9lu lors de la session extraordinaire de son conseil national, tenue hier soir vendredi, l&#8217;ancien ministre du logement, Sid\u2019Ahmed Mohamed, comme pr\u00e9sident, succ\u00e9dant ainsi \u00e0 Mohamed Maa El-Ainin Ould Eyih. Dans un discours prononc\u00e9 apr\u00e8s son \u00e9lection, Ould Mohamed a soulign\u00e9 que son parcours vers la pr\u00e9sidence du parti n&#8217;a.....","og_url":"https:\/\/lequotidien.mr\/?p=20529&lang=fr","og_site_name":"Le Quotidien de Nouakchott","article_publisher":"https:\/\/web.facebook.com\/lequotidienmr","article_published_time":"2024-08-17T12:11:57+00:00","og_image":[{"width":768,"height":879,"url":"https:\/\/lequotidien.mr\/wp-content\/uploads\/2024\/08\/photo-ministre-Habitat.jpg","type":"image\/jpeg"}],"author":"Le Quotidien","twitter_card":"summary_large_image","twitter_creator":"@lequotidienmr","twitter_site":"@lequotidienmr","twitter_misc":{"\u0643\u064f\u062a\u0628 \u0628\u0648\u0627\u0633\u0637\u0629":"Le Quotidien","\u0648\u0642\u062a \u0627\u0644\u0642\u0631\u0627\u0621\u0629 \u0627\u0644\u0645\u064f\u0642\u062f\u0651\u0631":"\u062f\u0642\u064a\u0642\u062a\u0627\u0646"},"schema":{"@context":"https:\/\/schema.org","@graph":[{"@type":"Article","@id":"https:\/\/lequotidien.mr\/?p=20529&lang=fr#article","isPartOf":{"@id":"https:\/\/lequotidien.mr\/?p=20529&lang=fr"},"author":{"name":"Le Quotidien","@id":"https:\/\/lequotidien.mr\/#\/schema\/person\/f90fcdaa970c60288de4ed2e64a56472"},"headline":"\u00c9lection de Sid\u2019Ahmed Mohamed \u00e0 la t\u00eate du Parti de l&#8217;Insaf : Un nouveau leadership pour un contexte d\u00e9licat","datePublished":"2024-08-17T12:11:57+00:00","mainEntityOfPage":{"@id":"https:\/\/lequotidien.mr\/?p=20529&lang=fr"},"wordCount":290,"commentCount":0,"publisher":{"@id":"https:\/\/lequotidien.mr\/#organization"},"image":{"@id":"https:\/\/lequotidien.mr\/?p=20529&lang=fr#primaryimage"},"thumbnailUrl":"https:\/\/lequotidien.mr\/wp-content\/uploads\/2024\/08\/photo-ministre-Habitat.jpg","articleSection":["ACTUALIT\u00c9","Couverture sp\u00e9cilale"],"inLanguage":"ar","potentialAction":[{"@type":"CommentAction","name":"Comment","target":["https:\/\/lequotidien.mr\/?p=20529&lang=fr#respond"]}]},{"@type":"WebPage","@id":"https:\/\/lequotidien.mr\/?p=20529&lang=fr","url":"https:\/\/lequotidien.mr\/?p=20529&lang=fr","name":"\u00c9lection de Sid\u2019Ahmed Mohamed \u00e0 la t\u00eate du Parti de l'Insaf : Un nouveau leadership pour un contexte d\u00e9licat - Le Quotidien de Nouakchott","isPartOf":{"@id":"https:\/\/lequotidien.mr\/#website"},"primaryImageOfPage":{"@id":"https:\/\/lequotidien.mr\/?p=20529&lang=fr#primaryimage"},"image":{"@id":"https:\/\/lequotidien.mr\/?p=20529&lang=fr#primaryimage"},"thumbnailUrl":"https:\/\/lequotidien.mr\/wp-content\/uploads\/2024\/08\/photo-ministre-Habitat.jpg","datePublished":"2024-08-17T12:11:57+00:00","breadcrumb":{"@id":"https:\/\/lequotidien.mr\/?p=20529&lang=fr#breadcrumb"},"inLanguage":"ar","potentialAction":[{"@type":"ReadAction","target":["https:\/\/lequotidien.mr\/?p=20529&lang=fr"]}]},{"@type":"ImageObject","inLanguage":"ar","@id":"https:\/\/lequotidien.mr\/?p=20529&lang=fr#primaryimage","url":"https:\/\/lequotidien.mr\/wp-content\/uploads\/2024\/08\/photo-ministre-Habitat.jpg","contentUrl":"https:\/\/lequotidien.mr\/wp-content\/uploads\/2024\/08\/photo-ministre-Habitat.jpg","width":768,"height":879},{"@type":"BreadcrumbList","@id":"https:\/\/lequotidien.mr\/?p=20529&lang=fr#breadcrumb","itemListElement":[{"@type":"ListItem","position":1,"name":"Home","item":"https:\/\/lequotidien.mr\/"},{"@type":"ListItem","position":2,"name":"\u00c9lection de Sid\u2019Ahmed Mohamed \u00e0 la t\u00eate du Parti de l&#8217;Insaf : Un nouveau leadership pour un contexte d\u00e9licat"}]},{"@type":"WebSite","@id":"https:\/\/lequotidien.mr\/#website","url":"https:\/\/lequotidien.mr\/","name":"Le Quotidien de Nouakchott","description":"\u0625\u062e\u0628\u0627\u0631\u064a\u0629 \u0645\u0633\u062a\u0642\u0644\u0629 \u0644\u0644\u0623\u0646\u0628\u0627\u0621 \u0627\u0644\u0639\u0627\u0645\u0629","publisher":{"@id":"https:\/\/lequotidien.mr\/#organization"},"potentialAction":[{"@type":"SearchAction","target":{"@type":"EntryPoint","urlTemplate":"https:\/\/lequotidien.mr\/?s={search_term_string}"},"query-input":{"@type":"PropertyValueSpecification","valueRequired":true,"valueName":"search_term_string"}}],"inLanguage":"ar"},{"@type":"Organization","@id":"https:\/\/lequotidien.mr\/#organization","name":"Le Quotidien de Nouakchott","url":"https:\/\/lequotidien.mr\/","logo":{"@type":"ImageObject","inLanguage":"ar","@id":"https:\/\/lequotidien.mr\/#\/schema\/logo\/image\/","url":"https:\/\/lequotidien.mr\/wp-content\/uploads\/2022\/11\/logolequotidien.jpg","contentUrl":"https:\/\/lequotidien.mr\/wp-content\/uploads\/2022\/11\/logolequotidien.jpg","width":290,"height":65,"caption":"Le Quotidien de Nouakchott"},"image":{"@id":"https:\/\/lequotidien.mr\/#\/schema\/logo\/image\/"},"sameAs":["https:\/\/web.facebook.com\/lequotidienmr","https:\/\/x.com\/lequotidienmr"]},{"@type":"Person","@id":"https:\/\/lequotidien.mr\/#\/schema\/person\/f90fcdaa970c60288de4ed2e64a56472","name":"Le Quotidien","image":{"@type":"ImageObject","inLanguage":"ar","@id":"https:\/\/secure.gravatar.com\/avatar\/374cb39a1a458a912465a93e5a3ce6546886fc3da809a1f10c63e4e8fcbca30f?s=96&d=mm&r=g","url":"https:\/\/secure.gravatar.com\/avatar\/374cb39a1a458a912465a93e5a3ce6546886fc3da809a1f10c63e4e8fcbca30f?s=96&d=mm&r=g","contentUrl":"https:\/\/secure.gravatar.com\/avatar\/374cb39a1a458a912465a93e5a3ce6546886fc3da809a1f10c63e4e8fcbca30f?s=96&d=mm&r=g","caption":"Le Quotidien"},"sameAs":["https:\/\/lequotidien.mr\/"],"url":"https:\/\/lequotidien.mr\/?author=4"}]}},"_links":{"self":[{"href":"https:\/\/lequotidien.mr\/index.php?rest_route=\/wp\/v2\/posts\/20529","targetHints":{"allow":["GET"]}}],"collection":[{"href":"https:\/\/lequotidien.mr\/index.php?rest_route=\/wp\/v2\/posts"}],"about":[{"href":"https:\/\/lequotidien.mr\/index.php?rest_route=\/wp\/v2\/types\/post"}],"author":[{"embeddable":true,"href":"https:\/\/lequotidien.mr\/index.php?rest_route=\/wp\/v2\/users\/4"}],"replies":[{"embeddable":true,"href":"https:\/\/lequotidien.mr\/index.php?rest_route=%2Fwp%2Fv2%2Fcomments&post=20529"}],"version-history":[{"count":1,"href":"https:\/\/lequotidien.mr\/index.php?rest_route=\/wp\/v2\/posts\/20529\/revisions"}],"predecessor-version":[{"id":20530,"href":"https:\/\/lequotidien.mr\/index.php?rest_route=\/wp\/v2\/posts\/20529\/revisions\/20530"}],"wp:featuredmedia":[{"embeddable":true,"href":"https:\/\/lequotidien.mr\/index.php?rest_route=\/wp\/v2\/media\/20255"}],"wp:attachment":[{"href":"https:\/\/lequotidien.mr\/index.php?rest_route=%2Fwp%2Fv2%2Fmedia&parent=20529"}],"wp:term":[{"taxonomy":"category","embeddable":true,"href":"https:\/\/lequotidien.mr\/index.php?rest_route=%2Fwp%2Fv2%2Fcategories&post=20529"},{"taxonomy":"post_tag","embeddable":true,"href":"https:\/\/lequotidien.mr\/index.php?rest_route=%2Fwp%2Fv2%2Ftags&post=20529"}],"curies":[{"name":"wp","href":"https:\/\/api.w.org\/{rel}","templated":true}]}}