{"id":20426,"date":"2024-08-13T19:15:47","date_gmt":"2024-08-13T19:15:47","guid":{"rendered":"https:\/\/lequotidien.mr\/?p=20426"},"modified":"2024-08-13T19:15:47","modified_gmt":"2024-08-13T19:15:47","slug":"le-premier-ministre-mokhtar-diay-veut-promouvoir-le-partenariat-public-prive-avec-lunion-nationale-du-patronat-mauritanien","status":"publish","type":"post","link":"https:\/\/lequotidien.mr\/?p=20426&lang=fr","title":{"rendered":"Le Premier ministre Mokhtar Diay veut promouvoir le partenariat public-priv\u00e9 avec l&#8217;Union Nationale du Patronat Mauritanien"},"content":{"rendered":"<p>Le lundi 12 ao\u00fbt, le Premier ministre de Mauritanie, Mokhtar Diay, a accueilli au si\u00e8ge du Premier minist\u00e8re les membres du bureau ex\u00e9cutif de l\u2019Union Nationale du Patronat Mauritanien (UNPM), en pr\u00e9sence de Mohamed Zeine El Abidine Cheikh Ahmed, pr\u00e9sident de l&#8217;UNPM. Cette rencontre marquait une \u00e9tape importante dans la consolidation des relations entre le secteur public et le secteur priv\u00e9, avec un focus particulier sur la dynamisation de leurs m\u00e9canismes de partenariat.<\/p>\n<p>D\u2019embl\u00e9e, Mokhtar Diay a soulign\u00e9 la forte volont\u00e9 politique du Pr\u00e9sident de la R\u00e9publique, Mohamed Cheikh El Ghazouani, de faire du secteur priv\u00e9 national un acteur cl\u00e9 dans le d\u00e9veloppement \u00e9conomique et social du pays. Le Premier ministre a exprim\u00e9 l&#8217;engagement du gouvernement \u00e0 soutenir le secteur priv\u00e9 en lui offrant toutes les facilit\u00e9s et incitations n\u00e9cessaires pour qu&#8217;il puisse pleinement participer aux ambitions de d\u00e9veloppement national. Cette d\u00e9claration s&#8217;inscrit dans une vision strat\u00e9gique visant \u00e0 encourager une collaboration plus \u00e9troite entre les deux secteurs pour impulser une croissance durable.<\/p>\n<p>Pour sa part, le Pr\u00e9sident de l\u2019UNPM, Mohamed Zeine El Abidine Cheikh Ahmed, a remerci\u00e9 le gouvernement pour ses efforts en faveur de l\u2019int\u00e9gration du secteur priv\u00e9 dans le processus de d\u00e9veloppement. Il a abord\u00e9 les obstacles rencontr\u00e9s par les investisseurs nationaux, en soulignant les principaux d\u00e9fis et les solutions potentielles qui pourraient am\u00e9liorer leur contribution \u00e0 l\u2019\u00e9conomie. Ce soutien s\u2019accompagne d\u2019une promesse de la part du secteur priv\u00e9 d\u2019appuyer les r\u00e9formes et les programmes de d\u00e9veloppement initi\u00e9s par le gouvernement.<\/p>\n<p>En conclusion de la r\u00e9union, le Premier ministre a donn\u00e9 l\u2019ordre de mettre en place un m\u00e9canisme d\u00e9di\u00e9 \u00e0 l\u2019organisation de forums publics pour le partenariat public-priv\u00e9. Ces forums seront con\u00e7us pour faciliter un dialogue constructif et pour \u00e9laborer des strat\u00e9gies communes afin de maximiser les r\u00e9alisations nationales. Cette initiative vise \u00e0 renforcer la coop\u00e9ration entre les secteurs public et priv\u00e9 et \u00e0 promouvoir un d\u00e9veloppement \u00e9conomique harmonieux et inclusif.<\/p>\n<p>Cette rencontre marque une volont\u00e9 renouvel\u00e9e de la part du gouvernement et du secteur priv\u00e9 de travailler ensemble de mani\u00e8re plus efficace pour r\u00e9pondre aux d\u00e9fis \u00e9conomiques du pays et r\u00e9aliser les ambitions de d\u00e9veloppement de la Mauritanie.<\/p>\n","protected":false},"excerpt":{"rendered":"<p>Le lundi 12 ao\u00fbt, le Premier ministre de Mauritanie, Mokhtar Diay, a accueilli au si\u00e8ge du Premier minist\u00e8re les membres du bureau ex\u00e9cutif de l\u2019Union Nationale du Patronat Mauritanien (UNPM), en pr\u00e9sence de Mohamed Zeine El Abidine Cheikh Ahmed, pr\u00e9sident de l&#8217;UNPM. Cette rencontre marquait une \u00e9tape importante dans la consolidation des relations entre le&#8230;..<\/p>\n","protected":false},"author":12,"featured_media":20427,"comment_status":"open","ping_status":"open","sticky":false,"template":"","format":"standard","meta":{"footnotes":""},"categories":[23,49],"tags":[],"class_list":["post-20426","post","type-post","status-publish","format-standard","has-post-thumbnail","hentry","category-actualite","category-economie"],"yoast_head":"<!-- This site is optimized with the Yoast SEO plugin v27.5 - https:\/\/yoast.com\/product\/yoast-seo-wordpress\/ -->\n<title>Le Premier ministre Mokhtar Diay veut promouvoir le partenariat public-priv\u00e9 avec l&#039;Union Nationale du Patronat Mauritanien - Le Quotidien de Nouakchott<\/title>\n<meta name=\"robots\" content=\"index, follow, max-snippet:-1, max-image-preview:large, max-video-preview:-1\" \/>\n<link rel=\"canonical\" href=\"https:\/\/lequotidien.mr\/?p=20426&lang=fr\" \/>\n<meta property=\"og:locale\" content=\"ar_AR\" \/>\n<meta property=\"og:type\" content=\"article\" \/>\n<meta property=\"og:title\" content=\"Le Premier ministre Mokhtar Diay veut promouvoir le partenariat public-priv\u00e9 avec l&#039;Union Nationale du Patronat Mauritanien - Le Quotidien de Nouakchott\" \/>\n<meta property=\"og:description\" content=\"Le lundi 12 ao\u00fbt, le Premier ministre de Mauritanie, Mokhtar Diay, a accueilli au si\u00e8ge du Premier minist\u00e8re les membres du bureau ex\u00e9cutif de l\u2019Union Nationale du Patronat Mauritanien (UNPM), en pr\u00e9sence de Mohamed Zeine El Abidine Cheikh Ahmed, pr\u00e9sident de l&#8217;UNPM. Cette rencontre marquait une \u00e9tape importante dans la consolidation des relations entre le.....\" \/>\n<meta property=\"og:url\" content=\"https:\/\/lequotidien.mr\/?p=20426&amp;lang=fr\" \/>\n<meta property=\"og:site_name\" content=\"Le Quotidien de Nouakchott\" \/>\n<meta property=\"article:publisher\" content=\"https:\/\/web.facebook.com\/lequotidienmr\" \/>\n<meta property=\"article:published_time\" content=\"2024-08-13T19:15:47+00:00\" \/>\n<meta property=\"og:image\" content=\"https:\/\/lequotidien.mr\/wp-content\/uploads\/2024\/08\/photo-PM-et-patronat.jpg\" \/>\n\t<meta property=\"og:image:width\" content=\"644\" \/>\n\t<meta property=\"og:image:height\" content=\"332\" \/>\n\t<meta property=\"og:image:type\" content=\"image\/jpeg\" \/>\n<meta name=\"author\" content=\"Med Ahmed\" \/>\n<meta name=\"twitter:card\" content=\"summary_large_image\" \/>\n<meta name=\"twitter:creator\" content=\"@lequotidienmr\" \/>\n<meta name=\"twitter:site\" content=\"@lequotidienmr\" \/>\n<meta name=\"twitter:label1\" content=\"\u0643\u064f\u062a\u0628 \u0628\u0648\u0627\u0633\u0637\u0629\" \/>\n\t<meta name=\"twitter:data1\" content=\"Med Ahmed\" \/>\n\t<meta name=\"twitter:label2\" content=\"\u0648\u0642\u062a \u0627\u0644\u0642\u0631\u0627\u0621\u0629 \u0627\u0644\u0645\u064f\u0642\u062f\u0651\u0631\" \/>\n\t<meta name=\"twitter:data2\" content=\"\u062f\u0642\u064a\u0642\u062a\u0627\u0646\" \/>\n<script type=\"application\/ld+json\" class=\"yoast-schema-graph\">{\"@context\":\"https:\\\/\\\/schema.org\",\"@graph\":[{\"@type\":\"Article\",\"@id\":\"https:\\\/\\\/lequotidien.mr\\\/?p=20426&lang=fr#article\",\"isPartOf\":{\"@id\":\"https:\\\/\\\/lequotidien.mr\\\/?p=20426&lang=fr\"},\"author\":{\"name\":\"Med Ahmed\",\"@id\":\"https:\\\/\\\/lequotidien.mr\\\/#\\\/schema\\\/person\\\/d2d350202a4d599685ed8abc25f97596\"},\"headline\":\"Le Premier ministre Mokhtar Diay veut promouvoir le partenariat public-priv\u00e9 avec l&#8217;Union Nationale du Patronat Mauritanien\",\"datePublished\":\"2024-08-13T19:15:47+00:00\",\"mainEntityOfPage\":{\"@id\":\"https:\\\/\\\/lequotidien.mr\\\/?p=20426&lang=fr\"},\"wordCount\":415,\"commentCount\":0,\"publisher\":{\"@id\":\"https:\\\/\\\/lequotidien.mr\\\/#organization\"},\"image\":{\"@id\":\"https:\\\/\\\/lequotidien.mr\\\/?p=20426&lang=fr#primaryimage\"},\"thumbnailUrl\":\"https:\\\/\\\/lequotidien.mr\\\/wp-content\\\/uploads\\\/2024\\\/08\\\/photo-PM-et-patronat.jpg\",\"articleSection\":[\"ACTUALIT\u00c9\",\"Economie\"],\"inLanguage\":\"ar\",\"potentialAction\":[{\"@type\":\"CommentAction\",\"name\":\"Comment\",\"target\":[\"https:\\\/\\\/lequotidien.mr\\\/?p=20426&lang=fr#respond\"]}]},{\"@type\":\"WebPage\",\"@id\":\"https:\\\/\\\/lequotidien.mr\\\/?p=20426&lang=fr\",\"url\":\"https:\\\/\\\/lequotidien.mr\\\/?p=20426&lang=fr\",\"name\":\"Le Premier ministre Mokhtar Diay veut promouvoir le partenariat public-priv\u00e9 avec l'Union Nationale du Patronat Mauritanien - Le Quotidien de Nouakchott\",\"isPartOf\":{\"@id\":\"https:\\\/\\\/lequotidien.mr\\\/#website\"},\"primaryImageOfPage\":{\"@id\":\"https:\\\/\\\/lequotidien.mr\\\/?p=20426&lang=fr#primaryimage\"},\"image\":{\"@id\":\"https:\\\/\\\/lequotidien.mr\\\/?p=20426&lang=fr#primaryimage\"},\"thumbnailUrl\":\"https:\\\/\\\/lequotidien.mr\\\/wp-content\\\/uploads\\\/2024\\\/08\\\/photo-PM-et-patronat.jpg\",\"datePublished\":\"2024-08-13T19:15:47+00:00\",\"breadcrumb\":{\"@id\":\"https:\\\/\\\/lequotidien.mr\\\/?p=20426&lang=fr#breadcrumb\"},\"inLanguage\":\"ar\",\"potentialAction\":[{\"@type\":\"ReadAction\",\"target\":[\"https:\\\/\\\/lequotidien.mr\\\/?p=20426&lang=fr\"]}]},{\"@type\":\"ImageObject\",\"inLanguage\":\"ar\",\"@id\":\"https:\\\/\\\/lequotidien.mr\\\/?p=20426&lang=fr#primaryimage\",\"url\":\"https:\\\/\\\/lequotidien.mr\\\/wp-content\\\/uploads\\\/2024\\\/08\\\/photo-PM-et-patronat.jpg\",\"contentUrl\":\"https:\\\/\\\/lequotidien.mr\\\/wp-content\\\/uploads\\\/2024\\\/08\\\/photo-PM-et-patronat.jpg\",\"width\":644,\"height\":332},{\"@type\":\"BreadcrumbList\",\"@id\":\"https:\\\/\\\/lequotidien.mr\\\/?p=20426&lang=fr#breadcrumb\",\"itemListElement\":[{\"@type\":\"ListItem\",\"position\":1,\"name\":\"Home\",\"item\":\"https:\\\/\\\/lequotidien.mr\\\/\"},{\"@type\":\"ListItem\",\"position\":2,\"name\":\"Le Premier ministre Mokhtar Diay veut promouvoir le partenariat public-priv\u00e9 avec l&rsquo;Union Nationale du Patronat Mauritanien\"}]},{\"@type\":\"WebSite\",\"@id\":\"https:\\\/\\\/lequotidien.mr\\\/#website\",\"url\":\"https:\\\/\\\/lequotidien.mr\\\/\",\"name\":\"Le Quotidien de Nouakchott\",\"description\":\"\u0625\u062e\u0628\u0627\u0631\u064a\u0629 \u0645\u0633\u062a\u0642\u0644\u0629 \u0644\u0644\u0623\u0646\u0628\u0627\u0621 \u0627\u0644\u0639\u0627\u0645\u0629\",\"publisher\":{\"@id\":\"https:\\\/\\\/lequotidien.mr\\\/#organization\"},\"potentialAction\":[{\"@type\":\"SearchAction\",\"target\":{\"@type\":\"EntryPoint\",\"urlTemplate\":\"https:\\\/\\\/lequotidien.mr\\\/?s={search_term_string}\"},\"query-input\":{\"@type\":\"PropertyValueSpecification\",\"valueRequired\":true,\"valueName\":\"search_term_string\"}}],\"inLanguage\":\"ar\"},{\"@type\":\"Organization\",\"@id\":\"https:\\\/\\\/lequotidien.mr\\\/#organization\",\"name\":\"Le Quotidien de Nouakchott\",\"url\":\"https:\\\/\\\/lequotidien.mr\\\/\",\"logo\":{\"@type\":\"ImageObject\",\"inLanguage\":\"ar\",\"@id\":\"https:\\\/\\\/lequotidien.mr\\\/#\\\/schema\\\/logo\\\/image\\\/\",\"url\":\"https:\\\/\\\/lequotidien.mr\\\/wp-content\\\/uploads\\\/2022\\\/11\\\/logolequotidien.jpg\",\"contentUrl\":\"https:\\\/\\\/lequotidien.mr\\\/wp-content\\\/uploads\\\/2022\\\/11\\\/logolequotidien.jpg\",\"width\":290,\"height\":65,\"caption\":\"Le Quotidien de Nouakchott\"},\"image\":{\"@id\":\"https:\\\/\\\/lequotidien.mr\\\/#\\\/schema\\\/logo\\\/image\\\/\"},\"sameAs\":[\"https:\\\/\\\/web.facebook.com\\\/lequotidienmr\",\"https:\\\/\\\/x.com\\\/lequotidienmr\"]},{\"@type\":\"Person\",\"@id\":\"https:\\\/\\\/lequotidien.mr\\\/#\\\/schema\\\/person\\\/d2d350202a4d599685ed8abc25f97596\",\"name\":\"Med Ahmed\",\"image\":{\"@type\":\"ImageObject\",\"inLanguage\":\"ar\",\"@id\":\"https:\\\/\\\/secure.gravatar.com\\\/avatar\\\/fd2acc62ed50732923d1d39c17172c9b04149f142be92310ecc69e1358f94b52?s=96&d=mm&r=g\",\"url\":\"https:\\\/\\\/secure.gravatar.com\\\/avatar\\\/fd2acc62ed50732923d1d39c17172c9b04149f142be92310ecc69e1358f94b52?s=96&d=mm&r=g\",\"contentUrl\":\"https:\\\/\\\/secure.gravatar.com\\\/avatar\\\/fd2acc62ed50732923d1d39c17172c9b04149f142be92310ecc69e1358f94b52?s=96&d=mm&r=g\",\"caption\":\"Med Ahmed\"},\"url\":\"https:\\\/\\\/lequotidien.mr\\\/?author=12\"}]}<\/script>\n<!-- \/ Yoast SEO plugin. -->","yoast_head_json":{"title":"Le Premier ministre Mokhtar Diay veut promouvoir le partenariat public-priv\u00e9 avec l'Union Nationale du Patronat Mauritanien - Le Quotidien de Nouakchott","robots":{"index":"index","follow":"follow","max-snippet":"max-snippet:-1","max-image-preview":"max-image-preview:large","max-video-preview":"max-video-preview:-1"},"canonical":"https:\/\/lequotidien.mr\/?p=20426&lang=fr","og_locale":"ar_AR","og_type":"article","og_title":"Le Premier ministre Mokhtar Diay veut promouvoir le partenariat public-priv\u00e9 avec l'Union Nationale du Patronat Mauritanien - Le Quotidien de Nouakchott","og_description":"Le lundi 12 ao\u00fbt, le Premier ministre de Mauritanie, Mokhtar Diay, a accueilli au si\u00e8ge du Premier minist\u00e8re les membres du bureau ex\u00e9cutif de l\u2019Union Nationale du Patronat Mauritanien (UNPM), en pr\u00e9sence de Mohamed Zeine El Abidine Cheikh Ahmed, pr\u00e9sident de l&#8217;UNPM. Cette rencontre marquait une \u00e9tape importante dans la consolidation des relations entre le.....","og_url":"https:\/\/lequotidien.mr\/?p=20426&lang=fr","og_site_name":"Le Quotidien de Nouakchott","article_publisher":"https:\/\/web.facebook.com\/lequotidienmr","article_published_time":"2024-08-13T19:15:47+00:00","og_image":[{"width":644,"height":332,"url":"https:\/\/lequotidien.mr\/wp-content\/uploads\/2024\/08\/photo-PM-et-patronat.jpg","type":"image\/jpeg"}],"author":"Med Ahmed","twitter_card":"summary_large_image","twitter_creator":"@lequotidienmr","twitter_site":"@lequotidienmr","twitter_misc":{"\u0643\u064f\u062a\u0628 \u0628\u0648\u0627\u0633\u0637\u0629":"Med Ahmed","\u0648\u0642\u062a \u0627\u0644\u0642\u0631\u0627\u0621\u0629 \u0627\u0644\u0645\u064f\u0642\u062f\u0651\u0631":"\u062f\u0642\u064a\u0642\u062a\u0627\u0646"},"schema":{"@context":"https:\/\/schema.org","@graph":[{"@type":"Article","@id":"https:\/\/lequotidien.mr\/?p=20426&lang=fr#article","isPartOf":{"@id":"https:\/\/lequotidien.mr\/?p=20426&lang=fr"},"author":{"name":"Med Ahmed","@id":"https:\/\/lequotidien.mr\/#\/schema\/person\/d2d350202a4d599685ed8abc25f97596"},"headline":"Le Premier ministre Mokhtar Diay veut promouvoir le partenariat public-priv\u00e9 avec l&#8217;Union Nationale du Patronat Mauritanien","datePublished":"2024-08-13T19:15:47+00:00","mainEntityOfPage":{"@id":"https:\/\/lequotidien.mr\/?p=20426&lang=fr"},"wordCount":415,"commentCount":0,"publisher":{"@id":"https:\/\/lequotidien.mr\/#organization"},"image":{"@id":"https:\/\/lequotidien.mr\/?p=20426&lang=fr#primaryimage"},"thumbnailUrl":"https:\/\/lequotidien.mr\/wp-content\/uploads\/2024\/08\/photo-PM-et-patronat.jpg","articleSection":["ACTUALIT\u00c9","Economie"],"inLanguage":"ar","potentialAction":[{"@type":"CommentAction","name":"Comment","target":["https:\/\/lequotidien.mr\/?p=20426&lang=fr#respond"]}]},{"@type":"WebPage","@id":"https:\/\/lequotidien.mr\/?p=20426&lang=fr","url":"https:\/\/lequotidien.mr\/?p=20426&lang=fr","name":"Le Premier ministre Mokhtar Diay veut promouvoir le partenariat public-priv\u00e9 avec l'Union Nationale du Patronat Mauritanien - Le Quotidien de Nouakchott","isPartOf":{"@id":"https:\/\/lequotidien.mr\/#website"},"primaryImageOfPage":{"@id":"https:\/\/lequotidien.mr\/?p=20426&lang=fr#primaryimage"},"image":{"@id":"https:\/\/lequotidien.mr\/?p=20426&lang=fr#primaryimage"},"thumbnailUrl":"https:\/\/lequotidien.mr\/wp-content\/uploads\/2024\/08\/photo-PM-et-patronat.jpg","datePublished":"2024-08-13T19:15:47+00:00","breadcrumb":{"@id":"https:\/\/lequotidien.mr\/?p=20426&lang=fr#breadcrumb"},"inLanguage":"ar","potentialAction":[{"@type":"ReadAction","target":["https:\/\/lequotidien.mr\/?p=20426&lang=fr"]}]},{"@type":"ImageObject","inLanguage":"ar","@id":"https:\/\/lequotidien.mr\/?p=20426&lang=fr#primaryimage","url":"https:\/\/lequotidien.mr\/wp-content\/uploads\/2024\/08\/photo-PM-et-patronat.jpg","contentUrl":"https:\/\/lequotidien.mr\/wp-content\/uploads\/2024\/08\/photo-PM-et-patronat.jpg","width":644,"height":332},{"@type":"BreadcrumbList","@id":"https:\/\/lequotidien.mr\/?p=20426&lang=fr#breadcrumb","itemListElement":[{"@type":"ListItem","position":1,"name":"Home","item":"https:\/\/lequotidien.mr\/"},{"@type":"ListItem","position":2,"name":"Le Premier ministre Mokhtar Diay veut promouvoir le partenariat public-priv\u00e9 avec l&rsquo;Union Nationale du Patronat Mauritanien"}]},{"@type":"WebSite","@id":"https:\/\/lequotidien.mr\/#website","url":"https:\/\/lequotidien.mr\/","name":"Le Quotidien de Nouakchott","description":"\u0625\u062e\u0628\u0627\u0631\u064a\u0629 \u0645\u0633\u062a\u0642\u0644\u0629 \u0644\u0644\u0623\u0646\u0628\u0627\u0621 \u0627\u0644\u0639\u0627\u0645\u0629","publisher":{"@id":"https:\/\/lequotidien.mr\/#organization"},"potentialAction":[{"@type":"SearchAction","target":{"@type":"EntryPoint","urlTemplate":"https:\/\/lequotidien.mr\/?s={search_term_string}"},"query-input":{"@type":"PropertyValueSpecification","valueRequired":true,"valueName":"search_term_string"}}],"inLanguage":"ar"},{"@type":"Organization","@id":"https:\/\/lequotidien.mr\/#organization","name":"Le Quotidien de Nouakchott","url":"https:\/\/lequotidien.mr\/","logo":{"@type":"ImageObject","inLanguage":"ar","@id":"https:\/\/lequotidien.mr\/#\/schema\/logo\/image\/","url":"https:\/\/lequotidien.mr\/wp-content\/uploads\/2022\/11\/logolequotidien.jpg","contentUrl":"https:\/\/lequotidien.mr\/wp-content\/uploads\/2022\/11\/logolequotidien.jpg","width":290,"height":65,"caption":"Le Quotidien de Nouakchott"},"image":{"@id":"https:\/\/lequotidien.mr\/#\/schema\/logo\/image\/"},"sameAs":["https:\/\/web.facebook.com\/lequotidienmr","https:\/\/x.com\/lequotidienmr"]},{"@type":"Person","@id":"https:\/\/lequotidien.mr\/#\/schema\/person\/d2d350202a4d599685ed8abc25f97596","name":"Med Ahmed","image":{"@type":"ImageObject","inLanguage":"ar","@id":"https:\/\/secure.gravatar.com\/avatar\/fd2acc62ed50732923d1d39c17172c9b04149f142be92310ecc69e1358f94b52?s=96&d=mm&r=g","url":"https:\/\/secure.gravatar.com\/avatar\/fd2acc62ed50732923d1d39c17172c9b04149f142be92310ecc69e1358f94b52?s=96&d=mm&r=g","contentUrl":"https:\/\/secure.gravatar.com\/avatar\/fd2acc62ed50732923d1d39c17172c9b04149f142be92310ecc69e1358f94b52?s=96&d=mm&r=g","caption":"Med Ahmed"},"url":"https:\/\/lequotidien.mr\/?author=12"}]}},"_links":{"self":[{"href":"https:\/\/lequotidien.mr\/index.php?rest_route=\/wp\/v2\/posts\/20426","targetHints":{"allow":["GET"]}}],"collection":[{"href":"https:\/\/lequotidien.mr\/index.php?rest_route=\/wp\/v2\/posts"}],"about":[{"href":"https:\/\/lequotidien.mr\/index.php?rest_route=\/wp\/v2\/types\/post"}],"author":[{"embeddable":true,"href":"https:\/\/lequotidien.mr\/index.php?rest_route=\/wp\/v2\/users\/12"}],"replies":[{"embeddable":true,"href":"https:\/\/lequotidien.mr\/index.php?rest_route=%2Fwp%2Fv2%2Fcomments&post=20426"}],"version-history":[{"count":1,"href":"https:\/\/lequotidien.mr\/index.php?rest_route=\/wp\/v2\/posts\/20426\/revisions"}],"predecessor-version":[{"id":20428,"href":"https:\/\/lequotidien.mr\/index.php?rest_route=\/wp\/v2\/posts\/20426\/revisions\/20428"}],"wp:featuredmedia":[{"embeddable":true,"href":"https:\/\/lequotidien.mr\/index.php?rest_route=\/wp\/v2\/media\/20427"}],"wp:attachment":[{"href":"https:\/\/lequotidien.mr\/index.php?rest_route=%2Fwp%2Fv2%2Fmedia&parent=20426"}],"wp:term":[{"taxonomy":"category","embeddable":true,"href":"https:\/\/lequotidien.mr\/index.php?rest_route=%2Fwp%2Fv2%2Fcategories&post=20426"},{"taxonomy":"post_tag","embeddable":true,"href":"https:\/\/lequotidien.mr\/index.php?rest_route=%2Fwp%2Fv2%2Ftags&post=20426"}],"curies":[{"name":"wp","href":"https:\/\/api.w.org\/{rel}","templated":true}]}}