{"id":20400,"date":"2024-08-13T10:56:32","date_gmt":"2024-08-13T10:56:32","guid":{"rendered":"https:\/\/lequotidien.mr\/?p=20400"},"modified":"2024-08-13T10:59:36","modified_gmt":"2024-08-13T10:59:36","slug":"tasiast-renforce-son-engagement-envers-la-formation-professionnelle-des-jeunes-mauritaniens-90-techniciens-beneficient-dune-formation-specialisee-a-nouakchott-et-nouadhibou-a-travers-son-appui","status":"publish","type":"post","link":"https:\/\/lequotidien.mr\/?p=20400&lang=fr","title":{"rendered":"Tasiast renforce son engagement envers la formation professionnelle des jeunes mauritaniens : 90 techniciens b\u00e9n\u00e9ficient d&#8217;une formation sp\u00e9cialis\u00e9e \u00e0 Nouakchott et Nouadhibou \u00e0 travers son appui."},"content":{"rendered":"<p><em><img loading=\"lazy\" decoding=\"async\" class=\"alignnone size-medium wp-image-20403\" src=\"https:\/\/lequotidien.mr\/wp-content\/uploads\/2024\/08\/DSC02379-300x200.jpg\" alt=\"\" width=\"300\" height=\"200\" srcset=\"https:\/\/lequotidien.mr\/wp-content\/uploads\/2024\/08\/DSC02379-300x200.jpg 300w, https:\/\/lequotidien.mr\/wp-content\/uploads\/2024\/08\/DSC02379-1024x683.jpg 1024w, https:\/\/lequotidien.mr\/wp-content\/uploads\/2024\/08\/DSC02379-768x512.jpg 768w, https:\/\/lequotidien.mr\/wp-content\/uploads\/2024\/08\/DSC02379-1536x1024.jpg 1536w, https:\/\/lequotidien.mr\/wp-content\/uploads\/2024\/08\/DSC02379-2048x1366.jpg 2048w, https:\/\/lequotidien.mr\/wp-content\/uploads\/2024\/08\/DSC02379-237x159.jpg 237w\" sizes=\"auto, (max-width: 300px) 100vw, 300px\" \/><img loading=\"lazy\" decoding=\"async\" class=\"alignnone size-medium wp-image-20405\" src=\"https:\/\/lequotidien.mr\/wp-content\/uploads\/2024\/08\/DSC02397-300x200.jpg\" alt=\"\" width=\"300\" height=\"200\" srcset=\"https:\/\/lequotidien.mr\/wp-content\/uploads\/2024\/08\/DSC02397-300x200.jpg 300w, https:\/\/lequotidien.mr\/wp-content\/uploads\/2024\/08\/DSC02397-1024x683.jpg 1024w, https:\/\/lequotidien.mr\/wp-content\/uploads\/2024\/08\/DSC02397-768x512.jpg 768w, https:\/\/lequotidien.mr\/wp-content\/uploads\/2024\/08\/DSC02397-1536x1024.jpg 1536w, https:\/\/lequotidien.mr\/wp-content\/uploads\/2024\/08\/DSC02397-2048x1365.jpg 2048w, https:\/\/lequotidien.mr\/wp-content\/uploads\/2024\/08\/DSC02397-237x159.jpg 237w\" sizes=\"auto, (max-width: 300px) 100vw, 300px\" \/><img loading=\"lazy\" decoding=\"async\" class=\"alignnone size-medium wp-image-20406\" src=\"https:\/\/lequotidien.mr\/wp-content\/uploads\/2024\/08\/DSC02345-300x200.jpg\" alt=\"\" width=\"300\" height=\"200\" srcset=\"https:\/\/lequotidien.mr\/wp-content\/uploads\/2024\/08\/DSC02345-300x200.jpg 300w, https:\/\/lequotidien.mr\/wp-content\/uploads\/2024\/08\/DSC02345-1024x683.jpg 1024w, https:\/\/lequotidien.mr\/wp-content\/uploads\/2024\/08\/DSC02345-768x512.jpg 768w, https:\/\/lequotidien.mr\/wp-content\/uploads\/2024\/08\/DSC02345-1536x1024.jpg 1536w, https:\/\/lequotidien.mr\/wp-content\/uploads\/2024\/08\/DSC02345-2048x1365.jpg 2048w, https:\/\/lequotidien.mr\/wp-content\/uploads\/2024\/08\/DSC02345-237x159.jpg 237w\" sizes=\"auto, (max-width: 300px) 100vw, 300px\" \/>Nouakchott, Mauritanie \u2013 13 <\/em><em>ao\u00fbt 2024<\/em><strong> \u2013 <em>Tasiast Mauritanie Limited S.A (Tasiast) est heureux d\u2019annoncer la remise de certificats de formation \u00e0 la <\/em><\/strong><strong><em>derni\u00e8re cohorte d\u2019apprentis b\u00e9n\u00e9ficiant du dernier programme de formation professionnelle mis en \u0153uvre par l\u2019entreprise en partenariat avec les \u00c9coles d&#8217;Enseignement Technique, de Formation Professionnelle, de B\u00e2timents et Travaux Publics (EETFP-BTP) de Ryad\/Nouakchott et de Nouadhibou. Le 8 ao\u00fbt, 60 apprentis ont ainsi re\u00e7u leurs attestations lors d\u2019une c\u00e9r\u00e9monie \u00e0 Nouakchott, tandis qu&#8217;une autre c\u00e9r\u00e9monie se tiendra le 15 ao\u00fbt \u00e0 Nouadhibou pour c\u00e9l\u00e9brer 30 autres jeunes dipl\u00f4m\u00e9s.<\/em><\/strong><\/p>\n<p>&nbsp;<\/p>\n<p>D\u00e9but ao\u00fbt 2024, ce dernier groupe de 90 jeunes, dont 37% de jeunes filles, a termin\u00e9 une formation de quatre mois. Le programme, initialement lanc\u00e9 le 10 mai 2023, a permis de former 180 jeunes Mauritaniens au total, incluant des participants de la r\u00e9gion de l\u2019Inchiri, des deux wilayas de Nouakchott et de la r\u00e9gion de Dakhlet-Nouadhibou.<\/p>\n<p>&nbsp;<\/p>\n<p>L&#8217;objectif est de renforcer l&#8217;employabilit\u00e9 de jeunes Mauritaniens en leur donnant l\u2019opportunit\u00e9 de d\u00e9velopper des comp\u00e9tences techniques recherch\u00e9es dans les secteurs \u00e9conomiques en cours de croissance, tels que celui des \u00e9nergies renouvelables, l&#8217;\u00e9lectricit\u00e9 en b\u00e2timent, la m\u00e9canique automobile, le froid\/climatisation et la menuiserie aluminium.<\/p>\n<p>La c\u00e9r\u00e9monie organis\u00e9e ce 8 ao\u00fbt \u00e0 Nouakchott a vu c\u00e9l\u00e9brer la remise aux jeunes apprentis, de 60 certificats de sp\u00e9cialit\u00e9. Les nouveaux laur\u00e9ats ont ainsi re\u00e7u leurs certificats en la pr\u00e9sence du repr\u00e9sentant du minist\u00e8re en charge de la formation, des autorit\u00e9s administratives de la Wilaya de Nouakchott Sud et du Directeur du centre de Nouakchott. \u00c9taient \u00e9galement pr\u00e9sent lors de la c\u00e9r\u00e9monie, M. Brahim M\u2019Bareck, Pr\u00e9sident de Tasiast, et Mme Hapsatou Bal, Manager du d\u00e9partement des Relations communautaires, accompagn\u00e9e de son \u00e9quipe.<\/p>\n<p>Le 15 ao\u00fbt aura lieu, \u00e0 Nouadhibou, une c\u00e9r\u00e9monie similaire au cours de laquelle 30 jeunes gens recevront leurs attestations en pr\u00e9sence des autorit\u00e9s r\u00e9gionales.<\/p>\n<p>Gr\u00e2ce \u00e0 cet investissement \u00e9valu\u00e9 \u00e0 14,1 millions d\u2019Ouguiyas MRU (environ 357\u202f000 USD), Tasiast a r\u00e9affirm\u00e9 son engagement pour le d\u00e9veloppement des comp\u00e9tences locales et l&#8217;insertion des jeunes Mauritaniens. Le programme s\u2019inscrit dans la continuit\u00e9 de partenariats ant\u00e9rieurs qui avaient permis de former 258 jeunes dans divers m\u00e9tiers techniques, pour un montant total de 24,5 millions d\u2019Ouguiyas MRU (environ 617\u202f000 USD).<\/p>\n<p>La formation professionnelle est un axe strat\u00e9gique identifi\u00e9 par le gouvernement mauritanien pour soutenir le d\u00e9veloppement \u00e9conomique et social, permettant de dispenser aux jeunes des comp\u00e9tences techniques sp\u00e9cialis\u00e9es et pris\u00e9es. Cette initiative refl\u00e8te aussi l&#8217;engagement de la soci\u00e9t\u00e9 \u00e0 contribuer \u00e0 la croissance \u00e9conomique du pays en investissant dans le capital humain.<\/p>\n","protected":false},"excerpt":{"rendered":"<p>Nouakchott, Mauritanie \u2013 13 ao\u00fbt 2024 \u2013 Tasiast Mauritanie Limited S.A (Tasiast) est heureux d\u2019annoncer la remise de certificats de formation \u00e0 la derni\u00e8re cohorte d\u2019apprentis b\u00e9n\u00e9ficiant du dernier programme de formation professionnelle mis en \u0153uvre par l\u2019entreprise en partenariat avec les \u00c9coles d&#8217;Enseignement Technique, de Formation Professionnelle, de B\u00e2timents et Travaux Publics (EETFP-BTP) de&#8230;..<\/p>\n","protected":false},"author":4,"featured_media":20401,"comment_status":"open","ping_status":"open","sticky":false,"template":"","format":"standard","meta":{"footnotes":""},"categories":[23,49],"tags":[],"class_list":["post-20400","post","type-post","status-publish","format-standard","has-post-thumbnail","hentry","category-actualite","category-economie"],"yoast_head":"<!-- This site is optimized with the Yoast SEO plugin v27.5 - https:\/\/yoast.com\/product\/yoast-seo-wordpress\/ -->\n<title>Tasiast renforce son engagement envers la formation professionnelle des jeunes mauritaniens : 90 techniciens b\u00e9n\u00e9ficient d&#039;une formation sp\u00e9cialis\u00e9e \u00e0 Nouakchott et Nouadhibou \u00e0 travers son appui. - Le Quotidien de Nouakchott<\/title>\n<meta name=\"robots\" content=\"index, follow, max-snippet:-1, max-image-preview:large, max-video-preview:-1\" \/>\n<link rel=\"canonical\" href=\"https:\/\/lequotidien.mr\/?p=20400&lang=fr\" \/>\n<meta property=\"og:locale\" content=\"ar_AR\" \/>\n<meta property=\"og:type\" content=\"article\" \/>\n<meta property=\"og:title\" content=\"Tasiast renforce son engagement envers la formation professionnelle des jeunes mauritaniens : 90 techniciens b\u00e9n\u00e9ficient d&#039;une formation sp\u00e9cialis\u00e9e \u00e0 Nouakchott et Nouadhibou \u00e0 travers son appui. - Le Quotidien de Nouakchott\" \/>\n<meta property=\"og:description\" content=\"Nouakchott, Mauritanie \u2013 13 ao\u00fbt 2024 \u2013 Tasiast Mauritanie Limited S.A (Tasiast) est heureux d\u2019annoncer la remise de certificats de formation \u00e0 la derni\u00e8re cohorte d\u2019apprentis b\u00e9n\u00e9ficiant du dernier programme de formation professionnelle mis en \u0153uvre par l\u2019entreprise en partenariat avec les \u00c9coles d&#8217;Enseignement Technique, de Formation Professionnelle, de B\u00e2timents et Travaux Publics (EETFP-BTP) de.....\" \/>\n<meta property=\"og:url\" content=\"https:\/\/lequotidien.mr\/?p=20400&amp;lang=fr\" \/>\n<meta property=\"og:site_name\" content=\"Le Quotidien de Nouakchott\" \/>\n<meta property=\"article:publisher\" content=\"https:\/\/web.facebook.com\/lequotidienmr\" \/>\n<meta property=\"article:published_time\" content=\"2024-08-13T10:56:32+00:00\" \/>\n<meta property=\"article:modified_time\" content=\"2024-08-13T10:59:36+00:00\" \/>\n<meta property=\"og:image\" content=\"https:\/\/lequotidien.mr\/wp-content\/uploads\/2024\/08\/DSC02463-scaled.jpg\" \/>\n\t<meta property=\"og:image:width\" content=\"2560\" \/>\n\t<meta property=\"og:image:height\" content=\"1707\" \/>\n\t<meta property=\"og:image:type\" content=\"image\/jpeg\" \/>\n<meta name=\"author\" content=\"Le Quotidien\" \/>\n<meta name=\"twitter:card\" content=\"summary_large_image\" \/>\n<meta name=\"twitter:creator\" content=\"@lequotidienmr\" \/>\n<meta name=\"twitter:site\" content=\"@lequotidienmr\" \/>\n<meta name=\"twitter:label1\" content=\"\u0643\u064f\u062a\u0628 \u0628\u0648\u0627\u0633\u0637\u0629\" \/>\n\t<meta name=\"twitter:data1\" content=\"Le Quotidien\" \/>\n\t<meta name=\"twitter:label2\" content=\"\u0648\u0642\u062a \u0627\u0644\u0642\u0631\u0627\u0621\u0629 \u0627\u0644\u0645\u064f\u0642\u062f\u0651\u0631\" \/>\n\t<meta name=\"twitter:data2\" content=\"3 \u062f\u0642\u0627\u0626\u0642\" \/>\n<script type=\"application\/ld+json\" class=\"yoast-schema-graph\">{\"@context\":\"https:\\\/\\\/schema.org\",\"@graph\":[{\"@type\":\"Article\",\"@id\":\"https:\\\/\\\/lequotidien.mr\\\/?p=20400&lang=fr#article\",\"isPartOf\":{\"@id\":\"https:\\\/\\\/lequotidien.mr\\\/?p=20400&lang=fr\"},\"author\":{\"name\":\"Le Quotidien\",\"@id\":\"https:\\\/\\\/lequotidien.mr\\\/#\\\/schema\\\/person\\\/f90fcdaa970c60288de4ed2e64a56472\"},\"headline\":\"Tasiast renforce son engagement envers la formation professionnelle des jeunes mauritaniens : 90 techniciens b\u00e9n\u00e9ficient d&#8217;une formation sp\u00e9cialis\u00e9e \u00e0 Nouakchott et Nouadhibou \u00e0 travers son appui.\",\"datePublished\":\"2024-08-13T10:56:32+00:00\",\"dateModified\":\"2024-08-13T10:59:36+00:00\",\"mainEntityOfPage\":{\"@id\":\"https:\\\/\\\/lequotidien.mr\\\/?p=20400&lang=fr\"},\"wordCount\":495,\"commentCount\":0,\"publisher\":{\"@id\":\"https:\\\/\\\/lequotidien.mr\\\/#organization\"},\"image\":{\"@id\":\"https:\\\/\\\/lequotidien.mr\\\/?p=20400&lang=fr#primaryimage\"},\"thumbnailUrl\":\"https:\\\/\\\/lequotidien.mr\\\/wp-content\\\/uploads\\\/2024\\\/08\\\/DSC02463-scaled.jpg\",\"articleSection\":[\"ACTUALIT\u00c9\",\"Economie\"],\"inLanguage\":\"ar\",\"potentialAction\":[{\"@type\":\"CommentAction\",\"name\":\"Comment\",\"target\":[\"https:\\\/\\\/lequotidien.mr\\\/?p=20400&lang=fr#respond\"]}]},{\"@type\":\"WebPage\",\"@id\":\"https:\\\/\\\/lequotidien.mr\\\/?p=20400&lang=fr\",\"url\":\"https:\\\/\\\/lequotidien.mr\\\/?p=20400&lang=fr\",\"name\":\"Tasiast renforce son engagement envers la formation professionnelle des jeunes mauritaniens : 90 techniciens b\u00e9n\u00e9ficient d'une formation sp\u00e9cialis\u00e9e \u00e0 Nouakchott et Nouadhibou \u00e0 travers son appui. - Le Quotidien de Nouakchott\",\"isPartOf\":{\"@id\":\"https:\\\/\\\/lequotidien.mr\\\/#website\"},\"primaryImageOfPage\":{\"@id\":\"https:\\\/\\\/lequotidien.mr\\\/?p=20400&lang=fr#primaryimage\"},\"image\":{\"@id\":\"https:\\\/\\\/lequotidien.mr\\\/?p=20400&lang=fr#primaryimage\"},\"thumbnailUrl\":\"https:\\\/\\\/lequotidien.mr\\\/wp-content\\\/uploads\\\/2024\\\/08\\\/DSC02463-scaled.jpg\",\"datePublished\":\"2024-08-13T10:56:32+00:00\",\"dateModified\":\"2024-08-13T10:59:36+00:00\",\"breadcrumb\":{\"@id\":\"https:\\\/\\\/lequotidien.mr\\\/?p=20400&lang=fr#breadcrumb\"},\"inLanguage\":\"ar\",\"potentialAction\":[{\"@type\":\"ReadAction\",\"target\":[\"https:\\\/\\\/lequotidien.mr\\\/?p=20400&lang=fr\"]}]},{\"@type\":\"ImageObject\",\"inLanguage\":\"ar\",\"@id\":\"https:\\\/\\\/lequotidien.mr\\\/?p=20400&lang=fr#primaryimage\",\"url\":\"https:\\\/\\\/lequotidien.mr\\\/wp-content\\\/uploads\\\/2024\\\/08\\\/DSC02463-scaled.jpg\",\"contentUrl\":\"https:\\\/\\\/lequotidien.mr\\\/wp-content\\\/uploads\\\/2024\\\/08\\\/DSC02463-scaled.jpg\",\"width\":2560,\"height\":1707},{\"@type\":\"BreadcrumbList\",\"@id\":\"https:\\\/\\\/lequotidien.mr\\\/?p=20400&lang=fr#breadcrumb\",\"itemListElement\":[{\"@type\":\"ListItem\",\"position\":1,\"name\":\"Home\",\"item\":\"https:\\\/\\\/lequotidien.mr\\\/\"},{\"@type\":\"ListItem\",\"position\":2,\"name\":\"Tasiast renforce son engagement envers la formation professionnelle des jeunes mauritaniens : 90 techniciens b\u00e9n\u00e9ficient d&#8217;une formation sp\u00e9cialis\u00e9e \u00e0 Nouakchott et Nouadhibou \u00e0 travers son appui.\"}]},{\"@type\":\"WebSite\",\"@id\":\"https:\\\/\\\/lequotidien.mr\\\/#website\",\"url\":\"https:\\\/\\\/lequotidien.mr\\\/\",\"name\":\"Le Quotidien de Nouakchott\",\"description\":\"\u0625\u062e\u0628\u0627\u0631\u064a\u0629 \u0645\u0633\u062a\u0642\u0644\u0629 \u0644\u0644\u0623\u0646\u0628\u0627\u0621 \u0627\u0644\u0639\u0627\u0645\u0629\",\"publisher\":{\"@id\":\"https:\\\/\\\/lequotidien.mr\\\/#organization\"},\"potentialAction\":[{\"@type\":\"SearchAction\",\"target\":{\"@type\":\"EntryPoint\",\"urlTemplate\":\"https:\\\/\\\/lequotidien.mr\\\/?s={search_term_string}\"},\"query-input\":{\"@type\":\"PropertyValueSpecification\",\"valueRequired\":true,\"valueName\":\"search_term_string\"}}],\"inLanguage\":\"ar\"},{\"@type\":\"Organization\",\"@id\":\"https:\\\/\\\/lequotidien.mr\\\/#organization\",\"name\":\"Le Quotidien de Nouakchott\",\"url\":\"https:\\\/\\\/lequotidien.mr\\\/\",\"logo\":{\"@type\":\"ImageObject\",\"inLanguage\":\"ar\",\"@id\":\"https:\\\/\\\/lequotidien.mr\\\/#\\\/schema\\\/logo\\\/image\\\/\",\"url\":\"https:\\\/\\\/lequotidien.mr\\\/wp-content\\\/uploads\\\/2022\\\/11\\\/logolequotidien.jpg\",\"contentUrl\":\"https:\\\/\\\/lequotidien.mr\\\/wp-content\\\/uploads\\\/2022\\\/11\\\/logolequotidien.jpg\",\"width\":290,\"height\":65,\"caption\":\"Le Quotidien de Nouakchott\"},\"image\":{\"@id\":\"https:\\\/\\\/lequotidien.mr\\\/#\\\/schema\\\/logo\\\/image\\\/\"},\"sameAs\":[\"https:\\\/\\\/web.facebook.com\\\/lequotidienmr\",\"https:\\\/\\\/x.com\\\/lequotidienmr\"]},{\"@type\":\"Person\",\"@id\":\"https:\\\/\\\/lequotidien.mr\\\/#\\\/schema\\\/person\\\/f90fcdaa970c60288de4ed2e64a56472\",\"name\":\"Le Quotidien\",\"image\":{\"@type\":\"ImageObject\",\"inLanguage\":\"ar\",\"@id\":\"https:\\\/\\\/secure.gravatar.com\\\/avatar\\\/374cb39a1a458a912465a93e5a3ce6546886fc3da809a1f10c63e4e8fcbca30f?s=96&d=mm&r=g\",\"url\":\"https:\\\/\\\/secure.gravatar.com\\\/avatar\\\/374cb39a1a458a912465a93e5a3ce6546886fc3da809a1f10c63e4e8fcbca30f?s=96&d=mm&r=g\",\"contentUrl\":\"https:\\\/\\\/secure.gravatar.com\\\/avatar\\\/374cb39a1a458a912465a93e5a3ce6546886fc3da809a1f10c63e4e8fcbca30f?s=96&d=mm&r=g\",\"caption\":\"Le Quotidien\"},\"sameAs\":[\"https:\\\/\\\/lequotidien.mr\\\/\"],\"url\":\"https:\\\/\\\/lequotidien.mr\\\/?author=4\"}]}<\/script>\n<!-- \/ Yoast SEO plugin. -->","yoast_head_json":{"title":"Tasiast renforce son engagement envers la formation professionnelle des jeunes mauritaniens : 90 techniciens b\u00e9n\u00e9ficient d'une formation sp\u00e9cialis\u00e9e \u00e0 Nouakchott et Nouadhibou \u00e0 travers son appui. - Le Quotidien de Nouakchott","robots":{"index":"index","follow":"follow","max-snippet":"max-snippet:-1","max-image-preview":"max-image-preview:large","max-video-preview":"max-video-preview:-1"},"canonical":"https:\/\/lequotidien.mr\/?p=20400&lang=fr","og_locale":"ar_AR","og_type":"article","og_title":"Tasiast renforce son engagement envers la formation professionnelle des jeunes mauritaniens : 90 techniciens b\u00e9n\u00e9ficient d'une formation sp\u00e9cialis\u00e9e \u00e0 Nouakchott et Nouadhibou \u00e0 travers son appui. - Le Quotidien de Nouakchott","og_description":"Nouakchott, Mauritanie \u2013 13 ao\u00fbt 2024 \u2013 Tasiast Mauritanie Limited S.A (Tasiast) est heureux d\u2019annoncer la remise de certificats de formation \u00e0 la derni\u00e8re cohorte d\u2019apprentis b\u00e9n\u00e9ficiant du dernier programme de formation professionnelle mis en \u0153uvre par l\u2019entreprise en partenariat avec les \u00c9coles d&#8217;Enseignement Technique, de Formation Professionnelle, de B\u00e2timents et Travaux Publics (EETFP-BTP) de.....","og_url":"https:\/\/lequotidien.mr\/?p=20400&lang=fr","og_site_name":"Le Quotidien de Nouakchott","article_publisher":"https:\/\/web.facebook.com\/lequotidienmr","article_published_time":"2024-08-13T10:56:32+00:00","article_modified_time":"2024-08-13T10:59:36+00:00","og_image":[{"width":2560,"height":1707,"url":"https:\/\/lequotidien.mr\/wp-content\/uploads\/2024\/08\/DSC02463-scaled.jpg","type":"image\/jpeg"}],"author":"Le Quotidien","twitter_card":"summary_large_image","twitter_creator":"@lequotidienmr","twitter_site":"@lequotidienmr","twitter_misc":{"\u0643\u064f\u062a\u0628 \u0628\u0648\u0627\u0633\u0637\u0629":"Le Quotidien","\u0648\u0642\u062a \u0627\u0644\u0642\u0631\u0627\u0621\u0629 \u0627\u0644\u0645\u064f\u0642\u062f\u0651\u0631":"3 \u062f\u0642\u0627\u0626\u0642"},"schema":{"@context":"https:\/\/schema.org","@graph":[{"@type":"Article","@id":"https:\/\/lequotidien.mr\/?p=20400&lang=fr#article","isPartOf":{"@id":"https:\/\/lequotidien.mr\/?p=20400&lang=fr"},"author":{"name":"Le Quotidien","@id":"https:\/\/lequotidien.mr\/#\/schema\/person\/f90fcdaa970c60288de4ed2e64a56472"},"headline":"Tasiast renforce son engagement envers la formation professionnelle des jeunes mauritaniens : 90 techniciens b\u00e9n\u00e9ficient d&#8217;une formation sp\u00e9cialis\u00e9e \u00e0 Nouakchott et Nouadhibou \u00e0 travers son appui.","datePublished":"2024-08-13T10:56:32+00:00","dateModified":"2024-08-13T10:59:36+00:00","mainEntityOfPage":{"@id":"https:\/\/lequotidien.mr\/?p=20400&lang=fr"},"wordCount":495,"commentCount":0,"publisher":{"@id":"https:\/\/lequotidien.mr\/#organization"},"image":{"@id":"https:\/\/lequotidien.mr\/?p=20400&lang=fr#primaryimage"},"thumbnailUrl":"https:\/\/lequotidien.mr\/wp-content\/uploads\/2024\/08\/DSC02463-scaled.jpg","articleSection":["ACTUALIT\u00c9","Economie"],"inLanguage":"ar","potentialAction":[{"@type":"CommentAction","name":"Comment","target":["https:\/\/lequotidien.mr\/?p=20400&lang=fr#respond"]}]},{"@type":"WebPage","@id":"https:\/\/lequotidien.mr\/?p=20400&lang=fr","url":"https:\/\/lequotidien.mr\/?p=20400&lang=fr","name":"Tasiast renforce son engagement envers la formation professionnelle des jeunes mauritaniens : 90 techniciens b\u00e9n\u00e9ficient d'une formation sp\u00e9cialis\u00e9e \u00e0 Nouakchott et Nouadhibou \u00e0 travers son appui. - Le Quotidien de Nouakchott","isPartOf":{"@id":"https:\/\/lequotidien.mr\/#website"},"primaryImageOfPage":{"@id":"https:\/\/lequotidien.mr\/?p=20400&lang=fr#primaryimage"},"image":{"@id":"https:\/\/lequotidien.mr\/?p=20400&lang=fr#primaryimage"},"thumbnailUrl":"https:\/\/lequotidien.mr\/wp-content\/uploads\/2024\/08\/DSC02463-scaled.jpg","datePublished":"2024-08-13T10:56:32+00:00","dateModified":"2024-08-13T10:59:36+00:00","breadcrumb":{"@id":"https:\/\/lequotidien.mr\/?p=20400&lang=fr#breadcrumb"},"inLanguage":"ar","potentialAction":[{"@type":"ReadAction","target":["https:\/\/lequotidien.mr\/?p=20400&lang=fr"]}]},{"@type":"ImageObject","inLanguage":"ar","@id":"https:\/\/lequotidien.mr\/?p=20400&lang=fr#primaryimage","url":"https:\/\/lequotidien.mr\/wp-content\/uploads\/2024\/08\/DSC02463-scaled.jpg","contentUrl":"https:\/\/lequotidien.mr\/wp-content\/uploads\/2024\/08\/DSC02463-scaled.jpg","width":2560,"height":1707},{"@type":"BreadcrumbList","@id":"https:\/\/lequotidien.mr\/?p=20400&lang=fr#breadcrumb","itemListElement":[{"@type":"ListItem","position":1,"name":"Home","item":"https:\/\/lequotidien.mr\/"},{"@type":"ListItem","position":2,"name":"Tasiast renforce son engagement envers la formation professionnelle des jeunes mauritaniens : 90 techniciens b\u00e9n\u00e9ficient d&#8217;une formation sp\u00e9cialis\u00e9e \u00e0 Nouakchott et Nouadhibou \u00e0 travers son appui."}]},{"@type":"WebSite","@id":"https:\/\/lequotidien.mr\/#website","url":"https:\/\/lequotidien.mr\/","name":"Le Quotidien de Nouakchott","description":"\u0625\u062e\u0628\u0627\u0631\u064a\u0629 \u0645\u0633\u062a\u0642\u0644\u0629 \u0644\u0644\u0623\u0646\u0628\u0627\u0621 \u0627\u0644\u0639\u0627\u0645\u0629","publisher":{"@id":"https:\/\/lequotidien.mr\/#organization"},"potentialAction":[{"@type":"SearchAction","target":{"@type":"EntryPoint","urlTemplate":"https:\/\/lequotidien.mr\/?s={search_term_string}"},"query-input":{"@type":"PropertyValueSpecification","valueRequired":true,"valueName":"search_term_string"}}],"inLanguage":"ar"},{"@type":"Organization","@id":"https:\/\/lequotidien.mr\/#organization","name":"Le Quotidien de Nouakchott","url":"https:\/\/lequotidien.mr\/","logo":{"@type":"ImageObject","inLanguage":"ar","@id":"https:\/\/lequotidien.mr\/#\/schema\/logo\/image\/","url":"https:\/\/lequotidien.mr\/wp-content\/uploads\/2022\/11\/logolequotidien.jpg","contentUrl":"https:\/\/lequotidien.mr\/wp-content\/uploads\/2022\/11\/logolequotidien.jpg","width":290,"height":65,"caption":"Le Quotidien de Nouakchott"},"image":{"@id":"https:\/\/lequotidien.mr\/#\/schema\/logo\/image\/"},"sameAs":["https:\/\/web.facebook.com\/lequotidienmr","https:\/\/x.com\/lequotidienmr"]},{"@type":"Person","@id":"https:\/\/lequotidien.mr\/#\/schema\/person\/f90fcdaa970c60288de4ed2e64a56472","name":"Le Quotidien","image":{"@type":"ImageObject","inLanguage":"ar","@id":"https:\/\/secure.gravatar.com\/avatar\/374cb39a1a458a912465a93e5a3ce6546886fc3da809a1f10c63e4e8fcbca30f?s=96&d=mm&r=g","url":"https:\/\/secure.gravatar.com\/avatar\/374cb39a1a458a912465a93e5a3ce6546886fc3da809a1f10c63e4e8fcbca30f?s=96&d=mm&r=g","contentUrl":"https:\/\/secure.gravatar.com\/avatar\/374cb39a1a458a912465a93e5a3ce6546886fc3da809a1f10c63e4e8fcbca30f?s=96&d=mm&r=g","caption":"Le Quotidien"},"sameAs":["https:\/\/lequotidien.mr\/"],"url":"https:\/\/lequotidien.mr\/?author=4"}]}},"_links":{"self":[{"href":"https:\/\/lequotidien.mr\/index.php?rest_route=\/wp\/v2\/posts\/20400","targetHints":{"allow":["GET"]}}],"collection":[{"href":"https:\/\/lequotidien.mr\/index.php?rest_route=\/wp\/v2\/posts"}],"about":[{"href":"https:\/\/lequotidien.mr\/index.php?rest_route=\/wp\/v2\/types\/post"}],"author":[{"embeddable":true,"href":"https:\/\/lequotidien.mr\/index.php?rest_route=\/wp\/v2\/users\/4"}],"replies":[{"embeddable":true,"href":"https:\/\/lequotidien.mr\/index.php?rest_route=%2Fwp%2Fv2%2Fcomments&post=20400"}],"version-history":[{"count":3,"href":"https:\/\/lequotidien.mr\/index.php?rest_route=\/wp\/v2\/posts\/20400\/revisions"}],"predecessor-version":[{"id":20407,"href":"https:\/\/lequotidien.mr\/index.php?rest_route=\/wp\/v2\/posts\/20400\/revisions\/20407"}],"wp:featuredmedia":[{"embeddable":true,"href":"https:\/\/lequotidien.mr\/index.php?rest_route=\/wp\/v2\/media\/20401"}],"wp:attachment":[{"href":"https:\/\/lequotidien.mr\/index.php?rest_route=%2Fwp%2Fv2%2Fmedia&parent=20400"}],"wp:term":[{"taxonomy":"category","embeddable":true,"href":"https:\/\/lequotidien.mr\/index.php?rest_route=%2Fwp%2Fv2%2Fcategories&post=20400"},{"taxonomy":"post_tag","embeddable":true,"href":"https:\/\/lequotidien.mr\/index.php?rest_route=%2Fwp%2Fv2%2Ftags&post=20400"}],"curies":[{"name":"wp","href":"https:\/\/api.w.org\/{rel}","templated":true}]}}