{"id":20381,"date":"2024-08-12T18:31:13","date_gmt":"2024-08-12T18:31:13","guid":{"rendered":"https:\/\/lequotidien.mr\/?p=20381"},"modified":"2024-08-12T18:31:13","modified_gmt":"2024-08-12T18:31:13","slug":"la-cour-dappel-de-nouakchott-rejette-la-demande-de-liberte-provisoire-pour-lex-president-mohamed-ould-abdel-aziz","status":"publish","type":"post","link":"https:\/\/lequotidien.mr\/?p=20381&lang=fr","title":{"rendered":"La Cour d&#8217;Appel de Nouakchott rejette la demande de libert\u00e9 provisoire pour l&#8217;ex-pr\u00e9sident Mohamed Ould Abdel Aziz"},"content":{"rendered":"<p>La Cour d&#8217;Appel de Nouakchott a rejet\u00e9 ce lundi la demande de lib\u00e9ration de l&#8217;ancien pr\u00e9sident Mohamed Ould Abdel Aziz, formul\u00e9e par sa d\u00e9fense, qui r\u00e9clamait la fin de sa d\u00e9tention et la mise en libert\u00e9 temporaire.<\/p>\n<p>L&#8217;annonce a \u00e9t\u00e9 faite par Ma\u00eetre Mohamden Ould Ichidou, coordinateur de l&#8217;\u00e9quipe de d\u00e9fense, qui a pr\u00e9cis\u00e9 que l&#8217;ordonnance de refus a \u00e9t\u00e9 rendue \u00e0 16h30 le lundi 12 ao\u00fbt 2024, sous le num\u00e9ro 37\/2024.<\/p>\n<p>Dans une d\u00e9claration transmise \u00e0 la Presse, Ould Ichidou a d\u00e9nonc\u00e9 la d\u00e9cision, affirmant que le dossier de son client &#8220;n&#8217;est pas un dossier judiciaire o\u00f9 la loi est appliqu\u00e9e, mais un dossier politique orient\u00e9 par des ordres et des caprices&#8221;.<\/p>\n<p>Il a ajout\u00e9 que &#8220;les ordres ont \u00e9t\u00e9 donn\u00e9s aujourd&#8217;hui pour violer la loi, conform\u00e9ment aux demandes du minist\u00e8re public, en refusant de mettre fin \u00e0 la d\u00e9tention arbitraire injuste \u00e0 laquelle il est soumis, et en lui refusant m\u00eame une libert\u00e9 provisoire qui lui permettrait de recevoir les soins n\u00e9cessaires pour les graves maladies dont il souffre, sous la supervision de ses m\u00e9decins traitants, et dans un lieu appropri\u00e9 et s\u00e9curis\u00e9&#8221;.<\/p>\n<p>&nbsp;<\/p>\n<p>&nbsp;<\/p>\n<p>&nbsp;<\/p>\n","protected":false},"excerpt":{"rendered":"<p>La Cour d&#8217;Appel de Nouakchott a rejet\u00e9 ce lundi la demande de lib\u00e9ration de l&#8217;ancien pr\u00e9sident Mohamed Ould Abdel Aziz, formul\u00e9e par sa d\u00e9fense, qui r\u00e9clamait la fin de sa d\u00e9tention et la mise en libert\u00e9 temporaire. L&#8217;annonce a \u00e9t\u00e9 faite par Ma\u00eetre Mohamden Ould Ichidou, coordinateur de l&#8217;\u00e9quipe de d\u00e9fense, qui a pr\u00e9cis\u00e9 que&#8230;..<\/p>\n","protected":false},"author":4,"featured_media":19957,"comment_status":"open","ping_status":"open","sticky":false,"template":"","format":"standard","meta":{"footnotes":""},"categories":[23,53],"tags":[],"class_list":["post-20381","post","type-post","status-publish","format-standard","has-post-thumbnail","hentry","category-actualite","category-faits-divers"],"yoast_head":"<!-- This site is optimized with the Yoast SEO plugin v27.5 - https:\/\/yoast.com\/product\/yoast-seo-wordpress\/ -->\n<title>La Cour d&#039;Appel de Nouakchott rejette la demande de libert\u00e9 provisoire pour l&#039;ex-pr\u00e9sident Mohamed Ould Abdel Aziz - Le Quotidien de Nouakchott<\/title>\n<meta name=\"robots\" content=\"index, follow, max-snippet:-1, max-image-preview:large, max-video-preview:-1\" \/>\n<link rel=\"canonical\" href=\"https:\/\/lequotidien.mr\/?p=20381&lang=fr\" \/>\n<meta property=\"og:locale\" content=\"ar_AR\" \/>\n<meta property=\"og:type\" content=\"article\" \/>\n<meta property=\"og:title\" content=\"La Cour d&#039;Appel de Nouakchott rejette la demande de libert\u00e9 provisoire pour l&#039;ex-pr\u00e9sident Mohamed Ould Abdel Aziz - Le Quotidien de Nouakchott\" \/>\n<meta property=\"og:description\" content=\"La Cour d&#8217;Appel de Nouakchott a rejet\u00e9 ce lundi la demande de lib\u00e9ration de l&#8217;ancien pr\u00e9sident Mohamed Ould Abdel Aziz, formul\u00e9e par sa d\u00e9fense, qui r\u00e9clamait la fin de sa d\u00e9tention et la mise en libert\u00e9 temporaire. L&#8217;annonce a \u00e9t\u00e9 faite par Ma\u00eetre Mohamden Ould Ichidou, coordinateur de l&#8217;\u00e9quipe de d\u00e9fense, qui a pr\u00e9cis\u00e9 que.....\" \/>\n<meta property=\"og:url\" content=\"https:\/\/lequotidien.mr\/?p=20381&amp;lang=fr\" \/>\n<meta property=\"og:site_name\" content=\"Le Quotidien de Nouakchott\" \/>\n<meta property=\"article:publisher\" content=\"https:\/\/web.facebook.com\/lequotidienmr\" \/>\n<meta property=\"article:published_time\" content=\"2024-08-12T18:31:13+00:00\" \/>\n<meta property=\"og:image\" content=\"https:\/\/lequotidien.mr\/wp-content\/uploads\/2024\/07\/IMG-20240525-WA0003_0.jpg\" \/>\n\t<meta property=\"og:image:width\" content=\"1280\" \/>\n\t<meta property=\"og:image:height\" content=\"1032\" \/>\n\t<meta property=\"og:image:type\" content=\"image\/jpeg\" \/>\n<meta name=\"author\" content=\"Le Quotidien\" \/>\n<meta name=\"twitter:card\" content=\"summary_large_image\" \/>\n<meta name=\"twitter:creator\" content=\"@lequotidienmr\" \/>\n<meta name=\"twitter:site\" content=\"@lequotidienmr\" \/>\n<meta name=\"twitter:label1\" content=\"\u0643\u064f\u062a\u0628 \u0628\u0648\u0627\u0633\u0637\u0629\" \/>\n\t<meta name=\"twitter:data1\" content=\"Le Quotidien\" \/>\n\t<meta name=\"twitter:label2\" content=\"\u0648\u0642\u062a \u0627\u0644\u0642\u0631\u0627\u0621\u0629 \u0627\u0644\u0645\u064f\u0642\u062f\u0651\u0631\" \/>\n\t<meta name=\"twitter:data2\" content=\"\u062f\u0642\u064a\u0642\u062a\u0627\u0646\" \/>\n<script type=\"application\/ld+json\" class=\"yoast-schema-graph\">{\"@context\":\"https:\\\/\\\/schema.org\",\"@graph\":[{\"@type\":\"Article\",\"@id\":\"https:\\\/\\\/lequotidien.mr\\\/?p=20381&lang=fr#article\",\"isPartOf\":{\"@id\":\"https:\\\/\\\/lequotidien.mr\\\/?p=20381&lang=fr\"},\"author\":{\"name\":\"Le Quotidien\",\"@id\":\"https:\\\/\\\/lequotidien.mr\\\/#\\\/schema\\\/person\\\/f90fcdaa970c60288de4ed2e64a56472\"},\"headline\":\"La Cour d&#8217;Appel de Nouakchott rejette la demande de libert\u00e9 provisoire pour l&#8217;ex-pr\u00e9sident Mohamed Ould Abdel Aziz\",\"datePublished\":\"2024-08-12T18:31:13+00:00\",\"mainEntityOfPage\":{\"@id\":\"https:\\\/\\\/lequotidien.mr\\\/?p=20381&lang=fr\"},\"wordCount\":231,\"commentCount\":0,\"publisher\":{\"@id\":\"https:\\\/\\\/lequotidien.mr\\\/#organization\"},\"image\":{\"@id\":\"https:\\\/\\\/lequotidien.mr\\\/?p=20381&lang=fr#primaryimage\"},\"thumbnailUrl\":\"https:\\\/\\\/lequotidien.mr\\\/wp-content\\\/uploads\\\/2024\\\/07\\\/IMG-20240525-WA0003_0.jpg\",\"articleSection\":[\"ACTUALIT\u00c9\",\"FAITS DIVERS\"],\"inLanguage\":\"ar\",\"potentialAction\":[{\"@type\":\"CommentAction\",\"name\":\"Comment\",\"target\":[\"https:\\\/\\\/lequotidien.mr\\\/?p=20381&lang=fr#respond\"]}]},{\"@type\":\"WebPage\",\"@id\":\"https:\\\/\\\/lequotidien.mr\\\/?p=20381&lang=fr\",\"url\":\"https:\\\/\\\/lequotidien.mr\\\/?p=20381&lang=fr\",\"name\":\"La Cour d'Appel de Nouakchott rejette la demande de libert\u00e9 provisoire pour l'ex-pr\u00e9sident Mohamed Ould Abdel Aziz - Le Quotidien de Nouakchott\",\"isPartOf\":{\"@id\":\"https:\\\/\\\/lequotidien.mr\\\/#website\"},\"primaryImageOfPage\":{\"@id\":\"https:\\\/\\\/lequotidien.mr\\\/?p=20381&lang=fr#primaryimage\"},\"image\":{\"@id\":\"https:\\\/\\\/lequotidien.mr\\\/?p=20381&lang=fr#primaryimage\"},\"thumbnailUrl\":\"https:\\\/\\\/lequotidien.mr\\\/wp-content\\\/uploads\\\/2024\\\/07\\\/IMG-20240525-WA0003_0.jpg\",\"datePublished\":\"2024-08-12T18:31:13+00:00\",\"breadcrumb\":{\"@id\":\"https:\\\/\\\/lequotidien.mr\\\/?p=20381&lang=fr#breadcrumb\"},\"inLanguage\":\"ar\",\"potentialAction\":[{\"@type\":\"ReadAction\",\"target\":[\"https:\\\/\\\/lequotidien.mr\\\/?p=20381&lang=fr\"]}]},{\"@type\":\"ImageObject\",\"inLanguage\":\"ar\",\"@id\":\"https:\\\/\\\/lequotidien.mr\\\/?p=20381&lang=fr#primaryimage\",\"url\":\"https:\\\/\\\/lequotidien.mr\\\/wp-content\\\/uploads\\\/2024\\\/07\\\/IMG-20240525-WA0003_0.jpg\",\"contentUrl\":\"https:\\\/\\\/lequotidien.mr\\\/wp-content\\\/uploads\\\/2024\\\/07\\\/IMG-20240525-WA0003_0.jpg\",\"width\":1280,\"height\":1032},{\"@type\":\"BreadcrumbList\",\"@id\":\"https:\\\/\\\/lequotidien.mr\\\/?p=20381&lang=fr#breadcrumb\",\"itemListElement\":[{\"@type\":\"ListItem\",\"position\":1,\"name\":\"Home\",\"item\":\"https:\\\/\\\/lequotidien.mr\\\/\"},{\"@type\":\"ListItem\",\"position\":2,\"name\":\"La Cour d&#8217;Appel de Nouakchott rejette la demande de libert\u00e9 provisoire pour l&#8217;ex-pr\u00e9sident Mohamed Ould Abdel Aziz\"}]},{\"@type\":\"WebSite\",\"@id\":\"https:\\\/\\\/lequotidien.mr\\\/#website\",\"url\":\"https:\\\/\\\/lequotidien.mr\\\/\",\"name\":\"Le Quotidien de Nouakchott\",\"description\":\"\u0625\u062e\u0628\u0627\u0631\u064a\u0629 \u0645\u0633\u062a\u0642\u0644\u0629 \u0644\u0644\u0623\u0646\u0628\u0627\u0621 \u0627\u0644\u0639\u0627\u0645\u0629\",\"publisher\":{\"@id\":\"https:\\\/\\\/lequotidien.mr\\\/#organization\"},\"potentialAction\":[{\"@type\":\"SearchAction\",\"target\":{\"@type\":\"EntryPoint\",\"urlTemplate\":\"https:\\\/\\\/lequotidien.mr\\\/?s={search_term_string}\"},\"query-input\":{\"@type\":\"PropertyValueSpecification\",\"valueRequired\":true,\"valueName\":\"search_term_string\"}}],\"inLanguage\":\"ar\"},{\"@type\":\"Organization\",\"@id\":\"https:\\\/\\\/lequotidien.mr\\\/#organization\",\"name\":\"Le Quotidien de Nouakchott\",\"url\":\"https:\\\/\\\/lequotidien.mr\\\/\",\"logo\":{\"@type\":\"ImageObject\",\"inLanguage\":\"ar\",\"@id\":\"https:\\\/\\\/lequotidien.mr\\\/#\\\/schema\\\/logo\\\/image\\\/\",\"url\":\"https:\\\/\\\/lequotidien.mr\\\/wp-content\\\/uploads\\\/2022\\\/11\\\/logolequotidien.jpg\",\"contentUrl\":\"https:\\\/\\\/lequotidien.mr\\\/wp-content\\\/uploads\\\/2022\\\/11\\\/logolequotidien.jpg\",\"width\":290,\"height\":65,\"caption\":\"Le Quotidien de Nouakchott\"},\"image\":{\"@id\":\"https:\\\/\\\/lequotidien.mr\\\/#\\\/schema\\\/logo\\\/image\\\/\"},\"sameAs\":[\"https:\\\/\\\/web.facebook.com\\\/lequotidienmr\",\"https:\\\/\\\/x.com\\\/lequotidienmr\"]},{\"@type\":\"Person\",\"@id\":\"https:\\\/\\\/lequotidien.mr\\\/#\\\/schema\\\/person\\\/f90fcdaa970c60288de4ed2e64a56472\",\"name\":\"Le Quotidien\",\"image\":{\"@type\":\"ImageObject\",\"inLanguage\":\"ar\",\"@id\":\"https:\\\/\\\/secure.gravatar.com\\\/avatar\\\/374cb39a1a458a912465a93e5a3ce6546886fc3da809a1f10c63e4e8fcbca30f?s=96&d=mm&r=g\",\"url\":\"https:\\\/\\\/secure.gravatar.com\\\/avatar\\\/374cb39a1a458a912465a93e5a3ce6546886fc3da809a1f10c63e4e8fcbca30f?s=96&d=mm&r=g\",\"contentUrl\":\"https:\\\/\\\/secure.gravatar.com\\\/avatar\\\/374cb39a1a458a912465a93e5a3ce6546886fc3da809a1f10c63e4e8fcbca30f?s=96&d=mm&r=g\",\"caption\":\"Le Quotidien\"},\"sameAs\":[\"https:\\\/\\\/lequotidien.mr\\\/\"],\"url\":\"https:\\\/\\\/lequotidien.mr\\\/?author=4\"}]}<\/script>\n<!-- \/ Yoast SEO plugin. -->","yoast_head_json":{"title":"La Cour d'Appel de Nouakchott rejette la demande de libert\u00e9 provisoire pour l'ex-pr\u00e9sident Mohamed Ould Abdel Aziz - Le Quotidien de Nouakchott","robots":{"index":"index","follow":"follow","max-snippet":"max-snippet:-1","max-image-preview":"max-image-preview:large","max-video-preview":"max-video-preview:-1"},"canonical":"https:\/\/lequotidien.mr\/?p=20381&lang=fr","og_locale":"ar_AR","og_type":"article","og_title":"La Cour d'Appel de Nouakchott rejette la demande de libert\u00e9 provisoire pour l'ex-pr\u00e9sident Mohamed Ould Abdel Aziz - Le Quotidien de Nouakchott","og_description":"La Cour d&#8217;Appel de Nouakchott a rejet\u00e9 ce lundi la demande de lib\u00e9ration de l&#8217;ancien pr\u00e9sident Mohamed Ould Abdel Aziz, formul\u00e9e par sa d\u00e9fense, qui r\u00e9clamait la fin de sa d\u00e9tention et la mise en libert\u00e9 temporaire. L&#8217;annonce a \u00e9t\u00e9 faite par Ma\u00eetre Mohamden Ould Ichidou, coordinateur de l&#8217;\u00e9quipe de d\u00e9fense, qui a pr\u00e9cis\u00e9 que.....","og_url":"https:\/\/lequotidien.mr\/?p=20381&lang=fr","og_site_name":"Le Quotidien de Nouakchott","article_publisher":"https:\/\/web.facebook.com\/lequotidienmr","article_published_time":"2024-08-12T18:31:13+00:00","og_image":[{"width":1280,"height":1032,"url":"https:\/\/lequotidien.mr\/wp-content\/uploads\/2024\/07\/IMG-20240525-WA0003_0.jpg","type":"image\/jpeg"}],"author":"Le Quotidien","twitter_card":"summary_large_image","twitter_creator":"@lequotidienmr","twitter_site":"@lequotidienmr","twitter_misc":{"\u0643\u064f\u062a\u0628 \u0628\u0648\u0627\u0633\u0637\u0629":"Le Quotidien","\u0648\u0642\u062a \u0627\u0644\u0642\u0631\u0627\u0621\u0629 \u0627\u0644\u0645\u064f\u0642\u062f\u0651\u0631":"\u062f\u0642\u064a\u0642\u062a\u0627\u0646"},"schema":{"@context":"https:\/\/schema.org","@graph":[{"@type":"Article","@id":"https:\/\/lequotidien.mr\/?p=20381&lang=fr#article","isPartOf":{"@id":"https:\/\/lequotidien.mr\/?p=20381&lang=fr"},"author":{"name":"Le Quotidien","@id":"https:\/\/lequotidien.mr\/#\/schema\/person\/f90fcdaa970c60288de4ed2e64a56472"},"headline":"La Cour d&#8217;Appel de Nouakchott rejette la demande de libert\u00e9 provisoire pour l&#8217;ex-pr\u00e9sident Mohamed Ould Abdel Aziz","datePublished":"2024-08-12T18:31:13+00:00","mainEntityOfPage":{"@id":"https:\/\/lequotidien.mr\/?p=20381&lang=fr"},"wordCount":231,"commentCount":0,"publisher":{"@id":"https:\/\/lequotidien.mr\/#organization"},"image":{"@id":"https:\/\/lequotidien.mr\/?p=20381&lang=fr#primaryimage"},"thumbnailUrl":"https:\/\/lequotidien.mr\/wp-content\/uploads\/2024\/07\/IMG-20240525-WA0003_0.jpg","articleSection":["ACTUALIT\u00c9","FAITS DIVERS"],"inLanguage":"ar","potentialAction":[{"@type":"CommentAction","name":"Comment","target":["https:\/\/lequotidien.mr\/?p=20381&lang=fr#respond"]}]},{"@type":"WebPage","@id":"https:\/\/lequotidien.mr\/?p=20381&lang=fr","url":"https:\/\/lequotidien.mr\/?p=20381&lang=fr","name":"La Cour d'Appel de Nouakchott rejette la demande de libert\u00e9 provisoire pour l'ex-pr\u00e9sident Mohamed Ould Abdel Aziz - Le Quotidien de Nouakchott","isPartOf":{"@id":"https:\/\/lequotidien.mr\/#website"},"primaryImageOfPage":{"@id":"https:\/\/lequotidien.mr\/?p=20381&lang=fr#primaryimage"},"image":{"@id":"https:\/\/lequotidien.mr\/?p=20381&lang=fr#primaryimage"},"thumbnailUrl":"https:\/\/lequotidien.mr\/wp-content\/uploads\/2024\/07\/IMG-20240525-WA0003_0.jpg","datePublished":"2024-08-12T18:31:13+00:00","breadcrumb":{"@id":"https:\/\/lequotidien.mr\/?p=20381&lang=fr#breadcrumb"},"inLanguage":"ar","potentialAction":[{"@type":"ReadAction","target":["https:\/\/lequotidien.mr\/?p=20381&lang=fr"]}]},{"@type":"ImageObject","inLanguage":"ar","@id":"https:\/\/lequotidien.mr\/?p=20381&lang=fr#primaryimage","url":"https:\/\/lequotidien.mr\/wp-content\/uploads\/2024\/07\/IMG-20240525-WA0003_0.jpg","contentUrl":"https:\/\/lequotidien.mr\/wp-content\/uploads\/2024\/07\/IMG-20240525-WA0003_0.jpg","width":1280,"height":1032},{"@type":"BreadcrumbList","@id":"https:\/\/lequotidien.mr\/?p=20381&lang=fr#breadcrumb","itemListElement":[{"@type":"ListItem","position":1,"name":"Home","item":"https:\/\/lequotidien.mr\/"},{"@type":"ListItem","position":2,"name":"La Cour d&#8217;Appel de Nouakchott rejette la demande de libert\u00e9 provisoire pour l&#8217;ex-pr\u00e9sident Mohamed Ould Abdel Aziz"}]},{"@type":"WebSite","@id":"https:\/\/lequotidien.mr\/#website","url":"https:\/\/lequotidien.mr\/","name":"Le Quotidien de Nouakchott","description":"\u0625\u062e\u0628\u0627\u0631\u064a\u0629 \u0645\u0633\u062a\u0642\u0644\u0629 \u0644\u0644\u0623\u0646\u0628\u0627\u0621 \u0627\u0644\u0639\u0627\u0645\u0629","publisher":{"@id":"https:\/\/lequotidien.mr\/#organization"},"potentialAction":[{"@type":"SearchAction","target":{"@type":"EntryPoint","urlTemplate":"https:\/\/lequotidien.mr\/?s={search_term_string}"},"query-input":{"@type":"PropertyValueSpecification","valueRequired":true,"valueName":"search_term_string"}}],"inLanguage":"ar"},{"@type":"Organization","@id":"https:\/\/lequotidien.mr\/#organization","name":"Le Quotidien de Nouakchott","url":"https:\/\/lequotidien.mr\/","logo":{"@type":"ImageObject","inLanguage":"ar","@id":"https:\/\/lequotidien.mr\/#\/schema\/logo\/image\/","url":"https:\/\/lequotidien.mr\/wp-content\/uploads\/2022\/11\/logolequotidien.jpg","contentUrl":"https:\/\/lequotidien.mr\/wp-content\/uploads\/2022\/11\/logolequotidien.jpg","width":290,"height":65,"caption":"Le Quotidien de Nouakchott"},"image":{"@id":"https:\/\/lequotidien.mr\/#\/schema\/logo\/image\/"},"sameAs":["https:\/\/web.facebook.com\/lequotidienmr","https:\/\/x.com\/lequotidienmr"]},{"@type":"Person","@id":"https:\/\/lequotidien.mr\/#\/schema\/person\/f90fcdaa970c60288de4ed2e64a56472","name":"Le Quotidien","image":{"@type":"ImageObject","inLanguage":"ar","@id":"https:\/\/secure.gravatar.com\/avatar\/374cb39a1a458a912465a93e5a3ce6546886fc3da809a1f10c63e4e8fcbca30f?s=96&d=mm&r=g","url":"https:\/\/secure.gravatar.com\/avatar\/374cb39a1a458a912465a93e5a3ce6546886fc3da809a1f10c63e4e8fcbca30f?s=96&d=mm&r=g","contentUrl":"https:\/\/secure.gravatar.com\/avatar\/374cb39a1a458a912465a93e5a3ce6546886fc3da809a1f10c63e4e8fcbca30f?s=96&d=mm&r=g","caption":"Le Quotidien"},"sameAs":["https:\/\/lequotidien.mr\/"],"url":"https:\/\/lequotidien.mr\/?author=4"}]}},"_links":{"self":[{"href":"https:\/\/lequotidien.mr\/index.php?rest_route=\/wp\/v2\/posts\/20381","targetHints":{"allow":["GET"]}}],"collection":[{"href":"https:\/\/lequotidien.mr\/index.php?rest_route=\/wp\/v2\/posts"}],"about":[{"href":"https:\/\/lequotidien.mr\/index.php?rest_route=\/wp\/v2\/types\/post"}],"author":[{"embeddable":true,"href":"https:\/\/lequotidien.mr\/index.php?rest_route=\/wp\/v2\/users\/4"}],"replies":[{"embeddable":true,"href":"https:\/\/lequotidien.mr\/index.php?rest_route=%2Fwp%2Fv2%2Fcomments&post=20381"}],"version-history":[{"count":1,"href":"https:\/\/lequotidien.mr\/index.php?rest_route=\/wp\/v2\/posts\/20381\/revisions"}],"predecessor-version":[{"id":20382,"href":"https:\/\/lequotidien.mr\/index.php?rest_route=\/wp\/v2\/posts\/20381\/revisions\/20382"}],"wp:featuredmedia":[{"embeddable":true,"href":"https:\/\/lequotidien.mr\/index.php?rest_route=\/wp\/v2\/media\/19957"}],"wp:attachment":[{"href":"https:\/\/lequotidien.mr\/index.php?rest_route=%2Fwp%2Fv2%2Fmedia&parent=20381"}],"wp:term":[{"taxonomy":"category","embeddable":true,"href":"https:\/\/lequotidien.mr\/index.php?rest_route=%2Fwp%2Fv2%2Fcategories&post=20381"},{"taxonomy":"post_tag","embeddable":true,"href":"https:\/\/lequotidien.mr\/index.php?rest_route=%2Fwp%2Fv2%2Ftags&post=20381"}],"curies":[{"name":"wp","href":"https:\/\/api.w.org\/{rel}","templated":true}]}}