{"id":20358,"date":"2024-08-11T11:39:27","date_gmt":"2024-08-11T11:39:27","guid":{"rendered":"https:\/\/lequotidien.mr\/?p=20358"},"modified":"2024-08-11T11:39:27","modified_gmt":"2024-08-11T11:39:27","slug":"agriculture-signature-dun-accord-de-cooperation-pour-lamenagement-hydro-agricole-sur-la-rive-droite-du-fleuve-senegal","status":"publish","type":"post","link":"https:\/\/lequotidien.mr\/?p=20358&lang=fr","title":{"rendered":"Agriculture : Signature d&#8217;un accord de coop\u00e9ration pour l&#8217;am\u00e9nagement hydro-agricole sur la rive droite du fleuve S\u00e9n\u00e9gal"},"content":{"rendered":"<p>Vendredi dernier, \u00e0 Nouakchott, un accord de coop\u00e9ration a \u00e9t\u00e9 sign\u00e9 entre le minist\u00e8re de l\u2019Agriculture et de la Souverainet\u00e9 alimentaire de Mauritanie et l\u2019Organisation des Nations Unies pour l\u2019alimentation et l\u2019agriculture (FAO). Ce programme, paraph\u00e9 par le Ministre de l\u2019Agriculture et de la Souverainet\u00e9 alimentaire, M. Momme Beibatta, et le Repr\u00e9sentant de la FAO en Mauritanie, M. Alexander Huynh, marque un tournant significatif pour le d\u00e9veloppement hydro-agricole dans la r\u00e9gion.<\/p>\n<h3><span style=\"color: windowtext;\">Un investissement strat\u00e9gique de 450 000 Dollars<\/span><\/h3>\n<p>Le programme, financ\u00e9 par la FAO \u00e0 hauteur de 450 mille dollars am\u00e9ricains, vise \u00e0 doter la Soci\u00e9t\u00e9 Nationale de D\u00e9veloppement Rural (SONADER) d&#8217;un sch\u00e9ma directeur d\u2019am\u00e9nagement hydro-agricole pour la rive droite du fleuve S\u00e9n\u00e9gal. Cette initiative est con\u00e7ue pour maximiser l&#8217;utilisation des ressources naturelles du pays, en particulier les vastes \u00e9tendues agricoles le long du fleuve, qui s\u2019\u00e9tendent sur pr\u00e8s de 137 mille hectares.<\/p>\n<p>Le ministre Beibatta a soulign\u00e9 que ce projet s&#8217;inscrit dans une vision plus large d\u00e9finie par le Pr\u00e9sident de la R\u00e9publique, Monsieur Mohamed Cheikh El Ghazouani, pour atteindre la souverainet\u00e9 alimentaire. Ce programme est \u00e9galement en phase avec les directives du Premier Ministre, M. Mokhtar Diay, qui supervise les efforts gouvernementaux pour concr\u00e9tiser cet objectif.<\/p>\n<h3><span style=\"color: windowtext;\">Vers une gestion optimale des ressources<\/span><\/h3>\n<p>L\u2019objectif de ce programme est de cr\u00e9er un plan directeur global qui am\u00e9liorera l&#8217;am\u00e9nagement hydro-agricole et renforcera les capacit\u00e9s de la SONADER. Selon M. Beibatta, ce plan permettra de mobiliser les comp\u00e9tences de 20 experts nationaux et internationaux pour \u00e9laborer une strat\u00e9gie de gestion int\u00e9gr\u00e9e de l\u2019eau et des terres agricoles, essentielle pour la durabilit\u00e9 de la souverainet\u00e9 alimentaire du pays.<\/p>\n<p>En outre, la mise \u00e0 jour du plan directeur et l\u2019\u00e9laboration d\u2019un plan d\u2019investissement visent \u00e0 r\u00e9pondre aux d\u00e9fis actuels en mati\u00e8re de gestion des ressources en eau, tout en renfor\u00e7ant la r\u00e9silience face aux changements climatiques. La FAO souligne \u00e9galement l&#8217;importance d&#8217;une approche inclusive qui garantit un acc\u00e8s \u00e9quitable aux ressources pour tous, y compris les femmes et les jeunes.<\/p>\n<h3><span style=\"color: windowtext;\">Cr\u00e9ation d\u2019une base de donn\u00e9es et syst\u00e8me de r\u00e9f\u00e9rence<\/span><\/h3>\n<p>M. Brahim Aloueimine, directeur de l\u2019\u00e9cologie et de la gestion de l\u2019eau \u00e0 la SONADER, a pr\u00e9cis\u00e9 que le programme inclura la cr\u00e9ation d\u2019une base de donn\u00e9es exhaustive sur les sources d\u2019eau, le climat, et les am\u00e9nagements hydro-agricoles. Cette base de donn\u00e9es sera accompagn\u00e9e d&#8217;un syst\u00e8me de r\u00e9f\u00e9rence et de cartes d\u00e9taill\u00e9es, qui aideront \u00e0 planifier et \u00e0 anticiper les d\u00e9fis futurs li\u00e9s \u00e0 l\u2019am\u00e9nagement durable de la vall\u00e9e.<\/p>\n<p>La c\u00e9r\u00e9monie de signature s\u2019est tenue en pr\u00e9sence de hauts fonctionnaires, dont le secr\u00e9taire g\u00e9n\u00e9ral du minist\u00e8re de l\u2019Agriculture et de la Souverainet\u00e9 alimentaire, M. Ahmed Salem El Arby, et le directeur du d\u00e9veloppement des fili\u00e8res agricoles, M. Baba Ahmed Neghra.<\/p>\n<p>Ce programme marque une \u00e9tape d\u00e9cisive vers l\u2019optimisation des ressources hydro-agricoles en Mauritanie et est un exemple probant de la collaboration internationale en faveur de la durabilit\u00e9 et de la s\u00e9curit\u00e9 alimentaire.<\/p>\n","protected":false},"excerpt":{"rendered":"<p>Vendredi dernier, \u00e0 Nouakchott, un accord de coop\u00e9ration a \u00e9t\u00e9 sign\u00e9 entre le minist\u00e8re de l\u2019Agriculture et de la Souverainet\u00e9 alimentaire de Mauritanie et l\u2019Organisation des Nations Unies pour l\u2019alimentation et l\u2019agriculture (FAO). Ce programme, paraph\u00e9 par le Ministre de l\u2019Agriculture et de la Souverainet\u00e9 alimentaire, M. Momme Beibatta, et le Repr\u00e9sentant de la FAO&#8230;..<\/p>\n","protected":false},"author":12,"featured_media":20359,"comment_status":"open","ping_status":"open","sticky":false,"template":"","format":"standard","meta":{"footnotes":""},"categories":[23,49],"tags":[],"class_list":["post-20358","post","type-post","status-publish","format-standard","has-post-thumbnail","hentry","category-actualite","category-economie"],"yoast_head":"<!-- This site is optimized with the Yoast SEO plugin v27.5 - https:\/\/yoast.com\/product\/yoast-seo-wordpress\/ -->\n<title>Agriculture : Signature d&#039;un accord de coop\u00e9ration pour l&#039;am\u00e9nagement hydro-agricole sur la rive droite du fleuve S\u00e9n\u00e9gal - Le Quotidien de Nouakchott<\/title>\n<meta name=\"robots\" content=\"index, follow, max-snippet:-1, max-image-preview:large, max-video-preview:-1\" \/>\n<link rel=\"canonical\" href=\"https:\/\/lequotidien.mr\/?p=20358&lang=fr\" \/>\n<meta property=\"og:locale\" content=\"ar_AR\" \/>\n<meta property=\"og:type\" content=\"article\" \/>\n<meta property=\"og:title\" content=\"Agriculture : Signature d&#039;un accord de coop\u00e9ration pour l&#039;am\u00e9nagement hydro-agricole sur la rive droite du fleuve S\u00e9n\u00e9gal - Le Quotidien de Nouakchott\" \/>\n<meta property=\"og:description\" content=\"Vendredi dernier, \u00e0 Nouakchott, un accord de coop\u00e9ration a \u00e9t\u00e9 sign\u00e9 entre le minist\u00e8re de l\u2019Agriculture et de la Souverainet\u00e9 alimentaire de Mauritanie et l\u2019Organisation des Nations Unies pour l\u2019alimentation et l\u2019agriculture (FAO). Ce programme, paraph\u00e9 par le Ministre de l\u2019Agriculture et de la Souverainet\u00e9 alimentaire, M. Momme Beibatta, et le Repr\u00e9sentant de la FAO.....\" \/>\n<meta property=\"og:url\" content=\"https:\/\/lequotidien.mr\/?p=20358&amp;lang=fr\" \/>\n<meta property=\"og:site_name\" content=\"Le Quotidien de Nouakchott\" \/>\n<meta property=\"article:publisher\" content=\"https:\/\/web.facebook.com\/lequotidienmr\" \/>\n<meta property=\"article:published_time\" content=\"2024-08-11T11:39:27+00:00\" \/>\n<meta property=\"og:image\" content=\"https:\/\/lequotidien.mr\/wp-content\/uploads\/2024\/08\/photo-hydro-agricole.jpg\" \/>\n\t<meta property=\"og:image:width\" content=\"645\" \/>\n\t<meta property=\"og:image:height\" content=\"320\" \/>\n\t<meta property=\"og:image:type\" content=\"image\/jpeg\" \/>\n<meta name=\"author\" content=\"Med Ahmed\" \/>\n<meta name=\"twitter:card\" content=\"summary_large_image\" \/>\n<meta name=\"twitter:creator\" content=\"@lequotidienmr\" \/>\n<meta name=\"twitter:site\" content=\"@lequotidienmr\" \/>\n<meta name=\"twitter:label1\" content=\"\u0643\u064f\u062a\u0628 \u0628\u0648\u0627\u0633\u0637\u0629\" \/>\n\t<meta name=\"twitter:data1\" content=\"Med Ahmed\" \/>\n\t<meta name=\"twitter:label2\" content=\"\u0648\u0642\u062a \u0627\u0644\u0642\u0631\u0627\u0621\u0629 \u0627\u0644\u0645\u064f\u0642\u062f\u0651\u0631\" \/>\n\t<meta name=\"twitter:data2\" content=\"3 \u062f\u0642\u0627\u0626\u0642\" \/>\n<script type=\"application\/ld+json\" class=\"yoast-schema-graph\">{\"@context\":\"https:\\\/\\\/schema.org\",\"@graph\":[{\"@type\":\"Article\",\"@id\":\"https:\\\/\\\/lequotidien.mr\\\/?p=20358&lang=fr#article\",\"isPartOf\":{\"@id\":\"https:\\\/\\\/lequotidien.mr\\\/?p=20358&lang=fr\"},\"author\":{\"name\":\"Med Ahmed\",\"@id\":\"https:\\\/\\\/lequotidien.mr\\\/#\\\/schema\\\/person\\\/d2d350202a4d599685ed8abc25f97596\"},\"headline\":\"Agriculture : Signature d&#8217;un accord de coop\u00e9ration pour l&#8217;am\u00e9nagement hydro-agricole sur la rive droite du fleuve S\u00e9n\u00e9gal\",\"datePublished\":\"2024-08-11T11:39:27+00:00\",\"mainEntityOfPage\":{\"@id\":\"https:\\\/\\\/lequotidien.mr\\\/?p=20358&lang=fr\"},\"wordCount\":577,\"commentCount\":0,\"publisher\":{\"@id\":\"https:\\\/\\\/lequotidien.mr\\\/#organization\"},\"image\":{\"@id\":\"https:\\\/\\\/lequotidien.mr\\\/?p=20358&lang=fr#primaryimage\"},\"thumbnailUrl\":\"https:\\\/\\\/lequotidien.mr\\\/wp-content\\\/uploads\\\/2024\\\/08\\\/photo-hydro-agricole.jpg\",\"articleSection\":[\"ACTUALIT\u00c9\",\"Economie\"],\"inLanguage\":\"ar\",\"potentialAction\":[{\"@type\":\"CommentAction\",\"name\":\"Comment\",\"target\":[\"https:\\\/\\\/lequotidien.mr\\\/?p=20358&lang=fr#respond\"]}]},{\"@type\":\"WebPage\",\"@id\":\"https:\\\/\\\/lequotidien.mr\\\/?p=20358&lang=fr\",\"url\":\"https:\\\/\\\/lequotidien.mr\\\/?p=20358&lang=fr\",\"name\":\"Agriculture : Signature d'un accord de coop\u00e9ration pour l'am\u00e9nagement hydro-agricole sur la rive droite du fleuve S\u00e9n\u00e9gal - Le Quotidien de Nouakchott\",\"isPartOf\":{\"@id\":\"https:\\\/\\\/lequotidien.mr\\\/#website\"},\"primaryImageOfPage\":{\"@id\":\"https:\\\/\\\/lequotidien.mr\\\/?p=20358&lang=fr#primaryimage\"},\"image\":{\"@id\":\"https:\\\/\\\/lequotidien.mr\\\/?p=20358&lang=fr#primaryimage\"},\"thumbnailUrl\":\"https:\\\/\\\/lequotidien.mr\\\/wp-content\\\/uploads\\\/2024\\\/08\\\/photo-hydro-agricole.jpg\",\"datePublished\":\"2024-08-11T11:39:27+00:00\",\"breadcrumb\":{\"@id\":\"https:\\\/\\\/lequotidien.mr\\\/?p=20358&lang=fr#breadcrumb\"},\"inLanguage\":\"ar\",\"potentialAction\":[{\"@type\":\"ReadAction\",\"target\":[\"https:\\\/\\\/lequotidien.mr\\\/?p=20358&lang=fr\"]}]},{\"@type\":\"ImageObject\",\"inLanguage\":\"ar\",\"@id\":\"https:\\\/\\\/lequotidien.mr\\\/?p=20358&lang=fr#primaryimage\",\"url\":\"https:\\\/\\\/lequotidien.mr\\\/wp-content\\\/uploads\\\/2024\\\/08\\\/photo-hydro-agricole.jpg\",\"contentUrl\":\"https:\\\/\\\/lequotidien.mr\\\/wp-content\\\/uploads\\\/2024\\\/08\\\/photo-hydro-agricole.jpg\",\"width\":645,\"height\":320},{\"@type\":\"BreadcrumbList\",\"@id\":\"https:\\\/\\\/lequotidien.mr\\\/?p=20358&lang=fr#breadcrumb\",\"itemListElement\":[{\"@type\":\"ListItem\",\"position\":1,\"name\":\"Home\",\"item\":\"https:\\\/\\\/lequotidien.mr\\\/\"},{\"@type\":\"ListItem\",\"position\":2,\"name\":\"Agriculture : Signature d&rsquo;un accord de coop\u00e9ration pour l&rsquo;am\u00e9nagement hydro-agricole sur la rive droite du fleuve S\u00e9n\u00e9gal\"}]},{\"@type\":\"WebSite\",\"@id\":\"https:\\\/\\\/lequotidien.mr\\\/#website\",\"url\":\"https:\\\/\\\/lequotidien.mr\\\/\",\"name\":\"Le Quotidien de Nouakchott\",\"description\":\"\u0625\u062e\u0628\u0627\u0631\u064a\u0629 \u0645\u0633\u062a\u0642\u0644\u0629 \u0644\u0644\u0623\u0646\u0628\u0627\u0621 \u0627\u0644\u0639\u0627\u0645\u0629\",\"publisher\":{\"@id\":\"https:\\\/\\\/lequotidien.mr\\\/#organization\"},\"potentialAction\":[{\"@type\":\"SearchAction\",\"target\":{\"@type\":\"EntryPoint\",\"urlTemplate\":\"https:\\\/\\\/lequotidien.mr\\\/?s={search_term_string}\"},\"query-input\":{\"@type\":\"PropertyValueSpecification\",\"valueRequired\":true,\"valueName\":\"search_term_string\"}}],\"inLanguage\":\"ar\"},{\"@type\":\"Organization\",\"@id\":\"https:\\\/\\\/lequotidien.mr\\\/#organization\",\"name\":\"Le Quotidien de Nouakchott\",\"url\":\"https:\\\/\\\/lequotidien.mr\\\/\",\"logo\":{\"@type\":\"ImageObject\",\"inLanguage\":\"ar\",\"@id\":\"https:\\\/\\\/lequotidien.mr\\\/#\\\/schema\\\/logo\\\/image\\\/\",\"url\":\"https:\\\/\\\/lequotidien.mr\\\/wp-content\\\/uploads\\\/2022\\\/11\\\/logolequotidien.jpg\",\"contentUrl\":\"https:\\\/\\\/lequotidien.mr\\\/wp-content\\\/uploads\\\/2022\\\/11\\\/logolequotidien.jpg\",\"width\":290,\"height\":65,\"caption\":\"Le Quotidien de Nouakchott\"},\"image\":{\"@id\":\"https:\\\/\\\/lequotidien.mr\\\/#\\\/schema\\\/logo\\\/image\\\/\"},\"sameAs\":[\"https:\\\/\\\/web.facebook.com\\\/lequotidienmr\",\"https:\\\/\\\/x.com\\\/lequotidienmr\"]},{\"@type\":\"Person\",\"@id\":\"https:\\\/\\\/lequotidien.mr\\\/#\\\/schema\\\/person\\\/d2d350202a4d599685ed8abc25f97596\",\"name\":\"Med Ahmed\",\"image\":{\"@type\":\"ImageObject\",\"inLanguage\":\"ar\",\"@id\":\"https:\\\/\\\/secure.gravatar.com\\\/avatar\\\/fd2acc62ed50732923d1d39c17172c9b04149f142be92310ecc69e1358f94b52?s=96&d=mm&r=g\",\"url\":\"https:\\\/\\\/secure.gravatar.com\\\/avatar\\\/fd2acc62ed50732923d1d39c17172c9b04149f142be92310ecc69e1358f94b52?s=96&d=mm&r=g\",\"contentUrl\":\"https:\\\/\\\/secure.gravatar.com\\\/avatar\\\/fd2acc62ed50732923d1d39c17172c9b04149f142be92310ecc69e1358f94b52?s=96&d=mm&r=g\",\"caption\":\"Med Ahmed\"},\"url\":\"https:\\\/\\\/lequotidien.mr\\\/?author=12\"}]}<\/script>\n<!-- \/ Yoast SEO plugin. -->","yoast_head_json":{"title":"Agriculture : Signature d'un accord de coop\u00e9ration pour l'am\u00e9nagement hydro-agricole sur la rive droite du fleuve S\u00e9n\u00e9gal - Le Quotidien de Nouakchott","robots":{"index":"index","follow":"follow","max-snippet":"max-snippet:-1","max-image-preview":"max-image-preview:large","max-video-preview":"max-video-preview:-1"},"canonical":"https:\/\/lequotidien.mr\/?p=20358&lang=fr","og_locale":"ar_AR","og_type":"article","og_title":"Agriculture : Signature d'un accord de coop\u00e9ration pour l'am\u00e9nagement hydro-agricole sur la rive droite du fleuve S\u00e9n\u00e9gal - Le Quotidien de Nouakchott","og_description":"Vendredi dernier, \u00e0 Nouakchott, un accord de coop\u00e9ration a \u00e9t\u00e9 sign\u00e9 entre le minist\u00e8re de l\u2019Agriculture et de la Souverainet\u00e9 alimentaire de Mauritanie et l\u2019Organisation des Nations Unies pour l\u2019alimentation et l\u2019agriculture (FAO). Ce programme, paraph\u00e9 par le Ministre de l\u2019Agriculture et de la Souverainet\u00e9 alimentaire, M. Momme Beibatta, et le Repr\u00e9sentant de la FAO.....","og_url":"https:\/\/lequotidien.mr\/?p=20358&lang=fr","og_site_name":"Le Quotidien de Nouakchott","article_publisher":"https:\/\/web.facebook.com\/lequotidienmr","article_published_time":"2024-08-11T11:39:27+00:00","og_image":[{"width":645,"height":320,"url":"https:\/\/lequotidien.mr\/wp-content\/uploads\/2024\/08\/photo-hydro-agricole.jpg","type":"image\/jpeg"}],"author":"Med Ahmed","twitter_card":"summary_large_image","twitter_creator":"@lequotidienmr","twitter_site":"@lequotidienmr","twitter_misc":{"\u0643\u064f\u062a\u0628 \u0628\u0648\u0627\u0633\u0637\u0629":"Med Ahmed","\u0648\u0642\u062a \u0627\u0644\u0642\u0631\u0627\u0621\u0629 \u0627\u0644\u0645\u064f\u0642\u062f\u0651\u0631":"3 \u062f\u0642\u0627\u0626\u0642"},"schema":{"@context":"https:\/\/schema.org","@graph":[{"@type":"Article","@id":"https:\/\/lequotidien.mr\/?p=20358&lang=fr#article","isPartOf":{"@id":"https:\/\/lequotidien.mr\/?p=20358&lang=fr"},"author":{"name":"Med Ahmed","@id":"https:\/\/lequotidien.mr\/#\/schema\/person\/d2d350202a4d599685ed8abc25f97596"},"headline":"Agriculture : Signature d&#8217;un accord de coop\u00e9ration pour l&#8217;am\u00e9nagement hydro-agricole sur la rive droite du fleuve S\u00e9n\u00e9gal","datePublished":"2024-08-11T11:39:27+00:00","mainEntityOfPage":{"@id":"https:\/\/lequotidien.mr\/?p=20358&lang=fr"},"wordCount":577,"commentCount":0,"publisher":{"@id":"https:\/\/lequotidien.mr\/#organization"},"image":{"@id":"https:\/\/lequotidien.mr\/?p=20358&lang=fr#primaryimage"},"thumbnailUrl":"https:\/\/lequotidien.mr\/wp-content\/uploads\/2024\/08\/photo-hydro-agricole.jpg","articleSection":["ACTUALIT\u00c9","Economie"],"inLanguage":"ar","potentialAction":[{"@type":"CommentAction","name":"Comment","target":["https:\/\/lequotidien.mr\/?p=20358&lang=fr#respond"]}]},{"@type":"WebPage","@id":"https:\/\/lequotidien.mr\/?p=20358&lang=fr","url":"https:\/\/lequotidien.mr\/?p=20358&lang=fr","name":"Agriculture : Signature d'un accord de coop\u00e9ration pour l'am\u00e9nagement hydro-agricole sur la rive droite du fleuve S\u00e9n\u00e9gal - Le Quotidien de Nouakchott","isPartOf":{"@id":"https:\/\/lequotidien.mr\/#website"},"primaryImageOfPage":{"@id":"https:\/\/lequotidien.mr\/?p=20358&lang=fr#primaryimage"},"image":{"@id":"https:\/\/lequotidien.mr\/?p=20358&lang=fr#primaryimage"},"thumbnailUrl":"https:\/\/lequotidien.mr\/wp-content\/uploads\/2024\/08\/photo-hydro-agricole.jpg","datePublished":"2024-08-11T11:39:27+00:00","breadcrumb":{"@id":"https:\/\/lequotidien.mr\/?p=20358&lang=fr#breadcrumb"},"inLanguage":"ar","potentialAction":[{"@type":"ReadAction","target":["https:\/\/lequotidien.mr\/?p=20358&lang=fr"]}]},{"@type":"ImageObject","inLanguage":"ar","@id":"https:\/\/lequotidien.mr\/?p=20358&lang=fr#primaryimage","url":"https:\/\/lequotidien.mr\/wp-content\/uploads\/2024\/08\/photo-hydro-agricole.jpg","contentUrl":"https:\/\/lequotidien.mr\/wp-content\/uploads\/2024\/08\/photo-hydro-agricole.jpg","width":645,"height":320},{"@type":"BreadcrumbList","@id":"https:\/\/lequotidien.mr\/?p=20358&lang=fr#breadcrumb","itemListElement":[{"@type":"ListItem","position":1,"name":"Home","item":"https:\/\/lequotidien.mr\/"},{"@type":"ListItem","position":2,"name":"Agriculture : Signature d&rsquo;un accord de coop\u00e9ration pour l&rsquo;am\u00e9nagement hydro-agricole sur la rive droite du fleuve S\u00e9n\u00e9gal"}]},{"@type":"WebSite","@id":"https:\/\/lequotidien.mr\/#website","url":"https:\/\/lequotidien.mr\/","name":"Le Quotidien de Nouakchott","description":"\u0625\u062e\u0628\u0627\u0631\u064a\u0629 \u0645\u0633\u062a\u0642\u0644\u0629 \u0644\u0644\u0623\u0646\u0628\u0627\u0621 \u0627\u0644\u0639\u0627\u0645\u0629","publisher":{"@id":"https:\/\/lequotidien.mr\/#organization"},"potentialAction":[{"@type":"SearchAction","target":{"@type":"EntryPoint","urlTemplate":"https:\/\/lequotidien.mr\/?s={search_term_string}"},"query-input":{"@type":"PropertyValueSpecification","valueRequired":true,"valueName":"search_term_string"}}],"inLanguage":"ar"},{"@type":"Organization","@id":"https:\/\/lequotidien.mr\/#organization","name":"Le Quotidien de Nouakchott","url":"https:\/\/lequotidien.mr\/","logo":{"@type":"ImageObject","inLanguage":"ar","@id":"https:\/\/lequotidien.mr\/#\/schema\/logo\/image\/","url":"https:\/\/lequotidien.mr\/wp-content\/uploads\/2022\/11\/logolequotidien.jpg","contentUrl":"https:\/\/lequotidien.mr\/wp-content\/uploads\/2022\/11\/logolequotidien.jpg","width":290,"height":65,"caption":"Le Quotidien de Nouakchott"},"image":{"@id":"https:\/\/lequotidien.mr\/#\/schema\/logo\/image\/"},"sameAs":["https:\/\/web.facebook.com\/lequotidienmr","https:\/\/x.com\/lequotidienmr"]},{"@type":"Person","@id":"https:\/\/lequotidien.mr\/#\/schema\/person\/d2d350202a4d599685ed8abc25f97596","name":"Med Ahmed","image":{"@type":"ImageObject","inLanguage":"ar","@id":"https:\/\/secure.gravatar.com\/avatar\/fd2acc62ed50732923d1d39c17172c9b04149f142be92310ecc69e1358f94b52?s=96&d=mm&r=g","url":"https:\/\/secure.gravatar.com\/avatar\/fd2acc62ed50732923d1d39c17172c9b04149f142be92310ecc69e1358f94b52?s=96&d=mm&r=g","contentUrl":"https:\/\/secure.gravatar.com\/avatar\/fd2acc62ed50732923d1d39c17172c9b04149f142be92310ecc69e1358f94b52?s=96&d=mm&r=g","caption":"Med Ahmed"},"url":"https:\/\/lequotidien.mr\/?author=12"}]}},"_links":{"self":[{"href":"https:\/\/lequotidien.mr\/index.php?rest_route=\/wp\/v2\/posts\/20358","targetHints":{"allow":["GET"]}}],"collection":[{"href":"https:\/\/lequotidien.mr\/index.php?rest_route=\/wp\/v2\/posts"}],"about":[{"href":"https:\/\/lequotidien.mr\/index.php?rest_route=\/wp\/v2\/types\/post"}],"author":[{"embeddable":true,"href":"https:\/\/lequotidien.mr\/index.php?rest_route=\/wp\/v2\/users\/12"}],"replies":[{"embeddable":true,"href":"https:\/\/lequotidien.mr\/index.php?rest_route=%2Fwp%2Fv2%2Fcomments&post=20358"}],"version-history":[{"count":1,"href":"https:\/\/lequotidien.mr\/index.php?rest_route=\/wp\/v2\/posts\/20358\/revisions"}],"predecessor-version":[{"id":20360,"href":"https:\/\/lequotidien.mr\/index.php?rest_route=\/wp\/v2\/posts\/20358\/revisions\/20360"}],"wp:featuredmedia":[{"embeddable":true,"href":"https:\/\/lequotidien.mr\/index.php?rest_route=\/wp\/v2\/media\/20359"}],"wp:attachment":[{"href":"https:\/\/lequotidien.mr\/index.php?rest_route=%2Fwp%2Fv2%2Fmedia&parent=20358"}],"wp:term":[{"taxonomy":"category","embeddable":true,"href":"https:\/\/lequotidien.mr\/index.php?rest_route=%2Fwp%2Fv2%2Fcategories&post=20358"},{"taxonomy":"post_tag","embeddable":true,"href":"https:\/\/lequotidien.mr\/index.php?rest_route=%2Fwp%2Fv2%2Ftags&post=20358"}],"curies":[{"name":"wp","href":"https:\/\/api.w.org\/{rel}","templated":true}]}}