{"id":20294,"date":"2024-08-08T12:32:49","date_gmt":"2024-08-08T12:32:49","guid":{"rendered":"https:\/\/lequotidien.mr\/?p=20294"},"modified":"2024-08-08T12:32:49","modified_gmt":"2024-08-08T12:32:49","slug":"panique-sur-les-marches-un-mini-crack-mondial-vient-de-secouer-les-bourses","status":"publish","type":"post","link":"https:\/\/lequotidien.mr\/?p=20294&lang=fr","title":{"rendered":"Panique sur les march\u00e9s : un mini-crack mondial vient de secouer les bourses"},"content":{"rendered":"<p>Le monde financier a \u00e9t\u00e9 secou\u00e9 par un mini-crack d&#8217;une intensit\u00e9 rarissime, avec une chute spectaculaire de 12% de l&#8217;indice vedette de la Bourse de Tokyo. Ce d\u00e9clin inattendu a provoqu\u00e9 un effet domino sur les march\u00e9s mondiaux, entra\u00eenant une cascade de baisses sur toutes les principales places financi\u00e8res.<\/p>\n<p><strong>Tokyo : le choc initial<\/strong><\/p>\n<p>Le cataclysme a commenc\u00e9 \u00e0 Tokyo o\u00f9 l&#8217;indice Nikkei 225, consid\u00e9r\u00e9 comme le barom\u00e8tre de la Bourse japonaise, a enregistr\u00e9 une d\u00e9gringolade de 12%. Ce plongeon est sans pr\u00e9c\u00e9dent et a imm\u00e9diatement attir\u00e9 l&#8217;attention des investisseurs du monde entier. L&#8217;ampleur de cette chute a provoqu\u00e9 une r\u00e9action en cha\u00eene sur les march\u00e9s internationaux.<\/p>\n<p><strong>Une r\u00e9action mondiale<\/strong><\/p>\n<p>\u00c0 la suite de ce choc initial, la panique s&#8217;est propag\u00e9e \u00e0 travers les fronti\u00e8res. Les bourses europ\u00e9ennes n&#8217;ont pas \u00e9chapp\u00e9 \u00e0 la vague de nervosit\u00e9. La Bourse de Londres a connu une baisse de 2%, tandis que le CAC 40, l&#8217;indice phare de la Bourse de Paris, a connu une l\u00e9g\u00e8re baisse avant de montrer des signes d&#8217;am\u00e9lioration. La tendance g\u00e9n\u00e9rale a \u00e9t\u00e9 domin\u00e9e par une profonde inqui\u00e9tude, bien que les march\u00e9s europ\u00e9ens aient montr\u00e9 une certaine r\u00e9silience par la suite.<\/p>\n<p><strong>Wall Street et la crise am\u00e9ricaine<\/strong><\/p>\n<p>Aux \u00c9tats-Unis, Wall Street a \u00e9galement subi l&#8217;impact de cette correction majeure, d\u00e9j\u00e0 visible en fin de semaine pr\u00e9c\u00e9dente. L&#8217;indice Dow Jones, souvent compar\u00e9 au CAC 40 am\u00e9ricain, a chut\u00e9 de pr\u00e8s de 3%. Les actions des g\u00e9ants de la technologie, tels qu&#8217;Apple et Amazon, ont particuli\u00e8rement souffert. Les inqui\u00e9tudes autour d&#8217;une nouvelle bulle dans le secteur technologique, exacerb\u00e9es par le d\u00e9veloppement fulgurant de l&#8217;intelligence artificielle, ont aliment\u00e9 la panique parmi les investisseurs.<\/p>\n<p><strong>Une inqui\u00e9tude croissante sur l&#8217;\u00e9conomie am\u00e9ricaine<\/strong><\/p>\n<p>Les craintes d&#8217;une r\u00e9cession aux \u00c9tats-Unis sont devenues plus prononc\u00e9es apr\u00e8s la publication de statistiques d\u00e9cevantes sur l&#8217;emploi. Les cr\u00e9ations de postes ont atteint leur niveau le plus bas depuis trois ans, et le taux de ch\u00f4mage a l\u00e9g\u00e8rement augment\u00e9. En r\u00e9ponse, la R\u00e9serve f\u00e9d\u00e9rale a d\u00e9cid\u00e9 de maintenir ses taux d&#8217;int\u00e9r\u00eat \u00e9lev\u00e9s pour contrer l&#8217;inflation persistante. Cette politique, bien que n\u00e9cessaire pour juguler la hausse des prix, pourrait \u00e9galement freiner la croissance \u00e9conomique en augmentant le co\u00fbt des emprunts.<\/p>\n<p><strong>Cons\u00e9quences et perspectives<\/strong><\/p>\n<p>Les march\u00e9s financiers redoutent que la combinaison de ces facteurs ne freine consid\u00e9rablement la croissance am\u00e9ricaine, avec des r\u00e9percussions potentielles pour l&#8217;\u00e9conomie mondiale. Le co\u00fbt \u00e9lev\u00e9 des emprunts pourrait ralentir l&#8217;activit\u00e9 \u00e9conomique, et les investisseurs s&#8217;inqui\u00e8tent des possibles r\u00e9percussions sur l&#8217;\u00e9conomie globale.<\/p>\n<p>En r\u00e9sum\u00e9, le mini-crack de Tokyo a ouvert une p\u00e9riode d&#8217;incertitude et de nervosit\u00e9 sur les march\u00e9s financiers mondiaux. La r\u00e9action en cha\u00eene observ\u00e9e souligne la vuln\u00e9rabilit\u00e9 des bourses aux chocs \u00e9conomiques et aux fluctuations de confiance des investisseurs. Alors que les autorit\u00e9s \u00e9conomiques tentent de stabiliser la situation, la prudence reste de mise pour les acteurs des march\u00e9s financiers.<\/p>\n","protected":false},"excerpt":{"rendered":"<p>Le monde financier a \u00e9t\u00e9 secou\u00e9 par un mini-crack d&#8217;une intensit\u00e9 rarissime, avec une chute spectaculaire de 12% de l&#8217;indice vedette de la Bourse de Tokyo. Ce d\u00e9clin inattendu a provoqu\u00e9 un effet domino sur les march\u00e9s mondiaux, entra\u00eenant une cascade de baisses sur toutes les principales places financi\u00e8res. Tokyo : le choc initial Le&#8230;..<\/p>\n","protected":false},"author":12,"featured_media":20300,"comment_status":"open","ping_status":"open","sticky":false,"template":"","format":"standard","meta":{"footnotes":""},"categories":[23,49],"tags":[],"class_list":["post-20294","post","type-post","status-publish","format-standard","has-post-thumbnail","hentry","category-actualite","category-economie"],"yoast_head":"<!-- This site is optimized with the Yoast SEO plugin v27.5 - https:\/\/yoast.com\/product\/yoast-seo-wordpress\/ -->\n<title>Panique sur les march\u00e9s : un mini-crack mondial vient de secouer les bourses - Le Quotidien de Nouakchott<\/title>\n<meta name=\"robots\" content=\"index, follow, max-snippet:-1, max-image-preview:large, max-video-preview:-1\" \/>\n<link rel=\"canonical\" href=\"https:\/\/lequotidien.mr\/?p=20294&lang=fr\" \/>\n<meta property=\"og:locale\" content=\"ar_AR\" \/>\n<meta property=\"og:type\" content=\"article\" \/>\n<meta property=\"og:title\" content=\"Panique sur les march\u00e9s : un mini-crack mondial vient de secouer les bourses - Le Quotidien de Nouakchott\" \/>\n<meta property=\"og:description\" content=\"Le monde financier a \u00e9t\u00e9 secou\u00e9 par un mini-crack d&#8217;une intensit\u00e9 rarissime, avec une chute spectaculaire de 12% de l&#8217;indice vedette de la Bourse de Tokyo. Ce d\u00e9clin inattendu a provoqu\u00e9 un effet domino sur les march\u00e9s mondiaux, entra\u00eenant une cascade de baisses sur toutes les principales places financi\u00e8res. Tokyo : le choc initial Le.....\" \/>\n<meta property=\"og:url\" content=\"https:\/\/lequotidien.mr\/?p=20294&amp;lang=fr\" \/>\n<meta property=\"og:site_name\" content=\"Le Quotidien de Nouakchott\" \/>\n<meta property=\"article:publisher\" content=\"https:\/\/web.facebook.com\/lequotidienmr\" \/>\n<meta property=\"article:published_time\" content=\"2024-08-08T12:32:49+00:00\" \/>\n<meta property=\"og:image\" content=\"https:\/\/lequotidien.mr\/wp-content\/uploads\/2024\/08\/photo-Bourse.png\" \/>\n\t<meta property=\"og:image:width\" content=\"800\" \/>\n\t<meta property=\"og:image:height\" content=\"449\" \/>\n\t<meta property=\"og:image:type\" content=\"image\/png\" \/>\n<meta name=\"author\" content=\"Med Ahmed\" \/>\n<meta name=\"twitter:card\" content=\"summary_large_image\" \/>\n<meta name=\"twitter:creator\" content=\"@lequotidienmr\" \/>\n<meta name=\"twitter:site\" content=\"@lequotidienmr\" \/>\n<meta name=\"twitter:label1\" content=\"\u0643\u064f\u062a\u0628 \u0628\u0648\u0627\u0633\u0637\u0629\" \/>\n\t<meta name=\"twitter:data1\" content=\"Med Ahmed\" \/>\n\t<meta name=\"twitter:label2\" content=\"\u0648\u0642\u062a \u0627\u0644\u0642\u0631\u0627\u0621\u0629 \u0627\u0644\u0645\u064f\u0642\u062f\u0651\u0631\" \/>\n\t<meta name=\"twitter:data2\" content=\"3 \u062f\u0642\u0627\u0626\u0642\" \/>\n<script type=\"application\/ld+json\" class=\"yoast-schema-graph\">{\"@context\":\"https:\\\/\\\/schema.org\",\"@graph\":[{\"@type\":\"Article\",\"@id\":\"https:\\\/\\\/lequotidien.mr\\\/?p=20294&lang=fr#article\",\"isPartOf\":{\"@id\":\"https:\\\/\\\/lequotidien.mr\\\/?p=20294&lang=fr\"},\"author\":{\"name\":\"Med Ahmed\",\"@id\":\"https:\\\/\\\/lequotidien.mr\\\/#\\\/schema\\\/person\\\/d2d350202a4d599685ed8abc25f97596\"},\"headline\":\"Panique sur les march\u00e9s : un mini-crack mondial vient de secouer les bourses\",\"datePublished\":\"2024-08-08T12:32:49+00:00\",\"mainEntityOfPage\":{\"@id\":\"https:\\\/\\\/lequotidien.mr\\\/?p=20294&lang=fr\"},\"wordCount\":562,\"commentCount\":0,\"publisher\":{\"@id\":\"https:\\\/\\\/lequotidien.mr\\\/#organization\"},\"image\":{\"@id\":\"https:\\\/\\\/lequotidien.mr\\\/?p=20294&lang=fr#primaryimage\"},\"thumbnailUrl\":\"https:\\\/\\\/lequotidien.mr\\\/wp-content\\\/uploads\\\/2024\\\/08\\\/photo-Bourse.png\",\"articleSection\":[\"ACTUALIT\u00c9\",\"Economie\"],\"inLanguage\":\"ar\",\"potentialAction\":[{\"@type\":\"CommentAction\",\"name\":\"Comment\",\"target\":[\"https:\\\/\\\/lequotidien.mr\\\/?p=20294&lang=fr#respond\"]}]},{\"@type\":\"WebPage\",\"@id\":\"https:\\\/\\\/lequotidien.mr\\\/?p=20294&lang=fr\",\"url\":\"https:\\\/\\\/lequotidien.mr\\\/?p=20294&lang=fr\",\"name\":\"Panique sur les march\u00e9s : un mini-crack mondial vient de secouer les bourses - Le Quotidien de Nouakchott\",\"isPartOf\":{\"@id\":\"https:\\\/\\\/lequotidien.mr\\\/#website\"},\"primaryImageOfPage\":{\"@id\":\"https:\\\/\\\/lequotidien.mr\\\/?p=20294&lang=fr#primaryimage\"},\"image\":{\"@id\":\"https:\\\/\\\/lequotidien.mr\\\/?p=20294&lang=fr#primaryimage\"},\"thumbnailUrl\":\"https:\\\/\\\/lequotidien.mr\\\/wp-content\\\/uploads\\\/2024\\\/08\\\/photo-Bourse.png\",\"datePublished\":\"2024-08-08T12:32:49+00:00\",\"breadcrumb\":{\"@id\":\"https:\\\/\\\/lequotidien.mr\\\/?p=20294&lang=fr#breadcrumb\"},\"inLanguage\":\"ar\",\"potentialAction\":[{\"@type\":\"ReadAction\",\"target\":[\"https:\\\/\\\/lequotidien.mr\\\/?p=20294&lang=fr\"]}]},{\"@type\":\"ImageObject\",\"inLanguage\":\"ar\",\"@id\":\"https:\\\/\\\/lequotidien.mr\\\/?p=20294&lang=fr#primaryimage\",\"url\":\"https:\\\/\\\/lequotidien.mr\\\/wp-content\\\/uploads\\\/2024\\\/08\\\/photo-Bourse.png\",\"contentUrl\":\"https:\\\/\\\/lequotidien.mr\\\/wp-content\\\/uploads\\\/2024\\\/08\\\/photo-Bourse.png\",\"width\":800,\"height\":449},{\"@type\":\"BreadcrumbList\",\"@id\":\"https:\\\/\\\/lequotidien.mr\\\/?p=20294&lang=fr#breadcrumb\",\"itemListElement\":[{\"@type\":\"ListItem\",\"position\":1,\"name\":\"Home\",\"item\":\"https:\\\/\\\/lequotidien.mr\\\/\"},{\"@type\":\"ListItem\",\"position\":2,\"name\":\"Panique sur les march\u00e9s : un mini-crack mondial vient de secouer les bourses\"}]},{\"@type\":\"WebSite\",\"@id\":\"https:\\\/\\\/lequotidien.mr\\\/#website\",\"url\":\"https:\\\/\\\/lequotidien.mr\\\/\",\"name\":\"Le Quotidien de Nouakchott\",\"description\":\"\u0625\u062e\u0628\u0627\u0631\u064a\u0629 \u0645\u0633\u062a\u0642\u0644\u0629 \u0644\u0644\u0623\u0646\u0628\u0627\u0621 \u0627\u0644\u0639\u0627\u0645\u0629\",\"publisher\":{\"@id\":\"https:\\\/\\\/lequotidien.mr\\\/#organization\"},\"potentialAction\":[{\"@type\":\"SearchAction\",\"target\":{\"@type\":\"EntryPoint\",\"urlTemplate\":\"https:\\\/\\\/lequotidien.mr\\\/?s={search_term_string}\"},\"query-input\":{\"@type\":\"PropertyValueSpecification\",\"valueRequired\":true,\"valueName\":\"search_term_string\"}}],\"inLanguage\":\"ar\"},{\"@type\":\"Organization\",\"@id\":\"https:\\\/\\\/lequotidien.mr\\\/#organization\",\"name\":\"Le Quotidien de Nouakchott\",\"url\":\"https:\\\/\\\/lequotidien.mr\\\/\",\"logo\":{\"@type\":\"ImageObject\",\"inLanguage\":\"ar\",\"@id\":\"https:\\\/\\\/lequotidien.mr\\\/#\\\/schema\\\/logo\\\/image\\\/\",\"url\":\"https:\\\/\\\/lequotidien.mr\\\/wp-content\\\/uploads\\\/2022\\\/11\\\/logolequotidien.jpg\",\"contentUrl\":\"https:\\\/\\\/lequotidien.mr\\\/wp-content\\\/uploads\\\/2022\\\/11\\\/logolequotidien.jpg\",\"width\":290,\"height\":65,\"caption\":\"Le Quotidien de Nouakchott\"},\"image\":{\"@id\":\"https:\\\/\\\/lequotidien.mr\\\/#\\\/schema\\\/logo\\\/image\\\/\"},\"sameAs\":[\"https:\\\/\\\/web.facebook.com\\\/lequotidienmr\",\"https:\\\/\\\/x.com\\\/lequotidienmr\"]},{\"@type\":\"Person\",\"@id\":\"https:\\\/\\\/lequotidien.mr\\\/#\\\/schema\\\/person\\\/d2d350202a4d599685ed8abc25f97596\",\"name\":\"Med Ahmed\",\"image\":{\"@type\":\"ImageObject\",\"inLanguage\":\"ar\",\"@id\":\"https:\\\/\\\/secure.gravatar.com\\\/avatar\\\/fd2acc62ed50732923d1d39c17172c9b04149f142be92310ecc69e1358f94b52?s=96&d=mm&r=g\",\"url\":\"https:\\\/\\\/secure.gravatar.com\\\/avatar\\\/fd2acc62ed50732923d1d39c17172c9b04149f142be92310ecc69e1358f94b52?s=96&d=mm&r=g\",\"contentUrl\":\"https:\\\/\\\/secure.gravatar.com\\\/avatar\\\/fd2acc62ed50732923d1d39c17172c9b04149f142be92310ecc69e1358f94b52?s=96&d=mm&r=g\",\"caption\":\"Med Ahmed\"},\"url\":\"https:\\\/\\\/lequotidien.mr\\\/?author=12\"}]}<\/script>\n<!-- \/ Yoast SEO plugin. -->","yoast_head_json":{"title":"Panique sur les march\u00e9s : un mini-crack mondial vient de secouer les bourses - Le Quotidien de Nouakchott","robots":{"index":"index","follow":"follow","max-snippet":"max-snippet:-1","max-image-preview":"max-image-preview:large","max-video-preview":"max-video-preview:-1"},"canonical":"https:\/\/lequotidien.mr\/?p=20294&lang=fr","og_locale":"ar_AR","og_type":"article","og_title":"Panique sur les march\u00e9s : un mini-crack mondial vient de secouer les bourses - Le Quotidien de Nouakchott","og_description":"Le monde financier a \u00e9t\u00e9 secou\u00e9 par un mini-crack d&#8217;une intensit\u00e9 rarissime, avec une chute spectaculaire de 12% de l&#8217;indice vedette de la Bourse de Tokyo. Ce d\u00e9clin inattendu a provoqu\u00e9 un effet domino sur les march\u00e9s mondiaux, entra\u00eenant une cascade de baisses sur toutes les principales places financi\u00e8res. Tokyo : le choc initial Le.....","og_url":"https:\/\/lequotidien.mr\/?p=20294&lang=fr","og_site_name":"Le Quotidien de Nouakchott","article_publisher":"https:\/\/web.facebook.com\/lequotidienmr","article_published_time":"2024-08-08T12:32:49+00:00","og_image":[{"width":800,"height":449,"url":"https:\/\/lequotidien.mr\/wp-content\/uploads\/2024\/08\/photo-Bourse.png","type":"image\/png"}],"author":"Med Ahmed","twitter_card":"summary_large_image","twitter_creator":"@lequotidienmr","twitter_site":"@lequotidienmr","twitter_misc":{"\u0643\u064f\u062a\u0628 \u0628\u0648\u0627\u0633\u0637\u0629":"Med Ahmed","\u0648\u0642\u062a \u0627\u0644\u0642\u0631\u0627\u0621\u0629 \u0627\u0644\u0645\u064f\u0642\u062f\u0651\u0631":"3 \u062f\u0642\u0627\u0626\u0642"},"schema":{"@context":"https:\/\/schema.org","@graph":[{"@type":"Article","@id":"https:\/\/lequotidien.mr\/?p=20294&lang=fr#article","isPartOf":{"@id":"https:\/\/lequotidien.mr\/?p=20294&lang=fr"},"author":{"name":"Med Ahmed","@id":"https:\/\/lequotidien.mr\/#\/schema\/person\/d2d350202a4d599685ed8abc25f97596"},"headline":"Panique sur les march\u00e9s : un mini-crack mondial vient de secouer les bourses","datePublished":"2024-08-08T12:32:49+00:00","mainEntityOfPage":{"@id":"https:\/\/lequotidien.mr\/?p=20294&lang=fr"},"wordCount":562,"commentCount":0,"publisher":{"@id":"https:\/\/lequotidien.mr\/#organization"},"image":{"@id":"https:\/\/lequotidien.mr\/?p=20294&lang=fr#primaryimage"},"thumbnailUrl":"https:\/\/lequotidien.mr\/wp-content\/uploads\/2024\/08\/photo-Bourse.png","articleSection":["ACTUALIT\u00c9","Economie"],"inLanguage":"ar","potentialAction":[{"@type":"CommentAction","name":"Comment","target":["https:\/\/lequotidien.mr\/?p=20294&lang=fr#respond"]}]},{"@type":"WebPage","@id":"https:\/\/lequotidien.mr\/?p=20294&lang=fr","url":"https:\/\/lequotidien.mr\/?p=20294&lang=fr","name":"Panique sur les march\u00e9s : un mini-crack mondial vient de secouer les bourses - Le Quotidien de Nouakchott","isPartOf":{"@id":"https:\/\/lequotidien.mr\/#website"},"primaryImageOfPage":{"@id":"https:\/\/lequotidien.mr\/?p=20294&lang=fr#primaryimage"},"image":{"@id":"https:\/\/lequotidien.mr\/?p=20294&lang=fr#primaryimage"},"thumbnailUrl":"https:\/\/lequotidien.mr\/wp-content\/uploads\/2024\/08\/photo-Bourse.png","datePublished":"2024-08-08T12:32:49+00:00","breadcrumb":{"@id":"https:\/\/lequotidien.mr\/?p=20294&lang=fr#breadcrumb"},"inLanguage":"ar","potentialAction":[{"@type":"ReadAction","target":["https:\/\/lequotidien.mr\/?p=20294&lang=fr"]}]},{"@type":"ImageObject","inLanguage":"ar","@id":"https:\/\/lequotidien.mr\/?p=20294&lang=fr#primaryimage","url":"https:\/\/lequotidien.mr\/wp-content\/uploads\/2024\/08\/photo-Bourse.png","contentUrl":"https:\/\/lequotidien.mr\/wp-content\/uploads\/2024\/08\/photo-Bourse.png","width":800,"height":449},{"@type":"BreadcrumbList","@id":"https:\/\/lequotidien.mr\/?p=20294&lang=fr#breadcrumb","itemListElement":[{"@type":"ListItem","position":1,"name":"Home","item":"https:\/\/lequotidien.mr\/"},{"@type":"ListItem","position":2,"name":"Panique sur les march\u00e9s : un mini-crack mondial vient de secouer les bourses"}]},{"@type":"WebSite","@id":"https:\/\/lequotidien.mr\/#website","url":"https:\/\/lequotidien.mr\/","name":"Le Quotidien de Nouakchott","description":"\u0625\u062e\u0628\u0627\u0631\u064a\u0629 \u0645\u0633\u062a\u0642\u0644\u0629 \u0644\u0644\u0623\u0646\u0628\u0627\u0621 \u0627\u0644\u0639\u0627\u0645\u0629","publisher":{"@id":"https:\/\/lequotidien.mr\/#organization"},"potentialAction":[{"@type":"SearchAction","target":{"@type":"EntryPoint","urlTemplate":"https:\/\/lequotidien.mr\/?s={search_term_string}"},"query-input":{"@type":"PropertyValueSpecification","valueRequired":true,"valueName":"search_term_string"}}],"inLanguage":"ar"},{"@type":"Organization","@id":"https:\/\/lequotidien.mr\/#organization","name":"Le Quotidien de Nouakchott","url":"https:\/\/lequotidien.mr\/","logo":{"@type":"ImageObject","inLanguage":"ar","@id":"https:\/\/lequotidien.mr\/#\/schema\/logo\/image\/","url":"https:\/\/lequotidien.mr\/wp-content\/uploads\/2022\/11\/logolequotidien.jpg","contentUrl":"https:\/\/lequotidien.mr\/wp-content\/uploads\/2022\/11\/logolequotidien.jpg","width":290,"height":65,"caption":"Le Quotidien de Nouakchott"},"image":{"@id":"https:\/\/lequotidien.mr\/#\/schema\/logo\/image\/"},"sameAs":["https:\/\/web.facebook.com\/lequotidienmr","https:\/\/x.com\/lequotidienmr"]},{"@type":"Person","@id":"https:\/\/lequotidien.mr\/#\/schema\/person\/d2d350202a4d599685ed8abc25f97596","name":"Med Ahmed","image":{"@type":"ImageObject","inLanguage":"ar","@id":"https:\/\/secure.gravatar.com\/avatar\/fd2acc62ed50732923d1d39c17172c9b04149f142be92310ecc69e1358f94b52?s=96&d=mm&r=g","url":"https:\/\/secure.gravatar.com\/avatar\/fd2acc62ed50732923d1d39c17172c9b04149f142be92310ecc69e1358f94b52?s=96&d=mm&r=g","contentUrl":"https:\/\/secure.gravatar.com\/avatar\/fd2acc62ed50732923d1d39c17172c9b04149f142be92310ecc69e1358f94b52?s=96&d=mm&r=g","caption":"Med Ahmed"},"url":"https:\/\/lequotidien.mr\/?author=12"}]}},"_links":{"self":[{"href":"https:\/\/lequotidien.mr\/index.php?rest_route=\/wp\/v2\/posts\/20294","targetHints":{"allow":["GET"]}}],"collection":[{"href":"https:\/\/lequotidien.mr\/index.php?rest_route=\/wp\/v2\/posts"}],"about":[{"href":"https:\/\/lequotidien.mr\/index.php?rest_route=\/wp\/v2\/types\/post"}],"author":[{"embeddable":true,"href":"https:\/\/lequotidien.mr\/index.php?rest_route=\/wp\/v2\/users\/12"}],"replies":[{"embeddable":true,"href":"https:\/\/lequotidien.mr\/index.php?rest_route=%2Fwp%2Fv2%2Fcomments&post=20294"}],"version-history":[{"count":1,"href":"https:\/\/lequotidien.mr\/index.php?rest_route=\/wp\/v2\/posts\/20294\/revisions"}],"predecessor-version":[{"id":20301,"href":"https:\/\/lequotidien.mr\/index.php?rest_route=\/wp\/v2\/posts\/20294\/revisions\/20301"}],"wp:featuredmedia":[{"embeddable":true,"href":"https:\/\/lequotidien.mr\/index.php?rest_route=\/wp\/v2\/media\/20300"}],"wp:attachment":[{"href":"https:\/\/lequotidien.mr\/index.php?rest_route=%2Fwp%2Fv2%2Fmedia&parent=20294"}],"wp:term":[{"taxonomy":"category","embeddable":true,"href":"https:\/\/lequotidien.mr\/index.php?rest_route=%2Fwp%2Fv2%2Fcategories&post=20294"},{"taxonomy":"post_tag","embeddable":true,"href":"https:\/\/lequotidien.mr\/index.php?rest_route=%2Fwp%2Fv2%2Ftags&post=20294"}],"curies":[{"name":"wp","href":"https:\/\/api.w.org\/{rel}","templated":true}]}}