{"id":20280,"date":"2024-08-07T22:36:17","date_gmt":"2024-08-07T22:36:17","guid":{"rendered":"https:\/\/lequotidien.mr\/?p=20280"},"modified":"2024-08-07T22:36:17","modified_gmt":"2024-08-07T22:36:17","slug":"le-ministere-des-transports-de-mauritanie-lancement-un-programme-de-renouvellement-des-taxis-a-nouakchott","status":"publish","type":"post","link":"https:\/\/lequotidien.mr\/?p=20280&lang=fr","title":{"rendered":"Le Minist\u00e8re des Transports de Mauritanie Lancement un Programme de Renouvellement des Taxis \u00e0 Nouakchott"},"content":{"rendered":"<p>Brakna Post &#8211; Le minist\u00e8re de l\u2019\u00c9quipement et des Transports a annonc\u00e9 qu\u2019il est actuellement en train de renouveler les taxis \u00e0 Nouakchott, en recherchant un financement permettant aux personnes inscrites dans les bases de donn\u00e9es du minist\u00e8re de remplacer leurs vieux v\u00e9hicules par des voitures neuves.<\/p>\n<p>Cette annonce a \u00e9t\u00e9 faite par le directeur du transport urbain de l\u2019Autorit\u00e9 des Transports Routiers, Aly Ould A\u00efda, lors d\u2019une interview avec l\u2019Agence Mauritanienne d\u2019Information (officielle).<\/p>\n<p>M. Ould A\u00efda a pr\u00e9cis\u00e9 que les chauffeurs qui recevront de nouveaux v\u00e9hicules en remplacement de leurs taxis v\u00e9tustes pourront payer le prix de leurs nouvelles voitures par mensualit\u00e9s.<\/p>\n<p>Lors de l\u2019interview, le directeur du transport urbain a \u00e9galement abord\u00e9 la campagne de nettoyage des march\u00e9s et de lib\u00e9ration des rues qui a \u00e9t\u00e9 men\u00e9e dans la capitale Nouakchott au cours des derni\u00e8res semaines, la qualifiant de travail de r\u00e9habilitation des routes adjacentes aux march\u00e9s dans cette zone.<\/p>\n<p>Il a salu\u00e9 la compr\u00e9hension et la coop\u00e9ration des vendeurs ambulants et des propri\u00e9taires de taxis avec les exigences de la campagne, en ajoutant que le comit\u00e9 concern\u00e9 envisage d\u2019\u00e9tendre le plan \u00e0 l\u2019avenir pour inclure tous les march\u00e9s de la ville.<\/p>\n<p>Il a confirm\u00e9 que la campagne avait permis de lib\u00e9rer les zones cibl\u00e9es des vendeurs ambulants, de r\u00e9parer les rues publiques et de d\u00e9limiter des espaces sp\u00e9cifiques pour les activit\u00e9s de transport, ainsi que d\u2019installer des panneaux indiquant les directions des itin\u00e9raires.<\/p>\n","protected":false},"excerpt":{"rendered":"<p>Brakna Post &#8211; Le minist\u00e8re de l\u2019\u00c9quipement et des Transports a annonc\u00e9 qu\u2019il est actuellement en train de renouveler les taxis \u00e0 Nouakchott, en recherchant un financement permettant aux personnes inscrites dans les bases de donn\u00e9es du minist\u00e8re de remplacer leurs vieux v\u00e9hicules par des voitures neuves. Cette annonce a \u00e9t\u00e9 faite par le directeur&#8230;..<\/p>\n","protected":false},"author":3,"featured_media":20281,"comment_status":"open","ping_status":"open","sticky":false,"template":"","format":"standard","meta":{"footnotes":""},"categories":[23,53],"tags":[],"class_list":["post-20280","post","type-post","status-publish","format-standard","has-post-thumbnail","hentry","category-actualite","category-faits-divers"],"yoast_head":"<!-- This site is optimized with the Yoast SEO plugin v27.5 - https:\/\/yoast.com\/product\/yoast-seo-wordpress\/ -->\n<title>Le Minist\u00e8re des Transports de Mauritanie Lancement un Programme de Renouvellement des Taxis \u00e0 Nouakchott - Le Quotidien de Nouakchott<\/title>\n<meta name=\"robots\" content=\"index, follow, max-snippet:-1, max-image-preview:large, max-video-preview:-1\" \/>\n<link rel=\"canonical\" href=\"https:\/\/lequotidien.mr\/?p=20280&lang=fr\" \/>\n<meta property=\"og:locale\" content=\"ar_AR\" \/>\n<meta property=\"og:type\" content=\"article\" \/>\n<meta property=\"og:title\" content=\"Le Minist\u00e8re des Transports de Mauritanie Lancement un Programme de Renouvellement des Taxis \u00e0 Nouakchott - Le Quotidien de Nouakchott\" \/>\n<meta property=\"og:description\" content=\"Brakna Post &#8211; Le minist\u00e8re de l\u2019\u00c9quipement et des Transports a annonc\u00e9 qu\u2019il est actuellement en train de renouveler les taxis \u00e0 Nouakchott, en recherchant un financement permettant aux personnes inscrites dans les bases de donn\u00e9es du minist\u00e8re de remplacer leurs vieux v\u00e9hicules par des voitures neuves. Cette annonce a \u00e9t\u00e9 faite par le directeur.....\" \/>\n<meta property=\"og:url\" content=\"https:\/\/lequotidien.mr\/?p=20280&amp;lang=fr\" \/>\n<meta property=\"og:site_name\" content=\"Le Quotidien de Nouakchott\" \/>\n<meta property=\"article:publisher\" content=\"https:\/\/web.facebook.com\/lequotidienmr\" \/>\n<meta property=\"article:author\" content=\"https:\/\/web.facebook.com\/a.mleiwih\" \/>\n<meta property=\"article:published_time\" content=\"2024-08-07T22:36:17+00:00\" \/>\n<meta property=\"og:image\" content=\"https:\/\/lequotidien.mr\/wp-content\/uploads\/2024\/08\/\u0627\u0644\u0646\u0642\u0644-\u0627\u0644\u0645\u0648\u0631\u064a\u062a\u0627\u0646\u064a.jpg\" \/>\n\t<meta property=\"og:image:width\" content=\"780\" \/>\n\t<meta property=\"og:image:height\" content=\"472\" \/>\n\t<meta property=\"og:image:type\" content=\"image\/jpeg\" \/>\n<meta name=\"author\" content=\"Alioun M&#039;leiwih\" \/>\n<meta name=\"twitter:card\" content=\"summary_large_image\" \/>\n<meta name=\"twitter:creator\" content=\"@lequotidienmr\" \/>\n<meta name=\"twitter:site\" content=\"@lequotidienmr\" \/>\n<meta name=\"twitter:label1\" content=\"\u0643\u064f\u062a\u0628 \u0628\u0648\u0627\u0633\u0637\u0629\" \/>\n\t<meta name=\"twitter:data1\" content=\"Alioun M&#039;leiwih\" \/>\n\t<meta name=\"twitter:label2\" content=\"\u0648\u0642\u062a \u0627\u0644\u0642\u0631\u0627\u0621\u0629 \u0627\u0644\u0645\u064f\u0642\u062f\u0651\u0631\" \/>\n\t<meta name=\"twitter:data2\" content=\"\u062f\u0642\u064a\u0642\u062a\u0627\u0646\" \/>\n<script type=\"application\/ld+json\" class=\"yoast-schema-graph\">{\"@context\":\"https:\\\/\\\/schema.org\",\"@graph\":[{\"@type\":\"Article\",\"@id\":\"https:\\\/\\\/lequotidien.mr\\\/?p=20280&lang=fr#article\",\"isPartOf\":{\"@id\":\"https:\\\/\\\/lequotidien.mr\\\/?p=20280&lang=fr\"},\"author\":{\"name\":\"Alioun M'leiwih\",\"@id\":\"https:\\\/\\\/lequotidien.mr\\\/#\\\/schema\\\/person\\\/69d1518c74c9137087929a20b1272cb0\"},\"headline\":\"Le Minist\u00e8re des Transports de Mauritanie Lancement un Programme de Renouvellement des Taxis \u00e0 Nouakchott\",\"datePublished\":\"2024-08-07T22:36:17+00:00\",\"mainEntityOfPage\":{\"@id\":\"https:\\\/\\\/lequotidien.mr\\\/?p=20280&lang=fr\"},\"wordCount\":286,\"commentCount\":0,\"publisher\":{\"@id\":\"https:\\\/\\\/lequotidien.mr\\\/#organization\"},\"image\":{\"@id\":\"https:\\\/\\\/lequotidien.mr\\\/?p=20280&lang=fr#primaryimage\"},\"thumbnailUrl\":\"https:\\\/\\\/lequotidien.mr\\\/wp-content\\\/uploads\\\/2024\\\/08\\\/\u0627\u0644\u0646\u0642\u0644-\u0627\u0644\u0645\u0648\u0631\u064a\u062a\u0627\u0646\u064a.jpg\",\"articleSection\":[\"ACTUALIT\u00c9\",\"FAITS DIVERS\"],\"inLanguage\":\"ar\",\"potentialAction\":[{\"@type\":\"CommentAction\",\"name\":\"Comment\",\"target\":[\"https:\\\/\\\/lequotidien.mr\\\/?p=20280&lang=fr#respond\"]}]},{\"@type\":\"WebPage\",\"@id\":\"https:\\\/\\\/lequotidien.mr\\\/?p=20280&lang=fr\",\"url\":\"https:\\\/\\\/lequotidien.mr\\\/?p=20280&lang=fr\",\"name\":\"Le Minist\u00e8re des Transports de Mauritanie Lancement un Programme de Renouvellement des Taxis \u00e0 Nouakchott - Le Quotidien de Nouakchott\",\"isPartOf\":{\"@id\":\"https:\\\/\\\/lequotidien.mr\\\/#website\"},\"primaryImageOfPage\":{\"@id\":\"https:\\\/\\\/lequotidien.mr\\\/?p=20280&lang=fr#primaryimage\"},\"image\":{\"@id\":\"https:\\\/\\\/lequotidien.mr\\\/?p=20280&lang=fr#primaryimage\"},\"thumbnailUrl\":\"https:\\\/\\\/lequotidien.mr\\\/wp-content\\\/uploads\\\/2024\\\/08\\\/\u0627\u0644\u0646\u0642\u0644-\u0627\u0644\u0645\u0648\u0631\u064a\u062a\u0627\u0646\u064a.jpg\",\"datePublished\":\"2024-08-07T22:36:17+00:00\",\"breadcrumb\":{\"@id\":\"https:\\\/\\\/lequotidien.mr\\\/?p=20280&lang=fr#breadcrumb\"},\"inLanguage\":\"ar\",\"potentialAction\":[{\"@type\":\"ReadAction\",\"target\":[\"https:\\\/\\\/lequotidien.mr\\\/?p=20280&lang=fr\"]}]},{\"@type\":\"ImageObject\",\"inLanguage\":\"ar\",\"@id\":\"https:\\\/\\\/lequotidien.mr\\\/?p=20280&lang=fr#primaryimage\",\"url\":\"https:\\\/\\\/lequotidien.mr\\\/wp-content\\\/uploads\\\/2024\\\/08\\\/\u0627\u0644\u0646\u0642\u0644-\u0627\u0644\u0645\u0648\u0631\u064a\u062a\u0627\u0646\u064a.jpg\",\"contentUrl\":\"https:\\\/\\\/lequotidien.mr\\\/wp-content\\\/uploads\\\/2024\\\/08\\\/\u0627\u0644\u0646\u0642\u0644-\u0627\u0644\u0645\u0648\u0631\u064a\u062a\u0627\u0646\u064a.jpg\",\"width\":780,\"height\":472},{\"@type\":\"BreadcrumbList\",\"@id\":\"https:\\\/\\\/lequotidien.mr\\\/?p=20280&lang=fr#breadcrumb\",\"itemListElement\":[{\"@type\":\"ListItem\",\"position\":1,\"name\":\"Home\",\"item\":\"https:\\\/\\\/lequotidien.mr\\\/\"},{\"@type\":\"ListItem\",\"position\":2,\"name\":\"Le Minist\u00e8re des Transports de Mauritanie Lancement un Programme de Renouvellement des Taxis \u00e0 Nouakchott\"}]},{\"@type\":\"WebSite\",\"@id\":\"https:\\\/\\\/lequotidien.mr\\\/#website\",\"url\":\"https:\\\/\\\/lequotidien.mr\\\/\",\"name\":\"Le Quotidien de Nouakchott\",\"description\":\"\u0625\u062e\u0628\u0627\u0631\u064a\u0629 \u0645\u0633\u062a\u0642\u0644\u0629 \u0644\u0644\u0623\u0646\u0628\u0627\u0621 \u0627\u0644\u0639\u0627\u0645\u0629\",\"publisher\":{\"@id\":\"https:\\\/\\\/lequotidien.mr\\\/#organization\"},\"potentialAction\":[{\"@type\":\"SearchAction\",\"target\":{\"@type\":\"EntryPoint\",\"urlTemplate\":\"https:\\\/\\\/lequotidien.mr\\\/?s={search_term_string}\"},\"query-input\":{\"@type\":\"PropertyValueSpecification\",\"valueRequired\":true,\"valueName\":\"search_term_string\"}}],\"inLanguage\":\"ar\"},{\"@type\":\"Organization\",\"@id\":\"https:\\\/\\\/lequotidien.mr\\\/#organization\",\"name\":\"Le Quotidien de Nouakchott\",\"url\":\"https:\\\/\\\/lequotidien.mr\\\/\",\"logo\":{\"@type\":\"ImageObject\",\"inLanguage\":\"ar\",\"@id\":\"https:\\\/\\\/lequotidien.mr\\\/#\\\/schema\\\/logo\\\/image\\\/\",\"url\":\"https:\\\/\\\/lequotidien.mr\\\/wp-content\\\/uploads\\\/2022\\\/11\\\/logolequotidien.jpg\",\"contentUrl\":\"https:\\\/\\\/lequotidien.mr\\\/wp-content\\\/uploads\\\/2022\\\/11\\\/logolequotidien.jpg\",\"width\":290,\"height\":65,\"caption\":\"Le Quotidien de Nouakchott\"},\"image\":{\"@id\":\"https:\\\/\\\/lequotidien.mr\\\/#\\\/schema\\\/logo\\\/image\\\/\"},\"sameAs\":[\"https:\\\/\\\/web.facebook.com\\\/lequotidienmr\",\"https:\\\/\\\/x.com\\\/lequotidienmr\"]},{\"@type\":\"Person\",\"@id\":\"https:\\\/\\\/lequotidien.mr\\\/#\\\/schema\\\/person\\\/69d1518c74c9137087929a20b1272cb0\",\"name\":\"Alioun M'leiwih\",\"image\":{\"@type\":\"ImageObject\",\"inLanguage\":\"ar\",\"@id\":\"https:\\\/\\\/secure.gravatar.com\\\/avatar\\\/01f9d357222d7d4ca8f71662f4b081718f06d25b11fc45662ecca0622d507e51?s=96&d=mm&r=g\",\"url\":\"https:\\\/\\\/secure.gravatar.com\\\/avatar\\\/01f9d357222d7d4ca8f71662f4b081718f06d25b11fc45662ecca0622d507e51?s=96&d=mm&r=g\",\"contentUrl\":\"https:\\\/\\\/secure.gravatar.com\\\/avatar\\\/01f9d357222d7d4ca8f71662f4b081718f06d25b11fc45662ecca0622d507e51?s=96&d=mm&r=g\",\"caption\":\"Alioun M'leiwih\"},\"sameAs\":[\"https:\\\/\\\/lequotidien.mr\\\/\",\"https:\\\/\\\/web.facebook.com\\\/a.mleiwih\",\"https:\\\/\\\/www.linkedin.com\\\/in\\\/alimlewih\\\/\"],\"url\":\"https:\\\/\\\/lequotidien.mr\\\/?author=3\"}]}<\/script>\n<!-- \/ Yoast SEO plugin. -->","yoast_head_json":{"title":"Le Minist\u00e8re des Transports de Mauritanie Lancement un Programme de Renouvellement des Taxis \u00e0 Nouakchott - Le Quotidien de Nouakchott","robots":{"index":"index","follow":"follow","max-snippet":"max-snippet:-1","max-image-preview":"max-image-preview:large","max-video-preview":"max-video-preview:-1"},"canonical":"https:\/\/lequotidien.mr\/?p=20280&lang=fr","og_locale":"ar_AR","og_type":"article","og_title":"Le Minist\u00e8re des Transports de Mauritanie Lancement un Programme de Renouvellement des Taxis \u00e0 Nouakchott - Le Quotidien de Nouakchott","og_description":"Brakna Post &#8211; Le minist\u00e8re de l\u2019\u00c9quipement et des Transports a annonc\u00e9 qu\u2019il est actuellement en train de renouveler les taxis \u00e0 Nouakchott, en recherchant un financement permettant aux personnes inscrites dans les bases de donn\u00e9es du minist\u00e8re de remplacer leurs vieux v\u00e9hicules par des voitures neuves. Cette annonce a \u00e9t\u00e9 faite par le directeur.....","og_url":"https:\/\/lequotidien.mr\/?p=20280&lang=fr","og_site_name":"Le Quotidien de Nouakchott","article_publisher":"https:\/\/web.facebook.com\/lequotidienmr","article_author":"https:\/\/web.facebook.com\/a.mleiwih","article_published_time":"2024-08-07T22:36:17+00:00","og_image":[{"width":780,"height":472,"url":"https:\/\/lequotidien.mr\/wp-content\/uploads\/2024\/08\/\u0627\u0644\u0646\u0642\u0644-\u0627\u0644\u0645\u0648\u0631\u064a\u062a\u0627\u0646\u064a.jpg","type":"image\/jpeg"}],"author":"Alioun M'leiwih","twitter_card":"summary_large_image","twitter_creator":"@lequotidienmr","twitter_site":"@lequotidienmr","twitter_misc":{"\u0643\u064f\u062a\u0628 \u0628\u0648\u0627\u0633\u0637\u0629":"Alioun M'leiwih","\u0648\u0642\u062a \u0627\u0644\u0642\u0631\u0627\u0621\u0629 \u0627\u0644\u0645\u064f\u0642\u062f\u0651\u0631":"\u062f\u0642\u064a\u0642\u062a\u0627\u0646"},"schema":{"@context":"https:\/\/schema.org","@graph":[{"@type":"Article","@id":"https:\/\/lequotidien.mr\/?p=20280&lang=fr#article","isPartOf":{"@id":"https:\/\/lequotidien.mr\/?p=20280&lang=fr"},"author":{"name":"Alioun M'leiwih","@id":"https:\/\/lequotidien.mr\/#\/schema\/person\/69d1518c74c9137087929a20b1272cb0"},"headline":"Le Minist\u00e8re des Transports de Mauritanie Lancement un Programme de Renouvellement des Taxis \u00e0 Nouakchott","datePublished":"2024-08-07T22:36:17+00:00","mainEntityOfPage":{"@id":"https:\/\/lequotidien.mr\/?p=20280&lang=fr"},"wordCount":286,"commentCount":0,"publisher":{"@id":"https:\/\/lequotidien.mr\/#organization"},"image":{"@id":"https:\/\/lequotidien.mr\/?p=20280&lang=fr#primaryimage"},"thumbnailUrl":"https:\/\/lequotidien.mr\/wp-content\/uploads\/2024\/08\/\u0627\u0644\u0646\u0642\u0644-\u0627\u0644\u0645\u0648\u0631\u064a\u062a\u0627\u0646\u064a.jpg","articleSection":["ACTUALIT\u00c9","FAITS DIVERS"],"inLanguage":"ar","potentialAction":[{"@type":"CommentAction","name":"Comment","target":["https:\/\/lequotidien.mr\/?p=20280&lang=fr#respond"]}]},{"@type":"WebPage","@id":"https:\/\/lequotidien.mr\/?p=20280&lang=fr","url":"https:\/\/lequotidien.mr\/?p=20280&lang=fr","name":"Le Minist\u00e8re des Transports de Mauritanie Lancement un Programme de Renouvellement des Taxis \u00e0 Nouakchott - Le Quotidien de Nouakchott","isPartOf":{"@id":"https:\/\/lequotidien.mr\/#website"},"primaryImageOfPage":{"@id":"https:\/\/lequotidien.mr\/?p=20280&lang=fr#primaryimage"},"image":{"@id":"https:\/\/lequotidien.mr\/?p=20280&lang=fr#primaryimage"},"thumbnailUrl":"https:\/\/lequotidien.mr\/wp-content\/uploads\/2024\/08\/\u0627\u0644\u0646\u0642\u0644-\u0627\u0644\u0645\u0648\u0631\u064a\u062a\u0627\u0646\u064a.jpg","datePublished":"2024-08-07T22:36:17+00:00","breadcrumb":{"@id":"https:\/\/lequotidien.mr\/?p=20280&lang=fr#breadcrumb"},"inLanguage":"ar","potentialAction":[{"@type":"ReadAction","target":["https:\/\/lequotidien.mr\/?p=20280&lang=fr"]}]},{"@type":"ImageObject","inLanguage":"ar","@id":"https:\/\/lequotidien.mr\/?p=20280&lang=fr#primaryimage","url":"https:\/\/lequotidien.mr\/wp-content\/uploads\/2024\/08\/\u0627\u0644\u0646\u0642\u0644-\u0627\u0644\u0645\u0648\u0631\u064a\u062a\u0627\u0646\u064a.jpg","contentUrl":"https:\/\/lequotidien.mr\/wp-content\/uploads\/2024\/08\/\u0627\u0644\u0646\u0642\u0644-\u0627\u0644\u0645\u0648\u0631\u064a\u062a\u0627\u0646\u064a.jpg","width":780,"height":472},{"@type":"BreadcrumbList","@id":"https:\/\/lequotidien.mr\/?p=20280&lang=fr#breadcrumb","itemListElement":[{"@type":"ListItem","position":1,"name":"Home","item":"https:\/\/lequotidien.mr\/"},{"@type":"ListItem","position":2,"name":"Le Minist\u00e8re des Transports de Mauritanie Lancement un Programme de Renouvellement des Taxis \u00e0 Nouakchott"}]},{"@type":"WebSite","@id":"https:\/\/lequotidien.mr\/#website","url":"https:\/\/lequotidien.mr\/","name":"Le Quotidien de Nouakchott","description":"\u0625\u062e\u0628\u0627\u0631\u064a\u0629 \u0645\u0633\u062a\u0642\u0644\u0629 \u0644\u0644\u0623\u0646\u0628\u0627\u0621 \u0627\u0644\u0639\u0627\u0645\u0629","publisher":{"@id":"https:\/\/lequotidien.mr\/#organization"},"potentialAction":[{"@type":"SearchAction","target":{"@type":"EntryPoint","urlTemplate":"https:\/\/lequotidien.mr\/?s={search_term_string}"},"query-input":{"@type":"PropertyValueSpecification","valueRequired":true,"valueName":"search_term_string"}}],"inLanguage":"ar"},{"@type":"Organization","@id":"https:\/\/lequotidien.mr\/#organization","name":"Le Quotidien de Nouakchott","url":"https:\/\/lequotidien.mr\/","logo":{"@type":"ImageObject","inLanguage":"ar","@id":"https:\/\/lequotidien.mr\/#\/schema\/logo\/image\/","url":"https:\/\/lequotidien.mr\/wp-content\/uploads\/2022\/11\/logolequotidien.jpg","contentUrl":"https:\/\/lequotidien.mr\/wp-content\/uploads\/2022\/11\/logolequotidien.jpg","width":290,"height":65,"caption":"Le Quotidien de Nouakchott"},"image":{"@id":"https:\/\/lequotidien.mr\/#\/schema\/logo\/image\/"},"sameAs":["https:\/\/web.facebook.com\/lequotidienmr","https:\/\/x.com\/lequotidienmr"]},{"@type":"Person","@id":"https:\/\/lequotidien.mr\/#\/schema\/person\/69d1518c74c9137087929a20b1272cb0","name":"Alioun M'leiwih","image":{"@type":"ImageObject","inLanguage":"ar","@id":"https:\/\/secure.gravatar.com\/avatar\/01f9d357222d7d4ca8f71662f4b081718f06d25b11fc45662ecca0622d507e51?s=96&d=mm&r=g","url":"https:\/\/secure.gravatar.com\/avatar\/01f9d357222d7d4ca8f71662f4b081718f06d25b11fc45662ecca0622d507e51?s=96&d=mm&r=g","contentUrl":"https:\/\/secure.gravatar.com\/avatar\/01f9d357222d7d4ca8f71662f4b081718f06d25b11fc45662ecca0622d507e51?s=96&d=mm&r=g","caption":"Alioun M'leiwih"},"sameAs":["https:\/\/lequotidien.mr\/","https:\/\/web.facebook.com\/a.mleiwih","https:\/\/www.linkedin.com\/in\/alimlewih\/"],"url":"https:\/\/lequotidien.mr\/?author=3"}]}},"_links":{"self":[{"href":"https:\/\/lequotidien.mr\/index.php?rest_route=\/wp\/v2\/posts\/20280","targetHints":{"allow":["GET"]}}],"collection":[{"href":"https:\/\/lequotidien.mr\/index.php?rest_route=\/wp\/v2\/posts"}],"about":[{"href":"https:\/\/lequotidien.mr\/index.php?rest_route=\/wp\/v2\/types\/post"}],"author":[{"embeddable":true,"href":"https:\/\/lequotidien.mr\/index.php?rest_route=\/wp\/v2\/users\/3"}],"replies":[{"embeddable":true,"href":"https:\/\/lequotidien.mr\/index.php?rest_route=%2Fwp%2Fv2%2Fcomments&post=20280"}],"version-history":[{"count":1,"href":"https:\/\/lequotidien.mr\/index.php?rest_route=\/wp\/v2\/posts\/20280\/revisions"}],"predecessor-version":[{"id":20282,"href":"https:\/\/lequotidien.mr\/index.php?rest_route=\/wp\/v2\/posts\/20280\/revisions\/20282"}],"wp:featuredmedia":[{"embeddable":true,"href":"https:\/\/lequotidien.mr\/index.php?rest_route=\/wp\/v2\/media\/20281"}],"wp:attachment":[{"href":"https:\/\/lequotidien.mr\/index.php?rest_route=%2Fwp%2Fv2%2Fmedia&parent=20280"}],"wp:term":[{"taxonomy":"category","embeddable":true,"href":"https:\/\/lequotidien.mr\/index.php?rest_route=%2Fwp%2Fv2%2Fcategories&post=20280"},{"taxonomy":"post_tag","embeddable":true,"href":"https:\/\/lequotidien.mr\/index.php?rest_route=%2Fwp%2Fv2%2Ftags&post=20280"}],"curies":[{"name":"wp","href":"https:\/\/api.w.org\/{rel}","templated":true}]}}