{"id":20115,"date":"2024-07-31T11:28:11","date_gmt":"2024-07-31T11:28:11","guid":{"rendered":"https:\/\/lequotidien.mr\/?p=20115"},"modified":"2024-07-31T11:28:11","modified_gmt":"2024-07-31T11:28:11","slug":"education-changement-de-date-de-la-journee-nationale-de-lecole-republicaine-et-introduction-des-langues-nationales-des-la-rentree-prochaine","status":"publish","type":"post","link":"https:\/\/lequotidien.mr\/?p=20115&lang=fr","title":{"rendered":"\u00c9ducation : Changement de date de la journ\u00e9e nationale de l\u2019\u00e9cole r\u00e9publicaine et introduction des langues nationales d\u00e9s la rentr\u00e9e prochaine"},"content":{"rendered":"<p>Le ministre de l\u2019\u00c9ducation nationale et de la r\u00e9forme du syst\u00e8me \u00e9ducatif, M. Moctar Dahi vient de d\u00e9voiler les grandes lignes d\u2019un projet de d\u00e9cret modifiant certaines dispositions du d\u00e9cret n\u00b02023-058 du 20 mars 2023, relatif \u00e0 l\u2019institution de la Journ\u00e9e Nationale de l\u2019\u00c9cole R\u00e9publicaine. Ce changement a soulign\u00e9 le ministre, introduit une modification importante concernant la date de c\u00e9l\u00e9bration de cette journ\u00e9e. Initialement fix\u00e9e au 30 octobre de chaque ann\u00e9e, la Journ\u00e9e Nationale de l\u2019\u00c9cole R\u00e9publicaine sera d\u00e9sormais c\u00e9l\u00e9br\u00e9e le 5 d\u00e9cembre.<\/p>\n<p>Selon le ministre, ce changement permettra aux \u00e9quipes du minist\u00e8re de mieux pr\u00e9parer et mettre en \u0153uvre la rentr\u00e9e scolaire tout en c\u00e9l\u00e9brant cette journ\u00e9e juste avant les premi\u00e8res vacances scolaires. Ce r\u00e9ajustement a \u00e9t\u00e9 r\u00e9alis\u00e9 en concertation avec le bureau de l&#8217;Union nationale des parents d\u2019\u00e9l\u00e8ves, qui est \u00e0 l\u2019origine de l&#8217;initiative de la Journ\u00e9e Nationale de l\u2019\u00c9cole R\u00e9publicaine.<\/p>\n<p>En parall\u00e8le, le ministre a annonc\u00e9 des avanc\u00e9es significatives concernant l\u2019introduction des langues nationales dans le syst\u00e8me \u00e9ducatif. \u00c0 partir de la prochaine rentr\u00e9e scolaire, les langues nationales seront int\u00e9gr\u00e9es \u00e0 titre exp\u00e9rimental, conform\u00e9ment \u00e0 la loi d\u2019orientation du syst\u00e8me \u00e9ducatif national. Le ministre a affirm\u00e9 que toutes les dispositions n\u00e9cessaires ont \u00e9t\u00e9 prises pour assurer le bon d\u00e9roulement de cette exp\u00e9rimentation.<\/p>\n<p>Pour cette initiative, 25 sites ont \u00e9t\u00e9 s\u00e9lectionn\u00e9s, dont 18 seront d\u00e9di\u00e9s aux locuteurs des langues nationales. De plus, des formateurs au sein du centre en charge des langues nationales ont \u00e9t\u00e9 pr\u00e9par\u00e9s pour accompagner cette transition, et des enseignants ont \u00e9t\u00e9 form\u00e9s dans les \u00e9coles normales d\u2019instituteurs pour soutenir cette nouvelle approche \u00e9ducative.<\/p>\n<p>Le ministre a \u00e9galement abord\u00e9 la question de l&#8217;uniforme scolaire, une mesure qui s\u2019appliquera \u00e0 environ 700 \u00e0 800 mille \u00e9l\u00e8ves inscrits au niveau fondamental. Tous les \u00e9tablissements scolaires, qu&#8217;ils soient publics ou priv\u00e9s, y compris ceux dispensant un programme \u00e9tranger, seront concern\u00e9s par cette nouvelle r\u00e9glementation.<\/p>\n<p>Pour faciliter la mise en \u0153uvre de cette mesure, le ministre a annonc\u00e9 que les \u00e9l\u00e8ves dont les parents sont inscrits au registre social b\u00e9n\u00e9ficieront d&#8217;un uniforme scolaire gratuit. Les autres \u00e9l\u00e8ves pourront se procurer les uniformes sur le march\u00e9, qui sera approvisionn\u00e9 par quatre entreprises ayant re\u00e7u l\u2019accord du minist\u00e8re.<\/p>\n<p>Le ministre a appel\u00e9 les partenaires techniques et financiers, ainsi que les bonnes volont\u00e9s, \u00e0 soutenir cette dynamique pour garantir que chaque enfant puisse aller \u00e0 l&#8217;\u00e9cole avec son uniforme, soulignant que cela constitue une valeur fondamentale de l&#8217;\u00e9cole r\u00e9publicaine et un gage de coh\u00e9sion sociale.<\/p>\n<p>Enfin, le ministre a pr\u00e9sent\u00e9 les r\u00e9sultats des examens nationaux, mettant en avant une augmentation notable des taux de r\u00e9ussite, notamment au baccalaur\u00e9at. Le taux de r\u00e9ussite en session normale pour 2024 est de 23 %, contre 15 % en 2023, tandis que 16 % des candidats ont \u00e9t\u00e9 admis en session compl\u00e9mentaire, par rapport \u00e0 12 % l\u2019ann\u00e9e pr\u00e9c\u00e9dente. Le ministre pr\u00e9voit que, \u00e0 l\u2019issue de la session compl\u00e9mentaire, le taux global de r\u00e9ussite pourrait atteindre 37 %, attribuant ces r\u00e9sultats positifs aux efforts concert\u00e9s des acteurs de l\u2019\u00e9ducation, avec une mention sp\u00e9ciale pour le d\u00e9vouement des enseignants.<\/p>\n<p>Ces r\u00e9formes, tant en termes de calendrier que de contenu \u00e9ducatif, visent \u00e0 am\u00e9liorer le syst\u00e8me \u00e9ducatif et \u00e0 renforcer l\u2019\u00e9quit\u00e9 et la coh\u00e9sion sociale au sein des \u00e9tablissements scolaires.<\/p>\n","protected":false},"excerpt":{"rendered":"<p>Le ministre de l\u2019\u00c9ducation nationale et de la r\u00e9forme du syst\u00e8me \u00e9ducatif, M. Moctar Dahi vient de d\u00e9voiler les grandes lignes d\u2019un projet de d\u00e9cret modifiant certaines dispositions du d\u00e9cret n\u00b02023-058 du 20 mars 2023, relatif \u00e0 l\u2019institution de la Journ\u00e9e Nationale de l\u2019\u00c9cole R\u00e9publicaine. Ce changement a soulign\u00e9 le ministre, introduit une modification importante&#8230;..<\/p>\n","protected":false},"author":12,"featured_media":20116,"comment_status":"open","ping_status":"open","sticky":false,"template":"","format":"standard","meta":{"footnotes":""},"categories":[23,55],"tags":[],"class_list":["post-20115","post","type-post","status-publish","format-standard","has-post-thumbnail","hentry","category-actualite","category-culture"],"yoast_head":"<!-- This site is optimized with the Yoast SEO plugin v27.5 - https:\/\/yoast.com\/product\/yoast-seo-wordpress\/ -->\n<title>\u00c9ducation : Changement de date de la journ\u00e9e nationale de l\u2019\u00e9cole r\u00e9publicaine et introduction des langues nationales d\u00e9s la rentr\u00e9e prochaine - Le Quotidien de Nouakchott<\/title>\n<meta name=\"robots\" content=\"index, follow, max-snippet:-1, max-image-preview:large, max-video-preview:-1\" \/>\n<link rel=\"canonical\" href=\"https:\/\/lequotidien.mr\/?p=20115&lang=fr\" \/>\n<meta property=\"og:locale\" content=\"ar_AR\" \/>\n<meta property=\"og:type\" content=\"article\" \/>\n<meta property=\"og:title\" content=\"\u00c9ducation : Changement de date de la journ\u00e9e nationale de l\u2019\u00e9cole r\u00e9publicaine et introduction des langues nationales d\u00e9s la rentr\u00e9e prochaine - Le Quotidien de Nouakchott\" \/>\n<meta property=\"og:description\" content=\"Le ministre de l\u2019\u00c9ducation nationale et de la r\u00e9forme du syst\u00e8me \u00e9ducatif, M. Moctar Dahi vient de d\u00e9voiler les grandes lignes d\u2019un projet de d\u00e9cret modifiant certaines dispositions du d\u00e9cret n\u00b02023-058 du 20 mars 2023, relatif \u00e0 l\u2019institution de la Journ\u00e9e Nationale de l\u2019\u00c9cole R\u00e9publicaine. Ce changement a soulign\u00e9 le ministre, introduit une modification importante.....\" \/>\n<meta property=\"og:url\" content=\"https:\/\/lequotidien.mr\/?p=20115&amp;lang=fr\" \/>\n<meta property=\"og:site_name\" content=\"Le Quotidien de Nouakchott\" \/>\n<meta property=\"article:publisher\" content=\"https:\/\/web.facebook.com\/lequotidienmr\" \/>\n<meta property=\"article:published_time\" content=\"2024-07-31T11:28:11+00:00\" \/>\n<meta property=\"og:image\" content=\"https:\/\/lequotidien.mr\/wp-content\/uploads\/2024\/07\/photo-ministre-education.png\" \/>\n\t<meta property=\"og:image:width\" content=\"746\" \/>\n\t<meta property=\"og:image:height\" content=\"641\" \/>\n\t<meta property=\"og:image:type\" content=\"image\/png\" \/>\n<meta name=\"author\" content=\"Med Ahmed\" \/>\n<meta name=\"twitter:card\" content=\"summary_large_image\" \/>\n<meta name=\"twitter:creator\" content=\"@lequotidienmr\" \/>\n<meta name=\"twitter:site\" content=\"@lequotidienmr\" \/>\n<meta name=\"twitter:label1\" content=\"\u0643\u064f\u062a\u0628 \u0628\u0648\u0627\u0633\u0637\u0629\" \/>\n\t<meta name=\"twitter:data1\" content=\"Med Ahmed\" \/>\n\t<meta name=\"twitter:label2\" content=\"\u0648\u0642\u062a \u0627\u0644\u0642\u0631\u0627\u0621\u0629 \u0627\u0644\u0645\u064f\u0642\u062f\u0651\u0631\" \/>\n\t<meta name=\"twitter:data2\" content=\"3 \u062f\u0642\u0627\u0626\u0642\" \/>\n<script type=\"application\/ld+json\" class=\"yoast-schema-graph\">{\"@context\":\"https:\\\/\\\/schema.org\",\"@graph\":[{\"@type\":\"Article\",\"@id\":\"https:\\\/\\\/lequotidien.mr\\\/?p=20115&lang=fr#article\",\"isPartOf\":{\"@id\":\"https:\\\/\\\/lequotidien.mr\\\/?p=20115&lang=fr\"},\"author\":{\"name\":\"Med Ahmed\",\"@id\":\"https:\\\/\\\/lequotidien.mr\\\/#\\\/schema\\\/person\\\/d2d350202a4d599685ed8abc25f97596\"},\"headline\":\"\u00c9ducation : Changement de date de la journ\u00e9e nationale de l\u2019\u00e9cole r\u00e9publicaine et introduction des langues nationales d\u00e9s la rentr\u00e9e prochaine\",\"datePublished\":\"2024-07-31T11:28:11+00:00\",\"mainEntityOfPage\":{\"@id\":\"https:\\\/\\\/lequotidien.mr\\\/?p=20115&lang=fr\"},\"wordCount\":632,\"commentCount\":0,\"publisher\":{\"@id\":\"https:\\\/\\\/lequotidien.mr\\\/#organization\"},\"image\":{\"@id\":\"https:\\\/\\\/lequotidien.mr\\\/?p=20115&lang=fr#primaryimage\"},\"thumbnailUrl\":\"https:\\\/\\\/lequotidien.mr\\\/wp-content\\\/uploads\\\/2024\\\/07\\\/photo-ministre-education.png\",\"articleSection\":[\"ACTUALIT\u00c9\",\"Culture\"],\"inLanguage\":\"ar\",\"potentialAction\":[{\"@type\":\"CommentAction\",\"name\":\"Comment\",\"target\":[\"https:\\\/\\\/lequotidien.mr\\\/?p=20115&lang=fr#respond\"]}]},{\"@type\":\"WebPage\",\"@id\":\"https:\\\/\\\/lequotidien.mr\\\/?p=20115&lang=fr\",\"url\":\"https:\\\/\\\/lequotidien.mr\\\/?p=20115&lang=fr\",\"name\":\"\u00c9ducation : Changement de date de la journ\u00e9e nationale de l\u2019\u00e9cole r\u00e9publicaine et introduction des langues nationales d\u00e9s la rentr\u00e9e prochaine - Le Quotidien de Nouakchott\",\"isPartOf\":{\"@id\":\"https:\\\/\\\/lequotidien.mr\\\/#website\"},\"primaryImageOfPage\":{\"@id\":\"https:\\\/\\\/lequotidien.mr\\\/?p=20115&lang=fr#primaryimage\"},\"image\":{\"@id\":\"https:\\\/\\\/lequotidien.mr\\\/?p=20115&lang=fr#primaryimage\"},\"thumbnailUrl\":\"https:\\\/\\\/lequotidien.mr\\\/wp-content\\\/uploads\\\/2024\\\/07\\\/photo-ministre-education.png\",\"datePublished\":\"2024-07-31T11:28:11+00:00\",\"breadcrumb\":{\"@id\":\"https:\\\/\\\/lequotidien.mr\\\/?p=20115&lang=fr#breadcrumb\"},\"inLanguage\":\"ar\",\"potentialAction\":[{\"@type\":\"ReadAction\",\"target\":[\"https:\\\/\\\/lequotidien.mr\\\/?p=20115&lang=fr\"]}]},{\"@type\":\"ImageObject\",\"inLanguage\":\"ar\",\"@id\":\"https:\\\/\\\/lequotidien.mr\\\/?p=20115&lang=fr#primaryimage\",\"url\":\"https:\\\/\\\/lequotidien.mr\\\/wp-content\\\/uploads\\\/2024\\\/07\\\/photo-ministre-education.png\",\"contentUrl\":\"https:\\\/\\\/lequotidien.mr\\\/wp-content\\\/uploads\\\/2024\\\/07\\\/photo-ministre-education.png\",\"width\":746,\"height\":641},{\"@type\":\"BreadcrumbList\",\"@id\":\"https:\\\/\\\/lequotidien.mr\\\/?p=20115&lang=fr#breadcrumb\",\"itemListElement\":[{\"@type\":\"ListItem\",\"position\":1,\"name\":\"Home\",\"item\":\"https:\\\/\\\/lequotidien.mr\\\/\"},{\"@type\":\"ListItem\",\"position\":2,\"name\":\"\u00c9ducation : Changement de date de la journ\u00e9e nationale de l\u2019\u00e9cole r\u00e9publicaine et introduction des langues nationales d\u00e9s la rentr\u00e9e prochaine\"}]},{\"@type\":\"WebSite\",\"@id\":\"https:\\\/\\\/lequotidien.mr\\\/#website\",\"url\":\"https:\\\/\\\/lequotidien.mr\\\/\",\"name\":\"Le Quotidien de Nouakchott\",\"description\":\"\u0625\u062e\u0628\u0627\u0631\u064a\u0629 \u0645\u0633\u062a\u0642\u0644\u0629 \u0644\u0644\u0623\u0646\u0628\u0627\u0621 \u0627\u0644\u0639\u0627\u0645\u0629\",\"publisher\":{\"@id\":\"https:\\\/\\\/lequotidien.mr\\\/#organization\"},\"potentialAction\":[{\"@type\":\"SearchAction\",\"target\":{\"@type\":\"EntryPoint\",\"urlTemplate\":\"https:\\\/\\\/lequotidien.mr\\\/?s={search_term_string}\"},\"query-input\":{\"@type\":\"PropertyValueSpecification\",\"valueRequired\":true,\"valueName\":\"search_term_string\"}}],\"inLanguage\":\"ar\"},{\"@type\":\"Organization\",\"@id\":\"https:\\\/\\\/lequotidien.mr\\\/#organization\",\"name\":\"Le Quotidien de Nouakchott\",\"url\":\"https:\\\/\\\/lequotidien.mr\\\/\",\"logo\":{\"@type\":\"ImageObject\",\"inLanguage\":\"ar\",\"@id\":\"https:\\\/\\\/lequotidien.mr\\\/#\\\/schema\\\/logo\\\/image\\\/\",\"url\":\"https:\\\/\\\/lequotidien.mr\\\/wp-content\\\/uploads\\\/2022\\\/11\\\/logolequotidien.jpg\",\"contentUrl\":\"https:\\\/\\\/lequotidien.mr\\\/wp-content\\\/uploads\\\/2022\\\/11\\\/logolequotidien.jpg\",\"width\":290,\"height\":65,\"caption\":\"Le Quotidien de Nouakchott\"},\"image\":{\"@id\":\"https:\\\/\\\/lequotidien.mr\\\/#\\\/schema\\\/logo\\\/image\\\/\"},\"sameAs\":[\"https:\\\/\\\/web.facebook.com\\\/lequotidienmr\",\"https:\\\/\\\/x.com\\\/lequotidienmr\"]},{\"@type\":\"Person\",\"@id\":\"https:\\\/\\\/lequotidien.mr\\\/#\\\/schema\\\/person\\\/d2d350202a4d599685ed8abc25f97596\",\"name\":\"Med Ahmed\",\"image\":{\"@type\":\"ImageObject\",\"inLanguage\":\"ar\",\"@id\":\"https:\\\/\\\/secure.gravatar.com\\\/avatar\\\/fd2acc62ed50732923d1d39c17172c9b04149f142be92310ecc69e1358f94b52?s=96&d=mm&r=g\",\"url\":\"https:\\\/\\\/secure.gravatar.com\\\/avatar\\\/fd2acc62ed50732923d1d39c17172c9b04149f142be92310ecc69e1358f94b52?s=96&d=mm&r=g\",\"contentUrl\":\"https:\\\/\\\/secure.gravatar.com\\\/avatar\\\/fd2acc62ed50732923d1d39c17172c9b04149f142be92310ecc69e1358f94b52?s=96&d=mm&r=g\",\"caption\":\"Med Ahmed\"},\"url\":\"https:\\\/\\\/lequotidien.mr\\\/?author=12\"}]}<\/script>\n<!-- \/ Yoast SEO plugin. -->","yoast_head_json":{"title":"\u00c9ducation : Changement de date de la journ\u00e9e nationale de l\u2019\u00e9cole r\u00e9publicaine et introduction des langues nationales d\u00e9s la rentr\u00e9e prochaine - Le Quotidien de Nouakchott","robots":{"index":"index","follow":"follow","max-snippet":"max-snippet:-1","max-image-preview":"max-image-preview:large","max-video-preview":"max-video-preview:-1"},"canonical":"https:\/\/lequotidien.mr\/?p=20115&lang=fr","og_locale":"ar_AR","og_type":"article","og_title":"\u00c9ducation : Changement de date de la journ\u00e9e nationale de l\u2019\u00e9cole r\u00e9publicaine et introduction des langues nationales d\u00e9s la rentr\u00e9e prochaine - Le Quotidien de Nouakchott","og_description":"Le ministre de l\u2019\u00c9ducation nationale et de la r\u00e9forme du syst\u00e8me \u00e9ducatif, M. Moctar Dahi vient de d\u00e9voiler les grandes lignes d\u2019un projet de d\u00e9cret modifiant certaines dispositions du d\u00e9cret n\u00b02023-058 du 20 mars 2023, relatif \u00e0 l\u2019institution de la Journ\u00e9e Nationale de l\u2019\u00c9cole R\u00e9publicaine. Ce changement a soulign\u00e9 le ministre, introduit une modification importante.....","og_url":"https:\/\/lequotidien.mr\/?p=20115&lang=fr","og_site_name":"Le Quotidien de Nouakchott","article_publisher":"https:\/\/web.facebook.com\/lequotidienmr","article_published_time":"2024-07-31T11:28:11+00:00","og_image":[{"width":746,"height":641,"url":"https:\/\/lequotidien.mr\/wp-content\/uploads\/2024\/07\/photo-ministre-education.png","type":"image\/png"}],"author":"Med Ahmed","twitter_card":"summary_large_image","twitter_creator":"@lequotidienmr","twitter_site":"@lequotidienmr","twitter_misc":{"\u0643\u064f\u062a\u0628 \u0628\u0648\u0627\u0633\u0637\u0629":"Med Ahmed","\u0648\u0642\u062a \u0627\u0644\u0642\u0631\u0627\u0621\u0629 \u0627\u0644\u0645\u064f\u0642\u062f\u0651\u0631":"3 \u062f\u0642\u0627\u0626\u0642"},"schema":{"@context":"https:\/\/schema.org","@graph":[{"@type":"Article","@id":"https:\/\/lequotidien.mr\/?p=20115&lang=fr#article","isPartOf":{"@id":"https:\/\/lequotidien.mr\/?p=20115&lang=fr"},"author":{"name":"Med Ahmed","@id":"https:\/\/lequotidien.mr\/#\/schema\/person\/d2d350202a4d599685ed8abc25f97596"},"headline":"\u00c9ducation : Changement de date de la journ\u00e9e nationale de l\u2019\u00e9cole r\u00e9publicaine et introduction des langues nationales d\u00e9s la rentr\u00e9e prochaine","datePublished":"2024-07-31T11:28:11+00:00","mainEntityOfPage":{"@id":"https:\/\/lequotidien.mr\/?p=20115&lang=fr"},"wordCount":632,"commentCount":0,"publisher":{"@id":"https:\/\/lequotidien.mr\/#organization"},"image":{"@id":"https:\/\/lequotidien.mr\/?p=20115&lang=fr#primaryimage"},"thumbnailUrl":"https:\/\/lequotidien.mr\/wp-content\/uploads\/2024\/07\/photo-ministre-education.png","articleSection":["ACTUALIT\u00c9","Culture"],"inLanguage":"ar","potentialAction":[{"@type":"CommentAction","name":"Comment","target":["https:\/\/lequotidien.mr\/?p=20115&lang=fr#respond"]}]},{"@type":"WebPage","@id":"https:\/\/lequotidien.mr\/?p=20115&lang=fr","url":"https:\/\/lequotidien.mr\/?p=20115&lang=fr","name":"\u00c9ducation : Changement de date de la journ\u00e9e nationale de l\u2019\u00e9cole r\u00e9publicaine et introduction des langues nationales d\u00e9s la rentr\u00e9e prochaine - Le Quotidien de Nouakchott","isPartOf":{"@id":"https:\/\/lequotidien.mr\/#website"},"primaryImageOfPage":{"@id":"https:\/\/lequotidien.mr\/?p=20115&lang=fr#primaryimage"},"image":{"@id":"https:\/\/lequotidien.mr\/?p=20115&lang=fr#primaryimage"},"thumbnailUrl":"https:\/\/lequotidien.mr\/wp-content\/uploads\/2024\/07\/photo-ministre-education.png","datePublished":"2024-07-31T11:28:11+00:00","breadcrumb":{"@id":"https:\/\/lequotidien.mr\/?p=20115&lang=fr#breadcrumb"},"inLanguage":"ar","potentialAction":[{"@type":"ReadAction","target":["https:\/\/lequotidien.mr\/?p=20115&lang=fr"]}]},{"@type":"ImageObject","inLanguage":"ar","@id":"https:\/\/lequotidien.mr\/?p=20115&lang=fr#primaryimage","url":"https:\/\/lequotidien.mr\/wp-content\/uploads\/2024\/07\/photo-ministre-education.png","contentUrl":"https:\/\/lequotidien.mr\/wp-content\/uploads\/2024\/07\/photo-ministre-education.png","width":746,"height":641},{"@type":"BreadcrumbList","@id":"https:\/\/lequotidien.mr\/?p=20115&lang=fr#breadcrumb","itemListElement":[{"@type":"ListItem","position":1,"name":"Home","item":"https:\/\/lequotidien.mr\/"},{"@type":"ListItem","position":2,"name":"\u00c9ducation : Changement de date de la journ\u00e9e nationale de l\u2019\u00e9cole r\u00e9publicaine et introduction des langues nationales d\u00e9s la rentr\u00e9e prochaine"}]},{"@type":"WebSite","@id":"https:\/\/lequotidien.mr\/#website","url":"https:\/\/lequotidien.mr\/","name":"Le Quotidien de Nouakchott","description":"\u0625\u062e\u0628\u0627\u0631\u064a\u0629 \u0645\u0633\u062a\u0642\u0644\u0629 \u0644\u0644\u0623\u0646\u0628\u0627\u0621 \u0627\u0644\u0639\u0627\u0645\u0629","publisher":{"@id":"https:\/\/lequotidien.mr\/#organization"},"potentialAction":[{"@type":"SearchAction","target":{"@type":"EntryPoint","urlTemplate":"https:\/\/lequotidien.mr\/?s={search_term_string}"},"query-input":{"@type":"PropertyValueSpecification","valueRequired":true,"valueName":"search_term_string"}}],"inLanguage":"ar"},{"@type":"Organization","@id":"https:\/\/lequotidien.mr\/#organization","name":"Le Quotidien de Nouakchott","url":"https:\/\/lequotidien.mr\/","logo":{"@type":"ImageObject","inLanguage":"ar","@id":"https:\/\/lequotidien.mr\/#\/schema\/logo\/image\/","url":"https:\/\/lequotidien.mr\/wp-content\/uploads\/2022\/11\/logolequotidien.jpg","contentUrl":"https:\/\/lequotidien.mr\/wp-content\/uploads\/2022\/11\/logolequotidien.jpg","width":290,"height":65,"caption":"Le Quotidien de Nouakchott"},"image":{"@id":"https:\/\/lequotidien.mr\/#\/schema\/logo\/image\/"},"sameAs":["https:\/\/web.facebook.com\/lequotidienmr","https:\/\/x.com\/lequotidienmr"]},{"@type":"Person","@id":"https:\/\/lequotidien.mr\/#\/schema\/person\/d2d350202a4d599685ed8abc25f97596","name":"Med Ahmed","image":{"@type":"ImageObject","inLanguage":"ar","@id":"https:\/\/secure.gravatar.com\/avatar\/fd2acc62ed50732923d1d39c17172c9b04149f142be92310ecc69e1358f94b52?s=96&d=mm&r=g","url":"https:\/\/secure.gravatar.com\/avatar\/fd2acc62ed50732923d1d39c17172c9b04149f142be92310ecc69e1358f94b52?s=96&d=mm&r=g","contentUrl":"https:\/\/secure.gravatar.com\/avatar\/fd2acc62ed50732923d1d39c17172c9b04149f142be92310ecc69e1358f94b52?s=96&d=mm&r=g","caption":"Med Ahmed"},"url":"https:\/\/lequotidien.mr\/?author=12"}]}},"_links":{"self":[{"href":"https:\/\/lequotidien.mr\/index.php?rest_route=\/wp\/v2\/posts\/20115","targetHints":{"allow":["GET"]}}],"collection":[{"href":"https:\/\/lequotidien.mr\/index.php?rest_route=\/wp\/v2\/posts"}],"about":[{"href":"https:\/\/lequotidien.mr\/index.php?rest_route=\/wp\/v2\/types\/post"}],"author":[{"embeddable":true,"href":"https:\/\/lequotidien.mr\/index.php?rest_route=\/wp\/v2\/users\/12"}],"replies":[{"embeddable":true,"href":"https:\/\/lequotidien.mr\/index.php?rest_route=%2Fwp%2Fv2%2Fcomments&post=20115"}],"version-history":[{"count":1,"href":"https:\/\/lequotidien.mr\/index.php?rest_route=\/wp\/v2\/posts\/20115\/revisions"}],"predecessor-version":[{"id":20117,"href":"https:\/\/lequotidien.mr\/index.php?rest_route=\/wp\/v2\/posts\/20115\/revisions\/20117"}],"wp:featuredmedia":[{"embeddable":true,"href":"https:\/\/lequotidien.mr\/index.php?rest_route=\/wp\/v2\/media\/20116"}],"wp:attachment":[{"href":"https:\/\/lequotidien.mr\/index.php?rest_route=%2Fwp%2Fv2%2Fmedia&parent=20115"}],"wp:term":[{"taxonomy":"category","embeddable":true,"href":"https:\/\/lequotidien.mr\/index.php?rest_route=%2Fwp%2Fv2%2Fcategories&post=20115"},{"taxonomy":"post_tag","embeddable":true,"href":"https:\/\/lequotidien.mr\/index.php?rest_route=%2Fwp%2Fv2%2Ftags&post=20115"}],"curies":[{"name":"wp","href":"https:\/\/api.w.org\/{rel}","templated":true}]}}