{"id":2005,"date":"2022-12-20T23:23:18","date_gmt":"2022-12-20T23:23:18","guid":{"rendered":"https:\/\/lequotidien.mr\/?p=2005"},"modified":"2022-12-20T23:23:18","modified_gmt":"2022-12-20T23:23:18","slug":"a-la-mosquee-ibn-abass-de-nouakchott-a-la-levee-du-corps-dahmed-hamza","status":"publish","type":"post","link":"https:\/\/lequotidien.mr\/?p=2005&lang=fr","title":{"rendered":"\u00e0 la mosqu\u00e9e Ibn Abass de Nouakchott, \u00e0 la lev\u00e9e du corps d\u2019Ahmed Hamza"},"content":{"rendered":"<div class=\"x11i5rnm xat24cr x1mh8g0r x1vvkbs xdj266r x126k92a\">\n<blockquote>\n<h2 dir=\"auto\" style=\"text-align: center;\">Ce mardi 20 d\u00e9cembre, plusieurs centaines de personnes dont le Premier ministre, Mohamed Ould Bilal, ont assist\u00e9 \u00e0 la mosqu\u00e9e Ibn Abass de Nouakchott, \u00e0 la lev\u00e9e du corps d\u2019Ahmed Hamza, ancien pr\u00e9sident de la Communaut\u00e9 Urbaine de Nouakchott, d\u00e9c\u00e9d\u00e9 samedi 17 d\u00e9cembre en Espagne des suites d\u2019une maladie.<\/h2>\n\n\t\t<style type=\"text\/css\">\n\t\t\t#gallery-1 {\n\t\t\t\tmargin: auto;\n\t\t\t}\n\t\t\t#gallery-1 .gallery-item {\n\t\t\t\tfloat: right;\n\t\t\t\tmargin-top: 10px;\n\t\t\t\ttext-align: center;\n\t\t\t\twidth: 33%;\n\t\t\t}\n\t\t\t#gallery-1 img {\n\t\t\t\tborder: 2px solid #cfcfcf;\n\t\t\t}\n\t\t\t#gallery-1 .gallery-caption {\n\t\t\t\tmargin-left: 0;\n\t\t\t}\n\t\t\t\/* see gallery_shortcode() in wp-includes\/media.php *\/\n\t\t<\/style>\n\t\t<div id='gallery-1' class='gallery galleryid-2005 gallery-columns-3 gallery-size-thumbnail'><dl class='gallery-item'>\n\t\t\t<dt class='gallery-icon landscape'>\n\t\t\t\t<a href='https:\/\/lequotidien.mr\/?attachment_id=2007'><img loading=\"lazy\" decoding=\"async\" width=\"150\" height=\"150\" src=\"https:\/\/lequotidien.mr\/wp-content\/uploads\/2022\/12\/Frame-QTD-1-150x150.png\" class=\"attachment-thumbnail size-thumbnail\" alt=\"\" \/><\/a>\n\t\t\t<\/dt><\/dl><dl class='gallery-item'>\n\t\t\t<dt class='gallery-icon landscape'>\n\t\t\t\t<a href='https:\/\/lequotidien.mr\/?attachment_id=2008'><img loading=\"lazy\" decoding=\"async\" width=\"150\" height=\"150\" src=\"https:\/\/lequotidien.mr\/wp-content\/uploads\/2022\/12\/Frame-QTD-2-150x150.png\" class=\"attachment-thumbnail size-thumbnail\" alt=\"\" \/><\/a>\n\t\t\t<\/dt><\/dl><dl class='gallery-item'>\n\t\t\t<dt class='gallery-icon landscape'>\n\t\t\t\t<a href='https:\/\/lequotidien.mr\/?attachment_id=2009'><img loading=\"lazy\" decoding=\"async\" width=\"150\" height=\"150\" src=\"https:\/\/lequotidien.mr\/wp-content\/uploads\/2022\/12\/Frame-QTD-3-150x150.png\" class=\"attachment-thumbnail size-thumbnail\" alt=\"\" \/><\/a>\n\t\t\t<\/dt><\/dl><br style=\"clear: both\" \/><dl class='gallery-item'>\n\t\t\t<dt class='gallery-icon landscape'>\n\t\t\t\t<a href='https:\/\/lequotidien.mr\/?attachment_id=2010'><img loading=\"lazy\" decoding=\"async\" width=\"150\" height=\"150\" src=\"https:\/\/lequotidien.mr\/wp-content\/uploads\/2022\/12\/Frame-QTD-4-150x150.png\" class=\"attachment-thumbnail size-thumbnail\" alt=\"\" \/><\/a>\n\t\t\t<\/dt><\/dl><dl class='gallery-item'>\n\t\t\t<dt class='gallery-icon landscape'>\n\t\t\t\t<a href='https:\/\/lequotidien.mr\/?attachment_id=2011'><img loading=\"lazy\" decoding=\"async\" width=\"150\" height=\"150\" src=\"https:\/\/lequotidien.mr\/wp-content\/uploads\/2022\/12\/Frame-QTD-5-150x150.png\" class=\"attachment-thumbnail size-thumbnail\" alt=\"\" \/><\/a>\n\t\t\t<\/dt><\/dl><dl class='gallery-item'>\n\t\t\t<dt class='gallery-icon landscape'>\n\t\t\t\t<a href='https:\/\/lequotidien.mr\/?attachment_id=2012'><img loading=\"lazy\" decoding=\"async\" width=\"150\" height=\"150\" src=\"https:\/\/lequotidien.mr\/wp-content\/uploads\/2022\/12\/Frame-QTD-6-150x150.png\" class=\"attachment-thumbnail size-thumbnail\" alt=\"\" \/><\/a>\n\t\t\t<\/dt><\/dl><br style=\"clear: both\" \/><dl class='gallery-item'>\n\t\t\t<dt class='gallery-icon landscape'>\n\t\t\t\t<a href='https:\/\/lequotidien.mr\/?attachment_id=2013'><img loading=\"lazy\" decoding=\"async\" width=\"150\" height=\"150\" src=\"https:\/\/lequotidien.mr\/wp-content\/uploads\/2022\/12\/Frame-QTD-7-150x150.png\" class=\"attachment-thumbnail size-thumbnail\" alt=\"\" \/><\/a>\n\t\t\t<\/dt><\/dl><dl class='gallery-item'>\n\t\t\t<dt class='gallery-icon landscape'>\n\t\t\t\t<a href='https:\/\/lequotidien.mr\/?attachment_id=2014'><img loading=\"lazy\" decoding=\"async\" width=\"150\" height=\"150\" src=\"https:\/\/lequotidien.mr\/wp-content\/uploads\/2022\/12\/Frame-QTD-8-1-150x150.png\" class=\"attachment-thumbnail size-thumbnail\" alt=\"\" \/><\/a>\n\t\t\t<\/dt><\/dl><dl class='gallery-item'>\n\t\t\t<dt class='gallery-icon landscape'>\n\t\t\t\t<a href='https:\/\/lequotidien.mr\/?attachment_id=2015'><img loading=\"lazy\" decoding=\"async\" width=\"150\" height=\"150\" src=\"https:\/\/lequotidien.mr\/wp-content\/uploads\/2022\/12\/Frame-QTD-9-150x150.png\" class=\"attachment-thumbnail size-thumbnail\" alt=\"\" \/><\/a>\n\t\t\t<\/dt><\/dl><br style=\"clear: both\" \/><dl class='gallery-item'>\n\t\t\t<dt class='gallery-icon landscape'>\n\t\t\t\t<a href='https:\/\/lequotidien.mr\/?attachment_id=2016'><img loading=\"lazy\" decoding=\"async\" width=\"150\" height=\"150\" src=\"https:\/\/lequotidien.mr\/wp-content\/uploads\/2022\/12\/Frame-QTD-10-150x150.png\" class=\"attachment-thumbnail size-thumbnail\" alt=\"\" \/><\/a>\n\t\t\t<\/dt><\/dl><dl class='gallery-item'>\n\t\t\t<dt class='gallery-icon landscape'>\n\t\t\t\t<a href='https:\/\/lequotidien.mr\/?attachment_id=2017'><img loading=\"lazy\" decoding=\"async\" width=\"150\" height=\"150\" src=\"https:\/\/lequotidien.mr\/wp-content\/uploads\/2022\/12\/Frame-QTD-11-150x150.png\" class=\"attachment-thumbnail size-thumbnail\" alt=\"\" \/><\/a>\n\t\t\t<\/dt><\/dl><dl class='gallery-item'>\n\t\t\t<dt class='gallery-icon landscape'>\n\t\t\t\t<a href='https:\/\/lequotidien.mr\/?attachment_id=2018'><img loading=\"lazy\" decoding=\"async\" width=\"150\" height=\"150\" src=\"https:\/\/lequotidien.mr\/wp-content\/uploads\/2022\/12\/Frame-QTD-12-150x150.png\" class=\"attachment-thumbnail size-thumbnail\" alt=\"\" \/><\/a>\n\t\t\t<\/dt><\/dl><br style=\"clear: both\" \/><dl class='gallery-item'>\n\t\t\t<dt class='gallery-icon landscape'>\n\t\t\t\t<a href='https:\/\/lequotidien.mr\/?attachment_id=2019'><img loading=\"lazy\" decoding=\"async\" width=\"150\" height=\"150\" src=\"https:\/\/lequotidien.mr\/wp-content\/uploads\/2022\/12\/Frame-QTD-13-150x150.png\" class=\"attachment-thumbnail size-thumbnail\" alt=\"\" \/><\/a>\n\t\t\t<\/dt><\/dl><dl class='gallery-item'>\n\t\t\t<dt class='gallery-icon landscape'>\n\t\t\t\t<a href='https:\/\/lequotidien.mr\/?attachment_id=2020'><img loading=\"lazy\" decoding=\"async\" width=\"150\" height=\"150\" src=\"https:\/\/lequotidien.mr\/wp-content\/uploads\/2022\/12\/Frame-QTD-14-150x150.png\" class=\"attachment-thumbnail size-thumbnail\" alt=\"\" \/><\/a>\n\t\t\t<\/dt><\/dl><dl class='gallery-item'>\n\t\t\t<dt class='gallery-icon landscape'>\n\t\t\t\t<a href='https:\/\/lequotidien.mr\/?attachment_id=2021'><img loading=\"lazy\" decoding=\"async\" width=\"150\" height=\"150\" src=\"https:\/\/lequotidien.mr\/wp-content\/uploads\/2022\/12\/Frame-QTD-15-150x150.png\" class=\"attachment-thumbnail size-thumbnail\" alt=\"\" \/><\/a>\n\t\t\t<\/dt><\/dl><br style=\"clear: both\" \/><dl class='gallery-item'>\n\t\t\t<dt class='gallery-icon landscape'>\n\t\t\t\t<a href='https:\/\/lequotidien.mr\/?attachment_id=2022'><img loading=\"lazy\" decoding=\"async\" width=\"150\" height=\"150\" src=\"https:\/\/lequotidien.mr\/wp-content\/uploads\/2022\/12\/Frame-QTD-16-150x150.png\" class=\"attachment-thumbnail size-thumbnail\" alt=\"\" \/><\/a>\n\t\t\t<\/dt><\/dl><dl class='gallery-item'>\n\t\t\t<dt class='gallery-icon landscape'>\n\t\t\t\t<a href='https:\/\/lequotidien.mr\/?attachment_id=2023'><img loading=\"lazy\" decoding=\"async\" width=\"150\" height=\"150\" src=\"https:\/\/lequotidien.mr\/wp-content\/uploads\/2022\/12\/Frame-QTD-17-150x150.png\" class=\"attachment-thumbnail size-thumbnail\" alt=\"\" \/><\/a>\n\t\t\t<\/dt><\/dl><dl class='gallery-item'>\n\t\t\t<dt class='gallery-icon landscape'>\n\t\t\t\t<a href='https:\/\/lequotidien.mr\/?attachment_id=2024'><img loading=\"lazy\" decoding=\"async\" width=\"150\" height=\"150\" src=\"https:\/\/lequotidien.mr\/wp-content\/uploads\/2022\/12\/Frame-QTD-18-150x150.png\" class=\"attachment-thumbnail size-thumbnail\" alt=\"\" \/><\/a>\n\t\t\t<\/dt><\/dl><br style=\"clear: both\" \/><dl class='gallery-item'>\n\t\t\t<dt class='gallery-icon landscape'>\n\t\t\t\t<a href='https:\/\/lequotidien.mr\/?attachment_id=2025'><img loading=\"lazy\" decoding=\"async\" width=\"150\" height=\"150\" src=\"https:\/\/lequotidien.mr\/wp-content\/uploads\/2022\/12\/Frame-QTD-19-150x150.png\" class=\"attachment-thumbnail size-thumbnail\" alt=\"\" \/><\/a>\n\t\t\t<\/dt><\/dl><dl class='gallery-item'>\n\t\t\t<dt class='gallery-icon landscape'>\n\t\t\t\t<a href='https:\/\/lequotidien.mr\/?attachment_id=2026'><img loading=\"lazy\" decoding=\"async\" width=\"150\" height=\"150\" src=\"https:\/\/lequotidien.mr\/wp-content\/uploads\/2022\/12\/Frame-QTD-20-150x150.png\" class=\"attachment-thumbnail size-thumbnail\" alt=\"\" \/><\/a>\n\t\t\t<\/dt><\/dl><dl class='gallery-item'>\n\t\t\t<dt class='gallery-icon landscape'>\n\t\t\t\t<a href='https:\/\/lequotidien.mr\/?attachment_id=2027'><img loading=\"lazy\" decoding=\"async\" width=\"150\" height=\"150\" src=\"https:\/\/lequotidien.mr\/wp-content\/uploads\/2022\/12\/Frame-QTD-21-150x150.png\" class=\"attachment-thumbnail size-thumbnail\" alt=\"\" \/><\/a>\n\t\t\t<\/dt><\/dl><br style=\"clear: both\" \/><dl class='gallery-item'>\n\t\t\t<dt class='gallery-icon landscape'>\n\t\t\t\t<a href='https:\/\/lequotidien.mr\/?attachment_id=2028'><img loading=\"lazy\" decoding=\"async\" width=\"150\" height=\"150\" src=\"https:\/\/lequotidien.mr\/wp-content\/uploads\/2022\/12\/Frame-QTD-22-150x150.png\" class=\"attachment-thumbnail size-thumbnail\" alt=\"\" \/><\/a>\n\t\t\t<\/dt><\/dl><dl class='gallery-item'>\n\t\t\t<dt class='gallery-icon landscape'>\n\t\t\t\t<a href='https:\/\/lequotidien.mr\/?attachment_id=2029'><img loading=\"lazy\" decoding=\"async\" width=\"150\" height=\"150\" src=\"https:\/\/lequotidien.mr\/wp-content\/uploads\/2022\/12\/Frame-QTD-23-150x150.png\" class=\"attachment-thumbnail size-thumbnail\" alt=\"\" \/><\/a>\n\t\t\t<\/dt><\/dl><dl class='gallery-item'>\n\t\t\t<dt class='gallery-icon landscape'>\n\t\t\t\t<a href='https:\/\/lequotidien.mr\/?attachment_id=2030'><img loading=\"lazy\" decoding=\"async\" width=\"150\" height=\"150\" src=\"https:\/\/lequotidien.mr\/wp-content\/uploads\/2022\/12\/Frame-QTD-24-150x150.png\" class=\"attachment-thumbnail size-thumbnail\" alt=\"\" \/><\/a>\n\t\t\t<\/dt><\/dl><br style=\"clear: both\" \/><dl class='gallery-item'>\n\t\t\t<dt class='gallery-icon landscape'>\n\t\t\t\t<a href='https:\/\/lequotidien.mr\/?attachment_id=2031'><img loading=\"lazy\" decoding=\"async\" width=\"150\" height=\"150\" src=\"https:\/\/lequotidien.mr\/wp-content\/uploads\/2022\/12\/Frame-QTD-25-150x150.png\" class=\"attachment-thumbnail size-thumbnail\" alt=\"\" \/><\/a>\n\t\t\t<\/dt><\/dl><dl class='gallery-item'>\n\t\t\t<dt class='gallery-icon landscape'>\n\t\t\t\t<a href='https:\/\/lequotidien.mr\/?attachment_id=2032'><img loading=\"lazy\" decoding=\"async\" width=\"150\" height=\"150\" src=\"https:\/\/lequotidien.mr\/wp-content\/uploads\/2022\/12\/Frame-QTD-26-150x150.png\" class=\"attachment-thumbnail size-thumbnail\" alt=\"\" \/><\/a>\n\t\t\t<\/dt><\/dl><dl class='gallery-item'>\n\t\t\t<dt class='gallery-icon landscape'>\n\t\t\t\t<a href='https:\/\/lequotidien.mr\/?attachment_id=2033'><img loading=\"lazy\" decoding=\"async\" width=\"150\" height=\"150\" src=\"https:\/\/lequotidien.mr\/wp-content\/uploads\/2022\/12\/Frame-QTD-27-150x150.png\" class=\"attachment-thumbnail size-thumbnail\" alt=\"\" \/><\/a>\n\t\t\t<\/dt><\/dl><br style=\"clear: both\" \/><dl class='gallery-item'>\n\t\t\t<dt class='gallery-icon landscape'>\n\t\t\t\t<a href='https:\/\/lequotidien.mr\/?attachment_id=2034'><img loading=\"lazy\" decoding=\"async\" width=\"150\" height=\"150\" src=\"https:\/\/lequotidien.mr\/wp-content\/uploads\/2022\/12\/Frame-QTD-28-150x150.png\" class=\"attachment-thumbnail size-thumbnail\" alt=\"\" \/><\/a>\n\t\t\t<\/dt><\/dl><dl class='gallery-item'>\n\t\t\t<dt class='gallery-icon landscape'>\n\t\t\t\t<a href='https:\/\/lequotidien.mr\/?attachment_id=2035'><img loading=\"lazy\" decoding=\"async\" width=\"150\" height=\"150\" src=\"https:\/\/lequotidien.mr\/wp-content\/uploads\/2022\/12\/Frame-QTD-29-150x150.png\" class=\"attachment-thumbnail size-thumbnail\" alt=\"\" \/><\/a>\n\t\t\t<\/dt><\/dl><dl class='gallery-item'>\n\t\t\t<dt class='gallery-icon landscape'>\n\t\t\t\t<a href='https:\/\/lequotidien.mr\/?attachment_id=2036'><img loading=\"lazy\" decoding=\"async\" width=\"150\" height=\"150\" src=\"https:\/\/lequotidien.mr\/wp-content\/uploads\/2022\/12\/Frame-QTD-30-150x150.png\" class=\"attachment-thumbnail size-thumbnail\" alt=\"\" \/><\/a>\n\t\t\t<\/dt><\/dl><br style=\"clear: both\" \/>\n\t\t<\/div>\n<\/blockquote>\n<\/div>\n","protected":false},"excerpt":{"rendered":"<p>Ce mardi 20 d\u00e9cembre, plusieurs centaines de personnes dont le Premier ministre, Mohamed Ould Bilal, ont assist\u00e9 \u00e0 la mosqu\u00e9e Ibn Abass de Nouakchott, \u00e0 la lev\u00e9e du corps d\u2019Ahmed Hamza, ancien pr\u00e9sident de la Communaut\u00e9 Urbaine de Nouakchott, d\u00e9c\u00e9d\u00e9 samedi 17 d\u00e9cembre en Espagne des suites d\u2019une maladie.<\/p>\n","protected":false},"author":3,"featured_media":2006,"comment_status":"open","ping_status":"open","sticky":false,"template":"","format":"standard","meta":{"footnotes":""},"categories":[23,57],"tags":[],"class_list":["post-2005","post","type-post","status-publish","format-standard","has-post-thumbnail","hentry","category-actualite","category-couverture-specilale"],"yoast_head":"<!-- This site is optimized with the Yoast SEO plugin v27.5 - https:\/\/yoast.com\/product\/yoast-seo-wordpress\/ -->\n<title>\u00e0 la mosqu\u00e9e Ibn Abass de Nouakchott, \u00e0 la lev\u00e9e du corps d\u2019Ahmed Hamza - Le Quotidien de Nouakchott<\/title>\n<meta name=\"robots\" content=\"index, follow, max-snippet:-1, max-image-preview:large, max-video-preview:-1\" \/>\n<link rel=\"canonical\" href=\"https:\/\/lequotidien.mr\/?p=2005&lang=fr\" \/>\n<meta property=\"og:locale\" content=\"ar_AR\" \/>\n<meta property=\"og:type\" content=\"article\" \/>\n<meta property=\"og:title\" content=\"\u00e0 la mosqu\u00e9e Ibn Abass de Nouakchott, \u00e0 la lev\u00e9e du corps d\u2019Ahmed Hamza - Le Quotidien de Nouakchott\" \/>\n<meta property=\"og:description\" content=\"Ce mardi 20 d\u00e9cembre, plusieurs centaines de personnes dont le Premier ministre, Mohamed Ould Bilal, ont assist\u00e9 \u00e0 la mosqu\u00e9e Ibn Abass de Nouakchott, \u00e0 la lev\u00e9e du corps d\u2019Ahmed Hamza, ancien pr\u00e9sident de la Communaut\u00e9 Urbaine de Nouakchott, d\u00e9c\u00e9d\u00e9 samedi 17 d\u00e9cembre en Espagne des suites d\u2019une maladie.\" \/>\n<meta property=\"og:url\" content=\"https:\/\/lequotidien.mr\/?p=2005&amp;lang=fr\" \/>\n<meta property=\"og:site_name\" content=\"Le Quotidien de Nouakchott\" \/>\n<meta property=\"article:publisher\" content=\"https:\/\/web.facebook.com\/lequotidienmr\" \/>\n<meta property=\"article:author\" content=\"https:\/\/web.facebook.com\/a.mleiwih\" \/>\n<meta property=\"article:published_time\" content=\"2022-12-20T23:23:18+00:00\" \/>\n<meta property=\"og:image\" content=\"https:\/\/lequotidien.mr\/wp-content\/uploads\/2022\/12\/Frame-QTD-8.png\" \/>\n\t<meta property=\"og:image:width\" content=\"1080\" \/>\n\t<meta property=\"og:image:height\" content=\"720\" \/>\n\t<meta property=\"og:image:type\" content=\"image\/png\" \/>\n<meta name=\"author\" content=\"Alioun M&#039;leiwih\" \/>\n<meta name=\"twitter:card\" content=\"summary_large_image\" \/>\n<meta name=\"twitter:creator\" content=\"@lequotidienmr\" \/>\n<meta name=\"twitter:site\" content=\"@lequotidienmr\" \/>\n<meta name=\"twitter:label1\" content=\"\u0643\u064f\u062a\u0628 \u0628\u0648\u0627\u0633\u0637\u0629\" \/>\n\t<meta name=\"twitter:data1\" content=\"Alioun M&#039;leiwih\" \/>\n\t<meta name=\"twitter:label2\" content=\"\u0648\u0642\u062a \u0627\u0644\u0642\u0631\u0627\u0621\u0629 \u0627\u0644\u0645\u064f\u0642\u062f\u0651\u0631\" \/>\n\t<meta name=\"twitter:data2\" content=\"\u062f\u0642\u064a\u0642\u0629 \u0648\u0627\u062d\u062f\u0629\" \/>\n<script type=\"application\/ld+json\" class=\"yoast-schema-graph\">{\"@context\":\"https:\\\/\\\/schema.org\",\"@graph\":[{\"@type\":\"Article\",\"@id\":\"https:\\\/\\\/lequotidien.mr\\\/?p=2005&lang=fr#article\",\"isPartOf\":{\"@id\":\"https:\\\/\\\/lequotidien.mr\\\/?p=2005&lang=fr\"},\"author\":{\"name\":\"Alioun M'leiwih\",\"@id\":\"https:\\\/\\\/lequotidien.mr\\\/#\\\/schema\\\/person\\\/69d1518c74c9137087929a20b1272cb0\"},\"headline\":\"\u00e0 la mosqu\u00e9e Ibn Abass de Nouakchott, \u00e0 la lev\u00e9e du corps d\u2019Ahmed Hamza\",\"datePublished\":\"2022-12-20T23:23:18+00:00\",\"mainEntityOfPage\":{\"@id\":\"https:\\\/\\\/lequotidien.mr\\\/?p=2005&lang=fr\"},\"wordCount\":71,\"commentCount\":0,\"publisher\":{\"@id\":\"https:\\\/\\\/lequotidien.mr\\\/#organization\"},\"image\":{\"@id\":\"https:\\\/\\\/lequotidien.mr\\\/?p=2005&lang=fr#primaryimage\"},\"thumbnailUrl\":\"https:\\\/\\\/lequotidien.mr\\\/wp-content\\\/uploads\\\/2022\\\/12\\\/Frame-QTD-8.png\",\"articleSection\":[\"ACTUALIT\u00c9\",\"Couverture sp\u00e9cilale\"],\"inLanguage\":\"ar\",\"potentialAction\":[{\"@type\":\"CommentAction\",\"name\":\"Comment\",\"target\":[\"https:\\\/\\\/lequotidien.mr\\\/?p=2005&lang=fr#respond\"]}]},{\"@type\":\"WebPage\",\"@id\":\"https:\\\/\\\/lequotidien.mr\\\/?p=2005&lang=fr\",\"url\":\"https:\\\/\\\/lequotidien.mr\\\/?p=2005&lang=fr\",\"name\":\"\u00e0 la mosqu\u00e9e Ibn Abass de Nouakchott, \u00e0 la lev\u00e9e du corps d\u2019Ahmed Hamza - Le Quotidien de Nouakchott\",\"isPartOf\":{\"@id\":\"https:\\\/\\\/lequotidien.mr\\\/#website\"},\"primaryImageOfPage\":{\"@id\":\"https:\\\/\\\/lequotidien.mr\\\/?p=2005&lang=fr#primaryimage\"},\"image\":{\"@id\":\"https:\\\/\\\/lequotidien.mr\\\/?p=2005&lang=fr#primaryimage\"},\"thumbnailUrl\":\"https:\\\/\\\/lequotidien.mr\\\/wp-content\\\/uploads\\\/2022\\\/12\\\/Frame-QTD-8.png\",\"datePublished\":\"2022-12-20T23:23:18+00:00\",\"breadcrumb\":{\"@id\":\"https:\\\/\\\/lequotidien.mr\\\/?p=2005&lang=fr#breadcrumb\"},\"inLanguage\":\"ar\",\"potentialAction\":[{\"@type\":\"ReadAction\",\"target\":[\"https:\\\/\\\/lequotidien.mr\\\/?p=2005&lang=fr\"]}]},{\"@type\":\"ImageObject\",\"inLanguage\":\"ar\",\"@id\":\"https:\\\/\\\/lequotidien.mr\\\/?p=2005&lang=fr#primaryimage\",\"url\":\"https:\\\/\\\/lequotidien.mr\\\/wp-content\\\/uploads\\\/2022\\\/12\\\/Frame-QTD-8.png\",\"contentUrl\":\"https:\\\/\\\/lequotidien.mr\\\/wp-content\\\/uploads\\\/2022\\\/12\\\/Frame-QTD-8.png\",\"width\":1080,\"height\":720},{\"@type\":\"BreadcrumbList\",\"@id\":\"https:\\\/\\\/lequotidien.mr\\\/?p=2005&lang=fr#breadcrumb\",\"itemListElement\":[{\"@type\":\"ListItem\",\"position\":1,\"name\":\"Home\",\"item\":\"https:\\\/\\\/lequotidien.mr\\\/\"},{\"@type\":\"ListItem\",\"position\":2,\"name\":\"\u00e0 la mosqu\u00e9e Ibn Abass de Nouakchott, \u00e0 la lev\u00e9e du corps d\u2019Ahmed Hamza\"}]},{\"@type\":\"WebSite\",\"@id\":\"https:\\\/\\\/lequotidien.mr\\\/#website\",\"url\":\"https:\\\/\\\/lequotidien.mr\\\/\",\"name\":\"Le Quotidien de Nouakchott\",\"description\":\"\u0625\u062e\u0628\u0627\u0631\u064a\u0629 \u0645\u0633\u062a\u0642\u0644\u0629 \u0644\u0644\u0623\u0646\u0628\u0627\u0621 \u0627\u0644\u0639\u0627\u0645\u0629\",\"publisher\":{\"@id\":\"https:\\\/\\\/lequotidien.mr\\\/#organization\"},\"potentialAction\":[{\"@type\":\"SearchAction\",\"target\":{\"@type\":\"EntryPoint\",\"urlTemplate\":\"https:\\\/\\\/lequotidien.mr\\\/?s={search_term_string}\"},\"query-input\":{\"@type\":\"PropertyValueSpecification\",\"valueRequired\":true,\"valueName\":\"search_term_string\"}}],\"inLanguage\":\"ar\"},{\"@type\":\"Organization\",\"@id\":\"https:\\\/\\\/lequotidien.mr\\\/#organization\",\"name\":\"Le Quotidien de Nouakchott\",\"url\":\"https:\\\/\\\/lequotidien.mr\\\/\",\"logo\":{\"@type\":\"ImageObject\",\"inLanguage\":\"ar\",\"@id\":\"https:\\\/\\\/lequotidien.mr\\\/#\\\/schema\\\/logo\\\/image\\\/\",\"url\":\"https:\\\/\\\/lequotidien.mr\\\/wp-content\\\/uploads\\\/2022\\\/11\\\/logolequotidien.jpg\",\"contentUrl\":\"https:\\\/\\\/lequotidien.mr\\\/wp-content\\\/uploads\\\/2022\\\/11\\\/logolequotidien.jpg\",\"width\":290,\"height\":65,\"caption\":\"Le Quotidien de Nouakchott\"},\"image\":{\"@id\":\"https:\\\/\\\/lequotidien.mr\\\/#\\\/schema\\\/logo\\\/image\\\/\"},\"sameAs\":[\"https:\\\/\\\/web.facebook.com\\\/lequotidienmr\",\"https:\\\/\\\/x.com\\\/lequotidienmr\"]},{\"@type\":\"Person\",\"@id\":\"https:\\\/\\\/lequotidien.mr\\\/#\\\/schema\\\/person\\\/69d1518c74c9137087929a20b1272cb0\",\"name\":\"Alioun M'leiwih\",\"image\":{\"@type\":\"ImageObject\",\"inLanguage\":\"ar\",\"@id\":\"https:\\\/\\\/secure.gravatar.com\\\/avatar\\\/01f9d357222d7d4ca8f71662f4b081718f06d25b11fc45662ecca0622d507e51?s=96&d=mm&r=g\",\"url\":\"https:\\\/\\\/secure.gravatar.com\\\/avatar\\\/01f9d357222d7d4ca8f71662f4b081718f06d25b11fc45662ecca0622d507e51?s=96&d=mm&r=g\",\"contentUrl\":\"https:\\\/\\\/secure.gravatar.com\\\/avatar\\\/01f9d357222d7d4ca8f71662f4b081718f06d25b11fc45662ecca0622d507e51?s=96&d=mm&r=g\",\"caption\":\"Alioun M'leiwih\"},\"sameAs\":[\"https:\\\/\\\/lequotidien.mr\\\/\",\"https:\\\/\\\/web.facebook.com\\\/a.mleiwih\",\"https:\\\/\\\/www.linkedin.com\\\/in\\\/alimlewih\\\/\"],\"url\":\"https:\\\/\\\/lequotidien.mr\\\/?author=3\"}]}<\/script>\n<!-- \/ Yoast SEO plugin. -->","yoast_head_json":{"title":"\u00e0 la mosqu\u00e9e Ibn Abass de Nouakchott, \u00e0 la lev\u00e9e du corps d\u2019Ahmed Hamza - Le Quotidien de Nouakchott","robots":{"index":"index","follow":"follow","max-snippet":"max-snippet:-1","max-image-preview":"max-image-preview:large","max-video-preview":"max-video-preview:-1"},"canonical":"https:\/\/lequotidien.mr\/?p=2005&lang=fr","og_locale":"ar_AR","og_type":"article","og_title":"\u00e0 la mosqu\u00e9e Ibn Abass de Nouakchott, \u00e0 la lev\u00e9e du corps d\u2019Ahmed Hamza - Le Quotidien de Nouakchott","og_description":"Ce mardi 20 d\u00e9cembre, plusieurs centaines de personnes dont le Premier ministre, Mohamed Ould Bilal, ont assist\u00e9 \u00e0 la mosqu\u00e9e Ibn Abass de Nouakchott, \u00e0 la lev\u00e9e du corps d\u2019Ahmed Hamza, ancien pr\u00e9sident de la Communaut\u00e9 Urbaine de Nouakchott, d\u00e9c\u00e9d\u00e9 samedi 17 d\u00e9cembre en Espagne des suites d\u2019une maladie.","og_url":"https:\/\/lequotidien.mr\/?p=2005&lang=fr","og_site_name":"Le Quotidien de Nouakchott","article_publisher":"https:\/\/web.facebook.com\/lequotidienmr","article_author":"https:\/\/web.facebook.com\/a.mleiwih","article_published_time":"2022-12-20T23:23:18+00:00","og_image":[{"width":1080,"height":720,"url":"https:\/\/lequotidien.mr\/wp-content\/uploads\/2022\/12\/Frame-QTD-8.png","type":"image\/png"}],"author":"Alioun M'leiwih","twitter_card":"summary_large_image","twitter_creator":"@lequotidienmr","twitter_site":"@lequotidienmr","twitter_misc":{"\u0643\u064f\u062a\u0628 \u0628\u0648\u0627\u0633\u0637\u0629":"Alioun M'leiwih","\u0648\u0642\u062a \u0627\u0644\u0642\u0631\u0627\u0621\u0629 \u0627\u0644\u0645\u064f\u0642\u062f\u0651\u0631":"\u062f\u0642\u064a\u0642\u0629 \u0648\u0627\u062d\u062f\u0629"},"schema":{"@context":"https:\/\/schema.org","@graph":[{"@type":"Article","@id":"https:\/\/lequotidien.mr\/?p=2005&lang=fr#article","isPartOf":{"@id":"https:\/\/lequotidien.mr\/?p=2005&lang=fr"},"author":{"name":"Alioun M'leiwih","@id":"https:\/\/lequotidien.mr\/#\/schema\/person\/69d1518c74c9137087929a20b1272cb0"},"headline":"\u00e0 la mosqu\u00e9e Ibn Abass de Nouakchott, \u00e0 la lev\u00e9e du corps d\u2019Ahmed Hamza","datePublished":"2022-12-20T23:23:18+00:00","mainEntityOfPage":{"@id":"https:\/\/lequotidien.mr\/?p=2005&lang=fr"},"wordCount":71,"commentCount":0,"publisher":{"@id":"https:\/\/lequotidien.mr\/#organization"},"image":{"@id":"https:\/\/lequotidien.mr\/?p=2005&lang=fr#primaryimage"},"thumbnailUrl":"https:\/\/lequotidien.mr\/wp-content\/uploads\/2022\/12\/Frame-QTD-8.png","articleSection":["ACTUALIT\u00c9","Couverture sp\u00e9cilale"],"inLanguage":"ar","potentialAction":[{"@type":"CommentAction","name":"Comment","target":["https:\/\/lequotidien.mr\/?p=2005&lang=fr#respond"]}]},{"@type":"WebPage","@id":"https:\/\/lequotidien.mr\/?p=2005&lang=fr","url":"https:\/\/lequotidien.mr\/?p=2005&lang=fr","name":"\u00e0 la mosqu\u00e9e Ibn Abass de Nouakchott, \u00e0 la lev\u00e9e du corps d\u2019Ahmed Hamza - Le Quotidien de Nouakchott","isPartOf":{"@id":"https:\/\/lequotidien.mr\/#website"},"primaryImageOfPage":{"@id":"https:\/\/lequotidien.mr\/?p=2005&lang=fr#primaryimage"},"image":{"@id":"https:\/\/lequotidien.mr\/?p=2005&lang=fr#primaryimage"},"thumbnailUrl":"https:\/\/lequotidien.mr\/wp-content\/uploads\/2022\/12\/Frame-QTD-8.png","datePublished":"2022-12-20T23:23:18+00:00","breadcrumb":{"@id":"https:\/\/lequotidien.mr\/?p=2005&lang=fr#breadcrumb"},"inLanguage":"ar","potentialAction":[{"@type":"ReadAction","target":["https:\/\/lequotidien.mr\/?p=2005&lang=fr"]}]},{"@type":"ImageObject","inLanguage":"ar","@id":"https:\/\/lequotidien.mr\/?p=2005&lang=fr#primaryimage","url":"https:\/\/lequotidien.mr\/wp-content\/uploads\/2022\/12\/Frame-QTD-8.png","contentUrl":"https:\/\/lequotidien.mr\/wp-content\/uploads\/2022\/12\/Frame-QTD-8.png","width":1080,"height":720},{"@type":"BreadcrumbList","@id":"https:\/\/lequotidien.mr\/?p=2005&lang=fr#breadcrumb","itemListElement":[{"@type":"ListItem","position":1,"name":"Home","item":"https:\/\/lequotidien.mr\/"},{"@type":"ListItem","position":2,"name":"\u00e0 la mosqu\u00e9e Ibn Abass de Nouakchott, \u00e0 la lev\u00e9e du corps d\u2019Ahmed Hamza"}]},{"@type":"WebSite","@id":"https:\/\/lequotidien.mr\/#website","url":"https:\/\/lequotidien.mr\/","name":"Le Quotidien de Nouakchott","description":"\u0625\u062e\u0628\u0627\u0631\u064a\u0629 \u0645\u0633\u062a\u0642\u0644\u0629 \u0644\u0644\u0623\u0646\u0628\u0627\u0621 \u0627\u0644\u0639\u0627\u0645\u0629","publisher":{"@id":"https:\/\/lequotidien.mr\/#organization"},"potentialAction":[{"@type":"SearchAction","target":{"@type":"EntryPoint","urlTemplate":"https:\/\/lequotidien.mr\/?s={search_term_string}"},"query-input":{"@type":"PropertyValueSpecification","valueRequired":true,"valueName":"search_term_string"}}],"inLanguage":"ar"},{"@type":"Organization","@id":"https:\/\/lequotidien.mr\/#organization","name":"Le Quotidien de Nouakchott","url":"https:\/\/lequotidien.mr\/","logo":{"@type":"ImageObject","inLanguage":"ar","@id":"https:\/\/lequotidien.mr\/#\/schema\/logo\/image\/","url":"https:\/\/lequotidien.mr\/wp-content\/uploads\/2022\/11\/logolequotidien.jpg","contentUrl":"https:\/\/lequotidien.mr\/wp-content\/uploads\/2022\/11\/logolequotidien.jpg","width":290,"height":65,"caption":"Le Quotidien de Nouakchott"},"image":{"@id":"https:\/\/lequotidien.mr\/#\/schema\/logo\/image\/"},"sameAs":["https:\/\/web.facebook.com\/lequotidienmr","https:\/\/x.com\/lequotidienmr"]},{"@type":"Person","@id":"https:\/\/lequotidien.mr\/#\/schema\/person\/69d1518c74c9137087929a20b1272cb0","name":"Alioun M'leiwih","image":{"@type":"ImageObject","inLanguage":"ar","@id":"https:\/\/secure.gravatar.com\/avatar\/01f9d357222d7d4ca8f71662f4b081718f06d25b11fc45662ecca0622d507e51?s=96&d=mm&r=g","url":"https:\/\/secure.gravatar.com\/avatar\/01f9d357222d7d4ca8f71662f4b081718f06d25b11fc45662ecca0622d507e51?s=96&d=mm&r=g","contentUrl":"https:\/\/secure.gravatar.com\/avatar\/01f9d357222d7d4ca8f71662f4b081718f06d25b11fc45662ecca0622d507e51?s=96&d=mm&r=g","caption":"Alioun M'leiwih"},"sameAs":["https:\/\/lequotidien.mr\/","https:\/\/web.facebook.com\/a.mleiwih","https:\/\/www.linkedin.com\/in\/alimlewih\/"],"url":"https:\/\/lequotidien.mr\/?author=3"}]}},"_links":{"self":[{"href":"https:\/\/lequotidien.mr\/index.php?rest_route=\/wp\/v2\/posts\/2005","targetHints":{"allow":["GET"]}}],"collection":[{"href":"https:\/\/lequotidien.mr\/index.php?rest_route=\/wp\/v2\/posts"}],"about":[{"href":"https:\/\/lequotidien.mr\/index.php?rest_route=\/wp\/v2\/types\/post"}],"author":[{"embeddable":true,"href":"https:\/\/lequotidien.mr\/index.php?rest_route=\/wp\/v2\/users\/3"}],"replies":[{"embeddable":true,"href":"https:\/\/lequotidien.mr\/index.php?rest_route=%2Fwp%2Fv2%2Fcomments&post=2005"}],"version-history":[{"count":1,"href":"https:\/\/lequotidien.mr\/index.php?rest_route=\/wp\/v2\/posts\/2005\/revisions"}],"predecessor-version":[{"id":2037,"href":"https:\/\/lequotidien.mr\/index.php?rest_route=\/wp\/v2\/posts\/2005\/revisions\/2037"}],"wp:featuredmedia":[{"embeddable":true,"href":"https:\/\/lequotidien.mr\/index.php?rest_route=\/wp\/v2\/media\/2006"}],"wp:attachment":[{"href":"https:\/\/lequotidien.mr\/index.php?rest_route=%2Fwp%2Fv2%2Fmedia&parent=2005"}],"wp:term":[{"taxonomy":"category","embeddable":true,"href":"https:\/\/lequotidien.mr\/index.php?rest_route=%2Fwp%2Fv2%2Fcategories&post=2005"},{"taxonomy":"post_tag","embeddable":true,"href":"https:\/\/lequotidien.mr\/index.php?rest_route=%2Fwp%2Fv2%2Ftags&post=2005"}],"curies":[{"name":"wp","href":"https:\/\/api.w.org\/{rel}","templated":true}]}}