{"id":20045,"date":"2024-07-29T11:51:51","date_gmt":"2024-07-29T11:51:51","guid":{"rendered":"https:\/\/lequotidien.mr\/?p=20045"},"modified":"2024-07-29T11:51:51","modified_gmt":"2024-07-29T11:51:51","slug":"deroute-de-larmee-malienne-et-des-mercenaires-russes-dans-le-nord-du-mali","status":"publish","type":"post","link":"https:\/\/lequotidien.mr\/?p=20045&lang=fr","title":{"rendered":"\u00a0D\u00e9route de l&#8217;arm\u00e9e malienne et des mercenaires russes dans le nord du Mali"},"content":{"rendered":"<p>L\u2019arm\u00e9e malienne a subi un important revers et de lourdes pertes lors de combats contre les s\u00e9paratistes touaregs dans le nord du pays, pr\u00e8s de la fronti\u00e8re avec l\u2019Alg\u00e9rie. Des dizaines de mercenaires russes engag\u00e9s aux c\u00f4t\u00e9s de la junte malienne auraient \u00e9t\u00e9 tu\u00e9s ou faits prisonniers.<\/p>\n<p>&nbsp;<\/p>\n<p><strong><em>\u00a0Un D\u00e9sastre Sans Pr\u00e9c\u00e9dent pour les Mercenaires Russes <\/em><\/strong><\/p>\n<p>&nbsp;<\/p>\n<p>Les combats, d&#8217;une ampleur in\u00e9dite depuis plusieurs mois, ont d\u00e9but\u00e9 le 25 juillet et se sont intensifi\u00e9s, culminant en une d\u00e9faite significative pour les forces maliennes et leurs alli\u00e9s russes. Des vid\u00e9os circulant sur les r\u00e9seaux sociaux montrent des combattants s\u00e9paratistes d\u00e9ambulant triomphalement entre les cadavres d\u2019hommes blancs \u00e9tendus sur le sable, autour de v\u00e9hicules de combat incendi\u00e9s. D&#8217;autres images montrent des prisonniers de guerre russes, les mains li\u00e9es et les yeux band\u00e9s, forc\u00e9s de r\u00e9p\u00e9ter des slogans par les combattants touaregs.<\/p>\n<p><strong><em>\u00a0<\/em><\/strong><\/p>\n<p><strong><em>\u00a0D\u00e9clarations Officielles et T\u00e9moignages Locaux <\/em><\/strong><\/p>\n<p>&nbsp;<\/p>\n<p>Mohamed Elmaouloud Ramadane, porte-parole d\u2019une alliance de groupes arm\u00e9s s\u00e9paratistes \u00e0 dominante touareg, a revendiqu\u00e9 la victoire : \u00ab Nos forces ont d\u00e9finitivement an\u00e9anti ces colonnes de l\u2019ennemi samedi. Un important mat\u00e9riel roulant et armements a \u00e9t\u00e9 saisi ou endommag\u00e9. Les rares survivants des rangs Famas et de la milice Wagner ont \u00e9t\u00e9 faits prisonniers. \u00bb<\/p>\n<p>Un \u00e9lu local et un ancien travailleur de la mission de l\u2019ONU \u00e0 Kidal ont confirm\u00e9 \u00e0 l\u2019Agence France-Presse que l\u2019arm\u00e9e malienne avait recul\u00e9, et qu\u2019au moins quinze Russes avaient \u00e9t\u00e9 tu\u00e9s ou faits prisonniers, pr\u00e9cisant qu\u2019il ne s\u2019agissait que d\u2019un bilan provisoire. Des blogueurs militaires proches des mercenaires estiment les pertes russes \u00e0 au moins vingt combattants.<\/p>\n<p>&nbsp;<\/p>\n<p><strong><em>\u00a0R\u00e9ponse de l&#8217;Arm\u00e9e Malienne <\/em><\/strong><\/p>\n<p>&nbsp;<\/p>\n<p>L\u2019\u00c9tat-major g\u00e9n\u00e9ral des arm\u00e9es du Mali a indiqu\u00e9 avoir frapp\u00e9 avec succ\u00e8s cinq cibles terroristes \u00e0 Tinzaouatene, une localit\u00e9 situ\u00e9e \u00e0 233 km au nord-est de Kidal, au terme de trois jours de combats intenses. Un communiqu\u00e9 officiel pr\u00e9cise : \u00ab Dans la nuit du 26 au 27 juillet 2024, les unit\u00e9s FAMa en patrouille dans le secteur de Tinzaouatene depuis trois jours, ont amorc\u00e9 leur mouvement r\u00e9trograde. Les violents combats continuent contre la coalition des terroristes. \u00bb<\/p>\n<p>&nbsp;<\/p>\n<p><strong><em>\u00a0Cons\u00e9quences et R\u00e9percussions<\/em><\/strong><\/p>\n<p>&nbsp;<\/p>\n<p>La d\u00e9b\u00e2cle des forces maliennes et russes \u00e0 Tinzawaten marque l&#8217;un des plus grands d\u00e9sastres militaires pour les mercenaires russes sur le sol africain. Selon des sources proches de la r\u00e9bellion touar\u00e8gue, des dizaines de soldats maliens ont \u00e9t\u00e9 tu\u00e9s, des chiffres inf\u00e9rieurs aux pertes des mercenaires russes, estim\u00e9es \u00e0 au moins 80 tu\u00e9s. Parmi les victimes figure Anton Elizarov, alias Lotus, un &#8220;H\u00e9ros de la f\u00e9d\u00e9ration de Russie&#8221; d\u00e9cor\u00e9 par Vladimir Poutine en 2022, et l\u2019un des principaux commandants de Wagner.<\/p>\n<p>La mort d\u2019Elizarov, confirm\u00e9e par des cha\u00eenes Telegram pro-Wagner, marque un coup dur pour la pr\u00e9sence militaire russe au Mali. Apr\u00e8s la mort d&#8217;Evgueni Prigojine en juin dernier, Elizarov avait \u00e9t\u00e9 promu au sommet de la hi\u00e9rarchie militaire du groupe paramilitaire.<\/p>\n<p><strong><em>\u00a0<\/em><\/strong><\/p>\n<p><strong><em>\u00a0 Un Avenir Incertain pour la Junte Malienne et ses Alli\u00e9s <\/em><\/strong><\/p>\n<p>&nbsp;<\/p>\n<p>Cette d\u00e9faite \u00e0 Tinzawaten pourrait \u00eatre un tournant pour la junte malienne et ses alli\u00e9s russes dans leur tentative de reconqu\u00eate du nord du Mali. Elle souligne les d\u00e9fis persistants et les dangers auxquels ils sont confront\u00e9s dans une r\u00e9gion marqu\u00e9e par des conflits complexes et des alliances fluctuantes.<\/p>\n<p>En r\u00e9ponse \u00e0 cette situation critique, il reste \u00e0 voir comment la junte malienne et ses alli\u00e9s russes ajusteront leur strat\u00e9gie pour reprendre le contr\u00f4le des r\u00e9gions septentrionales et stabiliser le pays.<\/p>\n","protected":false},"excerpt":{"rendered":"<p>L\u2019arm\u00e9e malienne a subi un important revers et de lourdes pertes lors de combats contre les s\u00e9paratistes touaregs dans le nord du pays, pr\u00e8s de la fronti\u00e8re avec l\u2019Alg\u00e9rie. Des dizaines de mercenaires russes engag\u00e9s aux c\u00f4t\u00e9s de la junte malienne auraient \u00e9t\u00e9 tu\u00e9s ou faits prisonniers. &nbsp; \u00a0Un D\u00e9sastre Sans Pr\u00e9c\u00e9dent pour les Mercenaires&#8230;..<\/p>\n","protected":false},"author":4,"featured_media":20046,"comment_status":"open","ping_status":"open","sticky":false,"template":"","format":"standard","meta":{"footnotes":""},"categories":[23,57],"tags":[],"class_list":["post-20045","post","type-post","status-publish","format-standard","has-post-thumbnail","hentry","category-actualite","category-couverture-specilale"],"yoast_head":"<!-- This site is optimized with the Yoast SEO plugin v27.5 - https:\/\/yoast.com\/product\/yoast-seo-wordpress\/ -->\n<title>\u00a0D\u00e9route de l&#039;arm\u00e9e malienne et des mercenaires russes dans le nord du Mali - Le Quotidien de Nouakchott<\/title>\n<meta name=\"robots\" content=\"index, follow, max-snippet:-1, max-image-preview:large, max-video-preview:-1\" \/>\n<link rel=\"canonical\" href=\"https:\/\/lequotidien.mr\/?p=20045&lang=fr\" \/>\n<meta property=\"og:locale\" content=\"ar_AR\" \/>\n<meta property=\"og:type\" content=\"article\" \/>\n<meta property=\"og:title\" content=\"\u00a0D\u00e9route de l&#039;arm\u00e9e malienne et des mercenaires russes dans le nord du Mali - Le Quotidien de Nouakchott\" \/>\n<meta property=\"og:description\" content=\"L\u2019arm\u00e9e malienne a subi un important revers et de lourdes pertes lors de combats contre les s\u00e9paratistes touaregs dans le nord du pays, pr\u00e8s de la fronti\u00e8re avec l\u2019Alg\u00e9rie. Des dizaines de mercenaires russes engag\u00e9s aux c\u00f4t\u00e9s de la junte malienne auraient \u00e9t\u00e9 tu\u00e9s ou faits prisonniers. &nbsp; \u00a0Un D\u00e9sastre Sans Pr\u00e9c\u00e9dent pour les Mercenaires.....\" \/>\n<meta property=\"og:url\" content=\"https:\/\/lequotidien.mr\/?p=20045&amp;lang=fr\" \/>\n<meta property=\"og:site_name\" content=\"Le Quotidien de Nouakchott\" \/>\n<meta property=\"article:publisher\" content=\"https:\/\/web.facebook.com\/lequotidienmr\" \/>\n<meta property=\"article:published_time\" content=\"2024-07-29T11:51:51+00:00\" \/>\n<meta property=\"og:image\" content=\"https:\/\/lequotidien.mr\/wp-content\/uploads\/2024\/07\/wag.jpg\" \/>\n\t<meta property=\"og:image:width\" content=\"720\" \/>\n\t<meta property=\"og:image:height\" content=\"960\" \/>\n\t<meta property=\"og:image:type\" content=\"image\/jpeg\" \/>\n<meta name=\"author\" content=\"Le Quotidien\" \/>\n<meta name=\"twitter:card\" content=\"summary_large_image\" \/>\n<meta name=\"twitter:creator\" content=\"@lequotidienmr\" \/>\n<meta name=\"twitter:site\" content=\"@lequotidienmr\" \/>\n<meta name=\"twitter:label1\" content=\"\u0643\u064f\u062a\u0628 \u0628\u0648\u0627\u0633\u0637\u0629\" \/>\n\t<meta name=\"twitter:data1\" content=\"Le Quotidien\" \/>\n\t<meta name=\"twitter:label2\" content=\"\u0648\u0642\u062a \u0627\u0644\u0642\u0631\u0627\u0621\u0629 \u0627\u0644\u0645\u064f\u0642\u062f\u0651\u0631\" \/>\n\t<meta name=\"twitter:data2\" content=\"3 \u062f\u0642\u0627\u0626\u0642\" \/>\n<script type=\"application\/ld+json\" class=\"yoast-schema-graph\">{\"@context\":\"https:\\\/\\\/schema.org\",\"@graph\":[{\"@type\":\"Article\",\"@id\":\"https:\\\/\\\/lequotidien.mr\\\/?p=20045&lang=fr#article\",\"isPartOf\":{\"@id\":\"https:\\\/\\\/lequotidien.mr\\\/?p=20045&lang=fr\"},\"author\":{\"name\":\"Le Quotidien\",\"@id\":\"https:\\\/\\\/lequotidien.mr\\\/#\\\/schema\\\/person\\\/f90fcdaa970c60288de4ed2e64a56472\"},\"headline\":\"\u00a0D\u00e9route de l&#8217;arm\u00e9e malienne et des mercenaires russes dans le nord du Mali\",\"datePublished\":\"2024-07-29T11:51:51+00:00\",\"mainEntityOfPage\":{\"@id\":\"https:\\\/\\\/lequotidien.mr\\\/?p=20045&lang=fr\"},\"wordCount\":656,\"commentCount\":0,\"publisher\":{\"@id\":\"https:\\\/\\\/lequotidien.mr\\\/#organization\"},\"image\":{\"@id\":\"https:\\\/\\\/lequotidien.mr\\\/?p=20045&lang=fr#primaryimage\"},\"thumbnailUrl\":\"https:\\\/\\\/lequotidien.mr\\\/wp-content\\\/uploads\\\/2024\\\/07\\\/wag.jpg\",\"articleSection\":[\"ACTUALIT\u00c9\",\"Couverture sp\u00e9cilale\"],\"inLanguage\":\"ar\",\"potentialAction\":[{\"@type\":\"CommentAction\",\"name\":\"Comment\",\"target\":[\"https:\\\/\\\/lequotidien.mr\\\/?p=20045&lang=fr#respond\"]}]},{\"@type\":\"WebPage\",\"@id\":\"https:\\\/\\\/lequotidien.mr\\\/?p=20045&lang=fr\",\"url\":\"https:\\\/\\\/lequotidien.mr\\\/?p=20045&lang=fr\",\"name\":\"\u00a0D\u00e9route de l'arm\u00e9e malienne et des mercenaires russes dans le nord du Mali - Le Quotidien de Nouakchott\",\"isPartOf\":{\"@id\":\"https:\\\/\\\/lequotidien.mr\\\/#website\"},\"primaryImageOfPage\":{\"@id\":\"https:\\\/\\\/lequotidien.mr\\\/?p=20045&lang=fr#primaryimage\"},\"image\":{\"@id\":\"https:\\\/\\\/lequotidien.mr\\\/?p=20045&lang=fr#primaryimage\"},\"thumbnailUrl\":\"https:\\\/\\\/lequotidien.mr\\\/wp-content\\\/uploads\\\/2024\\\/07\\\/wag.jpg\",\"datePublished\":\"2024-07-29T11:51:51+00:00\",\"breadcrumb\":{\"@id\":\"https:\\\/\\\/lequotidien.mr\\\/?p=20045&lang=fr#breadcrumb\"},\"inLanguage\":\"ar\",\"potentialAction\":[{\"@type\":\"ReadAction\",\"target\":[\"https:\\\/\\\/lequotidien.mr\\\/?p=20045&lang=fr\"]}]},{\"@type\":\"ImageObject\",\"inLanguage\":\"ar\",\"@id\":\"https:\\\/\\\/lequotidien.mr\\\/?p=20045&lang=fr#primaryimage\",\"url\":\"https:\\\/\\\/lequotidien.mr\\\/wp-content\\\/uploads\\\/2024\\\/07\\\/wag.jpg\",\"contentUrl\":\"https:\\\/\\\/lequotidien.mr\\\/wp-content\\\/uploads\\\/2024\\\/07\\\/wag.jpg\",\"width\":720,\"height\":960},{\"@type\":\"BreadcrumbList\",\"@id\":\"https:\\\/\\\/lequotidien.mr\\\/?p=20045&lang=fr#breadcrumb\",\"itemListElement\":[{\"@type\":\"ListItem\",\"position\":1,\"name\":\"Home\",\"item\":\"https:\\\/\\\/lequotidien.mr\\\/\"},{\"@type\":\"ListItem\",\"position\":2,\"name\":\"\u00a0D\u00e9route de l&#8217;arm\u00e9e malienne et des mercenaires russes dans le nord du Mali\"}]},{\"@type\":\"WebSite\",\"@id\":\"https:\\\/\\\/lequotidien.mr\\\/#website\",\"url\":\"https:\\\/\\\/lequotidien.mr\\\/\",\"name\":\"Le Quotidien de Nouakchott\",\"description\":\"\u0625\u062e\u0628\u0627\u0631\u064a\u0629 \u0645\u0633\u062a\u0642\u0644\u0629 \u0644\u0644\u0623\u0646\u0628\u0627\u0621 \u0627\u0644\u0639\u0627\u0645\u0629\",\"publisher\":{\"@id\":\"https:\\\/\\\/lequotidien.mr\\\/#organization\"},\"potentialAction\":[{\"@type\":\"SearchAction\",\"target\":{\"@type\":\"EntryPoint\",\"urlTemplate\":\"https:\\\/\\\/lequotidien.mr\\\/?s={search_term_string}\"},\"query-input\":{\"@type\":\"PropertyValueSpecification\",\"valueRequired\":true,\"valueName\":\"search_term_string\"}}],\"inLanguage\":\"ar\"},{\"@type\":\"Organization\",\"@id\":\"https:\\\/\\\/lequotidien.mr\\\/#organization\",\"name\":\"Le Quotidien de Nouakchott\",\"url\":\"https:\\\/\\\/lequotidien.mr\\\/\",\"logo\":{\"@type\":\"ImageObject\",\"inLanguage\":\"ar\",\"@id\":\"https:\\\/\\\/lequotidien.mr\\\/#\\\/schema\\\/logo\\\/image\\\/\",\"url\":\"https:\\\/\\\/lequotidien.mr\\\/wp-content\\\/uploads\\\/2022\\\/11\\\/logolequotidien.jpg\",\"contentUrl\":\"https:\\\/\\\/lequotidien.mr\\\/wp-content\\\/uploads\\\/2022\\\/11\\\/logolequotidien.jpg\",\"width\":290,\"height\":65,\"caption\":\"Le Quotidien de Nouakchott\"},\"image\":{\"@id\":\"https:\\\/\\\/lequotidien.mr\\\/#\\\/schema\\\/logo\\\/image\\\/\"},\"sameAs\":[\"https:\\\/\\\/web.facebook.com\\\/lequotidienmr\",\"https:\\\/\\\/x.com\\\/lequotidienmr\"]},{\"@type\":\"Person\",\"@id\":\"https:\\\/\\\/lequotidien.mr\\\/#\\\/schema\\\/person\\\/f90fcdaa970c60288de4ed2e64a56472\",\"name\":\"Le Quotidien\",\"image\":{\"@type\":\"ImageObject\",\"inLanguage\":\"ar\",\"@id\":\"https:\\\/\\\/secure.gravatar.com\\\/avatar\\\/374cb39a1a458a912465a93e5a3ce6546886fc3da809a1f10c63e4e8fcbca30f?s=96&d=mm&r=g\",\"url\":\"https:\\\/\\\/secure.gravatar.com\\\/avatar\\\/374cb39a1a458a912465a93e5a3ce6546886fc3da809a1f10c63e4e8fcbca30f?s=96&d=mm&r=g\",\"contentUrl\":\"https:\\\/\\\/secure.gravatar.com\\\/avatar\\\/374cb39a1a458a912465a93e5a3ce6546886fc3da809a1f10c63e4e8fcbca30f?s=96&d=mm&r=g\",\"caption\":\"Le Quotidien\"},\"sameAs\":[\"https:\\\/\\\/lequotidien.mr\\\/\"],\"url\":\"https:\\\/\\\/lequotidien.mr\\\/?author=4\"}]}<\/script>\n<!-- \/ Yoast SEO plugin. -->","yoast_head_json":{"title":"\u00a0D\u00e9route de l'arm\u00e9e malienne et des mercenaires russes dans le nord du Mali - Le Quotidien de Nouakchott","robots":{"index":"index","follow":"follow","max-snippet":"max-snippet:-1","max-image-preview":"max-image-preview:large","max-video-preview":"max-video-preview:-1"},"canonical":"https:\/\/lequotidien.mr\/?p=20045&lang=fr","og_locale":"ar_AR","og_type":"article","og_title":"\u00a0D\u00e9route de l'arm\u00e9e malienne et des mercenaires russes dans le nord du Mali - Le Quotidien de Nouakchott","og_description":"L\u2019arm\u00e9e malienne a subi un important revers et de lourdes pertes lors de combats contre les s\u00e9paratistes touaregs dans le nord du pays, pr\u00e8s de la fronti\u00e8re avec l\u2019Alg\u00e9rie. Des dizaines de mercenaires russes engag\u00e9s aux c\u00f4t\u00e9s de la junte malienne auraient \u00e9t\u00e9 tu\u00e9s ou faits prisonniers. &nbsp; \u00a0Un D\u00e9sastre Sans Pr\u00e9c\u00e9dent pour les Mercenaires.....","og_url":"https:\/\/lequotidien.mr\/?p=20045&lang=fr","og_site_name":"Le Quotidien de Nouakchott","article_publisher":"https:\/\/web.facebook.com\/lequotidienmr","article_published_time":"2024-07-29T11:51:51+00:00","og_image":[{"width":720,"height":960,"url":"https:\/\/lequotidien.mr\/wp-content\/uploads\/2024\/07\/wag.jpg","type":"image\/jpeg"}],"author":"Le Quotidien","twitter_card":"summary_large_image","twitter_creator":"@lequotidienmr","twitter_site":"@lequotidienmr","twitter_misc":{"\u0643\u064f\u062a\u0628 \u0628\u0648\u0627\u0633\u0637\u0629":"Le Quotidien","\u0648\u0642\u062a \u0627\u0644\u0642\u0631\u0627\u0621\u0629 \u0627\u0644\u0645\u064f\u0642\u062f\u0651\u0631":"3 \u062f\u0642\u0627\u0626\u0642"},"schema":{"@context":"https:\/\/schema.org","@graph":[{"@type":"Article","@id":"https:\/\/lequotidien.mr\/?p=20045&lang=fr#article","isPartOf":{"@id":"https:\/\/lequotidien.mr\/?p=20045&lang=fr"},"author":{"name":"Le Quotidien","@id":"https:\/\/lequotidien.mr\/#\/schema\/person\/f90fcdaa970c60288de4ed2e64a56472"},"headline":"\u00a0D\u00e9route de l&#8217;arm\u00e9e malienne et des mercenaires russes dans le nord du Mali","datePublished":"2024-07-29T11:51:51+00:00","mainEntityOfPage":{"@id":"https:\/\/lequotidien.mr\/?p=20045&lang=fr"},"wordCount":656,"commentCount":0,"publisher":{"@id":"https:\/\/lequotidien.mr\/#organization"},"image":{"@id":"https:\/\/lequotidien.mr\/?p=20045&lang=fr#primaryimage"},"thumbnailUrl":"https:\/\/lequotidien.mr\/wp-content\/uploads\/2024\/07\/wag.jpg","articleSection":["ACTUALIT\u00c9","Couverture sp\u00e9cilale"],"inLanguage":"ar","potentialAction":[{"@type":"CommentAction","name":"Comment","target":["https:\/\/lequotidien.mr\/?p=20045&lang=fr#respond"]}]},{"@type":"WebPage","@id":"https:\/\/lequotidien.mr\/?p=20045&lang=fr","url":"https:\/\/lequotidien.mr\/?p=20045&lang=fr","name":"\u00a0D\u00e9route de l'arm\u00e9e malienne et des mercenaires russes dans le nord du Mali - Le Quotidien de Nouakchott","isPartOf":{"@id":"https:\/\/lequotidien.mr\/#website"},"primaryImageOfPage":{"@id":"https:\/\/lequotidien.mr\/?p=20045&lang=fr#primaryimage"},"image":{"@id":"https:\/\/lequotidien.mr\/?p=20045&lang=fr#primaryimage"},"thumbnailUrl":"https:\/\/lequotidien.mr\/wp-content\/uploads\/2024\/07\/wag.jpg","datePublished":"2024-07-29T11:51:51+00:00","breadcrumb":{"@id":"https:\/\/lequotidien.mr\/?p=20045&lang=fr#breadcrumb"},"inLanguage":"ar","potentialAction":[{"@type":"ReadAction","target":["https:\/\/lequotidien.mr\/?p=20045&lang=fr"]}]},{"@type":"ImageObject","inLanguage":"ar","@id":"https:\/\/lequotidien.mr\/?p=20045&lang=fr#primaryimage","url":"https:\/\/lequotidien.mr\/wp-content\/uploads\/2024\/07\/wag.jpg","contentUrl":"https:\/\/lequotidien.mr\/wp-content\/uploads\/2024\/07\/wag.jpg","width":720,"height":960},{"@type":"BreadcrumbList","@id":"https:\/\/lequotidien.mr\/?p=20045&lang=fr#breadcrumb","itemListElement":[{"@type":"ListItem","position":1,"name":"Home","item":"https:\/\/lequotidien.mr\/"},{"@type":"ListItem","position":2,"name":"\u00a0D\u00e9route de l&#8217;arm\u00e9e malienne et des mercenaires russes dans le nord du Mali"}]},{"@type":"WebSite","@id":"https:\/\/lequotidien.mr\/#website","url":"https:\/\/lequotidien.mr\/","name":"Le Quotidien de Nouakchott","description":"\u0625\u062e\u0628\u0627\u0631\u064a\u0629 \u0645\u0633\u062a\u0642\u0644\u0629 \u0644\u0644\u0623\u0646\u0628\u0627\u0621 \u0627\u0644\u0639\u0627\u0645\u0629","publisher":{"@id":"https:\/\/lequotidien.mr\/#organization"},"potentialAction":[{"@type":"SearchAction","target":{"@type":"EntryPoint","urlTemplate":"https:\/\/lequotidien.mr\/?s={search_term_string}"},"query-input":{"@type":"PropertyValueSpecification","valueRequired":true,"valueName":"search_term_string"}}],"inLanguage":"ar"},{"@type":"Organization","@id":"https:\/\/lequotidien.mr\/#organization","name":"Le Quotidien de Nouakchott","url":"https:\/\/lequotidien.mr\/","logo":{"@type":"ImageObject","inLanguage":"ar","@id":"https:\/\/lequotidien.mr\/#\/schema\/logo\/image\/","url":"https:\/\/lequotidien.mr\/wp-content\/uploads\/2022\/11\/logolequotidien.jpg","contentUrl":"https:\/\/lequotidien.mr\/wp-content\/uploads\/2022\/11\/logolequotidien.jpg","width":290,"height":65,"caption":"Le Quotidien de Nouakchott"},"image":{"@id":"https:\/\/lequotidien.mr\/#\/schema\/logo\/image\/"},"sameAs":["https:\/\/web.facebook.com\/lequotidienmr","https:\/\/x.com\/lequotidienmr"]},{"@type":"Person","@id":"https:\/\/lequotidien.mr\/#\/schema\/person\/f90fcdaa970c60288de4ed2e64a56472","name":"Le Quotidien","image":{"@type":"ImageObject","inLanguage":"ar","@id":"https:\/\/secure.gravatar.com\/avatar\/374cb39a1a458a912465a93e5a3ce6546886fc3da809a1f10c63e4e8fcbca30f?s=96&d=mm&r=g","url":"https:\/\/secure.gravatar.com\/avatar\/374cb39a1a458a912465a93e5a3ce6546886fc3da809a1f10c63e4e8fcbca30f?s=96&d=mm&r=g","contentUrl":"https:\/\/secure.gravatar.com\/avatar\/374cb39a1a458a912465a93e5a3ce6546886fc3da809a1f10c63e4e8fcbca30f?s=96&d=mm&r=g","caption":"Le Quotidien"},"sameAs":["https:\/\/lequotidien.mr\/"],"url":"https:\/\/lequotidien.mr\/?author=4"}]}},"_links":{"self":[{"href":"https:\/\/lequotidien.mr\/index.php?rest_route=\/wp\/v2\/posts\/20045","targetHints":{"allow":["GET"]}}],"collection":[{"href":"https:\/\/lequotidien.mr\/index.php?rest_route=\/wp\/v2\/posts"}],"about":[{"href":"https:\/\/lequotidien.mr\/index.php?rest_route=\/wp\/v2\/types\/post"}],"author":[{"embeddable":true,"href":"https:\/\/lequotidien.mr\/index.php?rest_route=\/wp\/v2\/users\/4"}],"replies":[{"embeddable":true,"href":"https:\/\/lequotidien.mr\/index.php?rest_route=%2Fwp%2Fv2%2Fcomments&post=20045"}],"version-history":[{"count":1,"href":"https:\/\/lequotidien.mr\/index.php?rest_route=\/wp\/v2\/posts\/20045\/revisions"}],"predecessor-version":[{"id":20047,"href":"https:\/\/lequotidien.mr\/index.php?rest_route=\/wp\/v2\/posts\/20045\/revisions\/20047"}],"wp:featuredmedia":[{"embeddable":true,"href":"https:\/\/lequotidien.mr\/index.php?rest_route=\/wp\/v2\/media\/20046"}],"wp:attachment":[{"href":"https:\/\/lequotidien.mr\/index.php?rest_route=%2Fwp%2Fv2%2Fmedia&parent=20045"}],"wp:term":[{"taxonomy":"category","embeddable":true,"href":"https:\/\/lequotidien.mr\/index.php?rest_route=%2Fwp%2Fv2%2Fcategories&post=20045"},{"taxonomy":"post_tag","embeddable":true,"href":"https:\/\/lequotidien.mr\/index.php?rest_route=%2Fwp%2Fv2%2Ftags&post=20045"}],"curies":[{"name":"wp","href":"https:\/\/api.w.org\/{rel}","templated":true}]}}