{"id":20039,"date":"2024-07-29T11:48:34","date_gmt":"2024-07-29T11:48:34","guid":{"rendered":"https:\/\/lequotidien.mr\/?p=20039"},"modified":"2024-07-29T11:48:34","modified_gmt":"2024-07-29T11:48:34","slug":"la-mauritanie-realise-des-progres-economiques-malgre-un-ralentissement-de-la-croissance","status":"publish","type":"post","link":"https:\/\/lequotidien.mr\/?p=20039&lang=fr","title":{"rendered":"La Mauritanie r\u00e9alise des progr\u00e8s \u00e9conomiques malgr\u00e9 un ralentissement de la croissance"},"content":{"rendered":"<p>La Banque mondiale a publi\u00e9 aujourd&#8217;hui la septi\u00e8me \u00e9dition de son rapport sur la Situation \u00e9conomique en Mauritanie, r\u00e9v\u00e9lant que le pays a r\u00e9ussi \u00e0 renforcer sa stabilit\u00e9 macro\u00e9conomique malgr\u00e9 un ralentissement significatif de la croissance \u00e9conomique en 2023. Ce rapport souligne une baisse plus rapide que pr\u00e9vu de l&#8217;inflation et une am\u00e9lioration du solde budg\u00e9taire et du solde ext\u00e9rieur.<\/p>\n<p>La croissance \u00e9conomique de la Mauritanie a diminu\u00e9, passant de 6,4 % (3,7 % par habitant) en 2022 \u00e0 3,4 % (0,7 % par habitant) en 2023. Ce ralentissement est attribuable \u00e0 des facteurs cycliques tels que le resserrement de la politique mon\u00e9taire et la dynamique fragile dans certains secteurs cl\u00e9s comme l&#8217;agriculture pluviale et les industries extractives. N\u00e9anmoins, la performance \u00e9conomique du pays reste sup\u00e9rieure \u00e0 la moyenne mondiale de 3 % et \u00e0 celle de l\u2019Afrique subsaharienne de 2,9 %.<\/p>\n<p>Malgr\u00e9 cette baisse de la croissance, l&#8217;inflation a recul\u00e9 de mani\u00e8re significative, passant de 9,6 % en 2022 \u00e0 5 % en 2023. Cette diminution est due \u00e0 la baisse des prix des denr\u00e9es alimentaires et du p\u00e9trole, ainsi qu&#8217;\u00e0 une politique mon\u00e9taire stricte. Parall\u00e8lement, le d\u00e9ficit de la balance courante s&#8217;est r\u00e9duit, gr\u00e2ce \u00e0 une \u00e9volution favorable des prix des importations et \u00e0 une diminution des importations de biens d&#8217;\u00e9quipement. Le d\u00e9ficit budg\u00e9taire a \u00e9galement baiss\u00e9 \u00e0 2,5 % du PIB, soutenu par une r\u00e9duction des d\u00e9penses en capital.<\/p>\n<p>&nbsp;<\/p>\n<p><em>\u00a0<strong>Optimiser le Capital Humain : Un D\u00e9fi Majeur<\/strong><\/em><\/p>\n<p>&nbsp;<\/p>\n<p>Le rapport met en lumi\u00e8re les d\u00e9fis structurels persistants qui freinent la croissance \u00e0 long terme de la Mauritanie, notamment l&#8217;optimisation limit\u00e9e du capital humain. La richesse en capital humain par habitant a diminu\u00e9 au cours des vingt derni\u00e8res ann\u00e9es, malgr\u00e9 une augmentation du stock global. Les enfants n\u00e9s en 2024 ne pourront esp\u00e9rer utiliser que 15 % de leur potentiel de capital humain d&#8217;ici l&#8217;\u00e2ge de 18 ans, un probl\u00e8me particuli\u00e8rement aigu dans le pays.<\/p>\n<p>Urbain Thierry Yogo, \u00e9conomiste principal pour la Mauritanie, souligne l&#8217;importance de poursuivre les efforts pour optimiser l&#8217;utilisation du capital humain et d\u00e9velopper des strat\u00e9gies de r\u00e9silience face aux chocs climatiques, \u00e9conomiques et sociaux. Les priorit\u00e9s incluent l&#8217;am\u00e9lioration de l&#8217;\u00e9ducation, la r\u00e9duction des in\u00e9galit\u00e9s de genre et la mise en place de politiques \u00e9conomiques plus inclusives.<\/p>\n<p><strong><em>\u00a0<\/em><\/strong><\/p>\n<p><strong><em>\u00a0Recommandations pour une Croissance Inclusive et Durable <\/em><\/strong><\/p>\n<p>&nbsp;<\/p>\n<p>Intitul\u00e9 \u00ab Maximiser le rendement du capital humain en Mauritanie pour une richesse accrue et une prosp\u00e9rit\u00e9 partag\u00e9e \u00bb, le rapport recommande plusieurs mesures pour soutenir une croissance inclusive et durable. Parmi celles-ci figurent le renforcement de l&#8217;\u00e9ducation et de la formation professionnelle, la suppression des obstacles sociaux et juridiques pour les femmes et les jeunes, et l&#8217;adoption d&#8217;un cadre fiscal prudent en pr\u00e9vision de la production de gaz.<\/p>\n<p>Le rapport propose \u00e9galement l&#8217;am\u00e9lioration de la s\u00e9lection et de l&#8217;ex\u00e9cution des projets d&#8217;investissement public, ainsi qu&#8217;une meilleure int\u00e9gration des femmes et des jeunes sur le march\u00e9 du travail.<\/p>\n<p>Ibou Diouf, repr\u00e9sentant r\u00e9sident de la Banque mondiale en Mauritanie, conclut : &#8220;Bien que la Mauritanie ait r\u00e9alis\u00e9 d\u2019importantes avanc\u00e9es en mati\u00e8re de stabilit\u00e9 macro\u00e9conomique, il est fondamental d\u2019aborder les d\u00e9fis structurels qui freinent la croissance \u00e0 long terme. En poursuivant les efforts dans la maximisation du capital humain et en optimisant la gestion des finances publiques, la Mauritanie pourra non seulement consolider ses acquis, mais aussi favoriser une croissance plus durable et plus inclusive.&#8221;<\/p>\n<p>La Mauritanie semble sur la bonne voie pour consolider ses gains \u00e9conomiques tout en adressant les d\u00e9fis structurels pour une prosp\u00e9rit\u00e9 partag\u00e9e et durable.<\/p>\n<p>&nbsp;<\/p>\n<p>&nbsp;<\/p>\n<p>&nbsp;<\/p>\n<p>&nbsp;<\/p>\n","protected":false},"excerpt":{"rendered":"<p>La Banque mondiale a publi\u00e9 aujourd&#8217;hui la septi\u00e8me \u00e9dition de son rapport sur la Situation \u00e9conomique en Mauritanie, r\u00e9v\u00e9lant que le pays a r\u00e9ussi \u00e0 renforcer sa stabilit\u00e9 macro\u00e9conomique malgr\u00e9 un ralentissement significatif de la croissance \u00e9conomique en 2023. Ce rapport souligne une baisse plus rapide que pr\u00e9vu de l&#8217;inflation et une am\u00e9lioration du solde&#8230;..<\/p>\n","protected":false},"author":4,"featured_media":20042,"comment_status":"open","ping_status":"open","sticky":false,"template":"","format":"standard","meta":{"footnotes":""},"categories":[23,49],"tags":[],"class_list":["post-20039","post","type-post","status-publish","format-standard","has-post-thumbnail","hentry","category-actualite","category-economie"],"yoast_head":"<!-- This site is optimized with the Yoast SEO plugin v27.5 - https:\/\/yoast.com\/product\/yoast-seo-wordpress\/ -->\n<title>La Mauritanie r\u00e9alise des progr\u00e8s \u00e9conomiques malgr\u00e9 un ralentissement de la croissance - Le Quotidien de Nouakchott<\/title>\n<meta name=\"robots\" content=\"index, follow, max-snippet:-1, max-image-preview:large, max-video-preview:-1\" \/>\n<link rel=\"canonical\" href=\"https:\/\/lequotidien.mr\/?p=20039&lang=fr\" \/>\n<meta property=\"og:locale\" content=\"ar_AR\" \/>\n<meta property=\"og:type\" content=\"article\" \/>\n<meta property=\"og:title\" content=\"La Mauritanie r\u00e9alise des progr\u00e8s \u00e9conomiques malgr\u00e9 un ralentissement de la croissance - Le Quotidien de Nouakchott\" \/>\n<meta property=\"og:description\" content=\"La Banque mondiale a publi\u00e9 aujourd&#8217;hui la septi\u00e8me \u00e9dition de son rapport sur la Situation \u00e9conomique en Mauritanie, r\u00e9v\u00e9lant que le pays a r\u00e9ussi \u00e0 renforcer sa stabilit\u00e9 macro\u00e9conomique malgr\u00e9 un ralentissement significatif de la croissance \u00e9conomique en 2023. Ce rapport souligne une baisse plus rapide que pr\u00e9vu de l&#8217;inflation et une am\u00e9lioration du solde.....\" \/>\n<meta property=\"og:url\" content=\"https:\/\/lequotidien.mr\/?p=20039&amp;lang=fr\" \/>\n<meta property=\"og:site_name\" content=\"Le Quotidien de Nouakchott\" \/>\n<meta property=\"article:publisher\" content=\"https:\/\/web.facebook.com\/lequotidienmr\" \/>\n<meta property=\"article:published_time\" content=\"2024-07-29T11:48:34+00:00\" \/>\n<meta property=\"og:image\" content=\"https:\/\/lequotidien.mr\/wp-content\/uploads\/2024\/07\/bmondi.jpeg\" \/>\n\t<meta property=\"og:image:width\" content=\"297\" \/>\n\t<meta property=\"og:image:height\" content=\"170\" \/>\n\t<meta property=\"og:image:type\" content=\"image\/jpeg\" \/>\n<meta name=\"author\" content=\"Le Quotidien\" \/>\n<meta name=\"twitter:card\" content=\"summary_large_image\" \/>\n<meta name=\"twitter:creator\" content=\"@lequotidienmr\" \/>\n<meta name=\"twitter:site\" content=\"@lequotidienmr\" \/>\n<meta name=\"twitter:label1\" content=\"\u0643\u064f\u062a\u0628 \u0628\u0648\u0627\u0633\u0637\u0629\" \/>\n\t<meta name=\"twitter:data1\" content=\"Le Quotidien\" \/>\n\t<meta name=\"twitter:label2\" content=\"\u0648\u0642\u062a \u0627\u0644\u0642\u0631\u0627\u0621\u0629 \u0627\u0644\u0645\u064f\u0642\u062f\u0651\u0631\" \/>\n\t<meta name=\"twitter:data2\" content=\"3 \u062f\u0642\u0627\u0626\u0642\" \/>\n<script type=\"application\/ld+json\" class=\"yoast-schema-graph\">{\"@context\":\"https:\\\/\\\/schema.org\",\"@graph\":[{\"@type\":\"Article\",\"@id\":\"https:\\\/\\\/lequotidien.mr\\\/?p=20039&lang=fr#article\",\"isPartOf\":{\"@id\":\"https:\\\/\\\/lequotidien.mr\\\/?p=20039&lang=fr\"},\"author\":{\"name\":\"Le Quotidien\",\"@id\":\"https:\\\/\\\/lequotidien.mr\\\/#\\\/schema\\\/person\\\/f90fcdaa970c60288de4ed2e64a56472\"},\"headline\":\"La Mauritanie r\u00e9alise des progr\u00e8s \u00e9conomiques malgr\u00e9 un ralentissement de la croissance\",\"datePublished\":\"2024-07-29T11:48:34+00:00\",\"mainEntityOfPage\":{\"@id\":\"https:\\\/\\\/lequotidien.mr\\\/?p=20039&lang=fr\"},\"wordCount\":636,\"commentCount\":0,\"publisher\":{\"@id\":\"https:\\\/\\\/lequotidien.mr\\\/#organization\"},\"image\":{\"@id\":\"https:\\\/\\\/lequotidien.mr\\\/?p=20039&lang=fr#primaryimage\"},\"thumbnailUrl\":\"https:\\\/\\\/lequotidien.mr\\\/wp-content\\\/uploads\\\/2024\\\/07\\\/bmondi.jpeg\",\"articleSection\":[\"ACTUALIT\u00c9\",\"Economie\"],\"inLanguage\":\"ar\",\"potentialAction\":[{\"@type\":\"CommentAction\",\"name\":\"Comment\",\"target\":[\"https:\\\/\\\/lequotidien.mr\\\/?p=20039&lang=fr#respond\"]}]},{\"@type\":\"WebPage\",\"@id\":\"https:\\\/\\\/lequotidien.mr\\\/?p=20039&lang=fr\",\"url\":\"https:\\\/\\\/lequotidien.mr\\\/?p=20039&lang=fr\",\"name\":\"La Mauritanie r\u00e9alise des progr\u00e8s \u00e9conomiques malgr\u00e9 un ralentissement de la croissance - Le Quotidien de Nouakchott\",\"isPartOf\":{\"@id\":\"https:\\\/\\\/lequotidien.mr\\\/#website\"},\"primaryImageOfPage\":{\"@id\":\"https:\\\/\\\/lequotidien.mr\\\/?p=20039&lang=fr#primaryimage\"},\"image\":{\"@id\":\"https:\\\/\\\/lequotidien.mr\\\/?p=20039&lang=fr#primaryimage\"},\"thumbnailUrl\":\"https:\\\/\\\/lequotidien.mr\\\/wp-content\\\/uploads\\\/2024\\\/07\\\/bmondi.jpeg\",\"datePublished\":\"2024-07-29T11:48:34+00:00\",\"breadcrumb\":{\"@id\":\"https:\\\/\\\/lequotidien.mr\\\/?p=20039&lang=fr#breadcrumb\"},\"inLanguage\":\"ar\",\"potentialAction\":[{\"@type\":\"ReadAction\",\"target\":[\"https:\\\/\\\/lequotidien.mr\\\/?p=20039&lang=fr\"]}]},{\"@type\":\"ImageObject\",\"inLanguage\":\"ar\",\"@id\":\"https:\\\/\\\/lequotidien.mr\\\/?p=20039&lang=fr#primaryimage\",\"url\":\"https:\\\/\\\/lequotidien.mr\\\/wp-content\\\/uploads\\\/2024\\\/07\\\/bmondi.jpeg\",\"contentUrl\":\"https:\\\/\\\/lequotidien.mr\\\/wp-content\\\/uploads\\\/2024\\\/07\\\/bmondi.jpeg\",\"width\":297,\"height\":170},{\"@type\":\"BreadcrumbList\",\"@id\":\"https:\\\/\\\/lequotidien.mr\\\/?p=20039&lang=fr#breadcrumb\",\"itemListElement\":[{\"@type\":\"ListItem\",\"position\":1,\"name\":\"Home\",\"item\":\"https:\\\/\\\/lequotidien.mr\\\/\"},{\"@type\":\"ListItem\",\"position\":2,\"name\":\"La Mauritanie r\u00e9alise des progr\u00e8s \u00e9conomiques malgr\u00e9 un ralentissement de la croissance\"}]},{\"@type\":\"WebSite\",\"@id\":\"https:\\\/\\\/lequotidien.mr\\\/#website\",\"url\":\"https:\\\/\\\/lequotidien.mr\\\/\",\"name\":\"Le Quotidien de Nouakchott\",\"description\":\"\u0625\u062e\u0628\u0627\u0631\u064a\u0629 \u0645\u0633\u062a\u0642\u0644\u0629 \u0644\u0644\u0623\u0646\u0628\u0627\u0621 \u0627\u0644\u0639\u0627\u0645\u0629\",\"publisher\":{\"@id\":\"https:\\\/\\\/lequotidien.mr\\\/#organization\"},\"potentialAction\":[{\"@type\":\"SearchAction\",\"target\":{\"@type\":\"EntryPoint\",\"urlTemplate\":\"https:\\\/\\\/lequotidien.mr\\\/?s={search_term_string}\"},\"query-input\":{\"@type\":\"PropertyValueSpecification\",\"valueRequired\":true,\"valueName\":\"search_term_string\"}}],\"inLanguage\":\"ar\"},{\"@type\":\"Organization\",\"@id\":\"https:\\\/\\\/lequotidien.mr\\\/#organization\",\"name\":\"Le Quotidien de Nouakchott\",\"url\":\"https:\\\/\\\/lequotidien.mr\\\/\",\"logo\":{\"@type\":\"ImageObject\",\"inLanguage\":\"ar\",\"@id\":\"https:\\\/\\\/lequotidien.mr\\\/#\\\/schema\\\/logo\\\/image\\\/\",\"url\":\"https:\\\/\\\/lequotidien.mr\\\/wp-content\\\/uploads\\\/2022\\\/11\\\/logolequotidien.jpg\",\"contentUrl\":\"https:\\\/\\\/lequotidien.mr\\\/wp-content\\\/uploads\\\/2022\\\/11\\\/logolequotidien.jpg\",\"width\":290,\"height\":65,\"caption\":\"Le Quotidien de Nouakchott\"},\"image\":{\"@id\":\"https:\\\/\\\/lequotidien.mr\\\/#\\\/schema\\\/logo\\\/image\\\/\"},\"sameAs\":[\"https:\\\/\\\/web.facebook.com\\\/lequotidienmr\",\"https:\\\/\\\/x.com\\\/lequotidienmr\"]},{\"@type\":\"Person\",\"@id\":\"https:\\\/\\\/lequotidien.mr\\\/#\\\/schema\\\/person\\\/f90fcdaa970c60288de4ed2e64a56472\",\"name\":\"Le Quotidien\",\"image\":{\"@type\":\"ImageObject\",\"inLanguage\":\"ar\",\"@id\":\"https:\\\/\\\/secure.gravatar.com\\\/avatar\\\/374cb39a1a458a912465a93e5a3ce6546886fc3da809a1f10c63e4e8fcbca30f?s=96&d=mm&r=g\",\"url\":\"https:\\\/\\\/secure.gravatar.com\\\/avatar\\\/374cb39a1a458a912465a93e5a3ce6546886fc3da809a1f10c63e4e8fcbca30f?s=96&d=mm&r=g\",\"contentUrl\":\"https:\\\/\\\/secure.gravatar.com\\\/avatar\\\/374cb39a1a458a912465a93e5a3ce6546886fc3da809a1f10c63e4e8fcbca30f?s=96&d=mm&r=g\",\"caption\":\"Le Quotidien\"},\"sameAs\":[\"https:\\\/\\\/lequotidien.mr\\\/\"],\"url\":\"https:\\\/\\\/lequotidien.mr\\\/?author=4\"}]}<\/script>\n<!-- \/ Yoast SEO plugin. -->","yoast_head_json":{"title":"La Mauritanie r\u00e9alise des progr\u00e8s \u00e9conomiques malgr\u00e9 un ralentissement de la croissance - Le Quotidien de Nouakchott","robots":{"index":"index","follow":"follow","max-snippet":"max-snippet:-1","max-image-preview":"max-image-preview:large","max-video-preview":"max-video-preview:-1"},"canonical":"https:\/\/lequotidien.mr\/?p=20039&lang=fr","og_locale":"ar_AR","og_type":"article","og_title":"La Mauritanie r\u00e9alise des progr\u00e8s \u00e9conomiques malgr\u00e9 un ralentissement de la croissance - Le Quotidien de Nouakchott","og_description":"La Banque mondiale a publi\u00e9 aujourd&#8217;hui la septi\u00e8me \u00e9dition de son rapport sur la Situation \u00e9conomique en Mauritanie, r\u00e9v\u00e9lant que le pays a r\u00e9ussi \u00e0 renforcer sa stabilit\u00e9 macro\u00e9conomique malgr\u00e9 un ralentissement significatif de la croissance \u00e9conomique en 2023. Ce rapport souligne une baisse plus rapide que pr\u00e9vu de l&#8217;inflation et une am\u00e9lioration du solde.....","og_url":"https:\/\/lequotidien.mr\/?p=20039&lang=fr","og_site_name":"Le Quotidien de Nouakchott","article_publisher":"https:\/\/web.facebook.com\/lequotidienmr","article_published_time":"2024-07-29T11:48:34+00:00","og_image":[{"width":297,"height":170,"url":"https:\/\/lequotidien.mr\/wp-content\/uploads\/2024\/07\/bmondi.jpeg","type":"image\/jpeg"}],"author":"Le Quotidien","twitter_card":"summary_large_image","twitter_creator":"@lequotidienmr","twitter_site":"@lequotidienmr","twitter_misc":{"\u0643\u064f\u062a\u0628 \u0628\u0648\u0627\u0633\u0637\u0629":"Le Quotidien","\u0648\u0642\u062a \u0627\u0644\u0642\u0631\u0627\u0621\u0629 \u0627\u0644\u0645\u064f\u0642\u062f\u0651\u0631":"3 \u062f\u0642\u0627\u0626\u0642"},"schema":{"@context":"https:\/\/schema.org","@graph":[{"@type":"Article","@id":"https:\/\/lequotidien.mr\/?p=20039&lang=fr#article","isPartOf":{"@id":"https:\/\/lequotidien.mr\/?p=20039&lang=fr"},"author":{"name":"Le Quotidien","@id":"https:\/\/lequotidien.mr\/#\/schema\/person\/f90fcdaa970c60288de4ed2e64a56472"},"headline":"La Mauritanie r\u00e9alise des progr\u00e8s \u00e9conomiques malgr\u00e9 un ralentissement de la croissance","datePublished":"2024-07-29T11:48:34+00:00","mainEntityOfPage":{"@id":"https:\/\/lequotidien.mr\/?p=20039&lang=fr"},"wordCount":636,"commentCount":0,"publisher":{"@id":"https:\/\/lequotidien.mr\/#organization"},"image":{"@id":"https:\/\/lequotidien.mr\/?p=20039&lang=fr#primaryimage"},"thumbnailUrl":"https:\/\/lequotidien.mr\/wp-content\/uploads\/2024\/07\/bmondi.jpeg","articleSection":["ACTUALIT\u00c9","Economie"],"inLanguage":"ar","potentialAction":[{"@type":"CommentAction","name":"Comment","target":["https:\/\/lequotidien.mr\/?p=20039&lang=fr#respond"]}]},{"@type":"WebPage","@id":"https:\/\/lequotidien.mr\/?p=20039&lang=fr","url":"https:\/\/lequotidien.mr\/?p=20039&lang=fr","name":"La Mauritanie r\u00e9alise des progr\u00e8s \u00e9conomiques malgr\u00e9 un ralentissement de la croissance - Le Quotidien de Nouakchott","isPartOf":{"@id":"https:\/\/lequotidien.mr\/#website"},"primaryImageOfPage":{"@id":"https:\/\/lequotidien.mr\/?p=20039&lang=fr#primaryimage"},"image":{"@id":"https:\/\/lequotidien.mr\/?p=20039&lang=fr#primaryimage"},"thumbnailUrl":"https:\/\/lequotidien.mr\/wp-content\/uploads\/2024\/07\/bmondi.jpeg","datePublished":"2024-07-29T11:48:34+00:00","breadcrumb":{"@id":"https:\/\/lequotidien.mr\/?p=20039&lang=fr#breadcrumb"},"inLanguage":"ar","potentialAction":[{"@type":"ReadAction","target":["https:\/\/lequotidien.mr\/?p=20039&lang=fr"]}]},{"@type":"ImageObject","inLanguage":"ar","@id":"https:\/\/lequotidien.mr\/?p=20039&lang=fr#primaryimage","url":"https:\/\/lequotidien.mr\/wp-content\/uploads\/2024\/07\/bmondi.jpeg","contentUrl":"https:\/\/lequotidien.mr\/wp-content\/uploads\/2024\/07\/bmondi.jpeg","width":297,"height":170},{"@type":"BreadcrumbList","@id":"https:\/\/lequotidien.mr\/?p=20039&lang=fr#breadcrumb","itemListElement":[{"@type":"ListItem","position":1,"name":"Home","item":"https:\/\/lequotidien.mr\/"},{"@type":"ListItem","position":2,"name":"La Mauritanie r\u00e9alise des progr\u00e8s \u00e9conomiques malgr\u00e9 un ralentissement de la croissance"}]},{"@type":"WebSite","@id":"https:\/\/lequotidien.mr\/#website","url":"https:\/\/lequotidien.mr\/","name":"Le Quotidien de Nouakchott","description":"\u0625\u062e\u0628\u0627\u0631\u064a\u0629 \u0645\u0633\u062a\u0642\u0644\u0629 \u0644\u0644\u0623\u0646\u0628\u0627\u0621 \u0627\u0644\u0639\u0627\u0645\u0629","publisher":{"@id":"https:\/\/lequotidien.mr\/#organization"},"potentialAction":[{"@type":"SearchAction","target":{"@type":"EntryPoint","urlTemplate":"https:\/\/lequotidien.mr\/?s={search_term_string}"},"query-input":{"@type":"PropertyValueSpecification","valueRequired":true,"valueName":"search_term_string"}}],"inLanguage":"ar"},{"@type":"Organization","@id":"https:\/\/lequotidien.mr\/#organization","name":"Le Quotidien de Nouakchott","url":"https:\/\/lequotidien.mr\/","logo":{"@type":"ImageObject","inLanguage":"ar","@id":"https:\/\/lequotidien.mr\/#\/schema\/logo\/image\/","url":"https:\/\/lequotidien.mr\/wp-content\/uploads\/2022\/11\/logolequotidien.jpg","contentUrl":"https:\/\/lequotidien.mr\/wp-content\/uploads\/2022\/11\/logolequotidien.jpg","width":290,"height":65,"caption":"Le Quotidien de Nouakchott"},"image":{"@id":"https:\/\/lequotidien.mr\/#\/schema\/logo\/image\/"},"sameAs":["https:\/\/web.facebook.com\/lequotidienmr","https:\/\/x.com\/lequotidienmr"]},{"@type":"Person","@id":"https:\/\/lequotidien.mr\/#\/schema\/person\/f90fcdaa970c60288de4ed2e64a56472","name":"Le Quotidien","image":{"@type":"ImageObject","inLanguage":"ar","@id":"https:\/\/secure.gravatar.com\/avatar\/374cb39a1a458a912465a93e5a3ce6546886fc3da809a1f10c63e4e8fcbca30f?s=96&d=mm&r=g","url":"https:\/\/secure.gravatar.com\/avatar\/374cb39a1a458a912465a93e5a3ce6546886fc3da809a1f10c63e4e8fcbca30f?s=96&d=mm&r=g","contentUrl":"https:\/\/secure.gravatar.com\/avatar\/374cb39a1a458a912465a93e5a3ce6546886fc3da809a1f10c63e4e8fcbca30f?s=96&d=mm&r=g","caption":"Le Quotidien"},"sameAs":["https:\/\/lequotidien.mr\/"],"url":"https:\/\/lequotidien.mr\/?author=4"}]}},"_links":{"self":[{"href":"https:\/\/lequotidien.mr\/index.php?rest_route=\/wp\/v2\/posts\/20039","targetHints":{"allow":["GET"]}}],"collection":[{"href":"https:\/\/lequotidien.mr\/index.php?rest_route=\/wp\/v2\/posts"}],"about":[{"href":"https:\/\/lequotidien.mr\/index.php?rest_route=\/wp\/v2\/types\/post"}],"author":[{"embeddable":true,"href":"https:\/\/lequotidien.mr\/index.php?rest_route=\/wp\/v2\/users\/4"}],"replies":[{"embeddable":true,"href":"https:\/\/lequotidien.mr\/index.php?rest_route=%2Fwp%2Fv2%2Fcomments&post=20039"}],"version-history":[{"count":1,"href":"https:\/\/lequotidien.mr\/index.php?rest_route=\/wp\/v2\/posts\/20039\/revisions"}],"predecessor-version":[{"id":20043,"href":"https:\/\/lequotidien.mr\/index.php?rest_route=\/wp\/v2\/posts\/20039\/revisions\/20043"}],"wp:featuredmedia":[{"embeddable":true,"href":"https:\/\/lequotidien.mr\/index.php?rest_route=\/wp\/v2\/media\/20042"}],"wp:attachment":[{"href":"https:\/\/lequotidien.mr\/index.php?rest_route=%2Fwp%2Fv2%2Fmedia&parent=20039"}],"wp:term":[{"taxonomy":"category","embeddable":true,"href":"https:\/\/lequotidien.mr\/index.php?rest_route=%2Fwp%2Fv2%2Fcategories&post=20039"},{"taxonomy":"post_tag","embeddable":true,"href":"https:\/\/lequotidien.mr\/index.php?rest_route=%2Fwp%2Fv2%2Ftags&post=20039"}],"curies":[{"name":"wp","href":"https:\/\/api.w.org\/{rel}","templated":true}]}}