{"id":20036,"date":"2024-07-29T11:45:59","date_gmt":"2024-07-29T11:45:59","guid":{"rendered":"https:\/\/lequotidien.mr\/?p=20036"},"modified":"2024-11-13T15:54:50","modified_gmt":"2024-11-13T15:54:50","slug":"annonce-de-la-delegation-presidentielle-americaine-pour-linvestiture-de-mohamed-ould-cheikh-ghazouani","status":"publish","type":"post","link":"https:\/\/lequotidien.mr\/?p=20036&lang=fr","title":{"rendered":"Annonce de la D\u00e9l\u00e9gation Pr\u00e9sidentielle Am\u00e9ricaine pour l&#8217;Investiture de Mohamed Ould Cheikh Ghazouani"},"content":{"rendered":"<p>Le Pr\u00e9sident Joseph R. Biden, Jr. a annonc\u00e9 aujourd&#8217;hui la d\u00e9signation d&#8217;une d\u00e9l\u00e9gation pr\u00e9sidentielle qui se rendra en R\u00e9publique Islamique de Mauritanie pour assister \u00e0 l&#8217;investiture de Mohamed Ould Cheikh Ghazouani. La c\u00e9r\u00e9monie se d\u00e9roulera le 1er ao\u00fbt 2024 \u00e0 Nouakchott.<\/p>\n<p>Alice Patterson Albright, Directrice G\u00e9n\u00e9rale de la Millennium Challenge Corporation, dirigera cette d\u00e9l\u00e9gation. Elle sera accompagn\u00e9e par plusieurs hauts responsables am\u00e9ricains, t\u00e9moignant de l&#8217;importance accord\u00e9e par les \u00c9tats-Unis \u00e0 cet \u00e9v\u00e9nement et aux relations bilat\u00e9rales avec la Mauritanie.<\/p>\n<p>La d\u00e9l\u00e9gation am\u00e9ricaine comprend aussi\u00a0:<\/p>\n<p>&#8211; \u00a0\u00a0David Reimer, Charg\u00e9 d&#8217;Affaires, Ambassade des \u00c9tats-Unis \u00e0 Nouakchott<\/p>\n<p>&#8211; \u00a0\u00a0Geoffrey R. Pyatt , Secr\u00e9taire adjoint du Bureau des ressources \u00e9nerg\u00e9tiques, D\u00e9partement d&#8217;\u00c9tat des \u00c9tats-Unis<\/p>\n<p>&#8211; \u00a0\u00a0Carol Moseley Braun, Pr\u00e9sidente de la Fondation Am\u00e9ricaine pour le D\u00e9veloppement de l&#8217;Afrique<\/p>\n<p>&#8211; \u00a0\u00a0assistante sp\u00e9ciale du pr\u00e9sident et directrice principale pour l&#8217;\u00e9conomie internationale et le travail, Conseil de la s\u00e9curit\u00e9 nationale, Maison Blanche<\/p>\n<p>Ce geste refl\u00e8te la volont\u00e9 des \u00c9tats-Unis de renforcer leurs relations avec la Mauritanie et de soutenir le d\u00e9veloppement et la stabilit\u00e9 dans la r\u00e9gion.<\/p>\n<p>Pour rappel, en 2019, la d\u00e9l\u00e9gation am\u00e9ricaine \u00e0 l&#8217;investiture de Mohamed Ould Cheikh Ghazouani \u00e9tait conduite par M. John Deaver Alexander III, conseiller principal \u00e0 l&#8217;\u00e9nergie de la compagnie Overseas Private Investment Corporation relevant de la Maison Blanche, accompagn\u00e9 par l&#8217;ambassadeur des \u00c9tats-Unis \u00e0 Nouakchott, Michael Dodman. En revanche, pour l&#8217;investiture de Mohamed Ould Abdel Aziz en 2014, aucune d\u00e9l\u00e9gation am\u00e9ricaine n&#8217;avait \u00e9t\u00e9 d\u00e9p\u00each\u00e9e.<\/p>\n<p>&nbsp;<\/p>\n<p>&nbsp;<\/p>\n","protected":false},"excerpt":{"rendered":"<p>Le Pr\u00e9sident Joseph R. Biden, Jr. a annonc\u00e9 aujourd&#8217;hui la d\u00e9signation d&#8217;une d\u00e9l\u00e9gation pr\u00e9sidentielle qui se rendra en R\u00e9publique Islamique de Mauritanie pour assister \u00e0 l&#8217;investiture de Mohamed Ould Cheikh Ghazouani. La c\u00e9r\u00e9monie se d\u00e9roulera le 1er ao\u00fbt 2024 \u00e0 Nouakchott. Alice Patterson Albright, Directrice G\u00e9n\u00e9rale de la Millennium Challenge Corporation, dirigera cette d\u00e9l\u00e9gation. Elle&#8230;..<\/p>\n","protected":false},"author":4,"featured_media":20037,"comment_status":"open","ping_status":"open","sticky":false,"template":"","format":"standard","meta":{"footnotes":""},"categories":[23,57],"tags":[],"class_list":["post-20036","post","type-post","status-publish","format-standard","has-post-thumbnail","hentry","category-actualite","category-couverture-specilale"],"yoast_head":"<!-- This site is optimized with the Yoast SEO plugin v27.5 - https:\/\/yoast.com\/product\/yoast-seo-wordpress\/ -->\n<title>Annonce de la D\u00e9l\u00e9gation Pr\u00e9sidentielle Am\u00e9ricaine pour l&#039;Investiture de Mohamed Ould Cheikh Ghazouani - Le Quotidien de Nouakchott<\/title>\n<meta name=\"robots\" content=\"index, follow, max-snippet:-1, max-image-preview:large, max-video-preview:-1\" \/>\n<link rel=\"canonical\" href=\"https:\/\/lequotidien.mr\/?p=20036&lang=fr\" \/>\n<meta property=\"og:locale\" content=\"ar_AR\" \/>\n<meta property=\"og:type\" content=\"article\" \/>\n<meta property=\"og:title\" content=\"Annonce de la D\u00e9l\u00e9gation Pr\u00e9sidentielle Am\u00e9ricaine pour l&#039;Investiture de Mohamed Ould Cheikh Ghazouani - Le Quotidien de Nouakchott\" \/>\n<meta property=\"og:description\" content=\"Le Pr\u00e9sident Joseph R. Biden, Jr. a annonc\u00e9 aujourd&#8217;hui la d\u00e9signation d&#8217;une d\u00e9l\u00e9gation pr\u00e9sidentielle qui se rendra en R\u00e9publique Islamique de Mauritanie pour assister \u00e0 l&#8217;investiture de Mohamed Ould Cheikh Ghazouani. La c\u00e9r\u00e9monie se d\u00e9roulera le 1er ao\u00fbt 2024 \u00e0 Nouakchott. Alice Patterson Albright, Directrice G\u00e9n\u00e9rale de la Millennium Challenge Corporation, dirigera cette d\u00e9l\u00e9gation. Elle.....\" \/>\n<meta property=\"og:url\" content=\"https:\/\/lequotidien.mr\/?p=20036&amp;lang=fr\" \/>\n<meta property=\"og:site_name\" content=\"Le Quotidien de Nouakchott\" \/>\n<meta property=\"article:publisher\" content=\"https:\/\/web.facebook.com\/lequotidienmr\" \/>\n<meta property=\"article:published_time\" content=\"2024-07-29T11:45:59+00:00\" \/>\n<meta property=\"article:modified_time\" content=\"2024-11-13T15:54:50+00:00\" \/>\n<meta property=\"og:image\" content=\"https:\/\/lequotidien.mr\/wp-content\/uploads\/2024\/07\/Alice_Albright_MCC_CEO_2_cropped.jpg\" \/>\n\t<meta property=\"og:image:width\" content=\"220\" \/>\n\t<meta property=\"og:image:height\" content=\"200\" \/>\n\t<meta property=\"og:image:type\" content=\"image\/jpeg\" \/>\n<meta name=\"author\" content=\"Le Quotidien\" \/>\n<meta name=\"twitter:card\" content=\"summary_large_image\" \/>\n<meta name=\"twitter:creator\" content=\"@lequotidienmr\" \/>\n<meta name=\"twitter:site\" content=\"@lequotidienmr\" \/>\n<meta name=\"twitter:label1\" content=\"\u0643\u064f\u062a\u0628 \u0628\u0648\u0627\u0633\u0637\u0629\" \/>\n\t<meta name=\"twitter:data1\" content=\"Le Quotidien\" \/>\n\t<meta name=\"twitter:label2\" content=\"\u0648\u0642\u062a \u0627\u0644\u0642\u0631\u0627\u0621\u0629 \u0627\u0644\u0645\u064f\u0642\u062f\u0651\u0631\" \/>\n\t<meta name=\"twitter:data2\" content=\"\u062f\u0642\u064a\u0642\u062a\u0627\u0646\" \/>\n<script type=\"application\/ld+json\" class=\"yoast-schema-graph\">{\"@context\":\"https:\\\/\\\/schema.org\",\"@graph\":[{\"@type\":\"Article\",\"@id\":\"https:\\\/\\\/lequotidien.mr\\\/?p=20036&lang=fr#article\",\"isPartOf\":{\"@id\":\"https:\\\/\\\/lequotidien.mr\\\/?p=20036&lang=fr\"},\"author\":{\"name\":\"Le Quotidien\",\"@id\":\"https:\\\/\\\/lequotidien.mr\\\/#\\\/schema\\\/person\\\/f90fcdaa970c60288de4ed2e64a56472\"},\"headline\":\"Annonce de la D\u00e9l\u00e9gation Pr\u00e9sidentielle Am\u00e9ricaine pour l&#8217;Investiture de Mohamed Ould Cheikh Ghazouani\",\"datePublished\":\"2024-07-29T11:45:59+00:00\",\"dateModified\":\"2024-11-13T15:54:50+00:00\",\"mainEntityOfPage\":{\"@id\":\"https:\\\/\\\/lequotidien.mr\\\/?p=20036&lang=fr\"},\"wordCount\":300,\"commentCount\":0,\"publisher\":{\"@id\":\"https:\\\/\\\/lequotidien.mr\\\/#organization\"},\"image\":{\"@id\":\"https:\\\/\\\/lequotidien.mr\\\/?p=20036&lang=fr#primaryimage\"},\"thumbnailUrl\":\"https:\\\/\\\/lequotidien.mr\\\/wp-content\\\/uploads\\\/2024\\\/07\\\/Alice_Albright_MCC_CEO_2_cropped.jpg\",\"articleSection\":[\"ACTUALIT\u00c9\",\"Couverture sp\u00e9cilale\"],\"inLanguage\":\"ar\",\"potentialAction\":[{\"@type\":\"CommentAction\",\"name\":\"Comment\",\"target\":[\"https:\\\/\\\/lequotidien.mr\\\/?p=20036&lang=fr#respond\"]}]},{\"@type\":\"WebPage\",\"@id\":\"https:\\\/\\\/lequotidien.mr\\\/?p=20036&lang=fr\",\"url\":\"https:\\\/\\\/lequotidien.mr\\\/?p=20036&lang=fr\",\"name\":\"Annonce de la D\u00e9l\u00e9gation Pr\u00e9sidentielle Am\u00e9ricaine pour l'Investiture de Mohamed Ould Cheikh Ghazouani - Le Quotidien de Nouakchott\",\"isPartOf\":{\"@id\":\"https:\\\/\\\/lequotidien.mr\\\/#website\"},\"primaryImageOfPage\":{\"@id\":\"https:\\\/\\\/lequotidien.mr\\\/?p=20036&lang=fr#primaryimage\"},\"image\":{\"@id\":\"https:\\\/\\\/lequotidien.mr\\\/?p=20036&lang=fr#primaryimage\"},\"thumbnailUrl\":\"https:\\\/\\\/lequotidien.mr\\\/wp-content\\\/uploads\\\/2024\\\/07\\\/Alice_Albright_MCC_CEO_2_cropped.jpg\",\"datePublished\":\"2024-07-29T11:45:59+00:00\",\"dateModified\":\"2024-11-13T15:54:50+00:00\",\"breadcrumb\":{\"@id\":\"https:\\\/\\\/lequotidien.mr\\\/?p=20036&lang=fr#breadcrumb\"},\"inLanguage\":\"ar\",\"potentialAction\":[{\"@type\":\"ReadAction\",\"target\":[\"https:\\\/\\\/lequotidien.mr\\\/?p=20036&lang=fr\"]}]},{\"@type\":\"ImageObject\",\"inLanguage\":\"ar\",\"@id\":\"https:\\\/\\\/lequotidien.mr\\\/?p=20036&lang=fr#primaryimage\",\"url\":\"https:\\\/\\\/lequotidien.mr\\\/wp-content\\\/uploads\\\/2024\\\/07\\\/Alice_Albright_MCC_CEO_2_cropped.jpg\",\"contentUrl\":\"https:\\\/\\\/lequotidien.mr\\\/wp-content\\\/uploads\\\/2024\\\/07\\\/Alice_Albright_MCC_CEO_2_cropped.jpg\",\"width\":220,\"height\":200},{\"@type\":\"BreadcrumbList\",\"@id\":\"https:\\\/\\\/lequotidien.mr\\\/?p=20036&lang=fr#breadcrumb\",\"itemListElement\":[{\"@type\":\"ListItem\",\"position\":1,\"name\":\"Home\",\"item\":\"https:\\\/\\\/lequotidien.mr\\\/\"},{\"@type\":\"ListItem\",\"position\":2,\"name\":\"Annonce de la D\u00e9l\u00e9gation Pr\u00e9sidentielle Am\u00e9ricaine pour l&#8217;Investiture de Mohamed Ould Cheikh Ghazouani\"}]},{\"@type\":\"WebSite\",\"@id\":\"https:\\\/\\\/lequotidien.mr\\\/#website\",\"url\":\"https:\\\/\\\/lequotidien.mr\\\/\",\"name\":\"Le Quotidien de Nouakchott\",\"description\":\"\u0625\u062e\u0628\u0627\u0631\u064a\u0629 \u0645\u0633\u062a\u0642\u0644\u0629 \u0644\u0644\u0623\u0646\u0628\u0627\u0621 \u0627\u0644\u0639\u0627\u0645\u0629\",\"publisher\":{\"@id\":\"https:\\\/\\\/lequotidien.mr\\\/#organization\"},\"potentialAction\":[{\"@type\":\"SearchAction\",\"target\":{\"@type\":\"EntryPoint\",\"urlTemplate\":\"https:\\\/\\\/lequotidien.mr\\\/?s={search_term_string}\"},\"query-input\":{\"@type\":\"PropertyValueSpecification\",\"valueRequired\":true,\"valueName\":\"search_term_string\"}}],\"inLanguage\":\"ar\"},{\"@type\":\"Organization\",\"@id\":\"https:\\\/\\\/lequotidien.mr\\\/#organization\",\"name\":\"Le Quotidien de Nouakchott\",\"url\":\"https:\\\/\\\/lequotidien.mr\\\/\",\"logo\":{\"@type\":\"ImageObject\",\"inLanguage\":\"ar\",\"@id\":\"https:\\\/\\\/lequotidien.mr\\\/#\\\/schema\\\/logo\\\/image\\\/\",\"url\":\"https:\\\/\\\/lequotidien.mr\\\/wp-content\\\/uploads\\\/2022\\\/11\\\/logolequotidien.jpg\",\"contentUrl\":\"https:\\\/\\\/lequotidien.mr\\\/wp-content\\\/uploads\\\/2022\\\/11\\\/logolequotidien.jpg\",\"width\":290,\"height\":65,\"caption\":\"Le Quotidien de Nouakchott\"},\"image\":{\"@id\":\"https:\\\/\\\/lequotidien.mr\\\/#\\\/schema\\\/logo\\\/image\\\/\"},\"sameAs\":[\"https:\\\/\\\/web.facebook.com\\\/lequotidienmr\",\"https:\\\/\\\/x.com\\\/lequotidienmr\"]},{\"@type\":\"Person\",\"@id\":\"https:\\\/\\\/lequotidien.mr\\\/#\\\/schema\\\/person\\\/f90fcdaa970c60288de4ed2e64a56472\",\"name\":\"Le Quotidien\",\"image\":{\"@type\":\"ImageObject\",\"inLanguage\":\"ar\",\"@id\":\"https:\\\/\\\/secure.gravatar.com\\\/avatar\\\/374cb39a1a458a912465a93e5a3ce6546886fc3da809a1f10c63e4e8fcbca30f?s=96&d=mm&r=g\",\"url\":\"https:\\\/\\\/secure.gravatar.com\\\/avatar\\\/374cb39a1a458a912465a93e5a3ce6546886fc3da809a1f10c63e4e8fcbca30f?s=96&d=mm&r=g\",\"contentUrl\":\"https:\\\/\\\/secure.gravatar.com\\\/avatar\\\/374cb39a1a458a912465a93e5a3ce6546886fc3da809a1f10c63e4e8fcbca30f?s=96&d=mm&r=g\",\"caption\":\"Le Quotidien\"},\"sameAs\":[\"https:\\\/\\\/lequotidien.mr\\\/\"],\"url\":\"https:\\\/\\\/lequotidien.mr\\\/?author=4\"}]}<\/script>\n<!-- \/ Yoast SEO plugin. -->","yoast_head_json":{"title":"Annonce de la D\u00e9l\u00e9gation Pr\u00e9sidentielle Am\u00e9ricaine pour l'Investiture de Mohamed Ould Cheikh Ghazouani - Le Quotidien de Nouakchott","robots":{"index":"index","follow":"follow","max-snippet":"max-snippet:-1","max-image-preview":"max-image-preview:large","max-video-preview":"max-video-preview:-1"},"canonical":"https:\/\/lequotidien.mr\/?p=20036&lang=fr","og_locale":"ar_AR","og_type":"article","og_title":"Annonce de la D\u00e9l\u00e9gation Pr\u00e9sidentielle Am\u00e9ricaine pour l'Investiture de Mohamed Ould Cheikh Ghazouani - Le Quotidien de Nouakchott","og_description":"Le Pr\u00e9sident Joseph R. Biden, Jr. a annonc\u00e9 aujourd&#8217;hui la d\u00e9signation d&#8217;une d\u00e9l\u00e9gation pr\u00e9sidentielle qui se rendra en R\u00e9publique Islamique de Mauritanie pour assister \u00e0 l&#8217;investiture de Mohamed Ould Cheikh Ghazouani. La c\u00e9r\u00e9monie se d\u00e9roulera le 1er ao\u00fbt 2024 \u00e0 Nouakchott. Alice Patterson Albright, Directrice G\u00e9n\u00e9rale de la Millennium Challenge Corporation, dirigera cette d\u00e9l\u00e9gation. Elle.....","og_url":"https:\/\/lequotidien.mr\/?p=20036&lang=fr","og_site_name":"Le Quotidien de Nouakchott","article_publisher":"https:\/\/web.facebook.com\/lequotidienmr","article_published_time":"2024-07-29T11:45:59+00:00","article_modified_time":"2024-11-13T15:54:50+00:00","og_image":[{"width":220,"height":200,"url":"https:\/\/lequotidien.mr\/wp-content\/uploads\/2024\/07\/Alice_Albright_MCC_CEO_2_cropped.jpg","type":"image\/jpeg"}],"author":"Le Quotidien","twitter_card":"summary_large_image","twitter_creator":"@lequotidienmr","twitter_site":"@lequotidienmr","twitter_misc":{"\u0643\u064f\u062a\u0628 \u0628\u0648\u0627\u0633\u0637\u0629":"Le Quotidien","\u0648\u0642\u062a \u0627\u0644\u0642\u0631\u0627\u0621\u0629 \u0627\u0644\u0645\u064f\u0642\u062f\u0651\u0631":"\u062f\u0642\u064a\u0642\u062a\u0627\u0646"},"schema":{"@context":"https:\/\/schema.org","@graph":[{"@type":"Article","@id":"https:\/\/lequotidien.mr\/?p=20036&lang=fr#article","isPartOf":{"@id":"https:\/\/lequotidien.mr\/?p=20036&lang=fr"},"author":{"name":"Le Quotidien","@id":"https:\/\/lequotidien.mr\/#\/schema\/person\/f90fcdaa970c60288de4ed2e64a56472"},"headline":"Annonce de la D\u00e9l\u00e9gation Pr\u00e9sidentielle Am\u00e9ricaine pour l&#8217;Investiture de Mohamed Ould Cheikh Ghazouani","datePublished":"2024-07-29T11:45:59+00:00","dateModified":"2024-11-13T15:54:50+00:00","mainEntityOfPage":{"@id":"https:\/\/lequotidien.mr\/?p=20036&lang=fr"},"wordCount":300,"commentCount":0,"publisher":{"@id":"https:\/\/lequotidien.mr\/#organization"},"image":{"@id":"https:\/\/lequotidien.mr\/?p=20036&lang=fr#primaryimage"},"thumbnailUrl":"https:\/\/lequotidien.mr\/wp-content\/uploads\/2024\/07\/Alice_Albright_MCC_CEO_2_cropped.jpg","articleSection":["ACTUALIT\u00c9","Couverture sp\u00e9cilale"],"inLanguage":"ar","potentialAction":[{"@type":"CommentAction","name":"Comment","target":["https:\/\/lequotidien.mr\/?p=20036&lang=fr#respond"]}]},{"@type":"WebPage","@id":"https:\/\/lequotidien.mr\/?p=20036&lang=fr","url":"https:\/\/lequotidien.mr\/?p=20036&lang=fr","name":"Annonce de la D\u00e9l\u00e9gation Pr\u00e9sidentielle Am\u00e9ricaine pour l'Investiture de Mohamed Ould Cheikh Ghazouani - Le Quotidien de Nouakchott","isPartOf":{"@id":"https:\/\/lequotidien.mr\/#website"},"primaryImageOfPage":{"@id":"https:\/\/lequotidien.mr\/?p=20036&lang=fr#primaryimage"},"image":{"@id":"https:\/\/lequotidien.mr\/?p=20036&lang=fr#primaryimage"},"thumbnailUrl":"https:\/\/lequotidien.mr\/wp-content\/uploads\/2024\/07\/Alice_Albright_MCC_CEO_2_cropped.jpg","datePublished":"2024-07-29T11:45:59+00:00","dateModified":"2024-11-13T15:54:50+00:00","breadcrumb":{"@id":"https:\/\/lequotidien.mr\/?p=20036&lang=fr#breadcrumb"},"inLanguage":"ar","potentialAction":[{"@type":"ReadAction","target":["https:\/\/lequotidien.mr\/?p=20036&lang=fr"]}]},{"@type":"ImageObject","inLanguage":"ar","@id":"https:\/\/lequotidien.mr\/?p=20036&lang=fr#primaryimage","url":"https:\/\/lequotidien.mr\/wp-content\/uploads\/2024\/07\/Alice_Albright_MCC_CEO_2_cropped.jpg","contentUrl":"https:\/\/lequotidien.mr\/wp-content\/uploads\/2024\/07\/Alice_Albright_MCC_CEO_2_cropped.jpg","width":220,"height":200},{"@type":"BreadcrumbList","@id":"https:\/\/lequotidien.mr\/?p=20036&lang=fr#breadcrumb","itemListElement":[{"@type":"ListItem","position":1,"name":"Home","item":"https:\/\/lequotidien.mr\/"},{"@type":"ListItem","position":2,"name":"Annonce de la D\u00e9l\u00e9gation Pr\u00e9sidentielle Am\u00e9ricaine pour l&#8217;Investiture de Mohamed Ould Cheikh Ghazouani"}]},{"@type":"WebSite","@id":"https:\/\/lequotidien.mr\/#website","url":"https:\/\/lequotidien.mr\/","name":"Le Quotidien de Nouakchott","description":"\u0625\u062e\u0628\u0627\u0631\u064a\u0629 \u0645\u0633\u062a\u0642\u0644\u0629 \u0644\u0644\u0623\u0646\u0628\u0627\u0621 \u0627\u0644\u0639\u0627\u0645\u0629","publisher":{"@id":"https:\/\/lequotidien.mr\/#organization"},"potentialAction":[{"@type":"SearchAction","target":{"@type":"EntryPoint","urlTemplate":"https:\/\/lequotidien.mr\/?s={search_term_string}"},"query-input":{"@type":"PropertyValueSpecification","valueRequired":true,"valueName":"search_term_string"}}],"inLanguage":"ar"},{"@type":"Organization","@id":"https:\/\/lequotidien.mr\/#organization","name":"Le Quotidien de Nouakchott","url":"https:\/\/lequotidien.mr\/","logo":{"@type":"ImageObject","inLanguage":"ar","@id":"https:\/\/lequotidien.mr\/#\/schema\/logo\/image\/","url":"https:\/\/lequotidien.mr\/wp-content\/uploads\/2022\/11\/logolequotidien.jpg","contentUrl":"https:\/\/lequotidien.mr\/wp-content\/uploads\/2022\/11\/logolequotidien.jpg","width":290,"height":65,"caption":"Le Quotidien de Nouakchott"},"image":{"@id":"https:\/\/lequotidien.mr\/#\/schema\/logo\/image\/"},"sameAs":["https:\/\/web.facebook.com\/lequotidienmr","https:\/\/x.com\/lequotidienmr"]},{"@type":"Person","@id":"https:\/\/lequotidien.mr\/#\/schema\/person\/f90fcdaa970c60288de4ed2e64a56472","name":"Le Quotidien","image":{"@type":"ImageObject","inLanguage":"ar","@id":"https:\/\/secure.gravatar.com\/avatar\/374cb39a1a458a912465a93e5a3ce6546886fc3da809a1f10c63e4e8fcbca30f?s=96&d=mm&r=g","url":"https:\/\/secure.gravatar.com\/avatar\/374cb39a1a458a912465a93e5a3ce6546886fc3da809a1f10c63e4e8fcbca30f?s=96&d=mm&r=g","contentUrl":"https:\/\/secure.gravatar.com\/avatar\/374cb39a1a458a912465a93e5a3ce6546886fc3da809a1f10c63e4e8fcbca30f?s=96&d=mm&r=g","caption":"Le Quotidien"},"sameAs":["https:\/\/lequotidien.mr\/"],"url":"https:\/\/lequotidien.mr\/?author=4"}]}},"_links":{"self":[{"href":"https:\/\/lequotidien.mr\/index.php?rest_route=\/wp\/v2\/posts\/20036","targetHints":{"allow":["GET"]}}],"collection":[{"href":"https:\/\/lequotidien.mr\/index.php?rest_route=\/wp\/v2\/posts"}],"about":[{"href":"https:\/\/lequotidien.mr\/index.php?rest_route=\/wp\/v2\/types\/post"}],"author":[{"embeddable":true,"href":"https:\/\/lequotidien.mr\/index.php?rest_route=\/wp\/v2\/users\/4"}],"replies":[{"embeddable":true,"href":"https:\/\/lequotidien.mr\/index.php?rest_route=%2Fwp%2Fv2%2Fcomments&post=20036"}],"version-history":[{"count":1,"href":"https:\/\/lequotidien.mr\/index.php?rest_route=\/wp\/v2\/posts\/20036\/revisions"}],"predecessor-version":[{"id":20038,"href":"https:\/\/lequotidien.mr\/index.php?rest_route=\/wp\/v2\/posts\/20036\/revisions\/20038"}],"wp:featuredmedia":[{"embeddable":true,"href":"https:\/\/lequotidien.mr\/index.php?rest_route=\/wp\/v2\/media\/20037"}],"wp:attachment":[{"href":"https:\/\/lequotidien.mr\/index.php?rest_route=%2Fwp%2Fv2%2Fmedia&parent=20036"}],"wp:term":[{"taxonomy":"category","embeddable":true,"href":"https:\/\/lequotidien.mr\/index.php?rest_route=%2Fwp%2Fv2%2Fcategories&post=20036"},{"taxonomy":"post_tag","embeddable":true,"href":"https:\/\/lequotidien.mr\/index.php?rest_route=%2Fwp%2Fv2%2Ftags&post=20036"}],"curies":[{"name":"wp","href":"https:\/\/api.w.org\/{rel}","templated":true}]}}