{"id":20024,"date":"2024-07-28T13:14:29","date_gmt":"2024-07-28T13:14:29","guid":{"rendered":"https:\/\/lequotidien.mr\/?p=20024"},"modified":"2024-07-28T13:14:29","modified_gmt":"2024-07-28T13:14:29","slug":"paris-palais-de-lelysee-en-marges-des-jeux-olympiques-de-paris-2024-le-president-el-ghazouani-participe-a-des-rencontres-diplomatiques-avec-des-figures-de-premier-plan-sur-la-scene-interna","status":"publish","type":"post","link":"https:\/\/lequotidien.mr\/?p=20024&lang=fr","title":{"rendered":"Paris\/Palais de l\u2019Elys\u00e9e : En marges des Jeux Olympiques de Paris 2024, le pr\u00e9sident El Ghazouani participe \u00e0 des rencontres diplomatiques avec des figures de premier plan sur la sc\u00e8ne internationale"},"content":{"rendered":"<p>En ce vendredi 26 juillet, le Palais de l\u2019\u00c9lys\u00e9e \u00e0 Paris a \u00e9t\u00e9 le th\u00e9\u00e2tre de rencontres diplomatiques de haute importance, alors que Son Excellence M. Mohamed Cheikh El Ghazouani, Pr\u00e9sident de la R\u00e9publique islamique de Mauritanie et Pr\u00e9sident en exercice de l\u2019Union africaine (UA), a pris part \u00e0 une s\u00e9rie de discussions avec des figures de premier plan sur la sc\u00e8ne internationale. Ce moment notable s\u2019inscrit dans le cadre des Jeux Olympiques d&#8217;\u00e9t\u00e9 de Paris 2024, une occasion de convergence des leaders mondiaux au c\u0153ur des c\u00e9l\u00e9brations sportives.<\/p>\n<p>En effet, El Ghazouani, en visite \u00e0 Paris depuis deux jours, a eu l&#8217;opportunit\u00e9 de rencontrer plusieurs chefs d&#8217;\u00c9tat et dirigeants d\u2019organisations internationales participant \u00e0 cet \u00e9v\u00e9nement mondial de premier plan. Ces r\u00e9unions ont eu lieu en marge des comp\u00e9titions, mettant en lumi\u00e8re non seulement l&#8217;importance des Jeux Olympiques comme plateforme de c\u00e9l\u00e9bration du sport, mais aussi leur r\u00f4le comme lieu d\u2019\u00e9change et de dialogue entre les nations.<\/p>\n<p>Parmi les figures rencontr\u00e9es figurait le Pr\u00e9sident s\u00e9n\u00e9galais, M. Bassirou Djomaye Faye. Cette rencontre a renforc\u00e9 les liens entre les deux nations africaines et a permis de discuter des enjeux r\u00e9gionaux et continentaux importants pour l&#8217;Afrique. Le S\u00e9n\u00e9gal et la Mauritanie, partageant des int\u00e9r\u00eats communs, ont eu l&#8217;occasion d&#8217;approfondir leur coop\u00e9ration dans divers domaines.<\/p>\n<p>Le g\u00e9n\u00e9ral Brice Oluigui Nguema, Pr\u00e9sident de la transition de la R\u00e9publique gabonaise, a \u00e9galement \u00e9t\u00e9 accueilli. Les discussions avec le g\u00e9n\u00e9ral Nguema ont permis d&#8217;aborder les d\u00e9veloppements politiques r\u00e9cents au Gabon et d&#8217;explorer les perspectives de soutien et de coop\u00e9ration de l\u2019Union africaine pour le processus de transition en cours dans le pays.<\/p>\n<p>Le secr\u00e9taire g\u00e9n\u00e9ral des Nations unies, Ant\u00f3nio Guterres, a eu l&#8217;occasion d&#8217;\u00e9changer avec le pr\u00e9sident El Ghazouani sur des questions mondiales majeures telles que le d\u00e9veloppement durable, les d\u00e9fis humanitaires et les crises internationales. Leur dialogue a mis en lumi\u00e8re les efforts conjoints n\u00e9cessaires pour faire face aux d\u00e9fis globaux.<\/p>\n<p>Enfin, le pr\u00e9sident du Conseil europ\u00e9en, Charles Michel, a \u00e9galement rencontr\u00e9 le Pr\u00e9sident mauritanien. Leur conversation a permis de discuter des relations entre l\u2019Union europ\u00e9enne et l\u2019Union africaine, en mettant l&#8217;accent sur les collaborations possibles pour promouvoir la stabilit\u00e9, la prosp\u00e9rit\u00e9 et la s\u00e9curit\u00e9 en Afrique et au-del\u00e0.<\/p>\n<p>Les Jeux Olympiques, en tant que rassemblement mondial majeur, offrent une plateforme unique pour les leaders internationaux de se rencontrer, de discuter et de collaborer sur des questions cruciales. La pr\u00e9sence du pr\u00e9sident en exercice de l\u2019UA, Mohamed Cheikh El Ghazouani \u00e0 Paris illustre l&#8217;engagement continu de la Mauritanie et de l&#8217;Union africaine \u00e0 jouer un r\u00f4le actif sur la sc\u00e8ne mondiale et \u00e0 contribuer \u00e0 la paix et au d\u00e9veloppement \u00e0 travers des dialogues constructifs et des partenariats strat\u00e9giques.<\/p>\n","protected":false},"excerpt":{"rendered":"<p>En ce vendredi 26 juillet, le Palais de l\u2019\u00c9lys\u00e9e \u00e0 Paris a \u00e9t\u00e9 le th\u00e9\u00e2tre de rencontres diplomatiques de haute importance, alors que Son Excellence M. Mohamed Cheikh El Ghazouani, Pr\u00e9sident de la R\u00e9publique islamique de Mauritanie et Pr\u00e9sident en exercice de l\u2019Union africaine (UA), a pris part \u00e0 une s\u00e9rie de discussions avec des&#8230;..<\/p>\n","protected":false},"author":12,"featured_media":20025,"comment_status":"open","ping_status":"open","sticky":false,"template":"","format":"standard","meta":{"footnotes":""},"categories":[23,49],"tags":[],"class_list":["post-20024","post","type-post","status-publish","format-standard","has-post-thumbnail","hentry","category-actualite","category-economie"],"yoast_head":"<!-- This site is optimized with the Yoast SEO plugin v27.5 - https:\/\/yoast.com\/product\/yoast-seo-wordpress\/ -->\n<title>Paris\/Palais de l\u2019Elys\u00e9e : En marges des Jeux Olympiques de Paris 2024, le pr\u00e9sident El Ghazouani participe \u00e0 des rencontres diplomatiques avec des figures de premier plan sur la sc\u00e8ne internationale - Le Quotidien de Nouakchott<\/title>\n<meta name=\"robots\" content=\"index, follow, max-snippet:-1, max-image-preview:large, max-video-preview:-1\" \/>\n<link rel=\"canonical\" href=\"https:\/\/lequotidien.mr\/?p=20024&lang=fr\" \/>\n<meta property=\"og:locale\" content=\"ar_AR\" \/>\n<meta property=\"og:type\" content=\"article\" \/>\n<meta property=\"og:title\" content=\"Paris\/Palais de l\u2019Elys\u00e9e : En marges des Jeux Olympiques de Paris 2024, le pr\u00e9sident El Ghazouani participe \u00e0 des rencontres diplomatiques avec des figures de premier plan sur la sc\u00e8ne internationale - Le Quotidien de Nouakchott\" \/>\n<meta property=\"og:description\" content=\"En ce vendredi 26 juillet, le Palais de l\u2019\u00c9lys\u00e9e \u00e0 Paris a \u00e9t\u00e9 le th\u00e9\u00e2tre de rencontres diplomatiques de haute importance, alors que Son Excellence M. Mohamed Cheikh El Ghazouani, Pr\u00e9sident de la R\u00e9publique islamique de Mauritanie et Pr\u00e9sident en exercice de l\u2019Union africaine (UA), a pris part \u00e0 une s\u00e9rie de discussions avec des.....\" \/>\n<meta property=\"og:url\" content=\"https:\/\/lequotidien.mr\/?p=20024&amp;lang=fr\" \/>\n<meta property=\"og:site_name\" content=\"Le Quotidien de Nouakchott\" \/>\n<meta property=\"article:publisher\" content=\"https:\/\/web.facebook.com\/lequotidienmr\" \/>\n<meta property=\"article:published_time\" content=\"2024-07-28T13:14:29+00:00\" \/>\n<meta property=\"og:image\" content=\"https:\/\/lequotidien.mr\/wp-content\/uploads\/2024\/07\/photo-El-Ghazouani-JO-Paris.png\" \/>\n\t<meta property=\"og:image:width\" content=\"279\" \/>\n\t<meta property=\"og:image:height\" content=\"235\" \/>\n\t<meta property=\"og:image:type\" content=\"image\/png\" \/>\n<meta name=\"author\" content=\"Med Ahmed\" \/>\n<meta name=\"twitter:card\" content=\"summary_large_image\" \/>\n<meta name=\"twitter:creator\" content=\"@lequotidienmr\" \/>\n<meta name=\"twitter:site\" content=\"@lequotidienmr\" \/>\n<meta name=\"twitter:label1\" content=\"\u0643\u064f\u062a\u0628 \u0628\u0648\u0627\u0633\u0637\u0629\" \/>\n\t<meta name=\"twitter:data1\" content=\"Med Ahmed\" \/>\n\t<meta name=\"twitter:label2\" content=\"\u0648\u0642\u062a \u0627\u0644\u0642\u0631\u0627\u0621\u0629 \u0627\u0644\u0645\u064f\u0642\u062f\u0651\u0631\" \/>\n\t<meta name=\"twitter:data2\" content=\"3 \u062f\u0642\u0627\u0626\u0642\" \/>\n<script type=\"application\/ld+json\" class=\"yoast-schema-graph\">{\"@context\":\"https:\\\/\\\/schema.org\",\"@graph\":[{\"@type\":\"Article\",\"@id\":\"https:\\\/\\\/lequotidien.mr\\\/?p=20024&lang=fr#article\",\"isPartOf\":{\"@id\":\"https:\\\/\\\/lequotidien.mr\\\/?p=20024&lang=fr\"},\"author\":{\"name\":\"Med Ahmed\",\"@id\":\"https:\\\/\\\/lequotidien.mr\\\/#\\\/schema\\\/person\\\/d2d350202a4d599685ed8abc25f97596\"},\"headline\":\"Paris\\\/Palais de l\u2019Elys\u00e9e : En marges des Jeux Olympiques de Paris 2024, le pr\u00e9sident El Ghazouani participe \u00e0 des rencontres diplomatiques avec des figures de premier plan sur la sc\u00e8ne internationale\",\"datePublished\":\"2024-07-28T13:14:29+00:00\",\"mainEntityOfPage\":{\"@id\":\"https:\\\/\\\/lequotidien.mr\\\/?p=20024&lang=fr\"},\"wordCount\":546,\"commentCount\":0,\"publisher\":{\"@id\":\"https:\\\/\\\/lequotidien.mr\\\/#organization\"},\"image\":{\"@id\":\"https:\\\/\\\/lequotidien.mr\\\/?p=20024&lang=fr#primaryimage\"},\"thumbnailUrl\":\"https:\\\/\\\/lequotidien.mr\\\/wp-content\\\/uploads\\\/2024\\\/07\\\/photo-El-Ghazouani-JO-Paris.png\",\"articleSection\":[\"ACTUALIT\u00c9\",\"Economie\"],\"inLanguage\":\"ar\",\"potentialAction\":[{\"@type\":\"CommentAction\",\"name\":\"Comment\",\"target\":[\"https:\\\/\\\/lequotidien.mr\\\/?p=20024&lang=fr#respond\"]}]},{\"@type\":\"WebPage\",\"@id\":\"https:\\\/\\\/lequotidien.mr\\\/?p=20024&lang=fr\",\"url\":\"https:\\\/\\\/lequotidien.mr\\\/?p=20024&lang=fr\",\"name\":\"Paris\\\/Palais de l\u2019Elys\u00e9e : En marges des Jeux Olympiques de Paris 2024, le pr\u00e9sident El Ghazouani participe \u00e0 des rencontres diplomatiques avec des figures de premier plan sur la sc\u00e8ne internationale - Le Quotidien de Nouakchott\",\"isPartOf\":{\"@id\":\"https:\\\/\\\/lequotidien.mr\\\/#website\"},\"primaryImageOfPage\":{\"@id\":\"https:\\\/\\\/lequotidien.mr\\\/?p=20024&lang=fr#primaryimage\"},\"image\":{\"@id\":\"https:\\\/\\\/lequotidien.mr\\\/?p=20024&lang=fr#primaryimage\"},\"thumbnailUrl\":\"https:\\\/\\\/lequotidien.mr\\\/wp-content\\\/uploads\\\/2024\\\/07\\\/photo-El-Ghazouani-JO-Paris.png\",\"datePublished\":\"2024-07-28T13:14:29+00:00\",\"breadcrumb\":{\"@id\":\"https:\\\/\\\/lequotidien.mr\\\/?p=20024&lang=fr#breadcrumb\"},\"inLanguage\":\"ar\",\"potentialAction\":[{\"@type\":\"ReadAction\",\"target\":[\"https:\\\/\\\/lequotidien.mr\\\/?p=20024&lang=fr\"]}]},{\"@type\":\"ImageObject\",\"inLanguage\":\"ar\",\"@id\":\"https:\\\/\\\/lequotidien.mr\\\/?p=20024&lang=fr#primaryimage\",\"url\":\"https:\\\/\\\/lequotidien.mr\\\/wp-content\\\/uploads\\\/2024\\\/07\\\/photo-El-Ghazouani-JO-Paris.png\",\"contentUrl\":\"https:\\\/\\\/lequotidien.mr\\\/wp-content\\\/uploads\\\/2024\\\/07\\\/photo-El-Ghazouani-JO-Paris.png\",\"width\":279,\"height\":235},{\"@type\":\"BreadcrumbList\",\"@id\":\"https:\\\/\\\/lequotidien.mr\\\/?p=20024&lang=fr#breadcrumb\",\"itemListElement\":[{\"@type\":\"ListItem\",\"position\":1,\"name\":\"Home\",\"item\":\"https:\\\/\\\/lequotidien.mr\\\/\"},{\"@type\":\"ListItem\",\"position\":2,\"name\":\"Paris\\\/Palais de l\u2019Elys\u00e9e : En marges des Jeux Olympiques de Paris 2024, le pr\u00e9sident El Ghazouani participe \u00e0 des rencontres diplomatiques avec des figures de premier plan sur la sc\u00e8ne internationale\"}]},{\"@type\":\"WebSite\",\"@id\":\"https:\\\/\\\/lequotidien.mr\\\/#website\",\"url\":\"https:\\\/\\\/lequotidien.mr\\\/\",\"name\":\"Le Quotidien de Nouakchott\",\"description\":\"\u0625\u062e\u0628\u0627\u0631\u064a\u0629 \u0645\u0633\u062a\u0642\u0644\u0629 \u0644\u0644\u0623\u0646\u0628\u0627\u0621 \u0627\u0644\u0639\u0627\u0645\u0629\",\"publisher\":{\"@id\":\"https:\\\/\\\/lequotidien.mr\\\/#organization\"},\"potentialAction\":[{\"@type\":\"SearchAction\",\"target\":{\"@type\":\"EntryPoint\",\"urlTemplate\":\"https:\\\/\\\/lequotidien.mr\\\/?s={search_term_string}\"},\"query-input\":{\"@type\":\"PropertyValueSpecification\",\"valueRequired\":true,\"valueName\":\"search_term_string\"}}],\"inLanguage\":\"ar\"},{\"@type\":\"Organization\",\"@id\":\"https:\\\/\\\/lequotidien.mr\\\/#organization\",\"name\":\"Le Quotidien de Nouakchott\",\"url\":\"https:\\\/\\\/lequotidien.mr\\\/\",\"logo\":{\"@type\":\"ImageObject\",\"inLanguage\":\"ar\",\"@id\":\"https:\\\/\\\/lequotidien.mr\\\/#\\\/schema\\\/logo\\\/image\\\/\",\"url\":\"https:\\\/\\\/lequotidien.mr\\\/wp-content\\\/uploads\\\/2022\\\/11\\\/logolequotidien.jpg\",\"contentUrl\":\"https:\\\/\\\/lequotidien.mr\\\/wp-content\\\/uploads\\\/2022\\\/11\\\/logolequotidien.jpg\",\"width\":290,\"height\":65,\"caption\":\"Le Quotidien de Nouakchott\"},\"image\":{\"@id\":\"https:\\\/\\\/lequotidien.mr\\\/#\\\/schema\\\/logo\\\/image\\\/\"},\"sameAs\":[\"https:\\\/\\\/web.facebook.com\\\/lequotidienmr\",\"https:\\\/\\\/x.com\\\/lequotidienmr\"]},{\"@type\":\"Person\",\"@id\":\"https:\\\/\\\/lequotidien.mr\\\/#\\\/schema\\\/person\\\/d2d350202a4d599685ed8abc25f97596\",\"name\":\"Med Ahmed\",\"image\":{\"@type\":\"ImageObject\",\"inLanguage\":\"ar\",\"@id\":\"https:\\\/\\\/secure.gravatar.com\\\/avatar\\\/fd2acc62ed50732923d1d39c17172c9b04149f142be92310ecc69e1358f94b52?s=96&d=mm&r=g\",\"url\":\"https:\\\/\\\/secure.gravatar.com\\\/avatar\\\/fd2acc62ed50732923d1d39c17172c9b04149f142be92310ecc69e1358f94b52?s=96&d=mm&r=g\",\"contentUrl\":\"https:\\\/\\\/secure.gravatar.com\\\/avatar\\\/fd2acc62ed50732923d1d39c17172c9b04149f142be92310ecc69e1358f94b52?s=96&d=mm&r=g\",\"caption\":\"Med Ahmed\"},\"url\":\"https:\\\/\\\/lequotidien.mr\\\/?author=12\"}]}<\/script>\n<!-- \/ Yoast SEO plugin. -->","yoast_head_json":{"title":"Paris\/Palais de l\u2019Elys\u00e9e : En marges des Jeux Olympiques de Paris 2024, le pr\u00e9sident El Ghazouani participe \u00e0 des rencontres diplomatiques avec des figures de premier plan sur la sc\u00e8ne internationale - Le Quotidien de Nouakchott","robots":{"index":"index","follow":"follow","max-snippet":"max-snippet:-1","max-image-preview":"max-image-preview:large","max-video-preview":"max-video-preview:-1"},"canonical":"https:\/\/lequotidien.mr\/?p=20024&lang=fr","og_locale":"ar_AR","og_type":"article","og_title":"Paris\/Palais de l\u2019Elys\u00e9e : En marges des Jeux Olympiques de Paris 2024, le pr\u00e9sident El Ghazouani participe \u00e0 des rencontres diplomatiques avec des figures de premier plan sur la sc\u00e8ne internationale - Le Quotidien de Nouakchott","og_description":"En ce vendredi 26 juillet, le Palais de l\u2019\u00c9lys\u00e9e \u00e0 Paris a \u00e9t\u00e9 le th\u00e9\u00e2tre de rencontres diplomatiques de haute importance, alors que Son Excellence M. Mohamed Cheikh El Ghazouani, Pr\u00e9sident de la R\u00e9publique islamique de Mauritanie et Pr\u00e9sident en exercice de l\u2019Union africaine (UA), a pris part \u00e0 une s\u00e9rie de discussions avec des.....","og_url":"https:\/\/lequotidien.mr\/?p=20024&lang=fr","og_site_name":"Le Quotidien de Nouakchott","article_publisher":"https:\/\/web.facebook.com\/lequotidienmr","article_published_time":"2024-07-28T13:14:29+00:00","og_image":[{"width":279,"height":235,"url":"https:\/\/lequotidien.mr\/wp-content\/uploads\/2024\/07\/photo-El-Ghazouani-JO-Paris.png","type":"image\/png"}],"author":"Med Ahmed","twitter_card":"summary_large_image","twitter_creator":"@lequotidienmr","twitter_site":"@lequotidienmr","twitter_misc":{"\u0643\u064f\u062a\u0628 \u0628\u0648\u0627\u0633\u0637\u0629":"Med Ahmed","\u0648\u0642\u062a \u0627\u0644\u0642\u0631\u0627\u0621\u0629 \u0627\u0644\u0645\u064f\u0642\u062f\u0651\u0631":"3 \u062f\u0642\u0627\u0626\u0642"},"schema":{"@context":"https:\/\/schema.org","@graph":[{"@type":"Article","@id":"https:\/\/lequotidien.mr\/?p=20024&lang=fr#article","isPartOf":{"@id":"https:\/\/lequotidien.mr\/?p=20024&lang=fr"},"author":{"name":"Med Ahmed","@id":"https:\/\/lequotidien.mr\/#\/schema\/person\/d2d350202a4d599685ed8abc25f97596"},"headline":"Paris\/Palais de l\u2019Elys\u00e9e : En marges des Jeux Olympiques de Paris 2024, le pr\u00e9sident El Ghazouani participe \u00e0 des rencontres diplomatiques avec des figures de premier plan sur la sc\u00e8ne internationale","datePublished":"2024-07-28T13:14:29+00:00","mainEntityOfPage":{"@id":"https:\/\/lequotidien.mr\/?p=20024&lang=fr"},"wordCount":546,"commentCount":0,"publisher":{"@id":"https:\/\/lequotidien.mr\/#organization"},"image":{"@id":"https:\/\/lequotidien.mr\/?p=20024&lang=fr#primaryimage"},"thumbnailUrl":"https:\/\/lequotidien.mr\/wp-content\/uploads\/2024\/07\/photo-El-Ghazouani-JO-Paris.png","articleSection":["ACTUALIT\u00c9","Economie"],"inLanguage":"ar","potentialAction":[{"@type":"CommentAction","name":"Comment","target":["https:\/\/lequotidien.mr\/?p=20024&lang=fr#respond"]}]},{"@type":"WebPage","@id":"https:\/\/lequotidien.mr\/?p=20024&lang=fr","url":"https:\/\/lequotidien.mr\/?p=20024&lang=fr","name":"Paris\/Palais de l\u2019Elys\u00e9e : En marges des Jeux Olympiques de Paris 2024, le pr\u00e9sident El Ghazouani participe \u00e0 des rencontres diplomatiques avec des figures de premier plan sur la sc\u00e8ne internationale - Le Quotidien de Nouakchott","isPartOf":{"@id":"https:\/\/lequotidien.mr\/#website"},"primaryImageOfPage":{"@id":"https:\/\/lequotidien.mr\/?p=20024&lang=fr#primaryimage"},"image":{"@id":"https:\/\/lequotidien.mr\/?p=20024&lang=fr#primaryimage"},"thumbnailUrl":"https:\/\/lequotidien.mr\/wp-content\/uploads\/2024\/07\/photo-El-Ghazouani-JO-Paris.png","datePublished":"2024-07-28T13:14:29+00:00","breadcrumb":{"@id":"https:\/\/lequotidien.mr\/?p=20024&lang=fr#breadcrumb"},"inLanguage":"ar","potentialAction":[{"@type":"ReadAction","target":["https:\/\/lequotidien.mr\/?p=20024&lang=fr"]}]},{"@type":"ImageObject","inLanguage":"ar","@id":"https:\/\/lequotidien.mr\/?p=20024&lang=fr#primaryimage","url":"https:\/\/lequotidien.mr\/wp-content\/uploads\/2024\/07\/photo-El-Ghazouani-JO-Paris.png","contentUrl":"https:\/\/lequotidien.mr\/wp-content\/uploads\/2024\/07\/photo-El-Ghazouani-JO-Paris.png","width":279,"height":235},{"@type":"BreadcrumbList","@id":"https:\/\/lequotidien.mr\/?p=20024&lang=fr#breadcrumb","itemListElement":[{"@type":"ListItem","position":1,"name":"Home","item":"https:\/\/lequotidien.mr\/"},{"@type":"ListItem","position":2,"name":"Paris\/Palais de l\u2019Elys\u00e9e : En marges des Jeux Olympiques de Paris 2024, le pr\u00e9sident El Ghazouani participe \u00e0 des rencontres diplomatiques avec des figures de premier plan sur la sc\u00e8ne internationale"}]},{"@type":"WebSite","@id":"https:\/\/lequotidien.mr\/#website","url":"https:\/\/lequotidien.mr\/","name":"Le Quotidien de Nouakchott","description":"\u0625\u062e\u0628\u0627\u0631\u064a\u0629 \u0645\u0633\u062a\u0642\u0644\u0629 \u0644\u0644\u0623\u0646\u0628\u0627\u0621 \u0627\u0644\u0639\u0627\u0645\u0629","publisher":{"@id":"https:\/\/lequotidien.mr\/#organization"},"potentialAction":[{"@type":"SearchAction","target":{"@type":"EntryPoint","urlTemplate":"https:\/\/lequotidien.mr\/?s={search_term_string}"},"query-input":{"@type":"PropertyValueSpecification","valueRequired":true,"valueName":"search_term_string"}}],"inLanguage":"ar"},{"@type":"Organization","@id":"https:\/\/lequotidien.mr\/#organization","name":"Le Quotidien de Nouakchott","url":"https:\/\/lequotidien.mr\/","logo":{"@type":"ImageObject","inLanguage":"ar","@id":"https:\/\/lequotidien.mr\/#\/schema\/logo\/image\/","url":"https:\/\/lequotidien.mr\/wp-content\/uploads\/2022\/11\/logolequotidien.jpg","contentUrl":"https:\/\/lequotidien.mr\/wp-content\/uploads\/2022\/11\/logolequotidien.jpg","width":290,"height":65,"caption":"Le Quotidien de Nouakchott"},"image":{"@id":"https:\/\/lequotidien.mr\/#\/schema\/logo\/image\/"},"sameAs":["https:\/\/web.facebook.com\/lequotidienmr","https:\/\/x.com\/lequotidienmr"]},{"@type":"Person","@id":"https:\/\/lequotidien.mr\/#\/schema\/person\/d2d350202a4d599685ed8abc25f97596","name":"Med Ahmed","image":{"@type":"ImageObject","inLanguage":"ar","@id":"https:\/\/secure.gravatar.com\/avatar\/fd2acc62ed50732923d1d39c17172c9b04149f142be92310ecc69e1358f94b52?s=96&d=mm&r=g","url":"https:\/\/secure.gravatar.com\/avatar\/fd2acc62ed50732923d1d39c17172c9b04149f142be92310ecc69e1358f94b52?s=96&d=mm&r=g","contentUrl":"https:\/\/secure.gravatar.com\/avatar\/fd2acc62ed50732923d1d39c17172c9b04149f142be92310ecc69e1358f94b52?s=96&d=mm&r=g","caption":"Med Ahmed"},"url":"https:\/\/lequotidien.mr\/?author=12"}]}},"_links":{"self":[{"href":"https:\/\/lequotidien.mr\/index.php?rest_route=\/wp\/v2\/posts\/20024","targetHints":{"allow":["GET"]}}],"collection":[{"href":"https:\/\/lequotidien.mr\/index.php?rest_route=\/wp\/v2\/posts"}],"about":[{"href":"https:\/\/lequotidien.mr\/index.php?rest_route=\/wp\/v2\/types\/post"}],"author":[{"embeddable":true,"href":"https:\/\/lequotidien.mr\/index.php?rest_route=\/wp\/v2\/users\/12"}],"replies":[{"embeddable":true,"href":"https:\/\/lequotidien.mr\/index.php?rest_route=%2Fwp%2Fv2%2Fcomments&post=20024"}],"version-history":[{"count":1,"href":"https:\/\/lequotidien.mr\/index.php?rest_route=\/wp\/v2\/posts\/20024\/revisions"}],"predecessor-version":[{"id":20026,"href":"https:\/\/lequotidien.mr\/index.php?rest_route=\/wp\/v2\/posts\/20024\/revisions\/20026"}],"wp:featuredmedia":[{"embeddable":true,"href":"https:\/\/lequotidien.mr\/index.php?rest_route=\/wp\/v2\/media\/20025"}],"wp:attachment":[{"href":"https:\/\/lequotidien.mr\/index.php?rest_route=%2Fwp%2Fv2%2Fmedia&parent=20024"}],"wp:term":[{"taxonomy":"category","embeddable":true,"href":"https:\/\/lequotidien.mr\/index.php?rest_route=%2Fwp%2Fv2%2Fcategories&post=20024"},{"taxonomy":"post_tag","embeddable":true,"href":"https:\/\/lequotidien.mr\/index.php?rest_route=%2Fwp%2Fv2%2Ftags&post=20024"}],"curies":[{"name":"wp","href":"https:\/\/api.w.org\/{rel}","templated":true}]}}