{"id":19914,"date":"2024-07-24T13:56:39","date_gmt":"2024-07-24T13:56:39","guid":{"rendered":"https:\/\/lequotidien.mr\/?p=19914"},"modified":"2024-07-24T13:56:39","modified_gmt":"2024-07-24T13:56:39","slug":"projet-tripartite-pour-la-securite-alimentaire-et-la-resilience-environnementale-en-mauritanie","status":"publish","type":"post","link":"https:\/\/lequotidien.mr\/?p=19914&lang=fr","title":{"rendered":"Projet tripartite pour la s\u00e9curit\u00e9 alimentaire et la r\u00e9silience environnementale en Mauritanie"},"content":{"rendered":"<p>Un projet ambitieux visant \u00e0 renforcer la s\u00e9curit\u00e9 alimentaire et \u00e0 promouvoir la r\u00e9silience environnementale en Mauritanie a pris forme lundi dernier, \u00e0 Nouakchott, avec la signature d&#8217;un accord tripartite entre le gouvernement mauritanien, repr\u00e9sent\u00e9 par le minist\u00e8re de l&#8217;Agriculture, l&#8217;Organisation des Nations Unies pour l&#8217;alimentation et l&#8217;agriculture (FAO), et le gouvernement italien. Ce projet, dot\u00e9 d&#8217;un financement de trois millions d&#8217;euros sur une p\u00e9riode de trois ans, se concentrera principalement sur les wilayas du Hodh Chargui et du Hodh El Gharbi.<\/p>\n<p>La c\u00e9r\u00e9monie de signature s&#8217;est tenue dans les locaux du minist\u00e8re de l&#8217;Agriculture, en pr\u00e9sence de M. Memma Beibette, ministre de l&#8217;Agriculture de la Mauritanie, de M. Alexandre Hayen, repr\u00e9sentant de la FAO \u00e0 Nouakchott, et de SE.Mme Laura Botta, Ambassadrice d&#8217;Italie en Mauritanie. Ce partenariat strat\u00e9gique vise \u00e0 att\u00e9nuer les effets d\u00e9vastateurs du changement climatique et de la d\u00e9gradation des ressources naturelles, en r\u00e9pondant aux besoins urgents des communaut\u00e9s agropastorales et en renfor\u00e7ant leur r\u00e9silience face aux d\u00e9fis environnementaux croissants.<\/p>\n<p>Dans son discours, le ministre de l&#8217;Agriculture a soulign\u00e9 l&#8217;importance cruciale de ce projet pour combler le d\u00e9ficit alimentaire et r\u00e9duire l&#8217;ins\u00e9curit\u00e9 alimentaire dans les zones cibl\u00e9es, en particulier parmi les jeunes et les femmes. Il a \u00e9galement mis en avant l&#8217;engagement du gouvernement mauritanien \u00e0 promouvoir l&#8217;agriculture comme pilier essentiel du d\u00e9veloppement national, en alignant les initiatives locales avec les priorit\u00e9s d\u00e9finies par le pr\u00e9sident de la R\u00e9publique Mohamed Cheikh El Ghazouani.<\/p>\n<p>Le projet devrait b\u00e9n\u00e9ficier \u00e0 environ 8 000 personnes, dont 30 % de jeunes et de femmes, dans ses zones d\u2019intervention, qui sont concentr\u00e9es dans les wilayas du Hodh Chargui et du Hodh El Gharbi.<\/p>\n<p>Dans ce cadre, il est pr\u00e9vu des actions concr\u00e8tes telles que le renforcement des syst\u00e8mes de production agricole, la r\u00e9duction de la pression sur les zones pastorales par le d\u00e9veloppement agricole durable, et la promotion de m\u00e9thodes int\u00e9gr\u00e9es pour renforcer la r\u00e9silience des communaut\u00e9s. Ces efforts seront cruciaux pour soutenir les zones frontali\u00e8res mauritano-maliennes, confront\u00e9es \u00e0 des d\u00e9fis multiples li\u00e9s \u00e0 la s\u00e9curit\u00e9 alimentaire et \u00e0 la d\u00e9gradation des terres.<\/p>\n<p>Le repr\u00e9sentant de la FAO a mis en lumi\u00e8re les d\u00e9fis sp\u00e9cifiques auxquels fait face la Mauritanie, notamment la d\u00e9gradation des ressources naturelles et la d\u00e9sertification croissante, qui exacerbent l&#8217;ins\u00e9curit\u00e9 alimentaire et nutritionnelle. Il a soulign\u00e9 l&#8217;engagement continu de la FAO \u00e0 travailler en \u00e9troite collaboration avec toutes les parties prenantes pour surmonter ces d\u00e9fis et soutenir le d\u00e9veloppement durable.<\/p>\n<p>De son c\u00f4t\u00e9, SE.Mme Laura Botta, Ambassadrice d&#8217;Italie en Mauritanie, a rappel\u00e9 les solides liens bilat\u00e9raux entre l&#8217;Italie et la Mauritanie, \u00e9tablis depuis 1970, et a exprim\u00e9 sa confiance dans le potentiel de ce projet pour renforcer encore ces relations, en particulier dans le domaine agricole et environnemental. Elle a \u00e9galement \u00e9voqu\u00e9 des efforts en cours pour \u00e9largir la coop\u00e9ration \u00e0 d&#8217;autres secteurs strat\u00e9giques, tels que les mines et l&#8217;\u00e9nergie, soulignant l&#8217;engagement continu de l&#8217;Italie \u00e0 soutenir le d\u00e9veloppement global de la Mauritanie.<\/p>\n<p>La c\u00e9r\u00e9monie de signature a \u00e9t\u00e9 marqu\u00e9e par la pr\u00e9sence de hauts responsables du minist\u00e8re de l&#8217;Agriculture et de repr\u00e9sentants du syst\u00e8me des Nations Unies en Mauritanie, soulignant l&#8217;importance accord\u00e9e par toutes les parties prenantes \u00e0 ce projet essentiel pour l&#8217;avenir durable du pays.<\/p>\n<p>Ce projet tripartite repr\u00e9sente donc un pas significatif vers la r\u00e9alisation des objectifs de d\u00e9veloppement durable en Mauritanie, en renfor\u00e7ant la s\u00e9curit\u00e9 alimentaire, en pr\u00e9servant les ressources naturelles et en renfor\u00e7ant la r\u00e9silience des communaut\u00e9s vuln\u00e9rables face aux d\u00e9fis environnementaux croissants.<\/p>\n<h1><\/h1>\n","protected":false},"excerpt":{"rendered":"<p>Un projet ambitieux visant \u00e0 renforcer la s\u00e9curit\u00e9 alimentaire et \u00e0 promouvoir la r\u00e9silience environnementale en Mauritanie a pris forme lundi dernier, \u00e0 Nouakchott, avec la signature d&#8217;un accord tripartite entre le gouvernement mauritanien, repr\u00e9sent\u00e9 par le minist\u00e8re de l&#8217;Agriculture, l&#8217;Organisation des Nations Unies pour l&#8217;alimentation et l&#8217;agriculture (FAO), et le gouvernement italien. Ce projet,&#8230;..<\/p>\n","protected":false},"author":12,"featured_media":19915,"comment_status":"open","ping_status":"open","sticky":false,"template":"","format":"standard","meta":{"footnotes":""},"categories":[23,49],"tags":[],"class_list":["post-19914","post","type-post","status-publish","format-standard","has-post-thumbnail","hentry","category-actualite","category-economie"],"yoast_head":"<!-- This site is optimized with the Yoast SEO plugin v27.5 - https:\/\/yoast.com\/product\/yoast-seo-wordpress\/ -->\n<title>Projet tripartite pour la s\u00e9curit\u00e9 alimentaire et la r\u00e9silience environnementale en Mauritanie - Le Quotidien de Nouakchott<\/title>\n<meta name=\"robots\" content=\"index, follow, max-snippet:-1, max-image-preview:large, max-video-preview:-1\" \/>\n<link rel=\"canonical\" href=\"https:\/\/lequotidien.mr\/?p=19914&lang=fr\" \/>\n<meta property=\"og:locale\" content=\"ar_AR\" \/>\n<meta property=\"og:type\" content=\"article\" \/>\n<meta property=\"og:title\" content=\"Projet tripartite pour la s\u00e9curit\u00e9 alimentaire et la r\u00e9silience environnementale en Mauritanie - Le Quotidien de Nouakchott\" \/>\n<meta property=\"og:description\" content=\"Un projet ambitieux visant \u00e0 renforcer la s\u00e9curit\u00e9 alimentaire et \u00e0 promouvoir la r\u00e9silience environnementale en Mauritanie a pris forme lundi dernier, \u00e0 Nouakchott, avec la signature d&#8217;un accord tripartite entre le gouvernement mauritanien, repr\u00e9sent\u00e9 par le minist\u00e8re de l&#8217;Agriculture, l&#8217;Organisation des Nations Unies pour l&#8217;alimentation et l&#8217;agriculture (FAO), et le gouvernement italien. Ce projet,.....\" \/>\n<meta property=\"og:url\" content=\"https:\/\/lequotidien.mr\/?p=19914&amp;lang=fr\" \/>\n<meta property=\"og:site_name\" content=\"Le Quotidien de Nouakchott\" \/>\n<meta property=\"article:publisher\" content=\"https:\/\/web.facebook.com\/lequotidienmr\" \/>\n<meta property=\"article:published_time\" content=\"2024-07-24T13:56:39+00:00\" \/>\n<meta property=\"og:image\" content=\"https:\/\/lequotidien.mr\/wp-content\/uploads\/2024\/07\/photo-projet-tripartite.jpg\" \/>\n\t<meta property=\"og:image:width\" content=\"593\" \/>\n\t<meta property=\"og:image:height\" content=\"430\" \/>\n\t<meta property=\"og:image:type\" content=\"image\/jpeg\" \/>\n<meta name=\"author\" content=\"Med Ahmed\" \/>\n<meta name=\"twitter:card\" content=\"summary_large_image\" \/>\n<meta name=\"twitter:creator\" content=\"@lequotidienmr\" \/>\n<meta name=\"twitter:site\" content=\"@lequotidienmr\" \/>\n<meta name=\"twitter:label1\" content=\"\u0643\u064f\u062a\u0628 \u0628\u0648\u0627\u0633\u0637\u0629\" \/>\n\t<meta name=\"twitter:data1\" content=\"Med Ahmed\" \/>\n\t<meta name=\"twitter:label2\" content=\"\u0648\u0642\u062a \u0627\u0644\u0642\u0631\u0627\u0621\u0629 \u0627\u0644\u0645\u064f\u0642\u062f\u0651\u0631\" \/>\n\t<meta name=\"twitter:data2\" content=\"3 \u062f\u0642\u0627\u0626\u0642\" \/>\n<script type=\"application\/ld+json\" class=\"yoast-schema-graph\">{\"@context\":\"https:\\\/\\\/schema.org\",\"@graph\":[{\"@type\":\"Article\",\"@id\":\"https:\\\/\\\/lequotidien.mr\\\/?p=19914&lang=fr#article\",\"isPartOf\":{\"@id\":\"https:\\\/\\\/lequotidien.mr\\\/?p=19914&lang=fr\"},\"author\":{\"name\":\"Med Ahmed\",\"@id\":\"https:\\\/\\\/lequotidien.mr\\\/#\\\/schema\\\/person\\\/d2d350202a4d599685ed8abc25f97596\"},\"headline\":\"Projet tripartite pour la s\u00e9curit\u00e9 alimentaire et la r\u00e9silience environnementale en Mauritanie\",\"datePublished\":\"2024-07-24T13:56:39+00:00\",\"mainEntityOfPage\":{\"@id\":\"https:\\\/\\\/lequotidien.mr\\\/?p=19914&lang=fr\"},\"wordCount\":674,\"commentCount\":0,\"publisher\":{\"@id\":\"https:\\\/\\\/lequotidien.mr\\\/#organization\"},\"image\":{\"@id\":\"https:\\\/\\\/lequotidien.mr\\\/?p=19914&lang=fr#primaryimage\"},\"thumbnailUrl\":\"https:\\\/\\\/lequotidien.mr\\\/wp-content\\\/uploads\\\/2024\\\/07\\\/photo-projet-tripartite.jpg\",\"articleSection\":[\"ACTUALIT\u00c9\",\"Economie\"],\"inLanguage\":\"ar\",\"potentialAction\":[{\"@type\":\"CommentAction\",\"name\":\"Comment\",\"target\":[\"https:\\\/\\\/lequotidien.mr\\\/?p=19914&lang=fr#respond\"]}]},{\"@type\":\"WebPage\",\"@id\":\"https:\\\/\\\/lequotidien.mr\\\/?p=19914&lang=fr\",\"url\":\"https:\\\/\\\/lequotidien.mr\\\/?p=19914&lang=fr\",\"name\":\"Projet tripartite pour la s\u00e9curit\u00e9 alimentaire et la r\u00e9silience environnementale en Mauritanie - Le Quotidien de Nouakchott\",\"isPartOf\":{\"@id\":\"https:\\\/\\\/lequotidien.mr\\\/#website\"},\"primaryImageOfPage\":{\"@id\":\"https:\\\/\\\/lequotidien.mr\\\/?p=19914&lang=fr#primaryimage\"},\"image\":{\"@id\":\"https:\\\/\\\/lequotidien.mr\\\/?p=19914&lang=fr#primaryimage\"},\"thumbnailUrl\":\"https:\\\/\\\/lequotidien.mr\\\/wp-content\\\/uploads\\\/2024\\\/07\\\/photo-projet-tripartite.jpg\",\"datePublished\":\"2024-07-24T13:56:39+00:00\",\"breadcrumb\":{\"@id\":\"https:\\\/\\\/lequotidien.mr\\\/?p=19914&lang=fr#breadcrumb\"},\"inLanguage\":\"ar\",\"potentialAction\":[{\"@type\":\"ReadAction\",\"target\":[\"https:\\\/\\\/lequotidien.mr\\\/?p=19914&lang=fr\"]}]},{\"@type\":\"ImageObject\",\"inLanguage\":\"ar\",\"@id\":\"https:\\\/\\\/lequotidien.mr\\\/?p=19914&lang=fr#primaryimage\",\"url\":\"https:\\\/\\\/lequotidien.mr\\\/wp-content\\\/uploads\\\/2024\\\/07\\\/photo-projet-tripartite.jpg\",\"contentUrl\":\"https:\\\/\\\/lequotidien.mr\\\/wp-content\\\/uploads\\\/2024\\\/07\\\/photo-projet-tripartite.jpg\",\"width\":593,\"height\":430},{\"@type\":\"BreadcrumbList\",\"@id\":\"https:\\\/\\\/lequotidien.mr\\\/?p=19914&lang=fr#breadcrumb\",\"itemListElement\":[{\"@type\":\"ListItem\",\"position\":1,\"name\":\"Home\",\"item\":\"https:\\\/\\\/lequotidien.mr\\\/\"},{\"@type\":\"ListItem\",\"position\":2,\"name\":\"Projet tripartite pour la s\u00e9curit\u00e9 alimentaire et la r\u00e9silience environnementale en Mauritanie\"}]},{\"@type\":\"WebSite\",\"@id\":\"https:\\\/\\\/lequotidien.mr\\\/#website\",\"url\":\"https:\\\/\\\/lequotidien.mr\\\/\",\"name\":\"Le Quotidien de Nouakchott\",\"description\":\"\u0625\u062e\u0628\u0627\u0631\u064a\u0629 \u0645\u0633\u062a\u0642\u0644\u0629 \u0644\u0644\u0623\u0646\u0628\u0627\u0621 \u0627\u0644\u0639\u0627\u0645\u0629\",\"publisher\":{\"@id\":\"https:\\\/\\\/lequotidien.mr\\\/#organization\"},\"potentialAction\":[{\"@type\":\"SearchAction\",\"target\":{\"@type\":\"EntryPoint\",\"urlTemplate\":\"https:\\\/\\\/lequotidien.mr\\\/?s={search_term_string}\"},\"query-input\":{\"@type\":\"PropertyValueSpecification\",\"valueRequired\":true,\"valueName\":\"search_term_string\"}}],\"inLanguage\":\"ar\"},{\"@type\":\"Organization\",\"@id\":\"https:\\\/\\\/lequotidien.mr\\\/#organization\",\"name\":\"Le Quotidien de Nouakchott\",\"url\":\"https:\\\/\\\/lequotidien.mr\\\/\",\"logo\":{\"@type\":\"ImageObject\",\"inLanguage\":\"ar\",\"@id\":\"https:\\\/\\\/lequotidien.mr\\\/#\\\/schema\\\/logo\\\/image\\\/\",\"url\":\"https:\\\/\\\/lequotidien.mr\\\/wp-content\\\/uploads\\\/2022\\\/11\\\/logolequotidien.jpg\",\"contentUrl\":\"https:\\\/\\\/lequotidien.mr\\\/wp-content\\\/uploads\\\/2022\\\/11\\\/logolequotidien.jpg\",\"width\":290,\"height\":65,\"caption\":\"Le Quotidien de Nouakchott\"},\"image\":{\"@id\":\"https:\\\/\\\/lequotidien.mr\\\/#\\\/schema\\\/logo\\\/image\\\/\"},\"sameAs\":[\"https:\\\/\\\/web.facebook.com\\\/lequotidienmr\",\"https:\\\/\\\/x.com\\\/lequotidienmr\"]},{\"@type\":\"Person\",\"@id\":\"https:\\\/\\\/lequotidien.mr\\\/#\\\/schema\\\/person\\\/d2d350202a4d599685ed8abc25f97596\",\"name\":\"Med Ahmed\",\"image\":{\"@type\":\"ImageObject\",\"inLanguage\":\"ar\",\"@id\":\"https:\\\/\\\/secure.gravatar.com\\\/avatar\\\/fd2acc62ed50732923d1d39c17172c9b04149f142be92310ecc69e1358f94b52?s=96&d=mm&r=g\",\"url\":\"https:\\\/\\\/secure.gravatar.com\\\/avatar\\\/fd2acc62ed50732923d1d39c17172c9b04149f142be92310ecc69e1358f94b52?s=96&d=mm&r=g\",\"contentUrl\":\"https:\\\/\\\/secure.gravatar.com\\\/avatar\\\/fd2acc62ed50732923d1d39c17172c9b04149f142be92310ecc69e1358f94b52?s=96&d=mm&r=g\",\"caption\":\"Med Ahmed\"},\"url\":\"https:\\\/\\\/lequotidien.mr\\\/?author=12\"}]}<\/script>\n<!-- \/ Yoast SEO plugin. -->","yoast_head_json":{"title":"Projet tripartite pour la s\u00e9curit\u00e9 alimentaire et la r\u00e9silience environnementale en Mauritanie - Le Quotidien de Nouakchott","robots":{"index":"index","follow":"follow","max-snippet":"max-snippet:-1","max-image-preview":"max-image-preview:large","max-video-preview":"max-video-preview:-1"},"canonical":"https:\/\/lequotidien.mr\/?p=19914&lang=fr","og_locale":"ar_AR","og_type":"article","og_title":"Projet tripartite pour la s\u00e9curit\u00e9 alimentaire et la r\u00e9silience environnementale en Mauritanie - Le Quotidien de Nouakchott","og_description":"Un projet ambitieux visant \u00e0 renforcer la s\u00e9curit\u00e9 alimentaire et \u00e0 promouvoir la r\u00e9silience environnementale en Mauritanie a pris forme lundi dernier, \u00e0 Nouakchott, avec la signature d&#8217;un accord tripartite entre le gouvernement mauritanien, repr\u00e9sent\u00e9 par le minist\u00e8re de l&#8217;Agriculture, l&#8217;Organisation des Nations Unies pour l&#8217;alimentation et l&#8217;agriculture (FAO), et le gouvernement italien. Ce projet,.....","og_url":"https:\/\/lequotidien.mr\/?p=19914&lang=fr","og_site_name":"Le Quotidien de Nouakchott","article_publisher":"https:\/\/web.facebook.com\/lequotidienmr","article_published_time":"2024-07-24T13:56:39+00:00","og_image":[{"width":593,"height":430,"url":"https:\/\/lequotidien.mr\/wp-content\/uploads\/2024\/07\/photo-projet-tripartite.jpg","type":"image\/jpeg"}],"author":"Med Ahmed","twitter_card":"summary_large_image","twitter_creator":"@lequotidienmr","twitter_site":"@lequotidienmr","twitter_misc":{"\u0643\u064f\u062a\u0628 \u0628\u0648\u0627\u0633\u0637\u0629":"Med Ahmed","\u0648\u0642\u062a \u0627\u0644\u0642\u0631\u0627\u0621\u0629 \u0627\u0644\u0645\u064f\u0642\u062f\u0651\u0631":"3 \u062f\u0642\u0627\u0626\u0642"},"schema":{"@context":"https:\/\/schema.org","@graph":[{"@type":"Article","@id":"https:\/\/lequotidien.mr\/?p=19914&lang=fr#article","isPartOf":{"@id":"https:\/\/lequotidien.mr\/?p=19914&lang=fr"},"author":{"name":"Med Ahmed","@id":"https:\/\/lequotidien.mr\/#\/schema\/person\/d2d350202a4d599685ed8abc25f97596"},"headline":"Projet tripartite pour la s\u00e9curit\u00e9 alimentaire et la r\u00e9silience environnementale en Mauritanie","datePublished":"2024-07-24T13:56:39+00:00","mainEntityOfPage":{"@id":"https:\/\/lequotidien.mr\/?p=19914&lang=fr"},"wordCount":674,"commentCount":0,"publisher":{"@id":"https:\/\/lequotidien.mr\/#organization"},"image":{"@id":"https:\/\/lequotidien.mr\/?p=19914&lang=fr#primaryimage"},"thumbnailUrl":"https:\/\/lequotidien.mr\/wp-content\/uploads\/2024\/07\/photo-projet-tripartite.jpg","articleSection":["ACTUALIT\u00c9","Economie"],"inLanguage":"ar","potentialAction":[{"@type":"CommentAction","name":"Comment","target":["https:\/\/lequotidien.mr\/?p=19914&lang=fr#respond"]}]},{"@type":"WebPage","@id":"https:\/\/lequotidien.mr\/?p=19914&lang=fr","url":"https:\/\/lequotidien.mr\/?p=19914&lang=fr","name":"Projet tripartite pour la s\u00e9curit\u00e9 alimentaire et la r\u00e9silience environnementale en Mauritanie - Le Quotidien de Nouakchott","isPartOf":{"@id":"https:\/\/lequotidien.mr\/#website"},"primaryImageOfPage":{"@id":"https:\/\/lequotidien.mr\/?p=19914&lang=fr#primaryimage"},"image":{"@id":"https:\/\/lequotidien.mr\/?p=19914&lang=fr#primaryimage"},"thumbnailUrl":"https:\/\/lequotidien.mr\/wp-content\/uploads\/2024\/07\/photo-projet-tripartite.jpg","datePublished":"2024-07-24T13:56:39+00:00","breadcrumb":{"@id":"https:\/\/lequotidien.mr\/?p=19914&lang=fr#breadcrumb"},"inLanguage":"ar","potentialAction":[{"@type":"ReadAction","target":["https:\/\/lequotidien.mr\/?p=19914&lang=fr"]}]},{"@type":"ImageObject","inLanguage":"ar","@id":"https:\/\/lequotidien.mr\/?p=19914&lang=fr#primaryimage","url":"https:\/\/lequotidien.mr\/wp-content\/uploads\/2024\/07\/photo-projet-tripartite.jpg","contentUrl":"https:\/\/lequotidien.mr\/wp-content\/uploads\/2024\/07\/photo-projet-tripartite.jpg","width":593,"height":430},{"@type":"BreadcrumbList","@id":"https:\/\/lequotidien.mr\/?p=19914&lang=fr#breadcrumb","itemListElement":[{"@type":"ListItem","position":1,"name":"Home","item":"https:\/\/lequotidien.mr\/"},{"@type":"ListItem","position":2,"name":"Projet tripartite pour la s\u00e9curit\u00e9 alimentaire et la r\u00e9silience environnementale en Mauritanie"}]},{"@type":"WebSite","@id":"https:\/\/lequotidien.mr\/#website","url":"https:\/\/lequotidien.mr\/","name":"Le Quotidien de Nouakchott","description":"\u0625\u062e\u0628\u0627\u0631\u064a\u0629 \u0645\u0633\u062a\u0642\u0644\u0629 \u0644\u0644\u0623\u0646\u0628\u0627\u0621 \u0627\u0644\u0639\u0627\u0645\u0629","publisher":{"@id":"https:\/\/lequotidien.mr\/#organization"},"potentialAction":[{"@type":"SearchAction","target":{"@type":"EntryPoint","urlTemplate":"https:\/\/lequotidien.mr\/?s={search_term_string}"},"query-input":{"@type":"PropertyValueSpecification","valueRequired":true,"valueName":"search_term_string"}}],"inLanguage":"ar"},{"@type":"Organization","@id":"https:\/\/lequotidien.mr\/#organization","name":"Le Quotidien de Nouakchott","url":"https:\/\/lequotidien.mr\/","logo":{"@type":"ImageObject","inLanguage":"ar","@id":"https:\/\/lequotidien.mr\/#\/schema\/logo\/image\/","url":"https:\/\/lequotidien.mr\/wp-content\/uploads\/2022\/11\/logolequotidien.jpg","contentUrl":"https:\/\/lequotidien.mr\/wp-content\/uploads\/2022\/11\/logolequotidien.jpg","width":290,"height":65,"caption":"Le Quotidien de Nouakchott"},"image":{"@id":"https:\/\/lequotidien.mr\/#\/schema\/logo\/image\/"},"sameAs":["https:\/\/web.facebook.com\/lequotidienmr","https:\/\/x.com\/lequotidienmr"]},{"@type":"Person","@id":"https:\/\/lequotidien.mr\/#\/schema\/person\/d2d350202a4d599685ed8abc25f97596","name":"Med Ahmed","image":{"@type":"ImageObject","inLanguage":"ar","@id":"https:\/\/secure.gravatar.com\/avatar\/fd2acc62ed50732923d1d39c17172c9b04149f142be92310ecc69e1358f94b52?s=96&d=mm&r=g","url":"https:\/\/secure.gravatar.com\/avatar\/fd2acc62ed50732923d1d39c17172c9b04149f142be92310ecc69e1358f94b52?s=96&d=mm&r=g","contentUrl":"https:\/\/secure.gravatar.com\/avatar\/fd2acc62ed50732923d1d39c17172c9b04149f142be92310ecc69e1358f94b52?s=96&d=mm&r=g","caption":"Med Ahmed"},"url":"https:\/\/lequotidien.mr\/?author=12"}]}},"_links":{"self":[{"href":"https:\/\/lequotidien.mr\/index.php?rest_route=\/wp\/v2\/posts\/19914","targetHints":{"allow":["GET"]}}],"collection":[{"href":"https:\/\/lequotidien.mr\/index.php?rest_route=\/wp\/v2\/posts"}],"about":[{"href":"https:\/\/lequotidien.mr\/index.php?rest_route=\/wp\/v2\/types\/post"}],"author":[{"embeddable":true,"href":"https:\/\/lequotidien.mr\/index.php?rest_route=\/wp\/v2\/users\/12"}],"replies":[{"embeddable":true,"href":"https:\/\/lequotidien.mr\/index.php?rest_route=%2Fwp%2Fv2%2Fcomments&post=19914"}],"version-history":[{"count":1,"href":"https:\/\/lequotidien.mr\/index.php?rest_route=\/wp\/v2\/posts\/19914\/revisions"}],"predecessor-version":[{"id":19916,"href":"https:\/\/lequotidien.mr\/index.php?rest_route=\/wp\/v2\/posts\/19914\/revisions\/19916"}],"wp:featuredmedia":[{"embeddable":true,"href":"https:\/\/lequotidien.mr\/index.php?rest_route=\/wp\/v2\/media\/19915"}],"wp:attachment":[{"href":"https:\/\/lequotidien.mr\/index.php?rest_route=%2Fwp%2Fv2%2Fmedia&parent=19914"}],"wp:term":[{"taxonomy":"category","embeddable":true,"href":"https:\/\/lequotidien.mr\/index.php?rest_route=%2Fwp%2Fv2%2Fcategories&post=19914"},{"taxonomy":"post_tag","embeddable":true,"href":"https:\/\/lequotidien.mr\/index.php?rest_route=%2Fwp%2Fv2%2Ftags&post=19914"}],"curies":[{"name":"wp","href":"https:\/\/api.w.org\/{rel}","templated":true}]}}