{"id":19896,"date":"2024-07-24T10:55:41","date_gmt":"2024-07-24T10:55:41","guid":{"rendered":"https:\/\/lequotidien.mr\/?p=19896"},"modified":"2024-07-24T10:55:41","modified_gmt":"2024-07-24T10:55:41","slug":"le-ministre-de-leconomie-participe-a-la-reunion-des-ministres-du-developpement-du-g20","status":"publish","type":"post","link":"https:\/\/lequotidien.mr\/?p=19896&lang=fr","title":{"rendered":"Le Ministre de l&#8217;\u00e9conomie participe \u00e0 la r\u00e9union des ministres du d\u00e9veloppement du G20"},"content":{"rendered":"<h3><\/h3>\n<p><b>\u00a0<\/b> M. Abdel Salam Ould Mohamed Saleh, ministre de l&#8217;\u00c9conomie et du D\u00e9veloppement Durable, a pris part aujourd&#8217;hui \u00e0 la r\u00e9union des ministres du d\u00e9veloppement du Groupe des Vingt (G20), pr\u00e9sid\u00e9e par le ministre br\u00e9silien du D\u00e9veloppement. La r\u00e9union s&#8217;est focalis\u00e9e sur le th\u00e8me de l&#8217;in\u00e9galit\u00e9.<\/p>\n<p>Dans son intervention, le ministre Abdel Salam Ould Mohamed Saleh a mis en lumi\u00e8re les dangers croissants de l&#8217;in\u00e9galit\u00e9 et des disparit\u00e9s au sein des nations et entre elles. Il a soulign\u00e9 que la lutte contre ces in\u00e9galit\u00e9s n\u00e9cessite une compr\u00e9hension globale qui englobe les dimensions \u00e9conomiques, sociales, environnementales et politiques.<\/p>\n<p>Le ministre a diagnostiqu\u00e9 que la mondialisation a exacerb\u00e9 les disparit\u00e9s, tant au sein des pays qu&#8217;entre eux, amplifi\u00e9es par les d\u00e9fis continus tels que le changement climatique, les tensions g\u00e9opolitiques et les crises migratoires, qui touchent particuli\u00e8rement les pays en d\u00e9veloppement \u00e0 revenu faible et moyen. Selon lui, il n&#8217;est plus possible de traiter ces disparit\u00e9s comme une simple question sociale, mais plut\u00f4t comme une menace pour la croissance \u00e9conomique mondiale et la prosp\u00e9rit\u00e9.<\/p>\n<p>M. Ould Mohamed Saleh a r\u00e9affirm\u00e9 l&#8217;engagement de l&#8217;Union Africaine en faveur de toute initiative visant \u00e0 renforcer la lutte collective contre les in\u00e9galit\u00e9s et \u00e0 r\u00e9aliser les Objectifs de D\u00e9veloppement Durable (ODD) en harmonie avec l&#8217;Agenda 2063 : &#8220;L&#8217;Afrique que nous voulons&#8221;. Cet agenda priorise le bien-\u00eatre \u00e0 long terme et la qualit\u00e9 de vie pour tous en abordant des enjeux tels que la pauvret\u00e9, l&#8217;in\u00e9galit\u00e9 entre les sexes et l&#8217;acc\u00e8s limit\u00e9 aux services essentiels, probl\u00e8mes encore omnipr\u00e9sents dans de nombreux pays africains.<\/p>\n<p>Le ministre a \u00e9galement r\u00e9v\u00e9l\u00e9 que la Commission de l&#8217;Union Africaine collabore avec la Banque Africaine de D\u00e9veloppement et l&#8217;Agence de D\u00e9veloppement de l&#8217;Union Africaine pour \u00e9laborer un cadre strat\u00e9gique destin\u00e9 \u00e0 promouvoir une croissance inclusive et un d\u00e9veloppement durable en Afrique. Ce cadre vise, entre autres, \u00e0 renforcer le d\u00e9veloppement du capital humain, \u00e0 traiter les causes des in\u00e9galit\u00e9s, de la pauvret\u00e9 et de l&#8217;exclusion, \u00e0 faciliter la transformation structurelle des \u00e9conomies africaines, \u00e0 diversifier les sources de croissance pour am\u00e9liorer la comp\u00e9titivit\u00e9 et la productivit\u00e9, \u00e0 renforcer la s\u00e9curit\u00e9 alimentaire et \u00e9nerg\u00e9tique, ainsi qu&#8217;\u00e0 permettre aux \u00e9conomies africaines d&#8217;entamer une transition \u00e9cologique \u00e0 cette \u00e9tape.<\/p>\n<p>\u00c0 la fin de la r\u00e9union, les ministres du d\u00e9veloppement du G20 ont adopt\u00e9 une d\u00e9claration visant \u00e0 r\u00e9duire les in\u00e9galit\u00e9s.<\/p>\n<p>\u00c0 noter que le ministre \u00e9tait accompagn\u00e9 lors de cette rencontre par une d\u00e9l\u00e9gation de la Commission de l&#8217;Union Africaine et de l&#8217;Agence de D\u00e9veloppement \u2013 NEPAD.<\/p>\n","protected":false},"excerpt":{"rendered":"<p>\u00a0 M. Abdel Salam Ould Mohamed Saleh, ministre de l&#8217;\u00c9conomie et du D\u00e9veloppement Durable, a pris part aujourd&#8217;hui \u00e0 la r\u00e9union des ministres du d\u00e9veloppement du Groupe des Vingt (G20), pr\u00e9sid\u00e9e par le ministre br\u00e9silien du D\u00e9veloppement. La r\u00e9union s&#8217;est focalis\u00e9e sur le th\u00e8me de l&#8217;in\u00e9galit\u00e9. Dans son intervention, le ministre Abdel Salam Ould Mohamed&#8230;..<\/p>\n","protected":false},"author":4,"featured_media":19897,"comment_status":"open","ping_status":"open","sticky":false,"template":"","format":"standard","meta":{"footnotes":""},"categories":[23,49,57],"tags":[],"class_list":["post-19896","post","type-post","status-publish","format-standard","has-post-thumbnail","hentry","category-actualite","category-economie","category-couverture-specilale"],"yoast_head":"<!-- This site is optimized with the Yoast SEO plugin v27.5 - https:\/\/yoast.com\/product\/yoast-seo-wordpress\/ -->\n<title>Le Ministre de l&#039;\u00e9conomie participe \u00e0 la r\u00e9union des ministres du d\u00e9veloppement du G20 - Le Quotidien de Nouakchott<\/title>\n<meta name=\"robots\" content=\"index, follow, max-snippet:-1, max-image-preview:large, max-video-preview:-1\" \/>\n<link rel=\"canonical\" href=\"https:\/\/lequotidien.mr\/?p=19896&lang=fr\" \/>\n<meta property=\"og:locale\" content=\"ar_AR\" \/>\n<meta property=\"og:type\" content=\"article\" \/>\n<meta property=\"og:title\" content=\"Le Ministre de l&#039;\u00e9conomie participe \u00e0 la r\u00e9union des ministres du d\u00e9veloppement du G20 - Le Quotidien de Nouakchott\" \/>\n<meta property=\"og:description\" content=\"\u00a0 M. Abdel Salam Ould Mohamed Saleh, ministre de l&#8217;\u00c9conomie et du D\u00e9veloppement Durable, a pris part aujourd&#8217;hui \u00e0 la r\u00e9union des ministres du d\u00e9veloppement du Groupe des Vingt (G20), pr\u00e9sid\u00e9e par le ministre br\u00e9silien du D\u00e9veloppement. La r\u00e9union s&#8217;est focalis\u00e9e sur le th\u00e8me de l&#8217;in\u00e9galit\u00e9. Dans son intervention, le ministre Abdel Salam Ould Mohamed.....\" \/>\n<meta property=\"og:url\" content=\"https:\/\/lequotidien.mr\/?p=19896&amp;lang=fr\" \/>\n<meta property=\"og:site_name\" content=\"Le Quotidien de Nouakchott\" \/>\n<meta property=\"article:publisher\" content=\"https:\/\/web.facebook.com\/lequotidienmr\" \/>\n<meta property=\"article:published_time\" content=\"2024-07-24T10:55:41+00:00\" \/>\n<meta property=\"og:image\" content=\"https:\/\/lequotidien.mr\/wp-content\/uploads\/2024\/07\/PHOTO-2024-07-23-22-12-40-1.jpg\" \/>\n\t<meta property=\"og:image:width\" content=\"1280\" \/>\n\t<meta property=\"og:image:height\" content=\"960\" \/>\n\t<meta property=\"og:image:type\" content=\"image\/jpeg\" \/>\n<meta name=\"author\" content=\"Le Quotidien\" \/>\n<meta name=\"twitter:card\" content=\"summary_large_image\" \/>\n<meta name=\"twitter:creator\" content=\"@lequotidienmr\" \/>\n<meta name=\"twitter:site\" content=\"@lequotidienmr\" \/>\n<meta name=\"twitter:label1\" content=\"\u0643\u064f\u062a\u0628 \u0628\u0648\u0627\u0633\u0637\u0629\" \/>\n\t<meta name=\"twitter:data1\" content=\"Le Quotidien\" \/>\n\t<meta name=\"twitter:label2\" content=\"\u0648\u0642\u062a \u0627\u0644\u0642\u0631\u0627\u0621\u0629 \u0627\u0644\u0645\u064f\u0642\u062f\u0651\u0631\" \/>\n\t<meta name=\"twitter:data2\" content=\"\u062f\u0642\u064a\u0642\u062a\u0627\u0646\" \/>\n<script type=\"application\/ld+json\" class=\"yoast-schema-graph\">{\"@context\":\"https:\\\/\\\/schema.org\",\"@graph\":[{\"@type\":\"Article\",\"@id\":\"https:\\\/\\\/lequotidien.mr\\\/?p=19896&lang=fr#article\",\"isPartOf\":{\"@id\":\"https:\\\/\\\/lequotidien.mr\\\/?p=19896&lang=fr\"},\"author\":{\"name\":\"Le Quotidien\",\"@id\":\"https:\\\/\\\/lequotidien.mr\\\/#\\\/schema\\\/person\\\/f90fcdaa970c60288de4ed2e64a56472\"},\"headline\":\"Le Ministre de l&#8217;\u00e9conomie participe \u00e0 la r\u00e9union des ministres du d\u00e9veloppement du G20\",\"datePublished\":\"2024-07-24T10:55:41+00:00\",\"mainEntityOfPage\":{\"@id\":\"https:\\\/\\\/lequotidien.mr\\\/?p=19896&lang=fr\"},\"wordCount\":487,\"commentCount\":0,\"publisher\":{\"@id\":\"https:\\\/\\\/lequotidien.mr\\\/#organization\"},\"image\":{\"@id\":\"https:\\\/\\\/lequotidien.mr\\\/?p=19896&lang=fr#primaryimage\"},\"thumbnailUrl\":\"https:\\\/\\\/lequotidien.mr\\\/wp-content\\\/uploads\\\/2024\\\/07\\\/PHOTO-2024-07-23-22-12-40-1.jpg\",\"articleSection\":[\"ACTUALIT\u00c9\",\"Economie\",\"Couverture sp\u00e9cilale\"],\"inLanguage\":\"ar\",\"potentialAction\":[{\"@type\":\"CommentAction\",\"name\":\"Comment\",\"target\":[\"https:\\\/\\\/lequotidien.mr\\\/?p=19896&lang=fr#respond\"]}]},{\"@type\":\"WebPage\",\"@id\":\"https:\\\/\\\/lequotidien.mr\\\/?p=19896&lang=fr\",\"url\":\"https:\\\/\\\/lequotidien.mr\\\/?p=19896&lang=fr\",\"name\":\"Le Ministre de l'\u00e9conomie participe \u00e0 la r\u00e9union des ministres du d\u00e9veloppement du G20 - Le Quotidien de Nouakchott\",\"isPartOf\":{\"@id\":\"https:\\\/\\\/lequotidien.mr\\\/#website\"},\"primaryImageOfPage\":{\"@id\":\"https:\\\/\\\/lequotidien.mr\\\/?p=19896&lang=fr#primaryimage\"},\"image\":{\"@id\":\"https:\\\/\\\/lequotidien.mr\\\/?p=19896&lang=fr#primaryimage\"},\"thumbnailUrl\":\"https:\\\/\\\/lequotidien.mr\\\/wp-content\\\/uploads\\\/2024\\\/07\\\/PHOTO-2024-07-23-22-12-40-1.jpg\",\"datePublished\":\"2024-07-24T10:55:41+00:00\",\"breadcrumb\":{\"@id\":\"https:\\\/\\\/lequotidien.mr\\\/?p=19896&lang=fr#breadcrumb\"},\"inLanguage\":\"ar\",\"potentialAction\":[{\"@type\":\"ReadAction\",\"target\":[\"https:\\\/\\\/lequotidien.mr\\\/?p=19896&lang=fr\"]}]},{\"@type\":\"ImageObject\",\"inLanguage\":\"ar\",\"@id\":\"https:\\\/\\\/lequotidien.mr\\\/?p=19896&lang=fr#primaryimage\",\"url\":\"https:\\\/\\\/lequotidien.mr\\\/wp-content\\\/uploads\\\/2024\\\/07\\\/PHOTO-2024-07-23-22-12-40-1.jpg\",\"contentUrl\":\"https:\\\/\\\/lequotidien.mr\\\/wp-content\\\/uploads\\\/2024\\\/07\\\/PHOTO-2024-07-23-22-12-40-1.jpg\",\"width\":1280,\"height\":960},{\"@type\":\"BreadcrumbList\",\"@id\":\"https:\\\/\\\/lequotidien.mr\\\/?p=19896&lang=fr#breadcrumb\",\"itemListElement\":[{\"@type\":\"ListItem\",\"position\":1,\"name\":\"Home\",\"item\":\"https:\\\/\\\/lequotidien.mr\\\/\"},{\"@type\":\"ListItem\",\"position\":2,\"name\":\"Le Ministre de l&#8217;\u00e9conomie participe \u00e0 la r\u00e9union des ministres du d\u00e9veloppement du G20\"}]},{\"@type\":\"WebSite\",\"@id\":\"https:\\\/\\\/lequotidien.mr\\\/#website\",\"url\":\"https:\\\/\\\/lequotidien.mr\\\/\",\"name\":\"Le Quotidien de Nouakchott\",\"description\":\"\u0625\u062e\u0628\u0627\u0631\u064a\u0629 \u0645\u0633\u062a\u0642\u0644\u0629 \u0644\u0644\u0623\u0646\u0628\u0627\u0621 \u0627\u0644\u0639\u0627\u0645\u0629\",\"publisher\":{\"@id\":\"https:\\\/\\\/lequotidien.mr\\\/#organization\"},\"potentialAction\":[{\"@type\":\"SearchAction\",\"target\":{\"@type\":\"EntryPoint\",\"urlTemplate\":\"https:\\\/\\\/lequotidien.mr\\\/?s={search_term_string}\"},\"query-input\":{\"@type\":\"PropertyValueSpecification\",\"valueRequired\":true,\"valueName\":\"search_term_string\"}}],\"inLanguage\":\"ar\"},{\"@type\":\"Organization\",\"@id\":\"https:\\\/\\\/lequotidien.mr\\\/#organization\",\"name\":\"Le Quotidien de Nouakchott\",\"url\":\"https:\\\/\\\/lequotidien.mr\\\/\",\"logo\":{\"@type\":\"ImageObject\",\"inLanguage\":\"ar\",\"@id\":\"https:\\\/\\\/lequotidien.mr\\\/#\\\/schema\\\/logo\\\/image\\\/\",\"url\":\"https:\\\/\\\/lequotidien.mr\\\/wp-content\\\/uploads\\\/2022\\\/11\\\/logolequotidien.jpg\",\"contentUrl\":\"https:\\\/\\\/lequotidien.mr\\\/wp-content\\\/uploads\\\/2022\\\/11\\\/logolequotidien.jpg\",\"width\":290,\"height\":65,\"caption\":\"Le Quotidien de Nouakchott\"},\"image\":{\"@id\":\"https:\\\/\\\/lequotidien.mr\\\/#\\\/schema\\\/logo\\\/image\\\/\"},\"sameAs\":[\"https:\\\/\\\/web.facebook.com\\\/lequotidienmr\",\"https:\\\/\\\/x.com\\\/lequotidienmr\"]},{\"@type\":\"Person\",\"@id\":\"https:\\\/\\\/lequotidien.mr\\\/#\\\/schema\\\/person\\\/f90fcdaa970c60288de4ed2e64a56472\",\"name\":\"Le Quotidien\",\"image\":{\"@type\":\"ImageObject\",\"inLanguage\":\"ar\",\"@id\":\"https:\\\/\\\/secure.gravatar.com\\\/avatar\\\/374cb39a1a458a912465a93e5a3ce6546886fc3da809a1f10c63e4e8fcbca30f?s=96&d=mm&r=g\",\"url\":\"https:\\\/\\\/secure.gravatar.com\\\/avatar\\\/374cb39a1a458a912465a93e5a3ce6546886fc3da809a1f10c63e4e8fcbca30f?s=96&d=mm&r=g\",\"contentUrl\":\"https:\\\/\\\/secure.gravatar.com\\\/avatar\\\/374cb39a1a458a912465a93e5a3ce6546886fc3da809a1f10c63e4e8fcbca30f?s=96&d=mm&r=g\",\"caption\":\"Le Quotidien\"},\"sameAs\":[\"https:\\\/\\\/lequotidien.mr\\\/\"],\"url\":\"https:\\\/\\\/lequotidien.mr\\\/?author=4\"}]}<\/script>\n<!-- \/ Yoast SEO plugin. -->","yoast_head_json":{"title":"Le Ministre de l'\u00e9conomie participe \u00e0 la r\u00e9union des ministres du d\u00e9veloppement du G20 - Le Quotidien de Nouakchott","robots":{"index":"index","follow":"follow","max-snippet":"max-snippet:-1","max-image-preview":"max-image-preview:large","max-video-preview":"max-video-preview:-1"},"canonical":"https:\/\/lequotidien.mr\/?p=19896&lang=fr","og_locale":"ar_AR","og_type":"article","og_title":"Le Ministre de l'\u00e9conomie participe \u00e0 la r\u00e9union des ministres du d\u00e9veloppement du G20 - Le Quotidien de Nouakchott","og_description":"\u00a0 M. Abdel Salam Ould Mohamed Saleh, ministre de l&#8217;\u00c9conomie et du D\u00e9veloppement Durable, a pris part aujourd&#8217;hui \u00e0 la r\u00e9union des ministres du d\u00e9veloppement du Groupe des Vingt (G20), pr\u00e9sid\u00e9e par le ministre br\u00e9silien du D\u00e9veloppement. La r\u00e9union s&#8217;est focalis\u00e9e sur le th\u00e8me de l&#8217;in\u00e9galit\u00e9. Dans son intervention, le ministre Abdel Salam Ould Mohamed.....","og_url":"https:\/\/lequotidien.mr\/?p=19896&lang=fr","og_site_name":"Le Quotidien de Nouakchott","article_publisher":"https:\/\/web.facebook.com\/lequotidienmr","article_published_time":"2024-07-24T10:55:41+00:00","og_image":[{"width":1280,"height":960,"url":"https:\/\/lequotidien.mr\/wp-content\/uploads\/2024\/07\/PHOTO-2024-07-23-22-12-40-1.jpg","type":"image\/jpeg"}],"author":"Le Quotidien","twitter_card":"summary_large_image","twitter_creator":"@lequotidienmr","twitter_site":"@lequotidienmr","twitter_misc":{"\u0643\u064f\u062a\u0628 \u0628\u0648\u0627\u0633\u0637\u0629":"Le Quotidien","\u0648\u0642\u062a \u0627\u0644\u0642\u0631\u0627\u0621\u0629 \u0627\u0644\u0645\u064f\u0642\u062f\u0651\u0631":"\u062f\u0642\u064a\u0642\u062a\u0627\u0646"},"schema":{"@context":"https:\/\/schema.org","@graph":[{"@type":"Article","@id":"https:\/\/lequotidien.mr\/?p=19896&lang=fr#article","isPartOf":{"@id":"https:\/\/lequotidien.mr\/?p=19896&lang=fr"},"author":{"name":"Le Quotidien","@id":"https:\/\/lequotidien.mr\/#\/schema\/person\/f90fcdaa970c60288de4ed2e64a56472"},"headline":"Le Ministre de l&#8217;\u00e9conomie participe \u00e0 la r\u00e9union des ministres du d\u00e9veloppement du G20","datePublished":"2024-07-24T10:55:41+00:00","mainEntityOfPage":{"@id":"https:\/\/lequotidien.mr\/?p=19896&lang=fr"},"wordCount":487,"commentCount":0,"publisher":{"@id":"https:\/\/lequotidien.mr\/#organization"},"image":{"@id":"https:\/\/lequotidien.mr\/?p=19896&lang=fr#primaryimage"},"thumbnailUrl":"https:\/\/lequotidien.mr\/wp-content\/uploads\/2024\/07\/PHOTO-2024-07-23-22-12-40-1.jpg","articleSection":["ACTUALIT\u00c9","Economie","Couverture sp\u00e9cilale"],"inLanguage":"ar","potentialAction":[{"@type":"CommentAction","name":"Comment","target":["https:\/\/lequotidien.mr\/?p=19896&lang=fr#respond"]}]},{"@type":"WebPage","@id":"https:\/\/lequotidien.mr\/?p=19896&lang=fr","url":"https:\/\/lequotidien.mr\/?p=19896&lang=fr","name":"Le Ministre de l'\u00e9conomie participe \u00e0 la r\u00e9union des ministres du d\u00e9veloppement du G20 - Le Quotidien de Nouakchott","isPartOf":{"@id":"https:\/\/lequotidien.mr\/#website"},"primaryImageOfPage":{"@id":"https:\/\/lequotidien.mr\/?p=19896&lang=fr#primaryimage"},"image":{"@id":"https:\/\/lequotidien.mr\/?p=19896&lang=fr#primaryimage"},"thumbnailUrl":"https:\/\/lequotidien.mr\/wp-content\/uploads\/2024\/07\/PHOTO-2024-07-23-22-12-40-1.jpg","datePublished":"2024-07-24T10:55:41+00:00","breadcrumb":{"@id":"https:\/\/lequotidien.mr\/?p=19896&lang=fr#breadcrumb"},"inLanguage":"ar","potentialAction":[{"@type":"ReadAction","target":["https:\/\/lequotidien.mr\/?p=19896&lang=fr"]}]},{"@type":"ImageObject","inLanguage":"ar","@id":"https:\/\/lequotidien.mr\/?p=19896&lang=fr#primaryimage","url":"https:\/\/lequotidien.mr\/wp-content\/uploads\/2024\/07\/PHOTO-2024-07-23-22-12-40-1.jpg","contentUrl":"https:\/\/lequotidien.mr\/wp-content\/uploads\/2024\/07\/PHOTO-2024-07-23-22-12-40-1.jpg","width":1280,"height":960},{"@type":"BreadcrumbList","@id":"https:\/\/lequotidien.mr\/?p=19896&lang=fr#breadcrumb","itemListElement":[{"@type":"ListItem","position":1,"name":"Home","item":"https:\/\/lequotidien.mr\/"},{"@type":"ListItem","position":2,"name":"Le Ministre de l&#8217;\u00e9conomie participe \u00e0 la r\u00e9union des ministres du d\u00e9veloppement du G20"}]},{"@type":"WebSite","@id":"https:\/\/lequotidien.mr\/#website","url":"https:\/\/lequotidien.mr\/","name":"Le Quotidien de Nouakchott","description":"\u0625\u062e\u0628\u0627\u0631\u064a\u0629 \u0645\u0633\u062a\u0642\u0644\u0629 \u0644\u0644\u0623\u0646\u0628\u0627\u0621 \u0627\u0644\u0639\u0627\u0645\u0629","publisher":{"@id":"https:\/\/lequotidien.mr\/#organization"},"potentialAction":[{"@type":"SearchAction","target":{"@type":"EntryPoint","urlTemplate":"https:\/\/lequotidien.mr\/?s={search_term_string}"},"query-input":{"@type":"PropertyValueSpecification","valueRequired":true,"valueName":"search_term_string"}}],"inLanguage":"ar"},{"@type":"Organization","@id":"https:\/\/lequotidien.mr\/#organization","name":"Le Quotidien de Nouakchott","url":"https:\/\/lequotidien.mr\/","logo":{"@type":"ImageObject","inLanguage":"ar","@id":"https:\/\/lequotidien.mr\/#\/schema\/logo\/image\/","url":"https:\/\/lequotidien.mr\/wp-content\/uploads\/2022\/11\/logolequotidien.jpg","contentUrl":"https:\/\/lequotidien.mr\/wp-content\/uploads\/2022\/11\/logolequotidien.jpg","width":290,"height":65,"caption":"Le Quotidien de Nouakchott"},"image":{"@id":"https:\/\/lequotidien.mr\/#\/schema\/logo\/image\/"},"sameAs":["https:\/\/web.facebook.com\/lequotidienmr","https:\/\/x.com\/lequotidienmr"]},{"@type":"Person","@id":"https:\/\/lequotidien.mr\/#\/schema\/person\/f90fcdaa970c60288de4ed2e64a56472","name":"Le Quotidien","image":{"@type":"ImageObject","inLanguage":"ar","@id":"https:\/\/secure.gravatar.com\/avatar\/374cb39a1a458a912465a93e5a3ce6546886fc3da809a1f10c63e4e8fcbca30f?s=96&d=mm&r=g","url":"https:\/\/secure.gravatar.com\/avatar\/374cb39a1a458a912465a93e5a3ce6546886fc3da809a1f10c63e4e8fcbca30f?s=96&d=mm&r=g","contentUrl":"https:\/\/secure.gravatar.com\/avatar\/374cb39a1a458a912465a93e5a3ce6546886fc3da809a1f10c63e4e8fcbca30f?s=96&d=mm&r=g","caption":"Le Quotidien"},"sameAs":["https:\/\/lequotidien.mr\/"],"url":"https:\/\/lequotidien.mr\/?author=4"}]}},"_links":{"self":[{"href":"https:\/\/lequotidien.mr\/index.php?rest_route=\/wp\/v2\/posts\/19896","targetHints":{"allow":["GET"]}}],"collection":[{"href":"https:\/\/lequotidien.mr\/index.php?rest_route=\/wp\/v2\/posts"}],"about":[{"href":"https:\/\/lequotidien.mr\/index.php?rest_route=\/wp\/v2\/types\/post"}],"author":[{"embeddable":true,"href":"https:\/\/lequotidien.mr\/index.php?rest_route=\/wp\/v2\/users\/4"}],"replies":[{"embeddable":true,"href":"https:\/\/lequotidien.mr\/index.php?rest_route=%2Fwp%2Fv2%2Fcomments&post=19896"}],"version-history":[{"count":1,"href":"https:\/\/lequotidien.mr\/index.php?rest_route=\/wp\/v2\/posts\/19896\/revisions"}],"predecessor-version":[{"id":19898,"href":"https:\/\/lequotidien.mr\/index.php?rest_route=\/wp\/v2\/posts\/19896\/revisions\/19898"}],"wp:featuredmedia":[{"embeddable":true,"href":"https:\/\/lequotidien.mr\/index.php?rest_route=\/wp\/v2\/media\/19897"}],"wp:attachment":[{"href":"https:\/\/lequotidien.mr\/index.php?rest_route=%2Fwp%2Fv2%2Fmedia&parent=19896"}],"wp:term":[{"taxonomy":"category","embeddable":true,"href":"https:\/\/lequotidien.mr\/index.php?rest_route=%2Fwp%2Fv2%2Fcategories&post=19896"},{"taxonomy":"post_tag","embeddable":true,"href":"https:\/\/lequotidien.mr\/index.php?rest_route=%2Fwp%2Fv2%2Ftags&post=19896"}],"curies":[{"name":"wp","href":"https:\/\/api.w.org\/{rel}","templated":true}]}}