{"id":19891,"date":"2024-07-24T10:47:46","date_gmt":"2024-07-24T10:47:46","guid":{"rendered":"https:\/\/lequotidien.mr\/?p=19891"},"modified":"2024-07-24T10:47:46","modified_gmt":"2024-07-24T10:47:46","slug":"internet-retabli-en-mauritanie-le-ministre-de-tutelle-semblait-ne-pas-etre-au-courant","status":"publish","type":"post","link":"https:\/\/lequotidien.mr\/?p=19891&lang=fr","title":{"rendered":"Internet r\u00e9tabli en Mauritanie : le ministre de tutelle semblait ne pas \u00eatre au courant"},"content":{"rendered":"<p>Apr\u00e8s 22 jours de coupure, l&#8217;acc\u00e8s \u00e0 l&#8217;internet mobile a \u00e9t\u00e9 r\u00e9tabli en Mauritanie \u00e0 minuit, dans la nuit de mardi \u00e0 mercredi. Cette d\u00e9cision marque la fin d&#8217;une p\u00e9riode de silence num\u00e9rique impos\u00e9e par les autorit\u00e9s suite aux manifestations massives rejetant les r\u00e9sultats des \u00e9lections pr\u00e9sidentielles.<\/p>\n<p>\u00c9tonnamment, quelques heures avant le r\u00e9tablissement du service, Mohamed Abdallah Ould Louly, le ministre de la Transformation num\u00e9rique, de l&#8217;Innovation et de la Modernisation de l&#8217;administration, semblait ignorer cette d\u00e9cision imminente. Lors d&#8217;une conf\u00e9rence de presse tenue mardi apr\u00e8s-midi, le ministre avait d\u00e9clar\u00e9 que le gouvernement esp\u00e9rait &#8220;un retour du service internet tr\u00e8s prochainement&#8221;, sans donner de date pr\u00e9cise.<\/p>\n<p>Cette d\u00e9claration, faite en r\u00e9ponse \u00e0 une question des journalistes, soul\u00e8ve des interrogations sur la communication et la coordination au sein du gouvernement. En effet, le ministre a insist\u00e9 sur le fait que la coupure de l&#8217;internet r\u00e9pondait \u00e0 des &#8220;consid\u00e9rations s\u00e9curitaires&#8221; et que cette d\u00e9cision, bien que lourde de cons\u00e9quences \u00e9conomiques, \u00e9tait encadr\u00e9e par la loi.<\/p>\n<p>Le ministre a ajout\u00e9 que les pertes \u00e9conomiques caus\u00e9es par cette interruption auraient pu \u00eatre bien plus importantes si l&#8217;internet n&#8217;avait pas \u00e9t\u00e9 coup\u00e9, justifiant ainsi la mesure drastique prise par les autorit\u00e9s.<\/p>\n<p>La coupure de l&#8217;internet avait commenc\u00e9 \u00e0 minuit, le 2 juillet, suite aux troubles civils qui ont suivi l&#8217;annonce des r\u00e9sultats des \u00e9lections pr\u00e9sidentielles. Ces manifestations, qui se sont d\u00e9roul\u00e9es dans plusieurs villes du pays, ont conduit les autorit\u00e9s \u00e0 prendre des mesures s\u00e9v\u00e8res pour maintenir l&#8217;ordre public.<\/p>\n<p>Le r\u00e9tablissement du service internet, annonc\u00e9 sans pr\u00e9avis, pose la question de la transparence et de la communication interne au sein du gouvernement mauritanien. Les citoyens et les entreprises, lourdement affect\u00e9s par cette coupure, attendaient impatiemment cette nouvelle, esp\u00e9rant d\u00e9sormais une stabilit\u00e9 et une continuit\u00e9 des services essentiels.<\/p>\n<p>Cette situation met en lumi\u00e8re les d\u00e9fis auxquels fait face la Mauritanie en mati\u00e8re de gestion de crise et de communication gouvernementale, des \u00e9l\u00e9ments cruciaux pour la confiance du public et la stabilit\u00e9 \u00e9conomique du pays.<\/p>\n<p>&nbsp;<\/p>\n","protected":false},"excerpt":{"rendered":"<p>Apr\u00e8s 22 jours de coupure, l&#8217;acc\u00e8s \u00e0 l&#8217;internet mobile a \u00e9t\u00e9 r\u00e9tabli en Mauritanie \u00e0 minuit, dans la nuit de mardi \u00e0 mercredi. Cette d\u00e9cision marque la fin d&#8217;une p\u00e9riode de silence num\u00e9rique impos\u00e9e par les autorit\u00e9s suite aux manifestations massives rejetant les r\u00e9sultats des \u00e9lections pr\u00e9sidentielles. \u00c9tonnamment, quelques heures avant le r\u00e9tablissement du service,&#8230;..<\/p>\n","protected":false},"author":4,"featured_media":19881,"comment_status":"open","ping_status":"open","sticky":false,"template":"","format":"standard","meta":{"footnotes":""},"categories":[23,57],"tags":[],"class_list":["post-19891","post","type-post","status-publish","format-standard","has-post-thumbnail","hentry","category-actualite","category-couverture-specilale"],"yoast_head":"<!-- This site is optimized with the Yoast SEO plugin v27.5 - https:\/\/yoast.com\/product\/yoast-seo-wordpress\/ -->\n<title>Internet r\u00e9tabli en Mauritanie : le ministre de tutelle semblait ne pas \u00eatre au courant - Le Quotidien de Nouakchott<\/title>\n<meta name=\"robots\" content=\"index, follow, max-snippet:-1, max-image-preview:large, max-video-preview:-1\" \/>\n<link rel=\"canonical\" href=\"https:\/\/lequotidien.mr\/?p=19891&lang=fr\" \/>\n<meta property=\"og:locale\" content=\"ar_AR\" \/>\n<meta property=\"og:type\" content=\"article\" \/>\n<meta property=\"og:title\" content=\"Internet r\u00e9tabli en Mauritanie : le ministre de tutelle semblait ne pas \u00eatre au courant - Le Quotidien de Nouakchott\" \/>\n<meta property=\"og:description\" content=\"Apr\u00e8s 22 jours de coupure, l&#8217;acc\u00e8s \u00e0 l&#8217;internet mobile a \u00e9t\u00e9 r\u00e9tabli en Mauritanie \u00e0 minuit, dans la nuit de mardi \u00e0 mercredi. Cette d\u00e9cision marque la fin d&#8217;une p\u00e9riode de silence num\u00e9rique impos\u00e9e par les autorit\u00e9s suite aux manifestations massives rejetant les r\u00e9sultats des \u00e9lections pr\u00e9sidentielles. \u00c9tonnamment, quelques heures avant le r\u00e9tablissement du service,.....\" \/>\n<meta property=\"og:url\" content=\"https:\/\/lequotidien.mr\/?p=19891&amp;lang=fr\" \/>\n<meta property=\"og:site_name\" content=\"Le Quotidien de Nouakchott\" \/>\n<meta property=\"article:publisher\" content=\"https:\/\/web.facebook.com\/lequotidienmr\" \/>\n<meta property=\"article:published_time\" content=\"2024-07-24T10:47:46+00:00\" \/>\n<meta property=\"og:image\" content=\"https:\/\/lequotidien.mr\/wp-content\/uploads\/2024\/07\/photo-point-de-presse-Porte-parole-gmt.jpg\" \/>\n\t<meta property=\"og:image:width\" content=\"521\" \/>\n\t<meta property=\"og:image:height\" content=\"411\" \/>\n\t<meta property=\"og:image:type\" content=\"image\/jpeg\" \/>\n<meta name=\"author\" content=\"Le Quotidien\" \/>\n<meta name=\"twitter:card\" content=\"summary_large_image\" \/>\n<meta name=\"twitter:creator\" content=\"@lequotidienmr\" \/>\n<meta name=\"twitter:site\" content=\"@lequotidienmr\" \/>\n<meta name=\"twitter:label1\" content=\"\u0643\u064f\u062a\u0628 \u0628\u0648\u0627\u0633\u0637\u0629\" \/>\n\t<meta name=\"twitter:data1\" content=\"Le Quotidien\" \/>\n\t<meta name=\"twitter:label2\" content=\"\u0648\u0642\u062a \u0627\u0644\u0642\u0631\u0627\u0621\u0629 \u0627\u0644\u0645\u064f\u0642\u062f\u0651\u0631\" \/>\n\t<meta name=\"twitter:data2\" content=\"\u062f\u0642\u064a\u0642\u062a\u0627\u0646\" \/>\n<script type=\"application\/ld+json\" class=\"yoast-schema-graph\">{\"@context\":\"https:\\\/\\\/schema.org\",\"@graph\":[{\"@type\":\"Article\",\"@id\":\"https:\\\/\\\/lequotidien.mr\\\/?p=19891&lang=fr#article\",\"isPartOf\":{\"@id\":\"https:\\\/\\\/lequotidien.mr\\\/?p=19891&lang=fr\"},\"author\":{\"name\":\"Le Quotidien\",\"@id\":\"https:\\\/\\\/lequotidien.mr\\\/#\\\/schema\\\/person\\\/f90fcdaa970c60288de4ed2e64a56472\"},\"headline\":\"Internet r\u00e9tabli en Mauritanie : le ministre de tutelle semblait ne pas \u00eatre au courant\",\"datePublished\":\"2024-07-24T10:47:46+00:00\",\"mainEntityOfPage\":{\"@id\":\"https:\\\/\\\/lequotidien.mr\\\/?p=19891&lang=fr\"},\"wordCount\":393,\"commentCount\":0,\"publisher\":{\"@id\":\"https:\\\/\\\/lequotidien.mr\\\/#organization\"},\"image\":{\"@id\":\"https:\\\/\\\/lequotidien.mr\\\/?p=19891&lang=fr#primaryimage\"},\"thumbnailUrl\":\"https:\\\/\\\/lequotidien.mr\\\/wp-content\\\/uploads\\\/2024\\\/07\\\/photo-point-de-presse-Porte-parole-gmt.jpg\",\"articleSection\":[\"ACTUALIT\u00c9\",\"Couverture sp\u00e9cilale\"],\"inLanguage\":\"ar\",\"potentialAction\":[{\"@type\":\"CommentAction\",\"name\":\"Comment\",\"target\":[\"https:\\\/\\\/lequotidien.mr\\\/?p=19891&lang=fr#respond\"]}]},{\"@type\":\"WebPage\",\"@id\":\"https:\\\/\\\/lequotidien.mr\\\/?p=19891&lang=fr\",\"url\":\"https:\\\/\\\/lequotidien.mr\\\/?p=19891&lang=fr\",\"name\":\"Internet r\u00e9tabli en Mauritanie : le ministre de tutelle semblait ne pas \u00eatre au courant - Le Quotidien de Nouakchott\",\"isPartOf\":{\"@id\":\"https:\\\/\\\/lequotidien.mr\\\/#website\"},\"primaryImageOfPage\":{\"@id\":\"https:\\\/\\\/lequotidien.mr\\\/?p=19891&lang=fr#primaryimage\"},\"image\":{\"@id\":\"https:\\\/\\\/lequotidien.mr\\\/?p=19891&lang=fr#primaryimage\"},\"thumbnailUrl\":\"https:\\\/\\\/lequotidien.mr\\\/wp-content\\\/uploads\\\/2024\\\/07\\\/photo-point-de-presse-Porte-parole-gmt.jpg\",\"datePublished\":\"2024-07-24T10:47:46+00:00\",\"breadcrumb\":{\"@id\":\"https:\\\/\\\/lequotidien.mr\\\/?p=19891&lang=fr#breadcrumb\"},\"inLanguage\":\"ar\",\"potentialAction\":[{\"@type\":\"ReadAction\",\"target\":[\"https:\\\/\\\/lequotidien.mr\\\/?p=19891&lang=fr\"]}]},{\"@type\":\"ImageObject\",\"inLanguage\":\"ar\",\"@id\":\"https:\\\/\\\/lequotidien.mr\\\/?p=19891&lang=fr#primaryimage\",\"url\":\"https:\\\/\\\/lequotidien.mr\\\/wp-content\\\/uploads\\\/2024\\\/07\\\/photo-point-de-presse-Porte-parole-gmt.jpg\",\"contentUrl\":\"https:\\\/\\\/lequotidien.mr\\\/wp-content\\\/uploads\\\/2024\\\/07\\\/photo-point-de-presse-Porte-parole-gmt.jpg\",\"width\":521,\"height\":411},{\"@type\":\"BreadcrumbList\",\"@id\":\"https:\\\/\\\/lequotidien.mr\\\/?p=19891&lang=fr#breadcrumb\",\"itemListElement\":[{\"@type\":\"ListItem\",\"position\":1,\"name\":\"Home\",\"item\":\"https:\\\/\\\/lequotidien.mr\\\/\"},{\"@type\":\"ListItem\",\"position\":2,\"name\":\"Internet r\u00e9tabli en Mauritanie : le ministre de tutelle semblait ne pas \u00eatre au courant\"}]},{\"@type\":\"WebSite\",\"@id\":\"https:\\\/\\\/lequotidien.mr\\\/#website\",\"url\":\"https:\\\/\\\/lequotidien.mr\\\/\",\"name\":\"Le Quotidien de Nouakchott\",\"description\":\"\u0625\u062e\u0628\u0627\u0631\u064a\u0629 \u0645\u0633\u062a\u0642\u0644\u0629 \u0644\u0644\u0623\u0646\u0628\u0627\u0621 \u0627\u0644\u0639\u0627\u0645\u0629\",\"publisher\":{\"@id\":\"https:\\\/\\\/lequotidien.mr\\\/#organization\"},\"potentialAction\":[{\"@type\":\"SearchAction\",\"target\":{\"@type\":\"EntryPoint\",\"urlTemplate\":\"https:\\\/\\\/lequotidien.mr\\\/?s={search_term_string}\"},\"query-input\":{\"@type\":\"PropertyValueSpecification\",\"valueRequired\":true,\"valueName\":\"search_term_string\"}}],\"inLanguage\":\"ar\"},{\"@type\":\"Organization\",\"@id\":\"https:\\\/\\\/lequotidien.mr\\\/#organization\",\"name\":\"Le Quotidien de Nouakchott\",\"url\":\"https:\\\/\\\/lequotidien.mr\\\/\",\"logo\":{\"@type\":\"ImageObject\",\"inLanguage\":\"ar\",\"@id\":\"https:\\\/\\\/lequotidien.mr\\\/#\\\/schema\\\/logo\\\/image\\\/\",\"url\":\"https:\\\/\\\/lequotidien.mr\\\/wp-content\\\/uploads\\\/2022\\\/11\\\/logolequotidien.jpg\",\"contentUrl\":\"https:\\\/\\\/lequotidien.mr\\\/wp-content\\\/uploads\\\/2022\\\/11\\\/logolequotidien.jpg\",\"width\":290,\"height\":65,\"caption\":\"Le Quotidien de Nouakchott\"},\"image\":{\"@id\":\"https:\\\/\\\/lequotidien.mr\\\/#\\\/schema\\\/logo\\\/image\\\/\"},\"sameAs\":[\"https:\\\/\\\/web.facebook.com\\\/lequotidienmr\",\"https:\\\/\\\/x.com\\\/lequotidienmr\"]},{\"@type\":\"Person\",\"@id\":\"https:\\\/\\\/lequotidien.mr\\\/#\\\/schema\\\/person\\\/f90fcdaa970c60288de4ed2e64a56472\",\"name\":\"Le Quotidien\",\"image\":{\"@type\":\"ImageObject\",\"inLanguage\":\"ar\",\"@id\":\"https:\\\/\\\/secure.gravatar.com\\\/avatar\\\/374cb39a1a458a912465a93e5a3ce6546886fc3da809a1f10c63e4e8fcbca30f?s=96&d=mm&r=g\",\"url\":\"https:\\\/\\\/secure.gravatar.com\\\/avatar\\\/374cb39a1a458a912465a93e5a3ce6546886fc3da809a1f10c63e4e8fcbca30f?s=96&d=mm&r=g\",\"contentUrl\":\"https:\\\/\\\/secure.gravatar.com\\\/avatar\\\/374cb39a1a458a912465a93e5a3ce6546886fc3da809a1f10c63e4e8fcbca30f?s=96&d=mm&r=g\",\"caption\":\"Le Quotidien\"},\"sameAs\":[\"https:\\\/\\\/lequotidien.mr\\\/\"],\"url\":\"https:\\\/\\\/lequotidien.mr\\\/?author=4\"}]}<\/script>\n<!-- \/ Yoast SEO plugin. -->","yoast_head_json":{"title":"Internet r\u00e9tabli en Mauritanie : le ministre de tutelle semblait ne pas \u00eatre au courant - Le Quotidien de Nouakchott","robots":{"index":"index","follow":"follow","max-snippet":"max-snippet:-1","max-image-preview":"max-image-preview:large","max-video-preview":"max-video-preview:-1"},"canonical":"https:\/\/lequotidien.mr\/?p=19891&lang=fr","og_locale":"ar_AR","og_type":"article","og_title":"Internet r\u00e9tabli en Mauritanie : le ministre de tutelle semblait ne pas \u00eatre au courant - Le Quotidien de Nouakchott","og_description":"Apr\u00e8s 22 jours de coupure, l&#8217;acc\u00e8s \u00e0 l&#8217;internet mobile a \u00e9t\u00e9 r\u00e9tabli en Mauritanie \u00e0 minuit, dans la nuit de mardi \u00e0 mercredi. Cette d\u00e9cision marque la fin d&#8217;une p\u00e9riode de silence num\u00e9rique impos\u00e9e par les autorit\u00e9s suite aux manifestations massives rejetant les r\u00e9sultats des \u00e9lections pr\u00e9sidentielles. \u00c9tonnamment, quelques heures avant le r\u00e9tablissement du service,.....","og_url":"https:\/\/lequotidien.mr\/?p=19891&lang=fr","og_site_name":"Le Quotidien de Nouakchott","article_publisher":"https:\/\/web.facebook.com\/lequotidienmr","article_published_time":"2024-07-24T10:47:46+00:00","og_image":[{"width":521,"height":411,"url":"https:\/\/lequotidien.mr\/wp-content\/uploads\/2024\/07\/photo-point-de-presse-Porte-parole-gmt.jpg","type":"image\/jpeg"}],"author":"Le Quotidien","twitter_card":"summary_large_image","twitter_creator":"@lequotidienmr","twitter_site":"@lequotidienmr","twitter_misc":{"\u0643\u064f\u062a\u0628 \u0628\u0648\u0627\u0633\u0637\u0629":"Le Quotidien","\u0648\u0642\u062a \u0627\u0644\u0642\u0631\u0627\u0621\u0629 \u0627\u0644\u0645\u064f\u0642\u062f\u0651\u0631":"\u062f\u0642\u064a\u0642\u062a\u0627\u0646"},"schema":{"@context":"https:\/\/schema.org","@graph":[{"@type":"Article","@id":"https:\/\/lequotidien.mr\/?p=19891&lang=fr#article","isPartOf":{"@id":"https:\/\/lequotidien.mr\/?p=19891&lang=fr"},"author":{"name":"Le Quotidien","@id":"https:\/\/lequotidien.mr\/#\/schema\/person\/f90fcdaa970c60288de4ed2e64a56472"},"headline":"Internet r\u00e9tabli en Mauritanie : le ministre de tutelle semblait ne pas \u00eatre au courant","datePublished":"2024-07-24T10:47:46+00:00","mainEntityOfPage":{"@id":"https:\/\/lequotidien.mr\/?p=19891&lang=fr"},"wordCount":393,"commentCount":0,"publisher":{"@id":"https:\/\/lequotidien.mr\/#organization"},"image":{"@id":"https:\/\/lequotidien.mr\/?p=19891&lang=fr#primaryimage"},"thumbnailUrl":"https:\/\/lequotidien.mr\/wp-content\/uploads\/2024\/07\/photo-point-de-presse-Porte-parole-gmt.jpg","articleSection":["ACTUALIT\u00c9","Couverture sp\u00e9cilale"],"inLanguage":"ar","potentialAction":[{"@type":"CommentAction","name":"Comment","target":["https:\/\/lequotidien.mr\/?p=19891&lang=fr#respond"]}]},{"@type":"WebPage","@id":"https:\/\/lequotidien.mr\/?p=19891&lang=fr","url":"https:\/\/lequotidien.mr\/?p=19891&lang=fr","name":"Internet r\u00e9tabli en Mauritanie : le ministre de tutelle semblait ne pas \u00eatre au courant - Le Quotidien de Nouakchott","isPartOf":{"@id":"https:\/\/lequotidien.mr\/#website"},"primaryImageOfPage":{"@id":"https:\/\/lequotidien.mr\/?p=19891&lang=fr#primaryimage"},"image":{"@id":"https:\/\/lequotidien.mr\/?p=19891&lang=fr#primaryimage"},"thumbnailUrl":"https:\/\/lequotidien.mr\/wp-content\/uploads\/2024\/07\/photo-point-de-presse-Porte-parole-gmt.jpg","datePublished":"2024-07-24T10:47:46+00:00","breadcrumb":{"@id":"https:\/\/lequotidien.mr\/?p=19891&lang=fr#breadcrumb"},"inLanguage":"ar","potentialAction":[{"@type":"ReadAction","target":["https:\/\/lequotidien.mr\/?p=19891&lang=fr"]}]},{"@type":"ImageObject","inLanguage":"ar","@id":"https:\/\/lequotidien.mr\/?p=19891&lang=fr#primaryimage","url":"https:\/\/lequotidien.mr\/wp-content\/uploads\/2024\/07\/photo-point-de-presse-Porte-parole-gmt.jpg","contentUrl":"https:\/\/lequotidien.mr\/wp-content\/uploads\/2024\/07\/photo-point-de-presse-Porte-parole-gmt.jpg","width":521,"height":411},{"@type":"BreadcrumbList","@id":"https:\/\/lequotidien.mr\/?p=19891&lang=fr#breadcrumb","itemListElement":[{"@type":"ListItem","position":1,"name":"Home","item":"https:\/\/lequotidien.mr\/"},{"@type":"ListItem","position":2,"name":"Internet r\u00e9tabli en Mauritanie : le ministre de tutelle semblait ne pas \u00eatre au courant"}]},{"@type":"WebSite","@id":"https:\/\/lequotidien.mr\/#website","url":"https:\/\/lequotidien.mr\/","name":"Le Quotidien de Nouakchott","description":"\u0625\u062e\u0628\u0627\u0631\u064a\u0629 \u0645\u0633\u062a\u0642\u0644\u0629 \u0644\u0644\u0623\u0646\u0628\u0627\u0621 \u0627\u0644\u0639\u0627\u0645\u0629","publisher":{"@id":"https:\/\/lequotidien.mr\/#organization"},"potentialAction":[{"@type":"SearchAction","target":{"@type":"EntryPoint","urlTemplate":"https:\/\/lequotidien.mr\/?s={search_term_string}"},"query-input":{"@type":"PropertyValueSpecification","valueRequired":true,"valueName":"search_term_string"}}],"inLanguage":"ar"},{"@type":"Organization","@id":"https:\/\/lequotidien.mr\/#organization","name":"Le Quotidien de Nouakchott","url":"https:\/\/lequotidien.mr\/","logo":{"@type":"ImageObject","inLanguage":"ar","@id":"https:\/\/lequotidien.mr\/#\/schema\/logo\/image\/","url":"https:\/\/lequotidien.mr\/wp-content\/uploads\/2022\/11\/logolequotidien.jpg","contentUrl":"https:\/\/lequotidien.mr\/wp-content\/uploads\/2022\/11\/logolequotidien.jpg","width":290,"height":65,"caption":"Le Quotidien de Nouakchott"},"image":{"@id":"https:\/\/lequotidien.mr\/#\/schema\/logo\/image\/"},"sameAs":["https:\/\/web.facebook.com\/lequotidienmr","https:\/\/x.com\/lequotidienmr"]},{"@type":"Person","@id":"https:\/\/lequotidien.mr\/#\/schema\/person\/f90fcdaa970c60288de4ed2e64a56472","name":"Le Quotidien","image":{"@type":"ImageObject","inLanguage":"ar","@id":"https:\/\/secure.gravatar.com\/avatar\/374cb39a1a458a912465a93e5a3ce6546886fc3da809a1f10c63e4e8fcbca30f?s=96&d=mm&r=g","url":"https:\/\/secure.gravatar.com\/avatar\/374cb39a1a458a912465a93e5a3ce6546886fc3da809a1f10c63e4e8fcbca30f?s=96&d=mm&r=g","contentUrl":"https:\/\/secure.gravatar.com\/avatar\/374cb39a1a458a912465a93e5a3ce6546886fc3da809a1f10c63e4e8fcbca30f?s=96&d=mm&r=g","caption":"Le Quotidien"},"sameAs":["https:\/\/lequotidien.mr\/"],"url":"https:\/\/lequotidien.mr\/?author=4"}]}},"_links":{"self":[{"href":"https:\/\/lequotidien.mr\/index.php?rest_route=\/wp\/v2\/posts\/19891","targetHints":{"allow":["GET"]}}],"collection":[{"href":"https:\/\/lequotidien.mr\/index.php?rest_route=\/wp\/v2\/posts"}],"about":[{"href":"https:\/\/lequotidien.mr\/index.php?rest_route=\/wp\/v2\/types\/post"}],"author":[{"embeddable":true,"href":"https:\/\/lequotidien.mr\/index.php?rest_route=\/wp\/v2\/users\/4"}],"replies":[{"embeddable":true,"href":"https:\/\/lequotidien.mr\/index.php?rest_route=%2Fwp%2Fv2%2Fcomments&post=19891"}],"version-history":[{"count":1,"href":"https:\/\/lequotidien.mr\/index.php?rest_route=\/wp\/v2\/posts\/19891\/revisions"}],"predecessor-version":[{"id":19892,"href":"https:\/\/lequotidien.mr\/index.php?rest_route=\/wp\/v2\/posts\/19891\/revisions\/19892"}],"wp:featuredmedia":[{"embeddable":true,"href":"https:\/\/lequotidien.mr\/index.php?rest_route=\/wp\/v2\/media\/19881"}],"wp:attachment":[{"href":"https:\/\/lequotidien.mr\/index.php?rest_route=%2Fwp%2Fv2%2Fmedia&parent=19891"}],"wp:term":[{"taxonomy":"category","embeddable":true,"href":"https:\/\/lequotidien.mr\/index.php?rest_route=%2Fwp%2Fv2%2Fcategories&post=19891"},{"taxonomy":"post_tag","embeddable":true,"href":"https:\/\/lequotidien.mr\/index.php?rest_route=%2Fwp%2Fv2%2Ftags&post=19891"}],"curies":[{"name":"wp","href":"https:\/\/api.w.org\/{rel}","templated":true}]}}