{"id":19854,"date":"2024-07-23T09:25:58","date_gmt":"2024-07-23T09:25:58","guid":{"rendered":"https:\/\/lequotidien.mr\/?p=19854"},"modified":"2024-07-23T09:25:58","modified_gmt":"2024-07-23T09:25:58","slug":"cloture-de-la-6eme-reunion-de-coordination-daccra-importante-declaration-adoptee-par-les-chefs-detat-et-de-gouvernement","status":"publish","type":"post","link":"https:\/\/lequotidien.mr\/?p=19854&lang=fr","title":{"rendered":"Cl\u00f4ture de la 6\u00e8me r\u00e9union de coordination d\u2019Accra : Importante d\u00e9claration adopt\u00e9e par les chefs d\u2019Etat et de gouvernement"},"content":{"rendered":"<p>L&#8217;Union Africaine (UA) vient de conclure sa sixi\u00e8me r\u00e9union semestrielle de coordination avec les Communaut\u00e9s \u00e9conomiques r\u00e9gionales (CER) et les m\u00e9canismes r\u00e9gionaux, sous la pr\u00e9sidence du Pr\u00e9sident de la R\u00e9publique, Mohamed Cheikh El Ghazouani, \u00e9galement Pr\u00e9sident de l\u2019Union Africaine. Cette rencontre a \u00e9t\u00e9 marqu\u00e9e par un discours tr\u00e8s engag\u00e9 du Pr\u00e9sident El Ghazouani, mettant en lumi\u00e8re l&#8217;engagement ind\u00e9fectible de l&#8217;organisation en faveur de l&#8217;int\u00e9gration continentale.<\/p>\n<p>Dans son allocution, le Pr\u00e9sident a exprim\u00e9 sa satisfaction quant \u00e0 la d\u00e9claration adopt\u00e9e lors de cette r\u00e9union, la qualifiant d&#8217;illustration parfaite de l&#8217;engagement continu de l&#8217;UA envers l&#8217;int\u00e9gration continentale. Cette d\u00e9claration met un accent particulier sur la consolidation des liens entre les communaut\u00e9s \u00e9conomiques r\u00e9gionales et renforce la coordination entre l&#8217;Union Africaine, les CER et les m\u00e9canismes r\u00e9gionaux. Cet effort concert\u00e9 vise \u00e0 cr\u00e9er un cadre solide pour favoriser le d\u00e9veloppement \u00e9conomique et social \u00e0 travers le continent.<\/p>\n<p>L&#8217;un des points centraux du discours du Pr\u00e9sident El Ghazouani a \u00e9t\u00e9 la r\u00e9affirmation de la volont\u00e9 de l&#8217;UA de plaider en faveur d&#8217;une mobilisation accrue des ressources n\u00e9cessaires pour mettre en \u0153uvre le 2e plan d\u00e9cennal de l\u2019Agenda 2063. Ce plan ambitieux vise \u00e0 acc\u00e9l\u00e9rer le d\u00e9veloppement durable de l&#8217;Afrique sur tous les fronts, avec un accent particulier sur les secteurs cl\u00e9s tels que l&#8217;\u00e9ducation, le d\u00e9veloppement des infrastructures, la digitalisation et la Zone de libre-\u00e9change continentale africaine (ZLECA).<\/p>\n<p>L&#8217;\u00e9ducation est identifi\u00e9e comme un pilier essentiel pour l&#8217;autonomisation des jeunes et la cr\u00e9ation de capacit\u00e9s critiques pour l&#8217;avenir de l&#8217;Afrique. Le d\u00e9veloppement des infrastructures est crucial pour stimuler la connectivit\u00e9 et faciliter les \u00e9changes commerciaux transfrontaliers. La digitalisation est vue comme un levier majeur pour promouvoir l&#8217;innovation, am\u00e9liorer l&#8217;acc\u00e8s aux services essentiels et transformer les \u00e9conomies africaines. Enfin, la ZLECA repr\u00e9sente une opportunit\u00e9 sans pr\u00e9c\u00e9dent pour stimuler le commerce intra-africain, renforcer l&#8217;int\u00e9gration \u00e9conomique et cr\u00e9er des emplois durables \u00e0 travers le continent.<\/p>\n<p>Le discours du Pr\u00e9sident El Ghazouani a soulign\u00e9 l&#8217;importance de la coop\u00e9ration entre l&#8217;UA, les CER et les partenaires internationaux pour garantir le succ\u00e8s de ces initiatives. Il a appel\u00e9 \u00e0 un soutien politique, technique et financier accru des partenaires internationaux pour concr\u00e9tiser ces ambitions ambitieuses.<\/p>\n<p>La r\u00e9union semestrielle de coordination a marqu\u00e9 donc une \u00e9tape cruciale dans la poursuite de l&#8217;int\u00e9gration continentale africaine. Sous la direction du Pr\u00e9sident El Ghazouani, l&#8217;UA se positionne r\u00e9solument comme un moteur de progr\u00e8s et de transformation pour l&#8217;Afrique, en poursuivant avec d\u00e9termination les objectifs ambitieux de l&#8217;Agenda 2063.<\/p>\n<p>Voici le texte int\u00e9gral du pr\u00e9sident El Ghazouani :<\/p>\n<p>\u00ab Je voudrais remercier le pr\u00e9sident de la commission africaine et ses \u00e9quipes pour l\u2019excellente qualit\u00e9 des documents de travail ainsi que pour les rapports relatifs l\u2019\u00e9tat de l\u2019int\u00e9gration en Afrique, \u00e0 la division du travail entre la commission de l\u2019union africaine et les communaut\u00e9s \u00e9conomiques r\u00e9gionales, \u00e0 l\u2019\u00e9change interr\u00e9gional de connaissances de l\u2019Union africaine sur le syst\u00e8me d\u2019alerte de riposte et sur la situation de l\u2019agenda de l\u2019Agence du D\u00e9veloppement de l\u2019Union Africaine (NEPAD).<\/p>\n<p>Je f\u00e9licite aussi la Banque africaine de D\u00e9veloppement pour son dynamisme, pour son leadership et sa pers\u00e9v\u00e9rance dans le cadre de la mobilisation des financements n\u00e9cessaires dans la mise en \u0153uvre des projets prioritaires des diff\u00e9rentes communaut\u00e9s \u00e9conomiques r\u00e9gionales.<\/p>\n<p>Excellences mesdames et messieurs,<\/p>\n<p>La d\u00e9claration que nous venons d\u2019adopter illustre parfaitement notre ind\u00e9fectible engagement en faveur de l\u2019int\u00e9gration continentale, notamment par le biais de la consolidation de l\u2019int\u00e9gration entre les communaut\u00e9s \u00e9conomiques r\u00e9gionales et le renforcement de la coordination entre l\u2019Union africaine, les communaut\u00e9s \u00e9conomiques r\u00e9gionales et les m\u00e9canismes r\u00e9gionaux.<\/p>\n<p>La commission de l\u2019Union africaine, la Banque africaine de d\u00e9veloppement et la commission des Nations unies pour l\u2019Afrique doivent pleinement jouer leurs r\u00f4les respectifs dans cette dynamique continentale qui doit n\u00e9cessairement prendre en consid\u00e9ration l\u2019int\u00e9r\u00eat collectif de nos pays.<\/p>\n<p>Ces institutions doivent aussi veiller \u00e0 assurer un suivi r\u00e9gulier de l\u2019ex\u00e9cution de nos programmes d\u2019int\u00e9gration, notamment \u00e0 travers l\u2019indice d\u2019int\u00e9gration r\u00e9gionale synth\u00e9tis\u00e9. Notre d\u00e9claration d\u2019aujourd\u2019hui refl\u00e8te \u00e9galement notre volont\u00e9 ferme de continuer \u00e0 parler d\u2019une seule voix, celle de l\u2019Afrique. Ceci r\u00e9conforte et solidifie davantage notre position dans les diff\u00e9rentes rencontres internationales.<\/p>\n<p>Nous sommes r\u00e9solument engag\u00e9s \u00e0 continuer notre fort plaidoyer pour amener des partenaires politiques, techniques et financiers de l\u2019Afrique \u00e0 adh\u00e9rer pleinement \u00e0 la mobilisation des ressources n\u00e9cessaires \u00e0 l\u2019ex\u00e9cution du 2e plan d\u00e9cennal de l\u2019Agenda 2063, adopt\u00e9 lors de notre sommet pr\u00e9c\u00e9dent et dont la mise en \u0153uvre constitue les gages de r\u00e9ussite du programme d\u2019int\u00e9gration continental.<\/p>\n<p>Nous continuerons \u00e0 mettre un accent particulier sur les programmes d\u2019\u00e9ducation, de d\u00e9veloppement des infrastructures, de digitalisation et de la zleca. Sur ce, je d\u00e9clare clos les travaux de la pr\u00e9sente r\u00e9union de coop\u00e9ration.<\/p>\n<p>Je vous remercie. \u00bb<\/p>\n","protected":false},"excerpt":{"rendered":"<p>L&#8217;Union Africaine (UA) vient de conclure sa sixi\u00e8me r\u00e9union semestrielle de coordination avec les Communaut\u00e9s \u00e9conomiques r\u00e9gionales (CER) et les m\u00e9canismes r\u00e9gionaux, sous la pr\u00e9sidence du Pr\u00e9sident de la R\u00e9publique, Mohamed Cheikh El Ghazouani, \u00e9galement Pr\u00e9sident de l\u2019Union Africaine. Cette rencontre a \u00e9t\u00e9 marqu\u00e9e par un discours tr\u00e8s engag\u00e9 du Pr\u00e9sident El Ghazouani, mettant en&#8230;..<\/p>\n","protected":false},"author":12,"featured_media":19855,"comment_status":"open","ping_status":"open","sticky":false,"template":"","format":"standard","meta":{"footnotes":""},"categories":[23,49],"tags":[],"class_list":["post-19854","post","type-post","status-publish","format-standard","has-post-thumbnail","hentry","category-actualite","category-economie"],"yoast_head":"<!-- This site is optimized with the Yoast SEO plugin v27.5 - https:\/\/yoast.com\/product\/yoast-seo-wordpress\/ -->\n<title>Cl\u00f4ture de la 6\u00e8me r\u00e9union de coordination d\u2019Accra : Importante d\u00e9claration adopt\u00e9e par les chefs d\u2019Etat et de gouvernement - Le Quotidien de Nouakchott<\/title>\n<meta name=\"robots\" content=\"index, follow, max-snippet:-1, max-image-preview:large, max-video-preview:-1\" \/>\n<link rel=\"canonical\" href=\"https:\/\/lequotidien.mr\/?p=19854&lang=fr\" \/>\n<meta property=\"og:locale\" content=\"ar_AR\" \/>\n<meta property=\"og:type\" content=\"article\" \/>\n<meta property=\"og:title\" content=\"Cl\u00f4ture de la 6\u00e8me r\u00e9union de coordination d\u2019Accra : Importante d\u00e9claration adopt\u00e9e par les chefs d\u2019Etat et de gouvernement - Le Quotidien de Nouakchott\" \/>\n<meta property=\"og:description\" content=\"L&#8217;Union Africaine (UA) vient de conclure sa sixi\u00e8me r\u00e9union semestrielle de coordination avec les Communaut\u00e9s \u00e9conomiques r\u00e9gionales (CER) et les m\u00e9canismes r\u00e9gionaux, sous la pr\u00e9sidence du Pr\u00e9sident de la R\u00e9publique, Mohamed Cheikh El Ghazouani, \u00e9galement Pr\u00e9sident de l\u2019Union Africaine. Cette rencontre a \u00e9t\u00e9 marqu\u00e9e par un discours tr\u00e8s engag\u00e9 du Pr\u00e9sident El Ghazouani, mettant en.....\" \/>\n<meta property=\"og:url\" content=\"https:\/\/lequotidien.mr\/?p=19854&amp;lang=fr\" \/>\n<meta property=\"og:site_name\" content=\"Le Quotidien de Nouakchott\" \/>\n<meta property=\"article:publisher\" content=\"https:\/\/web.facebook.com\/lequotidienmr\" \/>\n<meta property=\"article:published_time\" content=\"2024-07-23T09:25:58+00:00\" \/>\n<meta property=\"og:image\" content=\"https:\/\/lequotidien.mr\/wp-content\/uploads\/2024\/07\/photo-El-Ghazeouani-Accra.png\" \/>\n\t<meta property=\"og:image:width\" content=\"800\" \/>\n\t<meta property=\"og:image:height\" content=\"482\" \/>\n\t<meta property=\"og:image:type\" content=\"image\/png\" \/>\n<meta name=\"author\" content=\"Med Ahmed\" \/>\n<meta name=\"twitter:card\" content=\"summary_large_image\" \/>\n<meta name=\"twitter:creator\" content=\"@lequotidienmr\" \/>\n<meta name=\"twitter:site\" content=\"@lequotidienmr\" \/>\n<meta name=\"twitter:label1\" content=\"\u0643\u064f\u062a\u0628 \u0628\u0648\u0627\u0633\u0637\u0629\" \/>\n\t<meta name=\"twitter:data1\" content=\"Med Ahmed\" \/>\n\t<meta name=\"twitter:label2\" content=\"\u0648\u0642\u062a \u0627\u0644\u0642\u0631\u0627\u0621\u0629 \u0627\u0644\u0645\u064f\u0642\u062f\u0651\u0631\" \/>\n\t<meta name=\"twitter:data2\" content=\"4 \u062f\u0642\u0627\u0626\u0642\" \/>\n<script type=\"application\/ld+json\" class=\"yoast-schema-graph\">{\"@context\":\"https:\\\/\\\/schema.org\",\"@graph\":[{\"@type\":\"Article\",\"@id\":\"https:\\\/\\\/lequotidien.mr\\\/?p=19854&lang=fr#article\",\"isPartOf\":{\"@id\":\"https:\\\/\\\/lequotidien.mr\\\/?p=19854&lang=fr\"},\"author\":{\"name\":\"Med Ahmed\",\"@id\":\"https:\\\/\\\/lequotidien.mr\\\/#\\\/schema\\\/person\\\/d2d350202a4d599685ed8abc25f97596\"},\"headline\":\"Cl\u00f4ture de la 6\u00e8me r\u00e9union de coordination d\u2019Accra : Importante d\u00e9claration adopt\u00e9e par les chefs d\u2019Etat et de gouvernement\",\"datePublished\":\"2024-07-23T09:25:58+00:00\",\"mainEntityOfPage\":{\"@id\":\"https:\\\/\\\/lequotidien.mr\\\/?p=19854&lang=fr\"},\"wordCount\":942,\"commentCount\":0,\"publisher\":{\"@id\":\"https:\\\/\\\/lequotidien.mr\\\/#organization\"},\"image\":{\"@id\":\"https:\\\/\\\/lequotidien.mr\\\/?p=19854&lang=fr#primaryimage\"},\"thumbnailUrl\":\"https:\\\/\\\/lequotidien.mr\\\/wp-content\\\/uploads\\\/2024\\\/07\\\/photo-El-Ghazeouani-Accra.png\",\"articleSection\":[\"ACTUALIT\u00c9\",\"Economie\"],\"inLanguage\":\"ar\",\"potentialAction\":[{\"@type\":\"CommentAction\",\"name\":\"Comment\",\"target\":[\"https:\\\/\\\/lequotidien.mr\\\/?p=19854&lang=fr#respond\"]}]},{\"@type\":\"WebPage\",\"@id\":\"https:\\\/\\\/lequotidien.mr\\\/?p=19854&lang=fr\",\"url\":\"https:\\\/\\\/lequotidien.mr\\\/?p=19854&lang=fr\",\"name\":\"Cl\u00f4ture de la 6\u00e8me r\u00e9union de coordination d\u2019Accra : Importante d\u00e9claration adopt\u00e9e par les chefs d\u2019Etat et de gouvernement - Le Quotidien de Nouakchott\",\"isPartOf\":{\"@id\":\"https:\\\/\\\/lequotidien.mr\\\/#website\"},\"primaryImageOfPage\":{\"@id\":\"https:\\\/\\\/lequotidien.mr\\\/?p=19854&lang=fr#primaryimage\"},\"image\":{\"@id\":\"https:\\\/\\\/lequotidien.mr\\\/?p=19854&lang=fr#primaryimage\"},\"thumbnailUrl\":\"https:\\\/\\\/lequotidien.mr\\\/wp-content\\\/uploads\\\/2024\\\/07\\\/photo-El-Ghazeouani-Accra.png\",\"datePublished\":\"2024-07-23T09:25:58+00:00\",\"breadcrumb\":{\"@id\":\"https:\\\/\\\/lequotidien.mr\\\/?p=19854&lang=fr#breadcrumb\"},\"inLanguage\":\"ar\",\"potentialAction\":[{\"@type\":\"ReadAction\",\"target\":[\"https:\\\/\\\/lequotidien.mr\\\/?p=19854&lang=fr\"]}]},{\"@type\":\"ImageObject\",\"inLanguage\":\"ar\",\"@id\":\"https:\\\/\\\/lequotidien.mr\\\/?p=19854&lang=fr#primaryimage\",\"url\":\"https:\\\/\\\/lequotidien.mr\\\/wp-content\\\/uploads\\\/2024\\\/07\\\/photo-El-Ghazeouani-Accra.png\",\"contentUrl\":\"https:\\\/\\\/lequotidien.mr\\\/wp-content\\\/uploads\\\/2024\\\/07\\\/photo-El-Ghazeouani-Accra.png\",\"width\":800,\"height\":482},{\"@type\":\"BreadcrumbList\",\"@id\":\"https:\\\/\\\/lequotidien.mr\\\/?p=19854&lang=fr#breadcrumb\",\"itemListElement\":[{\"@type\":\"ListItem\",\"position\":1,\"name\":\"Home\",\"item\":\"https:\\\/\\\/lequotidien.mr\\\/\"},{\"@type\":\"ListItem\",\"position\":2,\"name\":\"Cl\u00f4ture de la 6\u00e8me r\u00e9union de coordination d\u2019Accra : Importante d\u00e9claration adopt\u00e9e par les chefs d\u2019Etat et de gouvernement\"}]},{\"@type\":\"WebSite\",\"@id\":\"https:\\\/\\\/lequotidien.mr\\\/#website\",\"url\":\"https:\\\/\\\/lequotidien.mr\\\/\",\"name\":\"Le Quotidien de Nouakchott\",\"description\":\"\u0625\u062e\u0628\u0627\u0631\u064a\u0629 \u0645\u0633\u062a\u0642\u0644\u0629 \u0644\u0644\u0623\u0646\u0628\u0627\u0621 \u0627\u0644\u0639\u0627\u0645\u0629\",\"publisher\":{\"@id\":\"https:\\\/\\\/lequotidien.mr\\\/#organization\"},\"potentialAction\":[{\"@type\":\"SearchAction\",\"target\":{\"@type\":\"EntryPoint\",\"urlTemplate\":\"https:\\\/\\\/lequotidien.mr\\\/?s={search_term_string}\"},\"query-input\":{\"@type\":\"PropertyValueSpecification\",\"valueRequired\":true,\"valueName\":\"search_term_string\"}}],\"inLanguage\":\"ar\"},{\"@type\":\"Organization\",\"@id\":\"https:\\\/\\\/lequotidien.mr\\\/#organization\",\"name\":\"Le Quotidien de Nouakchott\",\"url\":\"https:\\\/\\\/lequotidien.mr\\\/\",\"logo\":{\"@type\":\"ImageObject\",\"inLanguage\":\"ar\",\"@id\":\"https:\\\/\\\/lequotidien.mr\\\/#\\\/schema\\\/logo\\\/image\\\/\",\"url\":\"https:\\\/\\\/lequotidien.mr\\\/wp-content\\\/uploads\\\/2022\\\/11\\\/logolequotidien.jpg\",\"contentUrl\":\"https:\\\/\\\/lequotidien.mr\\\/wp-content\\\/uploads\\\/2022\\\/11\\\/logolequotidien.jpg\",\"width\":290,\"height\":65,\"caption\":\"Le Quotidien de Nouakchott\"},\"image\":{\"@id\":\"https:\\\/\\\/lequotidien.mr\\\/#\\\/schema\\\/logo\\\/image\\\/\"},\"sameAs\":[\"https:\\\/\\\/web.facebook.com\\\/lequotidienmr\",\"https:\\\/\\\/x.com\\\/lequotidienmr\"]},{\"@type\":\"Person\",\"@id\":\"https:\\\/\\\/lequotidien.mr\\\/#\\\/schema\\\/person\\\/d2d350202a4d599685ed8abc25f97596\",\"name\":\"Med Ahmed\",\"image\":{\"@type\":\"ImageObject\",\"inLanguage\":\"ar\",\"@id\":\"https:\\\/\\\/secure.gravatar.com\\\/avatar\\\/fd2acc62ed50732923d1d39c17172c9b04149f142be92310ecc69e1358f94b52?s=96&d=mm&r=g\",\"url\":\"https:\\\/\\\/secure.gravatar.com\\\/avatar\\\/fd2acc62ed50732923d1d39c17172c9b04149f142be92310ecc69e1358f94b52?s=96&d=mm&r=g\",\"contentUrl\":\"https:\\\/\\\/secure.gravatar.com\\\/avatar\\\/fd2acc62ed50732923d1d39c17172c9b04149f142be92310ecc69e1358f94b52?s=96&d=mm&r=g\",\"caption\":\"Med Ahmed\"},\"url\":\"https:\\\/\\\/lequotidien.mr\\\/?author=12\"}]}<\/script>\n<!-- \/ Yoast SEO plugin. -->","yoast_head_json":{"title":"Cl\u00f4ture de la 6\u00e8me r\u00e9union de coordination d\u2019Accra : Importante d\u00e9claration adopt\u00e9e par les chefs d\u2019Etat et de gouvernement - Le Quotidien de Nouakchott","robots":{"index":"index","follow":"follow","max-snippet":"max-snippet:-1","max-image-preview":"max-image-preview:large","max-video-preview":"max-video-preview:-1"},"canonical":"https:\/\/lequotidien.mr\/?p=19854&lang=fr","og_locale":"ar_AR","og_type":"article","og_title":"Cl\u00f4ture de la 6\u00e8me r\u00e9union de coordination d\u2019Accra : Importante d\u00e9claration adopt\u00e9e par les chefs d\u2019Etat et de gouvernement - Le Quotidien de Nouakchott","og_description":"L&#8217;Union Africaine (UA) vient de conclure sa sixi\u00e8me r\u00e9union semestrielle de coordination avec les Communaut\u00e9s \u00e9conomiques r\u00e9gionales (CER) et les m\u00e9canismes r\u00e9gionaux, sous la pr\u00e9sidence du Pr\u00e9sident de la R\u00e9publique, Mohamed Cheikh El Ghazouani, \u00e9galement Pr\u00e9sident de l\u2019Union Africaine. Cette rencontre a \u00e9t\u00e9 marqu\u00e9e par un discours tr\u00e8s engag\u00e9 du Pr\u00e9sident El Ghazouani, mettant en.....","og_url":"https:\/\/lequotidien.mr\/?p=19854&lang=fr","og_site_name":"Le Quotidien de Nouakchott","article_publisher":"https:\/\/web.facebook.com\/lequotidienmr","article_published_time":"2024-07-23T09:25:58+00:00","og_image":[{"width":800,"height":482,"url":"https:\/\/lequotidien.mr\/wp-content\/uploads\/2024\/07\/photo-El-Ghazeouani-Accra.png","type":"image\/png"}],"author":"Med Ahmed","twitter_card":"summary_large_image","twitter_creator":"@lequotidienmr","twitter_site":"@lequotidienmr","twitter_misc":{"\u0643\u064f\u062a\u0628 \u0628\u0648\u0627\u0633\u0637\u0629":"Med Ahmed","\u0648\u0642\u062a \u0627\u0644\u0642\u0631\u0627\u0621\u0629 \u0627\u0644\u0645\u064f\u0642\u062f\u0651\u0631":"4 \u062f\u0642\u0627\u0626\u0642"},"schema":{"@context":"https:\/\/schema.org","@graph":[{"@type":"Article","@id":"https:\/\/lequotidien.mr\/?p=19854&lang=fr#article","isPartOf":{"@id":"https:\/\/lequotidien.mr\/?p=19854&lang=fr"},"author":{"name":"Med Ahmed","@id":"https:\/\/lequotidien.mr\/#\/schema\/person\/d2d350202a4d599685ed8abc25f97596"},"headline":"Cl\u00f4ture de la 6\u00e8me r\u00e9union de coordination d\u2019Accra : Importante d\u00e9claration adopt\u00e9e par les chefs d\u2019Etat et de gouvernement","datePublished":"2024-07-23T09:25:58+00:00","mainEntityOfPage":{"@id":"https:\/\/lequotidien.mr\/?p=19854&lang=fr"},"wordCount":942,"commentCount":0,"publisher":{"@id":"https:\/\/lequotidien.mr\/#organization"},"image":{"@id":"https:\/\/lequotidien.mr\/?p=19854&lang=fr#primaryimage"},"thumbnailUrl":"https:\/\/lequotidien.mr\/wp-content\/uploads\/2024\/07\/photo-El-Ghazeouani-Accra.png","articleSection":["ACTUALIT\u00c9","Economie"],"inLanguage":"ar","potentialAction":[{"@type":"CommentAction","name":"Comment","target":["https:\/\/lequotidien.mr\/?p=19854&lang=fr#respond"]}]},{"@type":"WebPage","@id":"https:\/\/lequotidien.mr\/?p=19854&lang=fr","url":"https:\/\/lequotidien.mr\/?p=19854&lang=fr","name":"Cl\u00f4ture de la 6\u00e8me r\u00e9union de coordination d\u2019Accra : Importante d\u00e9claration adopt\u00e9e par les chefs d\u2019Etat et de gouvernement - Le Quotidien de Nouakchott","isPartOf":{"@id":"https:\/\/lequotidien.mr\/#website"},"primaryImageOfPage":{"@id":"https:\/\/lequotidien.mr\/?p=19854&lang=fr#primaryimage"},"image":{"@id":"https:\/\/lequotidien.mr\/?p=19854&lang=fr#primaryimage"},"thumbnailUrl":"https:\/\/lequotidien.mr\/wp-content\/uploads\/2024\/07\/photo-El-Ghazeouani-Accra.png","datePublished":"2024-07-23T09:25:58+00:00","breadcrumb":{"@id":"https:\/\/lequotidien.mr\/?p=19854&lang=fr#breadcrumb"},"inLanguage":"ar","potentialAction":[{"@type":"ReadAction","target":["https:\/\/lequotidien.mr\/?p=19854&lang=fr"]}]},{"@type":"ImageObject","inLanguage":"ar","@id":"https:\/\/lequotidien.mr\/?p=19854&lang=fr#primaryimage","url":"https:\/\/lequotidien.mr\/wp-content\/uploads\/2024\/07\/photo-El-Ghazeouani-Accra.png","contentUrl":"https:\/\/lequotidien.mr\/wp-content\/uploads\/2024\/07\/photo-El-Ghazeouani-Accra.png","width":800,"height":482},{"@type":"BreadcrumbList","@id":"https:\/\/lequotidien.mr\/?p=19854&lang=fr#breadcrumb","itemListElement":[{"@type":"ListItem","position":1,"name":"Home","item":"https:\/\/lequotidien.mr\/"},{"@type":"ListItem","position":2,"name":"Cl\u00f4ture de la 6\u00e8me r\u00e9union de coordination d\u2019Accra : Importante d\u00e9claration adopt\u00e9e par les chefs d\u2019Etat et de gouvernement"}]},{"@type":"WebSite","@id":"https:\/\/lequotidien.mr\/#website","url":"https:\/\/lequotidien.mr\/","name":"Le Quotidien de Nouakchott","description":"\u0625\u062e\u0628\u0627\u0631\u064a\u0629 \u0645\u0633\u062a\u0642\u0644\u0629 \u0644\u0644\u0623\u0646\u0628\u0627\u0621 \u0627\u0644\u0639\u0627\u0645\u0629","publisher":{"@id":"https:\/\/lequotidien.mr\/#organization"},"potentialAction":[{"@type":"SearchAction","target":{"@type":"EntryPoint","urlTemplate":"https:\/\/lequotidien.mr\/?s={search_term_string}"},"query-input":{"@type":"PropertyValueSpecification","valueRequired":true,"valueName":"search_term_string"}}],"inLanguage":"ar"},{"@type":"Organization","@id":"https:\/\/lequotidien.mr\/#organization","name":"Le Quotidien de Nouakchott","url":"https:\/\/lequotidien.mr\/","logo":{"@type":"ImageObject","inLanguage":"ar","@id":"https:\/\/lequotidien.mr\/#\/schema\/logo\/image\/","url":"https:\/\/lequotidien.mr\/wp-content\/uploads\/2022\/11\/logolequotidien.jpg","contentUrl":"https:\/\/lequotidien.mr\/wp-content\/uploads\/2022\/11\/logolequotidien.jpg","width":290,"height":65,"caption":"Le Quotidien de Nouakchott"},"image":{"@id":"https:\/\/lequotidien.mr\/#\/schema\/logo\/image\/"},"sameAs":["https:\/\/web.facebook.com\/lequotidienmr","https:\/\/x.com\/lequotidienmr"]},{"@type":"Person","@id":"https:\/\/lequotidien.mr\/#\/schema\/person\/d2d350202a4d599685ed8abc25f97596","name":"Med Ahmed","image":{"@type":"ImageObject","inLanguage":"ar","@id":"https:\/\/secure.gravatar.com\/avatar\/fd2acc62ed50732923d1d39c17172c9b04149f142be92310ecc69e1358f94b52?s=96&d=mm&r=g","url":"https:\/\/secure.gravatar.com\/avatar\/fd2acc62ed50732923d1d39c17172c9b04149f142be92310ecc69e1358f94b52?s=96&d=mm&r=g","contentUrl":"https:\/\/secure.gravatar.com\/avatar\/fd2acc62ed50732923d1d39c17172c9b04149f142be92310ecc69e1358f94b52?s=96&d=mm&r=g","caption":"Med Ahmed"},"url":"https:\/\/lequotidien.mr\/?author=12"}]}},"_links":{"self":[{"href":"https:\/\/lequotidien.mr\/index.php?rest_route=\/wp\/v2\/posts\/19854","targetHints":{"allow":["GET"]}}],"collection":[{"href":"https:\/\/lequotidien.mr\/index.php?rest_route=\/wp\/v2\/posts"}],"about":[{"href":"https:\/\/lequotidien.mr\/index.php?rest_route=\/wp\/v2\/types\/post"}],"author":[{"embeddable":true,"href":"https:\/\/lequotidien.mr\/index.php?rest_route=\/wp\/v2\/users\/12"}],"replies":[{"embeddable":true,"href":"https:\/\/lequotidien.mr\/index.php?rest_route=%2Fwp%2Fv2%2Fcomments&post=19854"}],"version-history":[{"count":1,"href":"https:\/\/lequotidien.mr\/index.php?rest_route=\/wp\/v2\/posts\/19854\/revisions"}],"predecessor-version":[{"id":19856,"href":"https:\/\/lequotidien.mr\/index.php?rest_route=\/wp\/v2\/posts\/19854\/revisions\/19856"}],"wp:featuredmedia":[{"embeddable":true,"href":"https:\/\/lequotidien.mr\/index.php?rest_route=\/wp\/v2\/media\/19855"}],"wp:attachment":[{"href":"https:\/\/lequotidien.mr\/index.php?rest_route=%2Fwp%2Fv2%2Fmedia&parent=19854"}],"wp:term":[{"taxonomy":"category","embeddable":true,"href":"https:\/\/lequotidien.mr\/index.php?rest_route=%2Fwp%2Fv2%2Fcategories&post=19854"},{"taxonomy":"post_tag","embeddable":true,"href":"https:\/\/lequotidien.mr\/index.php?rest_route=%2Fwp%2Fv2%2Ftags&post=19854"}],"curies":[{"name":"wp","href":"https:\/\/api.w.org\/{rel}","templated":true}]}}