{"id":19850,"date":"2024-07-22T23:41:09","date_gmt":"2024-07-22T23:41:09","guid":{"rendered":"https:\/\/lequotidien.mr\/?p=19850"},"modified":"2024-07-22T23:56:30","modified_gmt":"2024-07-22T23:56:30","slug":"addis-abeba-ethiopie-la-mauritanie-participe-activement-a-la-premiere-session-du-comite-preparatoire-de-la-quatrieme-conference-sur-le-financement-du-developpement","status":"publish","type":"post","link":"https:\/\/lequotidien.mr\/?p=19850&lang=fr","title":{"rendered":"Addis-Abeba\/\u00c9thiopie : La Mauritanie participe activement \u00e0 la premi\u00e8re session du comit\u00e9 pr\u00e9paratoire de la quatri\u00e8me conf\u00e9rence sur le financement du d\u00e9veloppement"},"content":{"rendered":"<p>Lundi dernier, \u00e0 Addis-Abeba, Mohamed Yahya Saaid, Ministre D\u00e9l\u00e9gu\u00e9 aupr\u00e8s du Ministre des Affaires \u00c9trang\u00e8res, de la Coop\u00e9ration et des Mauritaniens de l\u2019Ext\u00e9rieur, charg\u00e9 des Mauritaniens de l\u2019\u00e9tranger, a particip\u00e9 \u00e0 la premi\u00e8re session du comit\u00e9 pr\u00e9paratoire de la quatri\u00e8me Conf\u00e9rence sur le Financement du D\u00e9veloppement. Cette rencontre minist\u00e9rielle, organis\u00e9e par le Conseil \u00e9conomique et social des Nations unies (ECOSOC), a pour objectif de pr\u00e9parer la prochaine Conf\u00e9rence internationale sur le financement du d\u00e9veloppement, pr\u00e9vue l&#8217;ann\u00e9e prochaine \u00e0 Madrid, en Espagne.<\/p>\n<p>Durant quatre jours, avec deux jours d\u00e9di\u00e9s aux ministres et deux autres aux hauts fonctionnaires et experts, les discussions visent \u00e0 \u00e9valuer les avanc\u00e9es et les d\u00e9fis de la mise en \u0153uvre du Plan d\u2019Action d\u2019Addis-Abeba. L&#8217;accent est mis sur l&#8217;identification des mesures n\u00e9cessaires pour acc\u00e9l\u00e9rer la r\u00e9alisation des Objectifs de D\u00e9veloppement Durable (ODD).<\/p>\n<p>le Ministre D\u00e9l\u00e9gu\u00e9 \u00e9tait accompagn\u00e9 d&#8217;une d\u00e9l\u00e9gation de haut niveau, comprenant MM. El Moustapha Sid Mohamed, conseiller du Ministre de l\u2019\u00c9conomie et du D\u00e9veloppement Durable, Mohamed Teghra, Directeur G\u00e9n\u00e9ral de l\u2019\u00c9valuation, du Suivi et des R\u00e9formes, ainsi que Baba B\u00e9chir, Chef de Service du Protocole au Minist\u00e8re des Affaires \u00c9trang\u00e8res, de la Coop\u00e9ration et des Mauritaniens de l\u2019Ext\u00e9rieur.<\/p>\n<p>La participation active de la Mauritanie \u00e0 ces discussions internationales d\u00e9montre son engagement envers le d\u00e9veloppement durable et renforce son r\u00f4le dans la coop\u00e9ration \u00e9conomique mondiale. Les conclusions de cette r\u00e9union strat\u00e9gique auront des r\u00e9percussions significatives sur les efforts mondiaux visant \u00e0 mobiliser les ressources n\u00e9cessaires pour r\u00e9aliser les objectifs de d\u00e9veloppement \u00e0 l&#8217;horizon 2030.<\/p>\n","protected":false},"excerpt":{"rendered":"<p>Lundi dernier, \u00e0 Addis-Abeba, Mohamed Yahya Saaid, Ministre D\u00e9l\u00e9gu\u00e9 aupr\u00e8s du Ministre des Affaires \u00c9trang\u00e8res, de la Coop\u00e9ration et des Mauritaniens de l\u2019Ext\u00e9rieur, charg\u00e9 des Mauritaniens de l\u2019\u00e9tranger, a particip\u00e9 \u00e0 la premi\u00e8re session du comit\u00e9 pr\u00e9paratoire de la quatri\u00e8me Conf\u00e9rence sur le Financement du D\u00e9veloppement. Cette rencontre minist\u00e9rielle, organis\u00e9e par le Conseil \u00e9conomique et&#8230;..<\/p>\n","protected":false},"author":12,"featured_media":19853,"comment_status":"open","ping_status":"open","sticky":false,"template":"","format":"standard","meta":{"footnotes":""},"categories":[23,49],"tags":[],"class_list":["post-19850","post","type-post","status-publish","format-standard","has-post-thumbnail","hentry","category-actualite","category-economie"],"yoast_head":"<!-- This site is optimized with the Yoast SEO plugin v27.5 - https:\/\/yoast.com\/product\/yoast-seo-wordpress\/ -->\n<title>Addis-Abeba\/\u00c9thiopie : La Mauritanie participe activement \u00e0 la premi\u00e8re session du comit\u00e9 pr\u00e9paratoire de la quatri\u00e8me conf\u00e9rence sur le financement du d\u00e9veloppement - Le Quotidien de Nouakchott<\/title>\n<meta name=\"robots\" content=\"index, follow, max-snippet:-1, max-image-preview:large, max-video-preview:-1\" \/>\n<link rel=\"canonical\" href=\"https:\/\/lequotidien.mr\/?p=19850&lang=fr\" \/>\n<meta property=\"og:locale\" content=\"ar_AR\" \/>\n<meta property=\"og:type\" content=\"article\" \/>\n<meta property=\"og:title\" content=\"Addis-Abeba\/\u00c9thiopie : La Mauritanie participe activement \u00e0 la premi\u00e8re session du comit\u00e9 pr\u00e9paratoire de la quatri\u00e8me conf\u00e9rence sur le financement du d\u00e9veloppement - Le Quotidien de Nouakchott\" \/>\n<meta property=\"og:description\" content=\"Lundi dernier, \u00e0 Addis-Abeba, Mohamed Yahya Saaid, Ministre D\u00e9l\u00e9gu\u00e9 aupr\u00e8s du Ministre des Affaires \u00c9trang\u00e8res, de la Coop\u00e9ration et des Mauritaniens de l\u2019Ext\u00e9rieur, charg\u00e9 des Mauritaniens de l\u2019\u00e9tranger, a particip\u00e9 \u00e0 la premi\u00e8re session du comit\u00e9 pr\u00e9paratoire de la quatri\u00e8me Conf\u00e9rence sur le Financement du D\u00e9veloppement. Cette rencontre minist\u00e9rielle, organis\u00e9e par le Conseil \u00e9conomique et.....\" \/>\n<meta property=\"og:url\" content=\"https:\/\/lequotidien.mr\/?p=19850&amp;lang=fr\" \/>\n<meta property=\"og:site_name\" content=\"Le Quotidien de Nouakchott\" \/>\n<meta property=\"article:publisher\" content=\"https:\/\/web.facebook.com\/lequotidienmr\" \/>\n<meta property=\"article:published_time\" content=\"2024-07-22T23:41:09+00:00\" \/>\n<meta property=\"article:modified_time\" content=\"2024-07-22T23:56:30+00:00\" \/>\n<meta property=\"og:image\" content=\"https:\/\/lequotidien.mr\/wp-content\/uploads\/2024\/07\/photo-dev-Ethiopie-1.png\" \/>\n\t<meta property=\"og:image:width\" content=\"448\" \/>\n\t<meta property=\"og:image:height\" content=\"269\" \/>\n\t<meta property=\"og:image:type\" content=\"image\/png\" \/>\n<meta name=\"author\" content=\"Med Ahmed\" \/>\n<meta name=\"twitter:card\" content=\"summary_large_image\" \/>\n<meta name=\"twitter:creator\" content=\"@lequotidienmr\" \/>\n<meta name=\"twitter:site\" content=\"@lequotidienmr\" \/>\n<meta name=\"twitter:label1\" content=\"\u0643\u064f\u062a\u0628 \u0628\u0648\u0627\u0633\u0637\u0629\" \/>\n\t<meta name=\"twitter:data1\" content=\"Med Ahmed\" \/>\n\t<meta name=\"twitter:label2\" content=\"\u0648\u0642\u062a \u0627\u0644\u0642\u0631\u0627\u0621\u0629 \u0627\u0644\u0645\u064f\u0642\u062f\u0651\u0631\" \/>\n\t<meta name=\"twitter:data2\" content=\"\u062f\u0642\u064a\u0642\u062a\u0627\u0646\" \/>\n<script type=\"application\/ld+json\" class=\"yoast-schema-graph\">{\"@context\":\"https:\\\/\\\/schema.org\",\"@graph\":[{\"@type\":\"Article\",\"@id\":\"https:\\\/\\\/lequotidien.mr\\\/?p=19850&lang=fr#article\",\"isPartOf\":{\"@id\":\"https:\\\/\\\/lequotidien.mr\\\/?p=19850&lang=fr\"},\"author\":{\"name\":\"Med Ahmed\",\"@id\":\"https:\\\/\\\/lequotidien.mr\\\/#\\\/schema\\\/person\\\/d2d350202a4d599685ed8abc25f97596\"},\"headline\":\"Addis-Abeba\\\/\u00c9thiopie : La Mauritanie participe activement \u00e0 la premi\u00e8re session du comit\u00e9 pr\u00e9paratoire de la quatri\u00e8me conf\u00e9rence sur le financement du d\u00e9veloppement\",\"datePublished\":\"2024-07-22T23:41:09+00:00\",\"dateModified\":\"2024-07-22T23:56:30+00:00\",\"mainEntityOfPage\":{\"@id\":\"https:\\\/\\\/lequotidien.mr\\\/?p=19850&lang=fr\"},\"wordCount\":328,\"commentCount\":0,\"publisher\":{\"@id\":\"https:\\\/\\\/lequotidien.mr\\\/#organization\"},\"image\":{\"@id\":\"https:\\\/\\\/lequotidien.mr\\\/?p=19850&lang=fr#primaryimage\"},\"thumbnailUrl\":\"https:\\\/\\\/lequotidien.mr\\\/wp-content\\\/uploads\\\/2024\\\/07\\\/photo-dev-Ethiopie-1.png\",\"articleSection\":[\"ACTUALIT\u00c9\",\"Economie\"],\"inLanguage\":\"ar\",\"potentialAction\":[{\"@type\":\"CommentAction\",\"name\":\"Comment\",\"target\":[\"https:\\\/\\\/lequotidien.mr\\\/?p=19850&lang=fr#respond\"]}]},{\"@type\":\"WebPage\",\"@id\":\"https:\\\/\\\/lequotidien.mr\\\/?p=19850&lang=fr\",\"url\":\"https:\\\/\\\/lequotidien.mr\\\/?p=19850&lang=fr\",\"name\":\"Addis-Abeba\\\/\u00c9thiopie : La Mauritanie participe activement \u00e0 la premi\u00e8re session du comit\u00e9 pr\u00e9paratoire de la quatri\u00e8me conf\u00e9rence sur le financement du d\u00e9veloppement - Le Quotidien de Nouakchott\",\"isPartOf\":{\"@id\":\"https:\\\/\\\/lequotidien.mr\\\/#website\"},\"primaryImageOfPage\":{\"@id\":\"https:\\\/\\\/lequotidien.mr\\\/?p=19850&lang=fr#primaryimage\"},\"image\":{\"@id\":\"https:\\\/\\\/lequotidien.mr\\\/?p=19850&lang=fr#primaryimage\"},\"thumbnailUrl\":\"https:\\\/\\\/lequotidien.mr\\\/wp-content\\\/uploads\\\/2024\\\/07\\\/photo-dev-Ethiopie-1.png\",\"datePublished\":\"2024-07-22T23:41:09+00:00\",\"dateModified\":\"2024-07-22T23:56:30+00:00\",\"breadcrumb\":{\"@id\":\"https:\\\/\\\/lequotidien.mr\\\/?p=19850&lang=fr#breadcrumb\"},\"inLanguage\":\"ar\",\"potentialAction\":[{\"@type\":\"ReadAction\",\"target\":[\"https:\\\/\\\/lequotidien.mr\\\/?p=19850&lang=fr\"]}]},{\"@type\":\"ImageObject\",\"inLanguage\":\"ar\",\"@id\":\"https:\\\/\\\/lequotidien.mr\\\/?p=19850&lang=fr#primaryimage\",\"url\":\"https:\\\/\\\/lequotidien.mr\\\/wp-content\\\/uploads\\\/2024\\\/07\\\/photo-dev-Ethiopie-1.png\",\"contentUrl\":\"https:\\\/\\\/lequotidien.mr\\\/wp-content\\\/uploads\\\/2024\\\/07\\\/photo-dev-Ethiopie-1.png\",\"width\":448,\"height\":269},{\"@type\":\"BreadcrumbList\",\"@id\":\"https:\\\/\\\/lequotidien.mr\\\/?p=19850&lang=fr#breadcrumb\",\"itemListElement\":[{\"@type\":\"ListItem\",\"position\":1,\"name\":\"Home\",\"item\":\"https:\\\/\\\/lequotidien.mr\\\/\"},{\"@type\":\"ListItem\",\"position\":2,\"name\":\"Addis-Abeba\\\/\u00c9thiopie : La Mauritanie participe activement \u00e0 la premi\u00e8re session du comit\u00e9 pr\u00e9paratoire de la quatri\u00e8me conf\u00e9rence sur le financement du d\u00e9veloppement\"}]},{\"@type\":\"WebSite\",\"@id\":\"https:\\\/\\\/lequotidien.mr\\\/#website\",\"url\":\"https:\\\/\\\/lequotidien.mr\\\/\",\"name\":\"Le Quotidien de Nouakchott\",\"description\":\"\u0625\u062e\u0628\u0627\u0631\u064a\u0629 \u0645\u0633\u062a\u0642\u0644\u0629 \u0644\u0644\u0623\u0646\u0628\u0627\u0621 \u0627\u0644\u0639\u0627\u0645\u0629\",\"publisher\":{\"@id\":\"https:\\\/\\\/lequotidien.mr\\\/#organization\"},\"potentialAction\":[{\"@type\":\"SearchAction\",\"target\":{\"@type\":\"EntryPoint\",\"urlTemplate\":\"https:\\\/\\\/lequotidien.mr\\\/?s={search_term_string}\"},\"query-input\":{\"@type\":\"PropertyValueSpecification\",\"valueRequired\":true,\"valueName\":\"search_term_string\"}}],\"inLanguage\":\"ar\"},{\"@type\":\"Organization\",\"@id\":\"https:\\\/\\\/lequotidien.mr\\\/#organization\",\"name\":\"Le Quotidien de Nouakchott\",\"url\":\"https:\\\/\\\/lequotidien.mr\\\/\",\"logo\":{\"@type\":\"ImageObject\",\"inLanguage\":\"ar\",\"@id\":\"https:\\\/\\\/lequotidien.mr\\\/#\\\/schema\\\/logo\\\/image\\\/\",\"url\":\"https:\\\/\\\/lequotidien.mr\\\/wp-content\\\/uploads\\\/2022\\\/11\\\/logolequotidien.jpg\",\"contentUrl\":\"https:\\\/\\\/lequotidien.mr\\\/wp-content\\\/uploads\\\/2022\\\/11\\\/logolequotidien.jpg\",\"width\":290,\"height\":65,\"caption\":\"Le Quotidien de Nouakchott\"},\"image\":{\"@id\":\"https:\\\/\\\/lequotidien.mr\\\/#\\\/schema\\\/logo\\\/image\\\/\"},\"sameAs\":[\"https:\\\/\\\/web.facebook.com\\\/lequotidienmr\",\"https:\\\/\\\/x.com\\\/lequotidienmr\"]},{\"@type\":\"Person\",\"@id\":\"https:\\\/\\\/lequotidien.mr\\\/#\\\/schema\\\/person\\\/d2d350202a4d599685ed8abc25f97596\",\"name\":\"Med Ahmed\",\"image\":{\"@type\":\"ImageObject\",\"inLanguage\":\"ar\",\"@id\":\"https:\\\/\\\/secure.gravatar.com\\\/avatar\\\/fd2acc62ed50732923d1d39c17172c9b04149f142be92310ecc69e1358f94b52?s=96&d=mm&r=g\",\"url\":\"https:\\\/\\\/secure.gravatar.com\\\/avatar\\\/fd2acc62ed50732923d1d39c17172c9b04149f142be92310ecc69e1358f94b52?s=96&d=mm&r=g\",\"contentUrl\":\"https:\\\/\\\/secure.gravatar.com\\\/avatar\\\/fd2acc62ed50732923d1d39c17172c9b04149f142be92310ecc69e1358f94b52?s=96&d=mm&r=g\",\"caption\":\"Med Ahmed\"},\"url\":\"https:\\\/\\\/lequotidien.mr\\\/?author=12\"}]}<\/script>\n<!-- \/ Yoast SEO plugin. -->","yoast_head_json":{"title":"Addis-Abeba\/\u00c9thiopie : La Mauritanie participe activement \u00e0 la premi\u00e8re session du comit\u00e9 pr\u00e9paratoire de la quatri\u00e8me conf\u00e9rence sur le financement du d\u00e9veloppement - Le Quotidien de Nouakchott","robots":{"index":"index","follow":"follow","max-snippet":"max-snippet:-1","max-image-preview":"max-image-preview:large","max-video-preview":"max-video-preview:-1"},"canonical":"https:\/\/lequotidien.mr\/?p=19850&lang=fr","og_locale":"ar_AR","og_type":"article","og_title":"Addis-Abeba\/\u00c9thiopie : La Mauritanie participe activement \u00e0 la premi\u00e8re session du comit\u00e9 pr\u00e9paratoire de la quatri\u00e8me conf\u00e9rence sur le financement du d\u00e9veloppement - Le Quotidien de Nouakchott","og_description":"Lundi dernier, \u00e0 Addis-Abeba, Mohamed Yahya Saaid, Ministre D\u00e9l\u00e9gu\u00e9 aupr\u00e8s du Ministre des Affaires \u00c9trang\u00e8res, de la Coop\u00e9ration et des Mauritaniens de l\u2019Ext\u00e9rieur, charg\u00e9 des Mauritaniens de l\u2019\u00e9tranger, a particip\u00e9 \u00e0 la premi\u00e8re session du comit\u00e9 pr\u00e9paratoire de la quatri\u00e8me Conf\u00e9rence sur le Financement du D\u00e9veloppement. Cette rencontre minist\u00e9rielle, organis\u00e9e par le Conseil \u00e9conomique et.....","og_url":"https:\/\/lequotidien.mr\/?p=19850&lang=fr","og_site_name":"Le Quotidien de Nouakchott","article_publisher":"https:\/\/web.facebook.com\/lequotidienmr","article_published_time":"2024-07-22T23:41:09+00:00","article_modified_time":"2024-07-22T23:56:30+00:00","og_image":[{"width":448,"height":269,"url":"https:\/\/lequotidien.mr\/wp-content\/uploads\/2024\/07\/photo-dev-Ethiopie-1.png","type":"image\/png"}],"author":"Med Ahmed","twitter_card":"summary_large_image","twitter_creator":"@lequotidienmr","twitter_site":"@lequotidienmr","twitter_misc":{"\u0643\u064f\u062a\u0628 \u0628\u0648\u0627\u0633\u0637\u0629":"Med Ahmed","\u0648\u0642\u062a \u0627\u0644\u0642\u0631\u0627\u0621\u0629 \u0627\u0644\u0645\u064f\u0642\u062f\u0651\u0631":"\u062f\u0642\u064a\u0642\u062a\u0627\u0646"},"schema":{"@context":"https:\/\/schema.org","@graph":[{"@type":"Article","@id":"https:\/\/lequotidien.mr\/?p=19850&lang=fr#article","isPartOf":{"@id":"https:\/\/lequotidien.mr\/?p=19850&lang=fr"},"author":{"name":"Med Ahmed","@id":"https:\/\/lequotidien.mr\/#\/schema\/person\/d2d350202a4d599685ed8abc25f97596"},"headline":"Addis-Abeba\/\u00c9thiopie : La Mauritanie participe activement \u00e0 la premi\u00e8re session du comit\u00e9 pr\u00e9paratoire de la quatri\u00e8me conf\u00e9rence sur le financement du d\u00e9veloppement","datePublished":"2024-07-22T23:41:09+00:00","dateModified":"2024-07-22T23:56:30+00:00","mainEntityOfPage":{"@id":"https:\/\/lequotidien.mr\/?p=19850&lang=fr"},"wordCount":328,"commentCount":0,"publisher":{"@id":"https:\/\/lequotidien.mr\/#organization"},"image":{"@id":"https:\/\/lequotidien.mr\/?p=19850&lang=fr#primaryimage"},"thumbnailUrl":"https:\/\/lequotidien.mr\/wp-content\/uploads\/2024\/07\/photo-dev-Ethiopie-1.png","articleSection":["ACTUALIT\u00c9","Economie"],"inLanguage":"ar","potentialAction":[{"@type":"CommentAction","name":"Comment","target":["https:\/\/lequotidien.mr\/?p=19850&lang=fr#respond"]}]},{"@type":"WebPage","@id":"https:\/\/lequotidien.mr\/?p=19850&lang=fr","url":"https:\/\/lequotidien.mr\/?p=19850&lang=fr","name":"Addis-Abeba\/\u00c9thiopie : La Mauritanie participe activement \u00e0 la premi\u00e8re session du comit\u00e9 pr\u00e9paratoire de la quatri\u00e8me conf\u00e9rence sur le financement du d\u00e9veloppement - Le Quotidien de Nouakchott","isPartOf":{"@id":"https:\/\/lequotidien.mr\/#website"},"primaryImageOfPage":{"@id":"https:\/\/lequotidien.mr\/?p=19850&lang=fr#primaryimage"},"image":{"@id":"https:\/\/lequotidien.mr\/?p=19850&lang=fr#primaryimage"},"thumbnailUrl":"https:\/\/lequotidien.mr\/wp-content\/uploads\/2024\/07\/photo-dev-Ethiopie-1.png","datePublished":"2024-07-22T23:41:09+00:00","dateModified":"2024-07-22T23:56:30+00:00","breadcrumb":{"@id":"https:\/\/lequotidien.mr\/?p=19850&lang=fr#breadcrumb"},"inLanguage":"ar","potentialAction":[{"@type":"ReadAction","target":["https:\/\/lequotidien.mr\/?p=19850&lang=fr"]}]},{"@type":"ImageObject","inLanguage":"ar","@id":"https:\/\/lequotidien.mr\/?p=19850&lang=fr#primaryimage","url":"https:\/\/lequotidien.mr\/wp-content\/uploads\/2024\/07\/photo-dev-Ethiopie-1.png","contentUrl":"https:\/\/lequotidien.mr\/wp-content\/uploads\/2024\/07\/photo-dev-Ethiopie-1.png","width":448,"height":269},{"@type":"BreadcrumbList","@id":"https:\/\/lequotidien.mr\/?p=19850&lang=fr#breadcrumb","itemListElement":[{"@type":"ListItem","position":1,"name":"Home","item":"https:\/\/lequotidien.mr\/"},{"@type":"ListItem","position":2,"name":"Addis-Abeba\/\u00c9thiopie : La Mauritanie participe activement \u00e0 la premi\u00e8re session du comit\u00e9 pr\u00e9paratoire de la quatri\u00e8me conf\u00e9rence sur le financement du d\u00e9veloppement"}]},{"@type":"WebSite","@id":"https:\/\/lequotidien.mr\/#website","url":"https:\/\/lequotidien.mr\/","name":"Le Quotidien de Nouakchott","description":"\u0625\u062e\u0628\u0627\u0631\u064a\u0629 \u0645\u0633\u062a\u0642\u0644\u0629 \u0644\u0644\u0623\u0646\u0628\u0627\u0621 \u0627\u0644\u0639\u0627\u0645\u0629","publisher":{"@id":"https:\/\/lequotidien.mr\/#organization"},"potentialAction":[{"@type":"SearchAction","target":{"@type":"EntryPoint","urlTemplate":"https:\/\/lequotidien.mr\/?s={search_term_string}"},"query-input":{"@type":"PropertyValueSpecification","valueRequired":true,"valueName":"search_term_string"}}],"inLanguage":"ar"},{"@type":"Organization","@id":"https:\/\/lequotidien.mr\/#organization","name":"Le Quotidien de Nouakchott","url":"https:\/\/lequotidien.mr\/","logo":{"@type":"ImageObject","inLanguage":"ar","@id":"https:\/\/lequotidien.mr\/#\/schema\/logo\/image\/","url":"https:\/\/lequotidien.mr\/wp-content\/uploads\/2022\/11\/logolequotidien.jpg","contentUrl":"https:\/\/lequotidien.mr\/wp-content\/uploads\/2022\/11\/logolequotidien.jpg","width":290,"height":65,"caption":"Le Quotidien de Nouakchott"},"image":{"@id":"https:\/\/lequotidien.mr\/#\/schema\/logo\/image\/"},"sameAs":["https:\/\/web.facebook.com\/lequotidienmr","https:\/\/x.com\/lequotidienmr"]},{"@type":"Person","@id":"https:\/\/lequotidien.mr\/#\/schema\/person\/d2d350202a4d599685ed8abc25f97596","name":"Med Ahmed","image":{"@type":"ImageObject","inLanguage":"ar","@id":"https:\/\/secure.gravatar.com\/avatar\/fd2acc62ed50732923d1d39c17172c9b04149f142be92310ecc69e1358f94b52?s=96&d=mm&r=g","url":"https:\/\/secure.gravatar.com\/avatar\/fd2acc62ed50732923d1d39c17172c9b04149f142be92310ecc69e1358f94b52?s=96&d=mm&r=g","contentUrl":"https:\/\/secure.gravatar.com\/avatar\/fd2acc62ed50732923d1d39c17172c9b04149f142be92310ecc69e1358f94b52?s=96&d=mm&r=g","caption":"Med Ahmed"},"url":"https:\/\/lequotidien.mr\/?author=12"}]}},"_links":{"self":[{"href":"https:\/\/lequotidien.mr\/index.php?rest_route=\/wp\/v2\/posts\/19850","targetHints":{"allow":["GET"]}}],"collection":[{"href":"https:\/\/lequotidien.mr\/index.php?rest_route=\/wp\/v2\/posts"}],"about":[{"href":"https:\/\/lequotidien.mr\/index.php?rest_route=\/wp\/v2\/types\/post"}],"author":[{"embeddable":true,"href":"https:\/\/lequotidien.mr\/index.php?rest_route=\/wp\/v2\/users\/12"}],"replies":[{"embeddable":true,"href":"https:\/\/lequotidien.mr\/index.php?rest_route=%2Fwp%2Fv2%2Fcomments&post=19850"}],"version-history":[{"count":1,"href":"https:\/\/lequotidien.mr\/index.php?rest_route=\/wp\/v2\/posts\/19850\/revisions"}],"predecessor-version":[{"id":19852,"href":"https:\/\/lequotidien.mr\/index.php?rest_route=\/wp\/v2\/posts\/19850\/revisions\/19852"}],"wp:featuredmedia":[{"embeddable":true,"href":"https:\/\/lequotidien.mr\/index.php?rest_route=\/wp\/v2\/media\/19853"}],"wp:attachment":[{"href":"https:\/\/lequotidien.mr\/index.php?rest_route=%2Fwp%2Fv2%2Fmedia&parent=19850"}],"wp:term":[{"taxonomy":"category","embeddable":true,"href":"https:\/\/lequotidien.mr\/index.php?rest_route=%2Fwp%2Fv2%2Fcategories&post=19850"},{"taxonomy":"post_tag","embeddable":true,"href":"https:\/\/lequotidien.mr\/index.php?rest_route=%2Fwp%2Fv2%2Ftags&post=19850"}],"curies":[{"name":"wp","href":"https:\/\/api.w.org\/{rel}","templated":true}]}}