{"id":19841,"date":"2024-07-22T17:35:11","date_gmt":"2024-07-22T17:35:11","guid":{"rendered":"https:\/\/lequotidien.mr\/?p=19841"},"modified":"2024-07-22T17:44:28","modified_gmt":"2024-07-22T17:44:28","slug":"ghana-accra-ghazouani-plaide-pour-une-connexion-tous-azimuts-des-pays-africains-afin-de-stimuler-le-commerce-intra-africain","status":"publish","type":"post","link":"https:\/\/lequotidien.mr\/?p=19841&lang=fr","title":{"rendered":"Ghana\/Accra : Ghazouani plaide pour une connexion, tous azimuts, des pays africains afin de stimuler le commerce intra-africain"},"content":{"rendered":"<p>Le Pr\u00e9sident de la R\u00e9publique et actuel Pr\u00e9sident de l\u2019Union africaine (UA), Mohamed Cheikh El Ghazouani, a mis en lumi\u00e8re, hier \u00e0 Accra (Ghana), l&#8217;imp\u00e9ratif d&#8217;une coordination renforc\u00e9e entre l&#8217;Union africaine et les Commissions \u00e9conomiques r\u00e9gionales (CER). Cet appel intervient dans un contexte crucial o\u00f9 l&#8217;int\u00e9gration continentale est essentielle pour relever les d\u00e9fis socio-\u00e9conomiques et s\u00e9curitaires auxquels l&#8217;Afrique est confront\u00e9e.<\/p>\n<p>C\u2019est en effet, lors de la sixi\u00e8me r\u00e9union semestrielle de coordination entre l&#8217;UA, les CER et les m\u00e9canismes r\u00e9gionaux, tenue \u00e0 Accra, que le Pr\u00e9sident El Ghazouani a soulign\u00e9 que cette coordination \u00e9troite constituait un facteur cl\u00e9 pour acc\u00e9l\u00e9rer la r\u00e9alisation des programmes d&#8217;int\u00e9gration continentale. Cette initiative rev\u00eat une importance capitale dans un monde o\u00f9 les crises multidimensionnelles, \u00e9conomiques, sociales et s\u00e9curitaires ont un impact de plus en plus pr\u00e9occupant sur le d\u00e9veloppement des nations africaines.<\/p>\n<h3>Renforcement de la coop\u00e9ration r\u00e9gionale<\/h3>\n<p>Les Commissions \u00e9conomiques r\u00e9gionales jouent un r\u00f4le crucial en tant qu&#8217;organes sous-r\u00e9gionaux de l&#8217;UA, charg\u00e9s de promouvoir le d\u00e9veloppement \u00e9conomique, social et culturel au sein de leurs zones respectives. Leur coordination avec l&#8217;UA est essentielle pour harmoniser les politiques et les strat\u00e9gies visant \u00e0 atteindre les objectifs de l&#8217;Agenda 2063 de l&#8217;UA, qui ambitionne de transformer l&#8217;Afrique en un continent prosp\u00e8re, pacifique et int\u00e9gr\u00e9.<\/p>\n<p>Le Pr\u00e9sident El Ghazouani a appel\u00e9 les CER \u00e0 intensifier leurs efforts pour relever les d\u00e9fis actuels, en particulier ceux li\u00e9s \u00e0 la s\u00e9curit\u00e9 et \u00e0 la stabilit\u00e9 r\u00e9gionales, qui sont des pr\u00e9requis indispensables \u00e0 tout progr\u00e8s \u00e9conomique durable. Il a soulign\u00e9 l&#8217;importance de solutions r\u00e9gionales et coordonn\u00e9es pour r\u00e9soudre les crises qui entravent le d\u00e9veloppement et menacent la paix sur le continent.<\/p>\n<h3>Impact positif sur le d\u00e9veloppement continental<\/h3>\n<p>La coop\u00e9ration \u00e9troite entre l&#8217;UA et les CER peut catalyser la mise en \u0153uvre de projets strat\u00e9giques et le d\u00e9veloppement d&#8217;infrastructures transfrontali\u00e8res, facilitant ainsi le commerce, les investissements et les \u00e9changes humains \u00e0 travers le continent. Cela contribuera non seulement \u00e0 renforcer l&#8217;int\u00e9gration \u00e9conomique, mais aussi \u00e0 am\u00e9liorer les conditions de vie des populations africaines et \u00e0 stimuler une croissance inclusive et durable.<\/p>\n<p>Voici le texte int\u00e9gral du discours prononc\u00e9 par le pr\u00e9sident El Ghazouani lors de cette r\u00e9union semestrielle de coordination :<\/p>\n<p>\u00ab Excellence, Monsieur Nana Akufo-Addo, Pr\u00e9sident de la R\u00e9publique du Ghana ;<\/p>\n<ul>\n<li>Excellences, Messieurs les Chefs d\u2019Etat et de Gouvernement<\/li>\n<li>Excellence, Monsieur Moussa Faki Mahamat, Pr\u00e9sident de la Commission de l\u2019Union Africaine ;<\/li>\n<li>Excellences, Mesdames et Messieurs,<\/li>\n<\/ul>\n<p>Je tiens tout d\u2019abord \u00e0 f\u00e9liciter et \u00e0 remercier mon ami et fr\u00e8re Son Excellence Nana Akufo-Addo, Pr\u00e9sident de la R\u00e9publique du Ghana, et \u00e0 travers lui, le gouvernement et le peuple ghan\u00e9en fr\u00e8re, pour avoir accueilli et organis\u00e9 cette sixi\u00e8me r\u00e9union de coordination semestrielle entre l\u2019Union Africaine, les communaut\u00e9s \u00e9conomiques r\u00e9gionales et les m\u00e9canismes r\u00e9gionaux, dans des conditions exemplaires, assorties d\u2019un accueil chaleureux et d\u2019une hospitalit\u00e9 g\u00e9n\u00e9reuse.<\/p>\n<p>Tout comme je tiens \u00e0 remercier mes amis et fr\u00e8res, les chefs d\u2019\u00e9tat membres du bureau de la conf\u00e9rence, pr\u00e9sidents de communaut\u00e9s \u00e9conomiques r\u00e9gionales ou champions charg\u00e9s de portefeuilles sp\u00e9ciaux, pour leur pr\u00e9sence qui illustre bien leur attachement et leur engagement en faveur de l\u2019int\u00e9gration r\u00e9gionale et continentale.<\/p>\n<p>Excellences<\/p>\n<p>Mesdames et messieurs<\/p>\n<p>La coordination efficace entre l\u2019Union Africaine et les commissions \u00e9conomiques r\u00e9gionales, constitue un vecteur essentiel d\u2019acc\u00e9l\u00e9ration de la r\u00e9alisation des programmes d\u2019int\u00e9gration continentale.<\/p>\n<p>Elle est d\u2019autant plus importante que notre continent fait face \u00e0 de nombreux d\u00e9fis: \u00e9conomiques, sociaux et s\u00e9curitaires et que le monde autour de nous traverse des crises multiformes qui impactent n\u00e9gativement le d\u00e9veloppement de notre continent.<\/p>\n<p>Il y a urgence \u00e0 assurer une meilleure int\u00e9gration des plans de d\u00e9veloppement nationaux dans les programmes continentaux, afin de garantir les int\u00e9r\u00eats nationaux et l\u2019appropriation locale de la coop\u00e9ration r\u00e9gionale.<\/p>\n<p>cela assure une meilleure int\u00e9gration du continent et favorise l\u2019unicit\u00e9 de sa voix au niveau mondial, notamment aux Nations unies, \u00e0 l\u2019OMC, au FMI et \u00e0 la Banque Mondiale, ainsi qu\u2019au G20, lui donnant ainsi les moyens de contribuer \u00e0 l\u2019articulation des agendas mondiaux sur des questions critiques pour l\u2019Afrique, comme la r\u00e9forme de l\u2019architecture financi\u00e8re mondiale, la coop\u00e9ration fiscale internationale, la r\u00e9duction des flux financiers illicites, et les actions pour le financement du d\u00e9veloppement durable.<\/p>\n<p>Nous devons renforcer la planification strat\u00e9gique et proc\u00e9der \u00e0 l\u2019op\u00e9rationnalisation des infrastructures continentales essentielles, telles que les pools \u00e9nerg\u00e9tiques r\u00e9gionaux, les lignes de transmission et les infrastructures num\u00e9riques et de transport.<\/p>\n<p>Tout comme nous devrons redoubler d\u2019efforts en mati\u00e8re de facilitation du commerce par la simplification, la normalisation et l\u2019harmonisation des proc\u00e9dures et des flux d\u2019informations connexes, afin de stimuler le commerce intra-africain.<\/p>\n<p>L\u2019entr\u00e9e en vigueur effective de la Zone de libre-\u00e9change continentale africaine (ZLECAF), par les avanc\u00e9es significatives qu\u2019elle induit dans en mati\u00e8re de la libre circulation des biens des services et des personnes, est un atout majeur dans ce cadre.<\/p>\n<p>Excellences,<\/p>\n<p>Mesdames et Messieurs,<\/p>\n<p>Dans le souci d\u2019acc\u00e9l\u00e9rer la mise en \u0153uvre efficace du second plan d\u00e9cennal de mise en \u0153uvre de l\u2019agenda 2063 et de renforcer l\u2019int\u00e9gration continentale en cherchant \u00e0 mobiliser davantage de financement et \u00e0 assurer les plaidoyers requis, nous avons, sur invitation de mon fr\u00e8re William Ruto, pris part au Sommet de Nairobi pour mobiliser le soutien au 21\u00e8me cycle de financement de l\u2019Agence internationale de d\u00e9veloppement (IDA) sur la p\u00e9riode 2025-2028.<\/p>\n<p>Ce sommet a fix\u00e9 un objectif ambitieux d\u2019augmentation significative des ressources de l\u2019IDA pour d\u00e9passer 100 milliards de dollars dont 30 milliards de dollars seront mobilis\u00e9s par les pays donateurs.<\/p>\n<p>Par ailleurs, la participation de nos pays aux travaux du Sommet Afrique-Cor\u00e9e nous a \u00e9galement permis d\u2019obtenir une augmentation significative des fonds cor\u00e9ens orient\u00e9s vers l\u2019aide publique au d\u00e9veloppement en Afrique dont l\u2019enveloppe passera de 5,5 milliards de dollars, \u00e0 10 milliards de dollars, auxquels s\u2019ajoute le financement \u00e0 l\u2019exportation pour soutenir les entreprises qui investissent dans notre continent, pour une enveloppe de 14 milliards de dollars \u00e0 l\u2019horizon 2030.<\/p>\n<p>Nous avons \u00e9galement veill\u00e9, lors de notre participation au sommet du G7 en Italie en juin 2024, \u00e0 soulever des questions urgentes du point de vue africain, notamment celles li\u00e9es au probl\u00e8me de la dette et \u00e0 l\u2019acc\u00e8s \u00e0 un financement suffisant \u00e0 des conditions concessionnelles.<\/p>\n<p>En outre, les missions de l\u2019Union Africaine ont particip\u00e9 efficacement au cours du premier semestre de l\u2019ann\u00e9e en cours, aux travaux du volet financier et du volet Sherpa, ainsi qu\u2019aux r\u00e9unions minist\u00e9rielles et aux r\u00e9unions des groupes de travaux sectoriels, et ont pr\u00e9sent\u00e9 le point de vue africain sur les questions de la dette, de la transition \u00e9nerg\u00e9tique \u00e9quitable, de r\u00e9forme des banques multilat\u00e9rales de d\u00e9veloppement et de la r\u00e9forme de la fiscalit\u00e9 internationale.<\/p>\n<p>Par ailleurs, notre continent est appel\u00e9 \u00e0 n\u00e9gocier un tournant d\u00e9cisif lors du sommet de l\u2019avenir pr\u00e9vu en septembre prochain \u00e0 New York.<\/p>\n<p>Les cadres qui d\u00e9couleront du sommet, notamment le pacte pour l\u2019avenir et ses deux annexes portant sur la d\u00e9claration sur les g\u00e9n\u00e9rations futures et le pacte num\u00e9rique mondial, doivent refl\u00e9ter nos soucis et prendre en charge, dans les solutions propos\u00e9es, les d\u00e9fis auxquels notre continent est confront\u00e9.<\/p>\n<p>J\u2019exhorte tous les pays membres \u00e0 participer activement au processus en cours visant une meilleure pr\u00e9paration de ce sommet historique.<\/p>\n<p>Le travail de pr\u00e9paration bat son plein pour assurer une participation efficace de l\u2019Union africaine aux rendez-vous majeurs \u00e0 venir, comme la neuvi\u00e8me FOCAC, le sommet du futur \u00e0 New-York, la COP 29 ou le sommet du G20.<\/p>\n<p>D\u2019autre part, nous travaillons activement avec les \u00e9quipes de la Commission de l\u2019Union Africaine, pour l\u2019organisation, \u00e0 Nouakchott, d\u2019un forum de haut niveau sur l\u2019\u00e9ducation en Afrique, pr\u00e9vu en octobre 2024.<\/p>\n<p>Je tiens ici \u00e0 f\u00e9liciter toutes les instances de l\u2019Union Africaine, notamment, la commission ainsi que l\u2019ensemble de nos partenaires pour les efforts qu\u2019ils ne cessent de d\u00e9ployer pour mettre efficacement en \u0153uvre notre second plan d\u00e9cennal, particuli\u00e8rement dans sa dimension int\u00e9gration r\u00e9gionale et continentale.<\/p>\n<p>Excellences, Mesdames et Messieurs,<\/p>\n<p>L\u2019enjeu crucial que repr\u00e9sente pour le devenir de l\u2019Afrique, l\u2019int\u00e9gration et le d\u00e9veloppement, fait peser sur nos \u00e9paules, nous, dirigeants africains, une \u00e9norme responsabilit\u00e9 individuelle et collective, celle de rester r\u00e9solument attach\u00e9s \u00e0 cette vision ambitieuse, et de d\u00e9ployer tous les moyens pour b\u00e2tir une Afrique stable, forte, unie et prosp\u00e8re comme c\u2019est l\u2019objectif de notre agenda 2063.<\/p>\n<p>Convaincu que cela est un objectif \u00e0 notre port\u00e9e, je d\u00e9clare ouverte cette sixi\u00e8me r\u00e9union de coordination semestrielle entre l\u2019Union africaine, les communaut\u00e9s \u00e9conomiques r\u00e9gionales et les m\u00e9canismes r\u00e9gionaux, et souhaite plein succ\u00e8s et r\u00e9ussite \u00e0 ses travaux.<\/p>\n<p>Je vous remercie \u00bb.<\/p>\n<p>Le discours du Pr\u00e9sident El Ghazouani \u00e0 Accra a donc mis en \u00e9vidence la n\u00e9cessit\u00e9 pressante d&#8217;une collaboration renforc\u00e9e entre l&#8217;Union africaine et les Commissions \u00e9conomiques r\u00e9gionales. Cette coordination efficace est cruciale pour surmonter les d\u00e9fis actuels et pour r\u00e9aliser pleinement le potentiel de l&#8217;int\u00e9gration continentale. En travaillant de concert, l&#8217;UA et les CER peuvent forger un avenir plus prometteur et plus prosp\u00e8re pour l&#8217;Afrique dans son ensemble.<\/p>\n<p>Ensemble, ces efforts sont non seulement un gage d&#8217;espoir mais aussi une d\u00e9monstration de la d\u00e9termination de l&#8217;Afrique \u00e0 surmonter ses d\u00e9fis et \u00e0 avancer r\u00e9solument vers un avenir meilleur pour ses citoyens.<\/p>\n","protected":false},"excerpt":{"rendered":"<p>Le Pr\u00e9sident de la R\u00e9publique et actuel Pr\u00e9sident de l\u2019Union africaine (UA), Mohamed Cheikh El Ghazouani, a mis en lumi\u00e8re, hier \u00e0 Accra (Ghana), l&#8217;imp\u00e9ratif d&#8217;une coordination renforc\u00e9e entre l&#8217;Union africaine et les Commissions \u00e9conomiques r\u00e9gionales (CER). Cet appel intervient dans un contexte crucial o\u00f9 l&#8217;int\u00e9gration continentale est essentielle pour relever les d\u00e9fis socio-\u00e9conomiques et&#8230;..<\/p>\n","protected":false},"author":12,"featured_media":19844,"comment_status":"open","ping_status":"open","sticky":false,"template":"","format":"standard","meta":{"footnotes":""},"categories":[23,49],"tags":[],"class_list":["post-19841","post","type-post","status-publish","format-standard","has-post-thumbnail","hentry","category-actualite","category-economie"],"yoast_head":"<!-- This site is optimized with the Yoast SEO plugin v27.5 - https:\/\/yoast.com\/product\/yoast-seo-wordpress\/ -->\n<title>Ghana\/Accra : Ghazouani plaide pour une connexion, tous azimuts, des pays africains afin de stimuler le commerce intra-africain - Le Quotidien de Nouakchott<\/title>\n<meta name=\"robots\" content=\"index, follow, max-snippet:-1, max-image-preview:large, max-video-preview:-1\" \/>\n<link rel=\"canonical\" href=\"https:\/\/lequotidien.mr\/?p=19841&lang=fr\" \/>\n<meta property=\"og:locale\" content=\"ar_AR\" \/>\n<meta property=\"og:type\" content=\"article\" \/>\n<meta property=\"og:title\" content=\"Ghana\/Accra : Ghazouani plaide pour une connexion, tous azimuts, des pays africains afin de stimuler le commerce intra-africain - Le Quotidien de Nouakchott\" \/>\n<meta property=\"og:description\" content=\"Le Pr\u00e9sident de la R\u00e9publique et actuel Pr\u00e9sident de l\u2019Union africaine (UA), Mohamed Cheikh El Ghazouani, a mis en lumi\u00e8re, hier \u00e0 Accra (Ghana), l&#8217;imp\u00e9ratif d&#8217;une coordination renforc\u00e9e entre l&#8217;Union africaine et les Commissions \u00e9conomiques r\u00e9gionales (CER). Cet appel intervient dans un contexte crucial o\u00f9 l&#8217;int\u00e9gration continentale est essentielle pour relever les d\u00e9fis socio-\u00e9conomiques et.....\" \/>\n<meta property=\"og:url\" content=\"https:\/\/lequotidien.mr\/?p=19841&amp;lang=fr\" \/>\n<meta property=\"og:site_name\" content=\"Le Quotidien de Nouakchott\" \/>\n<meta property=\"article:publisher\" content=\"https:\/\/web.facebook.com\/lequotidienmr\" \/>\n<meta property=\"article:published_time\" content=\"2024-07-22T17:35:11+00:00\" \/>\n<meta property=\"article:modified_time\" content=\"2024-07-22T17:44:28+00:00\" \/>\n<meta property=\"og:image\" content=\"https:\/\/lequotidien.mr\/wp-content\/uploads\/2024\/07\/photop-Ghazouani-Accra-1.png\" \/>\n\t<meta property=\"og:image:width\" content=\"448\" \/>\n\t<meta property=\"og:image:height\" content=\"292\" \/>\n\t<meta property=\"og:image:type\" content=\"image\/png\" \/>\n<meta name=\"author\" content=\"Med Ahmed\" \/>\n<meta name=\"twitter:card\" content=\"summary_large_image\" \/>\n<meta name=\"twitter:creator\" content=\"@lequotidienmr\" \/>\n<meta name=\"twitter:site\" content=\"@lequotidienmr\" \/>\n<meta name=\"twitter:label1\" content=\"\u0643\u064f\u062a\u0628 \u0628\u0648\u0627\u0633\u0637\u0629\" \/>\n\t<meta name=\"twitter:data1\" content=\"Med Ahmed\" \/>\n\t<meta name=\"twitter:label2\" content=\"\u0648\u0642\u062a \u0627\u0644\u0642\u0631\u0627\u0621\u0629 \u0627\u0644\u0645\u064f\u0642\u062f\u0651\u0631\" \/>\n\t<meta name=\"twitter:data2\" content=\"7 \u062f\u0642\u0627\u0626\u0642\" \/>\n<script type=\"application\/ld+json\" class=\"yoast-schema-graph\">{\"@context\":\"https:\\\/\\\/schema.org\",\"@graph\":[{\"@type\":\"Article\",\"@id\":\"https:\\\/\\\/lequotidien.mr\\\/?p=19841&lang=fr#article\",\"isPartOf\":{\"@id\":\"https:\\\/\\\/lequotidien.mr\\\/?p=19841&lang=fr\"},\"author\":{\"name\":\"Med Ahmed\",\"@id\":\"https:\\\/\\\/lequotidien.mr\\\/#\\\/schema\\\/person\\\/d2d350202a4d599685ed8abc25f97596\"},\"headline\":\"Ghana\\\/Accra : Ghazouani plaide pour une connexion, tous azimuts, des pays africains afin de stimuler le commerce intra-africain\",\"datePublished\":\"2024-07-22T17:35:11+00:00\",\"dateModified\":\"2024-07-22T17:44:28+00:00\",\"mainEntityOfPage\":{\"@id\":\"https:\\\/\\\/lequotidien.mr\\\/?p=19841&lang=fr\"},\"wordCount\":1724,\"commentCount\":0,\"publisher\":{\"@id\":\"https:\\\/\\\/lequotidien.mr\\\/#organization\"},\"image\":{\"@id\":\"https:\\\/\\\/lequotidien.mr\\\/?p=19841&lang=fr#primaryimage\"},\"thumbnailUrl\":\"https:\\\/\\\/lequotidien.mr\\\/wp-content\\\/uploads\\\/2024\\\/07\\\/photop-Ghazouani-Accra-1.png\",\"articleSection\":[\"ACTUALIT\u00c9\",\"Economie\"],\"inLanguage\":\"ar\",\"potentialAction\":[{\"@type\":\"CommentAction\",\"name\":\"Comment\",\"target\":[\"https:\\\/\\\/lequotidien.mr\\\/?p=19841&lang=fr#respond\"]}]},{\"@type\":\"WebPage\",\"@id\":\"https:\\\/\\\/lequotidien.mr\\\/?p=19841&lang=fr\",\"url\":\"https:\\\/\\\/lequotidien.mr\\\/?p=19841&lang=fr\",\"name\":\"Ghana\\\/Accra : Ghazouani plaide pour une connexion, tous azimuts, des pays africains afin de stimuler le commerce intra-africain - Le Quotidien de Nouakchott\",\"isPartOf\":{\"@id\":\"https:\\\/\\\/lequotidien.mr\\\/#website\"},\"primaryImageOfPage\":{\"@id\":\"https:\\\/\\\/lequotidien.mr\\\/?p=19841&lang=fr#primaryimage\"},\"image\":{\"@id\":\"https:\\\/\\\/lequotidien.mr\\\/?p=19841&lang=fr#primaryimage\"},\"thumbnailUrl\":\"https:\\\/\\\/lequotidien.mr\\\/wp-content\\\/uploads\\\/2024\\\/07\\\/photop-Ghazouani-Accra-1.png\",\"datePublished\":\"2024-07-22T17:35:11+00:00\",\"dateModified\":\"2024-07-22T17:44:28+00:00\",\"breadcrumb\":{\"@id\":\"https:\\\/\\\/lequotidien.mr\\\/?p=19841&lang=fr#breadcrumb\"},\"inLanguage\":\"ar\",\"potentialAction\":[{\"@type\":\"ReadAction\",\"target\":[\"https:\\\/\\\/lequotidien.mr\\\/?p=19841&lang=fr\"]}]},{\"@type\":\"ImageObject\",\"inLanguage\":\"ar\",\"@id\":\"https:\\\/\\\/lequotidien.mr\\\/?p=19841&lang=fr#primaryimage\",\"url\":\"https:\\\/\\\/lequotidien.mr\\\/wp-content\\\/uploads\\\/2024\\\/07\\\/photop-Ghazouani-Accra-1.png\",\"contentUrl\":\"https:\\\/\\\/lequotidien.mr\\\/wp-content\\\/uploads\\\/2024\\\/07\\\/photop-Ghazouani-Accra-1.png\",\"width\":448,\"height\":292},{\"@type\":\"BreadcrumbList\",\"@id\":\"https:\\\/\\\/lequotidien.mr\\\/?p=19841&lang=fr#breadcrumb\",\"itemListElement\":[{\"@type\":\"ListItem\",\"position\":1,\"name\":\"Home\",\"item\":\"https:\\\/\\\/lequotidien.mr\\\/\"},{\"@type\":\"ListItem\",\"position\":2,\"name\":\"Ghana\\\/Accra : Ghazouani plaide pour une connexion, tous azimuts, des pays africains afin de stimuler le commerce intra-africain\"}]},{\"@type\":\"WebSite\",\"@id\":\"https:\\\/\\\/lequotidien.mr\\\/#website\",\"url\":\"https:\\\/\\\/lequotidien.mr\\\/\",\"name\":\"Le Quotidien de Nouakchott\",\"description\":\"\u0625\u062e\u0628\u0627\u0631\u064a\u0629 \u0645\u0633\u062a\u0642\u0644\u0629 \u0644\u0644\u0623\u0646\u0628\u0627\u0621 \u0627\u0644\u0639\u0627\u0645\u0629\",\"publisher\":{\"@id\":\"https:\\\/\\\/lequotidien.mr\\\/#organization\"},\"potentialAction\":[{\"@type\":\"SearchAction\",\"target\":{\"@type\":\"EntryPoint\",\"urlTemplate\":\"https:\\\/\\\/lequotidien.mr\\\/?s={search_term_string}\"},\"query-input\":{\"@type\":\"PropertyValueSpecification\",\"valueRequired\":true,\"valueName\":\"search_term_string\"}}],\"inLanguage\":\"ar\"},{\"@type\":\"Organization\",\"@id\":\"https:\\\/\\\/lequotidien.mr\\\/#organization\",\"name\":\"Le Quotidien de Nouakchott\",\"url\":\"https:\\\/\\\/lequotidien.mr\\\/\",\"logo\":{\"@type\":\"ImageObject\",\"inLanguage\":\"ar\",\"@id\":\"https:\\\/\\\/lequotidien.mr\\\/#\\\/schema\\\/logo\\\/image\\\/\",\"url\":\"https:\\\/\\\/lequotidien.mr\\\/wp-content\\\/uploads\\\/2022\\\/11\\\/logolequotidien.jpg\",\"contentUrl\":\"https:\\\/\\\/lequotidien.mr\\\/wp-content\\\/uploads\\\/2022\\\/11\\\/logolequotidien.jpg\",\"width\":290,\"height\":65,\"caption\":\"Le Quotidien de Nouakchott\"},\"image\":{\"@id\":\"https:\\\/\\\/lequotidien.mr\\\/#\\\/schema\\\/logo\\\/image\\\/\"},\"sameAs\":[\"https:\\\/\\\/web.facebook.com\\\/lequotidienmr\",\"https:\\\/\\\/x.com\\\/lequotidienmr\"]},{\"@type\":\"Person\",\"@id\":\"https:\\\/\\\/lequotidien.mr\\\/#\\\/schema\\\/person\\\/d2d350202a4d599685ed8abc25f97596\",\"name\":\"Med Ahmed\",\"image\":{\"@type\":\"ImageObject\",\"inLanguage\":\"ar\",\"@id\":\"https:\\\/\\\/secure.gravatar.com\\\/avatar\\\/fd2acc62ed50732923d1d39c17172c9b04149f142be92310ecc69e1358f94b52?s=96&d=mm&r=g\",\"url\":\"https:\\\/\\\/secure.gravatar.com\\\/avatar\\\/fd2acc62ed50732923d1d39c17172c9b04149f142be92310ecc69e1358f94b52?s=96&d=mm&r=g\",\"contentUrl\":\"https:\\\/\\\/secure.gravatar.com\\\/avatar\\\/fd2acc62ed50732923d1d39c17172c9b04149f142be92310ecc69e1358f94b52?s=96&d=mm&r=g\",\"caption\":\"Med Ahmed\"},\"url\":\"https:\\\/\\\/lequotidien.mr\\\/?author=12\"}]}<\/script>\n<!-- \/ Yoast SEO plugin. -->","yoast_head_json":{"title":"Ghana\/Accra : Ghazouani plaide pour une connexion, tous azimuts, des pays africains afin de stimuler le commerce intra-africain - Le Quotidien de Nouakchott","robots":{"index":"index","follow":"follow","max-snippet":"max-snippet:-1","max-image-preview":"max-image-preview:large","max-video-preview":"max-video-preview:-1"},"canonical":"https:\/\/lequotidien.mr\/?p=19841&lang=fr","og_locale":"ar_AR","og_type":"article","og_title":"Ghana\/Accra : Ghazouani plaide pour une connexion, tous azimuts, des pays africains afin de stimuler le commerce intra-africain - Le Quotidien de Nouakchott","og_description":"Le Pr\u00e9sident de la R\u00e9publique et actuel Pr\u00e9sident de l\u2019Union africaine (UA), Mohamed Cheikh El Ghazouani, a mis en lumi\u00e8re, hier \u00e0 Accra (Ghana), l&#8217;imp\u00e9ratif d&#8217;une coordination renforc\u00e9e entre l&#8217;Union africaine et les Commissions \u00e9conomiques r\u00e9gionales (CER). Cet appel intervient dans un contexte crucial o\u00f9 l&#8217;int\u00e9gration continentale est essentielle pour relever les d\u00e9fis socio-\u00e9conomiques et.....","og_url":"https:\/\/lequotidien.mr\/?p=19841&lang=fr","og_site_name":"Le Quotidien de Nouakchott","article_publisher":"https:\/\/web.facebook.com\/lequotidienmr","article_published_time":"2024-07-22T17:35:11+00:00","article_modified_time":"2024-07-22T17:44:28+00:00","og_image":[{"width":448,"height":292,"url":"https:\/\/lequotidien.mr\/wp-content\/uploads\/2024\/07\/photop-Ghazouani-Accra-1.png","type":"image\/png"}],"author":"Med Ahmed","twitter_card":"summary_large_image","twitter_creator":"@lequotidienmr","twitter_site":"@lequotidienmr","twitter_misc":{"\u0643\u064f\u062a\u0628 \u0628\u0648\u0627\u0633\u0637\u0629":"Med Ahmed","\u0648\u0642\u062a \u0627\u0644\u0642\u0631\u0627\u0621\u0629 \u0627\u0644\u0645\u064f\u0642\u062f\u0651\u0631":"7 \u062f\u0642\u0627\u0626\u0642"},"schema":{"@context":"https:\/\/schema.org","@graph":[{"@type":"Article","@id":"https:\/\/lequotidien.mr\/?p=19841&lang=fr#article","isPartOf":{"@id":"https:\/\/lequotidien.mr\/?p=19841&lang=fr"},"author":{"name":"Med Ahmed","@id":"https:\/\/lequotidien.mr\/#\/schema\/person\/d2d350202a4d599685ed8abc25f97596"},"headline":"Ghana\/Accra : Ghazouani plaide pour une connexion, tous azimuts, des pays africains afin de stimuler le commerce intra-africain","datePublished":"2024-07-22T17:35:11+00:00","dateModified":"2024-07-22T17:44:28+00:00","mainEntityOfPage":{"@id":"https:\/\/lequotidien.mr\/?p=19841&lang=fr"},"wordCount":1724,"commentCount":0,"publisher":{"@id":"https:\/\/lequotidien.mr\/#organization"},"image":{"@id":"https:\/\/lequotidien.mr\/?p=19841&lang=fr#primaryimage"},"thumbnailUrl":"https:\/\/lequotidien.mr\/wp-content\/uploads\/2024\/07\/photop-Ghazouani-Accra-1.png","articleSection":["ACTUALIT\u00c9","Economie"],"inLanguage":"ar","potentialAction":[{"@type":"CommentAction","name":"Comment","target":["https:\/\/lequotidien.mr\/?p=19841&lang=fr#respond"]}]},{"@type":"WebPage","@id":"https:\/\/lequotidien.mr\/?p=19841&lang=fr","url":"https:\/\/lequotidien.mr\/?p=19841&lang=fr","name":"Ghana\/Accra : Ghazouani plaide pour une connexion, tous azimuts, des pays africains afin de stimuler le commerce intra-africain - Le Quotidien de Nouakchott","isPartOf":{"@id":"https:\/\/lequotidien.mr\/#website"},"primaryImageOfPage":{"@id":"https:\/\/lequotidien.mr\/?p=19841&lang=fr#primaryimage"},"image":{"@id":"https:\/\/lequotidien.mr\/?p=19841&lang=fr#primaryimage"},"thumbnailUrl":"https:\/\/lequotidien.mr\/wp-content\/uploads\/2024\/07\/photop-Ghazouani-Accra-1.png","datePublished":"2024-07-22T17:35:11+00:00","dateModified":"2024-07-22T17:44:28+00:00","breadcrumb":{"@id":"https:\/\/lequotidien.mr\/?p=19841&lang=fr#breadcrumb"},"inLanguage":"ar","potentialAction":[{"@type":"ReadAction","target":["https:\/\/lequotidien.mr\/?p=19841&lang=fr"]}]},{"@type":"ImageObject","inLanguage":"ar","@id":"https:\/\/lequotidien.mr\/?p=19841&lang=fr#primaryimage","url":"https:\/\/lequotidien.mr\/wp-content\/uploads\/2024\/07\/photop-Ghazouani-Accra-1.png","contentUrl":"https:\/\/lequotidien.mr\/wp-content\/uploads\/2024\/07\/photop-Ghazouani-Accra-1.png","width":448,"height":292},{"@type":"BreadcrumbList","@id":"https:\/\/lequotidien.mr\/?p=19841&lang=fr#breadcrumb","itemListElement":[{"@type":"ListItem","position":1,"name":"Home","item":"https:\/\/lequotidien.mr\/"},{"@type":"ListItem","position":2,"name":"Ghana\/Accra : Ghazouani plaide pour une connexion, tous azimuts, des pays africains afin de stimuler le commerce intra-africain"}]},{"@type":"WebSite","@id":"https:\/\/lequotidien.mr\/#website","url":"https:\/\/lequotidien.mr\/","name":"Le Quotidien de Nouakchott","description":"\u0625\u062e\u0628\u0627\u0631\u064a\u0629 \u0645\u0633\u062a\u0642\u0644\u0629 \u0644\u0644\u0623\u0646\u0628\u0627\u0621 \u0627\u0644\u0639\u0627\u0645\u0629","publisher":{"@id":"https:\/\/lequotidien.mr\/#organization"},"potentialAction":[{"@type":"SearchAction","target":{"@type":"EntryPoint","urlTemplate":"https:\/\/lequotidien.mr\/?s={search_term_string}"},"query-input":{"@type":"PropertyValueSpecification","valueRequired":true,"valueName":"search_term_string"}}],"inLanguage":"ar"},{"@type":"Organization","@id":"https:\/\/lequotidien.mr\/#organization","name":"Le Quotidien de Nouakchott","url":"https:\/\/lequotidien.mr\/","logo":{"@type":"ImageObject","inLanguage":"ar","@id":"https:\/\/lequotidien.mr\/#\/schema\/logo\/image\/","url":"https:\/\/lequotidien.mr\/wp-content\/uploads\/2022\/11\/logolequotidien.jpg","contentUrl":"https:\/\/lequotidien.mr\/wp-content\/uploads\/2022\/11\/logolequotidien.jpg","width":290,"height":65,"caption":"Le Quotidien de Nouakchott"},"image":{"@id":"https:\/\/lequotidien.mr\/#\/schema\/logo\/image\/"},"sameAs":["https:\/\/web.facebook.com\/lequotidienmr","https:\/\/x.com\/lequotidienmr"]},{"@type":"Person","@id":"https:\/\/lequotidien.mr\/#\/schema\/person\/d2d350202a4d599685ed8abc25f97596","name":"Med Ahmed","image":{"@type":"ImageObject","inLanguage":"ar","@id":"https:\/\/secure.gravatar.com\/avatar\/fd2acc62ed50732923d1d39c17172c9b04149f142be92310ecc69e1358f94b52?s=96&d=mm&r=g","url":"https:\/\/secure.gravatar.com\/avatar\/fd2acc62ed50732923d1d39c17172c9b04149f142be92310ecc69e1358f94b52?s=96&d=mm&r=g","contentUrl":"https:\/\/secure.gravatar.com\/avatar\/fd2acc62ed50732923d1d39c17172c9b04149f142be92310ecc69e1358f94b52?s=96&d=mm&r=g","caption":"Med Ahmed"},"url":"https:\/\/lequotidien.mr\/?author=12"}]}},"_links":{"self":[{"href":"https:\/\/lequotidien.mr\/index.php?rest_route=\/wp\/v2\/posts\/19841","targetHints":{"allow":["GET"]}}],"collection":[{"href":"https:\/\/lequotidien.mr\/index.php?rest_route=\/wp\/v2\/posts"}],"about":[{"href":"https:\/\/lequotidien.mr\/index.php?rest_route=\/wp\/v2\/types\/post"}],"author":[{"embeddable":true,"href":"https:\/\/lequotidien.mr\/index.php?rest_route=\/wp\/v2\/users\/12"}],"replies":[{"embeddable":true,"href":"https:\/\/lequotidien.mr\/index.php?rest_route=%2Fwp%2Fv2%2Fcomments&post=19841"}],"version-history":[{"count":2,"href":"https:\/\/lequotidien.mr\/index.php?rest_route=\/wp\/v2\/posts\/19841\/revisions"}],"predecessor-version":[{"id":19845,"href":"https:\/\/lequotidien.mr\/index.php?rest_route=\/wp\/v2\/posts\/19841\/revisions\/19845"}],"wp:featuredmedia":[{"embeddable":true,"href":"https:\/\/lequotidien.mr\/index.php?rest_route=\/wp\/v2\/media\/19844"}],"wp:attachment":[{"href":"https:\/\/lequotidien.mr\/index.php?rest_route=%2Fwp%2Fv2%2Fmedia&parent=19841"}],"wp:term":[{"taxonomy":"category","embeddable":true,"href":"https:\/\/lequotidien.mr\/index.php?rest_route=%2Fwp%2Fv2%2Fcategories&post=19841"},{"taxonomy":"post_tag","embeddable":true,"href":"https:\/\/lequotidien.mr\/index.php?rest_route=%2Fwp%2Fv2%2Ftags&post=19841"}],"curies":[{"name":"wp","href":"https:\/\/api.w.org\/{rel}","templated":true}]}}