{"id":19722,"date":"2024-07-17T22:08:41","date_gmt":"2024-07-17T22:08:41","guid":{"rendered":"https:\/\/lequotidien.mr\/?p=19722"},"modified":"2024-07-17T22:15:18","modified_gmt":"2024-07-17T22:15:18","slug":"cinquieme-assemblee-generale-de-lalliance-sahel-berlin-declaration-conjointe-de-lalliance-sahel","status":"publish","type":"post","link":"https:\/\/lequotidien.mr\/?p=19722&lang=fr","title":{"rendered":"Cinqui\u00e8me Assembl\u00e9e G\u00e9n\u00e9rale de l\u2019Alliance Sahel\/Berlin : D\u00e9claration conjointe de l\u2019Alliance Sahel"},"content":{"rendered":"<p>L\u2019Alliance Sahel (l\u2019alliance internationale de d\u00e9veloppement pour le soutien au Sahel) vient de tenir sa cinqui\u00e8me assembl\u00e9e g\u00e9n\u00e9rale \u00e0 Berlin, qui a cl\u00f4tur\u00e9 ses travaux, le 16\u00a0juillet courant. Pr\u00e9sidente de l\u2019Alliance, la ministre de la Coop\u00e9ration \u00e9conomique et du D\u00e9veloppement Svenja Schulze avait invit\u00e9 des repr\u00e9sentantes et repr\u00e9sentants des 27 membres et observateurs de l\u2019Alliance ainsi que des pays du Sahel, \u00e0 savoir la Mauritanie, le Mali, le Burkina Faso, le Niger et le Tchad. Pour la premi\u00e8re fois, des organisations non gouvernementales du Sahel sont aussi impliqu\u00e9es.<\/p>\n<p>A l\u2019issue de cette Assembl\u00e9e G\u00e9n\u00e9rale, voici, en point d\u2019orgue, la d\u00e9claration dite \u00ab D\u00e9claration conjointe de l\u2019Alliance Sahel \u00bb :<\/p>\n<p><em>\u00c0 l\u2019invitation de la ministre f\u00e9d\u00e9rale allemande de la Coop\u00e9ration \u00e9conomique et du D\u00e9veloppement, S.E. Svenja Schulze, nous, les repr\u00e9sentants des membres de l\u2019Alliance Sahel, nous sommes r\u00e9unis \u00e0 Berlin le 16 juillet 2024 pour tenir la cinqui\u00e8me Assembl\u00e9e g\u00e9n\u00e9rale de l\u2019Alliance Sahel. Conscients des probl\u00e8mes complexes auxquels est confront\u00e9e la r\u00e9gion du Sahel, nous r\u00e9affirmons notre engagement commun \u00e0 traiter conjointement les priorit\u00e9s de la r\u00e9gion en mati\u00e8re de d\u00e9veloppement, li\u00e9es aux d\u00e9fis interd\u00e9pendants des conflits, de gouvernance, du changement climatique et de la d\u00e9sertification. <\/em><\/p>\n<p><em>Nous sommes particuli\u00e8rement pr\u00e9occup\u00e9s par l\u2019exacerbation des menaces qui p\u00e8sent sur la s\u00e9curit\u00e9, notamment le terrorisme, la criminalit\u00e9 transnationale organis\u00e9e, par la situation des droits humains et de l\u2019espace civique et par la d\u00e9t\u00e9rioration de la situation humanitaire, notamment l\u2019augmentation de l\u2019ins\u00e9curit\u00e9 alimentaire et le nombre de personnes d\u00e9plac\u00e9es de force. Dans ce contexte, il est essentiel de travailler de mani\u00e8re transversale sur le nexus paix<strong>[1]<\/strong>humanitaire-d\u00e9veloppement, de favoriser la coh\u00e9sion sociale, de renforcer la participation des citoyens et les droits humains, et de lutter contre la d\u00e9sinformation pour atteindre les objectifs de d\u00e9veloppement durable. Malgr\u00e9 la complexit\u00e9 de la situation dans la r\u00e9gion, nous exprimons notre volont\u00e9 de poursuivre notre engagement \u00e0 long terme en faveur des populations des pays du Sahel.<\/em><\/p>\n<p><em>\u00a0En nous fondant sur une analyse conjointe des causes profondes des crises, nous avons convenu avec nos partenaires sah\u00e9liens, l\u2019ann\u00e9e derni\u00e8re \u00e0 Nouakchott, d\u2019axer les futurs efforts de d\u00e9veloppement de l\u2019Alliance Sahel sur trois priorit\u00e9s : (1) la cr\u00e9ation d\u2019emplois et d\u2019opportunit\u00e9s de revenus par l\u2019\u00e9ducation, la formation, le d\u00e9veloppement des comp\u00e9tences et l\u2019entrepreneuriat ; (2) la r\u00e9silience aux chocs, notamment par le biais de la protection sociale et des syst\u00e8mes alimentaires int\u00e9gr\u00e9s ; (3) le d\u00e9veloppement des territoires et l\u2019acc\u00e8s aux services de base. En tant que membres de l\u2019Alliance Sahel, nous r\u00e9affirmons ces priorit\u00e9s pour l\u2019ann\u00e9e \u00e0 venir. Nous soulignons l\u2019importance de r\u00e9pondre aux besoins et aux r\u00f4les sp\u00e9cifiques des jeunes, des femmes et des filles et d\u2019adopter une approche tenant compte du genre pour l\u2019ensemble de ces priorit\u00e9s. Le secteur priv\u00e9 joue \u00e9galement un r\u00f4le crucial en contribuant aux investissements essentiels, stimulant ainsi l\u2019emploi et soutenant l\u2019entreprenariat des jeunes et des femmes. <\/em><\/p>\n<p><em>Dans un effort concert\u00e9 pour r\u00e9pondre aux d\u00e9fis \u00e0 la hauteur des enjeux et avec plus d\u2019impact, les membres de l\u2019Alliance Sahel travaillent actuellement \u00e0 la mise en place d\u2019initiatives conjointes autour des trois priorit\u00e9s strat\u00e9giques. Il s\u2019agit notamment de mettre \u00e0 l\u2019\u00e9chelle les interventions ayant d\u00e9montr\u00e9 leur efficacit\u00e9 (par exemple, le programme de protection sociale adaptative au Sahel (PPSAS), le programme conjoint de protection sociale au Sahel, le partenariat pour la r\u00e9silience au Sahel (SRP), le programme de renforcement de la r\u00e9silience \u00e0 l&#8217;ins\u00e9curit\u00e9 alimentaire et nutritionnelle au Sahel, le programme int\u00e9gr\u00e9 de r\u00e9silience au Sahel, le programme conjoint pour le Sahel en r\u00e9ponse aux d\u00e9fis du COVID-19, des conflits et du changement climatique (SD3C)), et d\u2019encourager de nouvelles initiatives conjointes. \u00c0 cet \u00e9gard, nous sommes heureux d\u2019annoncer un partenariat entre la Banque mondiale et l\u2019Allemagne pour mobiliser des ressources pour l\u2019initiative r\u00e9gionale conjointe RELANCE en faveur de l\u2019\u00e9ducation et du d\u00e9veloppement des comp\u00e9tences au Sahel. Nous saluons \u00e9galement la cr\u00e9ation du Fonds fiduciaire pour le Sahel et les pays c\u00f4tiers d\u2019Afrique de l\u2019Ouest (Sahel and 16.07.2024 2 West African Coastal Countries Umbrella Trust Fund -), avec un soutien financier initial de l\u2019Allemagne en tant que nouvel instrument de financement pour soutenir des initiatives conjointes et des approches coordonn\u00e9es. Nous reconnaissons \u00e9galement que l\u2019initiative europ\u00e9enne pour la jeunesse au Sahel est un moyen prometteur de faire progresser l\u2019\u00e9ducation, le d\u00e9veloppement des comp\u00e9tences, l\u2019entrepreneuriat et la participation et la repr\u00e9sentation des jeunes. <\/em><\/p>\n<p><em>Dans le prolongement des r\u00e9centes visites dans la r\u00e9gion des pr\u00e9sidents des organes de gouvernance de l\u2019Alliance Sahel, nous reconnaissons la n\u00e9cessit\u00e9 d\u2019un dialogue avec les pays du Sahel. Conscients que les points de vue peuvent varier, nous affirmons notre volont\u00e9 de poursuivre les \u00e9changes de mani\u00e8re inclusive avec toutes les parties prenantes, sur la base de la confiance et du respect mutuels, afin d\u2019identifier les int\u00e9r\u00eats communs, de comprendre les besoins des pays du Sahel et de soutenir la population locale. <\/em><\/p>\n<p><em>Nous reconnaissons le r\u00f4le vital des organisations de la soci\u00e9t\u00e9 civile (OSC) et des acteurs locaux dans la promotion de la paix, du d\u00e9veloppement et de la coh\u00e9sion sociale dans la r\u00e9gion du Sahel. Leur pr\u00e9sence et leurs efforts de sensibilisation sont d\u00e9terminants pour s\u2019attaquer aux causes profondes de l\u2019instabilit\u00e9. Nous r\u00e9affirmons notre engagement \u00e0 renforcer les partenariats avec les OSC et \u00e0 soutenir leurs efforts pour renforcer les communaut\u00e9s et promouvoir les droits humains. \u00c0 cet effet, la conf\u00e9rence organis\u00e9e aujourd\u2019hui sur les \u00ab\u2009Perspectives de la soci\u00e9t\u00e9 civile et des gouvernements locaux pour la paix et le d\u00e9veloppement au Sahel \u00bb pourrait \u00eatre une nouvelle \u00e9tape d\u2019un dialogue plus r\u00e9gulier entre les repr\u00e9sentants de la soci\u00e9t\u00e9 civile sah\u00e9lienne et l\u2019Alliance Sahel. <\/em><\/p>\n<p><em>Nous soulignons l\u2019importance de pr\u00e9venir toute poursuite de l\u2019expansion de l\u2019ins\u00e9curit\u00e9 dans les pays c\u00f4tiers d\u2019Afrique de l\u2019Ouest tout en maintenant notre engagement au Sahel. \u00c0 cet \u00e9gard, nous reconnaissons la n\u00e9cessit\u00e9 d\u2019adopter des approches globales et multisectorielles qui soutiennent les efforts nationaux de pr\u00e9vention, renforcent la gouvernance publique et investissent dans le d\u00e9veloppement de la r\u00e9silience des communaut\u00e9s locales pour qu\u2019elles puissent r\u00e9sister aux chocs, en particulier dans les zones frontali\u00e8res. Nous convenons de renforcer notre partenariat sur les programmes de pr\u00e9vention et de coh\u00e9sion sociale en cours et \u00e0 venir dans ces zones. <\/em><\/p>\n<p><em>L\u2019avenir du Sahel est d\u00e9termin\u00e9 par les \u00c9tats du Sahel et leurs populations. Nous nous engageons \u00e0 soutenir activement ces efforts et \u00e0 collaborer \u00e9troitement dans les domaines o\u00f9 la coop\u00e9ration est activement recherch\u00e9e et o\u00f9 les int\u00e9r\u00eats communs se rejoignent. <\/em><\/p>\n<p><em>En cons\u00e9quence, nous recommandons ce qui suit : <\/em><\/p>\n<ol>\n<li><em> <strong>Renforcer le dialogue sur les priorit\u00e9s de d\u00e9veloppement du Sahel<\/strong>. Nous nous f\u00e9licitons des \u00e9changes ce jour avec les parties prenantes sah\u00e9liennes, qui a constitu\u00e9 une \u00e9tape importante sur la mani\u00e8re d\u2019\u00e9laborer des r\u00e9ponses durables, \u00e0 grande \u00e9chelle et ayant un impact sur les populations du Sahel. <\/em><\/li>\n<li><em> <strong>Soutenir l\u2019engagement et faire progresser les priorit\u00e9s strat\u00e9giques de l\u2019Alliance Sahel par des initiatives conjointes.<\/strong> \u00c0 la suite des annonces faites aujourd\u2019hui sur l\u2019\u00e9ducation et la jeunesse, nous nous engageons \u00e0 faire progresser d\u2019autres initiatives conjointes de l\u2019Alliance Sahel, en \u00e9troite consultation avec toutes les parties prenantes concern\u00e9es. Nous r\u00e9affirmons notre engagement \u00e0 soutenir ces efforts par 16.07.2024 3 l\u2019interm\u00e9diaire des structures de l\u2019Alliance Sahel sur le terrain, et \u00e0 r\u00e9fl\u00e9chir, dans chaque pays, \u00e0 la mani\u00e8re de renforcer davantage l\u2019impact positif de nos efforts conjoints.<\/em><\/li>\n<li><strong><em> Reconna\u00eetre le r\u00f4le important des organisations de la soci\u00e9t\u00e9 civile (OSC) dans la promotion de la paix, de la redevabilit\u00e9 et du d\u00e9veloppement dans la r\u00e9gion du Sahel.<\/em><\/strong><em> Nous continuerons \u00e0 soutenir les initiatives de renforcement des capacit\u00e9s et \u00e0 engager un dialogue plus structur\u00e9 avec les OSC afin de garantir leur participation active et \u00e0 long terme \u00e0 la mise en \u0153uvre des initiatives de d\u00e9veloppement. <\/em><\/li>\n<li><strong><em> Int\u00e9grer l\u2019expansion de l\u2019instabilit\u00e9 (spillover) du Sahel vers les pays c\u00f4tiers de la r\u00e9gion dans la r\u00e9flexion strat\u00e9gique de l\u2019Alliance Sahel.<\/em><\/strong><em> Nous renforcerons les \u00e9changes d\u2019analyses, d\u2019informations et de bonnes pratiques en mati\u00e8re d\u2019outils et d\u2019instruments de d\u00e9veloppement entre les membres de l\u2019Alliance Sahel et les \u00c9tats c\u00f4tiers int\u00e9ress\u00e9s.<\/em><\/li>\n<\/ol>\n","protected":false},"excerpt":{"rendered":"<p>L\u2019Alliance Sahel (l\u2019alliance internationale de d\u00e9veloppement pour le soutien au Sahel) vient de tenir sa cinqui\u00e8me assembl\u00e9e g\u00e9n\u00e9rale \u00e0 Berlin, qui a cl\u00f4tur\u00e9 ses travaux, le 16\u00a0juillet courant. Pr\u00e9sidente de l\u2019Alliance, la ministre de la Coop\u00e9ration \u00e9conomique et du D\u00e9veloppement Svenja Schulze avait invit\u00e9 des repr\u00e9sentantes et repr\u00e9sentants des 27 membres et observateurs de l\u2019Alliance&#8230;..<\/p>\n","protected":false},"author":12,"featured_media":19724,"comment_status":"open","ping_status":"open","sticky":false,"template":"","format":"standard","meta":{"footnotes":""},"categories":[23,49],"tags":[],"class_list":["post-19722","post","type-post","status-publish","format-standard","has-post-thumbnail","hentry","category-actualite","category-economie"],"yoast_head":"<!-- This site is optimized with the Yoast SEO plugin v27.5 - https:\/\/yoast.com\/product\/yoast-seo-wordpress\/ -->\n<title>Cinqui\u00e8me Assembl\u00e9e G\u00e9n\u00e9rale de l\u2019Alliance Sahel\/Berlin : D\u00e9claration conjointe de l\u2019Alliance Sahel - Le Quotidien de Nouakchott<\/title>\n<meta name=\"robots\" content=\"index, follow, max-snippet:-1, max-image-preview:large, max-video-preview:-1\" \/>\n<link rel=\"canonical\" href=\"https:\/\/lequotidien.mr\/?p=19722&lang=fr\" \/>\n<meta property=\"og:locale\" content=\"ar_AR\" \/>\n<meta property=\"og:type\" content=\"article\" \/>\n<meta property=\"og:title\" content=\"Cinqui\u00e8me Assembl\u00e9e G\u00e9n\u00e9rale de l\u2019Alliance Sahel\/Berlin : D\u00e9claration conjointe de l\u2019Alliance Sahel - Le Quotidien de Nouakchott\" \/>\n<meta property=\"og:description\" content=\"L\u2019Alliance Sahel (l\u2019alliance internationale de d\u00e9veloppement pour le soutien au Sahel) vient de tenir sa cinqui\u00e8me assembl\u00e9e g\u00e9n\u00e9rale \u00e0 Berlin, qui a cl\u00f4tur\u00e9 ses travaux, le 16\u00a0juillet courant. Pr\u00e9sidente de l\u2019Alliance, la ministre de la Coop\u00e9ration \u00e9conomique et du D\u00e9veloppement Svenja Schulze avait invit\u00e9 des repr\u00e9sentantes et repr\u00e9sentants des 27 membres et observateurs de l\u2019Alliance.....\" \/>\n<meta property=\"og:url\" content=\"https:\/\/lequotidien.mr\/?p=19722&amp;lang=fr\" \/>\n<meta property=\"og:site_name\" content=\"Le Quotidien de Nouakchott\" \/>\n<meta property=\"article:publisher\" content=\"https:\/\/web.facebook.com\/lequotidienmr\" \/>\n<meta property=\"article:published_time\" content=\"2024-07-17T22:08:41+00:00\" \/>\n<meta property=\"article:modified_time\" content=\"2024-07-17T22:15:18+00:00\" \/>\n<meta property=\"og:image\" content=\"https:\/\/lequotidien.mr\/wp-content\/uploads\/2024\/07\/photo-Alliance-Sahel-1.jpg\" \/>\n\t<meta property=\"og:image:width\" content=\"640\" \/>\n\t<meta property=\"og:image:height\" content=\"362\" \/>\n\t<meta property=\"og:image:type\" content=\"image\/jpeg\" \/>\n<meta name=\"author\" content=\"Med Ahmed\" \/>\n<meta name=\"twitter:card\" content=\"summary_large_image\" \/>\n<meta name=\"twitter:creator\" content=\"@lequotidienmr\" \/>\n<meta name=\"twitter:site\" content=\"@lequotidienmr\" \/>\n<meta name=\"twitter:label1\" content=\"\u0643\u064f\u062a\u0628 \u0628\u0648\u0627\u0633\u0637\u0629\" \/>\n\t<meta name=\"twitter:data1\" content=\"Med Ahmed\" \/>\n\t<meta name=\"twitter:label2\" content=\"\u0648\u0642\u062a \u0627\u0644\u0642\u0631\u0627\u0621\u0629 \u0627\u0644\u0645\u064f\u0642\u062f\u0651\u0631\" \/>\n\t<meta name=\"twitter:data2\" content=\"6 \u062f\u0642\u0627\u0626\u0642\" \/>\n<script type=\"application\/ld+json\" class=\"yoast-schema-graph\">{\"@context\":\"https:\\\/\\\/schema.org\",\"@graph\":[{\"@type\":\"Article\",\"@id\":\"https:\\\/\\\/lequotidien.mr\\\/?p=19722&lang=fr#article\",\"isPartOf\":{\"@id\":\"https:\\\/\\\/lequotidien.mr\\\/?p=19722&lang=fr\"},\"author\":{\"name\":\"Med Ahmed\",\"@id\":\"https:\\\/\\\/lequotidien.mr\\\/#\\\/schema\\\/person\\\/d2d350202a4d599685ed8abc25f97596\"},\"headline\":\"Cinqui\u00e8me Assembl\u00e9e G\u00e9n\u00e9rale de l\u2019Alliance Sahel\\\/Berlin : D\u00e9claration conjointe de l\u2019Alliance Sahel\",\"datePublished\":\"2024-07-17T22:08:41+00:00\",\"dateModified\":\"2024-07-17T22:15:18+00:00\",\"mainEntityOfPage\":{\"@id\":\"https:\\\/\\\/lequotidien.mr\\\/?p=19722&lang=fr\"},\"wordCount\":1540,\"commentCount\":0,\"publisher\":{\"@id\":\"https:\\\/\\\/lequotidien.mr\\\/#organization\"},\"image\":{\"@id\":\"https:\\\/\\\/lequotidien.mr\\\/?p=19722&lang=fr#primaryimage\"},\"thumbnailUrl\":\"https:\\\/\\\/lequotidien.mr\\\/wp-content\\\/uploads\\\/2024\\\/07\\\/photo-Alliance-Sahel-1.jpg\",\"articleSection\":[\"ACTUALIT\u00c9\",\"Economie\"],\"inLanguage\":\"ar\",\"potentialAction\":[{\"@type\":\"CommentAction\",\"name\":\"Comment\",\"target\":[\"https:\\\/\\\/lequotidien.mr\\\/?p=19722&lang=fr#respond\"]}]},{\"@type\":\"WebPage\",\"@id\":\"https:\\\/\\\/lequotidien.mr\\\/?p=19722&lang=fr\",\"url\":\"https:\\\/\\\/lequotidien.mr\\\/?p=19722&lang=fr\",\"name\":\"Cinqui\u00e8me Assembl\u00e9e G\u00e9n\u00e9rale de l\u2019Alliance Sahel\\\/Berlin : D\u00e9claration conjointe de l\u2019Alliance Sahel - Le Quotidien de Nouakchott\",\"isPartOf\":{\"@id\":\"https:\\\/\\\/lequotidien.mr\\\/#website\"},\"primaryImageOfPage\":{\"@id\":\"https:\\\/\\\/lequotidien.mr\\\/?p=19722&lang=fr#primaryimage\"},\"image\":{\"@id\":\"https:\\\/\\\/lequotidien.mr\\\/?p=19722&lang=fr#primaryimage\"},\"thumbnailUrl\":\"https:\\\/\\\/lequotidien.mr\\\/wp-content\\\/uploads\\\/2024\\\/07\\\/photo-Alliance-Sahel-1.jpg\",\"datePublished\":\"2024-07-17T22:08:41+00:00\",\"dateModified\":\"2024-07-17T22:15:18+00:00\",\"breadcrumb\":{\"@id\":\"https:\\\/\\\/lequotidien.mr\\\/?p=19722&lang=fr#breadcrumb\"},\"inLanguage\":\"ar\",\"potentialAction\":[{\"@type\":\"ReadAction\",\"target\":[\"https:\\\/\\\/lequotidien.mr\\\/?p=19722&lang=fr\"]}]},{\"@type\":\"ImageObject\",\"inLanguage\":\"ar\",\"@id\":\"https:\\\/\\\/lequotidien.mr\\\/?p=19722&lang=fr#primaryimage\",\"url\":\"https:\\\/\\\/lequotidien.mr\\\/wp-content\\\/uploads\\\/2024\\\/07\\\/photo-Alliance-Sahel-1.jpg\",\"contentUrl\":\"https:\\\/\\\/lequotidien.mr\\\/wp-content\\\/uploads\\\/2024\\\/07\\\/photo-Alliance-Sahel-1.jpg\",\"width\":640,\"height\":362},{\"@type\":\"BreadcrumbList\",\"@id\":\"https:\\\/\\\/lequotidien.mr\\\/?p=19722&lang=fr#breadcrumb\",\"itemListElement\":[{\"@type\":\"ListItem\",\"position\":1,\"name\":\"Home\",\"item\":\"https:\\\/\\\/lequotidien.mr\\\/\"},{\"@type\":\"ListItem\",\"position\":2,\"name\":\"Cinqui\u00e8me Assembl\u00e9e G\u00e9n\u00e9rale de l\u2019Alliance Sahel\\\/Berlin : D\u00e9claration conjointe de l\u2019Alliance Sahel\"}]},{\"@type\":\"WebSite\",\"@id\":\"https:\\\/\\\/lequotidien.mr\\\/#website\",\"url\":\"https:\\\/\\\/lequotidien.mr\\\/\",\"name\":\"Le Quotidien de Nouakchott\",\"description\":\"\u0625\u062e\u0628\u0627\u0631\u064a\u0629 \u0645\u0633\u062a\u0642\u0644\u0629 \u0644\u0644\u0623\u0646\u0628\u0627\u0621 \u0627\u0644\u0639\u0627\u0645\u0629\",\"publisher\":{\"@id\":\"https:\\\/\\\/lequotidien.mr\\\/#organization\"},\"potentialAction\":[{\"@type\":\"SearchAction\",\"target\":{\"@type\":\"EntryPoint\",\"urlTemplate\":\"https:\\\/\\\/lequotidien.mr\\\/?s={search_term_string}\"},\"query-input\":{\"@type\":\"PropertyValueSpecification\",\"valueRequired\":true,\"valueName\":\"search_term_string\"}}],\"inLanguage\":\"ar\"},{\"@type\":\"Organization\",\"@id\":\"https:\\\/\\\/lequotidien.mr\\\/#organization\",\"name\":\"Le Quotidien de Nouakchott\",\"url\":\"https:\\\/\\\/lequotidien.mr\\\/\",\"logo\":{\"@type\":\"ImageObject\",\"inLanguage\":\"ar\",\"@id\":\"https:\\\/\\\/lequotidien.mr\\\/#\\\/schema\\\/logo\\\/image\\\/\",\"url\":\"https:\\\/\\\/lequotidien.mr\\\/wp-content\\\/uploads\\\/2022\\\/11\\\/logolequotidien.jpg\",\"contentUrl\":\"https:\\\/\\\/lequotidien.mr\\\/wp-content\\\/uploads\\\/2022\\\/11\\\/logolequotidien.jpg\",\"width\":290,\"height\":65,\"caption\":\"Le Quotidien de Nouakchott\"},\"image\":{\"@id\":\"https:\\\/\\\/lequotidien.mr\\\/#\\\/schema\\\/logo\\\/image\\\/\"},\"sameAs\":[\"https:\\\/\\\/web.facebook.com\\\/lequotidienmr\",\"https:\\\/\\\/x.com\\\/lequotidienmr\"]},{\"@type\":\"Person\",\"@id\":\"https:\\\/\\\/lequotidien.mr\\\/#\\\/schema\\\/person\\\/d2d350202a4d599685ed8abc25f97596\",\"name\":\"Med Ahmed\",\"image\":{\"@type\":\"ImageObject\",\"inLanguage\":\"ar\",\"@id\":\"https:\\\/\\\/secure.gravatar.com\\\/avatar\\\/fd2acc62ed50732923d1d39c17172c9b04149f142be92310ecc69e1358f94b52?s=96&d=mm&r=g\",\"url\":\"https:\\\/\\\/secure.gravatar.com\\\/avatar\\\/fd2acc62ed50732923d1d39c17172c9b04149f142be92310ecc69e1358f94b52?s=96&d=mm&r=g\",\"contentUrl\":\"https:\\\/\\\/secure.gravatar.com\\\/avatar\\\/fd2acc62ed50732923d1d39c17172c9b04149f142be92310ecc69e1358f94b52?s=96&d=mm&r=g\",\"caption\":\"Med Ahmed\"},\"url\":\"https:\\\/\\\/lequotidien.mr\\\/?author=12\"}]}<\/script>\n<!-- \/ Yoast SEO plugin. -->","yoast_head_json":{"title":"Cinqui\u00e8me Assembl\u00e9e G\u00e9n\u00e9rale de l\u2019Alliance Sahel\/Berlin : D\u00e9claration conjointe de l\u2019Alliance Sahel - Le Quotidien de Nouakchott","robots":{"index":"index","follow":"follow","max-snippet":"max-snippet:-1","max-image-preview":"max-image-preview:large","max-video-preview":"max-video-preview:-1"},"canonical":"https:\/\/lequotidien.mr\/?p=19722&lang=fr","og_locale":"ar_AR","og_type":"article","og_title":"Cinqui\u00e8me Assembl\u00e9e G\u00e9n\u00e9rale de l\u2019Alliance Sahel\/Berlin : D\u00e9claration conjointe de l\u2019Alliance Sahel - Le Quotidien de Nouakchott","og_description":"L\u2019Alliance Sahel (l\u2019alliance internationale de d\u00e9veloppement pour le soutien au Sahel) vient de tenir sa cinqui\u00e8me assembl\u00e9e g\u00e9n\u00e9rale \u00e0 Berlin, qui a cl\u00f4tur\u00e9 ses travaux, le 16\u00a0juillet courant. Pr\u00e9sidente de l\u2019Alliance, la ministre de la Coop\u00e9ration \u00e9conomique et du D\u00e9veloppement Svenja Schulze avait invit\u00e9 des repr\u00e9sentantes et repr\u00e9sentants des 27 membres et observateurs de l\u2019Alliance.....","og_url":"https:\/\/lequotidien.mr\/?p=19722&lang=fr","og_site_name":"Le Quotidien de Nouakchott","article_publisher":"https:\/\/web.facebook.com\/lequotidienmr","article_published_time":"2024-07-17T22:08:41+00:00","article_modified_time":"2024-07-17T22:15:18+00:00","og_image":[{"width":640,"height":362,"url":"https:\/\/lequotidien.mr\/wp-content\/uploads\/2024\/07\/photo-Alliance-Sahel-1.jpg","type":"image\/jpeg"}],"author":"Med Ahmed","twitter_card":"summary_large_image","twitter_creator":"@lequotidienmr","twitter_site":"@lequotidienmr","twitter_misc":{"\u0643\u064f\u062a\u0628 \u0628\u0648\u0627\u0633\u0637\u0629":"Med Ahmed","\u0648\u0642\u062a \u0627\u0644\u0642\u0631\u0627\u0621\u0629 \u0627\u0644\u0645\u064f\u0642\u062f\u0651\u0631":"6 \u062f\u0642\u0627\u0626\u0642"},"schema":{"@context":"https:\/\/schema.org","@graph":[{"@type":"Article","@id":"https:\/\/lequotidien.mr\/?p=19722&lang=fr#article","isPartOf":{"@id":"https:\/\/lequotidien.mr\/?p=19722&lang=fr"},"author":{"name":"Med Ahmed","@id":"https:\/\/lequotidien.mr\/#\/schema\/person\/d2d350202a4d599685ed8abc25f97596"},"headline":"Cinqui\u00e8me Assembl\u00e9e G\u00e9n\u00e9rale de l\u2019Alliance Sahel\/Berlin : D\u00e9claration conjointe de l\u2019Alliance Sahel","datePublished":"2024-07-17T22:08:41+00:00","dateModified":"2024-07-17T22:15:18+00:00","mainEntityOfPage":{"@id":"https:\/\/lequotidien.mr\/?p=19722&lang=fr"},"wordCount":1540,"commentCount":0,"publisher":{"@id":"https:\/\/lequotidien.mr\/#organization"},"image":{"@id":"https:\/\/lequotidien.mr\/?p=19722&lang=fr#primaryimage"},"thumbnailUrl":"https:\/\/lequotidien.mr\/wp-content\/uploads\/2024\/07\/photo-Alliance-Sahel-1.jpg","articleSection":["ACTUALIT\u00c9","Economie"],"inLanguage":"ar","potentialAction":[{"@type":"CommentAction","name":"Comment","target":["https:\/\/lequotidien.mr\/?p=19722&lang=fr#respond"]}]},{"@type":"WebPage","@id":"https:\/\/lequotidien.mr\/?p=19722&lang=fr","url":"https:\/\/lequotidien.mr\/?p=19722&lang=fr","name":"Cinqui\u00e8me Assembl\u00e9e G\u00e9n\u00e9rale de l\u2019Alliance Sahel\/Berlin : D\u00e9claration conjointe de l\u2019Alliance Sahel - Le Quotidien de Nouakchott","isPartOf":{"@id":"https:\/\/lequotidien.mr\/#website"},"primaryImageOfPage":{"@id":"https:\/\/lequotidien.mr\/?p=19722&lang=fr#primaryimage"},"image":{"@id":"https:\/\/lequotidien.mr\/?p=19722&lang=fr#primaryimage"},"thumbnailUrl":"https:\/\/lequotidien.mr\/wp-content\/uploads\/2024\/07\/photo-Alliance-Sahel-1.jpg","datePublished":"2024-07-17T22:08:41+00:00","dateModified":"2024-07-17T22:15:18+00:00","breadcrumb":{"@id":"https:\/\/lequotidien.mr\/?p=19722&lang=fr#breadcrumb"},"inLanguage":"ar","potentialAction":[{"@type":"ReadAction","target":["https:\/\/lequotidien.mr\/?p=19722&lang=fr"]}]},{"@type":"ImageObject","inLanguage":"ar","@id":"https:\/\/lequotidien.mr\/?p=19722&lang=fr#primaryimage","url":"https:\/\/lequotidien.mr\/wp-content\/uploads\/2024\/07\/photo-Alliance-Sahel-1.jpg","contentUrl":"https:\/\/lequotidien.mr\/wp-content\/uploads\/2024\/07\/photo-Alliance-Sahel-1.jpg","width":640,"height":362},{"@type":"BreadcrumbList","@id":"https:\/\/lequotidien.mr\/?p=19722&lang=fr#breadcrumb","itemListElement":[{"@type":"ListItem","position":1,"name":"Home","item":"https:\/\/lequotidien.mr\/"},{"@type":"ListItem","position":2,"name":"Cinqui\u00e8me Assembl\u00e9e G\u00e9n\u00e9rale de l\u2019Alliance Sahel\/Berlin : D\u00e9claration conjointe de l\u2019Alliance Sahel"}]},{"@type":"WebSite","@id":"https:\/\/lequotidien.mr\/#website","url":"https:\/\/lequotidien.mr\/","name":"Le Quotidien de Nouakchott","description":"\u0625\u062e\u0628\u0627\u0631\u064a\u0629 \u0645\u0633\u062a\u0642\u0644\u0629 \u0644\u0644\u0623\u0646\u0628\u0627\u0621 \u0627\u0644\u0639\u0627\u0645\u0629","publisher":{"@id":"https:\/\/lequotidien.mr\/#organization"},"potentialAction":[{"@type":"SearchAction","target":{"@type":"EntryPoint","urlTemplate":"https:\/\/lequotidien.mr\/?s={search_term_string}"},"query-input":{"@type":"PropertyValueSpecification","valueRequired":true,"valueName":"search_term_string"}}],"inLanguage":"ar"},{"@type":"Organization","@id":"https:\/\/lequotidien.mr\/#organization","name":"Le Quotidien de Nouakchott","url":"https:\/\/lequotidien.mr\/","logo":{"@type":"ImageObject","inLanguage":"ar","@id":"https:\/\/lequotidien.mr\/#\/schema\/logo\/image\/","url":"https:\/\/lequotidien.mr\/wp-content\/uploads\/2022\/11\/logolequotidien.jpg","contentUrl":"https:\/\/lequotidien.mr\/wp-content\/uploads\/2022\/11\/logolequotidien.jpg","width":290,"height":65,"caption":"Le Quotidien de Nouakchott"},"image":{"@id":"https:\/\/lequotidien.mr\/#\/schema\/logo\/image\/"},"sameAs":["https:\/\/web.facebook.com\/lequotidienmr","https:\/\/x.com\/lequotidienmr"]},{"@type":"Person","@id":"https:\/\/lequotidien.mr\/#\/schema\/person\/d2d350202a4d599685ed8abc25f97596","name":"Med Ahmed","image":{"@type":"ImageObject","inLanguage":"ar","@id":"https:\/\/secure.gravatar.com\/avatar\/fd2acc62ed50732923d1d39c17172c9b04149f142be92310ecc69e1358f94b52?s=96&d=mm&r=g","url":"https:\/\/secure.gravatar.com\/avatar\/fd2acc62ed50732923d1d39c17172c9b04149f142be92310ecc69e1358f94b52?s=96&d=mm&r=g","contentUrl":"https:\/\/secure.gravatar.com\/avatar\/fd2acc62ed50732923d1d39c17172c9b04149f142be92310ecc69e1358f94b52?s=96&d=mm&r=g","caption":"Med Ahmed"},"url":"https:\/\/lequotidien.mr\/?author=12"}]}},"_links":{"self":[{"href":"https:\/\/lequotidien.mr\/index.php?rest_route=\/wp\/v2\/posts\/19722","targetHints":{"allow":["GET"]}}],"collection":[{"href":"https:\/\/lequotidien.mr\/index.php?rest_route=\/wp\/v2\/posts"}],"about":[{"href":"https:\/\/lequotidien.mr\/index.php?rest_route=\/wp\/v2\/types\/post"}],"author":[{"embeddable":true,"href":"https:\/\/lequotidien.mr\/index.php?rest_route=\/wp\/v2\/users\/12"}],"replies":[{"embeddable":true,"href":"https:\/\/lequotidien.mr\/index.php?rest_route=%2Fwp%2Fv2%2Fcomments&post=19722"}],"version-history":[{"count":2,"href":"https:\/\/lequotidien.mr\/index.php?rest_route=\/wp\/v2\/posts\/19722\/revisions"}],"predecessor-version":[{"id":19726,"href":"https:\/\/lequotidien.mr\/index.php?rest_route=\/wp\/v2\/posts\/19722\/revisions\/19726"}],"wp:featuredmedia":[{"embeddable":true,"href":"https:\/\/lequotidien.mr\/index.php?rest_route=\/wp\/v2\/media\/19724"}],"wp:attachment":[{"href":"https:\/\/lequotidien.mr\/index.php?rest_route=%2Fwp%2Fv2%2Fmedia&parent=19722"}],"wp:term":[{"taxonomy":"category","embeddable":true,"href":"https:\/\/lequotidien.mr\/index.php?rest_route=%2Fwp%2Fv2%2Fcategories&post=19722"},{"taxonomy":"post_tag","embeddable":true,"href":"https:\/\/lequotidien.mr\/index.php?rest_route=%2Fwp%2Fv2%2Ftags&post=19722"}],"curies":[{"name":"wp","href":"https:\/\/api.w.org\/{rel}","templated":true}]}}