{"id":19677,"date":"2024-07-15T23:58:44","date_gmt":"2024-07-15T23:58:44","guid":{"rendered":"https:\/\/lequotidien.mr\/?p=19677"},"modified":"2024-07-15T23:58:44","modified_gmt":"2024-07-15T23:58:44","slug":"marrakech-cloture-des-travaux-du-colloque-international-sur-les-crimes-environnementaux-et-le-role-dissuasif-de-la-justice","status":"publish","type":"post","link":"https:\/\/lequotidien.mr\/?p=19677&lang=fr","title":{"rendered":"Marrakech : Cl\u00f4ture des travaux du colloque international sur les crimes environnementaux et le r\u00f4le dissuasif de la justice"},"content":{"rendered":"<p>Les travaux du colloque international sur les crimes environnementaux, organis\u00e9s en marge de la 17\u00e8me conf\u00e9rence de l\u2019Association des D\u00e9put\u00e9s pour Toute l\u2019Afrique et des Procureurs G\u00e9n\u00e9raux, se sont achev\u00e9s \u00e0 Marrakech, au Royaume du Maroc, le 12 juillet 2024.<\/p>\n<p><strong>Focus sur la Protection Juridique de l&#8217;Environnement<\/strong><\/p>\n<p>Le colloque a constitu\u00e9 une plateforme cruciale pour discuter du cadre juridique national et international visant \u00e0 prot\u00e9ger l&#8217;environnement. Les discussions ont notamment port\u00e9 sur les meilleures pratiques pour lutter contre les crimes environnementaux, ainsi que sur le r\u00f4le central de la justice dans cette lutte. Un accent particulier a \u00e9t\u00e9 mis sur la reconnaissance du droit \u00e0 un environnement sain comme un droit fondamental de l&#8217;homme.<\/p>\n<p><strong>Participation Internationale et Engagement Collectif<\/strong><\/p>\n<p>L&#8217;\u00e9v\u00e9nement a rassembl\u00e9 environ 250 participants de divers horizons, comprenant des pr\u00e9sidents de parquets g\u00e9n\u00e9raux, des substituts de 34 pays, ainsi que des repr\u00e9sentants d&#8217;organisations telles que le R\u00e9seau Europ\u00e9en des Agents pour l&#8217;Environnement, le Conseil de l&#8217;Europe, l&#8217;Association Internationale des Procureurs G\u00e9n\u00e9raux, le Bureau des Nations Unies Charg\u00e9 des Drogues, et l&#8217;Organisation Internationale pour les Migrations. Des experts internationaux ont \u00e9galement enrichi les d\u00e9bats de leur expertise.<\/p>\n<p><strong>Message de Cl\u00f4ture et Appel \u00e0 l&#8217;Action<\/strong><\/p>\n<p>Dans son discours de cl\u00f4ture, El Hacen Daki, pr\u00e9sident du Parquet G\u00e9n\u00e9ral au Royaume du Maroc, a soulign\u00e9 l&#8217;importance cruciale de la coop\u00e9ration judiciaire internationale face aux crimes environnementaux. Il a mis en lumi\u00e8re la nature transfrontali\u00e8re de ces crimes, exacerb\u00e9e par les transformations majeures que conna\u00eet actuellement le continent africain dans les domaines g\u00e9ographique, \u00e9conomique, social, s\u00e9curitaire et environnemental. Les d\u00e9fis pos\u00e9s par les changements climatiques et la crise alimentaire ont \u00e9t\u00e9 particuli\u00e8rement soulign\u00e9s, appelant \u00e0 des solutions concert\u00e9es et globales.<\/p>\n<p><strong>Engagement Continu<\/strong><\/p>\n<p>La participation active du procureur g\u00e9n\u00e9ral pr\u00e8s la Cour Supr\u00eame de Mauritanie, Mohamed Lemine Mohamed Lemine, t\u00e9moigne de l&#8217;engagement ferme des nations africaines \u00e0 renforcer leurs cadres juridiques et leur capacit\u00e9 judiciaire pour prot\u00e9ger l&#8217;environnement et pr\u00e9server les droits humains fondamentaux.<\/p>\n<p>En conclusion, le colloque international a non seulement renforc\u00e9 la collaboration entre les juristes et les experts environnementaux, mais a \u00e9galement jet\u00e9 les bases d&#8217;une action collective renforc\u00e9e contre les crimes environnementaux \u00e0 l&#8217;\u00e9chelle mondiale. Il a r\u00e9affirm\u00e9 l&#8217;importance de la justice comme pilier essentiel dans la d\u00e9fense de notre plan\u00e8te et de ses habitants face aux d\u00e9fis croissants de notre \u00e9poque.<\/p>\n<p>Cette rencontre marque un pas significatif vers un avenir o\u00f9 la protection de l&#8217;environnement et le respect des droits de l&#8217;homme seront au c\u0153ur des pr\u00e9occupations internationales et nationales, pour les g\u00e9n\u00e9rations pr\u00e9sentes et futures.<\/p>\n","protected":false},"excerpt":{"rendered":"<p>Les travaux du colloque international sur les crimes environnementaux, organis\u00e9s en marge de la 17\u00e8me conf\u00e9rence de l\u2019Association des D\u00e9put\u00e9s pour Toute l\u2019Afrique et des Procureurs G\u00e9n\u00e9raux, se sont achev\u00e9s \u00e0 Marrakech, au Royaume du Maroc, le 12 juillet 2024. Focus sur la Protection Juridique de l&#8217;Environnement Le colloque a constitu\u00e9 une plateforme cruciale pour&#8230;..<\/p>\n","protected":false},"author":12,"featured_media":19678,"comment_status":"open","ping_status":"open","sticky":false,"template":"","format":"standard","meta":{"footnotes":""},"categories":[23,49],"tags":[],"class_list":["post-19677","post","type-post","status-publish","format-standard","has-post-thumbnail","hentry","category-actualite","category-economie"],"yoast_head":"<!-- This site is optimized with the Yoast SEO plugin v27.5 - https:\/\/yoast.com\/product\/yoast-seo-wordpress\/ -->\n<title>Marrakech : Cl\u00f4ture des travaux du colloque international sur les crimes environnementaux et le r\u00f4le dissuasif de la justice - Le Quotidien de Nouakchott<\/title>\n<meta name=\"robots\" content=\"index, follow, max-snippet:-1, max-image-preview:large, max-video-preview:-1\" \/>\n<link rel=\"canonical\" href=\"https:\/\/lequotidien.mr\/?p=19677&lang=fr\" \/>\n<meta property=\"og:locale\" content=\"ar_AR\" \/>\n<meta property=\"og:type\" content=\"article\" \/>\n<meta property=\"og:title\" content=\"Marrakech : Cl\u00f4ture des travaux du colloque international sur les crimes environnementaux et le r\u00f4le dissuasif de la justice - Le Quotidien de Nouakchott\" \/>\n<meta property=\"og:description\" content=\"Les travaux du colloque international sur les crimes environnementaux, organis\u00e9s en marge de la 17\u00e8me conf\u00e9rence de l\u2019Association des D\u00e9put\u00e9s pour Toute l\u2019Afrique et des Procureurs G\u00e9n\u00e9raux, se sont achev\u00e9s \u00e0 Marrakech, au Royaume du Maroc, le 12 juillet 2024. Focus sur la Protection Juridique de l&#8217;Environnement Le colloque a constitu\u00e9 une plateforme cruciale pour.....\" \/>\n<meta property=\"og:url\" content=\"https:\/\/lequotidien.mr\/?p=19677&amp;lang=fr\" \/>\n<meta property=\"og:site_name\" content=\"Le Quotidien de Nouakchott\" \/>\n<meta property=\"article:publisher\" content=\"https:\/\/web.facebook.com\/lequotidienmr\" \/>\n<meta property=\"article:published_time\" content=\"2024-07-15T23:58:44+00:00\" \/>\n<meta property=\"og:image\" content=\"https:\/\/lequotidien.mr\/wp-content\/uploads\/2024\/07\/photo-forum-Marrakech.jpeg\" \/>\n\t<meta property=\"og:image:width\" content=\"725\" \/>\n\t<meta property=\"og:image:height\" content=\"286\" \/>\n\t<meta property=\"og:image:type\" content=\"image\/jpeg\" \/>\n<meta name=\"author\" content=\"Med Ahmed\" \/>\n<meta name=\"twitter:card\" content=\"summary_large_image\" \/>\n<meta name=\"twitter:creator\" content=\"@lequotidienmr\" \/>\n<meta name=\"twitter:site\" content=\"@lequotidienmr\" \/>\n<meta name=\"twitter:label1\" content=\"\u0643\u064f\u062a\u0628 \u0628\u0648\u0627\u0633\u0637\u0629\" \/>\n\t<meta name=\"twitter:data1\" content=\"Med Ahmed\" \/>\n\t<meta name=\"twitter:label2\" content=\"\u0648\u0642\u062a \u0627\u0644\u0642\u0631\u0627\u0621\u0629 \u0627\u0644\u0645\u064f\u0642\u062f\u0651\u0631\" \/>\n\t<meta name=\"twitter:data2\" content=\"3 \u062f\u0642\u0627\u0626\u0642\" \/>\n<script type=\"application\/ld+json\" class=\"yoast-schema-graph\">{\"@context\":\"https:\\\/\\\/schema.org\",\"@graph\":[{\"@type\":\"Article\",\"@id\":\"https:\\\/\\\/lequotidien.mr\\\/?p=19677&lang=fr#article\",\"isPartOf\":{\"@id\":\"https:\\\/\\\/lequotidien.mr\\\/?p=19677&lang=fr\"},\"author\":{\"name\":\"Med Ahmed\",\"@id\":\"https:\\\/\\\/lequotidien.mr\\\/#\\\/schema\\\/person\\\/d2d350202a4d599685ed8abc25f97596\"},\"headline\":\"Marrakech : Cl\u00f4ture des travaux du colloque international sur les crimes environnementaux et le r\u00f4le dissuasif de la justice\",\"datePublished\":\"2024-07-15T23:58:44+00:00\",\"mainEntityOfPage\":{\"@id\":\"https:\\\/\\\/lequotidien.mr\\\/?p=19677&lang=fr\"},\"wordCount\":498,\"commentCount\":0,\"publisher\":{\"@id\":\"https:\\\/\\\/lequotidien.mr\\\/#organization\"},\"image\":{\"@id\":\"https:\\\/\\\/lequotidien.mr\\\/?p=19677&lang=fr#primaryimage\"},\"thumbnailUrl\":\"https:\\\/\\\/lequotidien.mr\\\/wp-content\\\/uploads\\\/2024\\\/07\\\/photo-forum-Marrakech.jpeg\",\"articleSection\":[\"ACTUALIT\u00c9\",\"Economie\"],\"inLanguage\":\"ar\",\"potentialAction\":[{\"@type\":\"CommentAction\",\"name\":\"Comment\",\"target\":[\"https:\\\/\\\/lequotidien.mr\\\/?p=19677&lang=fr#respond\"]}]},{\"@type\":\"WebPage\",\"@id\":\"https:\\\/\\\/lequotidien.mr\\\/?p=19677&lang=fr\",\"url\":\"https:\\\/\\\/lequotidien.mr\\\/?p=19677&lang=fr\",\"name\":\"Marrakech : Cl\u00f4ture des travaux du colloque international sur les crimes environnementaux et le r\u00f4le dissuasif de la justice - Le Quotidien de Nouakchott\",\"isPartOf\":{\"@id\":\"https:\\\/\\\/lequotidien.mr\\\/#website\"},\"primaryImageOfPage\":{\"@id\":\"https:\\\/\\\/lequotidien.mr\\\/?p=19677&lang=fr#primaryimage\"},\"image\":{\"@id\":\"https:\\\/\\\/lequotidien.mr\\\/?p=19677&lang=fr#primaryimage\"},\"thumbnailUrl\":\"https:\\\/\\\/lequotidien.mr\\\/wp-content\\\/uploads\\\/2024\\\/07\\\/photo-forum-Marrakech.jpeg\",\"datePublished\":\"2024-07-15T23:58:44+00:00\",\"breadcrumb\":{\"@id\":\"https:\\\/\\\/lequotidien.mr\\\/?p=19677&lang=fr#breadcrumb\"},\"inLanguage\":\"ar\",\"potentialAction\":[{\"@type\":\"ReadAction\",\"target\":[\"https:\\\/\\\/lequotidien.mr\\\/?p=19677&lang=fr\"]}]},{\"@type\":\"ImageObject\",\"inLanguage\":\"ar\",\"@id\":\"https:\\\/\\\/lequotidien.mr\\\/?p=19677&lang=fr#primaryimage\",\"url\":\"https:\\\/\\\/lequotidien.mr\\\/wp-content\\\/uploads\\\/2024\\\/07\\\/photo-forum-Marrakech.jpeg\",\"contentUrl\":\"https:\\\/\\\/lequotidien.mr\\\/wp-content\\\/uploads\\\/2024\\\/07\\\/photo-forum-Marrakech.jpeg\",\"width\":725,\"height\":286},{\"@type\":\"BreadcrumbList\",\"@id\":\"https:\\\/\\\/lequotidien.mr\\\/?p=19677&lang=fr#breadcrumb\",\"itemListElement\":[{\"@type\":\"ListItem\",\"position\":1,\"name\":\"Home\",\"item\":\"https:\\\/\\\/lequotidien.mr\\\/\"},{\"@type\":\"ListItem\",\"position\":2,\"name\":\"Marrakech : Cl\u00f4ture des travaux du colloque international sur les crimes environnementaux et le r\u00f4le dissuasif de la justice\"}]},{\"@type\":\"WebSite\",\"@id\":\"https:\\\/\\\/lequotidien.mr\\\/#website\",\"url\":\"https:\\\/\\\/lequotidien.mr\\\/\",\"name\":\"Le Quotidien de Nouakchott\",\"description\":\"\u0625\u062e\u0628\u0627\u0631\u064a\u0629 \u0645\u0633\u062a\u0642\u0644\u0629 \u0644\u0644\u0623\u0646\u0628\u0627\u0621 \u0627\u0644\u0639\u0627\u0645\u0629\",\"publisher\":{\"@id\":\"https:\\\/\\\/lequotidien.mr\\\/#organization\"},\"potentialAction\":[{\"@type\":\"SearchAction\",\"target\":{\"@type\":\"EntryPoint\",\"urlTemplate\":\"https:\\\/\\\/lequotidien.mr\\\/?s={search_term_string}\"},\"query-input\":{\"@type\":\"PropertyValueSpecification\",\"valueRequired\":true,\"valueName\":\"search_term_string\"}}],\"inLanguage\":\"ar\"},{\"@type\":\"Organization\",\"@id\":\"https:\\\/\\\/lequotidien.mr\\\/#organization\",\"name\":\"Le Quotidien de Nouakchott\",\"url\":\"https:\\\/\\\/lequotidien.mr\\\/\",\"logo\":{\"@type\":\"ImageObject\",\"inLanguage\":\"ar\",\"@id\":\"https:\\\/\\\/lequotidien.mr\\\/#\\\/schema\\\/logo\\\/image\\\/\",\"url\":\"https:\\\/\\\/lequotidien.mr\\\/wp-content\\\/uploads\\\/2022\\\/11\\\/logolequotidien.jpg\",\"contentUrl\":\"https:\\\/\\\/lequotidien.mr\\\/wp-content\\\/uploads\\\/2022\\\/11\\\/logolequotidien.jpg\",\"width\":290,\"height\":65,\"caption\":\"Le Quotidien de Nouakchott\"},\"image\":{\"@id\":\"https:\\\/\\\/lequotidien.mr\\\/#\\\/schema\\\/logo\\\/image\\\/\"},\"sameAs\":[\"https:\\\/\\\/web.facebook.com\\\/lequotidienmr\",\"https:\\\/\\\/x.com\\\/lequotidienmr\"]},{\"@type\":\"Person\",\"@id\":\"https:\\\/\\\/lequotidien.mr\\\/#\\\/schema\\\/person\\\/d2d350202a4d599685ed8abc25f97596\",\"name\":\"Med Ahmed\",\"image\":{\"@type\":\"ImageObject\",\"inLanguage\":\"ar\",\"@id\":\"https:\\\/\\\/secure.gravatar.com\\\/avatar\\\/fd2acc62ed50732923d1d39c17172c9b04149f142be92310ecc69e1358f94b52?s=96&d=mm&r=g\",\"url\":\"https:\\\/\\\/secure.gravatar.com\\\/avatar\\\/fd2acc62ed50732923d1d39c17172c9b04149f142be92310ecc69e1358f94b52?s=96&d=mm&r=g\",\"contentUrl\":\"https:\\\/\\\/secure.gravatar.com\\\/avatar\\\/fd2acc62ed50732923d1d39c17172c9b04149f142be92310ecc69e1358f94b52?s=96&d=mm&r=g\",\"caption\":\"Med Ahmed\"},\"url\":\"https:\\\/\\\/lequotidien.mr\\\/?author=12\"}]}<\/script>\n<!-- \/ Yoast SEO plugin. -->","yoast_head_json":{"title":"Marrakech : Cl\u00f4ture des travaux du colloque international sur les crimes environnementaux et le r\u00f4le dissuasif de la justice - Le Quotidien de Nouakchott","robots":{"index":"index","follow":"follow","max-snippet":"max-snippet:-1","max-image-preview":"max-image-preview:large","max-video-preview":"max-video-preview:-1"},"canonical":"https:\/\/lequotidien.mr\/?p=19677&lang=fr","og_locale":"ar_AR","og_type":"article","og_title":"Marrakech : Cl\u00f4ture des travaux du colloque international sur les crimes environnementaux et le r\u00f4le dissuasif de la justice - Le Quotidien de Nouakchott","og_description":"Les travaux du colloque international sur les crimes environnementaux, organis\u00e9s en marge de la 17\u00e8me conf\u00e9rence de l\u2019Association des D\u00e9put\u00e9s pour Toute l\u2019Afrique et des Procureurs G\u00e9n\u00e9raux, se sont achev\u00e9s \u00e0 Marrakech, au Royaume du Maroc, le 12 juillet 2024. Focus sur la Protection Juridique de l&#8217;Environnement Le colloque a constitu\u00e9 une plateforme cruciale pour.....","og_url":"https:\/\/lequotidien.mr\/?p=19677&lang=fr","og_site_name":"Le Quotidien de Nouakchott","article_publisher":"https:\/\/web.facebook.com\/lequotidienmr","article_published_time":"2024-07-15T23:58:44+00:00","og_image":[{"width":725,"height":286,"url":"https:\/\/lequotidien.mr\/wp-content\/uploads\/2024\/07\/photo-forum-Marrakech.jpeg","type":"image\/jpeg"}],"author":"Med Ahmed","twitter_card":"summary_large_image","twitter_creator":"@lequotidienmr","twitter_site":"@lequotidienmr","twitter_misc":{"\u0643\u064f\u062a\u0628 \u0628\u0648\u0627\u0633\u0637\u0629":"Med Ahmed","\u0648\u0642\u062a \u0627\u0644\u0642\u0631\u0627\u0621\u0629 \u0627\u0644\u0645\u064f\u0642\u062f\u0651\u0631":"3 \u062f\u0642\u0627\u0626\u0642"},"schema":{"@context":"https:\/\/schema.org","@graph":[{"@type":"Article","@id":"https:\/\/lequotidien.mr\/?p=19677&lang=fr#article","isPartOf":{"@id":"https:\/\/lequotidien.mr\/?p=19677&lang=fr"},"author":{"name":"Med Ahmed","@id":"https:\/\/lequotidien.mr\/#\/schema\/person\/d2d350202a4d599685ed8abc25f97596"},"headline":"Marrakech : Cl\u00f4ture des travaux du colloque international sur les crimes environnementaux et le r\u00f4le dissuasif de la justice","datePublished":"2024-07-15T23:58:44+00:00","mainEntityOfPage":{"@id":"https:\/\/lequotidien.mr\/?p=19677&lang=fr"},"wordCount":498,"commentCount":0,"publisher":{"@id":"https:\/\/lequotidien.mr\/#organization"},"image":{"@id":"https:\/\/lequotidien.mr\/?p=19677&lang=fr#primaryimage"},"thumbnailUrl":"https:\/\/lequotidien.mr\/wp-content\/uploads\/2024\/07\/photo-forum-Marrakech.jpeg","articleSection":["ACTUALIT\u00c9","Economie"],"inLanguage":"ar","potentialAction":[{"@type":"CommentAction","name":"Comment","target":["https:\/\/lequotidien.mr\/?p=19677&lang=fr#respond"]}]},{"@type":"WebPage","@id":"https:\/\/lequotidien.mr\/?p=19677&lang=fr","url":"https:\/\/lequotidien.mr\/?p=19677&lang=fr","name":"Marrakech : Cl\u00f4ture des travaux du colloque international sur les crimes environnementaux et le r\u00f4le dissuasif de la justice - Le Quotidien de Nouakchott","isPartOf":{"@id":"https:\/\/lequotidien.mr\/#website"},"primaryImageOfPage":{"@id":"https:\/\/lequotidien.mr\/?p=19677&lang=fr#primaryimage"},"image":{"@id":"https:\/\/lequotidien.mr\/?p=19677&lang=fr#primaryimage"},"thumbnailUrl":"https:\/\/lequotidien.mr\/wp-content\/uploads\/2024\/07\/photo-forum-Marrakech.jpeg","datePublished":"2024-07-15T23:58:44+00:00","breadcrumb":{"@id":"https:\/\/lequotidien.mr\/?p=19677&lang=fr#breadcrumb"},"inLanguage":"ar","potentialAction":[{"@type":"ReadAction","target":["https:\/\/lequotidien.mr\/?p=19677&lang=fr"]}]},{"@type":"ImageObject","inLanguage":"ar","@id":"https:\/\/lequotidien.mr\/?p=19677&lang=fr#primaryimage","url":"https:\/\/lequotidien.mr\/wp-content\/uploads\/2024\/07\/photo-forum-Marrakech.jpeg","contentUrl":"https:\/\/lequotidien.mr\/wp-content\/uploads\/2024\/07\/photo-forum-Marrakech.jpeg","width":725,"height":286},{"@type":"BreadcrumbList","@id":"https:\/\/lequotidien.mr\/?p=19677&lang=fr#breadcrumb","itemListElement":[{"@type":"ListItem","position":1,"name":"Home","item":"https:\/\/lequotidien.mr\/"},{"@type":"ListItem","position":2,"name":"Marrakech : Cl\u00f4ture des travaux du colloque international sur les crimes environnementaux et le r\u00f4le dissuasif de la justice"}]},{"@type":"WebSite","@id":"https:\/\/lequotidien.mr\/#website","url":"https:\/\/lequotidien.mr\/","name":"Le Quotidien de Nouakchott","description":"\u0625\u062e\u0628\u0627\u0631\u064a\u0629 \u0645\u0633\u062a\u0642\u0644\u0629 \u0644\u0644\u0623\u0646\u0628\u0627\u0621 \u0627\u0644\u0639\u0627\u0645\u0629","publisher":{"@id":"https:\/\/lequotidien.mr\/#organization"},"potentialAction":[{"@type":"SearchAction","target":{"@type":"EntryPoint","urlTemplate":"https:\/\/lequotidien.mr\/?s={search_term_string}"},"query-input":{"@type":"PropertyValueSpecification","valueRequired":true,"valueName":"search_term_string"}}],"inLanguage":"ar"},{"@type":"Organization","@id":"https:\/\/lequotidien.mr\/#organization","name":"Le Quotidien de Nouakchott","url":"https:\/\/lequotidien.mr\/","logo":{"@type":"ImageObject","inLanguage":"ar","@id":"https:\/\/lequotidien.mr\/#\/schema\/logo\/image\/","url":"https:\/\/lequotidien.mr\/wp-content\/uploads\/2022\/11\/logolequotidien.jpg","contentUrl":"https:\/\/lequotidien.mr\/wp-content\/uploads\/2022\/11\/logolequotidien.jpg","width":290,"height":65,"caption":"Le Quotidien de Nouakchott"},"image":{"@id":"https:\/\/lequotidien.mr\/#\/schema\/logo\/image\/"},"sameAs":["https:\/\/web.facebook.com\/lequotidienmr","https:\/\/x.com\/lequotidienmr"]},{"@type":"Person","@id":"https:\/\/lequotidien.mr\/#\/schema\/person\/d2d350202a4d599685ed8abc25f97596","name":"Med Ahmed","image":{"@type":"ImageObject","inLanguage":"ar","@id":"https:\/\/secure.gravatar.com\/avatar\/fd2acc62ed50732923d1d39c17172c9b04149f142be92310ecc69e1358f94b52?s=96&d=mm&r=g","url":"https:\/\/secure.gravatar.com\/avatar\/fd2acc62ed50732923d1d39c17172c9b04149f142be92310ecc69e1358f94b52?s=96&d=mm&r=g","contentUrl":"https:\/\/secure.gravatar.com\/avatar\/fd2acc62ed50732923d1d39c17172c9b04149f142be92310ecc69e1358f94b52?s=96&d=mm&r=g","caption":"Med Ahmed"},"url":"https:\/\/lequotidien.mr\/?author=12"}]}},"_links":{"self":[{"href":"https:\/\/lequotidien.mr\/index.php?rest_route=\/wp\/v2\/posts\/19677","targetHints":{"allow":["GET"]}}],"collection":[{"href":"https:\/\/lequotidien.mr\/index.php?rest_route=\/wp\/v2\/posts"}],"about":[{"href":"https:\/\/lequotidien.mr\/index.php?rest_route=\/wp\/v2\/types\/post"}],"author":[{"embeddable":true,"href":"https:\/\/lequotidien.mr\/index.php?rest_route=\/wp\/v2\/users\/12"}],"replies":[{"embeddable":true,"href":"https:\/\/lequotidien.mr\/index.php?rest_route=%2Fwp%2Fv2%2Fcomments&post=19677"}],"version-history":[{"count":1,"href":"https:\/\/lequotidien.mr\/index.php?rest_route=\/wp\/v2\/posts\/19677\/revisions"}],"predecessor-version":[{"id":19679,"href":"https:\/\/lequotidien.mr\/index.php?rest_route=\/wp\/v2\/posts\/19677\/revisions\/19679"}],"wp:featuredmedia":[{"embeddable":true,"href":"https:\/\/lequotidien.mr\/index.php?rest_route=\/wp\/v2\/media\/19678"}],"wp:attachment":[{"href":"https:\/\/lequotidien.mr\/index.php?rest_route=%2Fwp%2Fv2%2Fmedia&parent=19677"}],"wp:term":[{"taxonomy":"category","embeddable":true,"href":"https:\/\/lequotidien.mr\/index.php?rest_route=%2Fwp%2Fv2%2Fcategories&post=19677"},{"taxonomy":"post_tag","embeddable":true,"href":"https:\/\/lequotidien.mr\/index.php?rest_route=%2Fwp%2Fv2%2Ftags&post=19677"}],"curies":[{"name":"wp","href":"https:\/\/api.w.org\/{rel}","templated":true}]}}