{"id":19674,"date":"2024-07-15T23:52:43","date_gmt":"2024-07-15T23:52:43","guid":{"rendered":"https:\/\/lequotidien.mr\/?p=19674"},"modified":"2024-07-15T23:52:43","modified_gmt":"2024-07-15T23:52:43","slug":"la-mauritanie-presente-son-bilan-dans-le-domaine-des-objectifs-du-developpement-durable-au-forum-de-new-york","status":"publish","type":"post","link":"https:\/\/lequotidien.mr\/?p=19674&lang=fr","title":{"rendered":"La Mauritanie pr\u00e9sente son bilan dans le domaine  des Objectifs du D\u00e9veloppement Durable au forum de New York"},"content":{"rendered":"<p>Le 12 juillet 2024, la Mauritanie a fait entendre sa voix au Forum politique de haut niveau sur le d\u00e9veloppement durable des Nations Unies, \u00e0 New York, en pr\u00e9sentant son deuxi\u00e8me rapport d\u2019examen national volontaire sur les Objectifs de D\u00e9veloppement Durable (ODD). Cette pr\u00e9sentation intervient dans le cadre d&#8217;une r\u00e9union s&#8217;\u00e9talant du 8 au 18 juillet 2024, sous le th\u00e8me \u00ab Faire progresser le Programme de d\u00e9veloppement durable \u00e0 l\u2019horizon 2030 et \u00e9radiquer la pauvret\u00e9 en p\u00e9riode de crises multiples : mettre en \u0153uvre efficacement des solutions durables, r\u00e9silientes et innovantes \u00bb.<\/p>\n<p><strong>Progr\u00e8s et Engagements<\/strong><\/p>\n<p>M. Abdessalam Mohamed Saleh, ministre de l\u2019Economie et du D\u00e9veloppement Durable, a dirig\u00e9 la d\u00e9l\u00e9gation mauritanienne lors de cette pr\u00e9sentation cruciale. Il a mis en lumi\u00e8re les avanc\u00e9es significatives de la Mauritanie dans la r\u00e9alisation des ODD, gr\u00e2ce \u00e0 des programmes ambitieux mis en \u0153uvre ces derni\u00e8res ann\u00e9es. En particulier, il a soulign\u00e9 l&#8217;augmentation spectaculaire des d\u00e9penses de protection sociale, quadrupl\u00e9es sous la pr\u00e9sidence de Mohamed Cheikh El Ghazouani. Cela refl\u00e8te l&#8217;engagement ferme du pays \u00e0 am\u00e9liorer les conditions de vie des groupes sociaux vuln\u00e9rables, en assurant un acc\u00e8s accru \u00e0 des services essentiels tels que l\u2019\u00e9ducation, la sant\u00e9, l\u2019eau potable et l\u2019\u00e9lectricit\u00e9.<\/p>\n<p><strong>D\u00e9fis et Perspectives<\/strong><\/p>\n<p>N\u00e9anmoins, le ministre a \u00e9galement reconnu que des d\u00e9fis subsistent, notamment dans les domaines du capital humain, de l&#8217;infrastructure et de la gouvernance. Il a soulign\u00e9 l&#8217;importance cruciale de l&#8217;\u00e9conomie verte pour la Mauritanie, un secteur o\u00f9 le pays poss\u00e8de un potentiel consid\u00e9rable. Cet aspect pourrait catalyser une croissance soutenue et qualitative, indispensable \u00e0 la r\u00e9alisation des ODD et \u00e0 l&#8217;am\u00e9lioration continue des conditions de vie de ses citoyens.<\/p>\n<p><strong>Engagement envers le Climat<\/strong><\/p>\n<p>Un autre point central de la pr\u00e9sentation a \u00e9t\u00e9 la lutte contre le changement climatique, une priorit\u00e9 absolue pour un pays confront\u00e9 \u00e0 des d\u00e9fis environnementaux majeurs comme les s\u00e9cheresses, la d\u00e9sertification et la d\u00e9gradation des \u00e9cosyst\u00e8mes fragiles. La Mauritanie s&#8217;est engag\u00e9e \u00e0 r\u00e9duire ses \u00e9missions de gaz \u00e0 effet de serre de 11 % d&#8217;ici 2030, avec des progr\u00e8s notables d\u00e9j\u00e0 r\u00e9alis\u00e9s dans l&#8217;int\u00e9gration des \u00e9nergies renouvelables. En 2021, celles-ci repr\u00e9sentaient 42 % de la consommation finale d&#8217;\u00e9nergie, avec un objectif ambitieux de 60 % \u00e0 atteindre d&#8217;ici la fin de la d\u00e9cennie.<\/p>\n<p><strong>Partenariats et Financement<\/strong><\/p>\n<p>Pour r\u00e9aliser ces objectifs ambitieux, le ministre a soulign\u00e9 l&#8217;importance cruciale de la mobilisation des ressources financi\u00e8res et de l&#8217;engagement actif du secteur priv\u00e9. La Mauritanie soutient pleinement l&#8217;agenda de financement propos\u00e9 par le Secr\u00e9taire G\u00e9n\u00e9ral des Nations Unies, reconnaissant ainsi la n\u00e9cessit\u00e9 d&#8217;un partenariat global pour atteindre les ODD dans les d\u00e9lais impartis.<\/p>\n<p>La pr\u00e9sentation du ministre a \u00e9t\u00e9 suivie d&#8217;une discussion approfondie, mettant en avant les strat\u00e9gies futures et les programmes envisag\u00e9s par le gouvernement mauritanien pour surmonter les obstacles restants. Des sujets tels que l&#8217;impact de l&#8217;afflux de r\u00e9fugi\u00e9s sur les services sociaux et les ressources naturelles ont \u00e9t\u00e9 abord\u00e9s, d\u00e9montrant la volont\u00e9 de la Mauritanie de trouver des solutions inclusives et durables pour tous.<\/p>\n<p>La Mauritanie continue de jouer un r\u00f4le actif et constructif dans la r\u00e9alisation des Objectifs de D\u00e9veloppement Durable, tout en confrontant courageusement les d\u00e9fis internes et externes. Son engagement envers l&#8217;\u00e9conomie verte et la r\u00e9silience climatique illustre une vision positive pour un avenir durable et prosp\u00e8re pour tous ses citoyens.<\/p>\n","protected":false},"excerpt":{"rendered":"<p>Le 12 juillet 2024, la Mauritanie a fait entendre sa voix au Forum politique de haut niveau sur le d\u00e9veloppement durable des Nations Unies, \u00e0 New York, en pr\u00e9sentant son deuxi\u00e8me rapport d\u2019examen national volontaire sur les Objectifs de D\u00e9veloppement Durable (ODD). Cette pr\u00e9sentation intervient dans le cadre d&#8217;une r\u00e9union s&#8217;\u00e9talant du 8 au 18&#8230;..<\/p>\n","protected":false},"author":12,"featured_media":19675,"comment_status":"open","ping_status":"open","sticky":false,"template":"","format":"standard","meta":{"footnotes":""},"categories":[23,49],"tags":[],"class_list":["post-19674","post","type-post","status-publish","format-standard","has-post-thumbnail","hentry","category-actualite","category-economie"],"yoast_head":"<!-- This site is optimized with the Yoast SEO plugin v27.5 - https:\/\/yoast.com\/product\/yoast-seo-wordpress\/ -->\n<title>La Mauritanie pr\u00e9sente son bilan dans le domaine des Objectifs du D\u00e9veloppement Durable au forum de New York - Le Quotidien de Nouakchott<\/title>\n<meta name=\"robots\" content=\"index, follow, max-snippet:-1, max-image-preview:large, max-video-preview:-1\" \/>\n<link rel=\"canonical\" href=\"https:\/\/lequotidien.mr\/?p=19674&lang=fr\" \/>\n<meta property=\"og:locale\" content=\"ar_AR\" \/>\n<meta property=\"og:type\" content=\"article\" \/>\n<meta property=\"og:title\" content=\"La Mauritanie pr\u00e9sente son bilan dans le domaine des Objectifs du D\u00e9veloppement Durable au forum de New York - Le Quotidien de Nouakchott\" \/>\n<meta property=\"og:description\" content=\"Le 12 juillet 2024, la Mauritanie a fait entendre sa voix au Forum politique de haut niveau sur le d\u00e9veloppement durable des Nations Unies, \u00e0 New York, en pr\u00e9sentant son deuxi\u00e8me rapport d\u2019examen national volontaire sur les Objectifs de D\u00e9veloppement Durable (ODD). Cette pr\u00e9sentation intervient dans le cadre d&#8217;une r\u00e9union s&#8217;\u00e9talant du 8 au 18.....\" \/>\n<meta property=\"og:url\" content=\"https:\/\/lequotidien.mr\/?p=19674&amp;lang=fr\" \/>\n<meta property=\"og:site_name\" content=\"Le Quotidien de Nouakchott\" \/>\n<meta property=\"article:publisher\" content=\"https:\/\/web.facebook.com\/lequotidienmr\" \/>\n<meta property=\"article:published_time\" content=\"2024-07-15T23:52:43+00:00\" \/>\n<meta property=\"og:image\" content=\"https:\/\/lequotidien.mr\/wp-content\/uploads\/2024\/07\/photo-forum-DD-New-York-2.jpg\" \/>\n\t<meta property=\"og:image:width\" content=\"800\" \/>\n\t<meta property=\"og:image:height\" content=\"400\" \/>\n\t<meta property=\"og:image:type\" content=\"image\/jpeg\" \/>\n<meta name=\"author\" content=\"Med Ahmed\" \/>\n<meta name=\"twitter:card\" content=\"summary_large_image\" \/>\n<meta name=\"twitter:creator\" content=\"@lequotidienmr\" \/>\n<meta name=\"twitter:site\" content=\"@lequotidienmr\" \/>\n<meta name=\"twitter:label1\" content=\"\u0643\u064f\u062a\u0628 \u0628\u0648\u0627\u0633\u0637\u0629\" \/>\n\t<meta name=\"twitter:data1\" content=\"Med Ahmed\" \/>\n\t<meta name=\"twitter:label2\" content=\"\u0648\u0642\u062a \u0627\u0644\u0642\u0631\u0627\u0621\u0629 \u0627\u0644\u0645\u064f\u0642\u062f\u0651\u0631\" \/>\n\t<meta name=\"twitter:data2\" content=\"3 \u062f\u0642\u0627\u0626\u0642\" \/>\n<script type=\"application\/ld+json\" class=\"yoast-schema-graph\">{\"@context\":\"https:\\\/\\\/schema.org\",\"@graph\":[{\"@type\":\"Article\",\"@id\":\"https:\\\/\\\/lequotidien.mr\\\/?p=19674&lang=fr#article\",\"isPartOf\":{\"@id\":\"https:\\\/\\\/lequotidien.mr\\\/?p=19674&lang=fr\"},\"author\":{\"name\":\"Med Ahmed\",\"@id\":\"https:\\\/\\\/lequotidien.mr\\\/#\\\/schema\\\/person\\\/d2d350202a4d599685ed8abc25f97596\"},\"headline\":\"La Mauritanie pr\u00e9sente son bilan dans le domaine des Objectifs du D\u00e9veloppement Durable au forum de New York\",\"datePublished\":\"2024-07-15T23:52:43+00:00\",\"mainEntityOfPage\":{\"@id\":\"https:\\\/\\\/lequotidien.mr\\\/?p=19674&lang=fr\"},\"wordCount\":628,\"commentCount\":0,\"publisher\":{\"@id\":\"https:\\\/\\\/lequotidien.mr\\\/#organization\"},\"image\":{\"@id\":\"https:\\\/\\\/lequotidien.mr\\\/?p=19674&lang=fr#primaryimage\"},\"thumbnailUrl\":\"https:\\\/\\\/lequotidien.mr\\\/wp-content\\\/uploads\\\/2024\\\/07\\\/photo-forum-DD-New-York-2.jpg\",\"articleSection\":[\"ACTUALIT\u00c9\",\"Economie\"],\"inLanguage\":\"ar\",\"potentialAction\":[{\"@type\":\"CommentAction\",\"name\":\"Comment\",\"target\":[\"https:\\\/\\\/lequotidien.mr\\\/?p=19674&lang=fr#respond\"]}]},{\"@type\":\"WebPage\",\"@id\":\"https:\\\/\\\/lequotidien.mr\\\/?p=19674&lang=fr\",\"url\":\"https:\\\/\\\/lequotidien.mr\\\/?p=19674&lang=fr\",\"name\":\"La Mauritanie pr\u00e9sente son bilan dans le domaine des Objectifs du D\u00e9veloppement Durable au forum de New York - Le Quotidien de Nouakchott\",\"isPartOf\":{\"@id\":\"https:\\\/\\\/lequotidien.mr\\\/#website\"},\"primaryImageOfPage\":{\"@id\":\"https:\\\/\\\/lequotidien.mr\\\/?p=19674&lang=fr#primaryimage\"},\"image\":{\"@id\":\"https:\\\/\\\/lequotidien.mr\\\/?p=19674&lang=fr#primaryimage\"},\"thumbnailUrl\":\"https:\\\/\\\/lequotidien.mr\\\/wp-content\\\/uploads\\\/2024\\\/07\\\/photo-forum-DD-New-York-2.jpg\",\"datePublished\":\"2024-07-15T23:52:43+00:00\",\"breadcrumb\":{\"@id\":\"https:\\\/\\\/lequotidien.mr\\\/?p=19674&lang=fr#breadcrumb\"},\"inLanguage\":\"ar\",\"potentialAction\":[{\"@type\":\"ReadAction\",\"target\":[\"https:\\\/\\\/lequotidien.mr\\\/?p=19674&lang=fr\"]}]},{\"@type\":\"ImageObject\",\"inLanguage\":\"ar\",\"@id\":\"https:\\\/\\\/lequotidien.mr\\\/?p=19674&lang=fr#primaryimage\",\"url\":\"https:\\\/\\\/lequotidien.mr\\\/wp-content\\\/uploads\\\/2024\\\/07\\\/photo-forum-DD-New-York-2.jpg\",\"contentUrl\":\"https:\\\/\\\/lequotidien.mr\\\/wp-content\\\/uploads\\\/2024\\\/07\\\/photo-forum-DD-New-York-2.jpg\",\"width\":800,\"height\":400},{\"@type\":\"BreadcrumbList\",\"@id\":\"https:\\\/\\\/lequotidien.mr\\\/?p=19674&lang=fr#breadcrumb\",\"itemListElement\":[{\"@type\":\"ListItem\",\"position\":1,\"name\":\"Home\",\"item\":\"https:\\\/\\\/lequotidien.mr\\\/\"},{\"@type\":\"ListItem\",\"position\":2,\"name\":\"La Mauritanie pr\u00e9sente son bilan dans le domaine des Objectifs du D\u00e9veloppement Durable au forum de New York\"}]},{\"@type\":\"WebSite\",\"@id\":\"https:\\\/\\\/lequotidien.mr\\\/#website\",\"url\":\"https:\\\/\\\/lequotidien.mr\\\/\",\"name\":\"Le Quotidien de Nouakchott\",\"description\":\"\u0625\u062e\u0628\u0627\u0631\u064a\u0629 \u0645\u0633\u062a\u0642\u0644\u0629 \u0644\u0644\u0623\u0646\u0628\u0627\u0621 \u0627\u0644\u0639\u0627\u0645\u0629\",\"publisher\":{\"@id\":\"https:\\\/\\\/lequotidien.mr\\\/#organization\"},\"potentialAction\":[{\"@type\":\"SearchAction\",\"target\":{\"@type\":\"EntryPoint\",\"urlTemplate\":\"https:\\\/\\\/lequotidien.mr\\\/?s={search_term_string}\"},\"query-input\":{\"@type\":\"PropertyValueSpecification\",\"valueRequired\":true,\"valueName\":\"search_term_string\"}}],\"inLanguage\":\"ar\"},{\"@type\":\"Organization\",\"@id\":\"https:\\\/\\\/lequotidien.mr\\\/#organization\",\"name\":\"Le Quotidien de Nouakchott\",\"url\":\"https:\\\/\\\/lequotidien.mr\\\/\",\"logo\":{\"@type\":\"ImageObject\",\"inLanguage\":\"ar\",\"@id\":\"https:\\\/\\\/lequotidien.mr\\\/#\\\/schema\\\/logo\\\/image\\\/\",\"url\":\"https:\\\/\\\/lequotidien.mr\\\/wp-content\\\/uploads\\\/2022\\\/11\\\/logolequotidien.jpg\",\"contentUrl\":\"https:\\\/\\\/lequotidien.mr\\\/wp-content\\\/uploads\\\/2022\\\/11\\\/logolequotidien.jpg\",\"width\":290,\"height\":65,\"caption\":\"Le Quotidien de Nouakchott\"},\"image\":{\"@id\":\"https:\\\/\\\/lequotidien.mr\\\/#\\\/schema\\\/logo\\\/image\\\/\"},\"sameAs\":[\"https:\\\/\\\/web.facebook.com\\\/lequotidienmr\",\"https:\\\/\\\/x.com\\\/lequotidienmr\"]},{\"@type\":\"Person\",\"@id\":\"https:\\\/\\\/lequotidien.mr\\\/#\\\/schema\\\/person\\\/d2d350202a4d599685ed8abc25f97596\",\"name\":\"Med Ahmed\",\"image\":{\"@type\":\"ImageObject\",\"inLanguage\":\"ar\",\"@id\":\"https:\\\/\\\/secure.gravatar.com\\\/avatar\\\/fd2acc62ed50732923d1d39c17172c9b04149f142be92310ecc69e1358f94b52?s=96&d=mm&r=g\",\"url\":\"https:\\\/\\\/secure.gravatar.com\\\/avatar\\\/fd2acc62ed50732923d1d39c17172c9b04149f142be92310ecc69e1358f94b52?s=96&d=mm&r=g\",\"contentUrl\":\"https:\\\/\\\/secure.gravatar.com\\\/avatar\\\/fd2acc62ed50732923d1d39c17172c9b04149f142be92310ecc69e1358f94b52?s=96&d=mm&r=g\",\"caption\":\"Med Ahmed\"},\"url\":\"https:\\\/\\\/lequotidien.mr\\\/?author=12\"}]}<\/script>\n<!-- \/ Yoast SEO plugin. -->","yoast_head_json":{"title":"La Mauritanie pr\u00e9sente son bilan dans le domaine des Objectifs du D\u00e9veloppement Durable au forum de New York - Le Quotidien de Nouakchott","robots":{"index":"index","follow":"follow","max-snippet":"max-snippet:-1","max-image-preview":"max-image-preview:large","max-video-preview":"max-video-preview:-1"},"canonical":"https:\/\/lequotidien.mr\/?p=19674&lang=fr","og_locale":"ar_AR","og_type":"article","og_title":"La Mauritanie pr\u00e9sente son bilan dans le domaine des Objectifs du D\u00e9veloppement Durable au forum de New York - Le Quotidien de Nouakchott","og_description":"Le 12 juillet 2024, la Mauritanie a fait entendre sa voix au Forum politique de haut niveau sur le d\u00e9veloppement durable des Nations Unies, \u00e0 New York, en pr\u00e9sentant son deuxi\u00e8me rapport d\u2019examen national volontaire sur les Objectifs de D\u00e9veloppement Durable (ODD). Cette pr\u00e9sentation intervient dans le cadre d&#8217;une r\u00e9union s&#8217;\u00e9talant du 8 au 18.....","og_url":"https:\/\/lequotidien.mr\/?p=19674&lang=fr","og_site_name":"Le Quotidien de Nouakchott","article_publisher":"https:\/\/web.facebook.com\/lequotidienmr","article_published_time":"2024-07-15T23:52:43+00:00","og_image":[{"width":800,"height":400,"url":"https:\/\/lequotidien.mr\/wp-content\/uploads\/2024\/07\/photo-forum-DD-New-York-2.jpg","type":"image\/jpeg"}],"author":"Med Ahmed","twitter_card":"summary_large_image","twitter_creator":"@lequotidienmr","twitter_site":"@lequotidienmr","twitter_misc":{"\u0643\u064f\u062a\u0628 \u0628\u0648\u0627\u0633\u0637\u0629":"Med Ahmed","\u0648\u0642\u062a \u0627\u0644\u0642\u0631\u0627\u0621\u0629 \u0627\u0644\u0645\u064f\u0642\u062f\u0651\u0631":"3 \u062f\u0642\u0627\u0626\u0642"},"schema":{"@context":"https:\/\/schema.org","@graph":[{"@type":"Article","@id":"https:\/\/lequotidien.mr\/?p=19674&lang=fr#article","isPartOf":{"@id":"https:\/\/lequotidien.mr\/?p=19674&lang=fr"},"author":{"name":"Med Ahmed","@id":"https:\/\/lequotidien.mr\/#\/schema\/person\/d2d350202a4d599685ed8abc25f97596"},"headline":"La Mauritanie pr\u00e9sente son bilan dans le domaine des Objectifs du D\u00e9veloppement Durable au forum de New York","datePublished":"2024-07-15T23:52:43+00:00","mainEntityOfPage":{"@id":"https:\/\/lequotidien.mr\/?p=19674&lang=fr"},"wordCount":628,"commentCount":0,"publisher":{"@id":"https:\/\/lequotidien.mr\/#organization"},"image":{"@id":"https:\/\/lequotidien.mr\/?p=19674&lang=fr#primaryimage"},"thumbnailUrl":"https:\/\/lequotidien.mr\/wp-content\/uploads\/2024\/07\/photo-forum-DD-New-York-2.jpg","articleSection":["ACTUALIT\u00c9","Economie"],"inLanguage":"ar","potentialAction":[{"@type":"CommentAction","name":"Comment","target":["https:\/\/lequotidien.mr\/?p=19674&lang=fr#respond"]}]},{"@type":"WebPage","@id":"https:\/\/lequotidien.mr\/?p=19674&lang=fr","url":"https:\/\/lequotidien.mr\/?p=19674&lang=fr","name":"La Mauritanie pr\u00e9sente son bilan dans le domaine des Objectifs du D\u00e9veloppement Durable au forum de New York - Le Quotidien de Nouakchott","isPartOf":{"@id":"https:\/\/lequotidien.mr\/#website"},"primaryImageOfPage":{"@id":"https:\/\/lequotidien.mr\/?p=19674&lang=fr#primaryimage"},"image":{"@id":"https:\/\/lequotidien.mr\/?p=19674&lang=fr#primaryimage"},"thumbnailUrl":"https:\/\/lequotidien.mr\/wp-content\/uploads\/2024\/07\/photo-forum-DD-New-York-2.jpg","datePublished":"2024-07-15T23:52:43+00:00","breadcrumb":{"@id":"https:\/\/lequotidien.mr\/?p=19674&lang=fr#breadcrumb"},"inLanguage":"ar","potentialAction":[{"@type":"ReadAction","target":["https:\/\/lequotidien.mr\/?p=19674&lang=fr"]}]},{"@type":"ImageObject","inLanguage":"ar","@id":"https:\/\/lequotidien.mr\/?p=19674&lang=fr#primaryimage","url":"https:\/\/lequotidien.mr\/wp-content\/uploads\/2024\/07\/photo-forum-DD-New-York-2.jpg","contentUrl":"https:\/\/lequotidien.mr\/wp-content\/uploads\/2024\/07\/photo-forum-DD-New-York-2.jpg","width":800,"height":400},{"@type":"BreadcrumbList","@id":"https:\/\/lequotidien.mr\/?p=19674&lang=fr#breadcrumb","itemListElement":[{"@type":"ListItem","position":1,"name":"Home","item":"https:\/\/lequotidien.mr\/"},{"@type":"ListItem","position":2,"name":"La Mauritanie pr\u00e9sente son bilan dans le domaine des Objectifs du D\u00e9veloppement Durable au forum de New York"}]},{"@type":"WebSite","@id":"https:\/\/lequotidien.mr\/#website","url":"https:\/\/lequotidien.mr\/","name":"Le Quotidien de Nouakchott","description":"\u0625\u062e\u0628\u0627\u0631\u064a\u0629 \u0645\u0633\u062a\u0642\u0644\u0629 \u0644\u0644\u0623\u0646\u0628\u0627\u0621 \u0627\u0644\u0639\u0627\u0645\u0629","publisher":{"@id":"https:\/\/lequotidien.mr\/#organization"},"potentialAction":[{"@type":"SearchAction","target":{"@type":"EntryPoint","urlTemplate":"https:\/\/lequotidien.mr\/?s={search_term_string}"},"query-input":{"@type":"PropertyValueSpecification","valueRequired":true,"valueName":"search_term_string"}}],"inLanguage":"ar"},{"@type":"Organization","@id":"https:\/\/lequotidien.mr\/#organization","name":"Le Quotidien de Nouakchott","url":"https:\/\/lequotidien.mr\/","logo":{"@type":"ImageObject","inLanguage":"ar","@id":"https:\/\/lequotidien.mr\/#\/schema\/logo\/image\/","url":"https:\/\/lequotidien.mr\/wp-content\/uploads\/2022\/11\/logolequotidien.jpg","contentUrl":"https:\/\/lequotidien.mr\/wp-content\/uploads\/2022\/11\/logolequotidien.jpg","width":290,"height":65,"caption":"Le Quotidien de Nouakchott"},"image":{"@id":"https:\/\/lequotidien.mr\/#\/schema\/logo\/image\/"},"sameAs":["https:\/\/web.facebook.com\/lequotidienmr","https:\/\/x.com\/lequotidienmr"]},{"@type":"Person","@id":"https:\/\/lequotidien.mr\/#\/schema\/person\/d2d350202a4d599685ed8abc25f97596","name":"Med Ahmed","image":{"@type":"ImageObject","inLanguage":"ar","@id":"https:\/\/secure.gravatar.com\/avatar\/fd2acc62ed50732923d1d39c17172c9b04149f142be92310ecc69e1358f94b52?s=96&d=mm&r=g","url":"https:\/\/secure.gravatar.com\/avatar\/fd2acc62ed50732923d1d39c17172c9b04149f142be92310ecc69e1358f94b52?s=96&d=mm&r=g","contentUrl":"https:\/\/secure.gravatar.com\/avatar\/fd2acc62ed50732923d1d39c17172c9b04149f142be92310ecc69e1358f94b52?s=96&d=mm&r=g","caption":"Med Ahmed"},"url":"https:\/\/lequotidien.mr\/?author=12"}]}},"_links":{"self":[{"href":"https:\/\/lequotidien.mr\/index.php?rest_route=\/wp\/v2\/posts\/19674","targetHints":{"allow":["GET"]}}],"collection":[{"href":"https:\/\/lequotidien.mr\/index.php?rest_route=\/wp\/v2\/posts"}],"about":[{"href":"https:\/\/lequotidien.mr\/index.php?rest_route=\/wp\/v2\/types\/post"}],"author":[{"embeddable":true,"href":"https:\/\/lequotidien.mr\/index.php?rest_route=\/wp\/v2\/users\/12"}],"replies":[{"embeddable":true,"href":"https:\/\/lequotidien.mr\/index.php?rest_route=%2Fwp%2Fv2%2Fcomments&post=19674"}],"version-history":[{"count":1,"href":"https:\/\/lequotidien.mr\/index.php?rest_route=\/wp\/v2\/posts\/19674\/revisions"}],"predecessor-version":[{"id":19676,"href":"https:\/\/lequotidien.mr\/index.php?rest_route=\/wp\/v2\/posts\/19674\/revisions\/19676"}],"wp:featuredmedia":[{"embeddable":true,"href":"https:\/\/lequotidien.mr\/index.php?rest_route=\/wp\/v2\/media\/19675"}],"wp:attachment":[{"href":"https:\/\/lequotidien.mr\/index.php?rest_route=%2Fwp%2Fv2%2Fmedia&parent=19674"}],"wp:term":[{"taxonomy":"category","embeddable":true,"href":"https:\/\/lequotidien.mr\/index.php?rest_route=%2Fwp%2Fv2%2Fcategories&post=19674"},{"taxonomy":"post_tag","embeddable":true,"href":"https:\/\/lequotidien.mr\/index.php?rest_route=%2Fwp%2Fv2%2Ftags&post=19674"}],"curies":[{"name":"wp","href":"https:\/\/api.w.org\/{rel}","templated":true}]}}