{"id":19652,"date":"2024-07-12T13:10:28","date_gmt":"2024-07-12T13:10:28","guid":{"rendered":"https:\/\/lequotidien.mr\/?p=19652"},"modified":"2024-07-12T13:10:28","modified_gmt":"2024-07-12T13:10:28","slug":"le-cinquieme-forum-economique-nippo-arabe-conclut-ses-travaux-a-tokyo","status":"publish","type":"post","link":"https:\/\/lequotidien.mr\/?p=19652&lang=fr","title":{"rendered":"Le cinqui\u00e8me Forum \u00e9conomique nippo-arabe conclut ses travaux \u00e0 Tokyo"},"content":{"rendered":"<p>La cl\u00f4ture du cinqui\u00e8me Forum \u00e9conomique nippo-arabe (JAEF) s&#8217;est d\u00e9roul\u00e9e, jeudi \u00e0 Tokyo, avec une r\u00e9union minist\u00e9rielle ax\u00e9e sur le renforcement des liens \u00e9conomiques entre le Japon et les pays arabes. Les discussions ont couvert plusieurs aspects cruciaux de la coop\u00e9ration \u00e9conomique, mettant l&#8217;accent sur la s\u00e9curit\u00e9 \u00e9nerg\u00e9tique, l&#8217;infrastructure num\u00e9rique, l&#8217;innovation technologique incluant l&#8217;intelligence artificielle, ainsi que les technologies \u00e9nerg\u00e9tiques propres et les objectifs de d\u00e9veloppement durable (ODD).<\/p>\n<p>M. Mokhtar El Housseinu Lam, ministre des P\u00eaches et de l\u2019\u00c9conomie maritime, a soulign\u00e9 dans son discours l&#8217;importance strat\u00e9gique du JAEF pour le partenariat fructueux entre les pays arabes et le Japon. Il a insist\u00e9 sur la n\u00e9cessit\u00e9 de renforcer les \u00e9changes commerciaux et industriels et d&#8217;explorer de nouvelles opportunit\u00e9s d&#8217;investissement dans des secteurs d&#8217;int\u00e9r\u00eat commun tels que les \u00e9nergies renouvelables et la technologie num\u00e9rique.<\/p>\n<p>La tenue de cette cinqui\u00e8me \u00e9dition du forum refl\u00e8te l&#8217;engagement des deux parties \u00e0 approfondir leur coop\u00e9ration \u00e9conomique et commerciale, tant dans les secteurs publics que priv\u00e9s. Le ministre a mis en avant l&#8217;importance de revitaliser les \u00e9conomies r\u00e9gionales et d&#8217;encourager les investissements intra-r\u00e9gionaux.<br \/>\nLe forum a \u00e9galement \u00e9t\u00e9 salu\u00e9 comme une plateforme essentielle pour le dialogue entre les dirigeants et les d\u00e9cideurs, offrant aux entreprises japonaises l&#8217;opportunit\u00e9 de moderniser et d&#8217;\u00e9largir leurs activit\u00e9s, en tenant compte des transformations \u00e9conomiques en cours dans les pays arabes. Cette dynamique est destin\u00e9e \u00e0 renforcer les liens \u00e9conomiques bilat\u00e9raux entre le Japon et les pays arabes \u00e0 long terme.<\/p>\n<p>Enfin, le ministre a soulign\u00e9 les opportunit\u00e9s sp\u00e9cifiques offertes par le gouvernement mauritanien dans des secteurs cl\u00e9s tels que la production d\u2019\u00e9lectricit\u00e9, l\u2019hydrog\u00e8ne vert, la transformation du minerai de fer et des infrastructures critiques comme les ports et les pipelines d\u2019hydrog\u00e8ne. Il a encourag\u00e9 une expansion plus large des domaines d&#8217;investissement, incluant les \u00e9nergies renouvelables, le p\u00e9trole, le gaz, la p\u00eache, les mines, l&#8217;intelligence artificielle et l&#8217;infrastructure num\u00e9rique.<\/p>\n<p>Le cinqui\u00e8me Forum \u00e9conomique nippo-arabe a marqu\u00e9 une \u00e9tape importante dans le renforcement des partenariats \u00e9conomiques et commerciaux, avec des perspectives prometteuses pour l&#8217;avenir des relations arabo-japonaises dans des domaines cl\u00e9s de d\u00e9veloppement \u00e9conomique et technologique.<\/p>\n","protected":false},"excerpt":{"rendered":"<p>La cl\u00f4ture du cinqui\u00e8me Forum \u00e9conomique nippo-arabe (JAEF) s&#8217;est d\u00e9roul\u00e9e, jeudi \u00e0 Tokyo, avec une r\u00e9union minist\u00e9rielle ax\u00e9e sur le renforcement des liens \u00e9conomiques entre le Japon et les pays arabes. Les discussions ont couvert plusieurs aspects cruciaux de la coop\u00e9ration \u00e9conomique, mettant l&#8217;accent sur la s\u00e9curit\u00e9 \u00e9nerg\u00e9tique, l&#8217;infrastructure num\u00e9rique, l&#8217;innovation technologique incluant l&#8217;intelligence artificielle,&#8230;..<\/p>\n","protected":false},"author":12,"featured_media":19653,"comment_status":"open","ping_status":"open","sticky":false,"template":"","format":"standard","meta":{"footnotes":""},"categories":[23,49],"tags":[],"class_list":["post-19652","post","type-post","status-publish","format-standard","has-post-thumbnail","hentry","category-actualite","category-economie"],"yoast_head":"<!-- This site is optimized with the Yoast SEO plugin v27.5 - https:\/\/yoast.com\/product\/yoast-seo-wordpress\/ -->\n<title>Le cinqui\u00e8me Forum \u00e9conomique nippo-arabe conclut ses travaux \u00e0 Tokyo - Le Quotidien de Nouakchott<\/title>\n<meta name=\"robots\" content=\"index, follow, max-snippet:-1, max-image-preview:large, max-video-preview:-1\" \/>\n<link rel=\"canonical\" href=\"https:\/\/lequotidien.mr\/?p=19652&lang=fr\" \/>\n<meta property=\"og:locale\" content=\"ar_AR\" \/>\n<meta property=\"og:type\" content=\"article\" \/>\n<meta property=\"og:title\" content=\"Le cinqui\u00e8me Forum \u00e9conomique nippo-arabe conclut ses travaux \u00e0 Tokyo - Le Quotidien de Nouakchott\" \/>\n<meta property=\"og:description\" content=\"La cl\u00f4ture du cinqui\u00e8me Forum \u00e9conomique nippo-arabe (JAEF) s&#8217;est d\u00e9roul\u00e9e, jeudi \u00e0 Tokyo, avec une r\u00e9union minist\u00e9rielle ax\u00e9e sur le renforcement des liens \u00e9conomiques entre le Japon et les pays arabes. Les discussions ont couvert plusieurs aspects cruciaux de la coop\u00e9ration \u00e9conomique, mettant l&#8217;accent sur la s\u00e9curit\u00e9 \u00e9nerg\u00e9tique, l&#8217;infrastructure num\u00e9rique, l&#8217;innovation technologique incluant l&#8217;intelligence artificielle,.....\" \/>\n<meta property=\"og:url\" content=\"https:\/\/lequotidien.mr\/?p=19652&amp;lang=fr\" \/>\n<meta property=\"og:site_name\" content=\"Le Quotidien de Nouakchott\" \/>\n<meta property=\"article:publisher\" content=\"https:\/\/web.facebook.com\/lequotidienmr\" \/>\n<meta property=\"article:published_time\" content=\"2024-07-12T13:10:28+00:00\" \/>\n<meta property=\"og:image\" content=\"https:\/\/lequotidien.mr\/wp-content\/uploads\/2024\/07\/photo-sommet-nippo-arabe.jpg\" \/>\n\t<meta property=\"og:image:width\" content=\"487\" \/>\n\t<meta property=\"og:image:height\" content=\"345\" \/>\n\t<meta property=\"og:image:type\" content=\"image\/jpeg\" \/>\n<meta name=\"author\" content=\"Med Ahmed\" \/>\n<meta name=\"twitter:card\" content=\"summary_large_image\" \/>\n<meta name=\"twitter:creator\" content=\"@lequotidienmr\" \/>\n<meta name=\"twitter:site\" content=\"@lequotidienmr\" \/>\n<meta name=\"twitter:label1\" content=\"\u0643\u064f\u062a\u0628 \u0628\u0648\u0627\u0633\u0637\u0629\" \/>\n\t<meta name=\"twitter:data1\" content=\"Med Ahmed\" \/>\n\t<meta name=\"twitter:label2\" content=\"\u0648\u0642\u062a \u0627\u0644\u0642\u0631\u0627\u0621\u0629 \u0627\u0644\u0645\u064f\u0642\u062f\u0651\u0631\" \/>\n\t<meta name=\"twitter:data2\" content=\"\u062f\u0642\u064a\u0642\u062a\u0627\u0646\" \/>\n<script type=\"application\/ld+json\" class=\"yoast-schema-graph\">{\"@context\":\"https:\\\/\\\/schema.org\",\"@graph\":[{\"@type\":\"Article\",\"@id\":\"https:\\\/\\\/lequotidien.mr\\\/?p=19652&lang=fr#article\",\"isPartOf\":{\"@id\":\"https:\\\/\\\/lequotidien.mr\\\/?p=19652&lang=fr\"},\"author\":{\"name\":\"Med Ahmed\",\"@id\":\"https:\\\/\\\/lequotidien.mr\\\/#\\\/schema\\\/person\\\/d2d350202a4d599685ed8abc25f97596\"},\"headline\":\"Le cinqui\u00e8me Forum \u00e9conomique nippo-arabe conclut ses travaux \u00e0 Tokyo\",\"datePublished\":\"2024-07-12T13:10:28+00:00\",\"mainEntityOfPage\":{\"@id\":\"https:\\\/\\\/lequotidien.mr\\\/?p=19652&lang=fr\"},\"wordCount\":412,\"commentCount\":0,\"publisher\":{\"@id\":\"https:\\\/\\\/lequotidien.mr\\\/#organization\"},\"image\":{\"@id\":\"https:\\\/\\\/lequotidien.mr\\\/?p=19652&lang=fr#primaryimage\"},\"thumbnailUrl\":\"https:\\\/\\\/lequotidien.mr\\\/wp-content\\\/uploads\\\/2024\\\/07\\\/photo-sommet-nippo-arabe.jpg\",\"articleSection\":[\"ACTUALIT\u00c9\",\"Economie\"],\"inLanguage\":\"ar\",\"potentialAction\":[{\"@type\":\"CommentAction\",\"name\":\"Comment\",\"target\":[\"https:\\\/\\\/lequotidien.mr\\\/?p=19652&lang=fr#respond\"]}]},{\"@type\":\"WebPage\",\"@id\":\"https:\\\/\\\/lequotidien.mr\\\/?p=19652&lang=fr\",\"url\":\"https:\\\/\\\/lequotidien.mr\\\/?p=19652&lang=fr\",\"name\":\"Le cinqui\u00e8me Forum \u00e9conomique nippo-arabe conclut ses travaux \u00e0 Tokyo - Le Quotidien de Nouakchott\",\"isPartOf\":{\"@id\":\"https:\\\/\\\/lequotidien.mr\\\/#website\"},\"primaryImageOfPage\":{\"@id\":\"https:\\\/\\\/lequotidien.mr\\\/?p=19652&lang=fr#primaryimage\"},\"image\":{\"@id\":\"https:\\\/\\\/lequotidien.mr\\\/?p=19652&lang=fr#primaryimage\"},\"thumbnailUrl\":\"https:\\\/\\\/lequotidien.mr\\\/wp-content\\\/uploads\\\/2024\\\/07\\\/photo-sommet-nippo-arabe.jpg\",\"datePublished\":\"2024-07-12T13:10:28+00:00\",\"breadcrumb\":{\"@id\":\"https:\\\/\\\/lequotidien.mr\\\/?p=19652&lang=fr#breadcrumb\"},\"inLanguage\":\"ar\",\"potentialAction\":[{\"@type\":\"ReadAction\",\"target\":[\"https:\\\/\\\/lequotidien.mr\\\/?p=19652&lang=fr\"]}]},{\"@type\":\"ImageObject\",\"inLanguage\":\"ar\",\"@id\":\"https:\\\/\\\/lequotidien.mr\\\/?p=19652&lang=fr#primaryimage\",\"url\":\"https:\\\/\\\/lequotidien.mr\\\/wp-content\\\/uploads\\\/2024\\\/07\\\/photo-sommet-nippo-arabe.jpg\",\"contentUrl\":\"https:\\\/\\\/lequotidien.mr\\\/wp-content\\\/uploads\\\/2024\\\/07\\\/photo-sommet-nippo-arabe.jpg\",\"width\":487,\"height\":345},{\"@type\":\"BreadcrumbList\",\"@id\":\"https:\\\/\\\/lequotidien.mr\\\/?p=19652&lang=fr#breadcrumb\",\"itemListElement\":[{\"@type\":\"ListItem\",\"position\":1,\"name\":\"Home\",\"item\":\"https:\\\/\\\/lequotidien.mr\\\/\"},{\"@type\":\"ListItem\",\"position\":2,\"name\":\"Le cinqui\u00e8me Forum \u00e9conomique nippo-arabe conclut ses travaux \u00e0 Tokyo\"}]},{\"@type\":\"WebSite\",\"@id\":\"https:\\\/\\\/lequotidien.mr\\\/#website\",\"url\":\"https:\\\/\\\/lequotidien.mr\\\/\",\"name\":\"Le Quotidien de Nouakchott\",\"description\":\"\u0625\u062e\u0628\u0627\u0631\u064a\u0629 \u0645\u0633\u062a\u0642\u0644\u0629 \u0644\u0644\u0623\u0646\u0628\u0627\u0621 \u0627\u0644\u0639\u0627\u0645\u0629\",\"publisher\":{\"@id\":\"https:\\\/\\\/lequotidien.mr\\\/#organization\"},\"potentialAction\":[{\"@type\":\"SearchAction\",\"target\":{\"@type\":\"EntryPoint\",\"urlTemplate\":\"https:\\\/\\\/lequotidien.mr\\\/?s={search_term_string}\"},\"query-input\":{\"@type\":\"PropertyValueSpecification\",\"valueRequired\":true,\"valueName\":\"search_term_string\"}}],\"inLanguage\":\"ar\"},{\"@type\":\"Organization\",\"@id\":\"https:\\\/\\\/lequotidien.mr\\\/#organization\",\"name\":\"Le Quotidien de Nouakchott\",\"url\":\"https:\\\/\\\/lequotidien.mr\\\/\",\"logo\":{\"@type\":\"ImageObject\",\"inLanguage\":\"ar\",\"@id\":\"https:\\\/\\\/lequotidien.mr\\\/#\\\/schema\\\/logo\\\/image\\\/\",\"url\":\"https:\\\/\\\/lequotidien.mr\\\/wp-content\\\/uploads\\\/2022\\\/11\\\/logolequotidien.jpg\",\"contentUrl\":\"https:\\\/\\\/lequotidien.mr\\\/wp-content\\\/uploads\\\/2022\\\/11\\\/logolequotidien.jpg\",\"width\":290,\"height\":65,\"caption\":\"Le Quotidien de Nouakchott\"},\"image\":{\"@id\":\"https:\\\/\\\/lequotidien.mr\\\/#\\\/schema\\\/logo\\\/image\\\/\"},\"sameAs\":[\"https:\\\/\\\/web.facebook.com\\\/lequotidienmr\",\"https:\\\/\\\/x.com\\\/lequotidienmr\"]},{\"@type\":\"Person\",\"@id\":\"https:\\\/\\\/lequotidien.mr\\\/#\\\/schema\\\/person\\\/d2d350202a4d599685ed8abc25f97596\",\"name\":\"Med Ahmed\",\"image\":{\"@type\":\"ImageObject\",\"inLanguage\":\"ar\",\"@id\":\"https:\\\/\\\/secure.gravatar.com\\\/avatar\\\/fd2acc62ed50732923d1d39c17172c9b04149f142be92310ecc69e1358f94b52?s=96&d=mm&r=g\",\"url\":\"https:\\\/\\\/secure.gravatar.com\\\/avatar\\\/fd2acc62ed50732923d1d39c17172c9b04149f142be92310ecc69e1358f94b52?s=96&d=mm&r=g\",\"contentUrl\":\"https:\\\/\\\/secure.gravatar.com\\\/avatar\\\/fd2acc62ed50732923d1d39c17172c9b04149f142be92310ecc69e1358f94b52?s=96&d=mm&r=g\",\"caption\":\"Med Ahmed\"},\"url\":\"https:\\\/\\\/lequotidien.mr\\\/?author=12\"}]}<\/script>\n<!-- \/ Yoast SEO plugin. -->","yoast_head_json":{"title":"Le cinqui\u00e8me Forum \u00e9conomique nippo-arabe conclut ses travaux \u00e0 Tokyo - Le Quotidien de Nouakchott","robots":{"index":"index","follow":"follow","max-snippet":"max-snippet:-1","max-image-preview":"max-image-preview:large","max-video-preview":"max-video-preview:-1"},"canonical":"https:\/\/lequotidien.mr\/?p=19652&lang=fr","og_locale":"ar_AR","og_type":"article","og_title":"Le cinqui\u00e8me Forum \u00e9conomique nippo-arabe conclut ses travaux \u00e0 Tokyo - Le Quotidien de Nouakchott","og_description":"La cl\u00f4ture du cinqui\u00e8me Forum \u00e9conomique nippo-arabe (JAEF) s&#8217;est d\u00e9roul\u00e9e, jeudi \u00e0 Tokyo, avec une r\u00e9union minist\u00e9rielle ax\u00e9e sur le renforcement des liens \u00e9conomiques entre le Japon et les pays arabes. Les discussions ont couvert plusieurs aspects cruciaux de la coop\u00e9ration \u00e9conomique, mettant l&#8217;accent sur la s\u00e9curit\u00e9 \u00e9nerg\u00e9tique, l&#8217;infrastructure num\u00e9rique, l&#8217;innovation technologique incluant l&#8217;intelligence artificielle,.....","og_url":"https:\/\/lequotidien.mr\/?p=19652&lang=fr","og_site_name":"Le Quotidien de Nouakchott","article_publisher":"https:\/\/web.facebook.com\/lequotidienmr","article_published_time":"2024-07-12T13:10:28+00:00","og_image":[{"width":487,"height":345,"url":"https:\/\/lequotidien.mr\/wp-content\/uploads\/2024\/07\/photo-sommet-nippo-arabe.jpg","type":"image\/jpeg"}],"author":"Med Ahmed","twitter_card":"summary_large_image","twitter_creator":"@lequotidienmr","twitter_site":"@lequotidienmr","twitter_misc":{"\u0643\u064f\u062a\u0628 \u0628\u0648\u0627\u0633\u0637\u0629":"Med Ahmed","\u0648\u0642\u062a \u0627\u0644\u0642\u0631\u0627\u0621\u0629 \u0627\u0644\u0645\u064f\u0642\u062f\u0651\u0631":"\u062f\u0642\u064a\u0642\u062a\u0627\u0646"},"schema":{"@context":"https:\/\/schema.org","@graph":[{"@type":"Article","@id":"https:\/\/lequotidien.mr\/?p=19652&lang=fr#article","isPartOf":{"@id":"https:\/\/lequotidien.mr\/?p=19652&lang=fr"},"author":{"name":"Med Ahmed","@id":"https:\/\/lequotidien.mr\/#\/schema\/person\/d2d350202a4d599685ed8abc25f97596"},"headline":"Le cinqui\u00e8me Forum \u00e9conomique nippo-arabe conclut ses travaux \u00e0 Tokyo","datePublished":"2024-07-12T13:10:28+00:00","mainEntityOfPage":{"@id":"https:\/\/lequotidien.mr\/?p=19652&lang=fr"},"wordCount":412,"commentCount":0,"publisher":{"@id":"https:\/\/lequotidien.mr\/#organization"},"image":{"@id":"https:\/\/lequotidien.mr\/?p=19652&lang=fr#primaryimage"},"thumbnailUrl":"https:\/\/lequotidien.mr\/wp-content\/uploads\/2024\/07\/photo-sommet-nippo-arabe.jpg","articleSection":["ACTUALIT\u00c9","Economie"],"inLanguage":"ar","potentialAction":[{"@type":"CommentAction","name":"Comment","target":["https:\/\/lequotidien.mr\/?p=19652&lang=fr#respond"]}]},{"@type":"WebPage","@id":"https:\/\/lequotidien.mr\/?p=19652&lang=fr","url":"https:\/\/lequotidien.mr\/?p=19652&lang=fr","name":"Le cinqui\u00e8me Forum \u00e9conomique nippo-arabe conclut ses travaux \u00e0 Tokyo - Le Quotidien de Nouakchott","isPartOf":{"@id":"https:\/\/lequotidien.mr\/#website"},"primaryImageOfPage":{"@id":"https:\/\/lequotidien.mr\/?p=19652&lang=fr#primaryimage"},"image":{"@id":"https:\/\/lequotidien.mr\/?p=19652&lang=fr#primaryimage"},"thumbnailUrl":"https:\/\/lequotidien.mr\/wp-content\/uploads\/2024\/07\/photo-sommet-nippo-arabe.jpg","datePublished":"2024-07-12T13:10:28+00:00","breadcrumb":{"@id":"https:\/\/lequotidien.mr\/?p=19652&lang=fr#breadcrumb"},"inLanguage":"ar","potentialAction":[{"@type":"ReadAction","target":["https:\/\/lequotidien.mr\/?p=19652&lang=fr"]}]},{"@type":"ImageObject","inLanguage":"ar","@id":"https:\/\/lequotidien.mr\/?p=19652&lang=fr#primaryimage","url":"https:\/\/lequotidien.mr\/wp-content\/uploads\/2024\/07\/photo-sommet-nippo-arabe.jpg","contentUrl":"https:\/\/lequotidien.mr\/wp-content\/uploads\/2024\/07\/photo-sommet-nippo-arabe.jpg","width":487,"height":345},{"@type":"BreadcrumbList","@id":"https:\/\/lequotidien.mr\/?p=19652&lang=fr#breadcrumb","itemListElement":[{"@type":"ListItem","position":1,"name":"Home","item":"https:\/\/lequotidien.mr\/"},{"@type":"ListItem","position":2,"name":"Le cinqui\u00e8me Forum \u00e9conomique nippo-arabe conclut ses travaux \u00e0 Tokyo"}]},{"@type":"WebSite","@id":"https:\/\/lequotidien.mr\/#website","url":"https:\/\/lequotidien.mr\/","name":"Le Quotidien de Nouakchott","description":"\u0625\u062e\u0628\u0627\u0631\u064a\u0629 \u0645\u0633\u062a\u0642\u0644\u0629 \u0644\u0644\u0623\u0646\u0628\u0627\u0621 \u0627\u0644\u0639\u0627\u0645\u0629","publisher":{"@id":"https:\/\/lequotidien.mr\/#organization"},"potentialAction":[{"@type":"SearchAction","target":{"@type":"EntryPoint","urlTemplate":"https:\/\/lequotidien.mr\/?s={search_term_string}"},"query-input":{"@type":"PropertyValueSpecification","valueRequired":true,"valueName":"search_term_string"}}],"inLanguage":"ar"},{"@type":"Organization","@id":"https:\/\/lequotidien.mr\/#organization","name":"Le Quotidien de Nouakchott","url":"https:\/\/lequotidien.mr\/","logo":{"@type":"ImageObject","inLanguage":"ar","@id":"https:\/\/lequotidien.mr\/#\/schema\/logo\/image\/","url":"https:\/\/lequotidien.mr\/wp-content\/uploads\/2022\/11\/logolequotidien.jpg","contentUrl":"https:\/\/lequotidien.mr\/wp-content\/uploads\/2022\/11\/logolequotidien.jpg","width":290,"height":65,"caption":"Le Quotidien de Nouakchott"},"image":{"@id":"https:\/\/lequotidien.mr\/#\/schema\/logo\/image\/"},"sameAs":["https:\/\/web.facebook.com\/lequotidienmr","https:\/\/x.com\/lequotidienmr"]},{"@type":"Person","@id":"https:\/\/lequotidien.mr\/#\/schema\/person\/d2d350202a4d599685ed8abc25f97596","name":"Med Ahmed","image":{"@type":"ImageObject","inLanguage":"ar","@id":"https:\/\/secure.gravatar.com\/avatar\/fd2acc62ed50732923d1d39c17172c9b04149f142be92310ecc69e1358f94b52?s=96&d=mm&r=g","url":"https:\/\/secure.gravatar.com\/avatar\/fd2acc62ed50732923d1d39c17172c9b04149f142be92310ecc69e1358f94b52?s=96&d=mm&r=g","contentUrl":"https:\/\/secure.gravatar.com\/avatar\/fd2acc62ed50732923d1d39c17172c9b04149f142be92310ecc69e1358f94b52?s=96&d=mm&r=g","caption":"Med Ahmed"},"url":"https:\/\/lequotidien.mr\/?author=12"}]}},"_links":{"self":[{"href":"https:\/\/lequotidien.mr\/index.php?rest_route=\/wp\/v2\/posts\/19652","targetHints":{"allow":["GET"]}}],"collection":[{"href":"https:\/\/lequotidien.mr\/index.php?rest_route=\/wp\/v2\/posts"}],"about":[{"href":"https:\/\/lequotidien.mr\/index.php?rest_route=\/wp\/v2\/types\/post"}],"author":[{"embeddable":true,"href":"https:\/\/lequotidien.mr\/index.php?rest_route=\/wp\/v2\/users\/12"}],"replies":[{"embeddable":true,"href":"https:\/\/lequotidien.mr\/index.php?rest_route=%2Fwp%2Fv2%2Fcomments&post=19652"}],"version-history":[{"count":1,"href":"https:\/\/lequotidien.mr\/index.php?rest_route=\/wp\/v2\/posts\/19652\/revisions"}],"predecessor-version":[{"id":19654,"href":"https:\/\/lequotidien.mr\/index.php?rest_route=\/wp\/v2\/posts\/19652\/revisions\/19654"}],"wp:featuredmedia":[{"embeddable":true,"href":"https:\/\/lequotidien.mr\/index.php?rest_route=\/wp\/v2\/media\/19653"}],"wp:attachment":[{"href":"https:\/\/lequotidien.mr\/index.php?rest_route=%2Fwp%2Fv2%2Fmedia&parent=19652"}],"wp:term":[{"taxonomy":"category","embeddable":true,"href":"https:\/\/lequotidien.mr\/index.php?rest_route=%2Fwp%2Fv2%2Fcategories&post=19652"},{"taxonomy":"post_tag","embeddable":true,"href":"https:\/\/lequotidien.mr\/index.php?rest_route=%2Fwp%2Fv2%2Ftags&post=19652"}],"curies":[{"name":"wp","href":"https:\/\/api.w.org\/{rel}","templated":true}]}}