{"id":19641,"date":"2024-07-12T12:05:07","date_gmt":"2024-07-12T12:05:07","guid":{"rendered":"https:\/\/lequotidien.mr\/?p=19641"},"modified":"2024-07-12T12:05:07","modified_gmt":"2024-07-12T12:05:07","slug":"cloture-du-75eme-sommet-de-lotan-washington-de-nouveaux-engagements-militaires-et-financiers-en-faveur-de-lukraine","status":"publish","type":"post","link":"https:\/\/lequotidien.mr\/?p=19641&lang=fr","title":{"rendered":"Cl\u00f4ture du 75\u00e8me sommet de l\u2019OTAN\/ Washington : De nouveaux engagements militaires et financiers en faveur de l\u2019Ukraine"},"content":{"rendered":"<p>\u00c0 l\u2019issue du 75\u00e8me sommet de l\u2019OTAN, tenu \u00e0 Washington entre le 10 et le 11 juillet courant, \u00a0le Secr\u00e9taire G\u00e9n\u00e9ral Jens Stoltenberg a tenu une conf\u00e9rence de presse pour faire le point sur les d\u00e9cisions prises et les actions futures. Le Pr\u00e9sident ukrainien Volodymyr Zelensky a inform\u00e9 les Alli\u00e9s de la situation actuelle sur le champ de bataille et des besoins urgents de l&#8217;Ukraine. Depuis le d\u00e9but de l&#8217;invasion \u00e0 grande \u00e9chelle par la Russie, les Alli\u00e9s de l&#8217;OTAN ont fourni un soutien sans pr\u00e9c\u00e9dent \u00e0 l&#8217;Ukraine, incluant des dizaines de milliards d&#8217;euros en aide militaire.<\/p>\n<p>Cet hiver et ce printemps ont \u00e9t\u00e9 particuli\u00e8rement difficiles pour l&#8217;Ukraine, et des lacunes ainsi que des retards dans la fourniture du soutien militaire ont eu des cons\u00e9quences concr\u00e8tes sur le terrain. Malgr\u00e9 cela, les Ukrainiens ont fait preuve d&#8217;un courage et d&#8217;une t\u00e9nacit\u00e9 remarquables. Jens Stoltenberg a soulign\u00e9 que l&#8217;OTAN ne permettra plus que de telles lacunes se reproduisent.<\/p>\n<p>\u00c0 ce sommet, un tournant a \u00e9t\u00e9 marqu\u00e9 avec la mise en place d\u2019une nouvelle strat\u00e9gie \u00a0pour que l&#8217;Ukraine l&#8217;emporte. Les Alli\u00e9s ont convenu de lancer une Assistance S\u00e9curitaire et une Formation de l&#8217;OTAN pour l&#8217;Ukraine, avec un commandement en Allemagne, des centres logistiques dans la partie orientale de l&#8217;Alliance, et environ 700 personnels. L&#8217;OTAN coordonnera la formation des forces ukrainiennes dans des installations situ\u00e9es dans les pays Alli\u00e9s, planifiera et coordonnera la fourniture de dons, g\u00e9rera le transfert et la r\u00e9paration de mat\u00e9riel, et soutiendra le d\u00e9veloppement \u00e0 long terme des forces ukrainiennes.<\/p>\n<p>En outre, les Alli\u00e9s ont d\u00e9cid\u00e9 d&#8217;un engagement financier majeur envers l&#8217;Ukraine, avec un montant minimal de 40 milliards d&#8217;euros au cours de l&#8217;ann\u00e9e prochaine. Cet engagement vise \u00e0 assurer un soutien durable pour que l&#8217;Ukraine puisse l&#8217;emporter. Ce niveau de soutien sera r\u00e9\u00e9valu\u00e9 lors des prochains sommets pour s&#8217;assurer qu&#8217;il continue de r\u00e9pondre aux besoins de l&#8217;Ukraine. Les pays europ\u00e9ens \u00e9galent le soutien global des \u00c9tats-Unis \u00e0 l&#8217;Ukraine, ce qui permet un partage plus \u00e9quitable de la charge du soutien militaire.<\/p>\n<p>Des annonces suppl\u00e9mentaires d&#8217;aide militaire imm\u00e9diate ont \u00e9t\u00e9 faites, y compris des syst\u00e8mes de d\u00e9fense a\u00e9rienne critiques. Plus de vingt Alli\u00e9s ont sign\u00e9 des accords bilat\u00e9raux de s\u00e9curit\u00e9 avec l&#8217;Ukraine. Des mesures suppl\u00e9mentaires ont \u00e9t\u00e9 prises pour renforcer l&#8217;interop\u00e9rabilit\u00e9 de l&#8217;Ukraine avec l&#8217;OTAN, soutenir l&#8217;industrie de d\u00e9fense ukrainienne, et am\u00e9liorer la coop\u00e9ration en mati\u00e8re d&#8217;innovation. Un Centre conjoint d&#8217;analyse, de formation et d&#8217;\u00e9ducation OTAN-Ukraine sera \u00e9tabli en Pologne.<\/p>\n<p>Tous ces soutiens visent \u00e0 renforcer la capacit\u00e9 de d\u00e9fense de l&#8217;Ukraine et \u00e0 \u00e9tablir les bases pour son adh\u00e9sion \u00e0 l&#8217;OTAN. Les Alli\u00e9s ont convenu que, \u00e0 mesure que l&#8217;Ukraine continue de mener les r\u00e9formes n\u00e9cessaires, ils la soutiendront sur le chemin irr\u00e9versible de l&#8217;adh\u00e9sion.<\/p>\n<p>Jens Stoltenberg a \u00e9galement abord\u00e9 la situation avec les partenaires indo-pacifiques. Il a soulign\u00e9 que la Chine est devenue un soutien d\u00e9cisif de la guerre de la Russie contre l&#8217;Ukraine, notamment par le transfert de mat\u00e9riaux \u00e0 double usage comme des composants d&#8217;armes. Il a \u00e9t\u00e9 convenu que la Chine ne pouvait continuer \u00e0 alimenter le plus grand conflit militaire en Europe sans que cela n&#8217;affecte ses propres int\u00e9r\u00eats et sa r\u00e9putation.<\/p>\n<p>D&#8217;autres \u00c9tats autoritaires comme l&#8217;Iran et la Cor\u00e9e du Nord soutiennent \u00e9galement la guerre de la Russie avec des drones et des munitions. Cela rend encore plus crucial le travail \u00e9troit avec les partenaires indo-pacifiques. De nouveaux projets de coop\u00e9ration ont \u00e9t\u00e9 lanc\u00e9s dans les domaines de la d\u00e9sinformation, de la cybers\u00e9curit\u00e9, et de l&#8217;intelligence artificielle, ainsi que le soutien \u00e0 l&#8217;Ukraine.<\/p>\n<p>Jens Stoltenberg a conclu en rappelant que ce qui se passe en Europe a des r\u00e9percussions en Asie, et inversement. Dans un monde de plus en plus dangereux, il est essentiel de se tenir ensemble pour d\u00e9fendre nos int\u00e9r\u00eats s\u00e9curitaires partag\u00e9s et nos valeurs communes.<\/p>\n<p><strong>De notre envoy\u00e9 sp\u00e9cial Moussa Samba Sy<\/strong><\/p>\n","protected":false},"excerpt":{"rendered":"<p>\u00c0 l\u2019issue du 75\u00e8me sommet de l\u2019OTAN, tenu \u00e0 Washington entre le 10 et le 11 juillet courant, \u00a0le Secr\u00e9taire G\u00e9n\u00e9ral Jens Stoltenberg a tenu une conf\u00e9rence de presse pour faire le point sur les d\u00e9cisions prises et les actions futures. Le Pr\u00e9sident ukrainien Volodymyr Zelensky a inform\u00e9 les Alli\u00e9s de la situation actuelle sur&#8230;..<\/p>\n","protected":false},"author":12,"featured_media":19647,"comment_status":"open","ping_status":"open","sticky":false,"template":"","format":"standard","meta":{"footnotes":""},"categories":[23,57],"tags":[],"class_list":["post-19641","post","type-post","status-publish","format-standard","has-post-thumbnail","hentry","category-actualite","category-couverture-specilale"],"yoast_head":"<!-- This site is optimized with the Yoast SEO plugin v27.5 - https:\/\/yoast.com\/product\/yoast-seo-wordpress\/ -->\n<title>Cl\u00f4ture du 75\u00e8me sommet de l\u2019OTAN\/ Washington : De nouveaux engagements militaires et financiers en faveur de l\u2019Ukraine - Le Quotidien de Nouakchott<\/title>\n<meta name=\"robots\" content=\"index, follow, max-snippet:-1, max-image-preview:large, max-video-preview:-1\" \/>\n<link rel=\"canonical\" href=\"https:\/\/lequotidien.mr\/?p=19641&lang=fr\" \/>\n<meta property=\"og:locale\" content=\"ar_AR\" \/>\n<meta property=\"og:type\" content=\"article\" \/>\n<meta property=\"og:title\" content=\"Cl\u00f4ture du 75\u00e8me sommet de l\u2019OTAN\/ Washington : De nouveaux engagements militaires et financiers en faveur de l\u2019Ukraine - Le Quotidien de Nouakchott\" \/>\n<meta property=\"og:description\" content=\"\u00c0 l\u2019issue du 75\u00e8me sommet de l\u2019OTAN, tenu \u00e0 Washington entre le 10 et le 11 juillet courant, \u00a0le Secr\u00e9taire G\u00e9n\u00e9ral Jens Stoltenberg a tenu une conf\u00e9rence de presse pour faire le point sur les d\u00e9cisions prises et les actions futures. Le Pr\u00e9sident ukrainien Volodymyr Zelensky a inform\u00e9 les Alli\u00e9s de la situation actuelle sur.....\" \/>\n<meta property=\"og:url\" content=\"https:\/\/lequotidien.mr\/?p=19641&amp;lang=fr\" \/>\n<meta property=\"og:site_name\" content=\"Le Quotidien de Nouakchott\" \/>\n<meta property=\"article:publisher\" content=\"https:\/\/web.facebook.com\/lequotidienmr\" \/>\n<meta property=\"article:published_time\" content=\"2024-07-12T12:05:07+00:00\" \/>\n<meta property=\"og:image\" content=\"https:\/\/lequotidien.mr\/wp-content\/uploads\/2024\/07\/photo-envoye-special-2-.png\" \/>\n\t<meta property=\"og:image:width\" content=\"480\" \/>\n\t<meta property=\"og:image:height\" content=\"505\" \/>\n\t<meta property=\"og:image:type\" content=\"image\/png\" \/>\n<meta name=\"author\" content=\"Med Ahmed\" \/>\n<meta name=\"twitter:card\" content=\"summary_large_image\" \/>\n<meta name=\"twitter:creator\" content=\"@lequotidienmr\" \/>\n<meta name=\"twitter:site\" content=\"@lequotidienmr\" \/>\n<meta name=\"twitter:label1\" content=\"\u0643\u064f\u062a\u0628 \u0628\u0648\u0627\u0633\u0637\u0629\" \/>\n\t<meta name=\"twitter:data1\" content=\"Med Ahmed\" \/>\n\t<meta name=\"twitter:label2\" content=\"\u0648\u0642\u062a \u0627\u0644\u0642\u0631\u0627\u0621\u0629 \u0627\u0644\u0645\u064f\u0642\u062f\u0651\u0631\" \/>\n\t<meta name=\"twitter:data2\" content=\"3 \u062f\u0642\u0627\u0626\u0642\" \/>\n<script type=\"application\/ld+json\" class=\"yoast-schema-graph\">{\"@context\":\"https:\\\/\\\/schema.org\",\"@graph\":[{\"@type\":\"Article\",\"@id\":\"https:\\\/\\\/lequotidien.mr\\\/?p=19641&lang=fr#article\",\"isPartOf\":{\"@id\":\"https:\\\/\\\/lequotidien.mr\\\/?p=19641&lang=fr\"},\"author\":{\"name\":\"Med Ahmed\",\"@id\":\"https:\\\/\\\/lequotidien.mr\\\/#\\\/schema\\\/person\\\/d2d350202a4d599685ed8abc25f97596\"},\"headline\":\"Cl\u00f4ture du 75\u00e8me sommet de l\u2019OTAN\\\/ Washington : De nouveaux engagements militaires et financiers en faveur de l\u2019Ukraine\",\"datePublished\":\"2024-07-12T12:05:07+00:00\",\"mainEntityOfPage\":{\"@id\":\"https:\\\/\\\/lequotidien.mr\\\/?p=19641&lang=fr\"},\"wordCount\":750,\"commentCount\":0,\"publisher\":{\"@id\":\"https:\\\/\\\/lequotidien.mr\\\/#organization\"},\"image\":{\"@id\":\"https:\\\/\\\/lequotidien.mr\\\/?p=19641&lang=fr#primaryimage\"},\"thumbnailUrl\":\"https:\\\/\\\/lequotidien.mr\\\/wp-content\\\/uploads\\\/2024\\\/07\\\/photo-envoye-special-2-.png\",\"articleSection\":[\"ACTUALIT\u00c9\",\"Couverture sp\u00e9cilale\"],\"inLanguage\":\"ar\",\"potentialAction\":[{\"@type\":\"CommentAction\",\"name\":\"Comment\",\"target\":[\"https:\\\/\\\/lequotidien.mr\\\/?p=19641&lang=fr#respond\"]}]},{\"@type\":\"WebPage\",\"@id\":\"https:\\\/\\\/lequotidien.mr\\\/?p=19641&lang=fr\",\"url\":\"https:\\\/\\\/lequotidien.mr\\\/?p=19641&lang=fr\",\"name\":\"Cl\u00f4ture du 75\u00e8me sommet de l\u2019OTAN\\\/ Washington : De nouveaux engagements militaires et financiers en faveur de l\u2019Ukraine - Le Quotidien de Nouakchott\",\"isPartOf\":{\"@id\":\"https:\\\/\\\/lequotidien.mr\\\/#website\"},\"primaryImageOfPage\":{\"@id\":\"https:\\\/\\\/lequotidien.mr\\\/?p=19641&lang=fr#primaryimage\"},\"image\":{\"@id\":\"https:\\\/\\\/lequotidien.mr\\\/?p=19641&lang=fr#primaryimage\"},\"thumbnailUrl\":\"https:\\\/\\\/lequotidien.mr\\\/wp-content\\\/uploads\\\/2024\\\/07\\\/photo-envoye-special-2-.png\",\"datePublished\":\"2024-07-12T12:05:07+00:00\",\"breadcrumb\":{\"@id\":\"https:\\\/\\\/lequotidien.mr\\\/?p=19641&lang=fr#breadcrumb\"},\"inLanguage\":\"ar\",\"potentialAction\":[{\"@type\":\"ReadAction\",\"target\":[\"https:\\\/\\\/lequotidien.mr\\\/?p=19641&lang=fr\"]}]},{\"@type\":\"ImageObject\",\"inLanguage\":\"ar\",\"@id\":\"https:\\\/\\\/lequotidien.mr\\\/?p=19641&lang=fr#primaryimage\",\"url\":\"https:\\\/\\\/lequotidien.mr\\\/wp-content\\\/uploads\\\/2024\\\/07\\\/photo-envoye-special-2-.png\",\"contentUrl\":\"https:\\\/\\\/lequotidien.mr\\\/wp-content\\\/uploads\\\/2024\\\/07\\\/photo-envoye-special-2-.png\",\"width\":480,\"height\":505},{\"@type\":\"BreadcrumbList\",\"@id\":\"https:\\\/\\\/lequotidien.mr\\\/?p=19641&lang=fr#breadcrumb\",\"itemListElement\":[{\"@type\":\"ListItem\",\"position\":1,\"name\":\"Home\",\"item\":\"https:\\\/\\\/lequotidien.mr\\\/\"},{\"@type\":\"ListItem\",\"position\":2,\"name\":\"Cl\u00f4ture du 75\u00e8me sommet de l\u2019OTAN\\\/ Washington : De nouveaux engagements militaires et financiers en faveur de l\u2019Ukraine\"}]},{\"@type\":\"WebSite\",\"@id\":\"https:\\\/\\\/lequotidien.mr\\\/#website\",\"url\":\"https:\\\/\\\/lequotidien.mr\\\/\",\"name\":\"Le Quotidien de Nouakchott\",\"description\":\"\u0625\u062e\u0628\u0627\u0631\u064a\u0629 \u0645\u0633\u062a\u0642\u0644\u0629 \u0644\u0644\u0623\u0646\u0628\u0627\u0621 \u0627\u0644\u0639\u0627\u0645\u0629\",\"publisher\":{\"@id\":\"https:\\\/\\\/lequotidien.mr\\\/#organization\"},\"potentialAction\":[{\"@type\":\"SearchAction\",\"target\":{\"@type\":\"EntryPoint\",\"urlTemplate\":\"https:\\\/\\\/lequotidien.mr\\\/?s={search_term_string}\"},\"query-input\":{\"@type\":\"PropertyValueSpecification\",\"valueRequired\":true,\"valueName\":\"search_term_string\"}}],\"inLanguage\":\"ar\"},{\"@type\":\"Organization\",\"@id\":\"https:\\\/\\\/lequotidien.mr\\\/#organization\",\"name\":\"Le Quotidien de Nouakchott\",\"url\":\"https:\\\/\\\/lequotidien.mr\\\/\",\"logo\":{\"@type\":\"ImageObject\",\"inLanguage\":\"ar\",\"@id\":\"https:\\\/\\\/lequotidien.mr\\\/#\\\/schema\\\/logo\\\/image\\\/\",\"url\":\"https:\\\/\\\/lequotidien.mr\\\/wp-content\\\/uploads\\\/2022\\\/11\\\/logolequotidien.jpg\",\"contentUrl\":\"https:\\\/\\\/lequotidien.mr\\\/wp-content\\\/uploads\\\/2022\\\/11\\\/logolequotidien.jpg\",\"width\":290,\"height\":65,\"caption\":\"Le Quotidien de Nouakchott\"},\"image\":{\"@id\":\"https:\\\/\\\/lequotidien.mr\\\/#\\\/schema\\\/logo\\\/image\\\/\"},\"sameAs\":[\"https:\\\/\\\/web.facebook.com\\\/lequotidienmr\",\"https:\\\/\\\/x.com\\\/lequotidienmr\"]},{\"@type\":\"Person\",\"@id\":\"https:\\\/\\\/lequotidien.mr\\\/#\\\/schema\\\/person\\\/d2d350202a4d599685ed8abc25f97596\",\"name\":\"Med Ahmed\",\"image\":{\"@type\":\"ImageObject\",\"inLanguage\":\"ar\",\"@id\":\"https:\\\/\\\/secure.gravatar.com\\\/avatar\\\/fd2acc62ed50732923d1d39c17172c9b04149f142be92310ecc69e1358f94b52?s=96&d=mm&r=g\",\"url\":\"https:\\\/\\\/secure.gravatar.com\\\/avatar\\\/fd2acc62ed50732923d1d39c17172c9b04149f142be92310ecc69e1358f94b52?s=96&d=mm&r=g\",\"contentUrl\":\"https:\\\/\\\/secure.gravatar.com\\\/avatar\\\/fd2acc62ed50732923d1d39c17172c9b04149f142be92310ecc69e1358f94b52?s=96&d=mm&r=g\",\"caption\":\"Med Ahmed\"},\"url\":\"https:\\\/\\\/lequotidien.mr\\\/?author=12\"}]}<\/script>\n<!-- \/ Yoast SEO plugin. -->","yoast_head_json":{"title":"Cl\u00f4ture du 75\u00e8me sommet de l\u2019OTAN\/ Washington : De nouveaux engagements militaires et financiers en faveur de l\u2019Ukraine - Le Quotidien de Nouakchott","robots":{"index":"index","follow":"follow","max-snippet":"max-snippet:-1","max-image-preview":"max-image-preview:large","max-video-preview":"max-video-preview:-1"},"canonical":"https:\/\/lequotidien.mr\/?p=19641&lang=fr","og_locale":"ar_AR","og_type":"article","og_title":"Cl\u00f4ture du 75\u00e8me sommet de l\u2019OTAN\/ Washington : De nouveaux engagements militaires et financiers en faveur de l\u2019Ukraine - Le Quotidien de Nouakchott","og_description":"\u00c0 l\u2019issue du 75\u00e8me sommet de l\u2019OTAN, tenu \u00e0 Washington entre le 10 et le 11 juillet courant, \u00a0le Secr\u00e9taire G\u00e9n\u00e9ral Jens Stoltenberg a tenu une conf\u00e9rence de presse pour faire le point sur les d\u00e9cisions prises et les actions futures. Le Pr\u00e9sident ukrainien Volodymyr Zelensky a inform\u00e9 les Alli\u00e9s de la situation actuelle sur.....","og_url":"https:\/\/lequotidien.mr\/?p=19641&lang=fr","og_site_name":"Le Quotidien de Nouakchott","article_publisher":"https:\/\/web.facebook.com\/lequotidienmr","article_published_time":"2024-07-12T12:05:07+00:00","og_image":[{"width":480,"height":505,"url":"https:\/\/lequotidien.mr\/wp-content\/uploads\/2024\/07\/photo-envoye-special-2-.png","type":"image\/png"}],"author":"Med Ahmed","twitter_card":"summary_large_image","twitter_creator":"@lequotidienmr","twitter_site":"@lequotidienmr","twitter_misc":{"\u0643\u064f\u062a\u0628 \u0628\u0648\u0627\u0633\u0637\u0629":"Med Ahmed","\u0648\u0642\u062a \u0627\u0644\u0642\u0631\u0627\u0621\u0629 \u0627\u0644\u0645\u064f\u0642\u062f\u0651\u0631":"3 \u062f\u0642\u0627\u0626\u0642"},"schema":{"@context":"https:\/\/schema.org","@graph":[{"@type":"Article","@id":"https:\/\/lequotidien.mr\/?p=19641&lang=fr#article","isPartOf":{"@id":"https:\/\/lequotidien.mr\/?p=19641&lang=fr"},"author":{"name":"Med Ahmed","@id":"https:\/\/lequotidien.mr\/#\/schema\/person\/d2d350202a4d599685ed8abc25f97596"},"headline":"Cl\u00f4ture du 75\u00e8me sommet de l\u2019OTAN\/ Washington : De nouveaux engagements militaires et financiers en faveur de l\u2019Ukraine","datePublished":"2024-07-12T12:05:07+00:00","mainEntityOfPage":{"@id":"https:\/\/lequotidien.mr\/?p=19641&lang=fr"},"wordCount":750,"commentCount":0,"publisher":{"@id":"https:\/\/lequotidien.mr\/#organization"},"image":{"@id":"https:\/\/lequotidien.mr\/?p=19641&lang=fr#primaryimage"},"thumbnailUrl":"https:\/\/lequotidien.mr\/wp-content\/uploads\/2024\/07\/photo-envoye-special-2-.png","articleSection":["ACTUALIT\u00c9","Couverture sp\u00e9cilale"],"inLanguage":"ar","potentialAction":[{"@type":"CommentAction","name":"Comment","target":["https:\/\/lequotidien.mr\/?p=19641&lang=fr#respond"]}]},{"@type":"WebPage","@id":"https:\/\/lequotidien.mr\/?p=19641&lang=fr","url":"https:\/\/lequotidien.mr\/?p=19641&lang=fr","name":"Cl\u00f4ture du 75\u00e8me sommet de l\u2019OTAN\/ Washington : De nouveaux engagements militaires et financiers en faveur de l\u2019Ukraine - Le Quotidien de Nouakchott","isPartOf":{"@id":"https:\/\/lequotidien.mr\/#website"},"primaryImageOfPage":{"@id":"https:\/\/lequotidien.mr\/?p=19641&lang=fr#primaryimage"},"image":{"@id":"https:\/\/lequotidien.mr\/?p=19641&lang=fr#primaryimage"},"thumbnailUrl":"https:\/\/lequotidien.mr\/wp-content\/uploads\/2024\/07\/photo-envoye-special-2-.png","datePublished":"2024-07-12T12:05:07+00:00","breadcrumb":{"@id":"https:\/\/lequotidien.mr\/?p=19641&lang=fr#breadcrumb"},"inLanguage":"ar","potentialAction":[{"@type":"ReadAction","target":["https:\/\/lequotidien.mr\/?p=19641&lang=fr"]}]},{"@type":"ImageObject","inLanguage":"ar","@id":"https:\/\/lequotidien.mr\/?p=19641&lang=fr#primaryimage","url":"https:\/\/lequotidien.mr\/wp-content\/uploads\/2024\/07\/photo-envoye-special-2-.png","contentUrl":"https:\/\/lequotidien.mr\/wp-content\/uploads\/2024\/07\/photo-envoye-special-2-.png","width":480,"height":505},{"@type":"BreadcrumbList","@id":"https:\/\/lequotidien.mr\/?p=19641&lang=fr#breadcrumb","itemListElement":[{"@type":"ListItem","position":1,"name":"Home","item":"https:\/\/lequotidien.mr\/"},{"@type":"ListItem","position":2,"name":"Cl\u00f4ture du 75\u00e8me sommet de l\u2019OTAN\/ Washington : De nouveaux engagements militaires et financiers en faveur de l\u2019Ukraine"}]},{"@type":"WebSite","@id":"https:\/\/lequotidien.mr\/#website","url":"https:\/\/lequotidien.mr\/","name":"Le Quotidien de Nouakchott","description":"\u0625\u062e\u0628\u0627\u0631\u064a\u0629 \u0645\u0633\u062a\u0642\u0644\u0629 \u0644\u0644\u0623\u0646\u0628\u0627\u0621 \u0627\u0644\u0639\u0627\u0645\u0629","publisher":{"@id":"https:\/\/lequotidien.mr\/#organization"},"potentialAction":[{"@type":"SearchAction","target":{"@type":"EntryPoint","urlTemplate":"https:\/\/lequotidien.mr\/?s={search_term_string}"},"query-input":{"@type":"PropertyValueSpecification","valueRequired":true,"valueName":"search_term_string"}}],"inLanguage":"ar"},{"@type":"Organization","@id":"https:\/\/lequotidien.mr\/#organization","name":"Le Quotidien de Nouakchott","url":"https:\/\/lequotidien.mr\/","logo":{"@type":"ImageObject","inLanguage":"ar","@id":"https:\/\/lequotidien.mr\/#\/schema\/logo\/image\/","url":"https:\/\/lequotidien.mr\/wp-content\/uploads\/2022\/11\/logolequotidien.jpg","contentUrl":"https:\/\/lequotidien.mr\/wp-content\/uploads\/2022\/11\/logolequotidien.jpg","width":290,"height":65,"caption":"Le Quotidien de Nouakchott"},"image":{"@id":"https:\/\/lequotidien.mr\/#\/schema\/logo\/image\/"},"sameAs":["https:\/\/web.facebook.com\/lequotidienmr","https:\/\/x.com\/lequotidienmr"]},{"@type":"Person","@id":"https:\/\/lequotidien.mr\/#\/schema\/person\/d2d350202a4d599685ed8abc25f97596","name":"Med Ahmed","image":{"@type":"ImageObject","inLanguage":"ar","@id":"https:\/\/secure.gravatar.com\/avatar\/fd2acc62ed50732923d1d39c17172c9b04149f142be92310ecc69e1358f94b52?s=96&d=mm&r=g","url":"https:\/\/secure.gravatar.com\/avatar\/fd2acc62ed50732923d1d39c17172c9b04149f142be92310ecc69e1358f94b52?s=96&d=mm&r=g","contentUrl":"https:\/\/secure.gravatar.com\/avatar\/fd2acc62ed50732923d1d39c17172c9b04149f142be92310ecc69e1358f94b52?s=96&d=mm&r=g","caption":"Med Ahmed"},"url":"https:\/\/lequotidien.mr\/?author=12"}]}},"_links":{"self":[{"href":"https:\/\/lequotidien.mr\/index.php?rest_route=\/wp\/v2\/posts\/19641","targetHints":{"allow":["GET"]}}],"collection":[{"href":"https:\/\/lequotidien.mr\/index.php?rest_route=\/wp\/v2\/posts"}],"about":[{"href":"https:\/\/lequotidien.mr\/index.php?rest_route=\/wp\/v2\/types\/post"}],"author":[{"embeddable":true,"href":"https:\/\/lequotidien.mr\/index.php?rest_route=\/wp\/v2\/users\/12"}],"replies":[{"embeddable":true,"href":"https:\/\/lequotidien.mr\/index.php?rest_route=%2Fwp%2Fv2%2Fcomments&post=19641"}],"version-history":[{"count":1,"href":"https:\/\/lequotidien.mr\/index.php?rest_route=\/wp\/v2\/posts\/19641\/revisions"}],"predecessor-version":[{"id":19648,"href":"https:\/\/lequotidien.mr\/index.php?rest_route=\/wp\/v2\/posts\/19641\/revisions\/19648"}],"wp:featuredmedia":[{"embeddable":true,"href":"https:\/\/lequotidien.mr\/index.php?rest_route=\/wp\/v2\/media\/19647"}],"wp:attachment":[{"href":"https:\/\/lequotidien.mr\/index.php?rest_route=%2Fwp%2Fv2%2Fmedia&parent=19641"}],"wp:term":[{"taxonomy":"category","embeddable":true,"href":"https:\/\/lequotidien.mr\/index.php?rest_route=%2Fwp%2Fv2%2Fcategories&post=19641"},{"taxonomy":"post_tag","embeddable":true,"href":"https:\/\/lequotidien.mr\/index.php?rest_route=%2Fwp%2Fv2%2Ftags&post=19641"}],"curies":[{"name":"wp","href":"https:\/\/api.w.org\/{rel}","templated":true}]}}