{"id":19617,"date":"2024-07-09T19:23:25","date_gmt":"2024-07-09T19:23:25","guid":{"rendered":"https:\/\/lequotidien.mr\/?p=19617"},"modified":"2024-07-09T19:23:25","modified_gmt":"2024-07-09T19:23:25","slug":"ouverture-du-75eme-sommet-de-lotan-a-washington-un-contexte-de-crises-et-de-tensions","status":"publish","type":"post","link":"https:\/\/lequotidien.mr\/?p=19617&lang=fr","title":{"rendered":"Ouverture du 75\u00e8me sommet de l&#8217;OTAN \u00e0 Washington: Un contexte de crises et de tensions"},"content":{"rendered":"<p>Washington accueille aujourd&#8217;hui l&#8217;ouverture du 75\u00e8me sommet de l&#8217;Organisation du Trait\u00e9 de l&#8217;Atlantique Nord (OTAN), marqu\u00e9 par un contexte international particuli\u00e8rement tendu. Apr\u00e8s la guerre en Ukraine et la r\u00e9cente escalade du conflit \u00e0 Gaza, les tensions avec la Russie ont atteint un niveau critique, pla\u00e7ant ce sommet sous le signe de l&#8217;urgence et de la d\u00e9termination strat\u00e9gique.<\/p>\n<p><strong>Tensions russes et d\u00e9fis de s\u00e9curit\u00e9<\/strong><\/p>\n<p>La guerre en Ukraine a laiss\u00e9 des cicatrices profondes, et a consid\u00e9rablement d\u00e9t\u00e9rior\u00e9 les relations entre l&#8217;OTAN et la Russie. La situation s&#8217;est encore complexifi\u00e9e avec la crise \u00e0 Gaza, exacerbant les inqui\u00e9tudes s\u00e9curitaires dans la r\u00e9gion. Les membres de l&#8217;OTAN devront naviguer \u00e0 travers ces turbulences tout en cherchant \u00e0 r\u00e9affirmer leur unit\u00e9 et leur r\u00e9silience face aux d\u00e9fis pos\u00e9s par Moscou.<\/p>\n<p><strong>La menace Wagner dans le Sahel<\/strong><\/p>\n<p>Un autre d\u00e9fi s\u00e9curitaire croissant pour l&#8217;OTAN est la pr\u00e9sence, de plus en plus visible de la Russie, via le groupe Wagner dans le Sahel, notamment au Niger, au Mali et au Burkina Faso. Cette influence russe dans une r\u00e9gion d\u00e9j\u00e0 instable ajoute une couche suppl\u00e9mentaire de complexit\u00e9 aux efforts de maintien de la paix et de la s\u00e9curit\u00e9. Les strat\u00e9gies pour contrer cette pr\u00e9sence seront cruciales dans les discussions du sommet.<\/p>\n<p><strong>Actualit\u00e9 politique am\u00e9ricaine : une influence d\u00e9terminante<\/strong><\/p>\n<p>Le sommet se d\u00e9roule dans un contexte politique am\u00e9ricain volatil, avec des \u00e9lections pr\u00e9sidentielles imminentes. Le pr\u00e9sident Joe Biden, confront\u00e9 \u00e0 des \u00e9lections p\u00e9rilleuses, devra d\u00e9montrer sa capacit\u00e9 \u00e0 maintenir la coh\u00e9sion de l&#8217;alliance tout en affrontant des enjeux domestiques complexes. La politique \u00e9trang\u00e8re jouera, sans aucun doute, un r\u00f4le central dans les d\u00e9bats \u00e9lectoraux, rendant ce sommet crucial pour l&#8217;administration Biden.<\/p>\n<p><strong>Nouveau Premier Ministre Britannique et instabilit\u00e9 fran\u00e7aise<\/strong><\/p>\n<p>Parmi les figures pr\u00e9sentes, le nouveau Premier ministre britannique fera sa premi\u00e8re apparition officielle, un moment symbolique pour le Royaume-Uni post-Brexit. En parall\u00e8le, le pr\u00e9sident fran\u00e7ais Emmanuel Macron arrive \u00e0 Washington affaibli par une France ingouvernable, aucune majorit\u00e9 ne s&#8217;\u00e9tant d\u00e9gag\u00e9e des r\u00e9centes \u00e9lections l\u00e9gislatives. Cette instabilit\u00e9 interne pourrait compliquer la position fran\u00e7aise au sein de l&#8217;OTAN et affaiblir sa voix dans les discussions cruciales.<\/p>\n<p><strong>Le D\u00e9fi Viktor Orban<\/strong><\/p>\n<p>Un autre d\u00e9fi majeur pour l&#8217;OTAN est repr\u00e9sent\u00e9 par Viktor Orban, qui assume actuellement la pr\u00e9sidence tournante de l&#8217;Union europ\u00e9enne. Ses r\u00e9centes visites \u00e0 Vladimir Poutine et Xi Jinping sans consultation pr\u00e9alable avec les autres membres de l&#8217;UE ont suscit\u00e9 de vives critiques. Cette d\u00e9marche solitaire d&#8217;Orban complique davantage les efforts de l&#8217;OTAN pour pr\u00e9senter un front uni face aux menaces externes.<\/p>\n<p><strong>Forum public OTAN : une initiative d&#8217;engagement<\/strong><\/p>\n<p>Outre le sommet de l\u2019OTAN, la ville de Washington accueillera le Forum public OTAN, un \u00e9v\u00e9nement qui permettra de mieux faire conna\u00eetre au grand public les politiques, les objectifs et les d\u00e9cisions de l\u2019Organisation au travers d\u2019\u00e9changes et de discussions avec un large \u00e9ventail de parties prenantes. Cette ann\u00e9e, le Forum public sera coorganis\u00e9 par l\u2019OTAN et par le gouvernement des \u00c9tats-Unis, en collaboration avec l\u2019Atlantic Council, le Center for a New American Security (CNAS), GLOBSEC, le German Marshall Fund of the United States (GMF) et le Hudson Institute. Divers th\u00e8mes inscrits \u00e0 l\u2019ordre du jour de l\u2019OTAN seront examin\u00e9s dans le cadre de groupes de discussion, de d\u00e9bats et de sessions interactives.<\/p>\n<p><strong>Conclusion : un sommet d\u00e9terminant<\/strong><\/p>\n<p>Le 75\u00e8me sommet de l&#8217;OTAN s&#8217;annonce comme un moment d\u00e9cisif pour l&#8217;alliance, appelant \u00e0 des d\u00e9cisions strat\u00e9giques importantes et \u00e0 une r\u00e9affirmation de la solidarit\u00e9 entre ses membres. Face aux crises internationales et aux d\u00e9fis internes, l&#8217;OTAN devra d\u00e9montrer sa capacit\u00e9 \u00e0 s&#8217;adapter et \u00e0 se renforcer pour assurer la s\u00e9curit\u00e9 et la stabilit\u00e9 de ses membres.<\/p>\n<p><strong>\u00a0<\/strong><strong>De notre envoy\u00e9 sp\u00e9cial \u00e0 Washington Moussa Samba Sy<\/strong><\/p>\n","protected":false},"excerpt":{"rendered":"<p>Washington accueille aujourd&#8217;hui l&#8217;ouverture du 75\u00e8me sommet de l&#8217;Organisation du Trait\u00e9 de l&#8217;Atlantique Nord (OTAN), marqu\u00e9 par un contexte international particuli\u00e8rement tendu. Apr\u00e8s la guerre en Ukraine et la r\u00e9cente escalade du conflit \u00e0 Gaza, les tensions avec la Russie ont atteint un niveau critique, pla\u00e7ant ce sommet sous le signe de l&#8217;urgence et de&#8230;..<\/p>\n","protected":false},"author":12,"featured_media":19618,"comment_status":"open","ping_status":"open","sticky":false,"template":"","format":"standard","meta":{"footnotes":""},"categories":[23,57],"tags":[],"class_list":["post-19617","post","type-post","status-publish","format-standard","has-post-thumbnail","hentry","category-actualite","category-couverture-specilale"],"yoast_head":"<!-- This site is optimized with the Yoast SEO plugin v27.5 - https:\/\/yoast.com\/product\/yoast-seo-wordpress\/ -->\n<title>Ouverture du 75\u00e8me sommet de l&#039;OTAN \u00e0 Washington: Un contexte de crises et de tensions - Le Quotidien de Nouakchott<\/title>\n<meta name=\"robots\" content=\"index, follow, max-snippet:-1, max-image-preview:large, max-video-preview:-1\" \/>\n<link rel=\"canonical\" href=\"https:\/\/lequotidien.mr\/?p=19617&lang=fr\" \/>\n<meta property=\"og:locale\" content=\"ar_AR\" \/>\n<meta property=\"og:type\" content=\"article\" \/>\n<meta property=\"og:title\" content=\"Ouverture du 75\u00e8me sommet de l&#039;OTAN \u00e0 Washington: Un contexte de crises et de tensions - Le Quotidien de Nouakchott\" \/>\n<meta property=\"og:description\" content=\"Washington accueille aujourd&#8217;hui l&#8217;ouverture du 75\u00e8me sommet de l&#8217;Organisation du Trait\u00e9 de l&#8217;Atlantique Nord (OTAN), marqu\u00e9 par un contexte international particuli\u00e8rement tendu. Apr\u00e8s la guerre en Ukraine et la r\u00e9cente escalade du conflit \u00e0 Gaza, les tensions avec la Russie ont atteint un niveau critique, pla\u00e7ant ce sommet sous le signe de l&#8217;urgence et de.....\" \/>\n<meta property=\"og:url\" content=\"https:\/\/lequotidien.mr\/?p=19617&amp;lang=fr\" \/>\n<meta property=\"og:site_name\" content=\"Le Quotidien de Nouakchott\" \/>\n<meta property=\"article:publisher\" content=\"https:\/\/web.facebook.com\/lequotidienmr\" \/>\n<meta property=\"article:published_time\" content=\"2024-07-09T19:23:25+00:00\" \/>\n<meta property=\"og:image\" content=\"https:\/\/lequotidien.mr\/wp-content\/uploads\/2024\/07\/photo-sommet-OTAN-.jpg\" \/>\n\t<meta property=\"og:image:width\" content=\"1024\" \/>\n\t<meta property=\"og:image:height\" content=\"260\" \/>\n\t<meta property=\"og:image:type\" content=\"image\/jpeg\" \/>\n<meta name=\"author\" content=\"Med Ahmed\" \/>\n<meta name=\"twitter:card\" content=\"summary_large_image\" \/>\n<meta name=\"twitter:creator\" content=\"@lequotidienmr\" \/>\n<meta name=\"twitter:site\" content=\"@lequotidienmr\" \/>\n<meta name=\"twitter:label1\" content=\"\u0643\u064f\u062a\u0628 \u0628\u0648\u0627\u0633\u0637\u0629\" \/>\n\t<meta name=\"twitter:data1\" content=\"Med Ahmed\" \/>\n\t<meta name=\"twitter:label2\" content=\"\u0648\u0642\u062a \u0627\u0644\u0642\u0631\u0627\u0621\u0629 \u0627\u0644\u0645\u064f\u0642\u062f\u0651\u0631\" \/>\n\t<meta name=\"twitter:data2\" content=\"3 \u062f\u0642\u0627\u0626\u0642\" \/>\n<script type=\"application\/ld+json\" class=\"yoast-schema-graph\">{\"@context\":\"https:\\\/\\\/schema.org\",\"@graph\":[{\"@type\":\"Article\",\"@id\":\"https:\\\/\\\/lequotidien.mr\\\/?p=19617&lang=fr#article\",\"isPartOf\":{\"@id\":\"https:\\\/\\\/lequotidien.mr\\\/?p=19617&lang=fr\"},\"author\":{\"name\":\"Med Ahmed\",\"@id\":\"https:\\\/\\\/lequotidien.mr\\\/#\\\/schema\\\/person\\\/d2d350202a4d599685ed8abc25f97596\"},\"headline\":\"Ouverture du 75\u00e8me sommet de l&#8217;OTAN \u00e0 Washington: Un contexte de crises et de tensions\",\"datePublished\":\"2024-07-09T19:23:25+00:00\",\"mainEntityOfPage\":{\"@id\":\"https:\\\/\\\/lequotidien.mr\\\/?p=19617&lang=fr\"},\"wordCount\":708,\"commentCount\":0,\"publisher\":{\"@id\":\"https:\\\/\\\/lequotidien.mr\\\/#organization\"},\"image\":{\"@id\":\"https:\\\/\\\/lequotidien.mr\\\/?p=19617&lang=fr#primaryimage\"},\"thumbnailUrl\":\"https:\\\/\\\/lequotidien.mr\\\/wp-content\\\/uploads\\\/2024\\\/07\\\/photo-sommet-OTAN-.jpg\",\"articleSection\":[\"ACTUALIT\u00c9\",\"Couverture sp\u00e9cilale\"],\"inLanguage\":\"ar\",\"potentialAction\":[{\"@type\":\"CommentAction\",\"name\":\"Comment\",\"target\":[\"https:\\\/\\\/lequotidien.mr\\\/?p=19617&lang=fr#respond\"]}]},{\"@type\":\"WebPage\",\"@id\":\"https:\\\/\\\/lequotidien.mr\\\/?p=19617&lang=fr\",\"url\":\"https:\\\/\\\/lequotidien.mr\\\/?p=19617&lang=fr\",\"name\":\"Ouverture du 75\u00e8me sommet de l'OTAN \u00e0 Washington: Un contexte de crises et de tensions - Le Quotidien de Nouakchott\",\"isPartOf\":{\"@id\":\"https:\\\/\\\/lequotidien.mr\\\/#website\"},\"primaryImageOfPage\":{\"@id\":\"https:\\\/\\\/lequotidien.mr\\\/?p=19617&lang=fr#primaryimage\"},\"image\":{\"@id\":\"https:\\\/\\\/lequotidien.mr\\\/?p=19617&lang=fr#primaryimage\"},\"thumbnailUrl\":\"https:\\\/\\\/lequotidien.mr\\\/wp-content\\\/uploads\\\/2024\\\/07\\\/photo-sommet-OTAN-.jpg\",\"datePublished\":\"2024-07-09T19:23:25+00:00\",\"breadcrumb\":{\"@id\":\"https:\\\/\\\/lequotidien.mr\\\/?p=19617&lang=fr#breadcrumb\"},\"inLanguage\":\"ar\",\"potentialAction\":[{\"@type\":\"ReadAction\",\"target\":[\"https:\\\/\\\/lequotidien.mr\\\/?p=19617&lang=fr\"]}]},{\"@type\":\"ImageObject\",\"inLanguage\":\"ar\",\"@id\":\"https:\\\/\\\/lequotidien.mr\\\/?p=19617&lang=fr#primaryimage\",\"url\":\"https:\\\/\\\/lequotidien.mr\\\/wp-content\\\/uploads\\\/2024\\\/07\\\/photo-sommet-OTAN-.jpg\",\"contentUrl\":\"https:\\\/\\\/lequotidien.mr\\\/wp-content\\\/uploads\\\/2024\\\/07\\\/photo-sommet-OTAN-.jpg\",\"width\":1024,\"height\":260},{\"@type\":\"BreadcrumbList\",\"@id\":\"https:\\\/\\\/lequotidien.mr\\\/?p=19617&lang=fr#breadcrumb\",\"itemListElement\":[{\"@type\":\"ListItem\",\"position\":1,\"name\":\"Home\",\"item\":\"https:\\\/\\\/lequotidien.mr\\\/\"},{\"@type\":\"ListItem\",\"position\":2,\"name\":\"Ouverture du 75\u00e8me sommet de l&rsquo;OTAN \u00e0 Washington: Un contexte de crises et de tensions\"}]},{\"@type\":\"WebSite\",\"@id\":\"https:\\\/\\\/lequotidien.mr\\\/#website\",\"url\":\"https:\\\/\\\/lequotidien.mr\\\/\",\"name\":\"Le Quotidien de Nouakchott\",\"description\":\"\u0625\u062e\u0628\u0627\u0631\u064a\u0629 \u0645\u0633\u062a\u0642\u0644\u0629 \u0644\u0644\u0623\u0646\u0628\u0627\u0621 \u0627\u0644\u0639\u0627\u0645\u0629\",\"publisher\":{\"@id\":\"https:\\\/\\\/lequotidien.mr\\\/#organization\"},\"potentialAction\":[{\"@type\":\"SearchAction\",\"target\":{\"@type\":\"EntryPoint\",\"urlTemplate\":\"https:\\\/\\\/lequotidien.mr\\\/?s={search_term_string}\"},\"query-input\":{\"@type\":\"PropertyValueSpecification\",\"valueRequired\":true,\"valueName\":\"search_term_string\"}}],\"inLanguage\":\"ar\"},{\"@type\":\"Organization\",\"@id\":\"https:\\\/\\\/lequotidien.mr\\\/#organization\",\"name\":\"Le Quotidien de Nouakchott\",\"url\":\"https:\\\/\\\/lequotidien.mr\\\/\",\"logo\":{\"@type\":\"ImageObject\",\"inLanguage\":\"ar\",\"@id\":\"https:\\\/\\\/lequotidien.mr\\\/#\\\/schema\\\/logo\\\/image\\\/\",\"url\":\"https:\\\/\\\/lequotidien.mr\\\/wp-content\\\/uploads\\\/2022\\\/11\\\/logolequotidien.jpg\",\"contentUrl\":\"https:\\\/\\\/lequotidien.mr\\\/wp-content\\\/uploads\\\/2022\\\/11\\\/logolequotidien.jpg\",\"width\":290,\"height\":65,\"caption\":\"Le Quotidien de Nouakchott\"},\"image\":{\"@id\":\"https:\\\/\\\/lequotidien.mr\\\/#\\\/schema\\\/logo\\\/image\\\/\"},\"sameAs\":[\"https:\\\/\\\/web.facebook.com\\\/lequotidienmr\",\"https:\\\/\\\/x.com\\\/lequotidienmr\"]},{\"@type\":\"Person\",\"@id\":\"https:\\\/\\\/lequotidien.mr\\\/#\\\/schema\\\/person\\\/d2d350202a4d599685ed8abc25f97596\",\"name\":\"Med Ahmed\",\"image\":{\"@type\":\"ImageObject\",\"inLanguage\":\"ar\",\"@id\":\"https:\\\/\\\/secure.gravatar.com\\\/avatar\\\/fd2acc62ed50732923d1d39c17172c9b04149f142be92310ecc69e1358f94b52?s=96&d=mm&r=g\",\"url\":\"https:\\\/\\\/secure.gravatar.com\\\/avatar\\\/fd2acc62ed50732923d1d39c17172c9b04149f142be92310ecc69e1358f94b52?s=96&d=mm&r=g\",\"contentUrl\":\"https:\\\/\\\/secure.gravatar.com\\\/avatar\\\/fd2acc62ed50732923d1d39c17172c9b04149f142be92310ecc69e1358f94b52?s=96&d=mm&r=g\",\"caption\":\"Med Ahmed\"},\"url\":\"https:\\\/\\\/lequotidien.mr\\\/?author=12\"}]}<\/script>\n<!-- \/ Yoast SEO plugin. -->","yoast_head_json":{"title":"Ouverture du 75\u00e8me sommet de l'OTAN \u00e0 Washington: Un contexte de crises et de tensions - Le Quotidien de Nouakchott","robots":{"index":"index","follow":"follow","max-snippet":"max-snippet:-1","max-image-preview":"max-image-preview:large","max-video-preview":"max-video-preview:-1"},"canonical":"https:\/\/lequotidien.mr\/?p=19617&lang=fr","og_locale":"ar_AR","og_type":"article","og_title":"Ouverture du 75\u00e8me sommet de l'OTAN \u00e0 Washington: Un contexte de crises et de tensions - Le Quotidien de Nouakchott","og_description":"Washington accueille aujourd&#8217;hui l&#8217;ouverture du 75\u00e8me sommet de l&#8217;Organisation du Trait\u00e9 de l&#8217;Atlantique Nord (OTAN), marqu\u00e9 par un contexte international particuli\u00e8rement tendu. Apr\u00e8s la guerre en Ukraine et la r\u00e9cente escalade du conflit \u00e0 Gaza, les tensions avec la Russie ont atteint un niveau critique, pla\u00e7ant ce sommet sous le signe de l&#8217;urgence et de.....","og_url":"https:\/\/lequotidien.mr\/?p=19617&lang=fr","og_site_name":"Le Quotidien de Nouakchott","article_publisher":"https:\/\/web.facebook.com\/lequotidienmr","article_published_time":"2024-07-09T19:23:25+00:00","og_image":[{"width":1024,"height":260,"url":"https:\/\/lequotidien.mr\/wp-content\/uploads\/2024\/07\/photo-sommet-OTAN-.jpg","type":"image\/jpeg"}],"author":"Med Ahmed","twitter_card":"summary_large_image","twitter_creator":"@lequotidienmr","twitter_site":"@lequotidienmr","twitter_misc":{"\u0643\u064f\u062a\u0628 \u0628\u0648\u0627\u0633\u0637\u0629":"Med Ahmed","\u0648\u0642\u062a \u0627\u0644\u0642\u0631\u0627\u0621\u0629 \u0627\u0644\u0645\u064f\u0642\u062f\u0651\u0631":"3 \u062f\u0642\u0627\u0626\u0642"},"schema":{"@context":"https:\/\/schema.org","@graph":[{"@type":"Article","@id":"https:\/\/lequotidien.mr\/?p=19617&lang=fr#article","isPartOf":{"@id":"https:\/\/lequotidien.mr\/?p=19617&lang=fr"},"author":{"name":"Med Ahmed","@id":"https:\/\/lequotidien.mr\/#\/schema\/person\/d2d350202a4d599685ed8abc25f97596"},"headline":"Ouverture du 75\u00e8me sommet de l&#8217;OTAN \u00e0 Washington: Un contexte de crises et de tensions","datePublished":"2024-07-09T19:23:25+00:00","mainEntityOfPage":{"@id":"https:\/\/lequotidien.mr\/?p=19617&lang=fr"},"wordCount":708,"commentCount":0,"publisher":{"@id":"https:\/\/lequotidien.mr\/#organization"},"image":{"@id":"https:\/\/lequotidien.mr\/?p=19617&lang=fr#primaryimage"},"thumbnailUrl":"https:\/\/lequotidien.mr\/wp-content\/uploads\/2024\/07\/photo-sommet-OTAN-.jpg","articleSection":["ACTUALIT\u00c9","Couverture sp\u00e9cilale"],"inLanguage":"ar","potentialAction":[{"@type":"CommentAction","name":"Comment","target":["https:\/\/lequotidien.mr\/?p=19617&lang=fr#respond"]}]},{"@type":"WebPage","@id":"https:\/\/lequotidien.mr\/?p=19617&lang=fr","url":"https:\/\/lequotidien.mr\/?p=19617&lang=fr","name":"Ouverture du 75\u00e8me sommet de l'OTAN \u00e0 Washington: Un contexte de crises et de tensions - Le Quotidien de Nouakchott","isPartOf":{"@id":"https:\/\/lequotidien.mr\/#website"},"primaryImageOfPage":{"@id":"https:\/\/lequotidien.mr\/?p=19617&lang=fr#primaryimage"},"image":{"@id":"https:\/\/lequotidien.mr\/?p=19617&lang=fr#primaryimage"},"thumbnailUrl":"https:\/\/lequotidien.mr\/wp-content\/uploads\/2024\/07\/photo-sommet-OTAN-.jpg","datePublished":"2024-07-09T19:23:25+00:00","breadcrumb":{"@id":"https:\/\/lequotidien.mr\/?p=19617&lang=fr#breadcrumb"},"inLanguage":"ar","potentialAction":[{"@type":"ReadAction","target":["https:\/\/lequotidien.mr\/?p=19617&lang=fr"]}]},{"@type":"ImageObject","inLanguage":"ar","@id":"https:\/\/lequotidien.mr\/?p=19617&lang=fr#primaryimage","url":"https:\/\/lequotidien.mr\/wp-content\/uploads\/2024\/07\/photo-sommet-OTAN-.jpg","contentUrl":"https:\/\/lequotidien.mr\/wp-content\/uploads\/2024\/07\/photo-sommet-OTAN-.jpg","width":1024,"height":260},{"@type":"BreadcrumbList","@id":"https:\/\/lequotidien.mr\/?p=19617&lang=fr#breadcrumb","itemListElement":[{"@type":"ListItem","position":1,"name":"Home","item":"https:\/\/lequotidien.mr\/"},{"@type":"ListItem","position":2,"name":"Ouverture du 75\u00e8me sommet de l&rsquo;OTAN \u00e0 Washington: Un contexte de crises et de tensions"}]},{"@type":"WebSite","@id":"https:\/\/lequotidien.mr\/#website","url":"https:\/\/lequotidien.mr\/","name":"Le Quotidien de Nouakchott","description":"\u0625\u062e\u0628\u0627\u0631\u064a\u0629 \u0645\u0633\u062a\u0642\u0644\u0629 \u0644\u0644\u0623\u0646\u0628\u0627\u0621 \u0627\u0644\u0639\u0627\u0645\u0629","publisher":{"@id":"https:\/\/lequotidien.mr\/#organization"},"potentialAction":[{"@type":"SearchAction","target":{"@type":"EntryPoint","urlTemplate":"https:\/\/lequotidien.mr\/?s={search_term_string}"},"query-input":{"@type":"PropertyValueSpecification","valueRequired":true,"valueName":"search_term_string"}}],"inLanguage":"ar"},{"@type":"Organization","@id":"https:\/\/lequotidien.mr\/#organization","name":"Le Quotidien de Nouakchott","url":"https:\/\/lequotidien.mr\/","logo":{"@type":"ImageObject","inLanguage":"ar","@id":"https:\/\/lequotidien.mr\/#\/schema\/logo\/image\/","url":"https:\/\/lequotidien.mr\/wp-content\/uploads\/2022\/11\/logolequotidien.jpg","contentUrl":"https:\/\/lequotidien.mr\/wp-content\/uploads\/2022\/11\/logolequotidien.jpg","width":290,"height":65,"caption":"Le Quotidien de Nouakchott"},"image":{"@id":"https:\/\/lequotidien.mr\/#\/schema\/logo\/image\/"},"sameAs":["https:\/\/web.facebook.com\/lequotidienmr","https:\/\/x.com\/lequotidienmr"]},{"@type":"Person","@id":"https:\/\/lequotidien.mr\/#\/schema\/person\/d2d350202a4d599685ed8abc25f97596","name":"Med Ahmed","image":{"@type":"ImageObject","inLanguage":"ar","@id":"https:\/\/secure.gravatar.com\/avatar\/fd2acc62ed50732923d1d39c17172c9b04149f142be92310ecc69e1358f94b52?s=96&d=mm&r=g","url":"https:\/\/secure.gravatar.com\/avatar\/fd2acc62ed50732923d1d39c17172c9b04149f142be92310ecc69e1358f94b52?s=96&d=mm&r=g","contentUrl":"https:\/\/secure.gravatar.com\/avatar\/fd2acc62ed50732923d1d39c17172c9b04149f142be92310ecc69e1358f94b52?s=96&d=mm&r=g","caption":"Med Ahmed"},"url":"https:\/\/lequotidien.mr\/?author=12"}]}},"_links":{"self":[{"href":"https:\/\/lequotidien.mr\/index.php?rest_route=\/wp\/v2\/posts\/19617","targetHints":{"allow":["GET"]}}],"collection":[{"href":"https:\/\/lequotidien.mr\/index.php?rest_route=\/wp\/v2\/posts"}],"about":[{"href":"https:\/\/lequotidien.mr\/index.php?rest_route=\/wp\/v2\/types\/post"}],"author":[{"embeddable":true,"href":"https:\/\/lequotidien.mr\/index.php?rest_route=\/wp\/v2\/users\/12"}],"replies":[{"embeddable":true,"href":"https:\/\/lequotidien.mr\/index.php?rest_route=%2Fwp%2Fv2%2Fcomments&post=19617"}],"version-history":[{"count":1,"href":"https:\/\/lequotidien.mr\/index.php?rest_route=\/wp\/v2\/posts\/19617\/revisions"}],"predecessor-version":[{"id":19619,"href":"https:\/\/lequotidien.mr\/index.php?rest_route=\/wp\/v2\/posts\/19617\/revisions\/19619"}],"wp:featuredmedia":[{"embeddable":true,"href":"https:\/\/lequotidien.mr\/index.php?rest_route=\/wp\/v2\/media\/19618"}],"wp:attachment":[{"href":"https:\/\/lequotidien.mr\/index.php?rest_route=%2Fwp%2Fv2%2Fmedia&parent=19617"}],"wp:term":[{"taxonomy":"category","embeddable":true,"href":"https:\/\/lequotidien.mr\/index.php?rest_route=%2Fwp%2Fv2%2Fcategories&post=19617"},{"taxonomy":"post_tag","embeddable":true,"href":"https:\/\/lequotidien.mr\/index.php?rest_route=%2Fwp%2Fv2%2Ftags&post=19617"}],"curies":[{"name":"wp","href":"https:\/\/api.w.org\/{rel}","templated":true}]}}