{"id":19567,"date":"2024-07-07T21:32:34","date_gmt":"2024-07-07T21:32:34","guid":{"rendered":"https:\/\/lequotidien.mr\/?p=19567"},"modified":"2024-07-07T21:42:53","modified_gmt":"2024-07-07T21:42:53","slug":"la-mauritanie-preside-la-mission-de-lunion-africaine-a-la-troisieme-reunion-des-emissaires-des-dirigeants-du-g-20","status":"publish","type":"post","link":"https:\/\/lequotidien.mr\/?p=19567&lang=fr","title":{"rendered":"La Mauritanie pr\u00e9side la mission de l\u2019Union Africaine \u00e0 la troisi\u00e8me r\u00e9union des \u00e9missaires des dirigeants du G 20"},"content":{"rendered":"<p style=\"margin-bottom: .0001pt;\">Du 2 au 5 juillet 2024, Rio de Janeiro a accueilli la troisi\u00e8me r\u00e9union des \u00e9missaires des dirigeants du Groupe du G20, marquant une \u00e9tape cl\u00e9 dans les pr\u00e9paratifs en vue du sommet mondial pr\u00e9vu pour novembre. Le conseiller \u00e0 la Pr\u00e9sidence de la R\u00e9publique, M. Sid\u2019Ahmed Bouh, \u00e9missaire de la Pr\u00e9sidence Mauritanienne de l\u2019Union Africaine, a pr\u00e9sid\u00e9 cette importante rencontre, accompagn\u00e9 d&#8217;une d\u00e9l\u00e9gation comprenant M. Fethallah Sijelmassi, directeur g\u00e9n\u00e9ral de la commission de l\u2019Union Africaine, et M. Jean Bertrand Azabmou, conseiller du commissaire de l\u2019Union Africaine pour le d\u00e9veloppement et le commerce.<\/p>\n<p>&nbsp;<\/p>\n<p style=\"margin-bottom: .0001pt;\">Les discussions ont couvert un large \u00e9ventail de sujets cruciaux pour l&#8217;\u00e9conomie mondiale, notamment les progr\u00e8s sur les questions des dettes souveraines et de la r\u00e9forme du syst\u00e8me financier international. La transition \u00e9nerg\u00e9tique et les d\u00e9fis pos\u00e9s par les changements climatiques ont \u00e9galement \u00e9t\u00e9 au c\u0153ur des d\u00e9bats, soulignant l&#8217;urgence d&#8217;actions concert\u00e9es pour att\u00e9nuer leurs effets sur les \u00e9conomies mondiales.<\/p>\n<p>&nbsp;<\/p>\n<p style=\"margin-bottom: .0001pt;\">Le Br\u00e9sil a pr\u00e9sent\u00e9 une initiative significative lors de cette r\u00e9union : l&#8217;Alliance Mondiale pour la lutte contre la pauvret\u00e9 et la faim, qui sera une priorit\u00e9 majeure de sa pr\u00e9sidence du G20. Cette initiative vise \u00e0 mobiliser les ressources n\u00e9cessaires pour lutter contre la pauvret\u00e9 et garantir la s\u00e9curit\u00e9 alimentaire \u00e0 l&#8217;\u00e9chelle mondiale.<\/p>\n<p>&nbsp;<\/p>\n<p style=\"margin-bottom: .0001pt;\">En pr\u00e9paration au sommet, la d\u00e9l\u00e9gation de l\u2019Union Africaine a particip\u00e9 activement \u00e0 des r\u00e9unions pr\u00e9liminaires essentielles. Le 2 juillet, ils ont pris part \u00e0 une r\u00e9union de la commission des march\u00e9s \u00e9mergents et des \u00e9conomies en voie de d\u00e9veloppement, un groupe strat\u00e9gique comprenant 10 pays en plus de l\u2019Union Africaine. De plus, des r\u00e9unions bilat\u00e9rales constructives ont \u00e9t\u00e9 tenues avec des repr\u00e9sentants cl\u00e9s, notamment de l\u2019Union Europ\u00e9enne, des \u00c9tats-Unis, de la Norv\u00e8ge, de l&#8217;Australie, de l&#8217;Inde et de l&#8217;UNESCO, visant \u00e0 renforcer les relations et \u00e0 explorer des opportunit\u00e9s de coop\u00e9ration future.<\/p>\n<p>&nbsp;<\/p>\n<p style=\"margin-bottom: .0001pt;\">L&#8217;entr\u00e9e de l\u2019Union Africaine en tant que membre \u00e0 part enti\u00e8re du G20, sous la pr\u00e9sidence mauritanienne, marque une \u00e9tape historique pour le continent africain. Cette int\u00e9gration renforce la voix de l&#8217;Afrique dans les discussions \u00e9conomiques mondiales et souligne son engagement \u00e0 contribuer aux d\u00e9cisions et politiques qui fa\u00e7onnent l&#8217;avenir \u00e9conomique mondial.<\/p>\n<p>&nbsp;<\/p>\n<p style=\"margin-bottom: .0001pt;\">\u00c0 l&#8217;approche du sommet du G20 pr\u00e9vu pour novembre, Son Excellence Monsieur Mohamed Cheikh El Ghazouani, Pr\u00e9sident de la R\u00e9publique de Mauritanie et Pr\u00e9sident de l\u2019Union Africaine, repr\u00e9sentera dignement l&#8217;Afrique, portant avec lui les aspirations du continent pour un d\u00e9veloppement inclusif et durable \u00e0 l&#8217;\u00e9chelle mondiale.<\/p>\n<p>&nbsp;<\/p>\n<p style=\"margin-bottom: .0001pt;\">La participation active et engag\u00e9e de la d\u00e9l\u00e9gation africaine \u00e0 Rio de Janeiro t\u00e9moigne de son r\u00f4le croissant dans les affaires \u00e9conomiques internationales et de son engagement \u00e0 promouvoir une coop\u00e9ration mondiale plus solidaire et \u00e9quitable.<\/p>\n","protected":false},"excerpt":{"rendered":"<p>Du 2 au 5 juillet 2024, Rio de Janeiro a accueilli la troisi\u00e8me r\u00e9union des \u00e9missaires des dirigeants du Groupe du G20, marquant une \u00e9tape cl\u00e9 dans les pr\u00e9paratifs en vue du sommet mondial pr\u00e9vu pour novembre. Le conseiller \u00e0 la Pr\u00e9sidence de la R\u00e9publique, M. Sid\u2019Ahmed Bouh, \u00e9missaire de la Pr\u00e9sidence Mauritanienne de l\u2019Union&#8230;..<\/p>\n","protected":false},"author":12,"featured_media":19568,"comment_status":"open","ping_status":"open","sticky":false,"template":"","format":"standard","meta":{"footnotes":""},"categories":[23,49],"tags":[],"class_list":["post-19567","post","type-post","status-publish","format-standard","has-post-thumbnail","hentry","category-actualite","category-economie"],"yoast_head":"<!-- This site is optimized with the Yoast SEO plugin v27.5 - https:\/\/yoast.com\/product\/yoast-seo-wordpress\/ -->\n<title>La Mauritanie pr\u00e9side la mission de l\u2019Union Africaine \u00e0 la troisi\u00e8me r\u00e9union des \u00e9missaires des dirigeants du G 20 - Le Quotidien de Nouakchott<\/title>\n<meta name=\"robots\" content=\"index, follow, max-snippet:-1, max-image-preview:large, max-video-preview:-1\" \/>\n<link rel=\"canonical\" href=\"https:\/\/lequotidien.mr\/?p=19567&lang=fr\" \/>\n<meta property=\"og:locale\" content=\"ar_AR\" \/>\n<meta property=\"og:type\" content=\"article\" \/>\n<meta property=\"og:title\" content=\"La Mauritanie pr\u00e9side la mission de l\u2019Union Africaine \u00e0 la troisi\u00e8me r\u00e9union des \u00e9missaires des dirigeants du G 20 - Le Quotidien de Nouakchott\" \/>\n<meta property=\"og:description\" content=\"Du 2 au 5 juillet 2024, Rio de Janeiro a accueilli la troisi\u00e8me r\u00e9union des \u00e9missaires des dirigeants du Groupe du G20, marquant une \u00e9tape cl\u00e9 dans les pr\u00e9paratifs en vue du sommet mondial pr\u00e9vu pour novembre. Le conseiller \u00e0 la Pr\u00e9sidence de la R\u00e9publique, M. Sid\u2019Ahmed Bouh, \u00e9missaire de la Pr\u00e9sidence Mauritanienne de l\u2019Union.....\" \/>\n<meta property=\"og:url\" content=\"https:\/\/lequotidien.mr\/?p=19567&amp;lang=fr\" \/>\n<meta property=\"og:site_name\" content=\"Le Quotidien de Nouakchott\" \/>\n<meta property=\"article:publisher\" content=\"https:\/\/web.facebook.com\/lequotidienmr\" \/>\n<meta property=\"article:published_time\" content=\"2024-07-07T21:32:34+00:00\" \/>\n<meta property=\"article:modified_time\" content=\"2024-07-07T21:42:53+00:00\" \/>\n<meta property=\"og:image\" content=\"https:\/\/lequotidien.mr\/wp-content\/uploads\/2024\/07\/photo-G20-2024-Bresil.jpg\" \/>\n\t<meta property=\"og:image:width\" content=\"600\" \/>\n\t<meta property=\"og:image:height\" content=\"315\" \/>\n\t<meta property=\"og:image:type\" content=\"image\/jpeg\" \/>\n<meta name=\"author\" content=\"Med Ahmed\" \/>\n<meta name=\"twitter:card\" content=\"summary_large_image\" \/>\n<meta name=\"twitter:creator\" content=\"@lequotidienmr\" \/>\n<meta name=\"twitter:site\" content=\"@lequotidienmr\" \/>\n<meta name=\"twitter:label1\" content=\"\u0643\u064f\u062a\u0628 \u0628\u0648\u0627\u0633\u0637\u0629\" \/>\n\t<meta name=\"twitter:data1\" content=\"Med Ahmed\" \/>\n\t<meta name=\"twitter:label2\" content=\"\u0648\u0642\u062a \u0627\u0644\u0642\u0631\u0627\u0621\u0629 \u0627\u0644\u0645\u064f\u0642\u062f\u0651\u0631\" \/>\n\t<meta name=\"twitter:data2\" content=\"3 \u062f\u0642\u0627\u0626\u0642\" \/>\n<script type=\"application\/ld+json\" class=\"yoast-schema-graph\">{\"@context\":\"https:\\\/\\\/schema.org\",\"@graph\":[{\"@type\":\"Article\",\"@id\":\"https:\\\/\\\/lequotidien.mr\\\/?p=19567&lang=fr#article\",\"isPartOf\":{\"@id\":\"https:\\\/\\\/lequotidien.mr\\\/?p=19567&lang=fr\"},\"author\":{\"name\":\"Med Ahmed\",\"@id\":\"https:\\\/\\\/lequotidien.mr\\\/#\\\/schema\\\/person\\\/d2d350202a4d599685ed8abc25f97596\"},\"headline\":\"La Mauritanie pr\u00e9side la mission de l\u2019Union Africaine \u00e0 la troisi\u00e8me r\u00e9union des \u00e9missaires des dirigeants du G 20\",\"datePublished\":\"2024-07-07T21:32:34+00:00\",\"dateModified\":\"2024-07-07T21:42:53+00:00\",\"mainEntityOfPage\":{\"@id\":\"https:\\\/\\\/lequotidien.mr\\\/?p=19567&lang=fr\"},\"wordCount\":530,\"commentCount\":0,\"publisher\":{\"@id\":\"https:\\\/\\\/lequotidien.mr\\\/#organization\"},\"image\":{\"@id\":\"https:\\\/\\\/lequotidien.mr\\\/?p=19567&lang=fr#primaryimage\"},\"thumbnailUrl\":\"https:\\\/\\\/lequotidien.mr\\\/wp-content\\\/uploads\\\/2024\\\/07\\\/photo-G20-2024-Bresil.jpg\",\"articleSection\":[\"ACTUALIT\u00c9\",\"Economie\"],\"inLanguage\":\"ar\",\"potentialAction\":[{\"@type\":\"CommentAction\",\"name\":\"Comment\",\"target\":[\"https:\\\/\\\/lequotidien.mr\\\/?p=19567&lang=fr#respond\"]}]},{\"@type\":\"WebPage\",\"@id\":\"https:\\\/\\\/lequotidien.mr\\\/?p=19567&lang=fr\",\"url\":\"https:\\\/\\\/lequotidien.mr\\\/?p=19567&lang=fr\",\"name\":\"La Mauritanie pr\u00e9side la mission de l\u2019Union Africaine \u00e0 la troisi\u00e8me r\u00e9union des \u00e9missaires des dirigeants du G 20 - Le Quotidien de Nouakchott\",\"isPartOf\":{\"@id\":\"https:\\\/\\\/lequotidien.mr\\\/#website\"},\"primaryImageOfPage\":{\"@id\":\"https:\\\/\\\/lequotidien.mr\\\/?p=19567&lang=fr#primaryimage\"},\"image\":{\"@id\":\"https:\\\/\\\/lequotidien.mr\\\/?p=19567&lang=fr#primaryimage\"},\"thumbnailUrl\":\"https:\\\/\\\/lequotidien.mr\\\/wp-content\\\/uploads\\\/2024\\\/07\\\/photo-G20-2024-Bresil.jpg\",\"datePublished\":\"2024-07-07T21:32:34+00:00\",\"dateModified\":\"2024-07-07T21:42:53+00:00\",\"breadcrumb\":{\"@id\":\"https:\\\/\\\/lequotidien.mr\\\/?p=19567&lang=fr#breadcrumb\"},\"inLanguage\":\"ar\",\"potentialAction\":[{\"@type\":\"ReadAction\",\"target\":[\"https:\\\/\\\/lequotidien.mr\\\/?p=19567&lang=fr\"]}]},{\"@type\":\"ImageObject\",\"inLanguage\":\"ar\",\"@id\":\"https:\\\/\\\/lequotidien.mr\\\/?p=19567&lang=fr#primaryimage\",\"url\":\"https:\\\/\\\/lequotidien.mr\\\/wp-content\\\/uploads\\\/2024\\\/07\\\/photo-G20-2024-Bresil.jpg\",\"contentUrl\":\"https:\\\/\\\/lequotidien.mr\\\/wp-content\\\/uploads\\\/2024\\\/07\\\/photo-G20-2024-Bresil.jpg\",\"width\":600,\"height\":315},{\"@type\":\"BreadcrumbList\",\"@id\":\"https:\\\/\\\/lequotidien.mr\\\/?p=19567&lang=fr#breadcrumb\",\"itemListElement\":[{\"@type\":\"ListItem\",\"position\":1,\"name\":\"Home\",\"item\":\"https:\\\/\\\/lequotidien.mr\\\/\"},{\"@type\":\"ListItem\",\"position\":2,\"name\":\"La Mauritanie pr\u00e9side la mission de l\u2019Union Africaine \u00e0 la troisi\u00e8me r\u00e9union des \u00e9missaires des dirigeants du G 20\"}]},{\"@type\":\"WebSite\",\"@id\":\"https:\\\/\\\/lequotidien.mr\\\/#website\",\"url\":\"https:\\\/\\\/lequotidien.mr\\\/\",\"name\":\"Le Quotidien de Nouakchott\",\"description\":\"\u0625\u062e\u0628\u0627\u0631\u064a\u0629 \u0645\u0633\u062a\u0642\u0644\u0629 \u0644\u0644\u0623\u0646\u0628\u0627\u0621 \u0627\u0644\u0639\u0627\u0645\u0629\",\"publisher\":{\"@id\":\"https:\\\/\\\/lequotidien.mr\\\/#organization\"},\"potentialAction\":[{\"@type\":\"SearchAction\",\"target\":{\"@type\":\"EntryPoint\",\"urlTemplate\":\"https:\\\/\\\/lequotidien.mr\\\/?s={search_term_string}\"},\"query-input\":{\"@type\":\"PropertyValueSpecification\",\"valueRequired\":true,\"valueName\":\"search_term_string\"}}],\"inLanguage\":\"ar\"},{\"@type\":\"Organization\",\"@id\":\"https:\\\/\\\/lequotidien.mr\\\/#organization\",\"name\":\"Le Quotidien de Nouakchott\",\"url\":\"https:\\\/\\\/lequotidien.mr\\\/\",\"logo\":{\"@type\":\"ImageObject\",\"inLanguage\":\"ar\",\"@id\":\"https:\\\/\\\/lequotidien.mr\\\/#\\\/schema\\\/logo\\\/image\\\/\",\"url\":\"https:\\\/\\\/lequotidien.mr\\\/wp-content\\\/uploads\\\/2022\\\/11\\\/logolequotidien.jpg\",\"contentUrl\":\"https:\\\/\\\/lequotidien.mr\\\/wp-content\\\/uploads\\\/2022\\\/11\\\/logolequotidien.jpg\",\"width\":290,\"height\":65,\"caption\":\"Le Quotidien de Nouakchott\"},\"image\":{\"@id\":\"https:\\\/\\\/lequotidien.mr\\\/#\\\/schema\\\/logo\\\/image\\\/\"},\"sameAs\":[\"https:\\\/\\\/web.facebook.com\\\/lequotidienmr\",\"https:\\\/\\\/x.com\\\/lequotidienmr\"]},{\"@type\":\"Person\",\"@id\":\"https:\\\/\\\/lequotidien.mr\\\/#\\\/schema\\\/person\\\/d2d350202a4d599685ed8abc25f97596\",\"name\":\"Med Ahmed\",\"image\":{\"@type\":\"ImageObject\",\"inLanguage\":\"ar\",\"@id\":\"https:\\\/\\\/secure.gravatar.com\\\/avatar\\\/fd2acc62ed50732923d1d39c17172c9b04149f142be92310ecc69e1358f94b52?s=96&d=mm&r=g\",\"url\":\"https:\\\/\\\/secure.gravatar.com\\\/avatar\\\/fd2acc62ed50732923d1d39c17172c9b04149f142be92310ecc69e1358f94b52?s=96&d=mm&r=g\",\"contentUrl\":\"https:\\\/\\\/secure.gravatar.com\\\/avatar\\\/fd2acc62ed50732923d1d39c17172c9b04149f142be92310ecc69e1358f94b52?s=96&d=mm&r=g\",\"caption\":\"Med Ahmed\"},\"url\":\"https:\\\/\\\/lequotidien.mr\\\/?author=12\"}]}<\/script>\n<!-- \/ Yoast SEO plugin. -->","yoast_head_json":{"title":"La Mauritanie pr\u00e9side la mission de l\u2019Union Africaine \u00e0 la troisi\u00e8me r\u00e9union des \u00e9missaires des dirigeants du G 20 - Le Quotidien de Nouakchott","robots":{"index":"index","follow":"follow","max-snippet":"max-snippet:-1","max-image-preview":"max-image-preview:large","max-video-preview":"max-video-preview:-1"},"canonical":"https:\/\/lequotidien.mr\/?p=19567&lang=fr","og_locale":"ar_AR","og_type":"article","og_title":"La Mauritanie pr\u00e9side la mission de l\u2019Union Africaine \u00e0 la troisi\u00e8me r\u00e9union des \u00e9missaires des dirigeants du G 20 - Le Quotidien de Nouakchott","og_description":"Du 2 au 5 juillet 2024, Rio de Janeiro a accueilli la troisi\u00e8me r\u00e9union des \u00e9missaires des dirigeants du Groupe du G20, marquant une \u00e9tape cl\u00e9 dans les pr\u00e9paratifs en vue du sommet mondial pr\u00e9vu pour novembre. Le conseiller \u00e0 la Pr\u00e9sidence de la R\u00e9publique, M. Sid\u2019Ahmed Bouh, \u00e9missaire de la Pr\u00e9sidence Mauritanienne de l\u2019Union.....","og_url":"https:\/\/lequotidien.mr\/?p=19567&lang=fr","og_site_name":"Le Quotidien de Nouakchott","article_publisher":"https:\/\/web.facebook.com\/lequotidienmr","article_published_time":"2024-07-07T21:32:34+00:00","article_modified_time":"2024-07-07T21:42:53+00:00","og_image":[{"width":600,"height":315,"url":"https:\/\/lequotidien.mr\/wp-content\/uploads\/2024\/07\/photo-G20-2024-Bresil.jpg","type":"image\/jpeg"}],"author":"Med Ahmed","twitter_card":"summary_large_image","twitter_creator":"@lequotidienmr","twitter_site":"@lequotidienmr","twitter_misc":{"\u0643\u064f\u062a\u0628 \u0628\u0648\u0627\u0633\u0637\u0629":"Med Ahmed","\u0648\u0642\u062a \u0627\u0644\u0642\u0631\u0627\u0621\u0629 \u0627\u0644\u0645\u064f\u0642\u062f\u0651\u0631":"3 \u062f\u0642\u0627\u0626\u0642"},"schema":{"@context":"https:\/\/schema.org","@graph":[{"@type":"Article","@id":"https:\/\/lequotidien.mr\/?p=19567&lang=fr#article","isPartOf":{"@id":"https:\/\/lequotidien.mr\/?p=19567&lang=fr"},"author":{"name":"Med Ahmed","@id":"https:\/\/lequotidien.mr\/#\/schema\/person\/d2d350202a4d599685ed8abc25f97596"},"headline":"La Mauritanie pr\u00e9side la mission de l\u2019Union Africaine \u00e0 la troisi\u00e8me r\u00e9union des \u00e9missaires des dirigeants du G 20","datePublished":"2024-07-07T21:32:34+00:00","dateModified":"2024-07-07T21:42:53+00:00","mainEntityOfPage":{"@id":"https:\/\/lequotidien.mr\/?p=19567&lang=fr"},"wordCount":530,"commentCount":0,"publisher":{"@id":"https:\/\/lequotidien.mr\/#organization"},"image":{"@id":"https:\/\/lequotidien.mr\/?p=19567&lang=fr#primaryimage"},"thumbnailUrl":"https:\/\/lequotidien.mr\/wp-content\/uploads\/2024\/07\/photo-G20-2024-Bresil.jpg","articleSection":["ACTUALIT\u00c9","Economie"],"inLanguage":"ar","potentialAction":[{"@type":"CommentAction","name":"Comment","target":["https:\/\/lequotidien.mr\/?p=19567&lang=fr#respond"]}]},{"@type":"WebPage","@id":"https:\/\/lequotidien.mr\/?p=19567&lang=fr","url":"https:\/\/lequotidien.mr\/?p=19567&lang=fr","name":"La Mauritanie pr\u00e9side la mission de l\u2019Union Africaine \u00e0 la troisi\u00e8me r\u00e9union des \u00e9missaires des dirigeants du G 20 - Le Quotidien de Nouakchott","isPartOf":{"@id":"https:\/\/lequotidien.mr\/#website"},"primaryImageOfPage":{"@id":"https:\/\/lequotidien.mr\/?p=19567&lang=fr#primaryimage"},"image":{"@id":"https:\/\/lequotidien.mr\/?p=19567&lang=fr#primaryimage"},"thumbnailUrl":"https:\/\/lequotidien.mr\/wp-content\/uploads\/2024\/07\/photo-G20-2024-Bresil.jpg","datePublished":"2024-07-07T21:32:34+00:00","dateModified":"2024-07-07T21:42:53+00:00","breadcrumb":{"@id":"https:\/\/lequotidien.mr\/?p=19567&lang=fr#breadcrumb"},"inLanguage":"ar","potentialAction":[{"@type":"ReadAction","target":["https:\/\/lequotidien.mr\/?p=19567&lang=fr"]}]},{"@type":"ImageObject","inLanguage":"ar","@id":"https:\/\/lequotidien.mr\/?p=19567&lang=fr#primaryimage","url":"https:\/\/lequotidien.mr\/wp-content\/uploads\/2024\/07\/photo-G20-2024-Bresil.jpg","contentUrl":"https:\/\/lequotidien.mr\/wp-content\/uploads\/2024\/07\/photo-G20-2024-Bresil.jpg","width":600,"height":315},{"@type":"BreadcrumbList","@id":"https:\/\/lequotidien.mr\/?p=19567&lang=fr#breadcrumb","itemListElement":[{"@type":"ListItem","position":1,"name":"Home","item":"https:\/\/lequotidien.mr\/"},{"@type":"ListItem","position":2,"name":"La Mauritanie pr\u00e9side la mission de l\u2019Union Africaine \u00e0 la troisi\u00e8me r\u00e9union des \u00e9missaires des dirigeants du G 20"}]},{"@type":"WebSite","@id":"https:\/\/lequotidien.mr\/#website","url":"https:\/\/lequotidien.mr\/","name":"Le Quotidien de Nouakchott","description":"\u0625\u062e\u0628\u0627\u0631\u064a\u0629 \u0645\u0633\u062a\u0642\u0644\u0629 \u0644\u0644\u0623\u0646\u0628\u0627\u0621 \u0627\u0644\u0639\u0627\u0645\u0629","publisher":{"@id":"https:\/\/lequotidien.mr\/#organization"},"potentialAction":[{"@type":"SearchAction","target":{"@type":"EntryPoint","urlTemplate":"https:\/\/lequotidien.mr\/?s={search_term_string}"},"query-input":{"@type":"PropertyValueSpecification","valueRequired":true,"valueName":"search_term_string"}}],"inLanguage":"ar"},{"@type":"Organization","@id":"https:\/\/lequotidien.mr\/#organization","name":"Le Quotidien de Nouakchott","url":"https:\/\/lequotidien.mr\/","logo":{"@type":"ImageObject","inLanguage":"ar","@id":"https:\/\/lequotidien.mr\/#\/schema\/logo\/image\/","url":"https:\/\/lequotidien.mr\/wp-content\/uploads\/2022\/11\/logolequotidien.jpg","contentUrl":"https:\/\/lequotidien.mr\/wp-content\/uploads\/2022\/11\/logolequotidien.jpg","width":290,"height":65,"caption":"Le Quotidien de Nouakchott"},"image":{"@id":"https:\/\/lequotidien.mr\/#\/schema\/logo\/image\/"},"sameAs":["https:\/\/web.facebook.com\/lequotidienmr","https:\/\/x.com\/lequotidienmr"]},{"@type":"Person","@id":"https:\/\/lequotidien.mr\/#\/schema\/person\/d2d350202a4d599685ed8abc25f97596","name":"Med Ahmed","image":{"@type":"ImageObject","inLanguage":"ar","@id":"https:\/\/secure.gravatar.com\/avatar\/fd2acc62ed50732923d1d39c17172c9b04149f142be92310ecc69e1358f94b52?s=96&d=mm&r=g","url":"https:\/\/secure.gravatar.com\/avatar\/fd2acc62ed50732923d1d39c17172c9b04149f142be92310ecc69e1358f94b52?s=96&d=mm&r=g","contentUrl":"https:\/\/secure.gravatar.com\/avatar\/fd2acc62ed50732923d1d39c17172c9b04149f142be92310ecc69e1358f94b52?s=96&d=mm&r=g","caption":"Med Ahmed"},"url":"https:\/\/lequotidien.mr\/?author=12"}]}},"_links":{"self":[{"href":"https:\/\/lequotidien.mr\/index.php?rest_route=\/wp\/v2\/posts\/19567","targetHints":{"allow":["GET"]}}],"collection":[{"href":"https:\/\/lequotidien.mr\/index.php?rest_route=\/wp\/v2\/posts"}],"about":[{"href":"https:\/\/lequotidien.mr\/index.php?rest_route=\/wp\/v2\/types\/post"}],"author":[{"embeddable":true,"href":"https:\/\/lequotidien.mr\/index.php?rest_route=\/wp\/v2\/users\/12"}],"replies":[{"embeddable":true,"href":"https:\/\/lequotidien.mr\/index.php?rest_route=%2Fwp%2Fv2%2Fcomments&post=19567"}],"version-history":[{"count":2,"href":"https:\/\/lequotidien.mr\/index.php?rest_route=\/wp\/v2\/posts\/19567\/revisions"}],"predecessor-version":[{"id":19570,"href":"https:\/\/lequotidien.mr\/index.php?rest_route=\/wp\/v2\/posts\/19567\/revisions\/19570"}],"wp:featuredmedia":[{"embeddable":true,"href":"https:\/\/lequotidien.mr\/index.php?rest_route=\/wp\/v2\/media\/19568"}],"wp:attachment":[{"href":"https:\/\/lequotidien.mr\/index.php?rest_route=%2Fwp%2Fv2%2Fmedia&parent=19567"}],"wp:term":[{"taxonomy":"category","embeddable":true,"href":"https:\/\/lequotidien.mr\/index.php?rest_route=%2Fwp%2Fv2%2Fcategories&post=19567"},{"taxonomy":"post_tag","embeddable":true,"href":"https:\/\/lequotidien.mr\/index.php?rest_route=%2Fwp%2Fv2%2Ftags&post=19567"}],"curies":[{"name":"wp","href":"https:\/\/api.w.org\/{rel}","templated":true}]}}