{"id":19560,"date":"2024-07-07T20:57:57","date_gmt":"2024-07-07T20:57:57","guid":{"rendered":"https:\/\/lequotidien.mr\/?p=19560"},"modified":"2024-07-07T21:04:41","modified_gmt":"2024-07-07T21:04:41","slug":"septieme-session-de-la-reunion-ministerielle-du-comite-technique-specialise-de-lunion-africaine-tunis-le-ministre-de-leconomie-et-du-developpement-durable-represente-la-mauritanie","status":"publish","type":"post","link":"https:\/\/lequotidien.mr\/?p=19560&lang=fr","title":{"rendered":"Septi\u00e8me session de la r\u00e9union minist\u00e9rielle du comit\u00e9 technique sp\u00e9cialis\u00e9 de l\u2019Union Africaine\/Tunis : Le ministre de l\u2019\u00c9conomie et du D\u00e9veloppement durable repr\u00e9sente la Mauritanie"},"content":{"rendered":"<p style=\"margin-bottom: .0001pt;\">Le ministre de l\u2019\u00c9conomie et du D\u00e9veloppement durable, M. Abdessalam Mohamed Salah, a particip\u00e9, hier, \u00e0 la septi\u00e8me session de la r\u00e9union minist\u00e9rielle du comit\u00e9 technique sp\u00e9cialis\u00e9 de l\u2019Union Africaine. Cet \u00e9v\u00e9nement, qui s&#8217;est tenu \u00e0 Tunis du 3 au 5 juillet, a r\u00e9uni des repr\u00e9sentants de divers pays africains pour discuter des affaires financi\u00e8res et mon\u00e9taires, ainsi que de la planification \u00e9conomique et de l&#8217;int\u00e9gration r\u00e9gionale.<\/p>\n<p>&nbsp;<\/p>\n<p style=\"margin-bottom: .0001pt;\">Sous le th\u00e8me ambitieux \u00ab Renforcer la coordination des politiques macro\u00e9conomiques et sectorielles en Afrique : d\u00e9fis, opportunit\u00e9s et priorit\u00e9s politiques pour une croissance inclusive et un d\u00e9veloppement durable \u00bb, les d\u00e9l\u00e9gu\u00e9s ont abord\u00e9 un large \u00e9ventail de questions cruciales pour l&#8217;avenir \u00e9conomique du continent. Cette session rev\u00eat une importance particuli\u00e8re dans un contexte o\u00f9 l&#8217;Afrique cherche \u00e0 consolider sa croissance tout en garantissant qu&#8217;elle soit inclusive et durable.<\/p>\n<p>&nbsp;<\/p>\n<p style=\"margin-bottom: .0001pt;\">L&#8217;un des principaux objectifs de la r\u00e9union \u00e9tait de faciliter une meilleure coordination entre les politiques \u00e9conomiques nationales et sectorielles \u00e0 travers le continent. Cette coordination est essentielle pour surmonter les d\u00e9fis communs tels que la volatilit\u00e9 des prix des mati\u00e8res premi\u00e8res, les fluctuations mon\u00e9taires et les pressions \u00e9conomiques externes.<\/p>\n<p>&nbsp;<\/p>\n<p style=\"margin-bottom: .0001pt;\">Les participants, comprenant des repr\u00e9sentants de haut niveau de la Mauritanie tels que M. Moustafa Sayed Mohamed, conseiller \u00e9conomique du ministre, et M. Cheikhna Baddad, directeur g\u00e9n\u00e9ral des strat\u00e9gies et politiques de d\u00e9veloppement au minist\u00e8re, ont partag\u00e9 leurs perspectives sur les meilleures pratiques et les politiques prometteuses pour promouvoir une croissance \u00e9conomique robuste et inclusive sur le continent.<\/p>\n<p>&nbsp;<\/p>\n<p style=\"margin-bottom: .0001pt;\">L&#8217;importance de l&#8217;int\u00e9gration r\u00e9gionale a \u00e9galement \u00e9t\u00e9 mise en avant, soulignant que les \u00e9conomies africaines ont beaucoup \u00e0 gagner de la coop\u00e9ration transfrontali\u00e8re et de la mise en commun des ressources. En renfor\u00e7ant les liens \u00e9conomiques et en harmonisant les r\u00e9glementations, l&#8217;Afrique peut cr\u00e9er un environnement propice aux investissements et \u00e0 une croissance durable \u00e0 long terme.<\/p>\n<p>&nbsp;<\/p>\n<p style=\"margin-bottom: .0001pt;\">La session, qui doit cl\u00f4turer ses travaux, ce dimanche 7 juillet 2024, a permis un \u00e9change approfondi et constructif sur les politiques et les strat\u00e9gies \u00e9conomiques. Les d\u00e9l\u00e9gu\u00e9s ont conclu que pour r\u00e9aliser une croissance \u00e9conomique robuste et inclusive, il est imp\u00e9ratif de continuer \u00e0 renforcer la coordination entre les \u00c9tats membres de l&#8217;Union Africaine, tout en tenant compte des sp\u00e9cificit\u00e9s nationales et r\u00e9gionales.<\/p>\n<p>&nbsp;<\/p>\n<p style=\"margin-bottom: .0001pt;\">La septi\u00e8me session du comit\u00e9 technique sp\u00e9cialis\u00e9 de l&#8217;Union Africaine a donc marqu\u00e9 un pas significatif vers une int\u00e9gration \u00e9conomique plus \u00e9troite et une coop\u00e9ration renforc\u00e9e en Afrique. Les conclusions et recommandations de cette r\u00e9union devraient guider les politiques futures visant \u00e0 promouvoir une croissance inclusive et durable \u00e0 travers tout le continent.<\/p>\n","protected":false},"excerpt":{"rendered":"<p>Le ministre de l\u2019\u00c9conomie et du D\u00e9veloppement durable, M. Abdessalam Mohamed Salah, a particip\u00e9, hier, \u00e0 la septi\u00e8me session de la r\u00e9union minist\u00e9rielle du comit\u00e9 technique sp\u00e9cialis\u00e9 de l\u2019Union Africaine. Cet \u00e9v\u00e9nement, qui s&#8217;est tenu \u00e0 Tunis du 3 au 5 juillet, a r\u00e9uni des repr\u00e9sentants de divers pays africains pour discuter des affaires financi\u00e8res&#8230;..<\/p>\n","protected":false},"author":12,"featured_media":19563,"comment_status":"open","ping_status":"open","sticky":false,"template":"","format":"standard","meta":{"footnotes":""},"categories":[23,49],"tags":[],"class_list":["post-19560","post","type-post","status-publish","format-standard","has-post-thumbnail","hentry","category-actualite","category-economie"],"yoast_head":"<!-- This site is optimized with the Yoast SEO plugin v27.5 - https:\/\/yoast.com\/product\/yoast-seo-wordpress\/ -->\n<title>Septi\u00e8me session de la r\u00e9union minist\u00e9rielle du comit\u00e9 technique sp\u00e9cialis\u00e9 de l\u2019Union Africaine\/Tunis : Le ministre de l\u2019\u00c9conomie et du D\u00e9veloppement durable repr\u00e9sente la Mauritanie - Le Quotidien de Nouakchott<\/title>\n<meta name=\"robots\" content=\"index, follow, max-snippet:-1, max-image-preview:large, max-video-preview:-1\" \/>\n<link rel=\"canonical\" href=\"https:\/\/lequotidien.mr\/?p=19560&lang=fr\" \/>\n<meta property=\"og:locale\" content=\"ar_AR\" \/>\n<meta property=\"og:type\" content=\"article\" \/>\n<meta property=\"og:title\" content=\"Septi\u00e8me session de la r\u00e9union minist\u00e9rielle du comit\u00e9 technique sp\u00e9cialis\u00e9 de l\u2019Union Africaine\/Tunis : Le ministre de l\u2019\u00c9conomie et du D\u00e9veloppement durable repr\u00e9sente la Mauritanie - Le Quotidien de Nouakchott\" \/>\n<meta property=\"og:description\" content=\"Le ministre de l\u2019\u00c9conomie et du D\u00e9veloppement durable, M. Abdessalam Mohamed Salah, a particip\u00e9, hier, \u00e0 la septi\u00e8me session de la r\u00e9union minist\u00e9rielle du comit\u00e9 technique sp\u00e9cialis\u00e9 de l\u2019Union Africaine. Cet \u00e9v\u00e9nement, qui s&#8217;est tenu \u00e0 Tunis du 3 au 5 juillet, a r\u00e9uni des repr\u00e9sentants de divers pays africains pour discuter des affaires financi\u00e8res.....\" \/>\n<meta property=\"og:url\" content=\"https:\/\/lequotidien.mr\/?p=19560&amp;lang=fr\" \/>\n<meta property=\"og:site_name\" content=\"Le Quotidien de Nouakchott\" \/>\n<meta property=\"article:publisher\" content=\"https:\/\/web.facebook.com\/lequotidienmr\" \/>\n<meta property=\"article:published_time\" content=\"2024-07-07T20:57:57+00:00\" \/>\n<meta property=\"article:modified_time\" content=\"2024-07-07T21:04:41+00:00\" \/>\n<meta property=\"og:image\" content=\"https:\/\/lequotidien.mr\/wp-content\/uploads\/2024\/07\/photo-Ministre-EDD-UA-Tunis-2.jpg\" \/>\n\t<meta property=\"og:image:width\" content=\"800\" \/>\n\t<meta property=\"og:image:height\" content=\"451\" \/>\n\t<meta property=\"og:image:type\" content=\"image\/jpeg\" \/>\n<meta name=\"author\" content=\"Med Ahmed\" \/>\n<meta name=\"twitter:card\" content=\"summary_large_image\" \/>\n<meta name=\"twitter:creator\" content=\"@lequotidienmr\" \/>\n<meta name=\"twitter:site\" content=\"@lequotidienmr\" \/>\n<meta name=\"twitter:label1\" content=\"\u0643\u064f\u062a\u0628 \u0628\u0648\u0627\u0633\u0637\u0629\" \/>\n\t<meta name=\"twitter:data1\" content=\"Med Ahmed\" \/>\n\t<meta name=\"twitter:label2\" content=\"\u0648\u0642\u062a \u0627\u0644\u0642\u0631\u0627\u0621\u0629 \u0627\u0644\u0645\u064f\u0642\u062f\u0651\u0631\" \/>\n\t<meta name=\"twitter:data2\" content=\"3 \u062f\u0642\u0627\u0626\u0642\" \/>\n<script type=\"application\/ld+json\" class=\"yoast-schema-graph\">{\"@context\":\"https:\\\/\\\/schema.org\",\"@graph\":[{\"@type\":\"Article\",\"@id\":\"https:\\\/\\\/lequotidien.mr\\\/?p=19560&lang=fr#article\",\"isPartOf\":{\"@id\":\"https:\\\/\\\/lequotidien.mr\\\/?p=19560&lang=fr\"},\"author\":{\"name\":\"Med Ahmed\",\"@id\":\"https:\\\/\\\/lequotidien.mr\\\/#\\\/schema\\\/person\\\/d2d350202a4d599685ed8abc25f97596\"},\"headline\":\"Septi\u00e8me session de la r\u00e9union minist\u00e9rielle du comit\u00e9 technique sp\u00e9cialis\u00e9 de l\u2019Union Africaine\\\/Tunis : Le ministre de l\u2019\u00c9conomie et du D\u00e9veloppement durable repr\u00e9sente la Mauritanie\",\"datePublished\":\"2024-07-07T20:57:57+00:00\",\"dateModified\":\"2024-07-07T21:04:41+00:00\",\"mainEntityOfPage\":{\"@id\":\"https:\\\/\\\/lequotidien.mr\\\/?p=19560&lang=fr\"},\"wordCount\":510,\"commentCount\":0,\"publisher\":{\"@id\":\"https:\\\/\\\/lequotidien.mr\\\/#organization\"},\"image\":{\"@id\":\"https:\\\/\\\/lequotidien.mr\\\/?p=19560&lang=fr#primaryimage\"},\"thumbnailUrl\":\"https:\\\/\\\/lequotidien.mr\\\/wp-content\\\/uploads\\\/2024\\\/07\\\/photo-Ministre-EDD-UA-Tunis-2.jpg\",\"articleSection\":[\"ACTUALIT\u00c9\",\"Economie\"],\"inLanguage\":\"ar\",\"potentialAction\":[{\"@type\":\"CommentAction\",\"name\":\"Comment\",\"target\":[\"https:\\\/\\\/lequotidien.mr\\\/?p=19560&lang=fr#respond\"]}]},{\"@type\":\"WebPage\",\"@id\":\"https:\\\/\\\/lequotidien.mr\\\/?p=19560&lang=fr\",\"url\":\"https:\\\/\\\/lequotidien.mr\\\/?p=19560&lang=fr\",\"name\":\"Septi\u00e8me session de la r\u00e9union minist\u00e9rielle du comit\u00e9 technique sp\u00e9cialis\u00e9 de l\u2019Union Africaine\\\/Tunis : Le ministre de l\u2019\u00c9conomie et du D\u00e9veloppement durable repr\u00e9sente la Mauritanie - Le Quotidien de Nouakchott\",\"isPartOf\":{\"@id\":\"https:\\\/\\\/lequotidien.mr\\\/#website\"},\"primaryImageOfPage\":{\"@id\":\"https:\\\/\\\/lequotidien.mr\\\/?p=19560&lang=fr#primaryimage\"},\"image\":{\"@id\":\"https:\\\/\\\/lequotidien.mr\\\/?p=19560&lang=fr#primaryimage\"},\"thumbnailUrl\":\"https:\\\/\\\/lequotidien.mr\\\/wp-content\\\/uploads\\\/2024\\\/07\\\/photo-Ministre-EDD-UA-Tunis-2.jpg\",\"datePublished\":\"2024-07-07T20:57:57+00:00\",\"dateModified\":\"2024-07-07T21:04:41+00:00\",\"breadcrumb\":{\"@id\":\"https:\\\/\\\/lequotidien.mr\\\/?p=19560&lang=fr#breadcrumb\"},\"inLanguage\":\"ar\",\"potentialAction\":[{\"@type\":\"ReadAction\",\"target\":[\"https:\\\/\\\/lequotidien.mr\\\/?p=19560&lang=fr\"]}]},{\"@type\":\"ImageObject\",\"inLanguage\":\"ar\",\"@id\":\"https:\\\/\\\/lequotidien.mr\\\/?p=19560&lang=fr#primaryimage\",\"url\":\"https:\\\/\\\/lequotidien.mr\\\/wp-content\\\/uploads\\\/2024\\\/07\\\/photo-Ministre-EDD-UA-Tunis-2.jpg\",\"contentUrl\":\"https:\\\/\\\/lequotidien.mr\\\/wp-content\\\/uploads\\\/2024\\\/07\\\/photo-Ministre-EDD-UA-Tunis-2.jpg\",\"width\":800,\"height\":451},{\"@type\":\"BreadcrumbList\",\"@id\":\"https:\\\/\\\/lequotidien.mr\\\/?p=19560&lang=fr#breadcrumb\",\"itemListElement\":[{\"@type\":\"ListItem\",\"position\":1,\"name\":\"Home\",\"item\":\"https:\\\/\\\/lequotidien.mr\\\/\"},{\"@type\":\"ListItem\",\"position\":2,\"name\":\"Septi\u00e8me session de la r\u00e9union minist\u00e9rielle du comit\u00e9 technique sp\u00e9cialis\u00e9 de l\u2019Union Africaine\\\/Tunis : Le ministre de l\u2019\u00c9conomie et du D\u00e9veloppement durable repr\u00e9sente la Mauritanie\"}]},{\"@type\":\"WebSite\",\"@id\":\"https:\\\/\\\/lequotidien.mr\\\/#website\",\"url\":\"https:\\\/\\\/lequotidien.mr\\\/\",\"name\":\"Le Quotidien de Nouakchott\",\"description\":\"\u0625\u062e\u0628\u0627\u0631\u064a\u0629 \u0645\u0633\u062a\u0642\u0644\u0629 \u0644\u0644\u0623\u0646\u0628\u0627\u0621 \u0627\u0644\u0639\u0627\u0645\u0629\",\"publisher\":{\"@id\":\"https:\\\/\\\/lequotidien.mr\\\/#organization\"},\"potentialAction\":[{\"@type\":\"SearchAction\",\"target\":{\"@type\":\"EntryPoint\",\"urlTemplate\":\"https:\\\/\\\/lequotidien.mr\\\/?s={search_term_string}\"},\"query-input\":{\"@type\":\"PropertyValueSpecification\",\"valueRequired\":true,\"valueName\":\"search_term_string\"}}],\"inLanguage\":\"ar\"},{\"@type\":\"Organization\",\"@id\":\"https:\\\/\\\/lequotidien.mr\\\/#organization\",\"name\":\"Le Quotidien de Nouakchott\",\"url\":\"https:\\\/\\\/lequotidien.mr\\\/\",\"logo\":{\"@type\":\"ImageObject\",\"inLanguage\":\"ar\",\"@id\":\"https:\\\/\\\/lequotidien.mr\\\/#\\\/schema\\\/logo\\\/image\\\/\",\"url\":\"https:\\\/\\\/lequotidien.mr\\\/wp-content\\\/uploads\\\/2022\\\/11\\\/logolequotidien.jpg\",\"contentUrl\":\"https:\\\/\\\/lequotidien.mr\\\/wp-content\\\/uploads\\\/2022\\\/11\\\/logolequotidien.jpg\",\"width\":290,\"height\":65,\"caption\":\"Le Quotidien de Nouakchott\"},\"image\":{\"@id\":\"https:\\\/\\\/lequotidien.mr\\\/#\\\/schema\\\/logo\\\/image\\\/\"},\"sameAs\":[\"https:\\\/\\\/web.facebook.com\\\/lequotidienmr\",\"https:\\\/\\\/x.com\\\/lequotidienmr\"]},{\"@type\":\"Person\",\"@id\":\"https:\\\/\\\/lequotidien.mr\\\/#\\\/schema\\\/person\\\/d2d350202a4d599685ed8abc25f97596\",\"name\":\"Med Ahmed\",\"image\":{\"@type\":\"ImageObject\",\"inLanguage\":\"ar\",\"@id\":\"https:\\\/\\\/secure.gravatar.com\\\/avatar\\\/fd2acc62ed50732923d1d39c17172c9b04149f142be92310ecc69e1358f94b52?s=96&d=mm&r=g\",\"url\":\"https:\\\/\\\/secure.gravatar.com\\\/avatar\\\/fd2acc62ed50732923d1d39c17172c9b04149f142be92310ecc69e1358f94b52?s=96&d=mm&r=g\",\"contentUrl\":\"https:\\\/\\\/secure.gravatar.com\\\/avatar\\\/fd2acc62ed50732923d1d39c17172c9b04149f142be92310ecc69e1358f94b52?s=96&d=mm&r=g\",\"caption\":\"Med Ahmed\"},\"url\":\"https:\\\/\\\/lequotidien.mr\\\/?author=12\"}]}<\/script>\n<!-- \/ Yoast SEO plugin. -->","yoast_head_json":{"title":"Septi\u00e8me session de la r\u00e9union minist\u00e9rielle du comit\u00e9 technique sp\u00e9cialis\u00e9 de l\u2019Union Africaine\/Tunis : Le ministre de l\u2019\u00c9conomie et du D\u00e9veloppement durable repr\u00e9sente la Mauritanie - Le Quotidien de Nouakchott","robots":{"index":"index","follow":"follow","max-snippet":"max-snippet:-1","max-image-preview":"max-image-preview:large","max-video-preview":"max-video-preview:-1"},"canonical":"https:\/\/lequotidien.mr\/?p=19560&lang=fr","og_locale":"ar_AR","og_type":"article","og_title":"Septi\u00e8me session de la r\u00e9union minist\u00e9rielle du comit\u00e9 technique sp\u00e9cialis\u00e9 de l\u2019Union Africaine\/Tunis : Le ministre de l\u2019\u00c9conomie et du D\u00e9veloppement durable repr\u00e9sente la Mauritanie - Le Quotidien de Nouakchott","og_description":"Le ministre de l\u2019\u00c9conomie et du D\u00e9veloppement durable, M. Abdessalam Mohamed Salah, a particip\u00e9, hier, \u00e0 la septi\u00e8me session de la r\u00e9union minist\u00e9rielle du comit\u00e9 technique sp\u00e9cialis\u00e9 de l\u2019Union Africaine. Cet \u00e9v\u00e9nement, qui s&#8217;est tenu \u00e0 Tunis du 3 au 5 juillet, a r\u00e9uni des repr\u00e9sentants de divers pays africains pour discuter des affaires financi\u00e8res.....","og_url":"https:\/\/lequotidien.mr\/?p=19560&lang=fr","og_site_name":"Le Quotidien de Nouakchott","article_publisher":"https:\/\/web.facebook.com\/lequotidienmr","article_published_time":"2024-07-07T20:57:57+00:00","article_modified_time":"2024-07-07T21:04:41+00:00","og_image":[{"width":800,"height":451,"url":"https:\/\/lequotidien.mr\/wp-content\/uploads\/2024\/07\/photo-Ministre-EDD-UA-Tunis-2.jpg","type":"image\/jpeg"}],"author":"Med Ahmed","twitter_card":"summary_large_image","twitter_creator":"@lequotidienmr","twitter_site":"@lequotidienmr","twitter_misc":{"\u0643\u064f\u062a\u0628 \u0628\u0648\u0627\u0633\u0637\u0629":"Med Ahmed","\u0648\u0642\u062a \u0627\u0644\u0642\u0631\u0627\u0621\u0629 \u0627\u0644\u0645\u064f\u0642\u062f\u0651\u0631":"3 \u062f\u0642\u0627\u0626\u0642"},"schema":{"@context":"https:\/\/schema.org","@graph":[{"@type":"Article","@id":"https:\/\/lequotidien.mr\/?p=19560&lang=fr#article","isPartOf":{"@id":"https:\/\/lequotidien.mr\/?p=19560&lang=fr"},"author":{"name":"Med Ahmed","@id":"https:\/\/lequotidien.mr\/#\/schema\/person\/d2d350202a4d599685ed8abc25f97596"},"headline":"Septi\u00e8me session de la r\u00e9union minist\u00e9rielle du comit\u00e9 technique sp\u00e9cialis\u00e9 de l\u2019Union Africaine\/Tunis : Le ministre de l\u2019\u00c9conomie et du D\u00e9veloppement durable repr\u00e9sente la Mauritanie","datePublished":"2024-07-07T20:57:57+00:00","dateModified":"2024-07-07T21:04:41+00:00","mainEntityOfPage":{"@id":"https:\/\/lequotidien.mr\/?p=19560&lang=fr"},"wordCount":510,"commentCount":0,"publisher":{"@id":"https:\/\/lequotidien.mr\/#organization"},"image":{"@id":"https:\/\/lequotidien.mr\/?p=19560&lang=fr#primaryimage"},"thumbnailUrl":"https:\/\/lequotidien.mr\/wp-content\/uploads\/2024\/07\/photo-Ministre-EDD-UA-Tunis-2.jpg","articleSection":["ACTUALIT\u00c9","Economie"],"inLanguage":"ar","potentialAction":[{"@type":"CommentAction","name":"Comment","target":["https:\/\/lequotidien.mr\/?p=19560&lang=fr#respond"]}]},{"@type":"WebPage","@id":"https:\/\/lequotidien.mr\/?p=19560&lang=fr","url":"https:\/\/lequotidien.mr\/?p=19560&lang=fr","name":"Septi\u00e8me session de la r\u00e9union minist\u00e9rielle du comit\u00e9 technique sp\u00e9cialis\u00e9 de l\u2019Union Africaine\/Tunis : Le ministre de l\u2019\u00c9conomie et du D\u00e9veloppement durable repr\u00e9sente la Mauritanie - Le Quotidien de Nouakchott","isPartOf":{"@id":"https:\/\/lequotidien.mr\/#website"},"primaryImageOfPage":{"@id":"https:\/\/lequotidien.mr\/?p=19560&lang=fr#primaryimage"},"image":{"@id":"https:\/\/lequotidien.mr\/?p=19560&lang=fr#primaryimage"},"thumbnailUrl":"https:\/\/lequotidien.mr\/wp-content\/uploads\/2024\/07\/photo-Ministre-EDD-UA-Tunis-2.jpg","datePublished":"2024-07-07T20:57:57+00:00","dateModified":"2024-07-07T21:04:41+00:00","breadcrumb":{"@id":"https:\/\/lequotidien.mr\/?p=19560&lang=fr#breadcrumb"},"inLanguage":"ar","potentialAction":[{"@type":"ReadAction","target":["https:\/\/lequotidien.mr\/?p=19560&lang=fr"]}]},{"@type":"ImageObject","inLanguage":"ar","@id":"https:\/\/lequotidien.mr\/?p=19560&lang=fr#primaryimage","url":"https:\/\/lequotidien.mr\/wp-content\/uploads\/2024\/07\/photo-Ministre-EDD-UA-Tunis-2.jpg","contentUrl":"https:\/\/lequotidien.mr\/wp-content\/uploads\/2024\/07\/photo-Ministre-EDD-UA-Tunis-2.jpg","width":800,"height":451},{"@type":"BreadcrumbList","@id":"https:\/\/lequotidien.mr\/?p=19560&lang=fr#breadcrumb","itemListElement":[{"@type":"ListItem","position":1,"name":"Home","item":"https:\/\/lequotidien.mr\/"},{"@type":"ListItem","position":2,"name":"Septi\u00e8me session de la r\u00e9union minist\u00e9rielle du comit\u00e9 technique sp\u00e9cialis\u00e9 de l\u2019Union Africaine\/Tunis : Le ministre de l\u2019\u00c9conomie et du D\u00e9veloppement durable repr\u00e9sente la Mauritanie"}]},{"@type":"WebSite","@id":"https:\/\/lequotidien.mr\/#website","url":"https:\/\/lequotidien.mr\/","name":"Le Quotidien de Nouakchott","description":"\u0625\u062e\u0628\u0627\u0631\u064a\u0629 \u0645\u0633\u062a\u0642\u0644\u0629 \u0644\u0644\u0623\u0646\u0628\u0627\u0621 \u0627\u0644\u0639\u0627\u0645\u0629","publisher":{"@id":"https:\/\/lequotidien.mr\/#organization"},"potentialAction":[{"@type":"SearchAction","target":{"@type":"EntryPoint","urlTemplate":"https:\/\/lequotidien.mr\/?s={search_term_string}"},"query-input":{"@type":"PropertyValueSpecification","valueRequired":true,"valueName":"search_term_string"}}],"inLanguage":"ar"},{"@type":"Organization","@id":"https:\/\/lequotidien.mr\/#organization","name":"Le Quotidien de Nouakchott","url":"https:\/\/lequotidien.mr\/","logo":{"@type":"ImageObject","inLanguage":"ar","@id":"https:\/\/lequotidien.mr\/#\/schema\/logo\/image\/","url":"https:\/\/lequotidien.mr\/wp-content\/uploads\/2022\/11\/logolequotidien.jpg","contentUrl":"https:\/\/lequotidien.mr\/wp-content\/uploads\/2022\/11\/logolequotidien.jpg","width":290,"height":65,"caption":"Le Quotidien de Nouakchott"},"image":{"@id":"https:\/\/lequotidien.mr\/#\/schema\/logo\/image\/"},"sameAs":["https:\/\/web.facebook.com\/lequotidienmr","https:\/\/x.com\/lequotidienmr"]},{"@type":"Person","@id":"https:\/\/lequotidien.mr\/#\/schema\/person\/d2d350202a4d599685ed8abc25f97596","name":"Med Ahmed","image":{"@type":"ImageObject","inLanguage":"ar","@id":"https:\/\/secure.gravatar.com\/avatar\/fd2acc62ed50732923d1d39c17172c9b04149f142be92310ecc69e1358f94b52?s=96&d=mm&r=g","url":"https:\/\/secure.gravatar.com\/avatar\/fd2acc62ed50732923d1d39c17172c9b04149f142be92310ecc69e1358f94b52?s=96&d=mm&r=g","contentUrl":"https:\/\/secure.gravatar.com\/avatar\/fd2acc62ed50732923d1d39c17172c9b04149f142be92310ecc69e1358f94b52?s=96&d=mm&r=g","caption":"Med Ahmed"},"url":"https:\/\/lequotidien.mr\/?author=12"}]}},"_links":{"self":[{"href":"https:\/\/lequotidien.mr\/index.php?rest_route=\/wp\/v2\/posts\/19560","targetHints":{"allow":["GET"]}}],"collection":[{"href":"https:\/\/lequotidien.mr\/index.php?rest_route=\/wp\/v2\/posts"}],"about":[{"href":"https:\/\/lequotidien.mr\/index.php?rest_route=\/wp\/v2\/types\/post"}],"author":[{"embeddable":true,"href":"https:\/\/lequotidien.mr\/index.php?rest_route=\/wp\/v2\/users\/12"}],"replies":[{"embeddable":true,"href":"https:\/\/lequotidien.mr\/index.php?rest_route=%2Fwp%2Fv2%2Fcomments&post=19560"}],"version-history":[{"count":3,"href":"https:\/\/lequotidien.mr\/index.php?rest_route=\/wp\/v2\/posts\/19560\/revisions"}],"predecessor-version":[{"id":19566,"href":"https:\/\/lequotidien.mr\/index.php?rest_route=\/wp\/v2\/posts\/19560\/revisions\/19566"}],"wp:featuredmedia":[{"embeddable":true,"href":"https:\/\/lequotidien.mr\/index.php?rest_route=\/wp\/v2\/media\/19563"}],"wp:attachment":[{"href":"https:\/\/lequotidien.mr\/index.php?rest_route=%2Fwp%2Fv2%2Fmedia&parent=19560"}],"wp:term":[{"taxonomy":"category","embeddable":true,"href":"https:\/\/lequotidien.mr\/index.php?rest_route=%2Fwp%2Fv2%2Fcategories&post=19560"},{"taxonomy":"post_tag","embeddable":true,"href":"https:\/\/lequotidien.mr\/index.php?rest_route=%2Fwp%2Fv2%2Ftags&post=19560"}],"curies":[{"name":"wp","href":"https:\/\/api.w.org\/{rel}","templated":true}]}}