{"id":19451,"date":"2024-07-02T18:24:04","date_gmt":"2024-07-02T18:24:04","guid":{"rendered":"https:\/\/lequotidien.mr\/?p=19451"},"modified":"2024-07-02T18:24:04","modified_gmt":"2024-07-02T18:24:04","slug":"deces-de-trois-detenus-a-kaedi-reaction-du-ministere-de-linterieur-et-de-la-decentralisation","status":"publish","type":"post","link":"https:\/\/lequotidien.mr\/?p=19451&lang=fr","title":{"rendered":"\u00a0D\u00e9c\u00e8s de Trois D\u00e9tenus \u00e0 Ka\u00e9di : R\u00e9action du Minist\u00e8re de l&#8217;Int\u00e9rieur et de la D\u00e9centralisation"},"content":{"rendered":"<p>Dans un communiqu\u00e9 publi\u00e9 mardi, le minist\u00e8re de l&#8217;Int\u00e9rieur et de la D\u00e9centralisation a annonc\u00e9 le d\u00e9c\u00e8s de trois d\u00e9tenus \u00e0 la suite des actes de pillage et de vandalisme survenus dans la ville de Ka\u00e9di. Ces incidents ont eu lieu tard dans la nuit de lundi \u00e0 mardi et ont cibl\u00e9 des citoyens pacifiques, des biens, des installations publiques et les forces de s\u00e9curit\u00e9 locales.<\/p>\n<p>Le communiqu\u00e9 d\u00e9taille les \u00e9v\u00e9nements tragiques :<\/p>\n<p>&#8220;Tard dans la nuit du lundi \u00e0 mardi, la ville de Ka\u00e9di a \u00e9t\u00e9 le th\u00e9\u00e2tre d\u2019actes violents de pillage et de vandalisme visant des citoyens pacifiques, des biens, des installations publiques et des forces de s\u00e9curit\u00e9 dans la ville les obligeant \u00e0 les affronter et \u00e0 arr\u00eater certains groupes d\u2019\u00e9meutiers en flagrant d\u00e9lit.<\/p>\n<p>En raison de l\u2019effet de surprise, de l\u2019heure tardive et du nombre \u00e9lev\u00e9 de manifestants, et dans l\u2019objectif de contr\u00f4ler la situation, les unit\u00e9s de s\u00e9curit\u00e9 ont \u00e9t\u00e9 forc\u00e9es de d\u00e9tenir les \u00e9meutiers arr\u00eat\u00e9s dans les lieux de d\u00e9tention disponibles.<\/p>\n<p>Dans ces circonstances, trois manifestants sont malheureusement d\u00e9c\u00e9d\u00e9s, deux d\u2019entre eux en pr\u00e9sence de leurs cod\u00e9tenus et dans le lieu de d\u00e9tention, tandis que le troisi\u00e8me est d\u00e9c\u00e9d\u00e9 plus tard \u00e0 l\u2019h\u00f4pital.&#8221;<\/p>\n<p>Le minist\u00e8re exprime ses condol\u00e9ances aux familles des d\u00e9funts et souhaite un prompt r\u00e9tablissement aux deux agents de s\u00e9curit\u00e9 bless\u00e9s, dont l&#8217;un est en soins intensifs et l&#8217;autre gravement bless\u00e9.<\/p>\n<p>Le minist\u00e8re assure \u00e9galement le public qu&#8217;une enqu\u00eate transparente et approfondie sera men\u00e9e sous le contr\u00f4le de la justice pour d\u00e9terminer les causes et les circonstances des d\u00e9c\u00e8s. Les r\u00e9sultats de cette enqu\u00eate seront rendus publics dans les meilleurs d\u00e9lais.<\/p>\n<p>Ce communiqu\u00e9 souligne l&#8217;engagement des autorit\u00e9s \u00e0 faire toute la lumi\u00e8re sur cet incident tragique et \u00e0 prendre les mesures n\u00e9cessaires pour pr\u00e9venir de tels \u00e9v\u00e9nements \u00e0 l&#8217;avenir.<\/p>\n","protected":false},"excerpt":{"rendered":"<p>Dans un communiqu\u00e9 publi\u00e9 mardi, le minist\u00e8re de l&#8217;Int\u00e9rieur et de la D\u00e9centralisation a annonc\u00e9 le d\u00e9c\u00e8s de trois d\u00e9tenus \u00e0 la suite des actes de pillage et de vandalisme survenus dans la ville de Ka\u00e9di. Ces incidents ont eu lieu tard dans la nuit de lundi \u00e0 mardi et ont cibl\u00e9 des citoyens pacifiques,&#8230;..<\/p>\n","protected":false},"author":4,"featured_media":19452,"comment_status":"open","ping_status":"open","sticky":false,"template":"","format":"standard","meta":{"footnotes":""},"categories":[23,57,53],"tags":[],"class_list":["post-19451","post","type-post","status-publish","format-standard","has-post-thumbnail","hentry","category-actualite","category-couverture-specilale","category-faits-divers"],"yoast_head":"<!-- This site is optimized with the Yoast SEO plugin v27.5 - https:\/\/yoast.com\/product\/yoast-seo-wordpress\/ -->\n<title>\u00a0D\u00e9c\u00e8s de Trois D\u00e9tenus \u00e0 Ka\u00e9di : R\u00e9action du Minist\u00e8re de l&#039;Int\u00e9rieur et de la D\u00e9centralisation - Le Quotidien de Nouakchott<\/title>\n<meta name=\"robots\" content=\"index, follow, max-snippet:-1, max-image-preview:large, max-video-preview:-1\" \/>\n<link rel=\"canonical\" href=\"https:\/\/lequotidien.mr\/?p=19451&lang=fr\" \/>\n<meta property=\"og:locale\" content=\"ar_AR\" \/>\n<meta property=\"og:type\" content=\"article\" \/>\n<meta property=\"og:title\" content=\"\u00a0D\u00e9c\u00e8s de Trois D\u00e9tenus \u00e0 Ka\u00e9di : R\u00e9action du Minist\u00e8re de l&#039;Int\u00e9rieur et de la D\u00e9centralisation - Le Quotidien de Nouakchott\" \/>\n<meta property=\"og:description\" content=\"Dans un communiqu\u00e9 publi\u00e9 mardi, le minist\u00e8re de l&#8217;Int\u00e9rieur et de la D\u00e9centralisation a annonc\u00e9 le d\u00e9c\u00e8s de trois d\u00e9tenus \u00e0 la suite des actes de pillage et de vandalisme survenus dans la ville de Ka\u00e9di. Ces incidents ont eu lieu tard dans la nuit de lundi \u00e0 mardi et ont cibl\u00e9 des citoyens pacifiques,.....\" \/>\n<meta property=\"og:url\" content=\"https:\/\/lequotidien.mr\/?p=19451&amp;lang=fr\" \/>\n<meta property=\"og:site_name\" content=\"Le Quotidien de Nouakchott\" \/>\n<meta property=\"article:publisher\" content=\"https:\/\/web.facebook.com\/lequotidienmr\" \/>\n<meta property=\"article:published_time\" content=\"2024-07-02T18:24:04+00:00\" \/>\n<meta property=\"og:image\" content=\"https:\/\/lequotidien.mr\/wp-content\/uploads\/2024\/07\/\u0648\u0632\u0627\u0631\u0629-\u0627\u0644\u062f\u0627\u062e\u0644\u064a\u0629-750x430-1.jpg\" \/>\n\t<meta property=\"og:image:width\" content=\"750\" \/>\n\t<meta property=\"og:image:height\" content=\"430\" \/>\n\t<meta property=\"og:image:type\" content=\"image\/jpeg\" \/>\n<meta name=\"author\" content=\"Le Quotidien\" \/>\n<meta name=\"twitter:card\" content=\"summary_large_image\" \/>\n<meta name=\"twitter:creator\" content=\"@lequotidienmr\" \/>\n<meta name=\"twitter:site\" content=\"@lequotidienmr\" \/>\n<meta name=\"twitter:label1\" content=\"\u0643\u064f\u062a\u0628 \u0628\u0648\u0627\u0633\u0637\u0629\" \/>\n\t<meta name=\"twitter:data1\" content=\"Le Quotidien\" \/>\n\t<meta name=\"twitter:label2\" content=\"\u0648\u0642\u062a \u0627\u0644\u0642\u0631\u0627\u0621\u0629 \u0627\u0644\u0645\u064f\u0642\u062f\u0651\u0631\" \/>\n\t<meta name=\"twitter:data2\" content=\"\u062f\u0642\u064a\u0642\u062a\u0627\u0646\" \/>\n<script type=\"application\/ld+json\" class=\"yoast-schema-graph\">{\"@context\":\"https:\\\/\\\/schema.org\",\"@graph\":[{\"@type\":\"Article\",\"@id\":\"https:\\\/\\\/lequotidien.mr\\\/?p=19451&lang=fr#article\",\"isPartOf\":{\"@id\":\"https:\\\/\\\/lequotidien.mr\\\/?p=19451&lang=fr\"},\"author\":{\"name\":\"Le Quotidien\",\"@id\":\"https:\\\/\\\/lequotidien.mr\\\/#\\\/schema\\\/person\\\/f90fcdaa970c60288de4ed2e64a56472\"},\"headline\":\"\u00a0D\u00e9c\u00e8s de Trois D\u00e9tenus \u00e0 Ka\u00e9di : R\u00e9action du Minist\u00e8re de l&#8217;Int\u00e9rieur et de la D\u00e9centralisation\",\"datePublished\":\"2024-07-02T18:24:04+00:00\",\"mainEntityOfPage\":{\"@id\":\"https:\\\/\\\/lequotidien.mr\\\/?p=19451&lang=fr\"},\"wordCount\":377,\"commentCount\":0,\"publisher\":{\"@id\":\"https:\\\/\\\/lequotidien.mr\\\/#organization\"},\"image\":{\"@id\":\"https:\\\/\\\/lequotidien.mr\\\/?p=19451&lang=fr#primaryimage\"},\"thumbnailUrl\":\"https:\\\/\\\/lequotidien.mr\\\/wp-content\\\/uploads\\\/2024\\\/07\\\/\u0648\u0632\u0627\u0631\u0629-\u0627\u0644\u062f\u0627\u062e\u0644\u064a\u0629-750x430-1.jpg\",\"articleSection\":[\"ACTUALIT\u00c9\",\"Couverture sp\u00e9cilale\",\"FAITS DIVERS\"],\"inLanguage\":\"ar\",\"potentialAction\":[{\"@type\":\"CommentAction\",\"name\":\"Comment\",\"target\":[\"https:\\\/\\\/lequotidien.mr\\\/?p=19451&lang=fr#respond\"]}]},{\"@type\":\"WebPage\",\"@id\":\"https:\\\/\\\/lequotidien.mr\\\/?p=19451&lang=fr\",\"url\":\"https:\\\/\\\/lequotidien.mr\\\/?p=19451&lang=fr\",\"name\":\"\u00a0D\u00e9c\u00e8s de Trois D\u00e9tenus \u00e0 Ka\u00e9di : R\u00e9action du Minist\u00e8re de l'Int\u00e9rieur et de la D\u00e9centralisation - Le Quotidien de Nouakchott\",\"isPartOf\":{\"@id\":\"https:\\\/\\\/lequotidien.mr\\\/#website\"},\"primaryImageOfPage\":{\"@id\":\"https:\\\/\\\/lequotidien.mr\\\/?p=19451&lang=fr#primaryimage\"},\"image\":{\"@id\":\"https:\\\/\\\/lequotidien.mr\\\/?p=19451&lang=fr#primaryimage\"},\"thumbnailUrl\":\"https:\\\/\\\/lequotidien.mr\\\/wp-content\\\/uploads\\\/2024\\\/07\\\/\u0648\u0632\u0627\u0631\u0629-\u0627\u0644\u062f\u0627\u062e\u0644\u064a\u0629-750x430-1.jpg\",\"datePublished\":\"2024-07-02T18:24:04+00:00\",\"breadcrumb\":{\"@id\":\"https:\\\/\\\/lequotidien.mr\\\/?p=19451&lang=fr#breadcrumb\"},\"inLanguage\":\"ar\",\"potentialAction\":[{\"@type\":\"ReadAction\",\"target\":[\"https:\\\/\\\/lequotidien.mr\\\/?p=19451&lang=fr\"]}]},{\"@type\":\"ImageObject\",\"inLanguage\":\"ar\",\"@id\":\"https:\\\/\\\/lequotidien.mr\\\/?p=19451&lang=fr#primaryimage\",\"url\":\"https:\\\/\\\/lequotidien.mr\\\/wp-content\\\/uploads\\\/2024\\\/07\\\/\u0648\u0632\u0627\u0631\u0629-\u0627\u0644\u062f\u0627\u062e\u0644\u064a\u0629-750x430-1.jpg\",\"contentUrl\":\"https:\\\/\\\/lequotidien.mr\\\/wp-content\\\/uploads\\\/2024\\\/07\\\/\u0648\u0632\u0627\u0631\u0629-\u0627\u0644\u062f\u0627\u062e\u0644\u064a\u0629-750x430-1.jpg\",\"width\":750,\"height\":430},{\"@type\":\"BreadcrumbList\",\"@id\":\"https:\\\/\\\/lequotidien.mr\\\/?p=19451&lang=fr#breadcrumb\",\"itemListElement\":[{\"@type\":\"ListItem\",\"position\":1,\"name\":\"Home\",\"item\":\"https:\\\/\\\/lequotidien.mr\\\/\"},{\"@type\":\"ListItem\",\"position\":2,\"name\":\"\u00a0D\u00e9c\u00e8s de Trois D\u00e9tenus \u00e0 Ka\u00e9di : R\u00e9action du Minist\u00e8re de l&#8217;Int\u00e9rieur et de la D\u00e9centralisation\"}]},{\"@type\":\"WebSite\",\"@id\":\"https:\\\/\\\/lequotidien.mr\\\/#website\",\"url\":\"https:\\\/\\\/lequotidien.mr\\\/\",\"name\":\"Le Quotidien de Nouakchott\",\"description\":\"\u0625\u062e\u0628\u0627\u0631\u064a\u0629 \u0645\u0633\u062a\u0642\u0644\u0629 \u0644\u0644\u0623\u0646\u0628\u0627\u0621 \u0627\u0644\u0639\u0627\u0645\u0629\",\"publisher\":{\"@id\":\"https:\\\/\\\/lequotidien.mr\\\/#organization\"},\"potentialAction\":[{\"@type\":\"SearchAction\",\"target\":{\"@type\":\"EntryPoint\",\"urlTemplate\":\"https:\\\/\\\/lequotidien.mr\\\/?s={search_term_string}\"},\"query-input\":{\"@type\":\"PropertyValueSpecification\",\"valueRequired\":true,\"valueName\":\"search_term_string\"}}],\"inLanguage\":\"ar\"},{\"@type\":\"Organization\",\"@id\":\"https:\\\/\\\/lequotidien.mr\\\/#organization\",\"name\":\"Le Quotidien de Nouakchott\",\"url\":\"https:\\\/\\\/lequotidien.mr\\\/\",\"logo\":{\"@type\":\"ImageObject\",\"inLanguage\":\"ar\",\"@id\":\"https:\\\/\\\/lequotidien.mr\\\/#\\\/schema\\\/logo\\\/image\\\/\",\"url\":\"https:\\\/\\\/lequotidien.mr\\\/wp-content\\\/uploads\\\/2022\\\/11\\\/logolequotidien.jpg\",\"contentUrl\":\"https:\\\/\\\/lequotidien.mr\\\/wp-content\\\/uploads\\\/2022\\\/11\\\/logolequotidien.jpg\",\"width\":290,\"height\":65,\"caption\":\"Le Quotidien de Nouakchott\"},\"image\":{\"@id\":\"https:\\\/\\\/lequotidien.mr\\\/#\\\/schema\\\/logo\\\/image\\\/\"},\"sameAs\":[\"https:\\\/\\\/web.facebook.com\\\/lequotidienmr\",\"https:\\\/\\\/x.com\\\/lequotidienmr\"]},{\"@type\":\"Person\",\"@id\":\"https:\\\/\\\/lequotidien.mr\\\/#\\\/schema\\\/person\\\/f90fcdaa970c60288de4ed2e64a56472\",\"name\":\"Le Quotidien\",\"image\":{\"@type\":\"ImageObject\",\"inLanguage\":\"ar\",\"@id\":\"https:\\\/\\\/secure.gravatar.com\\\/avatar\\\/374cb39a1a458a912465a93e5a3ce6546886fc3da809a1f10c63e4e8fcbca30f?s=96&d=mm&r=g\",\"url\":\"https:\\\/\\\/secure.gravatar.com\\\/avatar\\\/374cb39a1a458a912465a93e5a3ce6546886fc3da809a1f10c63e4e8fcbca30f?s=96&d=mm&r=g\",\"contentUrl\":\"https:\\\/\\\/secure.gravatar.com\\\/avatar\\\/374cb39a1a458a912465a93e5a3ce6546886fc3da809a1f10c63e4e8fcbca30f?s=96&d=mm&r=g\",\"caption\":\"Le Quotidien\"},\"sameAs\":[\"https:\\\/\\\/lequotidien.mr\\\/\"],\"url\":\"https:\\\/\\\/lequotidien.mr\\\/?author=4\"}]}<\/script>\n<!-- \/ Yoast SEO plugin. -->","yoast_head_json":{"title":"\u00a0D\u00e9c\u00e8s de Trois D\u00e9tenus \u00e0 Ka\u00e9di : R\u00e9action du Minist\u00e8re de l'Int\u00e9rieur et de la D\u00e9centralisation - Le Quotidien de Nouakchott","robots":{"index":"index","follow":"follow","max-snippet":"max-snippet:-1","max-image-preview":"max-image-preview:large","max-video-preview":"max-video-preview:-1"},"canonical":"https:\/\/lequotidien.mr\/?p=19451&lang=fr","og_locale":"ar_AR","og_type":"article","og_title":"\u00a0D\u00e9c\u00e8s de Trois D\u00e9tenus \u00e0 Ka\u00e9di : R\u00e9action du Minist\u00e8re de l'Int\u00e9rieur et de la D\u00e9centralisation - Le Quotidien de Nouakchott","og_description":"Dans un communiqu\u00e9 publi\u00e9 mardi, le minist\u00e8re de l&#8217;Int\u00e9rieur et de la D\u00e9centralisation a annonc\u00e9 le d\u00e9c\u00e8s de trois d\u00e9tenus \u00e0 la suite des actes de pillage et de vandalisme survenus dans la ville de Ka\u00e9di. Ces incidents ont eu lieu tard dans la nuit de lundi \u00e0 mardi et ont cibl\u00e9 des citoyens pacifiques,.....","og_url":"https:\/\/lequotidien.mr\/?p=19451&lang=fr","og_site_name":"Le Quotidien de Nouakchott","article_publisher":"https:\/\/web.facebook.com\/lequotidienmr","article_published_time":"2024-07-02T18:24:04+00:00","og_image":[{"width":750,"height":430,"url":"https:\/\/lequotidien.mr\/wp-content\/uploads\/2024\/07\/\u0648\u0632\u0627\u0631\u0629-\u0627\u0644\u062f\u0627\u062e\u0644\u064a\u0629-750x430-1.jpg","type":"image\/jpeg"}],"author":"Le Quotidien","twitter_card":"summary_large_image","twitter_creator":"@lequotidienmr","twitter_site":"@lequotidienmr","twitter_misc":{"\u0643\u064f\u062a\u0628 \u0628\u0648\u0627\u0633\u0637\u0629":"Le Quotidien","\u0648\u0642\u062a \u0627\u0644\u0642\u0631\u0627\u0621\u0629 \u0627\u0644\u0645\u064f\u0642\u062f\u0651\u0631":"\u062f\u0642\u064a\u0642\u062a\u0627\u0646"},"schema":{"@context":"https:\/\/schema.org","@graph":[{"@type":"Article","@id":"https:\/\/lequotidien.mr\/?p=19451&lang=fr#article","isPartOf":{"@id":"https:\/\/lequotidien.mr\/?p=19451&lang=fr"},"author":{"name":"Le Quotidien","@id":"https:\/\/lequotidien.mr\/#\/schema\/person\/f90fcdaa970c60288de4ed2e64a56472"},"headline":"\u00a0D\u00e9c\u00e8s de Trois D\u00e9tenus \u00e0 Ka\u00e9di : R\u00e9action du Minist\u00e8re de l&#8217;Int\u00e9rieur et de la D\u00e9centralisation","datePublished":"2024-07-02T18:24:04+00:00","mainEntityOfPage":{"@id":"https:\/\/lequotidien.mr\/?p=19451&lang=fr"},"wordCount":377,"commentCount":0,"publisher":{"@id":"https:\/\/lequotidien.mr\/#organization"},"image":{"@id":"https:\/\/lequotidien.mr\/?p=19451&lang=fr#primaryimage"},"thumbnailUrl":"https:\/\/lequotidien.mr\/wp-content\/uploads\/2024\/07\/\u0648\u0632\u0627\u0631\u0629-\u0627\u0644\u062f\u0627\u062e\u0644\u064a\u0629-750x430-1.jpg","articleSection":["ACTUALIT\u00c9","Couverture sp\u00e9cilale","FAITS DIVERS"],"inLanguage":"ar","potentialAction":[{"@type":"CommentAction","name":"Comment","target":["https:\/\/lequotidien.mr\/?p=19451&lang=fr#respond"]}]},{"@type":"WebPage","@id":"https:\/\/lequotidien.mr\/?p=19451&lang=fr","url":"https:\/\/lequotidien.mr\/?p=19451&lang=fr","name":"\u00a0D\u00e9c\u00e8s de Trois D\u00e9tenus \u00e0 Ka\u00e9di : R\u00e9action du Minist\u00e8re de l'Int\u00e9rieur et de la D\u00e9centralisation - Le Quotidien de Nouakchott","isPartOf":{"@id":"https:\/\/lequotidien.mr\/#website"},"primaryImageOfPage":{"@id":"https:\/\/lequotidien.mr\/?p=19451&lang=fr#primaryimage"},"image":{"@id":"https:\/\/lequotidien.mr\/?p=19451&lang=fr#primaryimage"},"thumbnailUrl":"https:\/\/lequotidien.mr\/wp-content\/uploads\/2024\/07\/\u0648\u0632\u0627\u0631\u0629-\u0627\u0644\u062f\u0627\u062e\u0644\u064a\u0629-750x430-1.jpg","datePublished":"2024-07-02T18:24:04+00:00","breadcrumb":{"@id":"https:\/\/lequotidien.mr\/?p=19451&lang=fr#breadcrumb"},"inLanguage":"ar","potentialAction":[{"@type":"ReadAction","target":["https:\/\/lequotidien.mr\/?p=19451&lang=fr"]}]},{"@type":"ImageObject","inLanguage":"ar","@id":"https:\/\/lequotidien.mr\/?p=19451&lang=fr#primaryimage","url":"https:\/\/lequotidien.mr\/wp-content\/uploads\/2024\/07\/\u0648\u0632\u0627\u0631\u0629-\u0627\u0644\u062f\u0627\u062e\u0644\u064a\u0629-750x430-1.jpg","contentUrl":"https:\/\/lequotidien.mr\/wp-content\/uploads\/2024\/07\/\u0648\u0632\u0627\u0631\u0629-\u0627\u0644\u062f\u0627\u062e\u0644\u064a\u0629-750x430-1.jpg","width":750,"height":430},{"@type":"BreadcrumbList","@id":"https:\/\/lequotidien.mr\/?p=19451&lang=fr#breadcrumb","itemListElement":[{"@type":"ListItem","position":1,"name":"Home","item":"https:\/\/lequotidien.mr\/"},{"@type":"ListItem","position":2,"name":"\u00a0D\u00e9c\u00e8s de Trois D\u00e9tenus \u00e0 Ka\u00e9di : R\u00e9action du Minist\u00e8re de l&#8217;Int\u00e9rieur et de la D\u00e9centralisation"}]},{"@type":"WebSite","@id":"https:\/\/lequotidien.mr\/#website","url":"https:\/\/lequotidien.mr\/","name":"Le Quotidien de Nouakchott","description":"\u0625\u062e\u0628\u0627\u0631\u064a\u0629 \u0645\u0633\u062a\u0642\u0644\u0629 \u0644\u0644\u0623\u0646\u0628\u0627\u0621 \u0627\u0644\u0639\u0627\u0645\u0629","publisher":{"@id":"https:\/\/lequotidien.mr\/#organization"},"potentialAction":[{"@type":"SearchAction","target":{"@type":"EntryPoint","urlTemplate":"https:\/\/lequotidien.mr\/?s={search_term_string}"},"query-input":{"@type":"PropertyValueSpecification","valueRequired":true,"valueName":"search_term_string"}}],"inLanguage":"ar"},{"@type":"Organization","@id":"https:\/\/lequotidien.mr\/#organization","name":"Le Quotidien de Nouakchott","url":"https:\/\/lequotidien.mr\/","logo":{"@type":"ImageObject","inLanguage":"ar","@id":"https:\/\/lequotidien.mr\/#\/schema\/logo\/image\/","url":"https:\/\/lequotidien.mr\/wp-content\/uploads\/2022\/11\/logolequotidien.jpg","contentUrl":"https:\/\/lequotidien.mr\/wp-content\/uploads\/2022\/11\/logolequotidien.jpg","width":290,"height":65,"caption":"Le Quotidien de Nouakchott"},"image":{"@id":"https:\/\/lequotidien.mr\/#\/schema\/logo\/image\/"},"sameAs":["https:\/\/web.facebook.com\/lequotidienmr","https:\/\/x.com\/lequotidienmr"]},{"@type":"Person","@id":"https:\/\/lequotidien.mr\/#\/schema\/person\/f90fcdaa970c60288de4ed2e64a56472","name":"Le Quotidien","image":{"@type":"ImageObject","inLanguage":"ar","@id":"https:\/\/secure.gravatar.com\/avatar\/374cb39a1a458a912465a93e5a3ce6546886fc3da809a1f10c63e4e8fcbca30f?s=96&d=mm&r=g","url":"https:\/\/secure.gravatar.com\/avatar\/374cb39a1a458a912465a93e5a3ce6546886fc3da809a1f10c63e4e8fcbca30f?s=96&d=mm&r=g","contentUrl":"https:\/\/secure.gravatar.com\/avatar\/374cb39a1a458a912465a93e5a3ce6546886fc3da809a1f10c63e4e8fcbca30f?s=96&d=mm&r=g","caption":"Le Quotidien"},"sameAs":["https:\/\/lequotidien.mr\/"],"url":"https:\/\/lequotidien.mr\/?author=4"}]}},"_links":{"self":[{"href":"https:\/\/lequotidien.mr\/index.php?rest_route=\/wp\/v2\/posts\/19451","targetHints":{"allow":["GET"]}}],"collection":[{"href":"https:\/\/lequotidien.mr\/index.php?rest_route=\/wp\/v2\/posts"}],"about":[{"href":"https:\/\/lequotidien.mr\/index.php?rest_route=\/wp\/v2\/types\/post"}],"author":[{"embeddable":true,"href":"https:\/\/lequotidien.mr\/index.php?rest_route=\/wp\/v2\/users\/4"}],"replies":[{"embeddable":true,"href":"https:\/\/lequotidien.mr\/index.php?rest_route=%2Fwp%2Fv2%2Fcomments&post=19451"}],"version-history":[{"count":1,"href":"https:\/\/lequotidien.mr\/index.php?rest_route=\/wp\/v2\/posts\/19451\/revisions"}],"predecessor-version":[{"id":19453,"href":"https:\/\/lequotidien.mr\/index.php?rest_route=\/wp\/v2\/posts\/19451\/revisions\/19453"}],"wp:featuredmedia":[{"embeddable":true,"href":"https:\/\/lequotidien.mr\/index.php?rest_route=\/wp\/v2\/media\/19452"}],"wp:attachment":[{"href":"https:\/\/lequotidien.mr\/index.php?rest_route=%2Fwp%2Fv2%2Fmedia&parent=19451"}],"wp:term":[{"taxonomy":"category","embeddable":true,"href":"https:\/\/lequotidien.mr\/index.php?rest_route=%2Fwp%2Fv2%2Fcategories&post=19451"},{"taxonomy":"post_tag","embeddable":true,"href":"https:\/\/lequotidien.mr\/index.php?rest_route=%2Fwp%2Fv2%2Ftags&post=19451"}],"curies":[{"name":"wp","href":"https:\/\/api.w.org\/{rel}","templated":true}]}}