{"id":19441,"date":"2024-07-02T12:37:54","date_gmt":"2024-07-02T12:37:54","guid":{"rendered":"https:\/\/lequotidien.mr\/?p=19441"},"modified":"2024-07-02T13:37:10","modified_gmt":"2024-07-02T13:37:10","slug":"mohamed-ould-bouamatou-felicite-le-nouveau-president-elu-de-la-mauritanie","status":"publish","type":"post","link":"https:\/\/lequotidien.mr\/?p=19441&lang=fr","title":{"rendered":"Mohamed Ould Bouamatou f\u00e9licite le pr\u00e9sident Ghazwani pour sa r\u00e9\u00e9lection \u00e0 la t\u00eate de la Mauritanie"},"content":{"rendered":"<p>\u00c0 l&#8217;occasion de l&#8217;\u00e9lection du nouveau pr\u00e9sident de la Mauritanie, M. Mohamed Ould Bouamatou a adress\u00e9 un message de f\u00e9licitations chaleureux et sinc\u00e8re. Dans son message, Ould Bouamatou a salu\u00e9 l&#8217;atmosph\u00e8re de transparence et de responsabilit\u00e9 qui a pr\u00e9valu lors de ces \u00e9lections historiques, estimant que cela refl\u00e8te la maturit\u00e9 du peuple mauritanien et son esprit d\u00e9mocratique.<\/p>\n<p>Ould Bouamatou a soulign\u00e9 que le renouvellement de la confiance du peuple mauritanien, en particulier des jeunes, dans le pr\u00e9sident \u00e9lu \u00e0 une large majorit\u00e9, exprime sa grande satisfaction pour les r\u00e9alisations importantes accomplies au cours du mandat pr\u00e9c\u00e9dent. Il a exprim\u00e9 son soutien ind\u00e9fectible au pr\u00e9sident \u00e9lu dans la mise en \u0153uvre de son programme ambitieux en faveur du d\u00e9veloppement \u00e9conomique et social du pays au cours des cinq prochaines ann\u00e9es.<\/p>\n<p>Ould Bouamatou a conclu son message en souhaitant au pr\u00e9sident \u00e9lu succ\u00e8s et r\u00e9ussite, exprimant sa conviction profonde que la Mauritanie, sous sa direction sage et \u00e9clair\u00e9e, saura relever tous les d\u00e9fis et atteindre le progr\u00e8s, la stabilit\u00e9 et la prosp\u00e9rit\u00e9.<\/p>\n<p>&#8212;<\/p>\n","protected":false},"excerpt":{"rendered":"<p>\u00c0 l&#8217;occasion de l&#8217;\u00e9lection du nouveau pr\u00e9sident de la Mauritanie, M. Mohamed Ould Bouamatou a adress\u00e9 un message de f\u00e9licitations chaleureux et sinc\u00e8re. Dans son message, Ould Bouamatou a salu\u00e9 l&#8217;atmosph\u00e8re de transparence et de responsabilit\u00e9 qui a pr\u00e9valu lors de ces \u00e9lections historiques, estimant que cela refl\u00e8te la maturit\u00e9 du peuple mauritanien et son&#8230;..<\/p>\n","protected":false},"author":3,"featured_media":19446,"comment_status":"open","ping_status":"open","sticky":false,"template":"","format":"standard","meta":{"footnotes":""},"categories":[23,57],"tags":[],"class_list":["post-19441","post","type-post","status-publish","format-standard","has-post-thumbnail","hentry","category-actualite","category-couverture-specilale"],"yoast_head":"<!-- This site is optimized with the Yoast SEO plugin v27.5 - https:\/\/yoast.com\/product\/yoast-seo-wordpress\/ -->\n<title>Mohamed Ould Bouamatou f\u00e9licite le pr\u00e9sident Ghazwani pour sa r\u00e9\u00e9lection \u00e0 la t\u00eate de la Mauritanie - Le Quotidien de Nouakchott<\/title>\n<meta name=\"robots\" content=\"index, follow, max-snippet:-1, max-image-preview:large, max-video-preview:-1\" \/>\n<link rel=\"canonical\" href=\"https:\/\/lequotidien.mr\/?p=19441&lang=fr\" \/>\n<meta property=\"og:locale\" content=\"ar_AR\" \/>\n<meta property=\"og:type\" content=\"article\" \/>\n<meta property=\"og:title\" content=\"Mohamed Ould Bouamatou f\u00e9licite le pr\u00e9sident Ghazwani pour sa r\u00e9\u00e9lection \u00e0 la t\u00eate de la Mauritanie - Le Quotidien de Nouakchott\" \/>\n<meta property=\"og:description\" content=\"\u00c0 l&#8217;occasion de l&#8217;\u00e9lection du nouveau pr\u00e9sident de la Mauritanie, M. Mohamed Ould Bouamatou a adress\u00e9 un message de f\u00e9licitations chaleureux et sinc\u00e8re. Dans son message, Ould Bouamatou a salu\u00e9 l&#8217;atmosph\u00e8re de transparence et de responsabilit\u00e9 qui a pr\u00e9valu lors de ces \u00e9lections historiques, estimant que cela refl\u00e8te la maturit\u00e9 du peuple mauritanien et son.....\" \/>\n<meta property=\"og:url\" content=\"https:\/\/lequotidien.mr\/?p=19441&amp;lang=fr\" \/>\n<meta property=\"og:site_name\" content=\"Le Quotidien de Nouakchott\" \/>\n<meta property=\"article:publisher\" content=\"https:\/\/web.facebook.com\/lequotidienmr\" \/>\n<meta property=\"article:author\" content=\"https:\/\/web.facebook.com\/a.mleiwih\" \/>\n<meta property=\"article:published_time\" content=\"2024-07-02T12:37:54+00:00\" \/>\n<meta property=\"article:modified_time\" content=\"2024-07-02T13:37:10+00:00\" \/>\n<meta property=\"og:image\" content=\"https:\/\/lequotidien.mr\/wp-content\/uploads\/2024\/07\/bouam-trois.jpeg\" \/>\n\t<meta property=\"og:image:width\" content=\"275\" \/>\n\t<meta property=\"og:image:height\" content=\"183\" \/>\n\t<meta property=\"og:image:type\" content=\"image\/jpeg\" \/>\n<meta name=\"author\" content=\"Alioun M&#039;leiwih\" \/>\n<meta name=\"twitter:card\" content=\"summary_large_image\" \/>\n<meta name=\"twitter:creator\" content=\"@lequotidienmr\" \/>\n<meta name=\"twitter:site\" content=\"@lequotidienmr\" \/>\n<meta name=\"twitter:label1\" content=\"\u0643\u064f\u062a\u0628 \u0628\u0648\u0627\u0633\u0637\u0629\" \/>\n\t<meta name=\"twitter:data1\" content=\"Alioun M&#039;leiwih\" \/>\n\t<meta name=\"twitter:label2\" content=\"\u0648\u0642\u062a \u0627\u0644\u0642\u0631\u0627\u0621\u0629 \u0627\u0644\u0645\u064f\u0642\u062f\u0651\u0631\" \/>\n\t<meta name=\"twitter:data2\" content=\"\u062f\u0642\u064a\u0642\u0629 \u0648\u0627\u062d\u062f\u0629\" \/>\n<script type=\"application\/ld+json\" class=\"yoast-schema-graph\">{\"@context\":\"https:\\\/\\\/schema.org\",\"@graph\":[{\"@type\":\"Article\",\"@id\":\"https:\\\/\\\/lequotidien.mr\\\/?p=19441&lang=fr#article\",\"isPartOf\":{\"@id\":\"https:\\\/\\\/lequotidien.mr\\\/?p=19441&lang=fr\"},\"author\":{\"name\":\"Alioun M'leiwih\",\"@id\":\"https:\\\/\\\/lequotidien.mr\\\/#\\\/schema\\\/person\\\/69d1518c74c9137087929a20b1272cb0\"},\"headline\":\"Mohamed Ould Bouamatou f\u00e9licite le pr\u00e9sident Ghazwani pour sa r\u00e9\u00e9lection \u00e0 la t\u00eate de la Mauritanie\",\"datePublished\":\"2024-07-02T12:37:54+00:00\",\"dateModified\":\"2024-07-02T13:37:10+00:00\",\"mainEntityOfPage\":{\"@id\":\"https:\\\/\\\/lequotidien.mr\\\/?p=19441&lang=fr\"},\"wordCount\":213,\"commentCount\":0,\"publisher\":{\"@id\":\"https:\\\/\\\/lequotidien.mr\\\/#organization\"},\"image\":{\"@id\":\"https:\\\/\\\/lequotidien.mr\\\/?p=19441&lang=fr#primaryimage\"},\"thumbnailUrl\":\"https:\\\/\\\/lequotidien.mr\\\/wp-content\\\/uploads\\\/2024\\\/07\\\/bouam-trois.jpeg\",\"articleSection\":[\"ACTUALIT\u00c9\",\"Couverture sp\u00e9cilale\"],\"inLanguage\":\"ar\",\"potentialAction\":[{\"@type\":\"CommentAction\",\"name\":\"Comment\",\"target\":[\"https:\\\/\\\/lequotidien.mr\\\/?p=19441&lang=fr#respond\"]}]},{\"@type\":\"WebPage\",\"@id\":\"https:\\\/\\\/lequotidien.mr\\\/?p=19441&lang=fr\",\"url\":\"https:\\\/\\\/lequotidien.mr\\\/?p=19441&lang=fr\",\"name\":\"Mohamed Ould Bouamatou f\u00e9licite le pr\u00e9sident Ghazwani pour sa r\u00e9\u00e9lection \u00e0 la t\u00eate de la Mauritanie - Le Quotidien de Nouakchott\",\"isPartOf\":{\"@id\":\"https:\\\/\\\/lequotidien.mr\\\/#website\"},\"primaryImageOfPage\":{\"@id\":\"https:\\\/\\\/lequotidien.mr\\\/?p=19441&lang=fr#primaryimage\"},\"image\":{\"@id\":\"https:\\\/\\\/lequotidien.mr\\\/?p=19441&lang=fr#primaryimage\"},\"thumbnailUrl\":\"https:\\\/\\\/lequotidien.mr\\\/wp-content\\\/uploads\\\/2024\\\/07\\\/bouam-trois.jpeg\",\"datePublished\":\"2024-07-02T12:37:54+00:00\",\"dateModified\":\"2024-07-02T13:37:10+00:00\",\"breadcrumb\":{\"@id\":\"https:\\\/\\\/lequotidien.mr\\\/?p=19441&lang=fr#breadcrumb\"},\"inLanguage\":\"ar\",\"potentialAction\":[{\"@type\":\"ReadAction\",\"target\":[\"https:\\\/\\\/lequotidien.mr\\\/?p=19441&lang=fr\"]}]},{\"@type\":\"ImageObject\",\"inLanguage\":\"ar\",\"@id\":\"https:\\\/\\\/lequotidien.mr\\\/?p=19441&lang=fr#primaryimage\",\"url\":\"https:\\\/\\\/lequotidien.mr\\\/wp-content\\\/uploads\\\/2024\\\/07\\\/bouam-trois.jpeg\",\"contentUrl\":\"https:\\\/\\\/lequotidien.mr\\\/wp-content\\\/uploads\\\/2024\\\/07\\\/bouam-trois.jpeg\",\"width\":275,\"height\":183},{\"@type\":\"BreadcrumbList\",\"@id\":\"https:\\\/\\\/lequotidien.mr\\\/?p=19441&lang=fr#breadcrumb\",\"itemListElement\":[{\"@type\":\"ListItem\",\"position\":1,\"name\":\"Home\",\"item\":\"https:\\\/\\\/lequotidien.mr\\\/\"},{\"@type\":\"ListItem\",\"position\":2,\"name\":\"Mohamed Ould Bouamatou f\u00e9licite le pr\u00e9sident Ghazwani pour sa r\u00e9\u00e9lection \u00e0 la t\u00eate de la Mauritanie\"}]},{\"@type\":\"WebSite\",\"@id\":\"https:\\\/\\\/lequotidien.mr\\\/#website\",\"url\":\"https:\\\/\\\/lequotidien.mr\\\/\",\"name\":\"Le Quotidien de Nouakchott\",\"description\":\"\u0625\u062e\u0628\u0627\u0631\u064a\u0629 \u0645\u0633\u062a\u0642\u0644\u0629 \u0644\u0644\u0623\u0646\u0628\u0627\u0621 \u0627\u0644\u0639\u0627\u0645\u0629\",\"publisher\":{\"@id\":\"https:\\\/\\\/lequotidien.mr\\\/#organization\"},\"potentialAction\":[{\"@type\":\"SearchAction\",\"target\":{\"@type\":\"EntryPoint\",\"urlTemplate\":\"https:\\\/\\\/lequotidien.mr\\\/?s={search_term_string}\"},\"query-input\":{\"@type\":\"PropertyValueSpecification\",\"valueRequired\":true,\"valueName\":\"search_term_string\"}}],\"inLanguage\":\"ar\"},{\"@type\":\"Organization\",\"@id\":\"https:\\\/\\\/lequotidien.mr\\\/#organization\",\"name\":\"Le Quotidien de Nouakchott\",\"url\":\"https:\\\/\\\/lequotidien.mr\\\/\",\"logo\":{\"@type\":\"ImageObject\",\"inLanguage\":\"ar\",\"@id\":\"https:\\\/\\\/lequotidien.mr\\\/#\\\/schema\\\/logo\\\/image\\\/\",\"url\":\"https:\\\/\\\/lequotidien.mr\\\/wp-content\\\/uploads\\\/2022\\\/11\\\/logolequotidien.jpg\",\"contentUrl\":\"https:\\\/\\\/lequotidien.mr\\\/wp-content\\\/uploads\\\/2022\\\/11\\\/logolequotidien.jpg\",\"width\":290,\"height\":65,\"caption\":\"Le Quotidien de Nouakchott\"},\"image\":{\"@id\":\"https:\\\/\\\/lequotidien.mr\\\/#\\\/schema\\\/logo\\\/image\\\/\"},\"sameAs\":[\"https:\\\/\\\/web.facebook.com\\\/lequotidienmr\",\"https:\\\/\\\/x.com\\\/lequotidienmr\"]},{\"@type\":\"Person\",\"@id\":\"https:\\\/\\\/lequotidien.mr\\\/#\\\/schema\\\/person\\\/69d1518c74c9137087929a20b1272cb0\",\"name\":\"Alioun M'leiwih\",\"image\":{\"@type\":\"ImageObject\",\"inLanguage\":\"ar\",\"@id\":\"https:\\\/\\\/secure.gravatar.com\\\/avatar\\\/01f9d357222d7d4ca8f71662f4b081718f06d25b11fc45662ecca0622d507e51?s=96&d=mm&r=g\",\"url\":\"https:\\\/\\\/secure.gravatar.com\\\/avatar\\\/01f9d357222d7d4ca8f71662f4b081718f06d25b11fc45662ecca0622d507e51?s=96&d=mm&r=g\",\"contentUrl\":\"https:\\\/\\\/secure.gravatar.com\\\/avatar\\\/01f9d357222d7d4ca8f71662f4b081718f06d25b11fc45662ecca0622d507e51?s=96&d=mm&r=g\",\"caption\":\"Alioun M'leiwih\"},\"sameAs\":[\"https:\\\/\\\/lequotidien.mr\\\/\",\"https:\\\/\\\/web.facebook.com\\\/a.mleiwih\",\"https:\\\/\\\/www.linkedin.com\\\/in\\\/alimlewih\\\/\"],\"url\":\"https:\\\/\\\/lequotidien.mr\\\/?author=3\"}]}<\/script>\n<!-- \/ Yoast SEO plugin. -->","yoast_head_json":{"title":"Mohamed Ould Bouamatou f\u00e9licite le pr\u00e9sident Ghazwani pour sa r\u00e9\u00e9lection \u00e0 la t\u00eate de la Mauritanie - Le Quotidien de Nouakchott","robots":{"index":"index","follow":"follow","max-snippet":"max-snippet:-1","max-image-preview":"max-image-preview:large","max-video-preview":"max-video-preview:-1"},"canonical":"https:\/\/lequotidien.mr\/?p=19441&lang=fr","og_locale":"ar_AR","og_type":"article","og_title":"Mohamed Ould Bouamatou f\u00e9licite le pr\u00e9sident Ghazwani pour sa r\u00e9\u00e9lection \u00e0 la t\u00eate de la Mauritanie - Le Quotidien de Nouakchott","og_description":"\u00c0 l&#8217;occasion de l&#8217;\u00e9lection du nouveau pr\u00e9sident de la Mauritanie, M. Mohamed Ould Bouamatou a adress\u00e9 un message de f\u00e9licitations chaleureux et sinc\u00e8re. Dans son message, Ould Bouamatou a salu\u00e9 l&#8217;atmosph\u00e8re de transparence et de responsabilit\u00e9 qui a pr\u00e9valu lors de ces \u00e9lections historiques, estimant que cela refl\u00e8te la maturit\u00e9 du peuple mauritanien et son.....","og_url":"https:\/\/lequotidien.mr\/?p=19441&lang=fr","og_site_name":"Le Quotidien de Nouakchott","article_publisher":"https:\/\/web.facebook.com\/lequotidienmr","article_author":"https:\/\/web.facebook.com\/a.mleiwih","article_published_time":"2024-07-02T12:37:54+00:00","article_modified_time":"2024-07-02T13:37:10+00:00","og_image":[{"width":275,"height":183,"url":"https:\/\/lequotidien.mr\/wp-content\/uploads\/2024\/07\/bouam-trois.jpeg","type":"image\/jpeg"}],"author":"Alioun M'leiwih","twitter_card":"summary_large_image","twitter_creator":"@lequotidienmr","twitter_site":"@lequotidienmr","twitter_misc":{"\u0643\u064f\u062a\u0628 \u0628\u0648\u0627\u0633\u0637\u0629":"Alioun M'leiwih","\u0648\u0642\u062a \u0627\u0644\u0642\u0631\u0627\u0621\u0629 \u0627\u0644\u0645\u064f\u0642\u062f\u0651\u0631":"\u062f\u0642\u064a\u0642\u0629 \u0648\u0627\u062d\u062f\u0629"},"schema":{"@context":"https:\/\/schema.org","@graph":[{"@type":"Article","@id":"https:\/\/lequotidien.mr\/?p=19441&lang=fr#article","isPartOf":{"@id":"https:\/\/lequotidien.mr\/?p=19441&lang=fr"},"author":{"name":"Alioun M'leiwih","@id":"https:\/\/lequotidien.mr\/#\/schema\/person\/69d1518c74c9137087929a20b1272cb0"},"headline":"Mohamed Ould Bouamatou f\u00e9licite le pr\u00e9sident Ghazwani pour sa r\u00e9\u00e9lection \u00e0 la t\u00eate de la Mauritanie","datePublished":"2024-07-02T12:37:54+00:00","dateModified":"2024-07-02T13:37:10+00:00","mainEntityOfPage":{"@id":"https:\/\/lequotidien.mr\/?p=19441&lang=fr"},"wordCount":213,"commentCount":0,"publisher":{"@id":"https:\/\/lequotidien.mr\/#organization"},"image":{"@id":"https:\/\/lequotidien.mr\/?p=19441&lang=fr#primaryimage"},"thumbnailUrl":"https:\/\/lequotidien.mr\/wp-content\/uploads\/2024\/07\/bouam-trois.jpeg","articleSection":["ACTUALIT\u00c9","Couverture sp\u00e9cilale"],"inLanguage":"ar","potentialAction":[{"@type":"CommentAction","name":"Comment","target":["https:\/\/lequotidien.mr\/?p=19441&lang=fr#respond"]}]},{"@type":"WebPage","@id":"https:\/\/lequotidien.mr\/?p=19441&lang=fr","url":"https:\/\/lequotidien.mr\/?p=19441&lang=fr","name":"Mohamed Ould Bouamatou f\u00e9licite le pr\u00e9sident Ghazwani pour sa r\u00e9\u00e9lection \u00e0 la t\u00eate de la Mauritanie - Le Quotidien de Nouakchott","isPartOf":{"@id":"https:\/\/lequotidien.mr\/#website"},"primaryImageOfPage":{"@id":"https:\/\/lequotidien.mr\/?p=19441&lang=fr#primaryimage"},"image":{"@id":"https:\/\/lequotidien.mr\/?p=19441&lang=fr#primaryimage"},"thumbnailUrl":"https:\/\/lequotidien.mr\/wp-content\/uploads\/2024\/07\/bouam-trois.jpeg","datePublished":"2024-07-02T12:37:54+00:00","dateModified":"2024-07-02T13:37:10+00:00","breadcrumb":{"@id":"https:\/\/lequotidien.mr\/?p=19441&lang=fr#breadcrumb"},"inLanguage":"ar","potentialAction":[{"@type":"ReadAction","target":["https:\/\/lequotidien.mr\/?p=19441&lang=fr"]}]},{"@type":"ImageObject","inLanguage":"ar","@id":"https:\/\/lequotidien.mr\/?p=19441&lang=fr#primaryimage","url":"https:\/\/lequotidien.mr\/wp-content\/uploads\/2024\/07\/bouam-trois.jpeg","contentUrl":"https:\/\/lequotidien.mr\/wp-content\/uploads\/2024\/07\/bouam-trois.jpeg","width":275,"height":183},{"@type":"BreadcrumbList","@id":"https:\/\/lequotidien.mr\/?p=19441&lang=fr#breadcrumb","itemListElement":[{"@type":"ListItem","position":1,"name":"Home","item":"https:\/\/lequotidien.mr\/"},{"@type":"ListItem","position":2,"name":"Mohamed Ould Bouamatou f\u00e9licite le pr\u00e9sident Ghazwani pour sa r\u00e9\u00e9lection \u00e0 la t\u00eate de la Mauritanie"}]},{"@type":"WebSite","@id":"https:\/\/lequotidien.mr\/#website","url":"https:\/\/lequotidien.mr\/","name":"Le Quotidien de Nouakchott","description":"\u0625\u062e\u0628\u0627\u0631\u064a\u0629 \u0645\u0633\u062a\u0642\u0644\u0629 \u0644\u0644\u0623\u0646\u0628\u0627\u0621 \u0627\u0644\u0639\u0627\u0645\u0629","publisher":{"@id":"https:\/\/lequotidien.mr\/#organization"},"potentialAction":[{"@type":"SearchAction","target":{"@type":"EntryPoint","urlTemplate":"https:\/\/lequotidien.mr\/?s={search_term_string}"},"query-input":{"@type":"PropertyValueSpecification","valueRequired":true,"valueName":"search_term_string"}}],"inLanguage":"ar"},{"@type":"Organization","@id":"https:\/\/lequotidien.mr\/#organization","name":"Le Quotidien de Nouakchott","url":"https:\/\/lequotidien.mr\/","logo":{"@type":"ImageObject","inLanguage":"ar","@id":"https:\/\/lequotidien.mr\/#\/schema\/logo\/image\/","url":"https:\/\/lequotidien.mr\/wp-content\/uploads\/2022\/11\/logolequotidien.jpg","contentUrl":"https:\/\/lequotidien.mr\/wp-content\/uploads\/2022\/11\/logolequotidien.jpg","width":290,"height":65,"caption":"Le Quotidien de Nouakchott"},"image":{"@id":"https:\/\/lequotidien.mr\/#\/schema\/logo\/image\/"},"sameAs":["https:\/\/web.facebook.com\/lequotidienmr","https:\/\/x.com\/lequotidienmr"]},{"@type":"Person","@id":"https:\/\/lequotidien.mr\/#\/schema\/person\/69d1518c74c9137087929a20b1272cb0","name":"Alioun M'leiwih","image":{"@type":"ImageObject","inLanguage":"ar","@id":"https:\/\/secure.gravatar.com\/avatar\/01f9d357222d7d4ca8f71662f4b081718f06d25b11fc45662ecca0622d507e51?s=96&d=mm&r=g","url":"https:\/\/secure.gravatar.com\/avatar\/01f9d357222d7d4ca8f71662f4b081718f06d25b11fc45662ecca0622d507e51?s=96&d=mm&r=g","contentUrl":"https:\/\/secure.gravatar.com\/avatar\/01f9d357222d7d4ca8f71662f4b081718f06d25b11fc45662ecca0622d507e51?s=96&d=mm&r=g","caption":"Alioun M'leiwih"},"sameAs":["https:\/\/lequotidien.mr\/","https:\/\/web.facebook.com\/a.mleiwih","https:\/\/www.linkedin.com\/in\/alimlewih\/"],"url":"https:\/\/lequotidien.mr\/?author=3"}]}},"_links":{"self":[{"href":"https:\/\/lequotidien.mr\/index.php?rest_route=\/wp\/v2\/posts\/19441","targetHints":{"allow":["GET"]}}],"collection":[{"href":"https:\/\/lequotidien.mr\/index.php?rest_route=\/wp\/v2\/posts"}],"about":[{"href":"https:\/\/lequotidien.mr\/index.php?rest_route=\/wp\/v2\/types\/post"}],"author":[{"embeddable":true,"href":"https:\/\/lequotidien.mr\/index.php?rest_route=\/wp\/v2\/users\/3"}],"replies":[{"embeddable":true,"href":"https:\/\/lequotidien.mr\/index.php?rest_route=%2Fwp%2Fv2%2Fcomments&post=19441"}],"version-history":[{"count":2,"href":"https:\/\/lequotidien.mr\/index.php?rest_route=\/wp\/v2\/posts\/19441\/revisions"}],"predecessor-version":[{"id":19450,"href":"https:\/\/lequotidien.mr\/index.php?rest_route=\/wp\/v2\/posts\/19441\/revisions\/19450"}],"wp:featuredmedia":[{"embeddable":true,"href":"https:\/\/lequotidien.mr\/index.php?rest_route=\/wp\/v2\/media\/19446"}],"wp:attachment":[{"href":"https:\/\/lequotidien.mr\/index.php?rest_route=%2Fwp%2Fv2%2Fmedia&parent=19441"}],"wp:term":[{"taxonomy":"category","embeddable":true,"href":"https:\/\/lequotidien.mr\/index.php?rest_route=%2Fwp%2Fv2%2Fcategories&post=19441"},{"taxonomy":"post_tag","embeddable":true,"href":"https:\/\/lequotidien.mr\/index.php?rest_route=%2Fwp%2Fv2%2Ftags&post=19441"}],"curies":[{"name":"wp","href":"https:\/\/api.w.org\/{rel}","templated":true}]}}