{"id":19411,"date":"2024-07-01T13:13:16","date_gmt":"2024-07-01T13:13:16","guid":{"rendered":"https:\/\/lequotidien.mr\/?p=19411"},"modified":"2024-07-01T13:13:16","modified_gmt":"2024-07-01T13:13:16","slug":"tentative-de-destabilisation-avortee-le-ministre-de-linterieur-rassure-les-citoyens","status":"publish","type":"post","link":"https:\/\/lequotidien.mr\/?p=19411&lang=fr","title":{"rendered":"\u00a0Tentative de d\u00e9stabilisation avort\u00e9e\u00a0? : Le ministre de l\u2019int\u00e9rieur rassure les citoyens"},"content":{"rendered":"<p>Lors d&#8217;un point de presse organis\u00e9 dimanche soir au Minist\u00e8re de l\u2019Int\u00e9rieur et de la D\u00e9centralisation, M. Mohamed Ahmed Ould Mohamed Lemine, ministre de l\u2019Int\u00e9rieur, a \u00e9voqu\u00e9 une tentative avort\u00e9e de d\u00e9stabilisation attribu\u00e9e aux partisans d\u2019un candidat \u00e0 l\u2019\u00e9lection pr\u00e9sidentielle du 29 juin 2024. Gr\u00e2ce \u00e0 l&#8217;\u00e9tat de veille instaur\u00e9 par le minist\u00e8re et les forces de s\u00e9curit\u00e9, ces tentatives de troubles \u00e0 l&#8217;ordre public ont \u00e9t\u00e9 d\u00e9jou\u00e9es.<\/p>\n<p>Le ministre a assur\u00e9 les citoyens que l&#8217;\u00c9tat est pleinement en mesure de garantir leur s\u00e9curit\u00e9 ainsi que celle de leurs biens, les invitant \u00e0 poursuivre leurs activit\u00e9s quotidiennes en toute s\u00e9r\u00e9nit\u00e9.<\/p>\n<p>Le Communiqu\u00e9 Officiel<\/p>\n<p>\u00ab Afin de pr\u00e9server le climat de calme et de tranquillit\u00e9 qui a caract\u00e9ris\u00e9 l\u2019organisation des \u00e9lections pr\u00e9sidentielles, le Minist\u00e8re de l\u2019Int\u00e9rieur et de la D\u00e9centralisation, dans le cadre de ses responsabilit\u00e9s s\u00e9curitaires \u00e9tendues sur l\u2019ensemble du territoire national pour que tous les citoyens et r\u00e9sidents puissent exercer leurs libert\u00e9s, leurs activit\u00e9s et leurs mouvements, de jour comme de nuit, avait donn\u00e9 instruction aux autorit\u00e9s administratives et s\u00e9curitaires dans les diff\u00e9rentes wilayas du pays de rester en \u00e9tat de veille pour contrer toutes vell\u00e9it\u00e9s de trouble \u00e0 l\u2019ordre public, d\u2019o\u00f9 qu\u2019elles viennent. Il rappelle \u00e0 tous qu\u2019il ne permettra, en aucun cas et \u00e0 aucun prix, toute atteinte \u00e0 la s\u00e9curit\u00e9 et \u00e0 la tranquillit\u00e9, et que tous les organes de s\u00e9curit\u00e9 disposent des instructions, des moyens et de la disponibilit\u00e9 n\u00e9cessaires pour faire face avec fermet\u00e9 \u00e0 toute tentative d\u2019atteinte \u00e0 la s\u00e9curit\u00e9 et \u00e0 la tranquillit\u00e9 publique sur l\u2019ensemble du territoire national.<\/p>\n<p>Dans le m\u00eame ordre d\u2019id\u00e9es, ceux qui cherchent \u00e0 diriger le pays devraient \u00eatre plus soucieux que quiconque d\u2019assurer la s\u00e9curit\u00e9 des citoyens et de leurs biens.<\/p>\n<p>Certains mouvements racistes connus pour \u00eatre hostiles \u00e0 l\u2019unit\u00e9 nationale ont \u00e9t\u00e9 observ\u00e9s en train de surfer sur les vagues de l\u2019\u00e9lection pr\u00e9sidentielle pour atteindre leurs objectifs ignobles.<\/p>\n<p>Il a \u00e9galement \u00e9t\u00e9 observ\u00e9 que des foules, des opportunistes et des adolescents tromp\u00e9s, affili\u00e9s \u00e0 un candidat particulier, ont tent\u00e9, tout au long de la journ\u00e9e, dans certains quartiers de la capitale, de perturber l\u2019atmosph\u00e8re de tranquillit\u00e9 et de s\u00e9curit\u00e9, par des \u00e9meutes telles que br\u00fbler des pneus, perturber la circulation, essayer d\u2019intimider les paisibles citoyens et endommager leurs biens.<\/p>\n<p>Gr\u00e2ce \u00e0 un plan de s\u00e9curit\u00e9 rigoureux, les services de s\u00e9curit\u00e9 ont pu annihiler rapidement ces actes de sabotage condamnables et ma\u00eetriser enti\u00e8rement la situation.<\/p>\n<p>Enfin, le minist\u00e8re de l\u2019Int\u00e9rieur et de la D\u00e9centralisation rassure les citoyens que la situation est normale et sous contr\u00f4le et qu\u2019il n\u2019y a pas lieu de s\u2019inqui\u00e9ter, et appelle les citoyens \u00e0 poursuivre leur vie quotidienne et leurs activit\u00e9s librement et normalement. \u00bb<\/p>\n<p>&nbsp;<\/p>\n<p>&nbsp;<\/p>\n<p>&nbsp;<\/p>\n<p>Le ministre de l\u2019Int\u00e9rieur a r\u00e9it\u00e9r\u00e9 l&#8217;engagement du gouvernement \u00e0 maintenir l&#8217;ordre et la s\u00e9curit\u00e9, tout en appelant les citoyens \u00e0 rester vigilants et \u00e0 coop\u00e9rer avec les autorit\u00e9s pour assurer un environnement paisible et stable.<\/p>\n","protected":false},"excerpt":{"rendered":"<p>Lors d&#8217;un point de presse organis\u00e9 dimanche soir au Minist\u00e8re de l\u2019Int\u00e9rieur et de la D\u00e9centralisation, M. Mohamed Ahmed Ould Mohamed Lemine, ministre de l\u2019Int\u00e9rieur, a \u00e9voqu\u00e9 une tentative avort\u00e9e de d\u00e9stabilisation attribu\u00e9e aux partisans d\u2019un candidat \u00e0 l\u2019\u00e9lection pr\u00e9sidentielle du 29 juin 2024. Gr\u00e2ce \u00e0 l&#8217;\u00e9tat de veille instaur\u00e9 par le minist\u00e8re et les&#8230;..<\/p>\n","protected":false},"author":4,"featured_media":19412,"comment_status":"open","ping_status":"open","sticky":false,"template":"","format":"standard","meta":{"footnotes":""},"categories":[23,57],"tags":[],"class_list":["post-19411","post","type-post","status-publish","format-standard","has-post-thumbnail","hentry","category-actualite","category-couverture-specilale"],"yoast_head":"<!-- This site is optimized with the Yoast SEO plugin v27.5 - https:\/\/yoast.com\/product\/yoast-seo-wordpress\/ -->\n<title>\u00a0Tentative de d\u00e9stabilisation avort\u00e9e\u00a0? : Le ministre de l\u2019int\u00e9rieur rassure les citoyens - Le Quotidien de Nouakchott<\/title>\n<meta name=\"robots\" content=\"index, follow, max-snippet:-1, max-image-preview:large, max-video-preview:-1\" \/>\n<link rel=\"canonical\" href=\"https:\/\/lequotidien.mr\/?p=19411&lang=fr\" \/>\n<meta property=\"og:locale\" content=\"ar_AR\" \/>\n<meta property=\"og:type\" content=\"article\" \/>\n<meta property=\"og:title\" content=\"\u00a0Tentative de d\u00e9stabilisation avort\u00e9e\u00a0? : Le ministre de l\u2019int\u00e9rieur rassure les citoyens - Le Quotidien de Nouakchott\" \/>\n<meta property=\"og:description\" content=\"Lors d&#8217;un point de presse organis\u00e9 dimanche soir au Minist\u00e8re de l\u2019Int\u00e9rieur et de la D\u00e9centralisation, M. Mohamed Ahmed Ould Mohamed Lemine, ministre de l\u2019Int\u00e9rieur, a \u00e9voqu\u00e9 une tentative avort\u00e9e de d\u00e9stabilisation attribu\u00e9e aux partisans d\u2019un candidat \u00e0 l\u2019\u00e9lection pr\u00e9sidentielle du 29 juin 2024. Gr\u00e2ce \u00e0 l&#8217;\u00e9tat de veille instaur\u00e9 par le minist\u00e8re et les.....\" \/>\n<meta property=\"og:url\" content=\"https:\/\/lequotidien.mr\/?p=19411&amp;lang=fr\" \/>\n<meta property=\"og:site_name\" content=\"Le Quotidien de Nouakchott\" \/>\n<meta property=\"article:publisher\" content=\"https:\/\/web.facebook.com\/lequotidienmr\" \/>\n<meta property=\"article:published_time\" content=\"2024-07-01T13:13:16+00:00\" \/>\n<meta property=\"og:image\" content=\"https:\/\/lequotidien.mr\/wp-content\/uploads\/2024\/07\/30-06-2024-s003-750x430-1.jpg\" \/>\n\t<meta property=\"og:image:width\" content=\"750\" \/>\n\t<meta property=\"og:image:height\" content=\"430\" \/>\n\t<meta property=\"og:image:type\" content=\"image\/jpeg\" \/>\n<meta name=\"author\" content=\"Le Quotidien\" \/>\n<meta name=\"twitter:card\" content=\"summary_large_image\" \/>\n<meta name=\"twitter:creator\" content=\"@lequotidienmr\" \/>\n<meta name=\"twitter:site\" content=\"@lequotidienmr\" \/>\n<meta name=\"twitter:label1\" content=\"\u0643\u064f\u062a\u0628 \u0628\u0648\u0627\u0633\u0637\u0629\" \/>\n\t<meta name=\"twitter:data1\" content=\"Le Quotidien\" \/>\n\t<meta name=\"twitter:label2\" content=\"\u0648\u0642\u062a \u0627\u0644\u0642\u0631\u0627\u0621\u0629 \u0627\u0644\u0645\u064f\u0642\u062f\u0651\u0631\" \/>\n\t<meta name=\"twitter:data2\" content=\"3 \u062f\u0642\u0627\u0626\u0642\" \/>\n<script type=\"application\/ld+json\" class=\"yoast-schema-graph\">{\"@context\":\"https:\\\/\\\/schema.org\",\"@graph\":[{\"@type\":\"Article\",\"@id\":\"https:\\\/\\\/lequotidien.mr\\\/?p=19411&lang=fr#article\",\"isPartOf\":{\"@id\":\"https:\\\/\\\/lequotidien.mr\\\/?p=19411&lang=fr\"},\"author\":{\"name\":\"Le Quotidien\",\"@id\":\"https:\\\/\\\/lequotidien.mr\\\/#\\\/schema\\\/person\\\/f90fcdaa970c60288de4ed2e64a56472\"},\"headline\":\"\u00a0Tentative de d\u00e9stabilisation avort\u00e9e\u00a0? : Le ministre de l\u2019int\u00e9rieur rassure les citoyens\",\"datePublished\":\"2024-07-01T13:13:16+00:00\",\"mainEntityOfPage\":{\"@id\":\"https:\\\/\\\/lequotidien.mr\\\/?p=19411&lang=fr\"},\"wordCount\":567,\"commentCount\":0,\"publisher\":{\"@id\":\"https:\\\/\\\/lequotidien.mr\\\/#organization\"},\"image\":{\"@id\":\"https:\\\/\\\/lequotidien.mr\\\/?p=19411&lang=fr#primaryimage\"},\"thumbnailUrl\":\"https:\\\/\\\/lequotidien.mr\\\/wp-content\\\/uploads\\\/2024\\\/07\\\/30-06-2024-s003-750x430-1.jpg\",\"articleSection\":[\"ACTUALIT\u00c9\",\"Couverture sp\u00e9cilale\"],\"inLanguage\":\"ar\",\"potentialAction\":[{\"@type\":\"CommentAction\",\"name\":\"Comment\",\"target\":[\"https:\\\/\\\/lequotidien.mr\\\/?p=19411&lang=fr#respond\"]}]},{\"@type\":\"WebPage\",\"@id\":\"https:\\\/\\\/lequotidien.mr\\\/?p=19411&lang=fr\",\"url\":\"https:\\\/\\\/lequotidien.mr\\\/?p=19411&lang=fr\",\"name\":\"\u00a0Tentative de d\u00e9stabilisation avort\u00e9e\u00a0? : Le ministre de l\u2019int\u00e9rieur rassure les citoyens - Le Quotidien de Nouakchott\",\"isPartOf\":{\"@id\":\"https:\\\/\\\/lequotidien.mr\\\/#website\"},\"primaryImageOfPage\":{\"@id\":\"https:\\\/\\\/lequotidien.mr\\\/?p=19411&lang=fr#primaryimage\"},\"image\":{\"@id\":\"https:\\\/\\\/lequotidien.mr\\\/?p=19411&lang=fr#primaryimage\"},\"thumbnailUrl\":\"https:\\\/\\\/lequotidien.mr\\\/wp-content\\\/uploads\\\/2024\\\/07\\\/30-06-2024-s003-750x430-1.jpg\",\"datePublished\":\"2024-07-01T13:13:16+00:00\",\"breadcrumb\":{\"@id\":\"https:\\\/\\\/lequotidien.mr\\\/?p=19411&lang=fr#breadcrumb\"},\"inLanguage\":\"ar\",\"potentialAction\":[{\"@type\":\"ReadAction\",\"target\":[\"https:\\\/\\\/lequotidien.mr\\\/?p=19411&lang=fr\"]}]},{\"@type\":\"ImageObject\",\"inLanguage\":\"ar\",\"@id\":\"https:\\\/\\\/lequotidien.mr\\\/?p=19411&lang=fr#primaryimage\",\"url\":\"https:\\\/\\\/lequotidien.mr\\\/wp-content\\\/uploads\\\/2024\\\/07\\\/30-06-2024-s003-750x430-1.jpg\",\"contentUrl\":\"https:\\\/\\\/lequotidien.mr\\\/wp-content\\\/uploads\\\/2024\\\/07\\\/30-06-2024-s003-750x430-1.jpg\",\"width\":750,\"height\":430},{\"@type\":\"BreadcrumbList\",\"@id\":\"https:\\\/\\\/lequotidien.mr\\\/?p=19411&lang=fr#breadcrumb\",\"itemListElement\":[{\"@type\":\"ListItem\",\"position\":1,\"name\":\"Home\",\"item\":\"https:\\\/\\\/lequotidien.mr\\\/\"},{\"@type\":\"ListItem\",\"position\":2,\"name\":\"\u00a0Tentative de d\u00e9stabilisation avort\u00e9e\u00a0? : Le ministre de l\u2019int\u00e9rieur rassure les citoyens\"}]},{\"@type\":\"WebSite\",\"@id\":\"https:\\\/\\\/lequotidien.mr\\\/#website\",\"url\":\"https:\\\/\\\/lequotidien.mr\\\/\",\"name\":\"Le Quotidien de Nouakchott\",\"description\":\"\u0625\u062e\u0628\u0627\u0631\u064a\u0629 \u0645\u0633\u062a\u0642\u0644\u0629 \u0644\u0644\u0623\u0646\u0628\u0627\u0621 \u0627\u0644\u0639\u0627\u0645\u0629\",\"publisher\":{\"@id\":\"https:\\\/\\\/lequotidien.mr\\\/#organization\"},\"potentialAction\":[{\"@type\":\"SearchAction\",\"target\":{\"@type\":\"EntryPoint\",\"urlTemplate\":\"https:\\\/\\\/lequotidien.mr\\\/?s={search_term_string}\"},\"query-input\":{\"@type\":\"PropertyValueSpecification\",\"valueRequired\":true,\"valueName\":\"search_term_string\"}}],\"inLanguage\":\"ar\"},{\"@type\":\"Organization\",\"@id\":\"https:\\\/\\\/lequotidien.mr\\\/#organization\",\"name\":\"Le Quotidien de Nouakchott\",\"url\":\"https:\\\/\\\/lequotidien.mr\\\/\",\"logo\":{\"@type\":\"ImageObject\",\"inLanguage\":\"ar\",\"@id\":\"https:\\\/\\\/lequotidien.mr\\\/#\\\/schema\\\/logo\\\/image\\\/\",\"url\":\"https:\\\/\\\/lequotidien.mr\\\/wp-content\\\/uploads\\\/2022\\\/11\\\/logolequotidien.jpg\",\"contentUrl\":\"https:\\\/\\\/lequotidien.mr\\\/wp-content\\\/uploads\\\/2022\\\/11\\\/logolequotidien.jpg\",\"width\":290,\"height\":65,\"caption\":\"Le Quotidien de Nouakchott\"},\"image\":{\"@id\":\"https:\\\/\\\/lequotidien.mr\\\/#\\\/schema\\\/logo\\\/image\\\/\"},\"sameAs\":[\"https:\\\/\\\/web.facebook.com\\\/lequotidienmr\",\"https:\\\/\\\/x.com\\\/lequotidienmr\"]},{\"@type\":\"Person\",\"@id\":\"https:\\\/\\\/lequotidien.mr\\\/#\\\/schema\\\/person\\\/f90fcdaa970c60288de4ed2e64a56472\",\"name\":\"Le Quotidien\",\"image\":{\"@type\":\"ImageObject\",\"inLanguage\":\"ar\",\"@id\":\"https:\\\/\\\/secure.gravatar.com\\\/avatar\\\/374cb39a1a458a912465a93e5a3ce6546886fc3da809a1f10c63e4e8fcbca30f?s=96&d=mm&r=g\",\"url\":\"https:\\\/\\\/secure.gravatar.com\\\/avatar\\\/374cb39a1a458a912465a93e5a3ce6546886fc3da809a1f10c63e4e8fcbca30f?s=96&d=mm&r=g\",\"contentUrl\":\"https:\\\/\\\/secure.gravatar.com\\\/avatar\\\/374cb39a1a458a912465a93e5a3ce6546886fc3da809a1f10c63e4e8fcbca30f?s=96&d=mm&r=g\",\"caption\":\"Le Quotidien\"},\"sameAs\":[\"https:\\\/\\\/lequotidien.mr\\\/\"],\"url\":\"https:\\\/\\\/lequotidien.mr\\\/?author=4\"}]}<\/script>\n<!-- \/ Yoast SEO plugin. -->","yoast_head_json":{"title":"\u00a0Tentative de d\u00e9stabilisation avort\u00e9e\u00a0? : Le ministre de l\u2019int\u00e9rieur rassure les citoyens - Le Quotidien de Nouakchott","robots":{"index":"index","follow":"follow","max-snippet":"max-snippet:-1","max-image-preview":"max-image-preview:large","max-video-preview":"max-video-preview:-1"},"canonical":"https:\/\/lequotidien.mr\/?p=19411&lang=fr","og_locale":"ar_AR","og_type":"article","og_title":"\u00a0Tentative de d\u00e9stabilisation avort\u00e9e\u00a0? : Le ministre de l\u2019int\u00e9rieur rassure les citoyens - Le Quotidien de Nouakchott","og_description":"Lors d&#8217;un point de presse organis\u00e9 dimanche soir au Minist\u00e8re de l\u2019Int\u00e9rieur et de la D\u00e9centralisation, M. Mohamed Ahmed Ould Mohamed Lemine, ministre de l\u2019Int\u00e9rieur, a \u00e9voqu\u00e9 une tentative avort\u00e9e de d\u00e9stabilisation attribu\u00e9e aux partisans d\u2019un candidat \u00e0 l\u2019\u00e9lection pr\u00e9sidentielle du 29 juin 2024. Gr\u00e2ce \u00e0 l&#8217;\u00e9tat de veille instaur\u00e9 par le minist\u00e8re et les.....","og_url":"https:\/\/lequotidien.mr\/?p=19411&lang=fr","og_site_name":"Le Quotidien de Nouakchott","article_publisher":"https:\/\/web.facebook.com\/lequotidienmr","article_published_time":"2024-07-01T13:13:16+00:00","og_image":[{"width":750,"height":430,"url":"https:\/\/lequotidien.mr\/wp-content\/uploads\/2024\/07\/30-06-2024-s003-750x430-1.jpg","type":"image\/jpeg"}],"author":"Le Quotidien","twitter_card":"summary_large_image","twitter_creator":"@lequotidienmr","twitter_site":"@lequotidienmr","twitter_misc":{"\u0643\u064f\u062a\u0628 \u0628\u0648\u0627\u0633\u0637\u0629":"Le Quotidien","\u0648\u0642\u062a \u0627\u0644\u0642\u0631\u0627\u0621\u0629 \u0627\u0644\u0645\u064f\u0642\u062f\u0651\u0631":"3 \u062f\u0642\u0627\u0626\u0642"},"schema":{"@context":"https:\/\/schema.org","@graph":[{"@type":"Article","@id":"https:\/\/lequotidien.mr\/?p=19411&lang=fr#article","isPartOf":{"@id":"https:\/\/lequotidien.mr\/?p=19411&lang=fr"},"author":{"name":"Le Quotidien","@id":"https:\/\/lequotidien.mr\/#\/schema\/person\/f90fcdaa970c60288de4ed2e64a56472"},"headline":"\u00a0Tentative de d\u00e9stabilisation avort\u00e9e\u00a0? : Le ministre de l\u2019int\u00e9rieur rassure les citoyens","datePublished":"2024-07-01T13:13:16+00:00","mainEntityOfPage":{"@id":"https:\/\/lequotidien.mr\/?p=19411&lang=fr"},"wordCount":567,"commentCount":0,"publisher":{"@id":"https:\/\/lequotidien.mr\/#organization"},"image":{"@id":"https:\/\/lequotidien.mr\/?p=19411&lang=fr#primaryimage"},"thumbnailUrl":"https:\/\/lequotidien.mr\/wp-content\/uploads\/2024\/07\/30-06-2024-s003-750x430-1.jpg","articleSection":["ACTUALIT\u00c9","Couverture sp\u00e9cilale"],"inLanguage":"ar","potentialAction":[{"@type":"CommentAction","name":"Comment","target":["https:\/\/lequotidien.mr\/?p=19411&lang=fr#respond"]}]},{"@type":"WebPage","@id":"https:\/\/lequotidien.mr\/?p=19411&lang=fr","url":"https:\/\/lequotidien.mr\/?p=19411&lang=fr","name":"\u00a0Tentative de d\u00e9stabilisation avort\u00e9e\u00a0? : Le ministre de l\u2019int\u00e9rieur rassure les citoyens - Le Quotidien de Nouakchott","isPartOf":{"@id":"https:\/\/lequotidien.mr\/#website"},"primaryImageOfPage":{"@id":"https:\/\/lequotidien.mr\/?p=19411&lang=fr#primaryimage"},"image":{"@id":"https:\/\/lequotidien.mr\/?p=19411&lang=fr#primaryimage"},"thumbnailUrl":"https:\/\/lequotidien.mr\/wp-content\/uploads\/2024\/07\/30-06-2024-s003-750x430-1.jpg","datePublished":"2024-07-01T13:13:16+00:00","breadcrumb":{"@id":"https:\/\/lequotidien.mr\/?p=19411&lang=fr#breadcrumb"},"inLanguage":"ar","potentialAction":[{"@type":"ReadAction","target":["https:\/\/lequotidien.mr\/?p=19411&lang=fr"]}]},{"@type":"ImageObject","inLanguage":"ar","@id":"https:\/\/lequotidien.mr\/?p=19411&lang=fr#primaryimage","url":"https:\/\/lequotidien.mr\/wp-content\/uploads\/2024\/07\/30-06-2024-s003-750x430-1.jpg","contentUrl":"https:\/\/lequotidien.mr\/wp-content\/uploads\/2024\/07\/30-06-2024-s003-750x430-1.jpg","width":750,"height":430},{"@type":"BreadcrumbList","@id":"https:\/\/lequotidien.mr\/?p=19411&lang=fr#breadcrumb","itemListElement":[{"@type":"ListItem","position":1,"name":"Home","item":"https:\/\/lequotidien.mr\/"},{"@type":"ListItem","position":2,"name":"\u00a0Tentative de d\u00e9stabilisation avort\u00e9e\u00a0? : Le ministre de l\u2019int\u00e9rieur rassure les citoyens"}]},{"@type":"WebSite","@id":"https:\/\/lequotidien.mr\/#website","url":"https:\/\/lequotidien.mr\/","name":"Le Quotidien de Nouakchott","description":"\u0625\u062e\u0628\u0627\u0631\u064a\u0629 \u0645\u0633\u062a\u0642\u0644\u0629 \u0644\u0644\u0623\u0646\u0628\u0627\u0621 \u0627\u0644\u0639\u0627\u0645\u0629","publisher":{"@id":"https:\/\/lequotidien.mr\/#organization"},"potentialAction":[{"@type":"SearchAction","target":{"@type":"EntryPoint","urlTemplate":"https:\/\/lequotidien.mr\/?s={search_term_string}"},"query-input":{"@type":"PropertyValueSpecification","valueRequired":true,"valueName":"search_term_string"}}],"inLanguage":"ar"},{"@type":"Organization","@id":"https:\/\/lequotidien.mr\/#organization","name":"Le Quotidien de Nouakchott","url":"https:\/\/lequotidien.mr\/","logo":{"@type":"ImageObject","inLanguage":"ar","@id":"https:\/\/lequotidien.mr\/#\/schema\/logo\/image\/","url":"https:\/\/lequotidien.mr\/wp-content\/uploads\/2022\/11\/logolequotidien.jpg","contentUrl":"https:\/\/lequotidien.mr\/wp-content\/uploads\/2022\/11\/logolequotidien.jpg","width":290,"height":65,"caption":"Le Quotidien de Nouakchott"},"image":{"@id":"https:\/\/lequotidien.mr\/#\/schema\/logo\/image\/"},"sameAs":["https:\/\/web.facebook.com\/lequotidienmr","https:\/\/x.com\/lequotidienmr"]},{"@type":"Person","@id":"https:\/\/lequotidien.mr\/#\/schema\/person\/f90fcdaa970c60288de4ed2e64a56472","name":"Le Quotidien","image":{"@type":"ImageObject","inLanguage":"ar","@id":"https:\/\/secure.gravatar.com\/avatar\/374cb39a1a458a912465a93e5a3ce6546886fc3da809a1f10c63e4e8fcbca30f?s=96&d=mm&r=g","url":"https:\/\/secure.gravatar.com\/avatar\/374cb39a1a458a912465a93e5a3ce6546886fc3da809a1f10c63e4e8fcbca30f?s=96&d=mm&r=g","contentUrl":"https:\/\/secure.gravatar.com\/avatar\/374cb39a1a458a912465a93e5a3ce6546886fc3da809a1f10c63e4e8fcbca30f?s=96&d=mm&r=g","caption":"Le Quotidien"},"sameAs":["https:\/\/lequotidien.mr\/"],"url":"https:\/\/lequotidien.mr\/?author=4"}]}},"_links":{"self":[{"href":"https:\/\/lequotidien.mr\/index.php?rest_route=\/wp\/v2\/posts\/19411","targetHints":{"allow":["GET"]}}],"collection":[{"href":"https:\/\/lequotidien.mr\/index.php?rest_route=\/wp\/v2\/posts"}],"about":[{"href":"https:\/\/lequotidien.mr\/index.php?rest_route=\/wp\/v2\/types\/post"}],"author":[{"embeddable":true,"href":"https:\/\/lequotidien.mr\/index.php?rest_route=\/wp\/v2\/users\/4"}],"replies":[{"embeddable":true,"href":"https:\/\/lequotidien.mr\/index.php?rest_route=%2Fwp%2Fv2%2Fcomments&post=19411"}],"version-history":[{"count":1,"href":"https:\/\/lequotidien.mr\/index.php?rest_route=\/wp\/v2\/posts\/19411\/revisions"}],"predecessor-version":[{"id":19413,"href":"https:\/\/lequotidien.mr\/index.php?rest_route=\/wp\/v2\/posts\/19411\/revisions\/19413"}],"wp:featuredmedia":[{"embeddable":true,"href":"https:\/\/lequotidien.mr\/index.php?rest_route=\/wp\/v2\/media\/19412"}],"wp:attachment":[{"href":"https:\/\/lequotidien.mr\/index.php?rest_route=%2Fwp%2Fv2%2Fmedia&parent=19411"}],"wp:term":[{"taxonomy":"category","embeddable":true,"href":"https:\/\/lequotidien.mr\/index.php?rest_route=%2Fwp%2Fv2%2Fcategories&post=19411"},{"taxonomy":"post_tag","embeddable":true,"href":"https:\/\/lequotidien.mr\/index.php?rest_route=%2Fwp%2Fv2%2Ftags&post=19411"}],"curies":[{"name":"wp","href":"https:\/\/api.w.org\/{rel}","templated":true}]}}