{"id":19177,"date":"2024-06-25T11:30:38","date_gmt":"2024-06-25T11:30:38","guid":{"rendered":"https:\/\/lequotidien.mr\/?p=19177"},"modified":"2024-06-25T11:30:38","modified_gmt":"2024-06-25T11:30:38","slug":"une-plainte-deposee-contre-le-coordinateur-de-campagne-de-mohamed-ould-cheikh-el-ghazouani-au-trarza","status":"publish","type":"post","link":"https:\/\/lequotidien.mr\/?p=19177&lang=fr","title":{"rendered":"\u00a0Une plainte d\u00e9pos\u00e9e contre le coordinateur de campagne de Mohamed Ould Cheikh El Ghazouani au Trarza"},"content":{"rendered":"<p>&nbsp;<\/p>\n<p>La campagne du candidat \u00e0 la pr\u00e9sidence en Mauritanie, El Eid Ould Mohameden, a d\u00e9pos\u00e9 une plainte aupr\u00e8s du procureur de R\u00e9publique contre le coordinateur de la campagne du candidat Mohamed Ould Cheikh El Ghazouani dans la r\u00e9gion du Trarza, Nany Ould Chrougha.<\/p>\n<p>Dans un communiqu\u00e9 publi\u00e9 par la commission juridique centrale de la campagne d&#8217;El Eid, il est pr\u00e9cis\u00e9 que cette plainte a \u00e9t\u00e9 d\u00e9pos\u00e9e dans le cadre de la &#8220;poursuite des pratiques visant \u00e0 influencer les choix des \u00e9lecteurs par des promesses et des menaces, sapant ainsi la libert\u00e9 de vote.&#8221;<\/p>\n<p>Le communiqu\u00e9 indique que ces pratiques se sont manifest\u00e9es par les actions de Nany Ould Chrougha, coordinateur de la campagne de Mohamed Ould Cheikh El Ghazouani dans la r\u00e9gion du Trarza, qui aurait menac\u00e9 les \u00e9lecteurs de certaines municipalit\u00e9s.<\/p>\n<p>Selon le communiqu\u00e9, les menaces du coordinateur consistaient \u00e0 d\u00e9clarer que &#8220;les \u00e9lecteurs de ces municipalit\u00e9s seront ignor\u00e9s dans le traitement des probl\u00e8mes de services municipaux si leur position envers son candidat est n\u00e9gative, alors que les demandes de ceux qui les soutiennent seront prises en compte, affirmant qu&#8217;ils connaissent les bureaux de vote et ceux qui y votent.&#8221;<\/p>\n<p>Le comit\u00e9 a demand\u00e9 au procureur de &#8220;lancer une action publique contre le mis en cause pour prot\u00e9ger les droits de leur candidat en tant que partie civile l\u00e9s\u00e9e,&#8221; selon le communiqu\u00e9.<\/p>\n<p>L&#8217;opposition a critiqu\u00e9 les d\u00e9clarations du coordinateur du Trarza \u00e0 cet \u00e9gard, tandis que la campagne du candidat Ould Cheikh El Ghazouani a estim\u00e9 que les propos de Nany Ould Chrougha ne visaient pas les significations attribu\u00e9es par l&#8217;opposition.<\/p>\n<p>Lors d&#8217;une conf\u00e9rence de presse, le porte-parole du candidat Ghazouani a d\u00e9clar\u00e9 que les propos de Nany Ould Chrougha \u00e9taient simplement une campagne politique et ne contenaient aucune menace, mais \u00e9taient plut\u00f4t &#8220;une incitation pour ses partisans et un encouragement pour eux,&#8221; sans menacer aucun autre \u00e9lecteur.<\/p>\n","protected":false},"excerpt":{"rendered":"<p>&nbsp; La campagne du candidat \u00e0 la pr\u00e9sidence en Mauritanie, El Eid Ould Mohameden, a d\u00e9pos\u00e9 une plainte aupr\u00e8s du procureur de R\u00e9publique contre le coordinateur de la campagne du candidat Mohamed Ould Cheikh El Ghazouani dans la r\u00e9gion du Trarza, Nany Ould Chrougha. Dans un communiqu\u00e9 publi\u00e9 par la commission juridique centrale de la&#8230;..<\/p>\n","protected":false},"author":4,"featured_media":16337,"comment_status":"open","ping_status":"open","sticky":false,"template":"","format":"standard","meta":{"footnotes":""},"categories":[23,57],"tags":[],"class_list":["post-19177","post","type-post","status-publish","format-standard","has-post-thumbnail","hentry","category-actualite","category-couverture-specilale"],"yoast_head":"<!-- This site is optimized with the Yoast SEO plugin v27.5 - https:\/\/yoast.com\/product\/yoast-seo-wordpress\/ -->\n<title>\u00a0Une plainte d\u00e9pos\u00e9e contre le coordinateur de campagne de Mohamed Ould Cheikh El Ghazouani au Trarza - Le Quotidien de Nouakchott<\/title>\n<meta name=\"robots\" content=\"index, follow, max-snippet:-1, max-image-preview:large, max-video-preview:-1\" \/>\n<link rel=\"canonical\" href=\"https:\/\/lequotidien.mr\/?p=19177&lang=fr\" \/>\n<meta property=\"og:locale\" content=\"ar_AR\" \/>\n<meta property=\"og:type\" content=\"article\" \/>\n<meta property=\"og:title\" content=\"\u00a0Une plainte d\u00e9pos\u00e9e contre le coordinateur de campagne de Mohamed Ould Cheikh El Ghazouani au Trarza - Le Quotidien de Nouakchott\" \/>\n<meta property=\"og:description\" content=\"&nbsp; La campagne du candidat \u00e0 la pr\u00e9sidence en Mauritanie, El Eid Ould Mohameden, a d\u00e9pos\u00e9 une plainte aupr\u00e8s du procureur de R\u00e9publique contre le coordinateur de la campagne du candidat Mohamed Ould Cheikh El Ghazouani dans la r\u00e9gion du Trarza, Nany Ould Chrougha. Dans un communiqu\u00e9 publi\u00e9 par la commission juridique centrale de la.....\" \/>\n<meta property=\"og:url\" content=\"https:\/\/lequotidien.mr\/?p=19177&amp;lang=fr\" \/>\n<meta property=\"og:site_name\" content=\"Le Quotidien de Nouakchott\" \/>\n<meta property=\"article:publisher\" content=\"https:\/\/web.facebook.com\/lequotidienmr\" \/>\n<meta property=\"article:published_time\" content=\"2024-06-25T11:30:38+00:00\" \/>\n<meta property=\"og:image\" content=\"https:\/\/lequotidien.mr\/wp-content\/uploads\/2024\/02\/IMG-20240229-WA0013-1.webp\" \/>\n\t<meta property=\"og:image:width\" content=\"1280\" \/>\n\t<meta property=\"og:image:height\" content=\"852\" \/>\n\t<meta property=\"og:image:type\" content=\"image\/webp\" \/>\n<meta name=\"author\" content=\"Le Quotidien\" \/>\n<meta name=\"twitter:card\" content=\"summary_large_image\" \/>\n<meta name=\"twitter:creator\" content=\"@lequotidienmr\" \/>\n<meta name=\"twitter:site\" content=\"@lequotidienmr\" \/>\n<meta name=\"twitter:label1\" content=\"\u0643\u064f\u062a\u0628 \u0628\u0648\u0627\u0633\u0637\u0629\" \/>\n\t<meta name=\"twitter:data1\" content=\"Le Quotidien\" \/>\n\t<meta name=\"twitter:label2\" content=\"\u0648\u0642\u062a \u0627\u0644\u0642\u0631\u0627\u0621\u0629 \u0627\u0644\u0645\u064f\u0642\u062f\u0651\u0631\" \/>\n\t<meta name=\"twitter:data2\" content=\"\u062f\u0642\u064a\u0642\u062a\u0627\u0646\" \/>\n<script type=\"application\/ld+json\" class=\"yoast-schema-graph\">{\"@context\":\"https:\\\/\\\/schema.org\",\"@graph\":[{\"@type\":\"Article\",\"@id\":\"https:\\\/\\\/lequotidien.mr\\\/?p=19177&lang=fr#article\",\"isPartOf\":{\"@id\":\"https:\\\/\\\/lequotidien.mr\\\/?p=19177&lang=fr\"},\"author\":{\"name\":\"Le Quotidien\",\"@id\":\"https:\\\/\\\/lequotidien.mr\\\/#\\\/schema\\\/person\\\/f90fcdaa970c60288de4ed2e64a56472\"},\"headline\":\"\u00a0Une plainte d\u00e9pos\u00e9e contre le coordinateur de campagne de Mohamed Ould Cheikh El Ghazouani au Trarza\",\"datePublished\":\"2024-06-25T11:30:38+00:00\",\"mainEntityOfPage\":{\"@id\":\"https:\\\/\\\/lequotidien.mr\\\/?p=19177&lang=fr\"},\"wordCount\":353,\"commentCount\":0,\"publisher\":{\"@id\":\"https:\\\/\\\/lequotidien.mr\\\/#organization\"},\"image\":{\"@id\":\"https:\\\/\\\/lequotidien.mr\\\/?p=19177&lang=fr#primaryimage\"},\"thumbnailUrl\":\"https:\\\/\\\/lequotidien.mr\\\/wp-content\\\/uploads\\\/2024\\\/02\\\/IMG-20240229-WA0013-1.webp\",\"articleSection\":[\"ACTUALIT\u00c9\",\"Couverture sp\u00e9cilale\"],\"inLanguage\":\"ar\",\"potentialAction\":[{\"@type\":\"CommentAction\",\"name\":\"Comment\",\"target\":[\"https:\\\/\\\/lequotidien.mr\\\/?p=19177&lang=fr#respond\"]}]},{\"@type\":\"WebPage\",\"@id\":\"https:\\\/\\\/lequotidien.mr\\\/?p=19177&lang=fr\",\"url\":\"https:\\\/\\\/lequotidien.mr\\\/?p=19177&lang=fr\",\"name\":\"\u00a0Une plainte d\u00e9pos\u00e9e contre le coordinateur de campagne de Mohamed Ould Cheikh El Ghazouani au Trarza - Le Quotidien de Nouakchott\",\"isPartOf\":{\"@id\":\"https:\\\/\\\/lequotidien.mr\\\/#website\"},\"primaryImageOfPage\":{\"@id\":\"https:\\\/\\\/lequotidien.mr\\\/?p=19177&lang=fr#primaryimage\"},\"image\":{\"@id\":\"https:\\\/\\\/lequotidien.mr\\\/?p=19177&lang=fr#primaryimage\"},\"thumbnailUrl\":\"https:\\\/\\\/lequotidien.mr\\\/wp-content\\\/uploads\\\/2024\\\/02\\\/IMG-20240229-WA0013-1.webp\",\"datePublished\":\"2024-06-25T11:30:38+00:00\",\"breadcrumb\":{\"@id\":\"https:\\\/\\\/lequotidien.mr\\\/?p=19177&lang=fr#breadcrumb\"},\"inLanguage\":\"ar\",\"potentialAction\":[{\"@type\":\"ReadAction\",\"target\":[\"https:\\\/\\\/lequotidien.mr\\\/?p=19177&lang=fr\"]}]},{\"@type\":\"ImageObject\",\"inLanguage\":\"ar\",\"@id\":\"https:\\\/\\\/lequotidien.mr\\\/?p=19177&lang=fr#primaryimage\",\"url\":\"https:\\\/\\\/lequotidien.mr\\\/wp-content\\\/uploads\\\/2024\\\/02\\\/IMG-20240229-WA0013-1.webp\",\"contentUrl\":\"https:\\\/\\\/lequotidien.mr\\\/wp-content\\\/uploads\\\/2024\\\/02\\\/IMG-20240229-WA0013-1.webp\",\"width\":1280,\"height\":852},{\"@type\":\"BreadcrumbList\",\"@id\":\"https:\\\/\\\/lequotidien.mr\\\/?p=19177&lang=fr#breadcrumb\",\"itemListElement\":[{\"@type\":\"ListItem\",\"position\":1,\"name\":\"Home\",\"item\":\"https:\\\/\\\/lequotidien.mr\\\/\"},{\"@type\":\"ListItem\",\"position\":2,\"name\":\"\u00a0Une plainte d\u00e9pos\u00e9e contre le coordinateur de campagne de Mohamed Ould Cheikh El Ghazouani au Trarza\"}]},{\"@type\":\"WebSite\",\"@id\":\"https:\\\/\\\/lequotidien.mr\\\/#website\",\"url\":\"https:\\\/\\\/lequotidien.mr\\\/\",\"name\":\"Le Quotidien de Nouakchott\",\"description\":\"\u0625\u062e\u0628\u0627\u0631\u064a\u0629 \u0645\u0633\u062a\u0642\u0644\u0629 \u0644\u0644\u0623\u0646\u0628\u0627\u0621 \u0627\u0644\u0639\u0627\u0645\u0629\",\"publisher\":{\"@id\":\"https:\\\/\\\/lequotidien.mr\\\/#organization\"},\"potentialAction\":[{\"@type\":\"SearchAction\",\"target\":{\"@type\":\"EntryPoint\",\"urlTemplate\":\"https:\\\/\\\/lequotidien.mr\\\/?s={search_term_string}\"},\"query-input\":{\"@type\":\"PropertyValueSpecification\",\"valueRequired\":true,\"valueName\":\"search_term_string\"}}],\"inLanguage\":\"ar\"},{\"@type\":\"Organization\",\"@id\":\"https:\\\/\\\/lequotidien.mr\\\/#organization\",\"name\":\"Le Quotidien de Nouakchott\",\"url\":\"https:\\\/\\\/lequotidien.mr\\\/\",\"logo\":{\"@type\":\"ImageObject\",\"inLanguage\":\"ar\",\"@id\":\"https:\\\/\\\/lequotidien.mr\\\/#\\\/schema\\\/logo\\\/image\\\/\",\"url\":\"https:\\\/\\\/lequotidien.mr\\\/wp-content\\\/uploads\\\/2022\\\/11\\\/logolequotidien.jpg\",\"contentUrl\":\"https:\\\/\\\/lequotidien.mr\\\/wp-content\\\/uploads\\\/2022\\\/11\\\/logolequotidien.jpg\",\"width\":290,\"height\":65,\"caption\":\"Le Quotidien de Nouakchott\"},\"image\":{\"@id\":\"https:\\\/\\\/lequotidien.mr\\\/#\\\/schema\\\/logo\\\/image\\\/\"},\"sameAs\":[\"https:\\\/\\\/web.facebook.com\\\/lequotidienmr\",\"https:\\\/\\\/x.com\\\/lequotidienmr\"]},{\"@type\":\"Person\",\"@id\":\"https:\\\/\\\/lequotidien.mr\\\/#\\\/schema\\\/person\\\/f90fcdaa970c60288de4ed2e64a56472\",\"name\":\"Le Quotidien\",\"image\":{\"@type\":\"ImageObject\",\"inLanguage\":\"ar\",\"@id\":\"https:\\\/\\\/secure.gravatar.com\\\/avatar\\\/374cb39a1a458a912465a93e5a3ce6546886fc3da809a1f10c63e4e8fcbca30f?s=96&d=mm&r=g\",\"url\":\"https:\\\/\\\/secure.gravatar.com\\\/avatar\\\/374cb39a1a458a912465a93e5a3ce6546886fc3da809a1f10c63e4e8fcbca30f?s=96&d=mm&r=g\",\"contentUrl\":\"https:\\\/\\\/secure.gravatar.com\\\/avatar\\\/374cb39a1a458a912465a93e5a3ce6546886fc3da809a1f10c63e4e8fcbca30f?s=96&d=mm&r=g\",\"caption\":\"Le Quotidien\"},\"sameAs\":[\"https:\\\/\\\/lequotidien.mr\\\/\"],\"url\":\"https:\\\/\\\/lequotidien.mr\\\/?author=4\"}]}<\/script>\n<!-- \/ Yoast SEO plugin. -->","yoast_head_json":{"title":"\u00a0Une plainte d\u00e9pos\u00e9e contre le coordinateur de campagne de Mohamed Ould Cheikh El Ghazouani au Trarza - Le Quotidien de Nouakchott","robots":{"index":"index","follow":"follow","max-snippet":"max-snippet:-1","max-image-preview":"max-image-preview:large","max-video-preview":"max-video-preview:-1"},"canonical":"https:\/\/lequotidien.mr\/?p=19177&lang=fr","og_locale":"ar_AR","og_type":"article","og_title":"\u00a0Une plainte d\u00e9pos\u00e9e contre le coordinateur de campagne de Mohamed Ould Cheikh El Ghazouani au Trarza - Le Quotidien de Nouakchott","og_description":"&nbsp; La campagne du candidat \u00e0 la pr\u00e9sidence en Mauritanie, El Eid Ould Mohameden, a d\u00e9pos\u00e9 une plainte aupr\u00e8s du procureur de R\u00e9publique contre le coordinateur de la campagne du candidat Mohamed Ould Cheikh El Ghazouani dans la r\u00e9gion du Trarza, Nany Ould Chrougha. Dans un communiqu\u00e9 publi\u00e9 par la commission juridique centrale de la.....","og_url":"https:\/\/lequotidien.mr\/?p=19177&lang=fr","og_site_name":"Le Quotidien de Nouakchott","article_publisher":"https:\/\/web.facebook.com\/lequotidienmr","article_published_time":"2024-06-25T11:30:38+00:00","og_image":[{"width":1280,"height":852,"url":"https:\/\/lequotidien.mr\/wp-content\/uploads\/2024\/02\/IMG-20240229-WA0013-1.webp","type":"image\/webp"}],"author":"Le Quotidien","twitter_card":"summary_large_image","twitter_creator":"@lequotidienmr","twitter_site":"@lequotidienmr","twitter_misc":{"\u0643\u064f\u062a\u0628 \u0628\u0648\u0627\u0633\u0637\u0629":"Le Quotidien","\u0648\u0642\u062a \u0627\u0644\u0642\u0631\u0627\u0621\u0629 \u0627\u0644\u0645\u064f\u0642\u062f\u0651\u0631":"\u062f\u0642\u064a\u0642\u062a\u0627\u0646"},"schema":{"@context":"https:\/\/schema.org","@graph":[{"@type":"Article","@id":"https:\/\/lequotidien.mr\/?p=19177&lang=fr#article","isPartOf":{"@id":"https:\/\/lequotidien.mr\/?p=19177&lang=fr"},"author":{"name":"Le Quotidien","@id":"https:\/\/lequotidien.mr\/#\/schema\/person\/f90fcdaa970c60288de4ed2e64a56472"},"headline":"\u00a0Une plainte d\u00e9pos\u00e9e contre le coordinateur de campagne de Mohamed Ould Cheikh El Ghazouani au Trarza","datePublished":"2024-06-25T11:30:38+00:00","mainEntityOfPage":{"@id":"https:\/\/lequotidien.mr\/?p=19177&lang=fr"},"wordCount":353,"commentCount":0,"publisher":{"@id":"https:\/\/lequotidien.mr\/#organization"},"image":{"@id":"https:\/\/lequotidien.mr\/?p=19177&lang=fr#primaryimage"},"thumbnailUrl":"https:\/\/lequotidien.mr\/wp-content\/uploads\/2024\/02\/IMG-20240229-WA0013-1.webp","articleSection":["ACTUALIT\u00c9","Couverture sp\u00e9cilale"],"inLanguage":"ar","potentialAction":[{"@type":"CommentAction","name":"Comment","target":["https:\/\/lequotidien.mr\/?p=19177&lang=fr#respond"]}]},{"@type":"WebPage","@id":"https:\/\/lequotidien.mr\/?p=19177&lang=fr","url":"https:\/\/lequotidien.mr\/?p=19177&lang=fr","name":"\u00a0Une plainte d\u00e9pos\u00e9e contre le coordinateur de campagne de Mohamed Ould Cheikh El Ghazouani au Trarza - Le Quotidien de Nouakchott","isPartOf":{"@id":"https:\/\/lequotidien.mr\/#website"},"primaryImageOfPage":{"@id":"https:\/\/lequotidien.mr\/?p=19177&lang=fr#primaryimage"},"image":{"@id":"https:\/\/lequotidien.mr\/?p=19177&lang=fr#primaryimage"},"thumbnailUrl":"https:\/\/lequotidien.mr\/wp-content\/uploads\/2024\/02\/IMG-20240229-WA0013-1.webp","datePublished":"2024-06-25T11:30:38+00:00","breadcrumb":{"@id":"https:\/\/lequotidien.mr\/?p=19177&lang=fr#breadcrumb"},"inLanguage":"ar","potentialAction":[{"@type":"ReadAction","target":["https:\/\/lequotidien.mr\/?p=19177&lang=fr"]}]},{"@type":"ImageObject","inLanguage":"ar","@id":"https:\/\/lequotidien.mr\/?p=19177&lang=fr#primaryimage","url":"https:\/\/lequotidien.mr\/wp-content\/uploads\/2024\/02\/IMG-20240229-WA0013-1.webp","contentUrl":"https:\/\/lequotidien.mr\/wp-content\/uploads\/2024\/02\/IMG-20240229-WA0013-1.webp","width":1280,"height":852},{"@type":"BreadcrumbList","@id":"https:\/\/lequotidien.mr\/?p=19177&lang=fr#breadcrumb","itemListElement":[{"@type":"ListItem","position":1,"name":"Home","item":"https:\/\/lequotidien.mr\/"},{"@type":"ListItem","position":2,"name":"\u00a0Une plainte d\u00e9pos\u00e9e contre le coordinateur de campagne de Mohamed Ould Cheikh El Ghazouani au Trarza"}]},{"@type":"WebSite","@id":"https:\/\/lequotidien.mr\/#website","url":"https:\/\/lequotidien.mr\/","name":"Le Quotidien de Nouakchott","description":"\u0625\u062e\u0628\u0627\u0631\u064a\u0629 \u0645\u0633\u062a\u0642\u0644\u0629 \u0644\u0644\u0623\u0646\u0628\u0627\u0621 \u0627\u0644\u0639\u0627\u0645\u0629","publisher":{"@id":"https:\/\/lequotidien.mr\/#organization"},"potentialAction":[{"@type":"SearchAction","target":{"@type":"EntryPoint","urlTemplate":"https:\/\/lequotidien.mr\/?s={search_term_string}"},"query-input":{"@type":"PropertyValueSpecification","valueRequired":true,"valueName":"search_term_string"}}],"inLanguage":"ar"},{"@type":"Organization","@id":"https:\/\/lequotidien.mr\/#organization","name":"Le Quotidien de Nouakchott","url":"https:\/\/lequotidien.mr\/","logo":{"@type":"ImageObject","inLanguage":"ar","@id":"https:\/\/lequotidien.mr\/#\/schema\/logo\/image\/","url":"https:\/\/lequotidien.mr\/wp-content\/uploads\/2022\/11\/logolequotidien.jpg","contentUrl":"https:\/\/lequotidien.mr\/wp-content\/uploads\/2022\/11\/logolequotidien.jpg","width":290,"height":65,"caption":"Le Quotidien de Nouakchott"},"image":{"@id":"https:\/\/lequotidien.mr\/#\/schema\/logo\/image\/"},"sameAs":["https:\/\/web.facebook.com\/lequotidienmr","https:\/\/x.com\/lequotidienmr"]},{"@type":"Person","@id":"https:\/\/lequotidien.mr\/#\/schema\/person\/f90fcdaa970c60288de4ed2e64a56472","name":"Le Quotidien","image":{"@type":"ImageObject","inLanguage":"ar","@id":"https:\/\/secure.gravatar.com\/avatar\/374cb39a1a458a912465a93e5a3ce6546886fc3da809a1f10c63e4e8fcbca30f?s=96&d=mm&r=g","url":"https:\/\/secure.gravatar.com\/avatar\/374cb39a1a458a912465a93e5a3ce6546886fc3da809a1f10c63e4e8fcbca30f?s=96&d=mm&r=g","contentUrl":"https:\/\/secure.gravatar.com\/avatar\/374cb39a1a458a912465a93e5a3ce6546886fc3da809a1f10c63e4e8fcbca30f?s=96&d=mm&r=g","caption":"Le Quotidien"},"sameAs":["https:\/\/lequotidien.mr\/"],"url":"https:\/\/lequotidien.mr\/?author=4"}]}},"_links":{"self":[{"href":"https:\/\/lequotidien.mr\/index.php?rest_route=\/wp\/v2\/posts\/19177","targetHints":{"allow":["GET"]}}],"collection":[{"href":"https:\/\/lequotidien.mr\/index.php?rest_route=\/wp\/v2\/posts"}],"about":[{"href":"https:\/\/lequotidien.mr\/index.php?rest_route=\/wp\/v2\/types\/post"}],"author":[{"embeddable":true,"href":"https:\/\/lequotidien.mr\/index.php?rest_route=\/wp\/v2\/users\/4"}],"replies":[{"embeddable":true,"href":"https:\/\/lequotidien.mr\/index.php?rest_route=%2Fwp%2Fv2%2Fcomments&post=19177"}],"version-history":[{"count":1,"href":"https:\/\/lequotidien.mr\/index.php?rest_route=\/wp\/v2\/posts\/19177\/revisions"}],"predecessor-version":[{"id":19178,"href":"https:\/\/lequotidien.mr\/index.php?rest_route=\/wp\/v2\/posts\/19177\/revisions\/19178"}],"wp:featuredmedia":[{"embeddable":true,"href":"https:\/\/lequotidien.mr\/index.php?rest_route=\/wp\/v2\/media\/16337"}],"wp:attachment":[{"href":"https:\/\/lequotidien.mr\/index.php?rest_route=%2Fwp%2Fv2%2Fmedia&parent=19177"}],"wp:term":[{"taxonomy":"category","embeddable":true,"href":"https:\/\/lequotidien.mr\/index.php?rest_route=%2Fwp%2Fv2%2Fcategories&post=19177"},{"taxonomy":"post_tag","embeddable":true,"href":"https:\/\/lequotidien.mr\/index.php?rest_route=%2Fwp%2Fv2%2Ftags&post=19177"}],"curies":[{"name":"wp","href":"https:\/\/api.w.org\/{rel}","templated":true}]}}