{"id":18682,"date":"2024-06-05T11:58:40","date_gmt":"2024-06-05T11:58:40","guid":{"rendered":"https:\/\/lequotidien.mr\/?p=18682"},"modified":"2024-06-05T11:58:40","modified_gmt":"2024-06-05T11:58:40","slug":"sommet-coree-afrique-des-resultats-positifs-qui-serviront-de-catalyseur-a-la-mise-en-oeuvre-de-lagenda-2063","status":"publish","type":"post","link":"https:\/\/lequotidien.mr\/?p=18682&lang=fr","title":{"rendered":"Sommet Cor\u00e9e-Afrique : Des r\u00e9sultats positifs qui serviront de catalyseur \u00e0 la mise en \u0153uvre de l\u2019Agenda 2063"},"content":{"rendered":"<p>Dans son discours de cl\u00f4ture du Sommet Cor\u00e9e-Afrique, Mohamed Cheikh El Ghazouani, Pr\u00e9sident de la R\u00e9publique et Pr\u00e9sident en exercice de l\u2019Union africaine, a mis en avant une vision prometteuse pour le partenariat entre l\u2019Afrique et la Cor\u00e9e. L&#8217;\u00e9v\u00e9nement, qui a r\u00e9uni un parterre de repr\u00e9sentants de haut niveau des deux r\u00e9gions, s&#8217;est av\u00e9r\u00e9 \u00eatre une plateforme cruciale pour renforcer les liens strat\u00e9giques et explorer de nouvelles opportunit\u00e9s de coop\u00e9ration.<\/p>\n<p>\u00abLes r\u00e9sultats du Sommet Cor\u00e9e-Afrique traduisent la profondeur du partenariat strat\u00e9gique auquel l\u2019Afrique et la Cor\u00e9e aspirent ensemble, un partenariat qui fait de la solidarit\u00e9, de la coop\u00e9ration sur l\u2019int\u00e9r\u00eat commun et le respect mutuel une base pour optimiser les nombreuses opportunit\u00e9s d\u00e9coulant de la vitalit\u00e9 des \u00e9conomies africaine et cor\u00e9enne\u00bb, a-t-il dit.<\/p>\n<p>Une des expressions tangibles de cette coop\u00e9ration ont \u00e9t\u00e9 les remerciements sinc\u00e8res du Pr\u00e9sident Ghazouani envers le Pr\u00e9sident de la R\u00e9publique de Cor\u00e9e, M. Yoon Suk-yeol, ainsi que le peuple et le gouvernement cor\u00e9ens, pour leur accueil chaleureux et l&#8217;organisation impeccable du sommet. Cette reconnaissance t\u00e9moigne de l&#8217;importance accord\u00e9e aux relations intercontinentales et \u00e0 la diplomatie efficace dans la construction de partenariats durables.<\/p>\n<p>Le communiqu\u00e9 final du sommet refl\u00e8te clairement les aspirations communes des deux parties dans des domaines vitaux tels que l\u2019industrialisation, l\u2019agriculture, les infrastructures, l\u2019\u00e9conomie num\u00e9rique, l\u2019\u00e9nergie et le changement climatique. Cette diversification des domaines de coop\u00e9ration d\u00e9montre une volont\u00e9 partag\u00e9e de renforcer les bases d&#8217;un d\u00e9veloppement durable et inclusif.<\/p>\n<p>Le Pr\u00e9sident Ghazouani a soulign\u00e9 que les r\u00e9sultats positifs du sommet serviront de catalyseur \u00e0 la mise en \u0153uvre de l\u2019Agenda 2063, un plan ambitieux pour le d\u00e9veloppement continental.<\/p>\n<p>\u00abLes investissements class\u00e9s dans les r\u00e9sultats de ce sommet acc\u00e9l\u00e9reront le rythme de l\u2019int\u00e9gration continentale en activant la zone de libre-\u00e9change continentale en tant que m\u00e9canisme d\u2019int\u00e9gration \u00e9conomique afin de r\u00e9aliser le bien-\u00eatre commun des peuples de notre continent et de renforcer l\u2019\u00e9difice de la coop\u00e9ration Afrique-Cor\u00e9e\u00bb, a-t-il conclu.<\/p>\n<p>Au finish, le sommet a \u00e9t\u00e9 une manifestation concr\u00e8te de la volont\u00e9 des deux parties de travailler ensemble pour relever les d\u00e9fis communs et exploiter les opportunit\u00e9s de croissance et de d\u00e9veloppement. Ces \u00e9changes renforc\u00e9s sont essentiels pour fa\u00e7onner un avenir prosp\u00e8re et durable pour les peuples de l\u2019Afrique et de la Cor\u00e9e.<\/p>\n","protected":false},"excerpt":{"rendered":"<p>Dans son discours de cl\u00f4ture du Sommet Cor\u00e9e-Afrique, Mohamed Cheikh El Ghazouani, Pr\u00e9sident de la R\u00e9publique et Pr\u00e9sident en exercice de l\u2019Union africaine, a mis en avant une vision prometteuse pour le partenariat entre l\u2019Afrique et la Cor\u00e9e. L&#8217;\u00e9v\u00e9nement, qui a r\u00e9uni un parterre de repr\u00e9sentants de haut niveau des deux r\u00e9gions, s&#8217;est av\u00e9r\u00e9 \u00eatre&#8230;..<\/p>\n","protected":false},"author":12,"featured_media":18683,"comment_status":"open","ping_status":"open","sticky":false,"template":"","format":"standard","meta":{"footnotes":""},"categories":[23,49],"tags":[],"class_list":["post-18682","post","type-post","status-publish","format-standard","has-post-thumbnail","hentry","category-actualite","category-economie"],"yoast_head":"<!-- This site is optimized with the Yoast SEO plugin v27.5 - https:\/\/yoast.com\/product\/yoast-seo-wordpress\/ -->\n<title>Sommet Cor\u00e9e-Afrique : Des r\u00e9sultats positifs qui serviront de catalyseur \u00e0 la mise en \u0153uvre de l\u2019Agenda 2063 - Le Quotidien de Nouakchott<\/title>\n<meta name=\"robots\" content=\"index, follow, max-snippet:-1, max-image-preview:large, max-video-preview:-1\" \/>\n<link rel=\"canonical\" href=\"https:\/\/lequotidien.mr\/?p=18682&lang=fr\" \/>\n<meta property=\"og:locale\" content=\"ar_AR\" \/>\n<meta property=\"og:type\" content=\"article\" \/>\n<meta property=\"og:title\" content=\"Sommet Cor\u00e9e-Afrique : Des r\u00e9sultats positifs qui serviront de catalyseur \u00e0 la mise en \u0153uvre de l\u2019Agenda 2063 - Le Quotidien de Nouakchott\" \/>\n<meta property=\"og:description\" content=\"Dans son discours de cl\u00f4ture du Sommet Cor\u00e9e-Afrique, Mohamed Cheikh El Ghazouani, Pr\u00e9sident de la R\u00e9publique et Pr\u00e9sident en exercice de l\u2019Union africaine, a mis en avant une vision prometteuse pour le partenariat entre l\u2019Afrique et la Cor\u00e9e. L&#8217;\u00e9v\u00e9nement, qui a r\u00e9uni un parterre de repr\u00e9sentants de haut niveau des deux r\u00e9gions, s&#8217;est av\u00e9r\u00e9 \u00eatre.....\" \/>\n<meta property=\"og:url\" content=\"https:\/\/lequotidien.mr\/?p=18682&amp;lang=fr\" \/>\n<meta property=\"og:site_name\" content=\"Le Quotidien de Nouakchott\" \/>\n<meta property=\"article:publisher\" content=\"https:\/\/web.facebook.com\/lequotidienmr\" \/>\n<meta property=\"article:published_time\" content=\"2024-06-05T11:58:40+00:00\" \/>\n<meta property=\"og:image\" content=\"https:\/\/lequotidien.mr\/wp-content\/uploads\/2024\/06\/photo-Ghazouni-cloture-sommet-Coree-du-Sud-2.jpg\" \/>\n\t<meta property=\"og:image:width\" content=\"448\" \/>\n\t<meta property=\"og:image:height\" content=\"292\" \/>\n\t<meta property=\"og:image:type\" content=\"image\/jpeg\" \/>\n<meta name=\"author\" content=\"Med Ahmed\" \/>\n<meta name=\"twitter:card\" content=\"summary_large_image\" \/>\n<meta name=\"twitter:creator\" content=\"@lequotidienmr\" \/>\n<meta name=\"twitter:site\" content=\"@lequotidienmr\" \/>\n<meta name=\"twitter:label1\" content=\"\u0643\u064f\u062a\u0628 \u0628\u0648\u0627\u0633\u0637\u0629\" \/>\n\t<meta name=\"twitter:data1\" content=\"Med Ahmed\" \/>\n\t<meta name=\"twitter:label2\" content=\"\u0648\u0642\u062a \u0627\u0644\u0642\u0631\u0627\u0621\u0629 \u0627\u0644\u0645\u064f\u0642\u062f\u0651\u0631\" \/>\n\t<meta name=\"twitter:data2\" content=\"\u062f\u0642\u064a\u0642\u062a\u0627\u0646\" \/>\n<script type=\"application\/ld+json\" class=\"yoast-schema-graph\">{\"@context\":\"https:\\\/\\\/schema.org\",\"@graph\":[{\"@type\":\"Article\",\"@id\":\"https:\\\/\\\/lequotidien.mr\\\/?p=18682&lang=fr#article\",\"isPartOf\":{\"@id\":\"https:\\\/\\\/lequotidien.mr\\\/?p=18682&lang=fr\"},\"author\":{\"name\":\"Med Ahmed\",\"@id\":\"https:\\\/\\\/lequotidien.mr\\\/#\\\/schema\\\/person\\\/d2d350202a4d599685ed8abc25f97596\"},\"headline\":\"Sommet Cor\u00e9e-Afrique : Des r\u00e9sultats positifs qui serviront de catalyseur \u00e0 la mise en \u0153uvre de l\u2019Agenda 2063\",\"datePublished\":\"2024-06-05T11:58:40+00:00\",\"mainEntityOfPage\":{\"@id\":\"https:\\\/\\\/lequotidien.mr\\\/?p=18682&lang=fr\"},\"wordCount\":461,\"commentCount\":0,\"publisher\":{\"@id\":\"https:\\\/\\\/lequotidien.mr\\\/#organization\"},\"image\":{\"@id\":\"https:\\\/\\\/lequotidien.mr\\\/?p=18682&lang=fr#primaryimage\"},\"thumbnailUrl\":\"https:\\\/\\\/lequotidien.mr\\\/wp-content\\\/uploads\\\/2024\\\/06\\\/photo-Ghazouni-cloture-sommet-Coree-du-Sud-2.jpg\",\"articleSection\":[\"ACTUALIT\u00c9\",\"Economie\"],\"inLanguage\":\"ar\",\"potentialAction\":[{\"@type\":\"CommentAction\",\"name\":\"Comment\",\"target\":[\"https:\\\/\\\/lequotidien.mr\\\/?p=18682&lang=fr#respond\"]}]},{\"@type\":\"WebPage\",\"@id\":\"https:\\\/\\\/lequotidien.mr\\\/?p=18682&lang=fr\",\"url\":\"https:\\\/\\\/lequotidien.mr\\\/?p=18682&lang=fr\",\"name\":\"Sommet Cor\u00e9e-Afrique : Des r\u00e9sultats positifs qui serviront de catalyseur \u00e0 la mise en \u0153uvre de l\u2019Agenda 2063 - Le Quotidien de Nouakchott\",\"isPartOf\":{\"@id\":\"https:\\\/\\\/lequotidien.mr\\\/#website\"},\"primaryImageOfPage\":{\"@id\":\"https:\\\/\\\/lequotidien.mr\\\/?p=18682&lang=fr#primaryimage\"},\"image\":{\"@id\":\"https:\\\/\\\/lequotidien.mr\\\/?p=18682&lang=fr#primaryimage\"},\"thumbnailUrl\":\"https:\\\/\\\/lequotidien.mr\\\/wp-content\\\/uploads\\\/2024\\\/06\\\/photo-Ghazouni-cloture-sommet-Coree-du-Sud-2.jpg\",\"datePublished\":\"2024-06-05T11:58:40+00:00\",\"breadcrumb\":{\"@id\":\"https:\\\/\\\/lequotidien.mr\\\/?p=18682&lang=fr#breadcrumb\"},\"inLanguage\":\"ar\",\"potentialAction\":[{\"@type\":\"ReadAction\",\"target\":[\"https:\\\/\\\/lequotidien.mr\\\/?p=18682&lang=fr\"]}]},{\"@type\":\"ImageObject\",\"inLanguage\":\"ar\",\"@id\":\"https:\\\/\\\/lequotidien.mr\\\/?p=18682&lang=fr#primaryimage\",\"url\":\"https:\\\/\\\/lequotidien.mr\\\/wp-content\\\/uploads\\\/2024\\\/06\\\/photo-Ghazouni-cloture-sommet-Coree-du-Sud-2.jpg\",\"contentUrl\":\"https:\\\/\\\/lequotidien.mr\\\/wp-content\\\/uploads\\\/2024\\\/06\\\/photo-Ghazouni-cloture-sommet-Coree-du-Sud-2.jpg\",\"width\":448,\"height\":292,\"caption\":\"South Korean President Yoon Suk Yeol (R) shakes hands with Mauritanian President Mohamed Ould Ghazouani (L), chairperson of the African Union, during a joint press conference following the 2024 Korea-Africa Summit in Goyang on June 4, 2024. President Yoon Suk Yeol on June 4 announced billions of dollars in new aid and investment support for Africa, as South Korea looks to boost trade ties with the continent. (Photo by Jung Yeon-je \\\/ AFP)\"},{\"@type\":\"BreadcrumbList\",\"@id\":\"https:\\\/\\\/lequotidien.mr\\\/?p=18682&lang=fr#breadcrumb\",\"itemListElement\":[{\"@type\":\"ListItem\",\"position\":1,\"name\":\"Home\",\"item\":\"https:\\\/\\\/lequotidien.mr\\\/\"},{\"@type\":\"ListItem\",\"position\":2,\"name\":\"Sommet Cor\u00e9e-Afrique : Des r\u00e9sultats positifs qui serviront de catalyseur \u00e0 la mise en \u0153uvre de l\u2019Agenda 2063\"}]},{\"@type\":\"WebSite\",\"@id\":\"https:\\\/\\\/lequotidien.mr\\\/#website\",\"url\":\"https:\\\/\\\/lequotidien.mr\\\/\",\"name\":\"Le Quotidien de Nouakchott\",\"description\":\"\u0625\u062e\u0628\u0627\u0631\u064a\u0629 \u0645\u0633\u062a\u0642\u0644\u0629 \u0644\u0644\u0623\u0646\u0628\u0627\u0621 \u0627\u0644\u0639\u0627\u0645\u0629\",\"publisher\":{\"@id\":\"https:\\\/\\\/lequotidien.mr\\\/#organization\"},\"potentialAction\":[{\"@type\":\"SearchAction\",\"target\":{\"@type\":\"EntryPoint\",\"urlTemplate\":\"https:\\\/\\\/lequotidien.mr\\\/?s={search_term_string}\"},\"query-input\":{\"@type\":\"PropertyValueSpecification\",\"valueRequired\":true,\"valueName\":\"search_term_string\"}}],\"inLanguage\":\"ar\"},{\"@type\":\"Organization\",\"@id\":\"https:\\\/\\\/lequotidien.mr\\\/#organization\",\"name\":\"Le Quotidien de Nouakchott\",\"url\":\"https:\\\/\\\/lequotidien.mr\\\/\",\"logo\":{\"@type\":\"ImageObject\",\"inLanguage\":\"ar\",\"@id\":\"https:\\\/\\\/lequotidien.mr\\\/#\\\/schema\\\/logo\\\/image\\\/\",\"url\":\"https:\\\/\\\/lequotidien.mr\\\/wp-content\\\/uploads\\\/2022\\\/11\\\/logolequotidien.jpg\",\"contentUrl\":\"https:\\\/\\\/lequotidien.mr\\\/wp-content\\\/uploads\\\/2022\\\/11\\\/logolequotidien.jpg\",\"width\":290,\"height\":65,\"caption\":\"Le Quotidien de Nouakchott\"},\"image\":{\"@id\":\"https:\\\/\\\/lequotidien.mr\\\/#\\\/schema\\\/logo\\\/image\\\/\"},\"sameAs\":[\"https:\\\/\\\/web.facebook.com\\\/lequotidienmr\",\"https:\\\/\\\/x.com\\\/lequotidienmr\"]},{\"@type\":\"Person\",\"@id\":\"https:\\\/\\\/lequotidien.mr\\\/#\\\/schema\\\/person\\\/d2d350202a4d599685ed8abc25f97596\",\"name\":\"Med Ahmed\",\"image\":{\"@type\":\"ImageObject\",\"inLanguage\":\"ar\",\"@id\":\"https:\\\/\\\/secure.gravatar.com\\\/avatar\\\/fd2acc62ed50732923d1d39c17172c9b04149f142be92310ecc69e1358f94b52?s=96&d=mm&r=g\",\"url\":\"https:\\\/\\\/secure.gravatar.com\\\/avatar\\\/fd2acc62ed50732923d1d39c17172c9b04149f142be92310ecc69e1358f94b52?s=96&d=mm&r=g\",\"contentUrl\":\"https:\\\/\\\/secure.gravatar.com\\\/avatar\\\/fd2acc62ed50732923d1d39c17172c9b04149f142be92310ecc69e1358f94b52?s=96&d=mm&r=g\",\"caption\":\"Med Ahmed\"},\"url\":\"https:\\\/\\\/lequotidien.mr\\\/?author=12\"}]}<\/script>\n<!-- \/ Yoast SEO plugin. -->","yoast_head_json":{"title":"Sommet Cor\u00e9e-Afrique : Des r\u00e9sultats positifs qui serviront de catalyseur \u00e0 la mise en \u0153uvre de l\u2019Agenda 2063 - Le Quotidien de Nouakchott","robots":{"index":"index","follow":"follow","max-snippet":"max-snippet:-1","max-image-preview":"max-image-preview:large","max-video-preview":"max-video-preview:-1"},"canonical":"https:\/\/lequotidien.mr\/?p=18682&lang=fr","og_locale":"ar_AR","og_type":"article","og_title":"Sommet Cor\u00e9e-Afrique : Des r\u00e9sultats positifs qui serviront de catalyseur \u00e0 la mise en \u0153uvre de l\u2019Agenda 2063 - Le Quotidien de Nouakchott","og_description":"Dans son discours de cl\u00f4ture du Sommet Cor\u00e9e-Afrique, Mohamed Cheikh El Ghazouani, Pr\u00e9sident de la R\u00e9publique et Pr\u00e9sident en exercice de l\u2019Union africaine, a mis en avant une vision prometteuse pour le partenariat entre l\u2019Afrique et la Cor\u00e9e. L&#8217;\u00e9v\u00e9nement, qui a r\u00e9uni un parterre de repr\u00e9sentants de haut niveau des deux r\u00e9gions, s&#8217;est av\u00e9r\u00e9 \u00eatre.....","og_url":"https:\/\/lequotidien.mr\/?p=18682&lang=fr","og_site_name":"Le Quotidien de Nouakchott","article_publisher":"https:\/\/web.facebook.com\/lequotidienmr","article_published_time":"2024-06-05T11:58:40+00:00","og_image":[{"width":448,"height":292,"url":"https:\/\/lequotidien.mr\/wp-content\/uploads\/2024\/06\/photo-Ghazouni-cloture-sommet-Coree-du-Sud-2.jpg","type":"image\/jpeg"}],"author":"Med Ahmed","twitter_card":"summary_large_image","twitter_creator":"@lequotidienmr","twitter_site":"@lequotidienmr","twitter_misc":{"\u0643\u064f\u062a\u0628 \u0628\u0648\u0627\u0633\u0637\u0629":"Med Ahmed","\u0648\u0642\u062a \u0627\u0644\u0642\u0631\u0627\u0621\u0629 \u0627\u0644\u0645\u064f\u0642\u062f\u0651\u0631":"\u062f\u0642\u064a\u0642\u062a\u0627\u0646"},"schema":{"@context":"https:\/\/schema.org","@graph":[{"@type":"Article","@id":"https:\/\/lequotidien.mr\/?p=18682&lang=fr#article","isPartOf":{"@id":"https:\/\/lequotidien.mr\/?p=18682&lang=fr"},"author":{"name":"Med Ahmed","@id":"https:\/\/lequotidien.mr\/#\/schema\/person\/d2d350202a4d599685ed8abc25f97596"},"headline":"Sommet Cor\u00e9e-Afrique : Des r\u00e9sultats positifs qui serviront de catalyseur \u00e0 la mise en \u0153uvre de l\u2019Agenda 2063","datePublished":"2024-06-05T11:58:40+00:00","mainEntityOfPage":{"@id":"https:\/\/lequotidien.mr\/?p=18682&lang=fr"},"wordCount":461,"commentCount":0,"publisher":{"@id":"https:\/\/lequotidien.mr\/#organization"},"image":{"@id":"https:\/\/lequotidien.mr\/?p=18682&lang=fr#primaryimage"},"thumbnailUrl":"https:\/\/lequotidien.mr\/wp-content\/uploads\/2024\/06\/photo-Ghazouni-cloture-sommet-Coree-du-Sud-2.jpg","articleSection":["ACTUALIT\u00c9","Economie"],"inLanguage":"ar","potentialAction":[{"@type":"CommentAction","name":"Comment","target":["https:\/\/lequotidien.mr\/?p=18682&lang=fr#respond"]}]},{"@type":"WebPage","@id":"https:\/\/lequotidien.mr\/?p=18682&lang=fr","url":"https:\/\/lequotidien.mr\/?p=18682&lang=fr","name":"Sommet Cor\u00e9e-Afrique : Des r\u00e9sultats positifs qui serviront de catalyseur \u00e0 la mise en \u0153uvre de l\u2019Agenda 2063 - Le Quotidien de Nouakchott","isPartOf":{"@id":"https:\/\/lequotidien.mr\/#website"},"primaryImageOfPage":{"@id":"https:\/\/lequotidien.mr\/?p=18682&lang=fr#primaryimage"},"image":{"@id":"https:\/\/lequotidien.mr\/?p=18682&lang=fr#primaryimage"},"thumbnailUrl":"https:\/\/lequotidien.mr\/wp-content\/uploads\/2024\/06\/photo-Ghazouni-cloture-sommet-Coree-du-Sud-2.jpg","datePublished":"2024-06-05T11:58:40+00:00","breadcrumb":{"@id":"https:\/\/lequotidien.mr\/?p=18682&lang=fr#breadcrumb"},"inLanguage":"ar","potentialAction":[{"@type":"ReadAction","target":["https:\/\/lequotidien.mr\/?p=18682&lang=fr"]}]},{"@type":"ImageObject","inLanguage":"ar","@id":"https:\/\/lequotidien.mr\/?p=18682&lang=fr#primaryimage","url":"https:\/\/lequotidien.mr\/wp-content\/uploads\/2024\/06\/photo-Ghazouni-cloture-sommet-Coree-du-Sud-2.jpg","contentUrl":"https:\/\/lequotidien.mr\/wp-content\/uploads\/2024\/06\/photo-Ghazouni-cloture-sommet-Coree-du-Sud-2.jpg","width":448,"height":292,"caption":"South Korean President Yoon Suk Yeol (R) shakes hands with Mauritanian President Mohamed Ould Ghazouani (L), chairperson of the African Union, during a joint press conference following the 2024 Korea-Africa Summit in Goyang on June 4, 2024. President Yoon Suk Yeol on June 4 announced billions of dollars in new aid and investment support for Africa, as South Korea looks to boost trade ties with the continent. (Photo by Jung Yeon-je \/ AFP)"},{"@type":"BreadcrumbList","@id":"https:\/\/lequotidien.mr\/?p=18682&lang=fr#breadcrumb","itemListElement":[{"@type":"ListItem","position":1,"name":"Home","item":"https:\/\/lequotidien.mr\/"},{"@type":"ListItem","position":2,"name":"Sommet Cor\u00e9e-Afrique : Des r\u00e9sultats positifs qui serviront de catalyseur \u00e0 la mise en \u0153uvre de l\u2019Agenda 2063"}]},{"@type":"WebSite","@id":"https:\/\/lequotidien.mr\/#website","url":"https:\/\/lequotidien.mr\/","name":"Le Quotidien de Nouakchott","description":"\u0625\u062e\u0628\u0627\u0631\u064a\u0629 \u0645\u0633\u062a\u0642\u0644\u0629 \u0644\u0644\u0623\u0646\u0628\u0627\u0621 \u0627\u0644\u0639\u0627\u0645\u0629","publisher":{"@id":"https:\/\/lequotidien.mr\/#organization"},"potentialAction":[{"@type":"SearchAction","target":{"@type":"EntryPoint","urlTemplate":"https:\/\/lequotidien.mr\/?s={search_term_string}"},"query-input":{"@type":"PropertyValueSpecification","valueRequired":true,"valueName":"search_term_string"}}],"inLanguage":"ar"},{"@type":"Organization","@id":"https:\/\/lequotidien.mr\/#organization","name":"Le Quotidien de Nouakchott","url":"https:\/\/lequotidien.mr\/","logo":{"@type":"ImageObject","inLanguage":"ar","@id":"https:\/\/lequotidien.mr\/#\/schema\/logo\/image\/","url":"https:\/\/lequotidien.mr\/wp-content\/uploads\/2022\/11\/logolequotidien.jpg","contentUrl":"https:\/\/lequotidien.mr\/wp-content\/uploads\/2022\/11\/logolequotidien.jpg","width":290,"height":65,"caption":"Le Quotidien de Nouakchott"},"image":{"@id":"https:\/\/lequotidien.mr\/#\/schema\/logo\/image\/"},"sameAs":["https:\/\/web.facebook.com\/lequotidienmr","https:\/\/x.com\/lequotidienmr"]},{"@type":"Person","@id":"https:\/\/lequotidien.mr\/#\/schema\/person\/d2d350202a4d599685ed8abc25f97596","name":"Med Ahmed","image":{"@type":"ImageObject","inLanguage":"ar","@id":"https:\/\/secure.gravatar.com\/avatar\/fd2acc62ed50732923d1d39c17172c9b04149f142be92310ecc69e1358f94b52?s=96&d=mm&r=g","url":"https:\/\/secure.gravatar.com\/avatar\/fd2acc62ed50732923d1d39c17172c9b04149f142be92310ecc69e1358f94b52?s=96&d=mm&r=g","contentUrl":"https:\/\/secure.gravatar.com\/avatar\/fd2acc62ed50732923d1d39c17172c9b04149f142be92310ecc69e1358f94b52?s=96&d=mm&r=g","caption":"Med Ahmed"},"url":"https:\/\/lequotidien.mr\/?author=12"}]}},"_links":{"self":[{"href":"https:\/\/lequotidien.mr\/index.php?rest_route=\/wp\/v2\/posts\/18682","targetHints":{"allow":["GET"]}}],"collection":[{"href":"https:\/\/lequotidien.mr\/index.php?rest_route=\/wp\/v2\/posts"}],"about":[{"href":"https:\/\/lequotidien.mr\/index.php?rest_route=\/wp\/v2\/types\/post"}],"author":[{"embeddable":true,"href":"https:\/\/lequotidien.mr\/index.php?rest_route=\/wp\/v2\/users\/12"}],"replies":[{"embeddable":true,"href":"https:\/\/lequotidien.mr\/index.php?rest_route=%2Fwp%2Fv2%2Fcomments&post=18682"}],"version-history":[{"count":1,"href":"https:\/\/lequotidien.mr\/index.php?rest_route=\/wp\/v2\/posts\/18682\/revisions"}],"predecessor-version":[{"id":18684,"href":"https:\/\/lequotidien.mr\/index.php?rest_route=\/wp\/v2\/posts\/18682\/revisions\/18684"}],"wp:featuredmedia":[{"embeddable":true,"href":"https:\/\/lequotidien.mr\/index.php?rest_route=\/wp\/v2\/media\/18683"}],"wp:attachment":[{"href":"https:\/\/lequotidien.mr\/index.php?rest_route=%2Fwp%2Fv2%2Fmedia&parent=18682"}],"wp:term":[{"taxonomy":"category","embeddable":true,"href":"https:\/\/lequotidien.mr\/index.php?rest_route=%2Fwp%2Fv2%2Fcategories&post=18682"},{"taxonomy":"post_tag","embeddable":true,"href":"https:\/\/lequotidien.mr\/index.php?rest_route=%2Fwp%2Fv2%2Ftags&post=18682"}],"curies":[{"name":"wp","href":"https:\/\/api.w.org\/{rel}","templated":true}]}}