{"id":18658,"date":"2024-06-04T11:41:05","date_gmt":"2024-06-04T11:41:05","guid":{"rendered":"https:\/\/lequotidien.mr\/?p=18658"},"modified":"2024-06-04T11:41:05","modified_gmt":"2024-06-04T11:41:05","slug":"sommet-coree-du-sud-afrique-vers-un-partenariat-global-et-un-doublement-de-laide-au-developpement-a-lhorizon-2030","status":"publish","type":"post","link":"https:\/\/lequotidien.mr\/?p=18658&lang=fr","title":{"rendered":"Sommet Cor\u00e9e du Sud\/Afrique : vers un  partenariat global et un doublement de l\u2019aide au d\u00e9veloppement \u00e0 l\u2019horizon 2030"},"content":{"rendered":"<p>Ce mardi 4 juin 2024 marque l&#8217;ouverture du tout premier sommet Cor\u00e9e du Sud-Afrique \u00e0 S\u00e9oul, un \u00e9v\u00e9nement in\u00e9dit qui a r\u00e9uni quarante-huit pays africains, en pr\u00e9sence notable de vingt-cinq chefs d&#8217;\u00c9tat. Le Pr\u00e9sident Mohamed Cheikh El Ghazouani, accompagn\u00e9 de la Premi\u00e8re Dame et d&#8217;une importante d\u00e9l\u00e9gation, a ralli\u00e9 S\u00e9oul dimanche soir pour participer \u00e0 cet \u00e9v\u00e9nement qui se d\u00e9roulera sur deux jours, \u00e0 Ilsang City et \u00e0 S\u00e9oul.<\/p>\n<p>L&#8217;un des principaux enjeux de cette rencontre d&#8217;envergure est le renforcement de l&#8217;aide publique au d\u00e9veloppement de la Cor\u00e9e du Sud en faveur de l&#8217;Afrique. Bien que cette assistance demeure relativement modeste, elle affiche une croissance exponentielle ces derni\u00e8res ann\u00e9es.<\/p>\n<p>En 2021, pr\u00e8s de 600 millions de dollars ont \u00e9t\u00e9 allou\u00e9s au continent africain, le propulsant ainsi au rang de deuxi\u00e8me b\u00e9n\u00e9ficiaire des aides de S\u00e9oul. Cependant, un quart de cette aide est concentr\u00e9 au niveau de seulement trois pays africains : l&#8217;\u00c9thiopie, l&#8217;\u00c9gypte et la Tanzanie. D\u00e8s lors, la diversification des destinataires de cette aide au d\u00e9veloppement s&#8217;impose comme une n\u00e9cessit\u00e9 incontournable.<\/p>\n<p>La Cor\u00e9e du Sud, quatri\u00e8me \u00e9conomie d&#8217;Asie, s&#8217;engage r\u00e9solument vers un partenariat global avec l&#8217;Afrique. Le Pr\u00e9sident Mohamed Cheikh El Ghazouani, \u00e9galement pr\u00e9sident en exercice de l&#8217;Union Africaine (UA), qui co-pr\u00e9side ce sommet avec son homologue sud-cor\u00e9en Yoon Suk-yeol, sera au centre des d\u00e9cisions pour formaliser cette nouvelle dynamique.<\/p>\n<p>Il est ind\u00e9niable que la Cor\u00e9e du Sud offre un exemple \u00e9loquent de r\u00e9ussite en mati\u00e8re d&#8217;industrialisation vertueuse, avec une multiplication par 270 du PIB par habitant sud-cor\u00e9en au cours des cinquante derni\u00e8res ann\u00e9es, selon la Banque mondiale. Pour l&#8217;Afrique, cette success story repr\u00e9sente un mod\u00e8le inspirant dans sa propre qu\u00eate d&#8217;industrialisation et de d\u00e9veloppement \u00e9conomique.<\/p>\n<p>Lors de la s\u00e9ance d&#8217;ouverture du Sommet Cor\u00e9e-Afrique \u00e0 S\u00e9oul ce mardi, le Pr\u00e9sident El Ghazouani a salu\u00e9 la volont\u00e9 du Pr\u00e9sident cor\u00e9en de renforcer les liens entre l&#8217;Afrique et la Cor\u00e9e. Il a \u00e9galement soulign\u00e9 son d\u00e9sir sinc\u00e8re d&#8217;approfondir ces relations afin d&#8217;y inclure tous les aspects d&#8217;un partenariat strat\u00e9gique solide.<\/p>\n<p>En somme, ce premier sommet Cor\u00e9e du Sud-Afrique repr\u00e9sente une opportunit\u00e9 sans pr\u00e9c\u00e9dent de consolider les relations bilat\u00e9rales entre ces deux r\u00e9gions du monde, ouvrant la voie \u00e0 une coop\u00e9ration fructueuse et mutuellement b\u00e9n\u00e9fique pour les ann\u00e9es \u00e0 venir.<\/p>\n<p>Voici la teneur du discours prononc\u00e9 par le Pr\u00e9sident Mohamed Cheikh El Ghazouani\u00a0:<\/p>\n<p>\u00ab Son Excellence M. Yoon Suk-yeol, Pr\u00e9sident de la R\u00e9publique de Cor\u00e9e.<\/p>\n<p>\u2013 Leurs Excellences les chefs d\u2019\u00c9tat d\u2019Afrique.<\/p>\n<p>\u2013 Son Excellence Moussa Faki Mahamat, Pr\u00e9sident de la Commission de l\u2019Union africaine.<\/p>\n<p>\u2013 Excellences.<\/p>\n<p>\u2013 Mesdames et Messieurs.<\/p>\n<p>Je voudrais tout d\u2019abord f\u00e9liciter Son Excellence M. Yoon Suk-yeol, Pr\u00e9sident de la R\u00e9publique de Cor\u00e9e, pour la qualit\u00e9 et la rigueur de l\u2019organisation de ce Sommet Cor\u00e9e-Afrique, et remercier Son Excellence ainsi que le gouvernement et le peuple cor\u00e9ens pour l\u2019accueil chaleureux et l\u2019hospitalit\u00e9 qui nous ont \u00e9t\u00e9 r\u00e9serv\u00e9s, ainsi qu\u2019aux autres d\u00e9l\u00e9gations africaines.<\/p>\n<p>\u2013 Vos Excellences et Altesses.<\/p>\n<p>\u2013 Messieurs et Mesdames.<\/p>\n<p>Le th\u00e8me de notre sommet, \u00ab L\u2019avenir que nous construisons ensemble, la croissance durable partag\u00e9e et l\u2019interd\u00e9pendance \u00bb, n\u2019est pas l\u2019expression d\u2019un simple espoir, mais renvoie en fait \u00e0 une n\u00e9cessit\u00e9 impos\u00e9e par l\u2019ampleur des d\u00e9fis auxquels notre monde est confront\u00e9 aujourd\u2019hui, et pour lesquels les objectifs de d\u00e9veloppement durable ont \u00e9t\u00e9 \u00e9tablis, et sur la base desquels l\u2019Union africaine (UA) a adopt\u00e9 l\u2019Agenda 2063.<\/p>\n<p>Ces d\u00e9fis, de par leur gravit\u00e9 et leurs diverses dimensions environnementales, s\u00e9curitaires, \u00e9conomiques, sociales et s\u00e9curitaires, r\u00e9v\u00e8lent, jour apr\u00e8s jour, l\u2019interd\u00e9pendance de nos destins en tant que nations et peuples, et l\u2019impossibilit\u00e9 d\u2019avoir un autre avenir que celui que nous construisons ensemble, dans un cadre d\u2019interd\u00e9pendance et de croissance durable et partag\u00e9e.<\/p>\n<p>Notre pr\u00e9sence remarquable aujourd\u2019hui refl\u00e8te l\u2019estime que les pays africains vouent \u00e0 la R\u00e9publique de Cor\u00e9e et la sinc\u00e9rit\u00e9 de la volont\u00e9 des deux parties d\u2019\u0153uvrer pour mat\u00e9rialiser le sens de ce slogan en construisant et en d\u00e9veloppant un partenariat fructueux qui jettera les bases d\u2019un avenir que nous construirons ensemble, fond\u00e9 sur les avantages r\u00e9ciproques et la croissance durable dans un cadre de respect mutuel.<\/p>\n<p>Les relations entre les pays africains et la R\u00e9publique de Cor\u00e9e sont des relations d\u2019amiti\u00e9 et de coop\u00e9ration de longue date, qui ont connu un d\u00e9veloppement remarquable ces derniers temps, notamment avec le r\u00e9cent Sommet \u00e9conomique Cor\u00e9e-Afrique, qui a \u00e9largi l\u2019horizon de la coop\u00e9ration \u00e9conomique entre les deux parties. Cet horizon comprend d\u00e9sormais de nombreux domaines d\u2019une importance capitale tels que l\u2019\u00e9nergie, l\u2019environnement, les infrastructures, la formation et l\u2019\u00e9change d\u2019expertise technique, qui sont au c\u0153ur de la mise en \u0153uvre des programmes de l\u2019Agenda 2063 de l\u2019Afrique et sont en parfaite coh\u00e9rence avec l\u2019Agenda 2030 des Nations unies.<\/p>\n<p>Certes, cette coop\u00e9ration est encore en de\u00e7\u00e0 du niveau esp\u00e9r\u00e9, puisque les \u00e9changes entre nos deux r\u00e9gions ne d\u00e9passent pas 2% de notre commerce ext\u00e9rieur, mais nous comptons sur ce sommet pour faire un bond d\u00e9cisif dans le sens d\u2019un rel\u00e8vement de notre partenariat au plus haut niveau.<\/p>\n<p>Ce partenariat nous donnera l\u2019occasion d\u2019\u00e9valuer la mise en \u0153uvre de notre coop\u00e9ration commune dans de nombreux domaines tels que la transition \u00e9nerg\u00e9tique, l\u2019autosuffisance alimentaire et la promotion des industries locales. Ce sera \u00e9galement l\u2019occasion de mettre en place des m\u00e9canismes pour renforcer notre coop\u00e9ration afin de la rendre durable et mutuellement b\u00e9n\u00e9fique, gr\u00e2ce \u00e0 laquelle nous partageons le d\u00e9veloppement et la solidarit\u00e9 pour assurer un avenir prometteur que nous construisons ensemble.<\/p>\n<p>Avec les vastes ressources naturelles de notre continent, son dynamisme d\u00e9mographique, les m\u00e9ga-programmes et projets de l\u2019Agenda 2063, un syst\u00e8me de gouvernance nettement am\u00e9lior\u00e9 et les progr\u00e8s technologiques rapides et soutenus de la R\u00e9publique de Cor\u00e9e, nous disposons de tous les atouts n\u00e9cessaires pour y parvenir.<\/p>\n<p>\u2013 Excellences ;<\/p>\n<p>\u2013 Mesdames et Messieurs ;<\/p>\n<p>Nos pays africains ont fait et continuent de faire de grands efforts pour jeter les bases d\u2019une bonne gouvernance et d\u00e9velopper des arsenaux juridiques qui stimulent l\u2019investissement.<\/p>\n<p>Je saisis cette occasion pour inviter les investisseurs gouvernementaux et priv\u00e9s cor\u00e9ens \u00e0 explorer davantage le potentiel de notre riche continent et \u00e0 accompagner nos tentatives s\u00e9rieuses de localisation de l\u2019industrie et de la technologie.<\/p>\n<p>Les 6 milliards de dollars d\u2019investissements cor\u00e9ens promis lors du dernier sommet \u00e9conomique, ainsi que les investissements promis lors de ce sommet, devraient \u00eatre dirig\u00e9s principalement vers le d\u00e9veloppement de secteurs strat\u00e9giques prioritaires tels que les infrastructures durables, la technologie, l\u2019agriculture, la sant\u00e9 et les \u00e9changes douaniers num\u00e9riques.<\/p>\n<p>La jeunesse devrait \u00e9galement en recevoir une grande partie en soutenant des programmes d\u2019\u00e9ducation et de formation professionnelle pour nos jeunes, qui repr\u00e9sentent environ 60 % de la population du continent.<\/p>\n<p>Ce dont l\u2019Afrique a besoin aujourd\u2019hui, c\u2019est de partenariats efficaces pour l\u2019accompagner dans la r\u00e9alisation des grandes transformations envisag\u00e9es dans l\u2019Agenda 2063.<\/p>\n<p>Puisque la durabilit\u00e9 de la croissance partag\u00e9e envisag\u00e9e par notre coop\u00e9ration d\u00e9pend de notre succ\u00e8s \u00e0 minimiser les effets n\u00e9gatifs du changement climatique, auquel notre continent contribue le moins, nous devons renforcer notre coop\u00e9ration dans le domaine de l\u2019environnement.<\/p>\n<p>Nous devons \u00e9galement nous concentrer sur la s\u00e9curit\u00e9 alimentaire en exploitant les opportunit\u00e9s prometteuses offertes par l\u2019initiative cor\u00e9enne de la ceinture de riz, en plus d\u2019\u0153uvrer \u00e0 une renaissance industrielle globale de l\u2019Afrique.<\/p>\n<p>\u2013 Vos Excellences et Excellences.<\/p>\n<p>\u2013 Messieurs et Mesdames.<\/p>\n<p>La mise en \u0153uvre de nos plans de d\u00e9veloppement intra et intercontinentaux se heurte \u00e0 de nombreux obstacles, qui deviennent de plus en plus graves \u00e0 mesure que le climat \u00e9conomique, s\u00e9curitaire et politique international devient de plus en plus tendu en raison des multiples crises et guerres.<\/p>\n<p>Le g\u00e9nocide syst\u00e9matique auquel nous assistons aujourd\u2019hui \u00e0 Gaza et en Palestine en g\u00e9n\u00e9ral compromet la paix mondiale et ralentit la mise en \u0153uvre des plans de d\u00e9veloppement internationaux en limitant la possibilit\u00e9 de mobiliser les ressources financi\u00e8res n\u00e9cessaires, surtout si la guerre russo-ukrainienne a de graves r\u00e9percussions sur l\u2019\u00e9conomie et la s\u00e9curit\u00e9.<\/p>\n<p>L\u2019ordre mondial actuel a besoin de r\u00e9formes radicales qui nous obligent \u00e0 coordonner nos positions communes en vue de r\u00e9former le Conseil de s\u00e9curit\u00e9, de revoir le syst\u00e8me \u00e9conomique mondial et de reconsid\u00e9rer la question de la dette qui p\u00e8se sur nos pays africains et limite leur capacit\u00e9 \u00e0 fournir des services de base \u00e0 leurs citoyens, ce qui a des cons\u00e9quences directes sur leur s\u00e9curit\u00e9 et leur stabilit\u00e9.<\/p>\n<p>Nous nous r\u00e9jouissons de renforcer notre coordination dans les forums internationaux sur ces questions, en comptant sur le soutien de la R\u00e9publique de Cor\u00e9e pour d\u00e9fendre nos justes positions.<\/p>\n<p>Je suis convaincu que ce sommet, que je souhaite fructueux, nous permettra d\u2019\u00e9tablir un partenariat efficace gr\u00e2ce auquel nous construirons ensemble un avenir fond\u00e9 sur l\u2019interd\u00e9pendance et une croissance commune durable.<\/p>\n<p>Je vous remercie et que la paix, la mis\u00e9ricorde et les b\u00e9n\u00e9dictions d\u2019Allah soient avec vous \u00bb.<\/p>\n","protected":false},"excerpt":{"rendered":"<p>Ce mardi 4 juin 2024 marque l&#8217;ouverture du tout premier sommet Cor\u00e9e du Sud-Afrique \u00e0 S\u00e9oul, un \u00e9v\u00e9nement in\u00e9dit qui a r\u00e9uni quarante-huit pays africains, en pr\u00e9sence notable de vingt-cinq chefs d&#8217;\u00c9tat. Le Pr\u00e9sident Mohamed Cheikh El Ghazouani, accompagn\u00e9 de la Premi\u00e8re Dame et d&#8217;une importante d\u00e9l\u00e9gation, a ralli\u00e9 S\u00e9oul dimanche soir pour participer \u00e0&#8230;..<\/p>\n","protected":false},"author":12,"featured_media":18659,"comment_status":"open","ping_status":"open","sticky":false,"template":"","format":"standard","meta":{"footnotes":""},"categories":[23,49],"tags":[],"class_list":["post-18658","post","type-post","status-publish","format-standard","has-post-thumbnail","hentry","category-actualite","category-economie"],"yoast_head":"<!-- This site is optimized with the Yoast SEO plugin v27.5 - https:\/\/yoast.com\/product\/yoast-seo-wordpress\/ -->\n<title>Sommet Cor\u00e9e du Sud\/Afrique : vers un partenariat global et un doublement de l\u2019aide au d\u00e9veloppement \u00e0 l\u2019horizon 2030 - Le Quotidien de Nouakchott<\/title>\n<meta name=\"robots\" content=\"index, follow, max-snippet:-1, max-image-preview:large, max-video-preview:-1\" \/>\n<link rel=\"canonical\" href=\"https:\/\/lequotidien.mr\/?p=18658&lang=fr\" \/>\n<meta property=\"og:locale\" content=\"ar_AR\" \/>\n<meta property=\"og:type\" content=\"article\" \/>\n<meta property=\"og:title\" content=\"Sommet Cor\u00e9e du Sud\/Afrique : vers un partenariat global et un doublement de l\u2019aide au d\u00e9veloppement \u00e0 l\u2019horizon 2030 - Le Quotidien de Nouakchott\" \/>\n<meta property=\"og:description\" content=\"Ce mardi 4 juin 2024 marque l&#8217;ouverture du tout premier sommet Cor\u00e9e du Sud-Afrique \u00e0 S\u00e9oul, un \u00e9v\u00e9nement in\u00e9dit qui a r\u00e9uni quarante-huit pays africains, en pr\u00e9sence notable de vingt-cinq chefs d&#8217;\u00c9tat. Le Pr\u00e9sident Mohamed Cheikh El Ghazouani, accompagn\u00e9 de la Premi\u00e8re Dame et d&#8217;une importante d\u00e9l\u00e9gation, a ralli\u00e9 S\u00e9oul dimanche soir pour participer \u00e0.....\" \/>\n<meta property=\"og:url\" content=\"https:\/\/lequotidien.mr\/?p=18658&amp;lang=fr\" \/>\n<meta property=\"og:site_name\" content=\"Le Quotidien de Nouakchott\" \/>\n<meta property=\"article:publisher\" content=\"https:\/\/web.facebook.com\/lequotidienmr\" \/>\n<meta property=\"article:published_time\" content=\"2024-06-04T11:41:05+00:00\" \/>\n<meta property=\"og:image\" content=\"https:\/\/lequotidien.mr\/wp-content\/uploads\/2024\/06\/photo-Ghaszouani-ouverture-sommet-Coree-du-Sud.jpg\" \/>\n\t<meta property=\"og:image:width\" content=\"500\" \/>\n\t<meta property=\"og:image:height\" content=\"351\" \/>\n\t<meta property=\"og:image:type\" content=\"image\/jpeg\" \/>\n<meta name=\"author\" content=\"Med Ahmed\" \/>\n<meta name=\"twitter:card\" content=\"summary_large_image\" \/>\n<meta name=\"twitter:creator\" content=\"@lequotidienmr\" \/>\n<meta name=\"twitter:site\" content=\"@lequotidienmr\" \/>\n<meta name=\"twitter:label1\" content=\"\u0643\u064f\u062a\u0628 \u0628\u0648\u0627\u0633\u0637\u0629\" \/>\n\t<meta name=\"twitter:data1\" content=\"Med Ahmed\" \/>\n\t<meta name=\"twitter:label2\" content=\"\u0648\u0642\u062a \u0627\u0644\u0642\u0631\u0627\u0621\u0629 \u0627\u0644\u0645\u064f\u0642\u062f\u0651\u0631\" \/>\n\t<meta name=\"twitter:data2\" content=\"7 \u062f\u0642\u0627\u0626\u0642\" \/>\n<script type=\"application\/ld+json\" class=\"yoast-schema-graph\">{\"@context\":\"https:\\\/\\\/schema.org\",\"@graph\":[{\"@type\":\"Article\",\"@id\":\"https:\\\/\\\/lequotidien.mr\\\/?p=18658&lang=fr#article\",\"isPartOf\":{\"@id\":\"https:\\\/\\\/lequotidien.mr\\\/?p=18658&lang=fr\"},\"author\":{\"name\":\"Med Ahmed\",\"@id\":\"https:\\\/\\\/lequotidien.mr\\\/#\\\/schema\\\/person\\\/d2d350202a4d599685ed8abc25f97596\"},\"headline\":\"Sommet Cor\u00e9e du Sud\\\/Afrique : vers un partenariat global et un doublement de l\u2019aide au d\u00e9veloppement \u00e0 l\u2019horizon 2030\",\"datePublished\":\"2024-06-04T11:41:05+00:00\",\"mainEntityOfPage\":{\"@id\":\"https:\\\/\\\/lequotidien.mr\\\/?p=18658&lang=fr\"},\"wordCount\":1671,\"commentCount\":0,\"publisher\":{\"@id\":\"https:\\\/\\\/lequotidien.mr\\\/#organization\"},\"image\":{\"@id\":\"https:\\\/\\\/lequotidien.mr\\\/?p=18658&lang=fr#primaryimage\"},\"thumbnailUrl\":\"https:\\\/\\\/lequotidien.mr\\\/wp-content\\\/uploads\\\/2024\\\/06\\\/photo-Ghaszouani-ouverture-sommet-Coree-du-Sud.jpg\",\"articleSection\":[\"ACTUALIT\u00c9\",\"Economie\"],\"inLanguage\":\"ar\",\"potentialAction\":[{\"@type\":\"CommentAction\",\"name\":\"Comment\",\"target\":[\"https:\\\/\\\/lequotidien.mr\\\/?p=18658&lang=fr#respond\"]}]},{\"@type\":\"WebPage\",\"@id\":\"https:\\\/\\\/lequotidien.mr\\\/?p=18658&lang=fr\",\"url\":\"https:\\\/\\\/lequotidien.mr\\\/?p=18658&lang=fr\",\"name\":\"Sommet Cor\u00e9e du Sud\\\/Afrique : vers un partenariat global et un doublement de l\u2019aide au d\u00e9veloppement \u00e0 l\u2019horizon 2030 - Le Quotidien de Nouakchott\",\"isPartOf\":{\"@id\":\"https:\\\/\\\/lequotidien.mr\\\/#website\"},\"primaryImageOfPage\":{\"@id\":\"https:\\\/\\\/lequotidien.mr\\\/?p=18658&lang=fr#primaryimage\"},\"image\":{\"@id\":\"https:\\\/\\\/lequotidien.mr\\\/?p=18658&lang=fr#primaryimage\"},\"thumbnailUrl\":\"https:\\\/\\\/lequotidien.mr\\\/wp-content\\\/uploads\\\/2024\\\/06\\\/photo-Ghaszouani-ouverture-sommet-Coree-du-Sud.jpg\",\"datePublished\":\"2024-06-04T11:41:05+00:00\",\"breadcrumb\":{\"@id\":\"https:\\\/\\\/lequotidien.mr\\\/?p=18658&lang=fr#breadcrumb\"},\"inLanguage\":\"ar\",\"potentialAction\":[{\"@type\":\"ReadAction\",\"target\":[\"https:\\\/\\\/lequotidien.mr\\\/?p=18658&lang=fr\"]}]},{\"@type\":\"ImageObject\",\"inLanguage\":\"ar\",\"@id\":\"https:\\\/\\\/lequotidien.mr\\\/?p=18658&lang=fr#primaryimage\",\"url\":\"https:\\\/\\\/lequotidien.mr\\\/wp-content\\\/uploads\\\/2024\\\/06\\\/photo-Ghaszouani-ouverture-sommet-Coree-du-Sud.jpg\",\"contentUrl\":\"https:\\\/\\\/lequotidien.mr\\\/wp-content\\\/uploads\\\/2024\\\/06\\\/photo-Ghaszouani-ouverture-sommet-Coree-du-Sud.jpg\",\"width\":500,\"height\":351},{\"@type\":\"BreadcrumbList\",\"@id\":\"https:\\\/\\\/lequotidien.mr\\\/?p=18658&lang=fr#breadcrumb\",\"itemListElement\":[{\"@type\":\"ListItem\",\"position\":1,\"name\":\"Home\",\"item\":\"https:\\\/\\\/lequotidien.mr\\\/\"},{\"@type\":\"ListItem\",\"position\":2,\"name\":\"Sommet Cor\u00e9e du Sud\\\/Afrique : vers un partenariat global et un doublement de l\u2019aide au d\u00e9veloppement \u00e0 l\u2019horizon 2030\"}]},{\"@type\":\"WebSite\",\"@id\":\"https:\\\/\\\/lequotidien.mr\\\/#website\",\"url\":\"https:\\\/\\\/lequotidien.mr\\\/\",\"name\":\"Le Quotidien de Nouakchott\",\"description\":\"\u0625\u062e\u0628\u0627\u0631\u064a\u0629 \u0645\u0633\u062a\u0642\u0644\u0629 \u0644\u0644\u0623\u0646\u0628\u0627\u0621 \u0627\u0644\u0639\u0627\u0645\u0629\",\"publisher\":{\"@id\":\"https:\\\/\\\/lequotidien.mr\\\/#organization\"},\"potentialAction\":[{\"@type\":\"SearchAction\",\"target\":{\"@type\":\"EntryPoint\",\"urlTemplate\":\"https:\\\/\\\/lequotidien.mr\\\/?s={search_term_string}\"},\"query-input\":{\"@type\":\"PropertyValueSpecification\",\"valueRequired\":true,\"valueName\":\"search_term_string\"}}],\"inLanguage\":\"ar\"},{\"@type\":\"Organization\",\"@id\":\"https:\\\/\\\/lequotidien.mr\\\/#organization\",\"name\":\"Le Quotidien de Nouakchott\",\"url\":\"https:\\\/\\\/lequotidien.mr\\\/\",\"logo\":{\"@type\":\"ImageObject\",\"inLanguage\":\"ar\",\"@id\":\"https:\\\/\\\/lequotidien.mr\\\/#\\\/schema\\\/logo\\\/image\\\/\",\"url\":\"https:\\\/\\\/lequotidien.mr\\\/wp-content\\\/uploads\\\/2022\\\/11\\\/logolequotidien.jpg\",\"contentUrl\":\"https:\\\/\\\/lequotidien.mr\\\/wp-content\\\/uploads\\\/2022\\\/11\\\/logolequotidien.jpg\",\"width\":290,\"height\":65,\"caption\":\"Le Quotidien de Nouakchott\"},\"image\":{\"@id\":\"https:\\\/\\\/lequotidien.mr\\\/#\\\/schema\\\/logo\\\/image\\\/\"},\"sameAs\":[\"https:\\\/\\\/web.facebook.com\\\/lequotidienmr\",\"https:\\\/\\\/x.com\\\/lequotidienmr\"]},{\"@type\":\"Person\",\"@id\":\"https:\\\/\\\/lequotidien.mr\\\/#\\\/schema\\\/person\\\/d2d350202a4d599685ed8abc25f97596\",\"name\":\"Med Ahmed\",\"image\":{\"@type\":\"ImageObject\",\"inLanguage\":\"ar\",\"@id\":\"https:\\\/\\\/secure.gravatar.com\\\/avatar\\\/fd2acc62ed50732923d1d39c17172c9b04149f142be92310ecc69e1358f94b52?s=96&d=mm&r=g\",\"url\":\"https:\\\/\\\/secure.gravatar.com\\\/avatar\\\/fd2acc62ed50732923d1d39c17172c9b04149f142be92310ecc69e1358f94b52?s=96&d=mm&r=g\",\"contentUrl\":\"https:\\\/\\\/secure.gravatar.com\\\/avatar\\\/fd2acc62ed50732923d1d39c17172c9b04149f142be92310ecc69e1358f94b52?s=96&d=mm&r=g\",\"caption\":\"Med Ahmed\"},\"url\":\"https:\\\/\\\/lequotidien.mr\\\/?author=12\"}]}<\/script>\n<!-- \/ Yoast SEO plugin. -->","yoast_head_json":{"title":"Sommet Cor\u00e9e du Sud\/Afrique : vers un partenariat global et un doublement de l\u2019aide au d\u00e9veloppement \u00e0 l\u2019horizon 2030 - Le Quotidien de Nouakchott","robots":{"index":"index","follow":"follow","max-snippet":"max-snippet:-1","max-image-preview":"max-image-preview:large","max-video-preview":"max-video-preview:-1"},"canonical":"https:\/\/lequotidien.mr\/?p=18658&lang=fr","og_locale":"ar_AR","og_type":"article","og_title":"Sommet Cor\u00e9e du Sud\/Afrique : vers un partenariat global et un doublement de l\u2019aide au d\u00e9veloppement \u00e0 l\u2019horizon 2030 - Le Quotidien de Nouakchott","og_description":"Ce mardi 4 juin 2024 marque l&#8217;ouverture du tout premier sommet Cor\u00e9e du Sud-Afrique \u00e0 S\u00e9oul, un \u00e9v\u00e9nement in\u00e9dit qui a r\u00e9uni quarante-huit pays africains, en pr\u00e9sence notable de vingt-cinq chefs d&#8217;\u00c9tat. Le Pr\u00e9sident Mohamed Cheikh El Ghazouani, accompagn\u00e9 de la Premi\u00e8re Dame et d&#8217;une importante d\u00e9l\u00e9gation, a ralli\u00e9 S\u00e9oul dimanche soir pour participer \u00e0.....","og_url":"https:\/\/lequotidien.mr\/?p=18658&lang=fr","og_site_name":"Le Quotidien de Nouakchott","article_publisher":"https:\/\/web.facebook.com\/lequotidienmr","article_published_time":"2024-06-04T11:41:05+00:00","og_image":[{"width":500,"height":351,"url":"https:\/\/lequotidien.mr\/wp-content\/uploads\/2024\/06\/photo-Ghaszouani-ouverture-sommet-Coree-du-Sud.jpg","type":"image\/jpeg"}],"author":"Med Ahmed","twitter_card":"summary_large_image","twitter_creator":"@lequotidienmr","twitter_site":"@lequotidienmr","twitter_misc":{"\u0643\u064f\u062a\u0628 \u0628\u0648\u0627\u0633\u0637\u0629":"Med Ahmed","\u0648\u0642\u062a \u0627\u0644\u0642\u0631\u0627\u0621\u0629 \u0627\u0644\u0645\u064f\u0642\u062f\u0651\u0631":"7 \u062f\u0642\u0627\u0626\u0642"},"schema":{"@context":"https:\/\/schema.org","@graph":[{"@type":"Article","@id":"https:\/\/lequotidien.mr\/?p=18658&lang=fr#article","isPartOf":{"@id":"https:\/\/lequotidien.mr\/?p=18658&lang=fr"},"author":{"name":"Med Ahmed","@id":"https:\/\/lequotidien.mr\/#\/schema\/person\/d2d350202a4d599685ed8abc25f97596"},"headline":"Sommet Cor\u00e9e du Sud\/Afrique : vers un partenariat global et un doublement de l\u2019aide au d\u00e9veloppement \u00e0 l\u2019horizon 2030","datePublished":"2024-06-04T11:41:05+00:00","mainEntityOfPage":{"@id":"https:\/\/lequotidien.mr\/?p=18658&lang=fr"},"wordCount":1671,"commentCount":0,"publisher":{"@id":"https:\/\/lequotidien.mr\/#organization"},"image":{"@id":"https:\/\/lequotidien.mr\/?p=18658&lang=fr#primaryimage"},"thumbnailUrl":"https:\/\/lequotidien.mr\/wp-content\/uploads\/2024\/06\/photo-Ghaszouani-ouverture-sommet-Coree-du-Sud.jpg","articleSection":["ACTUALIT\u00c9","Economie"],"inLanguage":"ar","potentialAction":[{"@type":"CommentAction","name":"Comment","target":["https:\/\/lequotidien.mr\/?p=18658&lang=fr#respond"]}]},{"@type":"WebPage","@id":"https:\/\/lequotidien.mr\/?p=18658&lang=fr","url":"https:\/\/lequotidien.mr\/?p=18658&lang=fr","name":"Sommet Cor\u00e9e du Sud\/Afrique : vers un partenariat global et un doublement de l\u2019aide au d\u00e9veloppement \u00e0 l\u2019horizon 2030 - Le Quotidien de Nouakchott","isPartOf":{"@id":"https:\/\/lequotidien.mr\/#website"},"primaryImageOfPage":{"@id":"https:\/\/lequotidien.mr\/?p=18658&lang=fr#primaryimage"},"image":{"@id":"https:\/\/lequotidien.mr\/?p=18658&lang=fr#primaryimage"},"thumbnailUrl":"https:\/\/lequotidien.mr\/wp-content\/uploads\/2024\/06\/photo-Ghaszouani-ouverture-sommet-Coree-du-Sud.jpg","datePublished":"2024-06-04T11:41:05+00:00","breadcrumb":{"@id":"https:\/\/lequotidien.mr\/?p=18658&lang=fr#breadcrumb"},"inLanguage":"ar","potentialAction":[{"@type":"ReadAction","target":["https:\/\/lequotidien.mr\/?p=18658&lang=fr"]}]},{"@type":"ImageObject","inLanguage":"ar","@id":"https:\/\/lequotidien.mr\/?p=18658&lang=fr#primaryimage","url":"https:\/\/lequotidien.mr\/wp-content\/uploads\/2024\/06\/photo-Ghaszouani-ouverture-sommet-Coree-du-Sud.jpg","contentUrl":"https:\/\/lequotidien.mr\/wp-content\/uploads\/2024\/06\/photo-Ghaszouani-ouverture-sommet-Coree-du-Sud.jpg","width":500,"height":351},{"@type":"BreadcrumbList","@id":"https:\/\/lequotidien.mr\/?p=18658&lang=fr#breadcrumb","itemListElement":[{"@type":"ListItem","position":1,"name":"Home","item":"https:\/\/lequotidien.mr\/"},{"@type":"ListItem","position":2,"name":"Sommet Cor\u00e9e du Sud\/Afrique : vers un partenariat global et un doublement de l\u2019aide au d\u00e9veloppement \u00e0 l\u2019horizon 2030"}]},{"@type":"WebSite","@id":"https:\/\/lequotidien.mr\/#website","url":"https:\/\/lequotidien.mr\/","name":"Le Quotidien de Nouakchott","description":"\u0625\u062e\u0628\u0627\u0631\u064a\u0629 \u0645\u0633\u062a\u0642\u0644\u0629 \u0644\u0644\u0623\u0646\u0628\u0627\u0621 \u0627\u0644\u0639\u0627\u0645\u0629","publisher":{"@id":"https:\/\/lequotidien.mr\/#organization"},"potentialAction":[{"@type":"SearchAction","target":{"@type":"EntryPoint","urlTemplate":"https:\/\/lequotidien.mr\/?s={search_term_string}"},"query-input":{"@type":"PropertyValueSpecification","valueRequired":true,"valueName":"search_term_string"}}],"inLanguage":"ar"},{"@type":"Organization","@id":"https:\/\/lequotidien.mr\/#organization","name":"Le Quotidien de Nouakchott","url":"https:\/\/lequotidien.mr\/","logo":{"@type":"ImageObject","inLanguage":"ar","@id":"https:\/\/lequotidien.mr\/#\/schema\/logo\/image\/","url":"https:\/\/lequotidien.mr\/wp-content\/uploads\/2022\/11\/logolequotidien.jpg","contentUrl":"https:\/\/lequotidien.mr\/wp-content\/uploads\/2022\/11\/logolequotidien.jpg","width":290,"height":65,"caption":"Le Quotidien de Nouakchott"},"image":{"@id":"https:\/\/lequotidien.mr\/#\/schema\/logo\/image\/"},"sameAs":["https:\/\/web.facebook.com\/lequotidienmr","https:\/\/x.com\/lequotidienmr"]},{"@type":"Person","@id":"https:\/\/lequotidien.mr\/#\/schema\/person\/d2d350202a4d599685ed8abc25f97596","name":"Med Ahmed","image":{"@type":"ImageObject","inLanguage":"ar","@id":"https:\/\/secure.gravatar.com\/avatar\/fd2acc62ed50732923d1d39c17172c9b04149f142be92310ecc69e1358f94b52?s=96&d=mm&r=g","url":"https:\/\/secure.gravatar.com\/avatar\/fd2acc62ed50732923d1d39c17172c9b04149f142be92310ecc69e1358f94b52?s=96&d=mm&r=g","contentUrl":"https:\/\/secure.gravatar.com\/avatar\/fd2acc62ed50732923d1d39c17172c9b04149f142be92310ecc69e1358f94b52?s=96&d=mm&r=g","caption":"Med Ahmed"},"url":"https:\/\/lequotidien.mr\/?author=12"}]}},"_links":{"self":[{"href":"https:\/\/lequotidien.mr\/index.php?rest_route=\/wp\/v2\/posts\/18658","targetHints":{"allow":["GET"]}}],"collection":[{"href":"https:\/\/lequotidien.mr\/index.php?rest_route=\/wp\/v2\/posts"}],"about":[{"href":"https:\/\/lequotidien.mr\/index.php?rest_route=\/wp\/v2\/types\/post"}],"author":[{"embeddable":true,"href":"https:\/\/lequotidien.mr\/index.php?rest_route=\/wp\/v2\/users\/12"}],"replies":[{"embeddable":true,"href":"https:\/\/lequotidien.mr\/index.php?rest_route=%2Fwp%2Fv2%2Fcomments&post=18658"}],"version-history":[{"count":1,"href":"https:\/\/lequotidien.mr\/index.php?rest_route=\/wp\/v2\/posts\/18658\/revisions"}],"predecessor-version":[{"id":18660,"href":"https:\/\/lequotidien.mr\/index.php?rest_route=\/wp\/v2\/posts\/18658\/revisions\/18660"}],"wp:featuredmedia":[{"embeddable":true,"href":"https:\/\/lequotidien.mr\/index.php?rest_route=\/wp\/v2\/media\/18659"}],"wp:attachment":[{"href":"https:\/\/lequotidien.mr\/index.php?rest_route=%2Fwp%2Fv2%2Fmedia&parent=18658"}],"wp:term":[{"taxonomy":"category","embeddable":true,"href":"https:\/\/lequotidien.mr\/index.php?rest_route=%2Fwp%2Fv2%2Fcategories&post=18658"},{"taxonomy":"post_tag","embeddable":true,"href":"https:\/\/lequotidien.mr\/index.php?rest_route=%2Fwp%2Fv2%2Ftags&post=18658"}],"curies":[{"name":"wp","href":"https:\/\/api.w.org\/{rel}","templated":true}]}}