{"id":18646,"date":"2024-06-02T18:34:27","date_gmt":"2024-06-02T18:34:27","guid":{"rendered":"https:\/\/lequotidien.mr\/?p=18646"},"modified":"2024-06-02T18:34:27","modified_gmt":"2024-06-02T18:34:27","slug":"sommet-coreen-africain-du-4-au-5-juin-a-seoul-la-mauritanie-co-preside-la-reunion-preparatoire-des-ministres","status":"publish","type":"post","link":"https:\/\/lequotidien.mr\/?p=18646&lang=fr","title":{"rendered":"Sommet cor\u00e9en-africain, du 4 au 5 juin \u00e0 S\u00e9oul: la Mauritanie co-pr\u00e9side la r\u00e9union pr\u00e9paratoire des ministres"},"content":{"rendered":"<p>Les 4 et 5 juin prochains, la Cor\u00e9e du Sud ouvrira ses portes \u00e0 un \u00e9v\u00e9nement d&#8217;une grande envergure: le tout premier Sommet cor\u00e9en-africain. Avec la participation d&#8217;au moins 47 pays africains, dont une vingtaine seront repr\u00e9sent\u00e9s par leurs chefs d&#8217;\u00c9tat ou de gouvernement, cet \u00e9v\u00e9nement promet d&#8217;\u00eatre une \u00e9tape majeure dans les relations entre la Cor\u00e9e du Sud et le continent africain.<\/p>\n<p>Ce sommet rev\u00eat une importance particuli\u00e8re dans un contexte o\u00f9 l&#8217;Afrique est de plus en plus courtis\u00e9e par les grandes puissances r\u00e9gionales. En effet, la richesse inestimable de son sol et de son sous-sol attirent l&#8217;attention du monde entier. Les ressources naturelles abondantes, combin\u00e9es \u00e0 un potentiel de croissance \u00e9conomique consid\u00e9rable, font de l&#8217;Afrique un acteur cl\u00e9 sur l&#8217;\u00e9chiquier mondial.<\/p>\n<p>En pr\u00e9paration de cet \u00e9v\u00e9nement, une r\u00e9union pr\u00e9paratoire des ministres s&#8217;est tenue aujourd&#8217;hui \u00e0 S\u00e9oul. Sous la pr\u00e9sidence conjointe du ministre mauritanien des Affaires \u00e9trang\u00e8res, Mohamed Salem Merzoug, et du ministre cor\u00e9en des Affaires \u00e9trang\u00e8res, Cho Tae-yul, cette r\u00e9union a pos\u00e9 les bases pour des discussions fructueuses lors du sommet \u00e0 venir.<\/p>\n<p>Le sommet des chefs d&#8217;\u00c9tat, qui d\u00e9butera le mardi, s&#8217;annonce comme une occasion unique de renforcer les liens entre la Cor\u00e9e du Sud et l&#8217;Afrique. La participation du pr\u00e9sident Mohamed Cheikh El Ghazouani, en tant que pr\u00e9sident en exercice de l&#8217;Union africaine, illustre l&#8217;importance que rev\u00eat cet \u00e9v\u00e9nement pour l&#8217;ensemble du continent africain.<\/p>\n<p>Au cours de ces deux jours, les discussions porteront sur une multitude de sujets, allant de la coop\u00e9ration \u00e9conomique et commerciale \u00e0 la collaboration en mati\u00e8re de d\u00e9veloppement durable et technologique. Ce sommet offre une plateforme pour explorer de nouvelles opportunit\u00e9s de partenariat et de croissance mutuelle entre la Cor\u00e9e du Sud et l&#8217;Afrique.<\/p>\n","protected":false},"excerpt":{"rendered":"<p>Les 4 et 5 juin prochains, la Cor\u00e9e du Sud ouvrira ses portes \u00e0 un \u00e9v\u00e9nement d&#8217;une grande envergure: le tout premier Sommet cor\u00e9en-africain. Avec la participation d&#8217;au moins 47 pays africains, dont une vingtaine seront repr\u00e9sent\u00e9s par leurs chefs d&#8217;\u00c9tat ou de gouvernement, cet \u00e9v\u00e9nement promet d&#8217;\u00eatre une \u00e9tape majeure dans les relations entre&#8230;..<\/p>\n","protected":false},"author":12,"featured_media":18647,"comment_status":"open","ping_status":"open","sticky":false,"template":"","format":"standard","meta":{"footnotes":""},"categories":[23,49],"tags":[],"class_list":["post-18646","post","type-post","status-publish","format-standard","has-post-thumbnail","hentry","category-actualite","category-economie"],"yoast_head":"<!-- This site is optimized with the Yoast SEO plugin v27.5 - https:\/\/yoast.com\/product\/yoast-seo-wordpress\/ -->\n<title>Sommet cor\u00e9en-africain, du 4 au 5 juin \u00e0 S\u00e9oul: la Mauritanie co-pr\u00e9side la r\u00e9union pr\u00e9paratoire des ministres - Le Quotidien de Nouakchott<\/title>\n<meta name=\"robots\" content=\"index, follow, max-snippet:-1, max-image-preview:large, max-video-preview:-1\" \/>\n<link rel=\"canonical\" href=\"https:\/\/lequotidien.mr\/?p=18646&lang=fr\" \/>\n<meta property=\"og:locale\" content=\"ar_AR\" \/>\n<meta property=\"og:type\" content=\"article\" \/>\n<meta property=\"og:title\" content=\"Sommet cor\u00e9en-africain, du 4 au 5 juin \u00e0 S\u00e9oul: la Mauritanie co-pr\u00e9side la r\u00e9union pr\u00e9paratoire des ministres - Le Quotidien de Nouakchott\" \/>\n<meta property=\"og:description\" content=\"Les 4 et 5 juin prochains, la Cor\u00e9e du Sud ouvrira ses portes \u00e0 un \u00e9v\u00e9nement d&#8217;une grande envergure: le tout premier Sommet cor\u00e9en-africain. Avec la participation d&#8217;au moins 47 pays africains, dont une vingtaine seront repr\u00e9sent\u00e9s par leurs chefs d&#8217;\u00c9tat ou de gouvernement, cet \u00e9v\u00e9nement promet d&#8217;\u00eatre une \u00e9tape majeure dans les relations entre.....\" \/>\n<meta property=\"og:url\" content=\"https:\/\/lequotidien.mr\/?p=18646&amp;lang=fr\" \/>\n<meta property=\"og:site_name\" content=\"Le Quotidien de Nouakchott\" \/>\n<meta property=\"article:publisher\" content=\"https:\/\/web.facebook.com\/lequotidienmr\" \/>\n<meta property=\"article:published_time\" content=\"2024-06-02T18:34:27+00:00\" \/>\n<meta property=\"og:image\" content=\"https:\/\/lequotidien.mr\/wp-content\/uploads\/2024\/06\/photo-sommet-Corree-du-sud-Afrique-.jpg\" \/>\n\t<meta property=\"og:image:width\" content=\"926\" \/>\n\t<meta property=\"og:image:height\" content=\"340\" \/>\n\t<meta property=\"og:image:type\" content=\"image\/jpeg\" \/>\n<meta name=\"author\" content=\"Med Ahmed\" \/>\n<meta name=\"twitter:card\" content=\"summary_large_image\" \/>\n<meta name=\"twitter:creator\" content=\"@lequotidienmr\" \/>\n<meta name=\"twitter:site\" content=\"@lequotidienmr\" \/>\n<meta name=\"twitter:label1\" content=\"\u0643\u064f\u062a\u0628 \u0628\u0648\u0627\u0633\u0637\u0629\" \/>\n\t<meta name=\"twitter:data1\" content=\"Med Ahmed\" \/>\n\t<meta name=\"twitter:label2\" content=\"\u0648\u0642\u062a \u0627\u0644\u0642\u0631\u0627\u0621\u0629 \u0627\u0644\u0645\u064f\u0642\u062f\u0651\u0631\" \/>\n\t<meta name=\"twitter:data2\" content=\"\u062f\u0642\u064a\u0642\u062a\u0627\u0646\" \/>\n<script type=\"application\/ld+json\" class=\"yoast-schema-graph\">{\"@context\":\"https:\\\/\\\/schema.org\",\"@graph\":[{\"@type\":\"Article\",\"@id\":\"https:\\\/\\\/lequotidien.mr\\\/?p=18646&lang=fr#article\",\"isPartOf\":{\"@id\":\"https:\\\/\\\/lequotidien.mr\\\/?p=18646&lang=fr\"},\"author\":{\"name\":\"Med Ahmed\",\"@id\":\"https:\\\/\\\/lequotidien.mr\\\/#\\\/schema\\\/person\\\/d2d350202a4d599685ed8abc25f97596\"},\"headline\":\"Sommet cor\u00e9en-africain, du 4 au 5 juin \u00e0 S\u00e9oul: la Mauritanie co-pr\u00e9side la r\u00e9union pr\u00e9paratoire des ministres\",\"datePublished\":\"2024-06-02T18:34:27+00:00\",\"mainEntityOfPage\":{\"@id\":\"https:\\\/\\\/lequotidien.mr\\\/?p=18646&lang=fr\"},\"wordCount\":344,\"commentCount\":0,\"publisher\":{\"@id\":\"https:\\\/\\\/lequotidien.mr\\\/#organization\"},\"image\":{\"@id\":\"https:\\\/\\\/lequotidien.mr\\\/?p=18646&lang=fr#primaryimage\"},\"thumbnailUrl\":\"https:\\\/\\\/lequotidien.mr\\\/wp-content\\\/uploads\\\/2024\\\/06\\\/photo-sommet-Corree-du-sud-Afrique-.jpg\",\"articleSection\":[\"ACTUALIT\u00c9\",\"Economie\"],\"inLanguage\":\"ar\",\"potentialAction\":[{\"@type\":\"CommentAction\",\"name\":\"Comment\",\"target\":[\"https:\\\/\\\/lequotidien.mr\\\/?p=18646&lang=fr#respond\"]}]},{\"@type\":\"WebPage\",\"@id\":\"https:\\\/\\\/lequotidien.mr\\\/?p=18646&lang=fr\",\"url\":\"https:\\\/\\\/lequotidien.mr\\\/?p=18646&lang=fr\",\"name\":\"Sommet cor\u00e9en-africain, du 4 au 5 juin \u00e0 S\u00e9oul: la Mauritanie co-pr\u00e9side la r\u00e9union pr\u00e9paratoire des ministres - Le Quotidien de Nouakchott\",\"isPartOf\":{\"@id\":\"https:\\\/\\\/lequotidien.mr\\\/#website\"},\"primaryImageOfPage\":{\"@id\":\"https:\\\/\\\/lequotidien.mr\\\/?p=18646&lang=fr#primaryimage\"},\"image\":{\"@id\":\"https:\\\/\\\/lequotidien.mr\\\/?p=18646&lang=fr#primaryimage\"},\"thumbnailUrl\":\"https:\\\/\\\/lequotidien.mr\\\/wp-content\\\/uploads\\\/2024\\\/06\\\/photo-sommet-Corree-du-sud-Afrique-.jpg\",\"datePublished\":\"2024-06-02T18:34:27+00:00\",\"breadcrumb\":{\"@id\":\"https:\\\/\\\/lequotidien.mr\\\/?p=18646&lang=fr#breadcrumb\"},\"inLanguage\":\"ar\",\"potentialAction\":[{\"@type\":\"ReadAction\",\"target\":[\"https:\\\/\\\/lequotidien.mr\\\/?p=18646&lang=fr\"]}]},{\"@type\":\"ImageObject\",\"inLanguage\":\"ar\",\"@id\":\"https:\\\/\\\/lequotidien.mr\\\/?p=18646&lang=fr#primaryimage\",\"url\":\"https:\\\/\\\/lequotidien.mr\\\/wp-content\\\/uploads\\\/2024\\\/06\\\/photo-sommet-Corree-du-sud-Afrique-.jpg\",\"contentUrl\":\"https:\\\/\\\/lequotidien.mr\\\/wp-content\\\/uploads\\\/2024\\\/06\\\/photo-sommet-Corree-du-sud-Afrique-.jpg\",\"width\":926,\"height\":340},{\"@type\":\"BreadcrumbList\",\"@id\":\"https:\\\/\\\/lequotidien.mr\\\/?p=18646&lang=fr#breadcrumb\",\"itemListElement\":[{\"@type\":\"ListItem\",\"position\":1,\"name\":\"Home\",\"item\":\"https:\\\/\\\/lequotidien.mr\\\/\"},{\"@type\":\"ListItem\",\"position\":2,\"name\":\"Sommet cor\u00e9en-africain, du 4 au 5 juin \u00e0 S\u00e9oul: la Mauritanie co-pr\u00e9side la r\u00e9union pr\u00e9paratoire des ministres\"}]},{\"@type\":\"WebSite\",\"@id\":\"https:\\\/\\\/lequotidien.mr\\\/#website\",\"url\":\"https:\\\/\\\/lequotidien.mr\\\/\",\"name\":\"Le Quotidien de Nouakchott\",\"description\":\"\u0625\u062e\u0628\u0627\u0631\u064a\u0629 \u0645\u0633\u062a\u0642\u0644\u0629 \u0644\u0644\u0623\u0646\u0628\u0627\u0621 \u0627\u0644\u0639\u0627\u0645\u0629\",\"publisher\":{\"@id\":\"https:\\\/\\\/lequotidien.mr\\\/#organization\"},\"potentialAction\":[{\"@type\":\"SearchAction\",\"target\":{\"@type\":\"EntryPoint\",\"urlTemplate\":\"https:\\\/\\\/lequotidien.mr\\\/?s={search_term_string}\"},\"query-input\":{\"@type\":\"PropertyValueSpecification\",\"valueRequired\":true,\"valueName\":\"search_term_string\"}}],\"inLanguage\":\"ar\"},{\"@type\":\"Organization\",\"@id\":\"https:\\\/\\\/lequotidien.mr\\\/#organization\",\"name\":\"Le Quotidien de Nouakchott\",\"url\":\"https:\\\/\\\/lequotidien.mr\\\/\",\"logo\":{\"@type\":\"ImageObject\",\"inLanguage\":\"ar\",\"@id\":\"https:\\\/\\\/lequotidien.mr\\\/#\\\/schema\\\/logo\\\/image\\\/\",\"url\":\"https:\\\/\\\/lequotidien.mr\\\/wp-content\\\/uploads\\\/2022\\\/11\\\/logolequotidien.jpg\",\"contentUrl\":\"https:\\\/\\\/lequotidien.mr\\\/wp-content\\\/uploads\\\/2022\\\/11\\\/logolequotidien.jpg\",\"width\":290,\"height\":65,\"caption\":\"Le Quotidien de Nouakchott\"},\"image\":{\"@id\":\"https:\\\/\\\/lequotidien.mr\\\/#\\\/schema\\\/logo\\\/image\\\/\"},\"sameAs\":[\"https:\\\/\\\/web.facebook.com\\\/lequotidienmr\",\"https:\\\/\\\/x.com\\\/lequotidienmr\"]},{\"@type\":\"Person\",\"@id\":\"https:\\\/\\\/lequotidien.mr\\\/#\\\/schema\\\/person\\\/d2d350202a4d599685ed8abc25f97596\",\"name\":\"Med Ahmed\",\"image\":{\"@type\":\"ImageObject\",\"inLanguage\":\"ar\",\"@id\":\"https:\\\/\\\/secure.gravatar.com\\\/avatar\\\/fd2acc62ed50732923d1d39c17172c9b04149f142be92310ecc69e1358f94b52?s=96&d=mm&r=g\",\"url\":\"https:\\\/\\\/secure.gravatar.com\\\/avatar\\\/fd2acc62ed50732923d1d39c17172c9b04149f142be92310ecc69e1358f94b52?s=96&d=mm&r=g\",\"contentUrl\":\"https:\\\/\\\/secure.gravatar.com\\\/avatar\\\/fd2acc62ed50732923d1d39c17172c9b04149f142be92310ecc69e1358f94b52?s=96&d=mm&r=g\",\"caption\":\"Med Ahmed\"},\"url\":\"https:\\\/\\\/lequotidien.mr\\\/?author=12\"}]}<\/script>\n<!-- \/ Yoast SEO plugin. -->","yoast_head_json":{"title":"Sommet cor\u00e9en-africain, du 4 au 5 juin \u00e0 S\u00e9oul: la Mauritanie co-pr\u00e9side la r\u00e9union pr\u00e9paratoire des ministres - Le Quotidien de Nouakchott","robots":{"index":"index","follow":"follow","max-snippet":"max-snippet:-1","max-image-preview":"max-image-preview:large","max-video-preview":"max-video-preview:-1"},"canonical":"https:\/\/lequotidien.mr\/?p=18646&lang=fr","og_locale":"ar_AR","og_type":"article","og_title":"Sommet cor\u00e9en-africain, du 4 au 5 juin \u00e0 S\u00e9oul: la Mauritanie co-pr\u00e9side la r\u00e9union pr\u00e9paratoire des ministres - Le Quotidien de Nouakchott","og_description":"Les 4 et 5 juin prochains, la Cor\u00e9e du Sud ouvrira ses portes \u00e0 un \u00e9v\u00e9nement d&#8217;une grande envergure: le tout premier Sommet cor\u00e9en-africain. Avec la participation d&#8217;au moins 47 pays africains, dont une vingtaine seront repr\u00e9sent\u00e9s par leurs chefs d&#8217;\u00c9tat ou de gouvernement, cet \u00e9v\u00e9nement promet d&#8217;\u00eatre une \u00e9tape majeure dans les relations entre.....","og_url":"https:\/\/lequotidien.mr\/?p=18646&lang=fr","og_site_name":"Le Quotidien de Nouakchott","article_publisher":"https:\/\/web.facebook.com\/lequotidienmr","article_published_time":"2024-06-02T18:34:27+00:00","og_image":[{"width":926,"height":340,"url":"https:\/\/lequotidien.mr\/wp-content\/uploads\/2024\/06\/photo-sommet-Corree-du-sud-Afrique-.jpg","type":"image\/jpeg"}],"author":"Med Ahmed","twitter_card":"summary_large_image","twitter_creator":"@lequotidienmr","twitter_site":"@lequotidienmr","twitter_misc":{"\u0643\u064f\u062a\u0628 \u0628\u0648\u0627\u0633\u0637\u0629":"Med Ahmed","\u0648\u0642\u062a \u0627\u0644\u0642\u0631\u0627\u0621\u0629 \u0627\u0644\u0645\u064f\u0642\u062f\u0651\u0631":"\u062f\u0642\u064a\u0642\u062a\u0627\u0646"},"schema":{"@context":"https:\/\/schema.org","@graph":[{"@type":"Article","@id":"https:\/\/lequotidien.mr\/?p=18646&lang=fr#article","isPartOf":{"@id":"https:\/\/lequotidien.mr\/?p=18646&lang=fr"},"author":{"name":"Med Ahmed","@id":"https:\/\/lequotidien.mr\/#\/schema\/person\/d2d350202a4d599685ed8abc25f97596"},"headline":"Sommet cor\u00e9en-africain, du 4 au 5 juin \u00e0 S\u00e9oul: la Mauritanie co-pr\u00e9side la r\u00e9union pr\u00e9paratoire des ministres","datePublished":"2024-06-02T18:34:27+00:00","mainEntityOfPage":{"@id":"https:\/\/lequotidien.mr\/?p=18646&lang=fr"},"wordCount":344,"commentCount":0,"publisher":{"@id":"https:\/\/lequotidien.mr\/#organization"},"image":{"@id":"https:\/\/lequotidien.mr\/?p=18646&lang=fr#primaryimage"},"thumbnailUrl":"https:\/\/lequotidien.mr\/wp-content\/uploads\/2024\/06\/photo-sommet-Corree-du-sud-Afrique-.jpg","articleSection":["ACTUALIT\u00c9","Economie"],"inLanguage":"ar","potentialAction":[{"@type":"CommentAction","name":"Comment","target":["https:\/\/lequotidien.mr\/?p=18646&lang=fr#respond"]}]},{"@type":"WebPage","@id":"https:\/\/lequotidien.mr\/?p=18646&lang=fr","url":"https:\/\/lequotidien.mr\/?p=18646&lang=fr","name":"Sommet cor\u00e9en-africain, du 4 au 5 juin \u00e0 S\u00e9oul: la Mauritanie co-pr\u00e9side la r\u00e9union pr\u00e9paratoire des ministres - Le Quotidien de Nouakchott","isPartOf":{"@id":"https:\/\/lequotidien.mr\/#website"},"primaryImageOfPage":{"@id":"https:\/\/lequotidien.mr\/?p=18646&lang=fr#primaryimage"},"image":{"@id":"https:\/\/lequotidien.mr\/?p=18646&lang=fr#primaryimage"},"thumbnailUrl":"https:\/\/lequotidien.mr\/wp-content\/uploads\/2024\/06\/photo-sommet-Corree-du-sud-Afrique-.jpg","datePublished":"2024-06-02T18:34:27+00:00","breadcrumb":{"@id":"https:\/\/lequotidien.mr\/?p=18646&lang=fr#breadcrumb"},"inLanguage":"ar","potentialAction":[{"@type":"ReadAction","target":["https:\/\/lequotidien.mr\/?p=18646&lang=fr"]}]},{"@type":"ImageObject","inLanguage":"ar","@id":"https:\/\/lequotidien.mr\/?p=18646&lang=fr#primaryimage","url":"https:\/\/lequotidien.mr\/wp-content\/uploads\/2024\/06\/photo-sommet-Corree-du-sud-Afrique-.jpg","contentUrl":"https:\/\/lequotidien.mr\/wp-content\/uploads\/2024\/06\/photo-sommet-Corree-du-sud-Afrique-.jpg","width":926,"height":340},{"@type":"BreadcrumbList","@id":"https:\/\/lequotidien.mr\/?p=18646&lang=fr#breadcrumb","itemListElement":[{"@type":"ListItem","position":1,"name":"Home","item":"https:\/\/lequotidien.mr\/"},{"@type":"ListItem","position":2,"name":"Sommet cor\u00e9en-africain, du 4 au 5 juin \u00e0 S\u00e9oul: la Mauritanie co-pr\u00e9side la r\u00e9union pr\u00e9paratoire des ministres"}]},{"@type":"WebSite","@id":"https:\/\/lequotidien.mr\/#website","url":"https:\/\/lequotidien.mr\/","name":"Le Quotidien de Nouakchott","description":"\u0625\u062e\u0628\u0627\u0631\u064a\u0629 \u0645\u0633\u062a\u0642\u0644\u0629 \u0644\u0644\u0623\u0646\u0628\u0627\u0621 \u0627\u0644\u0639\u0627\u0645\u0629","publisher":{"@id":"https:\/\/lequotidien.mr\/#organization"},"potentialAction":[{"@type":"SearchAction","target":{"@type":"EntryPoint","urlTemplate":"https:\/\/lequotidien.mr\/?s={search_term_string}"},"query-input":{"@type":"PropertyValueSpecification","valueRequired":true,"valueName":"search_term_string"}}],"inLanguage":"ar"},{"@type":"Organization","@id":"https:\/\/lequotidien.mr\/#organization","name":"Le Quotidien de Nouakchott","url":"https:\/\/lequotidien.mr\/","logo":{"@type":"ImageObject","inLanguage":"ar","@id":"https:\/\/lequotidien.mr\/#\/schema\/logo\/image\/","url":"https:\/\/lequotidien.mr\/wp-content\/uploads\/2022\/11\/logolequotidien.jpg","contentUrl":"https:\/\/lequotidien.mr\/wp-content\/uploads\/2022\/11\/logolequotidien.jpg","width":290,"height":65,"caption":"Le Quotidien de Nouakchott"},"image":{"@id":"https:\/\/lequotidien.mr\/#\/schema\/logo\/image\/"},"sameAs":["https:\/\/web.facebook.com\/lequotidienmr","https:\/\/x.com\/lequotidienmr"]},{"@type":"Person","@id":"https:\/\/lequotidien.mr\/#\/schema\/person\/d2d350202a4d599685ed8abc25f97596","name":"Med Ahmed","image":{"@type":"ImageObject","inLanguage":"ar","@id":"https:\/\/secure.gravatar.com\/avatar\/fd2acc62ed50732923d1d39c17172c9b04149f142be92310ecc69e1358f94b52?s=96&d=mm&r=g","url":"https:\/\/secure.gravatar.com\/avatar\/fd2acc62ed50732923d1d39c17172c9b04149f142be92310ecc69e1358f94b52?s=96&d=mm&r=g","contentUrl":"https:\/\/secure.gravatar.com\/avatar\/fd2acc62ed50732923d1d39c17172c9b04149f142be92310ecc69e1358f94b52?s=96&d=mm&r=g","caption":"Med Ahmed"},"url":"https:\/\/lequotidien.mr\/?author=12"}]}},"_links":{"self":[{"href":"https:\/\/lequotidien.mr\/index.php?rest_route=\/wp\/v2\/posts\/18646","targetHints":{"allow":["GET"]}}],"collection":[{"href":"https:\/\/lequotidien.mr\/index.php?rest_route=\/wp\/v2\/posts"}],"about":[{"href":"https:\/\/lequotidien.mr\/index.php?rest_route=\/wp\/v2\/types\/post"}],"author":[{"embeddable":true,"href":"https:\/\/lequotidien.mr\/index.php?rest_route=\/wp\/v2\/users\/12"}],"replies":[{"embeddable":true,"href":"https:\/\/lequotidien.mr\/index.php?rest_route=%2Fwp%2Fv2%2Fcomments&post=18646"}],"version-history":[{"count":1,"href":"https:\/\/lequotidien.mr\/index.php?rest_route=\/wp\/v2\/posts\/18646\/revisions"}],"predecessor-version":[{"id":18648,"href":"https:\/\/lequotidien.mr\/index.php?rest_route=\/wp\/v2\/posts\/18646\/revisions\/18648"}],"wp:featuredmedia":[{"embeddable":true,"href":"https:\/\/lequotidien.mr\/index.php?rest_route=\/wp\/v2\/media\/18647"}],"wp:attachment":[{"href":"https:\/\/lequotidien.mr\/index.php?rest_route=%2Fwp%2Fv2%2Fmedia&parent=18646"}],"wp:term":[{"taxonomy":"category","embeddable":true,"href":"https:\/\/lequotidien.mr\/index.php?rest_route=%2Fwp%2Fv2%2Fcategories&post=18646"},{"taxonomy":"post_tag","embeddable":true,"href":"https:\/\/lequotidien.mr\/index.php?rest_route=%2Fwp%2Fv2%2Ftags&post=18646"}],"curies":[{"name":"wp","href":"https:\/\/api.w.org\/{rel}","templated":true}]}}