{"id":18643,"date":"2024-06-02T17:16:35","date_gmt":"2024-06-02T17:16:35","guid":{"rendered":"https:\/\/lequotidien.mr\/?p=18643"},"modified":"2024-06-02T17:16:35","modified_gmt":"2024-06-02T17:16:35","slug":"algerie-mauritanie-le-decret-executif-portant-creation-de-la-zone-franche-dans-la-wilaya-de-tindouf-publie-au-jo","status":"publish","type":"post","link":"https:\/\/lequotidien.mr\/?p=18643&lang=fr","title":{"rendered":"Alg\u00e9rie\/Mauritanie : le d\u00e9cret ex\u00e9cutif portant cr\u00e9ation de la zone franche dans la wilaya de Tindouf publi\u00e9 au JO"},"content":{"rendered":"<p>Une nouvelle zone franche commerciale a \u00e9t\u00e9 cr\u00e9\u00e9e dans la wilaya de Tindouf, \u00e0 proximit\u00e9 du poste frontalier Mustapha- Ben Boulaid de la fronti\u00e8re alg\u00e9ro-mauritanienne, en vertu d&#8217;un d\u00e9cret ex\u00e9cutif publi\u00e9 dans le Journal officiel (JO) N\u00b036.<\/p>\n<p>Il s&#8217;agit du d\u00e9cret ex\u00e9cutif N\u00b0 24-169 sign\u00e9 par le Premier ministre, Nadir Larbaoui, le 28 mai dernier et portant cr\u00e9ation de la \u00abzone franche commerciale Tindouf\u00bb et d\u00e9terminant son implantation g\u00e9ographique, sa d\u00e9limitation, sa superficie, sa consistance, son fonctionnement et sa vocation, ainsi que les activit\u00e9s dont l\u2019exercice y est autoris\u00e9.<\/p>\n<p>Cette zone est implant\u00e9e sur le territoire de la commune de Tindouf, distante de 75 km au sud du chef-lieu de la wilaya de Tindouf, \u00e0 proximit\u00e9 du \u00abposte frontalier Mustapha-Ben Boulaid de la fronti\u00e8re alg\u00e9ro-mauritanienne (passage 75), sur une superficie de 200 hectares, est-il mentionn\u00e9 dans l\u2019annexe jointe au d\u00e9cret.<\/p>\n<p>La \u00abzone franche commerciale Tindouf\u00bb comporte, selon les dispositions de ce texte, \u00abl\u2019ensemble des biens immeubles et meubles mis \u00e0 sa disposition par l\u2019Etat et ceux r\u00e9alis\u00e9s par le concessionnaire lui-m\u00eame, \u00e0 l\u2019effet d\u2019assurer son fonctionnement, notamment les infrastructures, les immeubles et les terrains destin\u00e9s aux activit\u00e9s des op\u00e9rateurs \u00e9conomiques activant dans cette zone franche, ainsi que les locaux abritant les services publics.<\/p>\n<p>Sont exerc\u00e9es au niveau de cette zone franche, les activit\u00e9s commerciales, notamment l\u2019activit\u00e9 d\u2019exportation, est-il pr\u00e9cis\u00e9 dans le d\u00e9cret.<\/p>\n<p>A titre provisoire, l\u2019Agence alg\u00e9rienne de coop\u00e9ration internationale pour la solidarit\u00e9 et le d\u00e9veloppement est charg\u00e9e de r\u00e9aliser au profit de l\u2019autorit\u00e9 conc\u00e9dante, les travaux permettant l\u2019exploitation de la \u00abzone franche commerciale Tindouf\u00bb, et ce, jusqu\u2019\u00e0 l\u2019installation de l\u2019\u00e9tablissement public \u00e0 caract\u00e8re industriel et commercial.<\/p>\n<p><strong>Source\u00a0: Elmoujahid<\/strong><\/p>\n","protected":false},"excerpt":{"rendered":"<p>Une nouvelle zone franche commerciale a \u00e9t\u00e9 cr\u00e9\u00e9e dans la wilaya de Tindouf, \u00e0 proximit\u00e9 du poste frontalier Mustapha- Ben Boulaid de la fronti\u00e8re alg\u00e9ro-mauritanienne, en vertu d&#8217;un d\u00e9cret ex\u00e9cutif publi\u00e9 dans le Journal officiel (JO) N\u00b036. Il s&#8217;agit du d\u00e9cret ex\u00e9cutif N\u00b0 24-169 sign\u00e9 par le Premier ministre, Nadir Larbaoui, le 28 mai dernier&#8230;..<\/p>\n","protected":false},"author":12,"featured_media":18644,"comment_status":"open","ping_status":"open","sticky":false,"template":"","format":"standard","meta":{"footnotes":""},"categories":[23,49],"tags":[],"class_list":["post-18643","post","type-post","status-publish","format-standard","has-post-thumbnail","hentry","category-actualite","category-economie"],"yoast_head":"<!-- This site is optimized with the Yoast SEO plugin v27.5 - https:\/\/yoast.com\/product\/yoast-seo-wordpress\/ -->\n<title>Alg\u00e9rie\/Mauritanie : le d\u00e9cret ex\u00e9cutif portant cr\u00e9ation de la zone franche dans la wilaya de Tindouf publi\u00e9 au JO - Le Quotidien de Nouakchott<\/title>\n<meta name=\"robots\" content=\"index, follow, max-snippet:-1, max-image-preview:large, max-video-preview:-1\" \/>\n<link rel=\"canonical\" href=\"https:\/\/lequotidien.mr\/?p=18643&lang=fr\" \/>\n<meta property=\"og:locale\" content=\"ar_AR\" \/>\n<meta property=\"og:type\" content=\"article\" \/>\n<meta property=\"og:title\" content=\"Alg\u00e9rie\/Mauritanie : le d\u00e9cret ex\u00e9cutif portant cr\u00e9ation de la zone franche dans la wilaya de Tindouf publi\u00e9 au JO - Le Quotidien de Nouakchott\" \/>\n<meta property=\"og:description\" content=\"Une nouvelle zone franche commerciale a \u00e9t\u00e9 cr\u00e9\u00e9e dans la wilaya de Tindouf, \u00e0 proximit\u00e9 du poste frontalier Mustapha- Ben Boulaid de la fronti\u00e8re alg\u00e9ro-mauritanienne, en vertu d&#8217;un d\u00e9cret ex\u00e9cutif publi\u00e9 dans le Journal officiel (JO) N\u00b036. Il s&#8217;agit du d\u00e9cret ex\u00e9cutif N\u00b0 24-169 sign\u00e9 par le Premier ministre, Nadir Larbaoui, le 28 mai dernier.....\" \/>\n<meta property=\"og:url\" content=\"https:\/\/lequotidien.mr\/?p=18643&amp;lang=fr\" \/>\n<meta property=\"og:site_name\" content=\"Le Quotidien de Nouakchott\" \/>\n<meta property=\"article:publisher\" content=\"https:\/\/web.facebook.com\/lequotidienmr\" \/>\n<meta property=\"article:published_time\" content=\"2024-06-02T17:16:35+00:00\" \/>\n<meta property=\"og:image\" content=\"https:\/\/lequotidien.mr\/wp-content\/uploads\/2024\/06\/photo-wilaya-de-tindouf.jpeg\" \/>\n\t<meta property=\"og:image:width\" content=\"800\" \/>\n\t<meta property=\"og:image:height\" content=\"503\" \/>\n\t<meta property=\"og:image:type\" content=\"image\/jpeg\" \/>\n<meta name=\"author\" content=\"Med Ahmed\" \/>\n<meta name=\"twitter:card\" content=\"summary_large_image\" \/>\n<meta name=\"twitter:creator\" content=\"@lequotidienmr\" \/>\n<meta name=\"twitter:site\" content=\"@lequotidienmr\" \/>\n<meta name=\"twitter:label1\" content=\"\u0643\u064f\u062a\u0628 \u0628\u0648\u0627\u0633\u0637\u0629\" \/>\n\t<meta name=\"twitter:data1\" content=\"Med Ahmed\" \/>\n\t<meta name=\"twitter:label2\" content=\"\u0648\u0642\u062a \u0627\u0644\u0642\u0631\u0627\u0621\u0629 \u0627\u0644\u0645\u064f\u0642\u062f\u0651\u0631\" \/>\n\t<meta name=\"twitter:data2\" content=\"\u062f\u0642\u064a\u0642\u062a\u0627\u0646\" \/>\n<script type=\"application\/ld+json\" class=\"yoast-schema-graph\">{\"@context\":\"https:\\\/\\\/schema.org\",\"@graph\":[{\"@type\":\"Article\",\"@id\":\"https:\\\/\\\/lequotidien.mr\\\/?p=18643&lang=fr#article\",\"isPartOf\":{\"@id\":\"https:\\\/\\\/lequotidien.mr\\\/?p=18643&lang=fr\"},\"author\":{\"name\":\"Med Ahmed\",\"@id\":\"https:\\\/\\\/lequotidien.mr\\\/#\\\/schema\\\/person\\\/d2d350202a4d599685ed8abc25f97596\"},\"headline\":\"Alg\u00e9rie\\\/Mauritanie : le d\u00e9cret ex\u00e9cutif portant cr\u00e9ation de la zone franche dans la wilaya de Tindouf publi\u00e9 au JO\",\"datePublished\":\"2024-06-02T17:16:35+00:00\",\"mainEntityOfPage\":{\"@id\":\"https:\\\/\\\/lequotidien.mr\\\/?p=18643&lang=fr\"},\"wordCount\":331,\"commentCount\":0,\"publisher\":{\"@id\":\"https:\\\/\\\/lequotidien.mr\\\/#organization\"},\"image\":{\"@id\":\"https:\\\/\\\/lequotidien.mr\\\/?p=18643&lang=fr#primaryimage\"},\"thumbnailUrl\":\"https:\\\/\\\/lequotidien.mr\\\/wp-content\\\/uploads\\\/2024\\\/06\\\/photo-wilaya-de-tindouf.jpeg\",\"articleSection\":[\"ACTUALIT\u00c9\",\"Economie\"],\"inLanguage\":\"ar\",\"potentialAction\":[{\"@type\":\"CommentAction\",\"name\":\"Comment\",\"target\":[\"https:\\\/\\\/lequotidien.mr\\\/?p=18643&lang=fr#respond\"]}]},{\"@type\":\"WebPage\",\"@id\":\"https:\\\/\\\/lequotidien.mr\\\/?p=18643&lang=fr\",\"url\":\"https:\\\/\\\/lequotidien.mr\\\/?p=18643&lang=fr\",\"name\":\"Alg\u00e9rie\\\/Mauritanie : le d\u00e9cret ex\u00e9cutif portant cr\u00e9ation de la zone franche dans la wilaya de Tindouf publi\u00e9 au JO - Le Quotidien de Nouakchott\",\"isPartOf\":{\"@id\":\"https:\\\/\\\/lequotidien.mr\\\/#website\"},\"primaryImageOfPage\":{\"@id\":\"https:\\\/\\\/lequotidien.mr\\\/?p=18643&lang=fr#primaryimage\"},\"image\":{\"@id\":\"https:\\\/\\\/lequotidien.mr\\\/?p=18643&lang=fr#primaryimage\"},\"thumbnailUrl\":\"https:\\\/\\\/lequotidien.mr\\\/wp-content\\\/uploads\\\/2024\\\/06\\\/photo-wilaya-de-tindouf.jpeg\",\"datePublished\":\"2024-06-02T17:16:35+00:00\",\"breadcrumb\":{\"@id\":\"https:\\\/\\\/lequotidien.mr\\\/?p=18643&lang=fr#breadcrumb\"},\"inLanguage\":\"ar\",\"potentialAction\":[{\"@type\":\"ReadAction\",\"target\":[\"https:\\\/\\\/lequotidien.mr\\\/?p=18643&lang=fr\"]}]},{\"@type\":\"ImageObject\",\"inLanguage\":\"ar\",\"@id\":\"https:\\\/\\\/lequotidien.mr\\\/?p=18643&lang=fr#primaryimage\",\"url\":\"https:\\\/\\\/lequotidien.mr\\\/wp-content\\\/uploads\\\/2024\\\/06\\\/photo-wilaya-de-tindouf.jpeg\",\"contentUrl\":\"https:\\\/\\\/lequotidien.mr\\\/wp-content\\\/uploads\\\/2024\\\/06\\\/photo-wilaya-de-tindouf.jpeg\",\"width\":800,\"height\":503,\"caption\":\"CREATOR: gd-jpeg v1.0 (using IJG JPEG v80), quality = 75\"},{\"@type\":\"BreadcrumbList\",\"@id\":\"https:\\\/\\\/lequotidien.mr\\\/?p=18643&lang=fr#breadcrumb\",\"itemListElement\":[{\"@type\":\"ListItem\",\"position\":1,\"name\":\"Home\",\"item\":\"https:\\\/\\\/lequotidien.mr\\\/\"},{\"@type\":\"ListItem\",\"position\":2,\"name\":\"Alg\u00e9rie\\\/Mauritanie : le d\u00e9cret ex\u00e9cutif portant cr\u00e9ation de la zone franche dans la wilaya de Tindouf publi\u00e9 au JO\"}]},{\"@type\":\"WebSite\",\"@id\":\"https:\\\/\\\/lequotidien.mr\\\/#website\",\"url\":\"https:\\\/\\\/lequotidien.mr\\\/\",\"name\":\"Le Quotidien de Nouakchott\",\"description\":\"\u0625\u062e\u0628\u0627\u0631\u064a\u0629 \u0645\u0633\u062a\u0642\u0644\u0629 \u0644\u0644\u0623\u0646\u0628\u0627\u0621 \u0627\u0644\u0639\u0627\u0645\u0629\",\"publisher\":{\"@id\":\"https:\\\/\\\/lequotidien.mr\\\/#organization\"},\"potentialAction\":[{\"@type\":\"SearchAction\",\"target\":{\"@type\":\"EntryPoint\",\"urlTemplate\":\"https:\\\/\\\/lequotidien.mr\\\/?s={search_term_string}\"},\"query-input\":{\"@type\":\"PropertyValueSpecification\",\"valueRequired\":true,\"valueName\":\"search_term_string\"}}],\"inLanguage\":\"ar\"},{\"@type\":\"Organization\",\"@id\":\"https:\\\/\\\/lequotidien.mr\\\/#organization\",\"name\":\"Le Quotidien de Nouakchott\",\"url\":\"https:\\\/\\\/lequotidien.mr\\\/\",\"logo\":{\"@type\":\"ImageObject\",\"inLanguage\":\"ar\",\"@id\":\"https:\\\/\\\/lequotidien.mr\\\/#\\\/schema\\\/logo\\\/image\\\/\",\"url\":\"https:\\\/\\\/lequotidien.mr\\\/wp-content\\\/uploads\\\/2022\\\/11\\\/logolequotidien.jpg\",\"contentUrl\":\"https:\\\/\\\/lequotidien.mr\\\/wp-content\\\/uploads\\\/2022\\\/11\\\/logolequotidien.jpg\",\"width\":290,\"height\":65,\"caption\":\"Le Quotidien de Nouakchott\"},\"image\":{\"@id\":\"https:\\\/\\\/lequotidien.mr\\\/#\\\/schema\\\/logo\\\/image\\\/\"},\"sameAs\":[\"https:\\\/\\\/web.facebook.com\\\/lequotidienmr\",\"https:\\\/\\\/x.com\\\/lequotidienmr\"]},{\"@type\":\"Person\",\"@id\":\"https:\\\/\\\/lequotidien.mr\\\/#\\\/schema\\\/person\\\/d2d350202a4d599685ed8abc25f97596\",\"name\":\"Med Ahmed\",\"image\":{\"@type\":\"ImageObject\",\"inLanguage\":\"ar\",\"@id\":\"https:\\\/\\\/secure.gravatar.com\\\/avatar\\\/fd2acc62ed50732923d1d39c17172c9b04149f142be92310ecc69e1358f94b52?s=96&d=mm&r=g\",\"url\":\"https:\\\/\\\/secure.gravatar.com\\\/avatar\\\/fd2acc62ed50732923d1d39c17172c9b04149f142be92310ecc69e1358f94b52?s=96&d=mm&r=g\",\"contentUrl\":\"https:\\\/\\\/secure.gravatar.com\\\/avatar\\\/fd2acc62ed50732923d1d39c17172c9b04149f142be92310ecc69e1358f94b52?s=96&d=mm&r=g\",\"caption\":\"Med Ahmed\"},\"url\":\"https:\\\/\\\/lequotidien.mr\\\/?author=12\"}]}<\/script>\n<!-- \/ Yoast SEO plugin. -->","yoast_head_json":{"title":"Alg\u00e9rie\/Mauritanie : le d\u00e9cret ex\u00e9cutif portant cr\u00e9ation de la zone franche dans la wilaya de Tindouf publi\u00e9 au JO - Le Quotidien de Nouakchott","robots":{"index":"index","follow":"follow","max-snippet":"max-snippet:-1","max-image-preview":"max-image-preview:large","max-video-preview":"max-video-preview:-1"},"canonical":"https:\/\/lequotidien.mr\/?p=18643&lang=fr","og_locale":"ar_AR","og_type":"article","og_title":"Alg\u00e9rie\/Mauritanie : le d\u00e9cret ex\u00e9cutif portant cr\u00e9ation de la zone franche dans la wilaya de Tindouf publi\u00e9 au JO - Le Quotidien de Nouakchott","og_description":"Une nouvelle zone franche commerciale a \u00e9t\u00e9 cr\u00e9\u00e9e dans la wilaya de Tindouf, \u00e0 proximit\u00e9 du poste frontalier Mustapha- Ben Boulaid de la fronti\u00e8re alg\u00e9ro-mauritanienne, en vertu d&#8217;un d\u00e9cret ex\u00e9cutif publi\u00e9 dans le Journal officiel (JO) N\u00b036. Il s&#8217;agit du d\u00e9cret ex\u00e9cutif N\u00b0 24-169 sign\u00e9 par le Premier ministre, Nadir Larbaoui, le 28 mai dernier.....","og_url":"https:\/\/lequotidien.mr\/?p=18643&lang=fr","og_site_name":"Le Quotidien de Nouakchott","article_publisher":"https:\/\/web.facebook.com\/lequotidienmr","article_published_time":"2024-06-02T17:16:35+00:00","og_image":[{"width":800,"height":503,"url":"https:\/\/lequotidien.mr\/wp-content\/uploads\/2024\/06\/photo-wilaya-de-tindouf.jpeg","type":"image\/jpeg"}],"author":"Med Ahmed","twitter_card":"summary_large_image","twitter_creator":"@lequotidienmr","twitter_site":"@lequotidienmr","twitter_misc":{"\u0643\u064f\u062a\u0628 \u0628\u0648\u0627\u0633\u0637\u0629":"Med Ahmed","\u0648\u0642\u062a \u0627\u0644\u0642\u0631\u0627\u0621\u0629 \u0627\u0644\u0645\u064f\u0642\u062f\u0651\u0631":"\u062f\u0642\u064a\u0642\u062a\u0627\u0646"},"schema":{"@context":"https:\/\/schema.org","@graph":[{"@type":"Article","@id":"https:\/\/lequotidien.mr\/?p=18643&lang=fr#article","isPartOf":{"@id":"https:\/\/lequotidien.mr\/?p=18643&lang=fr"},"author":{"name":"Med Ahmed","@id":"https:\/\/lequotidien.mr\/#\/schema\/person\/d2d350202a4d599685ed8abc25f97596"},"headline":"Alg\u00e9rie\/Mauritanie : le d\u00e9cret ex\u00e9cutif portant cr\u00e9ation de la zone franche dans la wilaya de Tindouf publi\u00e9 au JO","datePublished":"2024-06-02T17:16:35+00:00","mainEntityOfPage":{"@id":"https:\/\/lequotidien.mr\/?p=18643&lang=fr"},"wordCount":331,"commentCount":0,"publisher":{"@id":"https:\/\/lequotidien.mr\/#organization"},"image":{"@id":"https:\/\/lequotidien.mr\/?p=18643&lang=fr#primaryimage"},"thumbnailUrl":"https:\/\/lequotidien.mr\/wp-content\/uploads\/2024\/06\/photo-wilaya-de-tindouf.jpeg","articleSection":["ACTUALIT\u00c9","Economie"],"inLanguage":"ar","potentialAction":[{"@type":"CommentAction","name":"Comment","target":["https:\/\/lequotidien.mr\/?p=18643&lang=fr#respond"]}]},{"@type":"WebPage","@id":"https:\/\/lequotidien.mr\/?p=18643&lang=fr","url":"https:\/\/lequotidien.mr\/?p=18643&lang=fr","name":"Alg\u00e9rie\/Mauritanie : le d\u00e9cret ex\u00e9cutif portant cr\u00e9ation de la zone franche dans la wilaya de Tindouf publi\u00e9 au JO - Le Quotidien de Nouakchott","isPartOf":{"@id":"https:\/\/lequotidien.mr\/#website"},"primaryImageOfPage":{"@id":"https:\/\/lequotidien.mr\/?p=18643&lang=fr#primaryimage"},"image":{"@id":"https:\/\/lequotidien.mr\/?p=18643&lang=fr#primaryimage"},"thumbnailUrl":"https:\/\/lequotidien.mr\/wp-content\/uploads\/2024\/06\/photo-wilaya-de-tindouf.jpeg","datePublished":"2024-06-02T17:16:35+00:00","breadcrumb":{"@id":"https:\/\/lequotidien.mr\/?p=18643&lang=fr#breadcrumb"},"inLanguage":"ar","potentialAction":[{"@type":"ReadAction","target":["https:\/\/lequotidien.mr\/?p=18643&lang=fr"]}]},{"@type":"ImageObject","inLanguage":"ar","@id":"https:\/\/lequotidien.mr\/?p=18643&lang=fr#primaryimage","url":"https:\/\/lequotidien.mr\/wp-content\/uploads\/2024\/06\/photo-wilaya-de-tindouf.jpeg","contentUrl":"https:\/\/lequotidien.mr\/wp-content\/uploads\/2024\/06\/photo-wilaya-de-tindouf.jpeg","width":800,"height":503,"caption":"CREATOR: gd-jpeg v1.0 (using IJG JPEG v80), quality = 75"},{"@type":"BreadcrumbList","@id":"https:\/\/lequotidien.mr\/?p=18643&lang=fr#breadcrumb","itemListElement":[{"@type":"ListItem","position":1,"name":"Home","item":"https:\/\/lequotidien.mr\/"},{"@type":"ListItem","position":2,"name":"Alg\u00e9rie\/Mauritanie : le d\u00e9cret ex\u00e9cutif portant cr\u00e9ation de la zone franche dans la wilaya de Tindouf publi\u00e9 au JO"}]},{"@type":"WebSite","@id":"https:\/\/lequotidien.mr\/#website","url":"https:\/\/lequotidien.mr\/","name":"Le Quotidien de Nouakchott","description":"\u0625\u062e\u0628\u0627\u0631\u064a\u0629 \u0645\u0633\u062a\u0642\u0644\u0629 \u0644\u0644\u0623\u0646\u0628\u0627\u0621 \u0627\u0644\u0639\u0627\u0645\u0629","publisher":{"@id":"https:\/\/lequotidien.mr\/#organization"},"potentialAction":[{"@type":"SearchAction","target":{"@type":"EntryPoint","urlTemplate":"https:\/\/lequotidien.mr\/?s={search_term_string}"},"query-input":{"@type":"PropertyValueSpecification","valueRequired":true,"valueName":"search_term_string"}}],"inLanguage":"ar"},{"@type":"Organization","@id":"https:\/\/lequotidien.mr\/#organization","name":"Le Quotidien de Nouakchott","url":"https:\/\/lequotidien.mr\/","logo":{"@type":"ImageObject","inLanguage":"ar","@id":"https:\/\/lequotidien.mr\/#\/schema\/logo\/image\/","url":"https:\/\/lequotidien.mr\/wp-content\/uploads\/2022\/11\/logolequotidien.jpg","contentUrl":"https:\/\/lequotidien.mr\/wp-content\/uploads\/2022\/11\/logolequotidien.jpg","width":290,"height":65,"caption":"Le Quotidien de Nouakchott"},"image":{"@id":"https:\/\/lequotidien.mr\/#\/schema\/logo\/image\/"},"sameAs":["https:\/\/web.facebook.com\/lequotidienmr","https:\/\/x.com\/lequotidienmr"]},{"@type":"Person","@id":"https:\/\/lequotidien.mr\/#\/schema\/person\/d2d350202a4d599685ed8abc25f97596","name":"Med Ahmed","image":{"@type":"ImageObject","inLanguage":"ar","@id":"https:\/\/secure.gravatar.com\/avatar\/fd2acc62ed50732923d1d39c17172c9b04149f142be92310ecc69e1358f94b52?s=96&d=mm&r=g","url":"https:\/\/secure.gravatar.com\/avatar\/fd2acc62ed50732923d1d39c17172c9b04149f142be92310ecc69e1358f94b52?s=96&d=mm&r=g","contentUrl":"https:\/\/secure.gravatar.com\/avatar\/fd2acc62ed50732923d1d39c17172c9b04149f142be92310ecc69e1358f94b52?s=96&d=mm&r=g","caption":"Med Ahmed"},"url":"https:\/\/lequotidien.mr\/?author=12"}]}},"_links":{"self":[{"href":"https:\/\/lequotidien.mr\/index.php?rest_route=\/wp\/v2\/posts\/18643","targetHints":{"allow":["GET"]}}],"collection":[{"href":"https:\/\/lequotidien.mr\/index.php?rest_route=\/wp\/v2\/posts"}],"about":[{"href":"https:\/\/lequotidien.mr\/index.php?rest_route=\/wp\/v2\/types\/post"}],"author":[{"embeddable":true,"href":"https:\/\/lequotidien.mr\/index.php?rest_route=\/wp\/v2\/users\/12"}],"replies":[{"embeddable":true,"href":"https:\/\/lequotidien.mr\/index.php?rest_route=%2Fwp%2Fv2%2Fcomments&post=18643"}],"version-history":[{"count":1,"href":"https:\/\/lequotidien.mr\/index.php?rest_route=\/wp\/v2\/posts\/18643\/revisions"}],"predecessor-version":[{"id":18645,"href":"https:\/\/lequotidien.mr\/index.php?rest_route=\/wp\/v2\/posts\/18643\/revisions\/18645"}],"wp:featuredmedia":[{"embeddable":true,"href":"https:\/\/lequotidien.mr\/index.php?rest_route=\/wp\/v2\/media\/18644"}],"wp:attachment":[{"href":"https:\/\/lequotidien.mr\/index.php?rest_route=%2Fwp%2Fv2%2Fmedia&parent=18643"}],"wp:term":[{"taxonomy":"category","embeddable":true,"href":"https:\/\/lequotidien.mr\/index.php?rest_route=%2Fwp%2Fv2%2Fcategories&post=18643"},{"taxonomy":"post_tag","embeddable":true,"href":"https:\/\/lequotidien.mr\/index.php?rest_route=%2Fwp%2Fv2%2Ftags&post=18643"}],"curies":[{"name":"wp","href":"https:\/\/api.w.org\/{rel}","templated":true}]}}