{"id":18640,"date":"2024-06-01T23:40:15","date_gmt":"2024-06-01T23:40:15","guid":{"rendered":"https:\/\/lequotidien.mr\/?p=18640"},"modified":"2024-06-01T23:40:15","modified_gmt":"2024-06-01T23:40:15","slug":"la-delegation-generale-a-la-solidarite-nationale-et-a-la-lutte-contre-lexclusion-taazour-lance-252-activites-economiques","status":"publish","type":"post","link":"https:\/\/lequotidien.mr\/?p=18640&lang=fr","title":{"rendered":"La D\u00e9l\u00e9gation G\u00e9n\u00e9rale \u00e0 la Solidarit\u00e9 Nationale et \u00e0 la Lutte contre l&#8217;Exclusion &#8220;Taazour&#8221; lance 252 activit\u00e9s \u00e9conomiques"},"content":{"rendered":"<p>La D\u00e9l\u00e9gation G\u00e9n\u00e9rale \u00e0 la Solidarit\u00e9 Nationale et \u00e0 la Lutte contre l&#8217;Exclusion &#8220;Taazour&#8221;, vient d\u2019initier une s\u00e9rie de projets \u00e9conomiques dans le cadre de son engagement \u00e0 promouvoir le d\u00e9veloppement inclusif et \u00e0 lutter contre les disparit\u00e9s sociales. Avec 252 activit\u00e9s \u00e9conomiques en vue, cette initiative ambitieuse b\u00e9n\u00e9ficiera \u00e0 six wilayas, apportant ainsi un changement tangible dans plusieurs communaut\u00e9s.<\/p>\n<p>Selon les informations fournies par la D\u00e9l\u00e9gation, ces projets ont pour objectif de cr\u00e9er des opportunit\u00e9s d&#8217;emploi pour les jeunes tout en soutenant activement les coop\u00e9ratives f\u00e9minines et les entreprises solidaires. En outre, ces initiatives englobent des programmes visant \u00e0 am\u00e9liorer l&#8217;acc\u00e8s \u00e0 l&#8217;eau, aux services de sant\u00e9 et \u00e0 l&#8217;\u00e9ducation, soulignant ainsi l&#8217;approche holistique de Taazour pour aborder les d\u00e9fis socio-\u00e9conomiques.<\/p>\n<p>L&#8217;\u00e9tendue de ces efforts a \u00e9t\u00e9 mise en lumi\u00e8re hier, alors que le D\u00e9l\u00e9gu\u00e9 G\u00e9n\u00e9ral de Taazour, Monsieur Hamoud Ahmed, supervisait personnellement ces activit\u00e9s \u00e0 Ka\u00e9di. Parmi les r\u00e9alisations notables figurent la distribution de 120 motos, 15 citernes et 5 v\u00e9hicules \u00e0 trois roues, ainsi qu&#8217;un soutien substantiel \u00e0 60 coop\u00e9ratives agricoles \u00e0 travers la fourniture de semences et de mat\u00e9riel d&#8217;infrastructure. Chaque coop\u00e9rative b\u00e9n\u00e9ficiera d&#8217;une aide financi\u00e8re significative, avec une allocation de 300 000 ouguiyas.<\/p>\n<p>En outre, dans le but de renforcer l&#8217;acc\u00e8s aux produits essentiels pour les citoyens \u00e0 faible revenu, Taazour pr\u00e9voit l&#8217;ouverture de 52 magasins solidaires offrant des articles de premi\u00e8re n\u00e9cessit\u00e9 \u00e0 des prix r\u00e9duits. Cette initiative vise \u00e0 att\u00e9nuer les difficult\u00e9s \u00e9conomiques rencontr\u00e9es par les communaut\u00e9s les plus vuln\u00e9rables, garantissant ainsi une distribution \u00e9quitable des ressources.<\/p>\n<p>Il convient de noter que ces efforts ne se limitent pas \u00e0 une r\u00e9gion sp\u00e9cifique, mais s&#8217;\u00e9tendent sur 52 municipalit\u00e9s r\u00e9parties dans les wilayas du Gorgol, du Guidimagha, de l\u2019Assaba, du Brakna, de Tagant, et de l\u2019Adrar.<\/p>\n<p>Gr\u00e2ce \u00e0 ces efforts concert\u00e9s, Taazour est en train des jouer un r\u00f4le crucial dans la cr\u00e9ation d&#8217;un avenir meilleur pour les citoyens mauritaniens les plus vuln\u00e9rables, en mettant en \u0153uvre des solutions de proximit\u00e9 \u00a0pour surmonter les d\u00e9fis socio-\u00e9conomiques de l\u2019heure.<\/p>\n","protected":false},"excerpt":{"rendered":"<p>La D\u00e9l\u00e9gation G\u00e9n\u00e9rale \u00e0 la Solidarit\u00e9 Nationale et \u00e0 la Lutte contre l&#8217;Exclusion &#8220;Taazour&#8221;, vient d\u2019initier une s\u00e9rie de projets \u00e9conomiques dans le cadre de son engagement \u00e0 promouvoir le d\u00e9veloppement inclusif et \u00e0 lutter contre les disparit\u00e9s sociales. Avec 252 activit\u00e9s \u00e9conomiques en vue, cette initiative ambitieuse b\u00e9n\u00e9ficiera \u00e0 six wilayas, apportant ainsi un&#8230;..<\/p>\n","protected":false},"author":12,"featured_media":18641,"comment_status":"open","ping_status":"open","sticky":false,"template":"","format":"standard","meta":{"footnotes":""},"categories":[23,49],"tags":[],"class_list":["post-18640","post","type-post","status-publish","format-standard","has-post-thumbnail","hentry","category-actualite","category-economie"],"yoast_head":"<!-- This site is optimized with the Yoast SEO plugin v27.5 - https:\/\/yoast.com\/product\/yoast-seo-wordpress\/ -->\n<title>La D\u00e9l\u00e9gation G\u00e9n\u00e9rale \u00e0 la Solidarit\u00e9 Nationale et \u00e0 la Lutte contre l&#039;Exclusion &quot;Taazour&quot; lance 252 activit\u00e9s \u00e9conomiques - Le Quotidien de Nouakchott<\/title>\n<meta name=\"robots\" content=\"index, follow, max-snippet:-1, max-image-preview:large, max-video-preview:-1\" \/>\n<link rel=\"canonical\" href=\"https:\/\/lequotidien.mr\/?p=18640&lang=fr\" \/>\n<meta property=\"og:locale\" content=\"ar_AR\" \/>\n<meta property=\"og:type\" content=\"article\" \/>\n<meta property=\"og:title\" content=\"La D\u00e9l\u00e9gation G\u00e9n\u00e9rale \u00e0 la Solidarit\u00e9 Nationale et \u00e0 la Lutte contre l&#039;Exclusion &quot;Taazour&quot; lance 252 activit\u00e9s \u00e9conomiques - Le Quotidien de Nouakchott\" \/>\n<meta property=\"og:description\" content=\"La D\u00e9l\u00e9gation G\u00e9n\u00e9rale \u00e0 la Solidarit\u00e9 Nationale et \u00e0 la Lutte contre l&#8217;Exclusion &#8220;Taazour&#8221;, vient d\u2019initier une s\u00e9rie de projets \u00e9conomiques dans le cadre de son engagement \u00e0 promouvoir le d\u00e9veloppement inclusif et \u00e0 lutter contre les disparit\u00e9s sociales. Avec 252 activit\u00e9s \u00e9conomiques en vue, cette initiative ambitieuse b\u00e9n\u00e9ficiera \u00e0 six wilayas, apportant ainsi un.....\" \/>\n<meta property=\"og:url\" content=\"https:\/\/lequotidien.mr\/?p=18640&amp;lang=fr\" \/>\n<meta property=\"og:site_name\" content=\"Le Quotidien de Nouakchott\" \/>\n<meta property=\"article:publisher\" content=\"https:\/\/web.facebook.com\/lequotidienmr\" \/>\n<meta property=\"article:published_time\" content=\"2024-06-01T23:40:15+00:00\" \/>\n<meta property=\"og:image\" content=\"https:\/\/lequotidien.mr\/wp-content\/uploads\/2024\/06\/photo-Taazour.jpg\" \/>\n\t<meta property=\"og:image:width\" content=\"448\" \/>\n\t<meta property=\"og:image:height\" content=\"257\" \/>\n\t<meta property=\"og:image:type\" content=\"image\/jpeg\" \/>\n<meta name=\"author\" content=\"Med Ahmed\" \/>\n<meta name=\"twitter:card\" content=\"summary_large_image\" \/>\n<meta name=\"twitter:creator\" content=\"@lequotidienmr\" \/>\n<meta name=\"twitter:site\" content=\"@lequotidienmr\" \/>\n<meta name=\"twitter:label1\" content=\"\u0643\u064f\u062a\u0628 \u0628\u0648\u0627\u0633\u0637\u0629\" \/>\n\t<meta name=\"twitter:data1\" content=\"Med Ahmed\" \/>\n\t<meta name=\"twitter:label2\" content=\"\u0648\u0642\u062a \u0627\u0644\u0642\u0631\u0627\u0621\u0629 \u0627\u0644\u0645\u064f\u0642\u062f\u0651\u0631\" \/>\n\t<meta name=\"twitter:data2\" content=\"\u062f\u0642\u064a\u0642\u062a\u0627\u0646\" \/>\n<script type=\"application\/ld+json\" class=\"yoast-schema-graph\">{\"@context\":\"https:\\\/\\\/schema.org\",\"@graph\":[{\"@type\":\"Article\",\"@id\":\"https:\\\/\\\/lequotidien.mr\\\/?p=18640&lang=fr#article\",\"isPartOf\":{\"@id\":\"https:\\\/\\\/lequotidien.mr\\\/?p=18640&lang=fr\"},\"author\":{\"name\":\"Med Ahmed\",\"@id\":\"https:\\\/\\\/lequotidien.mr\\\/#\\\/schema\\\/person\\\/d2d350202a4d599685ed8abc25f97596\"},\"headline\":\"La D\u00e9l\u00e9gation G\u00e9n\u00e9rale \u00e0 la Solidarit\u00e9 Nationale et \u00e0 la Lutte contre l&#8217;Exclusion &#8220;Taazour&#8221; lance 252 activit\u00e9s \u00e9conomiques\",\"datePublished\":\"2024-06-01T23:40:15+00:00\",\"mainEntityOfPage\":{\"@id\":\"https:\\\/\\\/lequotidien.mr\\\/?p=18640&lang=fr\"},\"wordCount\":403,\"commentCount\":0,\"publisher\":{\"@id\":\"https:\\\/\\\/lequotidien.mr\\\/#organization\"},\"image\":{\"@id\":\"https:\\\/\\\/lequotidien.mr\\\/?p=18640&lang=fr#primaryimage\"},\"thumbnailUrl\":\"https:\\\/\\\/lequotidien.mr\\\/wp-content\\\/uploads\\\/2024\\\/06\\\/photo-Taazour.jpg\",\"articleSection\":[\"ACTUALIT\u00c9\",\"Economie\"],\"inLanguage\":\"ar\",\"potentialAction\":[{\"@type\":\"CommentAction\",\"name\":\"Comment\",\"target\":[\"https:\\\/\\\/lequotidien.mr\\\/?p=18640&lang=fr#respond\"]}]},{\"@type\":\"WebPage\",\"@id\":\"https:\\\/\\\/lequotidien.mr\\\/?p=18640&lang=fr\",\"url\":\"https:\\\/\\\/lequotidien.mr\\\/?p=18640&lang=fr\",\"name\":\"La D\u00e9l\u00e9gation G\u00e9n\u00e9rale \u00e0 la Solidarit\u00e9 Nationale et \u00e0 la Lutte contre l'Exclusion \\\"Taazour\\\" lance 252 activit\u00e9s \u00e9conomiques - Le Quotidien de Nouakchott\",\"isPartOf\":{\"@id\":\"https:\\\/\\\/lequotidien.mr\\\/#website\"},\"primaryImageOfPage\":{\"@id\":\"https:\\\/\\\/lequotidien.mr\\\/?p=18640&lang=fr#primaryimage\"},\"image\":{\"@id\":\"https:\\\/\\\/lequotidien.mr\\\/?p=18640&lang=fr#primaryimage\"},\"thumbnailUrl\":\"https:\\\/\\\/lequotidien.mr\\\/wp-content\\\/uploads\\\/2024\\\/06\\\/photo-Taazour.jpg\",\"datePublished\":\"2024-06-01T23:40:15+00:00\",\"breadcrumb\":{\"@id\":\"https:\\\/\\\/lequotidien.mr\\\/?p=18640&lang=fr#breadcrumb\"},\"inLanguage\":\"ar\",\"potentialAction\":[{\"@type\":\"ReadAction\",\"target\":[\"https:\\\/\\\/lequotidien.mr\\\/?p=18640&lang=fr\"]}]},{\"@type\":\"ImageObject\",\"inLanguage\":\"ar\",\"@id\":\"https:\\\/\\\/lequotidien.mr\\\/?p=18640&lang=fr#primaryimage\",\"url\":\"https:\\\/\\\/lequotidien.mr\\\/wp-content\\\/uploads\\\/2024\\\/06\\\/photo-Taazour.jpg\",\"contentUrl\":\"https:\\\/\\\/lequotidien.mr\\\/wp-content\\\/uploads\\\/2024\\\/06\\\/photo-Taazour.jpg\",\"width\":448,\"height\":257},{\"@type\":\"BreadcrumbList\",\"@id\":\"https:\\\/\\\/lequotidien.mr\\\/?p=18640&lang=fr#breadcrumb\",\"itemListElement\":[{\"@type\":\"ListItem\",\"position\":1,\"name\":\"Home\",\"item\":\"https:\\\/\\\/lequotidien.mr\\\/\"},{\"@type\":\"ListItem\",\"position\":2,\"name\":\"La D\u00e9l\u00e9gation G\u00e9n\u00e9rale \u00e0 la Solidarit\u00e9 Nationale et \u00e0 la Lutte contre l&rsquo;Exclusion \u00ab\u00a0Taazour\u00a0\u00bb lance 252 activit\u00e9s \u00e9conomiques\"}]},{\"@type\":\"WebSite\",\"@id\":\"https:\\\/\\\/lequotidien.mr\\\/#website\",\"url\":\"https:\\\/\\\/lequotidien.mr\\\/\",\"name\":\"Le Quotidien de Nouakchott\",\"description\":\"\u0625\u062e\u0628\u0627\u0631\u064a\u0629 \u0645\u0633\u062a\u0642\u0644\u0629 \u0644\u0644\u0623\u0646\u0628\u0627\u0621 \u0627\u0644\u0639\u0627\u0645\u0629\",\"publisher\":{\"@id\":\"https:\\\/\\\/lequotidien.mr\\\/#organization\"},\"potentialAction\":[{\"@type\":\"SearchAction\",\"target\":{\"@type\":\"EntryPoint\",\"urlTemplate\":\"https:\\\/\\\/lequotidien.mr\\\/?s={search_term_string}\"},\"query-input\":{\"@type\":\"PropertyValueSpecification\",\"valueRequired\":true,\"valueName\":\"search_term_string\"}}],\"inLanguage\":\"ar\"},{\"@type\":\"Organization\",\"@id\":\"https:\\\/\\\/lequotidien.mr\\\/#organization\",\"name\":\"Le Quotidien de Nouakchott\",\"url\":\"https:\\\/\\\/lequotidien.mr\\\/\",\"logo\":{\"@type\":\"ImageObject\",\"inLanguage\":\"ar\",\"@id\":\"https:\\\/\\\/lequotidien.mr\\\/#\\\/schema\\\/logo\\\/image\\\/\",\"url\":\"https:\\\/\\\/lequotidien.mr\\\/wp-content\\\/uploads\\\/2022\\\/11\\\/logolequotidien.jpg\",\"contentUrl\":\"https:\\\/\\\/lequotidien.mr\\\/wp-content\\\/uploads\\\/2022\\\/11\\\/logolequotidien.jpg\",\"width\":290,\"height\":65,\"caption\":\"Le Quotidien de Nouakchott\"},\"image\":{\"@id\":\"https:\\\/\\\/lequotidien.mr\\\/#\\\/schema\\\/logo\\\/image\\\/\"},\"sameAs\":[\"https:\\\/\\\/web.facebook.com\\\/lequotidienmr\",\"https:\\\/\\\/x.com\\\/lequotidienmr\"]},{\"@type\":\"Person\",\"@id\":\"https:\\\/\\\/lequotidien.mr\\\/#\\\/schema\\\/person\\\/d2d350202a4d599685ed8abc25f97596\",\"name\":\"Med Ahmed\",\"image\":{\"@type\":\"ImageObject\",\"inLanguage\":\"ar\",\"@id\":\"https:\\\/\\\/secure.gravatar.com\\\/avatar\\\/fd2acc62ed50732923d1d39c17172c9b04149f142be92310ecc69e1358f94b52?s=96&d=mm&r=g\",\"url\":\"https:\\\/\\\/secure.gravatar.com\\\/avatar\\\/fd2acc62ed50732923d1d39c17172c9b04149f142be92310ecc69e1358f94b52?s=96&d=mm&r=g\",\"contentUrl\":\"https:\\\/\\\/secure.gravatar.com\\\/avatar\\\/fd2acc62ed50732923d1d39c17172c9b04149f142be92310ecc69e1358f94b52?s=96&d=mm&r=g\",\"caption\":\"Med Ahmed\"},\"url\":\"https:\\\/\\\/lequotidien.mr\\\/?author=12\"}]}<\/script>\n<!-- \/ Yoast SEO plugin. -->","yoast_head_json":{"title":"La D\u00e9l\u00e9gation G\u00e9n\u00e9rale \u00e0 la Solidarit\u00e9 Nationale et \u00e0 la Lutte contre l'Exclusion \"Taazour\" lance 252 activit\u00e9s \u00e9conomiques - Le Quotidien de Nouakchott","robots":{"index":"index","follow":"follow","max-snippet":"max-snippet:-1","max-image-preview":"max-image-preview:large","max-video-preview":"max-video-preview:-1"},"canonical":"https:\/\/lequotidien.mr\/?p=18640&lang=fr","og_locale":"ar_AR","og_type":"article","og_title":"La D\u00e9l\u00e9gation G\u00e9n\u00e9rale \u00e0 la Solidarit\u00e9 Nationale et \u00e0 la Lutte contre l'Exclusion \"Taazour\" lance 252 activit\u00e9s \u00e9conomiques - Le Quotidien de Nouakchott","og_description":"La D\u00e9l\u00e9gation G\u00e9n\u00e9rale \u00e0 la Solidarit\u00e9 Nationale et \u00e0 la Lutte contre l&#8217;Exclusion &#8220;Taazour&#8221;, vient d\u2019initier une s\u00e9rie de projets \u00e9conomiques dans le cadre de son engagement \u00e0 promouvoir le d\u00e9veloppement inclusif et \u00e0 lutter contre les disparit\u00e9s sociales. Avec 252 activit\u00e9s \u00e9conomiques en vue, cette initiative ambitieuse b\u00e9n\u00e9ficiera \u00e0 six wilayas, apportant ainsi un.....","og_url":"https:\/\/lequotidien.mr\/?p=18640&lang=fr","og_site_name":"Le Quotidien de Nouakchott","article_publisher":"https:\/\/web.facebook.com\/lequotidienmr","article_published_time":"2024-06-01T23:40:15+00:00","og_image":[{"width":448,"height":257,"url":"https:\/\/lequotidien.mr\/wp-content\/uploads\/2024\/06\/photo-Taazour.jpg","type":"image\/jpeg"}],"author":"Med Ahmed","twitter_card":"summary_large_image","twitter_creator":"@lequotidienmr","twitter_site":"@lequotidienmr","twitter_misc":{"\u0643\u064f\u062a\u0628 \u0628\u0648\u0627\u0633\u0637\u0629":"Med Ahmed","\u0648\u0642\u062a \u0627\u0644\u0642\u0631\u0627\u0621\u0629 \u0627\u0644\u0645\u064f\u0642\u062f\u0651\u0631":"\u062f\u0642\u064a\u0642\u062a\u0627\u0646"},"schema":{"@context":"https:\/\/schema.org","@graph":[{"@type":"Article","@id":"https:\/\/lequotidien.mr\/?p=18640&lang=fr#article","isPartOf":{"@id":"https:\/\/lequotidien.mr\/?p=18640&lang=fr"},"author":{"name":"Med Ahmed","@id":"https:\/\/lequotidien.mr\/#\/schema\/person\/d2d350202a4d599685ed8abc25f97596"},"headline":"La D\u00e9l\u00e9gation G\u00e9n\u00e9rale \u00e0 la Solidarit\u00e9 Nationale et \u00e0 la Lutte contre l&#8217;Exclusion &#8220;Taazour&#8221; lance 252 activit\u00e9s \u00e9conomiques","datePublished":"2024-06-01T23:40:15+00:00","mainEntityOfPage":{"@id":"https:\/\/lequotidien.mr\/?p=18640&lang=fr"},"wordCount":403,"commentCount":0,"publisher":{"@id":"https:\/\/lequotidien.mr\/#organization"},"image":{"@id":"https:\/\/lequotidien.mr\/?p=18640&lang=fr#primaryimage"},"thumbnailUrl":"https:\/\/lequotidien.mr\/wp-content\/uploads\/2024\/06\/photo-Taazour.jpg","articleSection":["ACTUALIT\u00c9","Economie"],"inLanguage":"ar","potentialAction":[{"@type":"CommentAction","name":"Comment","target":["https:\/\/lequotidien.mr\/?p=18640&lang=fr#respond"]}]},{"@type":"WebPage","@id":"https:\/\/lequotidien.mr\/?p=18640&lang=fr","url":"https:\/\/lequotidien.mr\/?p=18640&lang=fr","name":"La D\u00e9l\u00e9gation G\u00e9n\u00e9rale \u00e0 la Solidarit\u00e9 Nationale et \u00e0 la Lutte contre l'Exclusion \"Taazour\" lance 252 activit\u00e9s \u00e9conomiques - Le Quotidien de Nouakchott","isPartOf":{"@id":"https:\/\/lequotidien.mr\/#website"},"primaryImageOfPage":{"@id":"https:\/\/lequotidien.mr\/?p=18640&lang=fr#primaryimage"},"image":{"@id":"https:\/\/lequotidien.mr\/?p=18640&lang=fr#primaryimage"},"thumbnailUrl":"https:\/\/lequotidien.mr\/wp-content\/uploads\/2024\/06\/photo-Taazour.jpg","datePublished":"2024-06-01T23:40:15+00:00","breadcrumb":{"@id":"https:\/\/lequotidien.mr\/?p=18640&lang=fr#breadcrumb"},"inLanguage":"ar","potentialAction":[{"@type":"ReadAction","target":["https:\/\/lequotidien.mr\/?p=18640&lang=fr"]}]},{"@type":"ImageObject","inLanguage":"ar","@id":"https:\/\/lequotidien.mr\/?p=18640&lang=fr#primaryimage","url":"https:\/\/lequotidien.mr\/wp-content\/uploads\/2024\/06\/photo-Taazour.jpg","contentUrl":"https:\/\/lequotidien.mr\/wp-content\/uploads\/2024\/06\/photo-Taazour.jpg","width":448,"height":257},{"@type":"BreadcrumbList","@id":"https:\/\/lequotidien.mr\/?p=18640&lang=fr#breadcrumb","itemListElement":[{"@type":"ListItem","position":1,"name":"Home","item":"https:\/\/lequotidien.mr\/"},{"@type":"ListItem","position":2,"name":"La D\u00e9l\u00e9gation G\u00e9n\u00e9rale \u00e0 la Solidarit\u00e9 Nationale et \u00e0 la Lutte contre l&rsquo;Exclusion \u00ab\u00a0Taazour\u00a0\u00bb lance 252 activit\u00e9s \u00e9conomiques"}]},{"@type":"WebSite","@id":"https:\/\/lequotidien.mr\/#website","url":"https:\/\/lequotidien.mr\/","name":"Le Quotidien de Nouakchott","description":"\u0625\u062e\u0628\u0627\u0631\u064a\u0629 \u0645\u0633\u062a\u0642\u0644\u0629 \u0644\u0644\u0623\u0646\u0628\u0627\u0621 \u0627\u0644\u0639\u0627\u0645\u0629","publisher":{"@id":"https:\/\/lequotidien.mr\/#organization"},"potentialAction":[{"@type":"SearchAction","target":{"@type":"EntryPoint","urlTemplate":"https:\/\/lequotidien.mr\/?s={search_term_string}"},"query-input":{"@type":"PropertyValueSpecification","valueRequired":true,"valueName":"search_term_string"}}],"inLanguage":"ar"},{"@type":"Organization","@id":"https:\/\/lequotidien.mr\/#organization","name":"Le Quotidien de Nouakchott","url":"https:\/\/lequotidien.mr\/","logo":{"@type":"ImageObject","inLanguage":"ar","@id":"https:\/\/lequotidien.mr\/#\/schema\/logo\/image\/","url":"https:\/\/lequotidien.mr\/wp-content\/uploads\/2022\/11\/logolequotidien.jpg","contentUrl":"https:\/\/lequotidien.mr\/wp-content\/uploads\/2022\/11\/logolequotidien.jpg","width":290,"height":65,"caption":"Le Quotidien de Nouakchott"},"image":{"@id":"https:\/\/lequotidien.mr\/#\/schema\/logo\/image\/"},"sameAs":["https:\/\/web.facebook.com\/lequotidienmr","https:\/\/x.com\/lequotidienmr"]},{"@type":"Person","@id":"https:\/\/lequotidien.mr\/#\/schema\/person\/d2d350202a4d599685ed8abc25f97596","name":"Med Ahmed","image":{"@type":"ImageObject","inLanguage":"ar","@id":"https:\/\/secure.gravatar.com\/avatar\/fd2acc62ed50732923d1d39c17172c9b04149f142be92310ecc69e1358f94b52?s=96&d=mm&r=g","url":"https:\/\/secure.gravatar.com\/avatar\/fd2acc62ed50732923d1d39c17172c9b04149f142be92310ecc69e1358f94b52?s=96&d=mm&r=g","contentUrl":"https:\/\/secure.gravatar.com\/avatar\/fd2acc62ed50732923d1d39c17172c9b04149f142be92310ecc69e1358f94b52?s=96&d=mm&r=g","caption":"Med Ahmed"},"url":"https:\/\/lequotidien.mr\/?author=12"}]}},"_links":{"self":[{"href":"https:\/\/lequotidien.mr\/index.php?rest_route=\/wp\/v2\/posts\/18640","targetHints":{"allow":["GET"]}}],"collection":[{"href":"https:\/\/lequotidien.mr\/index.php?rest_route=\/wp\/v2\/posts"}],"about":[{"href":"https:\/\/lequotidien.mr\/index.php?rest_route=\/wp\/v2\/types\/post"}],"author":[{"embeddable":true,"href":"https:\/\/lequotidien.mr\/index.php?rest_route=\/wp\/v2\/users\/12"}],"replies":[{"embeddable":true,"href":"https:\/\/lequotidien.mr\/index.php?rest_route=%2Fwp%2Fv2%2Fcomments&post=18640"}],"version-history":[{"count":1,"href":"https:\/\/lequotidien.mr\/index.php?rest_route=\/wp\/v2\/posts\/18640\/revisions"}],"predecessor-version":[{"id":18642,"href":"https:\/\/lequotidien.mr\/index.php?rest_route=\/wp\/v2\/posts\/18640\/revisions\/18642"}],"wp:featuredmedia":[{"embeddable":true,"href":"https:\/\/lequotidien.mr\/index.php?rest_route=\/wp\/v2\/media\/18641"}],"wp:attachment":[{"href":"https:\/\/lequotidien.mr\/index.php?rest_route=%2Fwp%2Fv2%2Fmedia&parent=18640"}],"wp:term":[{"taxonomy":"category","embeddable":true,"href":"https:\/\/lequotidien.mr\/index.php?rest_route=%2Fwp%2Fv2%2Fcategories&post=18640"},{"taxonomy":"post_tag","embeddable":true,"href":"https:\/\/lequotidien.mr\/index.php?rest_route=%2Fwp%2Fv2%2Ftags&post=18640"}],"curies":[{"name":"wp","href":"https:\/\/api.w.org\/{rel}","templated":true}]}}