{"id":18619,"date":"2024-05-31T16:35:23","date_gmt":"2024-05-31T16:35:23","guid":{"rendered":"https:\/\/lequotidien.mr\/?p=18619"},"modified":"2024-05-31T16:35:23","modified_gmt":"2024-05-31T16:35:23","slug":"le-president-de-la-republique-supervise-le-lancement-de-financements-dun-paquet-de-projets-destines-a-lemploi-des-jeunes","status":"publish","type":"post","link":"https:\/\/lequotidien.mr\/?p=18619&lang=fr","title":{"rendered":"Le Pr\u00e9sident de la R\u00e9publique supervise le lancement de financements d\u2019un paquet de projets destin\u00e9s \u00e0 l\u2019emploi des jeunes"},"content":{"rendered":"<p>Le Pr\u00e9sident de la R\u00e9publique, Monsieur Mohamed Cheikh El Ghazouani, a supervis\u00e9, jeudi apr\u00e8s-midi, au Palais des congr\u00e8s de Nouakchott, le lancement de financements de centaines de projets de d\u00e9veloppement visant \u00e0 renforcer le potentiel des jeunes en mati\u00e8re d\u2019emploi.<\/p>\n<p>Au cours de la c\u00e9r\u00e9monie organis\u00e9e \u00e0 cet effet, le Pr\u00e9sident de la R\u00e9publique a remis des ch\u00e8ques symboliques de financement \u00e0 certains jeunes porteurs de projets, marquant ainsi le d\u00e9but de l\u2019octroi de financements pour une nouvelle vague de projets destin\u00e9s aux jeunes dans le cadre des programmes \u201cMon Projet, Mon Avenir\u201d, \u201cEmployabilit\u00e9 des jeunes\u201d et \u201cMihneti\u201d.<\/p>\n<p>La quatri\u00e8me \u00e9dition du programme \u201cMon Projet, Mon Avenir\u201d, organis\u00e9e sous le slogan : \u201cFaisons confiance \u00e0 notre jeunesse, pour un avenir prosp\u00e8re\u201d, fournira des financements \u00e0 2000 porteurs de projets, avec un budget de 2,3 milliards MRU, s\u2019y ajoute les dizaines de financements qui seront lanc\u00e9s dans le cadre des projets \u201cEmployabilit\u00e9 des jeunes\u201d et \u201cMihneti\u201d.<\/p>\n<p>Par ailleurs, le Pr\u00e9sident de la R\u00e9publique a donn\u00e9 le coup d\u2019envoi pour l\u2019appel \u00e0 candidature des Halles d\u2019entreprises et de la cinqui\u00e8me \u00e9dition du programme \u201cMon Projet, Mon Avenir\u201d, qui ouvriront de nouvelles perspectives pour l\u2019emploi et renforceront le r\u00f4le de d\u00e9veloppement des jeunes dans divers secteurs \u00e9conomiques.<\/p>\n<p>Ces programmes de d\u00e9veloppement destin\u00e9s aux jeunes, mis en \u0153uvre par le minist\u00e8re de l\u2019Emploi et de la Formation professionnelle, vont en harmonie avec la politique g\u00e9n\u00e9rale du gouvernement visant \u00e0 cr\u00e9er des opportunit\u00e9s d\u2019emploi, \u00e0 valoriser les potentialit\u00e9s \u00e9conomiques dans les diff\u00e9rentes r\u00e9gions du pays, et \u00e0 offrir aux jeunes des financements et un soutien aux porteurs de projets et d\u2019activit\u00e9s g\u00e9n\u00e9ratrices de revenus ainsi que pour les petites et moyennes entreprises. Ils incluent \u00e9galement la formation des jeunes et leur accompagnement sur le plan du leadership, en portant une attention particuli\u00e8re aux groupes vuln\u00e9rables et en orientant des projets de d\u00e9veloppement sp\u00e9cifiques \u00e0 leur niveau d\u2019\u00e9ducation et \u00e0 leur environnement de travail.<\/p>\n<p>La c\u00e9r\u00e9monie a \u00e9t\u00e9 \u00e9galement marqu\u00e9e par la projection d\u2019un film dressant le bilan d\u2019actions du minist\u00e8re de l\u2019Emploi et de la Formation professionnelle au cours des cinq derni\u00e8res ann\u00e9es, pr\u00e9sentant l\u2019effectif des jeunes b\u00e9n\u00e9ficiaires des programmes d\u2019emploi, les budgets allou\u00e9s \u00e0 leurs projets, les formations fournies par le d\u00e9partement et leurs domaines, ainsi que leur r\u00f4le dans l\u2019encadrement des jeunes et leur acc\u00e8s au march\u00e9 de l\u2019emploi.<\/p>\n<p>Dans son discours, la ministre de l\u2019Emploi et de la Formation professionnelle, Madame Zeinebou Ahmednah, a soulign\u00e9 que l\u2019\u00e9mancipation et le renforcement des capacit\u00e9s des jeunes ont constitu\u00e9 la pierre angulaire du programme \u201cTaahoudaty\u201d du Pr\u00e9sident de la R\u00e9publique, Monsieur Mohamed Cheikh El Ghazouani, que le gouvernement a mis en \u0153uvre \u00e0 travers des strat\u00e9gies ambitieuses.<\/p>\n<p>Elle a ajout\u00e9 que depuis 2019, le minist\u00e8re de l\u2019Emploi et de la Formation professionnelle a lanc\u00e9 des programmes et des projets visant \u00e0 am\u00e9liorer l\u2019employabilit\u00e9 des jeunes et d\u00e9velopper l\u2019entrepreneuriat, lesquels ont \u00e9t\u00e9 renforc\u00e9s par la cr\u00e9ation du Fonds national pour l\u2019emploi, sur instruction du Pr\u00e9sident de la R\u00e9publique, permettant de mobiliser des ressources pour les programmes \u201cMon Projet, Mon Avenir\u201d, \u201cMihneti\u201d et \u201cAm\u00e9lioration de l\u2019Employabilit\u00e9 des Jeunes\u201d.<\/p>\n<p>Ce fonds, explique- t- elle, a permis, au cours des trois premi\u00e8res \u00e9ditions de \u201cMon Projet, Mon Avenir\u201d, de mobiliser plus de 4,7 milliards MRO pour financer 2798 entrepreneurs, cr\u00e9ant ainsi 8365 emplois directs, relevant que la quatri\u00e8me \u00e9dition actuelle a permis de s\u00e9lectionner 2000 projets.<\/p>\n<p>La ministre a \u00e9galement pr\u00e9cis\u00e9 que le programme \u201cMihneti\u201d a renforc\u00e9 les comp\u00e9tences de 2500 stagiaires dans les m\u00e9tiers en milieu urbain et organis\u00e9 des campagnes visant la reconversion de jeunes souhaitant am\u00e9liorer leur employabilit\u00e9.<\/p>\n<p>\u201cEn octobre dernier, un programme d\u2019organisation et de valorisation des m\u00e9tiers en milieu urbain a \u00e9t\u00e9 lanc\u00e9 en partenariat avec le minist\u00e8re de l\u2019Int\u00e9rieur et de la D\u00e9centralisation, se focalisant sur les professions les plus sollicit\u00e9es sur le march\u00e9 du travail, et b\u00e9n\u00e9ficiant \u00e0 720 professionnels \u00e0 Nouakchott lors de sa premi\u00e8re phase cette ann\u00e9e\u201d, a-t-elle not\u00e9.<\/p>\n<p>La ministre a \u00e9galement ajout\u00e9 que l\u2019Agence nationale de l\u2019emploi a cr\u00e9\u00e9 13 666 emplois \u00e0 travers ses diff\u00e9rents programmes et se pr\u00e9pare au lancement d\u2019une nouvelle s\u00e9rie de programmes pour promouvoir l\u2019entreprenariat local, en particulier parmi les femmes et les personnes handicap\u00e9es, avec des opportunit\u00e9s de formation dans le cadre du programme d\u2019am\u00e9lioration de l\u2019employabilit\u00e9.<\/p>\n<p>S\u2019agissant du programme \u201cAm\u00e9lioration de l\u2019Employabilit\u00e9 des Jeunes\u201d, elle a expliqu\u00e9 que ce dernier cible les jeunes vuln\u00e9rables avec des programmes de formation pour 60 000 jeunes en comp\u00e9tences de vie, 11 350 jeunes \u00e0 la formation technique et professionnelle, et 17 000 jeunes avec un soutien multiforme dans les r\u00e9gions de Nouakchott, du Hodh El Gharbi, du Hodh Charghi, de l\u2019Assaba, du Trarza et du Guidimagha.<\/p>\n<p>Par ailleurs, la ministre a indiqu\u00e9 que les financements de la quatri\u00e8me \u00e9dition de \u201cMon Projet, Mon Avenir\u201d, sujet de lancement par le Pr\u00e9sident de la R\u00e9publique, s\u2019\u00e9l\u00e8vent \u00e0 2,3 milliards MRU, tandis que la cinqui\u00e8me \u00e9dition permettra le financement de 3000 nouveaux projets avec un budget de 3 milliards MRU.<\/p>\n<p>La c\u00e9r\u00e9monie de lancement s\u2019est d\u00e9roul\u00e9e en pr\u00e9sence du Premier ministre, M. Mohamed Bilal Messoud, du ministre secr\u00e9taire g\u00e9n\u00e9ral de la Pr\u00e9sidence de la R\u00e9publique, du ministre directeur de Cabinet du Pr\u00e9sident de la R\u00e9publique, des ministres conseillers \u00e0 la Pr\u00e9sidence de la R\u00e9publique, de certains membres du gouvernement, du wali de Nouakchott Ouest, de la pr\u00e9sidente r\u00e9gion de Nouakchott, du maire de la commune de Tevragh Zeina, et de plusieurs hauts responsables de l\u2019\u00c9tat.<\/p>\n<p><strong>Source\u00a0: AMI<\/strong><\/p>\n","protected":false},"excerpt":{"rendered":"<p>Le Pr\u00e9sident de la R\u00e9publique, Monsieur Mohamed Cheikh El Ghazouani, a supervis\u00e9, jeudi apr\u00e8s-midi, au Palais des congr\u00e8s de Nouakchott, le lancement de financements de centaines de projets de d\u00e9veloppement visant \u00e0 renforcer le potentiel des jeunes en mati\u00e8re d\u2019emploi. Au cours de la c\u00e9r\u00e9monie organis\u00e9e \u00e0 cet effet, le Pr\u00e9sident de la R\u00e9publique a&#8230;..<\/p>\n","protected":false},"author":12,"featured_media":18620,"comment_status":"open","ping_status":"open","sticky":false,"template":"","format":"standard","meta":{"footnotes":""},"categories":[23,49],"tags":[],"class_list":["post-18619","post","type-post","status-publish","format-standard","has-post-thumbnail","hentry","category-actualite","category-economie"],"yoast_head":"<!-- This site is optimized with the Yoast SEO plugin v27.5 - https:\/\/yoast.com\/product\/yoast-seo-wordpress\/ -->\n<title>Le Pr\u00e9sident de la R\u00e9publique supervise le lancement de financements d\u2019un paquet de projets destin\u00e9s \u00e0 l\u2019emploi des jeunes - Le Quotidien de Nouakchott<\/title>\n<meta name=\"robots\" content=\"index, follow, max-snippet:-1, max-image-preview:large, max-video-preview:-1\" \/>\n<link rel=\"canonical\" href=\"https:\/\/lequotidien.mr\/?p=18619&lang=fr\" \/>\n<meta property=\"og:locale\" content=\"ar_AR\" \/>\n<meta property=\"og:type\" content=\"article\" \/>\n<meta property=\"og:title\" content=\"Le Pr\u00e9sident de la R\u00e9publique supervise le lancement de financements d\u2019un paquet de projets destin\u00e9s \u00e0 l\u2019emploi des jeunes - Le Quotidien de Nouakchott\" \/>\n<meta property=\"og:description\" content=\"Le Pr\u00e9sident de la R\u00e9publique, Monsieur Mohamed Cheikh El Ghazouani, a supervis\u00e9, jeudi apr\u00e8s-midi, au Palais des congr\u00e8s de Nouakchott, le lancement de financements de centaines de projets de d\u00e9veloppement visant \u00e0 renforcer le potentiel des jeunes en mati\u00e8re d\u2019emploi. Au cours de la c\u00e9r\u00e9monie organis\u00e9e \u00e0 cet effet, le Pr\u00e9sident de la R\u00e9publique a.....\" \/>\n<meta property=\"og:url\" content=\"https:\/\/lequotidien.mr\/?p=18619&amp;lang=fr\" \/>\n<meta property=\"og:site_name\" content=\"Le Quotidien de Nouakchott\" \/>\n<meta property=\"article:publisher\" content=\"https:\/\/web.facebook.com\/lequotidienmr\" \/>\n<meta property=\"article:published_time\" content=\"2024-05-31T16:35:23+00:00\" \/>\n<meta property=\"og:image\" content=\"https:\/\/lequotidien.mr\/wp-content\/uploads\/2024\/05\/photo-Ghaszouani-jeunesse.jpg\" \/>\n\t<meta property=\"og:image:width\" content=\"631\" \/>\n\t<meta property=\"og:image:height\" content=\"394\" \/>\n\t<meta property=\"og:image:type\" content=\"image\/jpeg\" \/>\n<meta name=\"author\" content=\"Med Ahmed\" \/>\n<meta name=\"twitter:card\" content=\"summary_large_image\" \/>\n<meta name=\"twitter:creator\" content=\"@lequotidienmr\" \/>\n<meta name=\"twitter:site\" content=\"@lequotidienmr\" \/>\n<meta name=\"twitter:label1\" content=\"\u0643\u064f\u062a\u0628 \u0628\u0648\u0627\u0633\u0637\u0629\" \/>\n\t<meta name=\"twitter:data1\" content=\"Med Ahmed\" \/>\n\t<meta name=\"twitter:label2\" content=\"\u0648\u0642\u062a \u0627\u0644\u0642\u0631\u0627\u0621\u0629 \u0627\u0644\u0645\u064f\u0642\u062f\u0651\u0631\" \/>\n\t<meta name=\"twitter:data2\" content=\"5 \u062f\u0642\u0627\u0626\u0642\" \/>\n<script type=\"application\/ld+json\" class=\"yoast-schema-graph\">{\"@context\":\"https:\\\/\\\/schema.org\",\"@graph\":[{\"@type\":\"Article\",\"@id\":\"https:\\\/\\\/lequotidien.mr\\\/?p=18619&lang=fr#article\",\"isPartOf\":{\"@id\":\"https:\\\/\\\/lequotidien.mr\\\/?p=18619&lang=fr\"},\"author\":{\"name\":\"Med Ahmed\",\"@id\":\"https:\\\/\\\/lequotidien.mr\\\/#\\\/schema\\\/person\\\/d2d350202a4d599685ed8abc25f97596\"},\"headline\":\"Le Pr\u00e9sident de la R\u00e9publique supervise le lancement de financements d\u2019un paquet de projets destin\u00e9s \u00e0 l\u2019emploi des jeunes\",\"datePublished\":\"2024-05-31T16:35:23+00:00\",\"mainEntityOfPage\":{\"@id\":\"https:\\\/\\\/lequotidien.mr\\\/?p=18619&lang=fr\"},\"wordCount\":1034,\"commentCount\":0,\"publisher\":{\"@id\":\"https:\\\/\\\/lequotidien.mr\\\/#organization\"},\"image\":{\"@id\":\"https:\\\/\\\/lequotidien.mr\\\/?p=18619&lang=fr#primaryimage\"},\"thumbnailUrl\":\"https:\\\/\\\/lequotidien.mr\\\/wp-content\\\/uploads\\\/2024\\\/05\\\/photo-Ghaszouani-jeunesse.jpg\",\"articleSection\":[\"ACTUALIT\u00c9\",\"Economie\"],\"inLanguage\":\"ar\",\"potentialAction\":[{\"@type\":\"CommentAction\",\"name\":\"Comment\",\"target\":[\"https:\\\/\\\/lequotidien.mr\\\/?p=18619&lang=fr#respond\"]}]},{\"@type\":\"WebPage\",\"@id\":\"https:\\\/\\\/lequotidien.mr\\\/?p=18619&lang=fr\",\"url\":\"https:\\\/\\\/lequotidien.mr\\\/?p=18619&lang=fr\",\"name\":\"Le Pr\u00e9sident de la R\u00e9publique supervise le lancement de financements d\u2019un paquet de projets destin\u00e9s \u00e0 l\u2019emploi des jeunes - Le Quotidien de Nouakchott\",\"isPartOf\":{\"@id\":\"https:\\\/\\\/lequotidien.mr\\\/#website\"},\"primaryImageOfPage\":{\"@id\":\"https:\\\/\\\/lequotidien.mr\\\/?p=18619&lang=fr#primaryimage\"},\"image\":{\"@id\":\"https:\\\/\\\/lequotidien.mr\\\/?p=18619&lang=fr#primaryimage\"},\"thumbnailUrl\":\"https:\\\/\\\/lequotidien.mr\\\/wp-content\\\/uploads\\\/2024\\\/05\\\/photo-Ghaszouani-jeunesse.jpg\",\"datePublished\":\"2024-05-31T16:35:23+00:00\",\"breadcrumb\":{\"@id\":\"https:\\\/\\\/lequotidien.mr\\\/?p=18619&lang=fr#breadcrumb\"},\"inLanguage\":\"ar\",\"potentialAction\":[{\"@type\":\"ReadAction\",\"target\":[\"https:\\\/\\\/lequotidien.mr\\\/?p=18619&lang=fr\"]}]},{\"@type\":\"ImageObject\",\"inLanguage\":\"ar\",\"@id\":\"https:\\\/\\\/lequotidien.mr\\\/?p=18619&lang=fr#primaryimage\",\"url\":\"https:\\\/\\\/lequotidien.mr\\\/wp-content\\\/uploads\\\/2024\\\/05\\\/photo-Ghaszouani-jeunesse.jpg\",\"contentUrl\":\"https:\\\/\\\/lequotidien.mr\\\/wp-content\\\/uploads\\\/2024\\\/05\\\/photo-Ghaszouani-jeunesse.jpg\",\"width\":631,\"height\":394},{\"@type\":\"BreadcrumbList\",\"@id\":\"https:\\\/\\\/lequotidien.mr\\\/?p=18619&lang=fr#breadcrumb\",\"itemListElement\":[{\"@type\":\"ListItem\",\"position\":1,\"name\":\"Home\",\"item\":\"https:\\\/\\\/lequotidien.mr\\\/\"},{\"@type\":\"ListItem\",\"position\":2,\"name\":\"Le Pr\u00e9sident de la R\u00e9publique supervise le lancement de financements d\u2019un paquet de projets destin\u00e9s \u00e0 l\u2019emploi des jeunes\"}]},{\"@type\":\"WebSite\",\"@id\":\"https:\\\/\\\/lequotidien.mr\\\/#website\",\"url\":\"https:\\\/\\\/lequotidien.mr\\\/\",\"name\":\"Le Quotidien de Nouakchott\",\"description\":\"\u0625\u062e\u0628\u0627\u0631\u064a\u0629 \u0645\u0633\u062a\u0642\u0644\u0629 \u0644\u0644\u0623\u0646\u0628\u0627\u0621 \u0627\u0644\u0639\u0627\u0645\u0629\",\"publisher\":{\"@id\":\"https:\\\/\\\/lequotidien.mr\\\/#organization\"},\"potentialAction\":[{\"@type\":\"SearchAction\",\"target\":{\"@type\":\"EntryPoint\",\"urlTemplate\":\"https:\\\/\\\/lequotidien.mr\\\/?s={search_term_string}\"},\"query-input\":{\"@type\":\"PropertyValueSpecification\",\"valueRequired\":true,\"valueName\":\"search_term_string\"}}],\"inLanguage\":\"ar\"},{\"@type\":\"Organization\",\"@id\":\"https:\\\/\\\/lequotidien.mr\\\/#organization\",\"name\":\"Le Quotidien de Nouakchott\",\"url\":\"https:\\\/\\\/lequotidien.mr\\\/\",\"logo\":{\"@type\":\"ImageObject\",\"inLanguage\":\"ar\",\"@id\":\"https:\\\/\\\/lequotidien.mr\\\/#\\\/schema\\\/logo\\\/image\\\/\",\"url\":\"https:\\\/\\\/lequotidien.mr\\\/wp-content\\\/uploads\\\/2022\\\/11\\\/logolequotidien.jpg\",\"contentUrl\":\"https:\\\/\\\/lequotidien.mr\\\/wp-content\\\/uploads\\\/2022\\\/11\\\/logolequotidien.jpg\",\"width\":290,\"height\":65,\"caption\":\"Le Quotidien de Nouakchott\"},\"image\":{\"@id\":\"https:\\\/\\\/lequotidien.mr\\\/#\\\/schema\\\/logo\\\/image\\\/\"},\"sameAs\":[\"https:\\\/\\\/web.facebook.com\\\/lequotidienmr\",\"https:\\\/\\\/x.com\\\/lequotidienmr\"]},{\"@type\":\"Person\",\"@id\":\"https:\\\/\\\/lequotidien.mr\\\/#\\\/schema\\\/person\\\/d2d350202a4d599685ed8abc25f97596\",\"name\":\"Med Ahmed\",\"image\":{\"@type\":\"ImageObject\",\"inLanguage\":\"ar\",\"@id\":\"https:\\\/\\\/secure.gravatar.com\\\/avatar\\\/fd2acc62ed50732923d1d39c17172c9b04149f142be92310ecc69e1358f94b52?s=96&d=mm&r=g\",\"url\":\"https:\\\/\\\/secure.gravatar.com\\\/avatar\\\/fd2acc62ed50732923d1d39c17172c9b04149f142be92310ecc69e1358f94b52?s=96&d=mm&r=g\",\"contentUrl\":\"https:\\\/\\\/secure.gravatar.com\\\/avatar\\\/fd2acc62ed50732923d1d39c17172c9b04149f142be92310ecc69e1358f94b52?s=96&d=mm&r=g\",\"caption\":\"Med Ahmed\"},\"url\":\"https:\\\/\\\/lequotidien.mr\\\/?author=12\"}]}<\/script>\n<!-- \/ Yoast SEO plugin. -->","yoast_head_json":{"title":"Le Pr\u00e9sident de la R\u00e9publique supervise le lancement de financements d\u2019un paquet de projets destin\u00e9s \u00e0 l\u2019emploi des jeunes - Le Quotidien de Nouakchott","robots":{"index":"index","follow":"follow","max-snippet":"max-snippet:-1","max-image-preview":"max-image-preview:large","max-video-preview":"max-video-preview:-1"},"canonical":"https:\/\/lequotidien.mr\/?p=18619&lang=fr","og_locale":"ar_AR","og_type":"article","og_title":"Le Pr\u00e9sident de la R\u00e9publique supervise le lancement de financements d\u2019un paquet de projets destin\u00e9s \u00e0 l\u2019emploi des jeunes - Le Quotidien de Nouakchott","og_description":"Le Pr\u00e9sident de la R\u00e9publique, Monsieur Mohamed Cheikh El Ghazouani, a supervis\u00e9, jeudi apr\u00e8s-midi, au Palais des congr\u00e8s de Nouakchott, le lancement de financements de centaines de projets de d\u00e9veloppement visant \u00e0 renforcer le potentiel des jeunes en mati\u00e8re d\u2019emploi. Au cours de la c\u00e9r\u00e9monie organis\u00e9e \u00e0 cet effet, le Pr\u00e9sident de la R\u00e9publique a.....","og_url":"https:\/\/lequotidien.mr\/?p=18619&lang=fr","og_site_name":"Le Quotidien de Nouakchott","article_publisher":"https:\/\/web.facebook.com\/lequotidienmr","article_published_time":"2024-05-31T16:35:23+00:00","og_image":[{"width":631,"height":394,"url":"https:\/\/lequotidien.mr\/wp-content\/uploads\/2024\/05\/photo-Ghaszouani-jeunesse.jpg","type":"image\/jpeg"}],"author":"Med Ahmed","twitter_card":"summary_large_image","twitter_creator":"@lequotidienmr","twitter_site":"@lequotidienmr","twitter_misc":{"\u0643\u064f\u062a\u0628 \u0628\u0648\u0627\u0633\u0637\u0629":"Med Ahmed","\u0648\u0642\u062a \u0627\u0644\u0642\u0631\u0627\u0621\u0629 \u0627\u0644\u0645\u064f\u0642\u062f\u0651\u0631":"5 \u062f\u0642\u0627\u0626\u0642"},"schema":{"@context":"https:\/\/schema.org","@graph":[{"@type":"Article","@id":"https:\/\/lequotidien.mr\/?p=18619&lang=fr#article","isPartOf":{"@id":"https:\/\/lequotidien.mr\/?p=18619&lang=fr"},"author":{"name":"Med Ahmed","@id":"https:\/\/lequotidien.mr\/#\/schema\/person\/d2d350202a4d599685ed8abc25f97596"},"headline":"Le Pr\u00e9sident de la R\u00e9publique supervise le lancement de financements d\u2019un paquet de projets destin\u00e9s \u00e0 l\u2019emploi des jeunes","datePublished":"2024-05-31T16:35:23+00:00","mainEntityOfPage":{"@id":"https:\/\/lequotidien.mr\/?p=18619&lang=fr"},"wordCount":1034,"commentCount":0,"publisher":{"@id":"https:\/\/lequotidien.mr\/#organization"},"image":{"@id":"https:\/\/lequotidien.mr\/?p=18619&lang=fr#primaryimage"},"thumbnailUrl":"https:\/\/lequotidien.mr\/wp-content\/uploads\/2024\/05\/photo-Ghaszouani-jeunesse.jpg","articleSection":["ACTUALIT\u00c9","Economie"],"inLanguage":"ar","potentialAction":[{"@type":"CommentAction","name":"Comment","target":["https:\/\/lequotidien.mr\/?p=18619&lang=fr#respond"]}]},{"@type":"WebPage","@id":"https:\/\/lequotidien.mr\/?p=18619&lang=fr","url":"https:\/\/lequotidien.mr\/?p=18619&lang=fr","name":"Le Pr\u00e9sident de la R\u00e9publique supervise le lancement de financements d\u2019un paquet de projets destin\u00e9s \u00e0 l\u2019emploi des jeunes - Le Quotidien de Nouakchott","isPartOf":{"@id":"https:\/\/lequotidien.mr\/#website"},"primaryImageOfPage":{"@id":"https:\/\/lequotidien.mr\/?p=18619&lang=fr#primaryimage"},"image":{"@id":"https:\/\/lequotidien.mr\/?p=18619&lang=fr#primaryimage"},"thumbnailUrl":"https:\/\/lequotidien.mr\/wp-content\/uploads\/2024\/05\/photo-Ghaszouani-jeunesse.jpg","datePublished":"2024-05-31T16:35:23+00:00","breadcrumb":{"@id":"https:\/\/lequotidien.mr\/?p=18619&lang=fr#breadcrumb"},"inLanguage":"ar","potentialAction":[{"@type":"ReadAction","target":["https:\/\/lequotidien.mr\/?p=18619&lang=fr"]}]},{"@type":"ImageObject","inLanguage":"ar","@id":"https:\/\/lequotidien.mr\/?p=18619&lang=fr#primaryimage","url":"https:\/\/lequotidien.mr\/wp-content\/uploads\/2024\/05\/photo-Ghaszouani-jeunesse.jpg","contentUrl":"https:\/\/lequotidien.mr\/wp-content\/uploads\/2024\/05\/photo-Ghaszouani-jeunesse.jpg","width":631,"height":394},{"@type":"BreadcrumbList","@id":"https:\/\/lequotidien.mr\/?p=18619&lang=fr#breadcrumb","itemListElement":[{"@type":"ListItem","position":1,"name":"Home","item":"https:\/\/lequotidien.mr\/"},{"@type":"ListItem","position":2,"name":"Le Pr\u00e9sident de la R\u00e9publique supervise le lancement de financements d\u2019un paquet de projets destin\u00e9s \u00e0 l\u2019emploi des jeunes"}]},{"@type":"WebSite","@id":"https:\/\/lequotidien.mr\/#website","url":"https:\/\/lequotidien.mr\/","name":"Le Quotidien de Nouakchott","description":"\u0625\u062e\u0628\u0627\u0631\u064a\u0629 \u0645\u0633\u062a\u0642\u0644\u0629 \u0644\u0644\u0623\u0646\u0628\u0627\u0621 \u0627\u0644\u0639\u0627\u0645\u0629","publisher":{"@id":"https:\/\/lequotidien.mr\/#organization"},"potentialAction":[{"@type":"SearchAction","target":{"@type":"EntryPoint","urlTemplate":"https:\/\/lequotidien.mr\/?s={search_term_string}"},"query-input":{"@type":"PropertyValueSpecification","valueRequired":true,"valueName":"search_term_string"}}],"inLanguage":"ar"},{"@type":"Organization","@id":"https:\/\/lequotidien.mr\/#organization","name":"Le Quotidien de Nouakchott","url":"https:\/\/lequotidien.mr\/","logo":{"@type":"ImageObject","inLanguage":"ar","@id":"https:\/\/lequotidien.mr\/#\/schema\/logo\/image\/","url":"https:\/\/lequotidien.mr\/wp-content\/uploads\/2022\/11\/logolequotidien.jpg","contentUrl":"https:\/\/lequotidien.mr\/wp-content\/uploads\/2022\/11\/logolequotidien.jpg","width":290,"height":65,"caption":"Le Quotidien de Nouakchott"},"image":{"@id":"https:\/\/lequotidien.mr\/#\/schema\/logo\/image\/"},"sameAs":["https:\/\/web.facebook.com\/lequotidienmr","https:\/\/x.com\/lequotidienmr"]},{"@type":"Person","@id":"https:\/\/lequotidien.mr\/#\/schema\/person\/d2d350202a4d599685ed8abc25f97596","name":"Med Ahmed","image":{"@type":"ImageObject","inLanguage":"ar","@id":"https:\/\/secure.gravatar.com\/avatar\/fd2acc62ed50732923d1d39c17172c9b04149f142be92310ecc69e1358f94b52?s=96&d=mm&r=g","url":"https:\/\/secure.gravatar.com\/avatar\/fd2acc62ed50732923d1d39c17172c9b04149f142be92310ecc69e1358f94b52?s=96&d=mm&r=g","contentUrl":"https:\/\/secure.gravatar.com\/avatar\/fd2acc62ed50732923d1d39c17172c9b04149f142be92310ecc69e1358f94b52?s=96&d=mm&r=g","caption":"Med Ahmed"},"url":"https:\/\/lequotidien.mr\/?author=12"}]}},"_links":{"self":[{"href":"https:\/\/lequotidien.mr\/index.php?rest_route=\/wp\/v2\/posts\/18619","targetHints":{"allow":["GET"]}}],"collection":[{"href":"https:\/\/lequotidien.mr\/index.php?rest_route=\/wp\/v2\/posts"}],"about":[{"href":"https:\/\/lequotidien.mr\/index.php?rest_route=\/wp\/v2\/types\/post"}],"author":[{"embeddable":true,"href":"https:\/\/lequotidien.mr\/index.php?rest_route=\/wp\/v2\/users\/12"}],"replies":[{"embeddable":true,"href":"https:\/\/lequotidien.mr\/index.php?rest_route=%2Fwp%2Fv2%2Fcomments&post=18619"}],"version-history":[{"count":1,"href":"https:\/\/lequotidien.mr\/index.php?rest_route=\/wp\/v2\/posts\/18619\/revisions"}],"predecessor-version":[{"id":18621,"href":"https:\/\/lequotidien.mr\/index.php?rest_route=\/wp\/v2\/posts\/18619\/revisions\/18621"}],"wp:featuredmedia":[{"embeddable":true,"href":"https:\/\/lequotidien.mr\/index.php?rest_route=\/wp\/v2\/media\/18620"}],"wp:attachment":[{"href":"https:\/\/lequotidien.mr\/index.php?rest_route=%2Fwp%2Fv2%2Fmedia&parent=18619"}],"wp:term":[{"taxonomy":"category","embeddable":true,"href":"https:\/\/lequotidien.mr\/index.php?rest_route=%2Fwp%2Fv2%2Fcategories&post=18619"},{"taxonomy":"post_tag","embeddable":true,"href":"https:\/\/lequotidien.mr\/index.php?rest_route=%2Fwp%2Fv2%2Ftags&post=18619"}],"curies":[{"name":"wp","href":"https:\/\/api.w.org\/{rel}","templated":true}]}}