{"id":18571,"date":"2024-05-29T17:44:27","date_gmt":"2024-05-29T17:44:27","guid":{"rendered":"https:\/\/lequotidien.mr\/?p=18571"},"modified":"2024-05-29T17:44:27","modified_gmt":"2024-05-29T17:44:27","slug":"rencontre-entre-le-secretaire-general-adjoint-de-lotan-mircea-geoana-et-le-ministre-de-la-defense-de-la-mauritanie-hanana-ould-sidi","status":"publish","type":"post","link":"https:\/\/lequotidien.mr\/?p=18571&lang=fr","title":{"rendered":"\u00a0Rencontre entre le secr\u00e9taire g\u00e9n\u00e9ral adjoint de l&#8217;OTAN Mircea Geoan\u0103 et le ministre de la d\u00e9fense de la Mauritanie Hanana Ould Sidi"},"content":{"rendered":"<p>Le mardi 28 mai 2024, le Secr\u00e9taire G\u00e9n\u00e9ral Adjoint de l&#8217;OTAN, Mircea Geoan\u0103, a rencontr\u00e9 le Ministre de la D\u00e9fense de la R\u00e9publique Islamique de Mauritanie, Hanana Ould Sidi, au si\u00e8ge de l&#8217;OTAN. Cette rencontre visait \u00e0 faire le point sur les d\u00e9veloppements des relations entre l&#8217;OTAN et la Mauritanie. M. Geoan\u0103 a soulign\u00e9 que \u00ab la Mauritanie est un partenaire pr\u00e9cieux \u00bb et que les Alli\u00e9s sont \u00ab d\u00e9termin\u00e9s \u00e0 renforcer davantage notre partenariat, notamment pour renforcer les forces mauritaniennes dans la lutte contre le terrorisme. \u00bb<\/p>\n<p>La Mauritanie est un partenaire de longue date de l&#8217;OTAN, ayant rejoint le forum de partenariat du Dialogue M\u00e9diterran\u00e9en de l&#8217;Alliance en 1995. Depuis lors, le partenariat OTAN-Mauritanie a consid\u00e9rablement \u00e9volu\u00e9, avec des progr\u00e8s notables dans plusieurs domaines. Ces domaines incluent les forces d&#8217;op\u00e9rations sp\u00e9ciales, le renseignement en s\u00e9curit\u00e9 maritime, les programmes de transition de carri\u00e8re militaire, la gestion des stocks d&#8217;armes l\u00e9g\u00e8res et de petit calibre, ainsi que l&#8217;\u00e9ducation militaire.<\/p>\n<p>Geoan\u0103 a \u00e9galement r\u00e9affirm\u00e9 l&#8217;importance du voisinage sud de l&#8217;OTAN. Un groupe d&#8217;experts ind\u00e9pendants, nomm\u00e9 par le Secr\u00e9taire G\u00e9n\u00e9ral Jens Stoltenberg pour soutenir la r\u00e9flexion de l&#8217;OTAN sur son voisinage sud, a r\u00e9cemment publi\u00e9 son rapport final et ses principales conclusions. L&#8217;objectif est que les Alli\u00e9s conviennent d&#8217;un ensemble de mesures pour renforcer l&#8217;approche de l&#8217;Alliance envers son voisinage sud d&#8217;ici le sommet de l&#8217;OTAN \u00e0 Washington en juillet.<\/p>\n<p>Le Dialogue M\u00e9diterran\u00e9en (DM) est un forum de partenariat visant \u00e0 contribuer \u00e0 la s\u00e9curit\u00e9 et \u00e0 la stabilit\u00e9 dans la r\u00e9gion m\u00e9diterran\u00e9enne \u00e9largie, et \u00e0 promouvoir de bonnes relations et une compr\u00e9hension mutuelle entre les pays participants et les Alli\u00e9s de l&#8217;OTAN. Les membres actuels comprennent l&#8217;Alg\u00e9rie, l&#8217;\u00c9gypte, Isra\u00ebl, la Jordanie, la Mauritanie, le Maroc et la Tunisie.<\/p>\n<p>La rencontre entre M. Geoan\u0103 et M. Ould Sidi marque une \u00e9tape importante dans le renforcement de la coop\u00e9ration entre l&#8217;OTAN et la Mauritanie. En insistant sur le r\u00f4le crucial de la Mauritanie dans la lutte contre le terrorisme, les deux parties ont r\u00e9affirm\u00e9 leur engagement \u00e0 travailler ensemble pour assurer la s\u00e9curit\u00e9 et la stabilit\u00e9 dans la r\u00e9gion.<\/p>\n<p>Cette r\u00e9union illustre la volont\u00e9 de l&#8217;OTAN de renforcer ses partenariats et de s&#8217;adapter aux d\u00e9fis de s\u00e9curit\u00e9 contemporains, en particulier dans sa r\u00e9gion m\u00e9ridionale. La collaboration continue avec la Mauritanie t\u00e9moigne de l&#8217;importance de ce partenariat strat\u00e9gique pour l&#8217;Alliance et pour la s\u00e9curit\u00e9 r\u00e9gionale.<\/p>\n","protected":false},"excerpt":{"rendered":"<p>Le mardi 28 mai 2024, le Secr\u00e9taire G\u00e9n\u00e9ral Adjoint de l&#8217;OTAN, Mircea Geoan\u0103, a rencontr\u00e9 le Ministre de la D\u00e9fense de la R\u00e9publique Islamique de Mauritanie, Hanana Ould Sidi, au si\u00e8ge de l&#8217;OTAN. Cette rencontre visait \u00e0 faire le point sur les d\u00e9veloppements des relations entre l&#8217;OTAN et la Mauritanie. M. Geoan\u0103 a soulign\u00e9 que&#8230;..<\/p>\n","protected":false},"author":4,"featured_media":18572,"comment_status":"open","ping_status":"open","sticky":false,"template":"","format":"standard","meta":{"footnotes":""},"categories":[23,57],"tags":[],"class_list":["post-18571","post","type-post","status-publish","format-standard","has-post-thumbnail","hentry","category-actualite","category-couverture-specilale"],"yoast_head":"<!-- This site is optimized with the Yoast SEO plugin v27.5 - https:\/\/yoast.com\/product\/yoast-seo-wordpress\/ -->\n<title>\u00a0Rencontre entre le secr\u00e9taire g\u00e9n\u00e9ral adjoint de l&#039;OTAN Mircea Geoan\u0103 et le ministre de la d\u00e9fense de la Mauritanie Hanana Ould Sidi - Le Quotidien de Nouakchott<\/title>\n<meta name=\"robots\" content=\"index, follow, max-snippet:-1, max-image-preview:large, max-video-preview:-1\" \/>\n<link rel=\"canonical\" href=\"https:\/\/lequotidien.mr\/?p=18571&lang=fr\" \/>\n<meta property=\"og:locale\" content=\"ar_AR\" \/>\n<meta property=\"og:type\" content=\"article\" \/>\n<meta property=\"og:title\" content=\"\u00a0Rencontre entre le secr\u00e9taire g\u00e9n\u00e9ral adjoint de l&#039;OTAN Mircea Geoan\u0103 et le ministre de la d\u00e9fense de la Mauritanie Hanana Ould Sidi - Le Quotidien de Nouakchott\" \/>\n<meta property=\"og:description\" content=\"Le mardi 28 mai 2024, le Secr\u00e9taire G\u00e9n\u00e9ral Adjoint de l&#8217;OTAN, Mircea Geoan\u0103, a rencontr\u00e9 le Ministre de la D\u00e9fense de la R\u00e9publique Islamique de Mauritanie, Hanana Ould Sidi, au si\u00e8ge de l&#8217;OTAN. Cette rencontre visait \u00e0 faire le point sur les d\u00e9veloppements des relations entre l&#8217;OTAN et la Mauritanie. M. Geoan\u0103 a soulign\u00e9 que.....\" \/>\n<meta property=\"og:url\" content=\"https:\/\/lequotidien.mr\/?p=18571&amp;lang=fr\" \/>\n<meta property=\"og:site_name\" content=\"Le Quotidien de Nouakchott\" \/>\n<meta property=\"article:publisher\" content=\"https:\/\/web.facebook.com\/lequotidienmr\" \/>\n<meta property=\"article:published_time\" content=\"2024-05-29T17:44:27+00:00\" \/>\n<meta property=\"og:image\" content=\"https:\/\/lequotidien.mr\/wp-content\/uploads\/2024\/05\/240528c-003_rdax_775x440s.jpg\" \/>\n\t<meta property=\"og:image:width\" content=\"774\" \/>\n\t<meta property=\"og:image:height\" content=\"440\" \/>\n\t<meta property=\"og:image:type\" content=\"image\/jpeg\" \/>\n<meta name=\"author\" content=\"Le Quotidien\" \/>\n<meta name=\"twitter:card\" content=\"summary_large_image\" \/>\n<meta name=\"twitter:creator\" content=\"@lequotidienmr\" \/>\n<meta name=\"twitter:site\" content=\"@lequotidienmr\" \/>\n<meta name=\"twitter:label1\" content=\"\u0643\u064f\u062a\u0628 \u0628\u0648\u0627\u0633\u0637\u0629\" \/>\n\t<meta name=\"twitter:data1\" content=\"Le Quotidien\" \/>\n\t<meta name=\"twitter:label2\" content=\"\u0648\u0642\u062a \u0627\u0644\u0642\u0631\u0627\u0621\u0629 \u0627\u0644\u0645\u064f\u0642\u062f\u0651\u0631\" \/>\n\t<meta name=\"twitter:data2\" content=\"\u062f\u0642\u064a\u0642\u062a\u0627\u0646\" \/>\n<script type=\"application\/ld+json\" class=\"yoast-schema-graph\">{\"@context\":\"https:\\\/\\\/schema.org\",\"@graph\":[{\"@type\":\"Article\",\"@id\":\"https:\\\/\\\/lequotidien.mr\\\/?p=18571&lang=fr#article\",\"isPartOf\":{\"@id\":\"https:\\\/\\\/lequotidien.mr\\\/?p=18571&lang=fr\"},\"author\":{\"name\":\"Le Quotidien\",\"@id\":\"https:\\\/\\\/lequotidien.mr\\\/#\\\/schema\\\/person\\\/f90fcdaa970c60288de4ed2e64a56472\"},\"headline\":\"\u00a0Rencontre entre le secr\u00e9taire g\u00e9n\u00e9ral adjoint de l&#8217;OTAN Mircea Geoan\u0103 et le ministre de la d\u00e9fense de la Mauritanie Hanana Ould Sidi\",\"datePublished\":\"2024-05-29T17:44:27+00:00\",\"mainEntityOfPage\":{\"@id\":\"https:\\\/\\\/lequotidien.mr\\\/?p=18571&lang=fr\"},\"wordCount\":482,\"commentCount\":0,\"publisher\":{\"@id\":\"https:\\\/\\\/lequotidien.mr\\\/#organization\"},\"image\":{\"@id\":\"https:\\\/\\\/lequotidien.mr\\\/?p=18571&lang=fr#primaryimage\"},\"thumbnailUrl\":\"https:\\\/\\\/lequotidien.mr\\\/wp-content\\\/uploads\\\/2024\\\/05\\\/240528c-003_rdax_775x440s.jpg\",\"articleSection\":[\"ACTUALIT\u00c9\",\"Couverture sp\u00e9cilale\"],\"inLanguage\":\"ar\",\"potentialAction\":[{\"@type\":\"CommentAction\",\"name\":\"Comment\",\"target\":[\"https:\\\/\\\/lequotidien.mr\\\/?p=18571&lang=fr#respond\"]}]},{\"@type\":\"WebPage\",\"@id\":\"https:\\\/\\\/lequotidien.mr\\\/?p=18571&lang=fr\",\"url\":\"https:\\\/\\\/lequotidien.mr\\\/?p=18571&lang=fr\",\"name\":\"\u00a0Rencontre entre le secr\u00e9taire g\u00e9n\u00e9ral adjoint de l'OTAN Mircea Geoan\u0103 et le ministre de la d\u00e9fense de la Mauritanie Hanana Ould Sidi - Le Quotidien de Nouakchott\",\"isPartOf\":{\"@id\":\"https:\\\/\\\/lequotidien.mr\\\/#website\"},\"primaryImageOfPage\":{\"@id\":\"https:\\\/\\\/lequotidien.mr\\\/?p=18571&lang=fr#primaryimage\"},\"image\":{\"@id\":\"https:\\\/\\\/lequotidien.mr\\\/?p=18571&lang=fr#primaryimage\"},\"thumbnailUrl\":\"https:\\\/\\\/lequotidien.mr\\\/wp-content\\\/uploads\\\/2024\\\/05\\\/240528c-003_rdax_775x440s.jpg\",\"datePublished\":\"2024-05-29T17:44:27+00:00\",\"breadcrumb\":{\"@id\":\"https:\\\/\\\/lequotidien.mr\\\/?p=18571&lang=fr#breadcrumb\"},\"inLanguage\":\"ar\",\"potentialAction\":[{\"@type\":\"ReadAction\",\"target\":[\"https:\\\/\\\/lequotidien.mr\\\/?p=18571&lang=fr\"]}]},{\"@type\":\"ImageObject\",\"inLanguage\":\"ar\",\"@id\":\"https:\\\/\\\/lequotidien.mr\\\/?p=18571&lang=fr#primaryimage\",\"url\":\"https:\\\/\\\/lequotidien.mr\\\/wp-content\\\/uploads\\\/2024\\\/05\\\/240528c-003_rdax_775x440s.jpg\",\"contentUrl\":\"https:\\\/\\\/lequotidien.mr\\\/wp-content\\\/uploads\\\/2024\\\/05\\\/240528c-003_rdax_775x440s.jpg\",\"width\":774,\"height\":440,\"caption\":\"NATO Deputy Secretary General Mircea Geoan\u0103 meets with Hanana Ould Sidi, Minister of Defence of the Islamic Republic of Mauritania\"},{\"@type\":\"BreadcrumbList\",\"@id\":\"https:\\\/\\\/lequotidien.mr\\\/?p=18571&lang=fr#breadcrumb\",\"itemListElement\":[{\"@type\":\"ListItem\",\"position\":1,\"name\":\"Home\",\"item\":\"https:\\\/\\\/lequotidien.mr\\\/\"},{\"@type\":\"ListItem\",\"position\":2,\"name\":\"\u00a0Rencontre entre le secr\u00e9taire g\u00e9n\u00e9ral adjoint de l&#8217;OTAN Mircea Geoan\u0103 et le ministre de la d\u00e9fense de la Mauritanie Hanana Ould Sidi\"}]},{\"@type\":\"WebSite\",\"@id\":\"https:\\\/\\\/lequotidien.mr\\\/#website\",\"url\":\"https:\\\/\\\/lequotidien.mr\\\/\",\"name\":\"Le Quotidien de Nouakchott\",\"description\":\"\u0625\u062e\u0628\u0627\u0631\u064a\u0629 \u0645\u0633\u062a\u0642\u0644\u0629 \u0644\u0644\u0623\u0646\u0628\u0627\u0621 \u0627\u0644\u0639\u0627\u0645\u0629\",\"publisher\":{\"@id\":\"https:\\\/\\\/lequotidien.mr\\\/#organization\"},\"potentialAction\":[{\"@type\":\"SearchAction\",\"target\":{\"@type\":\"EntryPoint\",\"urlTemplate\":\"https:\\\/\\\/lequotidien.mr\\\/?s={search_term_string}\"},\"query-input\":{\"@type\":\"PropertyValueSpecification\",\"valueRequired\":true,\"valueName\":\"search_term_string\"}}],\"inLanguage\":\"ar\"},{\"@type\":\"Organization\",\"@id\":\"https:\\\/\\\/lequotidien.mr\\\/#organization\",\"name\":\"Le Quotidien de Nouakchott\",\"url\":\"https:\\\/\\\/lequotidien.mr\\\/\",\"logo\":{\"@type\":\"ImageObject\",\"inLanguage\":\"ar\",\"@id\":\"https:\\\/\\\/lequotidien.mr\\\/#\\\/schema\\\/logo\\\/image\\\/\",\"url\":\"https:\\\/\\\/lequotidien.mr\\\/wp-content\\\/uploads\\\/2022\\\/11\\\/logolequotidien.jpg\",\"contentUrl\":\"https:\\\/\\\/lequotidien.mr\\\/wp-content\\\/uploads\\\/2022\\\/11\\\/logolequotidien.jpg\",\"width\":290,\"height\":65,\"caption\":\"Le Quotidien de Nouakchott\"},\"image\":{\"@id\":\"https:\\\/\\\/lequotidien.mr\\\/#\\\/schema\\\/logo\\\/image\\\/\"},\"sameAs\":[\"https:\\\/\\\/web.facebook.com\\\/lequotidienmr\",\"https:\\\/\\\/x.com\\\/lequotidienmr\"]},{\"@type\":\"Person\",\"@id\":\"https:\\\/\\\/lequotidien.mr\\\/#\\\/schema\\\/person\\\/f90fcdaa970c60288de4ed2e64a56472\",\"name\":\"Le Quotidien\",\"image\":{\"@type\":\"ImageObject\",\"inLanguage\":\"ar\",\"@id\":\"https:\\\/\\\/secure.gravatar.com\\\/avatar\\\/374cb39a1a458a912465a93e5a3ce6546886fc3da809a1f10c63e4e8fcbca30f?s=96&d=mm&r=g\",\"url\":\"https:\\\/\\\/secure.gravatar.com\\\/avatar\\\/374cb39a1a458a912465a93e5a3ce6546886fc3da809a1f10c63e4e8fcbca30f?s=96&d=mm&r=g\",\"contentUrl\":\"https:\\\/\\\/secure.gravatar.com\\\/avatar\\\/374cb39a1a458a912465a93e5a3ce6546886fc3da809a1f10c63e4e8fcbca30f?s=96&d=mm&r=g\",\"caption\":\"Le Quotidien\"},\"sameAs\":[\"https:\\\/\\\/lequotidien.mr\\\/\"],\"url\":\"https:\\\/\\\/lequotidien.mr\\\/?author=4\"}]}<\/script>\n<!-- \/ Yoast SEO plugin. -->","yoast_head_json":{"title":"\u00a0Rencontre entre le secr\u00e9taire g\u00e9n\u00e9ral adjoint de l'OTAN Mircea Geoan\u0103 et le ministre de la d\u00e9fense de la Mauritanie Hanana Ould Sidi - Le Quotidien de Nouakchott","robots":{"index":"index","follow":"follow","max-snippet":"max-snippet:-1","max-image-preview":"max-image-preview:large","max-video-preview":"max-video-preview:-1"},"canonical":"https:\/\/lequotidien.mr\/?p=18571&lang=fr","og_locale":"ar_AR","og_type":"article","og_title":"\u00a0Rencontre entre le secr\u00e9taire g\u00e9n\u00e9ral adjoint de l'OTAN Mircea Geoan\u0103 et le ministre de la d\u00e9fense de la Mauritanie Hanana Ould Sidi - Le Quotidien de Nouakchott","og_description":"Le mardi 28 mai 2024, le Secr\u00e9taire G\u00e9n\u00e9ral Adjoint de l&#8217;OTAN, Mircea Geoan\u0103, a rencontr\u00e9 le Ministre de la D\u00e9fense de la R\u00e9publique Islamique de Mauritanie, Hanana Ould Sidi, au si\u00e8ge de l&#8217;OTAN. Cette rencontre visait \u00e0 faire le point sur les d\u00e9veloppements des relations entre l&#8217;OTAN et la Mauritanie. M. Geoan\u0103 a soulign\u00e9 que.....","og_url":"https:\/\/lequotidien.mr\/?p=18571&lang=fr","og_site_name":"Le Quotidien de Nouakchott","article_publisher":"https:\/\/web.facebook.com\/lequotidienmr","article_published_time":"2024-05-29T17:44:27+00:00","og_image":[{"width":774,"height":440,"url":"https:\/\/lequotidien.mr\/wp-content\/uploads\/2024\/05\/240528c-003_rdax_775x440s.jpg","type":"image\/jpeg"}],"author":"Le Quotidien","twitter_card":"summary_large_image","twitter_creator":"@lequotidienmr","twitter_site":"@lequotidienmr","twitter_misc":{"\u0643\u064f\u062a\u0628 \u0628\u0648\u0627\u0633\u0637\u0629":"Le Quotidien","\u0648\u0642\u062a \u0627\u0644\u0642\u0631\u0627\u0621\u0629 \u0627\u0644\u0645\u064f\u0642\u062f\u0651\u0631":"\u062f\u0642\u064a\u0642\u062a\u0627\u0646"},"schema":{"@context":"https:\/\/schema.org","@graph":[{"@type":"Article","@id":"https:\/\/lequotidien.mr\/?p=18571&lang=fr#article","isPartOf":{"@id":"https:\/\/lequotidien.mr\/?p=18571&lang=fr"},"author":{"name":"Le Quotidien","@id":"https:\/\/lequotidien.mr\/#\/schema\/person\/f90fcdaa970c60288de4ed2e64a56472"},"headline":"\u00a0Rencontre entre le secr\u00e9taire g\u00e9n\u00e9ral adjoint de l&#8217;OTAN Mircea Geoan\u0103 et le ministre de la d\u00e9fense de la Mauritanie Hanana Ould Sidi","datePublished":"2024-05-29T17:44:27+00:00","mainEntityOfPage":{"@id":"https:\/\/lequotidien.mr\/?p=18571&lang=fr"},"wordCount":482,"commentCount":0,"publisher":{"@id":"https:\/\/lequotidien.mr\/#organization"},"image":{"@id":"https:\/\/lequotidien.mr\/?p=18571&lang=fr#primaryimage"},"thumbnailUrl":"https:\/\/lequotidien.mr\/wp-content\/uploads\/2024\/05\/240528c-003_rdax_775x440s.jpg","articleSection":["ACTUALIT\u00c9","Couverture sp\u00e9cilale"],"inLanguage":"ar","potentialAction":[{"@type":"CommentAction","name":"Comment","target":["https:\/\/lequotidien.mr\/?p=18571&lang=fr#respond"]}]},{"@type":"WebPage","@id":"https:\/\/lequotidien.mr\/?p=18571&lang=fr","url":"https:\/\/lequotidien.mr\/?p=18571&lang=fr","name":"\u00a0Rencontre entre le secr\u00e9taire g\u00e9n\u00e9ral adjoint de l'OTAN Mircea Geoan\u0103 et le ministre de la d\u00e9fense de la Mauritanie Hanana Ould Sidi - Le Quotidien de Nouakchott","isPartOf":{"@id":"https:\/\/lequotidien.mr\/#website"},"primaryImageOfPage":{"@id":"https:\/\/lequotidien.mr\/?p=18571&lang=fr#primaryimage"},"image":{"@id":"https:\/\/lequotidien.mr\/?p=18571&lang=fr#primaryimage"},"thumbnailUrl":"https:\/\/lequotidien.mr\/wp-content\/uploads\/2024\/05\/240528c-003_rdax_775x440s.jpg","datePublished":"2024-05-29T17:44:27+00:00","breadcrumb":{"@id":"https:\/\/lequotidien.mr\/?p=18571&lang=fr#breadcrumb"},"inLanguage":"ar","potentialAction":[{"@type":"ReadAction","target":["https:\/\/lequotidien.mr\/?p=18571&lang=fr"]}]},{"@type":"ImageObject","inLanguage":"ar","@id":"https:\/\/lequotidien.mr\/?p=18571&lang=fr#primaryimage","url":"https:\/\/lequotidien.mr\/wp-content\/uploads\/2024\/05\/240528c-003_rdax_775x440s.jpg","contentUrl":"https:\/\/lequotidien.mr\/wp-content\/uploads\/2024\/05\/240528c-003_rdax_775x440s.jpg","width":774,"height":440,"caption":"NATO Deputy Secretary General Mircea Geoan\u0103 meets with Hanana Ould Sidi, Minister of Defence of the Islamic Republic of Mauritania"},{"@type":"BreadcrumbList","@id":"https:\/\/lequotidien.mr\/?p=18571&lang=fr#breadcrumb","itemListElement":[{"@type":"ListItem","position":1,"name":"Home","item":"https:\/\/lequotidien.mr\/"},{"@type":"ListItem","position":2,"name":"\u00a0Rencontre entre le secr\u00e9taire g\u00e9n\u00e9ral adjoint de l&#8217;OTAN Mircea Geoan\u0103 et le ministre de la d\u00e9fense de la Mauritanie Hanana Ould Sidi"}]},{"@type":"WebSite","@id":"https:\/\/lequotidien.mr\/#website","url":"https:\/\/lequotidien.mr\/","name":"Le Quotidien de Nouakchott","description":"\u0625\u062e\u0628\u0627\u0631\u064a\u0629 \u0645\u0633\u062a\u0642\u0644\u0629 \u0644\u0644\u0623\u0646\u0628\u0627\u0621 \u0627\u0644\u0639\u0627\u0645\u0629","publisher":{"@id":"https:\/\/lequotidien.mr\/#organization"},"potentialAction":[{"@type":"SearchAction","target":{"@type":"EntryPoint","urlTemplate":"https:\/\/lequotidien.mr\/?s={search_term_string}"},"query-input":{"@type":"PropertyValueSpecification","valueRequired":true,"valueName":"search_term_string"}}],"inLanguage":"ar"},{"@type":"Organization","@id":"https:\/\/lequotidien.mr\/#organization","name":"Le Quotidien de Nouakchott","url":"https:\/\/lequotidien.mr\/","logo":{"@type":"ImageObject","inLanguage":"ar","@id":"https:\/\/lequotidien.mr\/#\/schema\/logo\/image\/","url":"https:\/\/lequotidien.mr\/wp-content\/uploads\/2022\/11\/logolequotidien.jpg","contentUrl":"https:\/\/lequotidien.mr\/wp-content\/uploads\/2022\/11\/logolequotidien.jpg","width":290,"height":65,"caption":"Le Quotidien de Nouakchott"},"image":{"@id":"https:\/\/lequotidien.mr\/#\/schema\/logo\/image\/"},"sameAs":["https:\/\/web.facebook.com\/lequotidienmr","https:\/\/x.com\/lequotidienmr"]},{"@type":"Person","@id":"https:\/\/lequotidien.mr\/#\/schema\/person\/f90fcdaa970c60288de4ed2e64a56472","name":"Le Quotidien","image":{"@type":"ImageObject","inLanguage":"ar","@id":"https:\/\/secure.gravatar.com\/avatar\/374cb39a1a458a912465a93e5a3ce6546886fc3da809a1f10c63e4e8fcbca30f?s=96&d=mm&r=g","url":"https:\/\/secure.gravatar.com\/avatar\/374cb39a1a458a912465a93e5a3ce6546886fc3da809a1f10c63e4e8fcbca30f?s=96&d=mm&r=g","contentUrl":"https:\/\/secure.gravatar.com\/avatar\/374cb39a1a458a912465a93e5a3ce6546886fc3da809a1f10c63e4e8fcbca30f?s=96&d=mm&r=g","caption":"Le Quotidien"},"sameAs":["https:\/\/lequotidien.mr\/"],"url":"https:\/\/lequotidien.mr\/?author=4"}]}},"_links":{"self":[{"href":"https:\/\/lequotidien.mr\/index.php?rest_route=\/wp\/v2\/posts\/18571","targetHints":{"allow":["GET"]}}],"collection":[{"href":"https:\/\/lequotidien.mr\/index.php?rest_route=\/wp\/v2\/posts"}],"about":[{"href":"https:\/\/lequotidien.mr\/index.php?rest_route=\/wp\/v2\/types\/post"}],"author":[{"embeddable":true,"href":"https:\/\/lequotidien.mr\/index.php?rest_route=\/wp\/v2\/users\/4"}],"replies":[{"embeddable":true,"href":"https:\/\/lequotidien.mr\/index.php?rest_route=%2Fwp%2Fv2%2Fcomments&post=18571"}],"version-history":[{"count":1,"href":"https:\/\/lequotidien.mr\/index.php?rest_route=\/wp\/v2\/posts\/18571\/revisions"}],"predecessor-version":[{"id":18573,"href":"https:\/\/lequotidien.mr\/index.php?rest_route=\/wp\/v2\/posts\/18571\/revisions\/18573"}],"wp:featuredmedia":[{"embeddable":true,"href":"https:\/\/lequotidien.mr\/index.php?rest_route=\/wp\/v2\/media\/18572"}],"wp:attachment":[{"href":"https:\/\/lequotidien.mr\/index.php?rest_route=%2Fwp%2Fv2%2Fmedia&parent=18571"}],"wp:term":[{"taxonomy":"category","embeddable":true,"href":"https:\/\/lequotidien.mr\/index.php?rest_route=%2Fwp%2Fv2%2Fcategories&post=18571"},{"taxonomy":"post_tag","embeddable":true,"href":"https:\/\/lequotidien.mr\/index.php?rest_route=%2Fwp%2Fv2%2Ftags&post=18571"}],"curies":[{"name":"wp","href":"https:\/\/api.w.org\/{rel}","templated":true}]}}