{"id":18355,"date":"2024-05-21T09:19:31","date_gmt":"2024-05-21T09:19:31","guid":{"rendered":"https:\/\/lequotidien.mr\/?p=18355"},"modified":"2024-05-21T09:19:31","modified_gmt":"2024-05-21T09:19:31","slug":"la-mauritanie-renforce-son-systeme-de-protection-sociale-grace-a-un-accord-avec-la-banque-mondiale","status":"publish","type":"post","link":"https:\/\/lequotidien.mr\/?p=18355&lang=fr","title":{"rendered":"La Mauritanie renforce son syst\u00e8me de protection sociale gr\u00e2ce \u00e0 un accord avec la Banque mondiale"},"content":{"rendered":"<p>Hier, lundi 20 mai 2024, un pas d\u00e9cisif a \u00e9t\u00e9 franchi dans le renforcement du filet de s\u00e9curit\u00e9 sociale du pays, suite \u00e0 la signature, entre la Mauritanie et la Banque mondiale, d\u2019un accord qui permettra \u00e0 notre pays de disposer d\u2019un important appui financier pour soutenir le projet &#8220;Appui au syst\u00e8me de filet de s\u00e9curit\u00e9 sociale&#8221;.<\/p>\n<p>Selon les termes de l&#8217;accord, la Banque mondiale s&#8217;engage \u00e0 fournir plus de 10 milliards d&#8217;ouguiyas anciennes, soit l&#8217;\u00e9quivalent de 36 millions de dollars am\u00e9ricains, pour soutenir le projet &#8220;Appui au syst\u00e8me de filet de s\u00e9curit\u00e9 sociale&#8221;. Cette initiative est essentielle pour am\u00e9liorer l&#8217;adaptation, l&#8217;efficacit\u00e9 et l&#8217;efficience du syst\u00e8me national de filet de s\u00e9curit\u00e9 sociale en Mauritanie.<\/p>\n<p>La signature de cet accord a \u00e9t\u00e9 orchestr\u00e9e par le ministre de l&#8217;\u00c9conomie et du D\u00e9veloppement durable, Abdel Salam Mohamed Saleh, au nom de la Mauritanie, et par la repr\u00e9sentante r\u00e9sidente de la Banque mondiale en Mauritanie, Cristina Isabel Panasco Santos.<\/p>\n<p>Le minist\u00e8re de l&#8217;\u00c9conomie a soulign\u00e9 dans un communiqu\u00e9 que ce financement, \u00e9quivalent \u00e0 dix-neuf millions sept cent mille unit\u00e9s de droits de tirage sp\u00e9ciales, permettra d&#8217;\u00e9tendre la couverture du syst\u00e8me de protection sociale aux m\u00e9nages pauvres et vuln\u00e9rables, y compris les r\u00e9fugi\u00e9s et les communaut\u00e9s d&#8217;accueil.<\/p>\n<p>Le ministre de l&#8217;\u00c9conomie a \u00e9galement soulign\u00e9 que ce financement aidera \u00e0 \u00e9largir le nombre de b\u00e9n\u00e9ficiaires des services du syst\u00e8me national de protection sociale au niveau national d&#8217;ici 2025. De plus, il permettra l&#8217;int\u00e9gration des r\u00e9fugi\u00e9s pr\u00e9sents sur le territoire national, renfor\u00e7ant ainsi l&#8217;inclusivit\u00e9 du syst\u00e8me.<\/p>\n<p>A son tour, la repr\u00e9sentante de la Banque mondiale en Mauritanie a salu\u00e9 les progr\u00e8s r\u00e9alis\u00e9s par le pays depuis le lancement du premier projet de protection sociale en 2015. Elle a soulign\u00e9 que des initiatives telles que l&#8217;\u00e9tablissement du registre social, l&#8217;extension du programme de solidarit\u00e9 et la cr\u00e9ation du syst\u00e8me de r\u00e9ponse aux chocs ont transform\u00e9 le paysage de la protection sociale en Mauritanie.<\/p>\n<p>Cet accord entre la Mauritanie et la Banque mondiale marque donc une \u00e9tape importante dans les efforts du pays pour renforcer son syst\u00e8me de protection sociale, garantissant ainsi une meilleure prise en charge des populations les plus vuln\u00e9rables et contribuant \u00e0 un d\u00e9veloppement plus inclusif et durable.<\/p>\n","protected":false},"excerpt":{"rendered":"<p>Hier, lundi 20 mai 2024, un pas d\u00e9cisif a \u00e9t\u00e9 franchi dans le renforcement du filet de s\u00e9curit\u00e9 sociale du pays, suite \u00e0 la signature, entre la Mauritanie et la Banque mondiale, d\u2019un accord qui permettra \u00e0 notre pays de disposer d\u2019un important appui financier pour soutenir le projet &#8220;Appui au syst\u00e8me de filet de&#8230;..<\/p>\n","protected":false},"author":12,"featured_media":18357,"comment_status":"open","ping_status":"open","sticky":false,"template":"","format":"standard","meta":{"footnotes":""},"categories":[23,49],"tags":[],"class_list":["post-18355","post","type-post","status-publish","format-standard","has-post-thumbnail","hentry","category-actualite","category-economie"],"yoast_head":"<!-- This site is optimized with the Yoast SEO plugin v27.5 - https:\/\/yoast.com\/product\/yoast-seo-wordpress\/ -->\n<title>La Mauritanie renforce son syst\u00e8me de protection sociale gr\u00e2ce \u00e0 un accord avec la Banque mondiale - Le Quotidien de Nouakchott<\/title>\n<meta name=\"robots\" content=\"index, follow, max-snippet:-1, max-image-preview:large, max-video-preview:-1\" \/>\n<link rel=\"canonical\" href=\"https:\/\/lequotidien.mr\/?p=18355&lang=fr\" \/>\n<meta property=\"og:locale\" content=\"ar_AR\" \/>\n<meta property=\"og:type\" content=\"article\" \/>\n<meta property=\"og:title\" content=\"La Mauritanie renforce son syst\u00e8me de protection sociale gr\u00e2ce \u00e0 un accord avec la Banque mondiale - Le Quotidien de Nouakchott\" \/>\n<meta property=\"og:description\" content=\"Hier, lundi 20 mai 2024, un pas d\u00e9cisif a \u00e9t\u00e9 franchi dans le renforcement du filet de s\u00e9curit\u00e9 sociale du pays, suite \u00e0 la signature, entre la Mauritanie et la Banque mondiale, d\u2019un accord qui permettra \u00e0 notre pays de disposer d\u2019un important appui financier pour soutenir le projet &#8220;Appui au syst\u00e8me de filet de.....\" \/>\n<meta property=\"og:url\" content=\"https:\/\/lequotidien.mr\/?p=18355&amp;lang=fr\" \/>\n<meta property=\"og:site_name\" content=\"Le Quotidien de Nouakchott\" \/>\n<meta property=\"article:publisher\" content=\"https:\/\/web.facebook.com\/lequotidienmr\" \/>\n<meta property=\"article:published_time\" content=\"2024-05-21T09:19:31+00:00\" \/>\n<meta property=\"og:image\" content=\"https:\/\/lequotidien.mr\/wp-content\/uploads\/2024\/05\/Photo-BM3.jpeg\" \/>\n\t<meta property=\"og:image:width\" content=\"847\" \/>\n\t<meta property=\"og:image:height\" content=\"431\" \/>\n\t<meta property=\"og:image:type\" content=\"image\/jpeg\" \/>\n<meta name=\"author\" content=\"Med Ahmed\" \/>\n<meta name=\"twitter:card\" content=\"summary_large_image\" \/>\n<meta name=\"twitter:creator\" content=\"@lequotidienmr\" \/>\n<meta name=\"twitter:site\" content=\"@lequotidienmr\" \/>\n<meta name=\"twitter:label1\" content=\"\u0643\u064f\u062a\u0628 \u0628\u0648\u0627\u0633\u0637\u0629\" \/>\n\t<meta name=\"twitter:data1\" content=\"Med Ahmed\" \/>\n\t<meta name=\"twitter:label2\" content=\"\u0648\u0642\u062a \u0627\u0644\u0642\u0631\u0627\u0621\u0629 \u0627\u0644\u0645\u064f\u0642\u062f\u0651\u0631\" \/>\n\t<meta name=\"twitter:data2\" content=\"\u062f\u0642\u064a\u0642\u062a\u0627\u0646\" \/>\n<script type=\"application\/ld+json\" class=\"yoast-schema-graph\">{\"@context\":\"https:\\\/\\\/schema.org\",\"@graph\":[{\"@type\":\"Article\",\"@id\":\"https:\\\/\\\/lequotidien.mr\\\/?p=18355&lang=fr#article\",\"isPartOf\":{\"@id\":\"https:\\\/\\\/lequotidien.mr\\\/?p=18355&lang=fr\"},\"author\":{\"name\":\"Med Ahmed\",\"@id\":\"https:\\\/\\\/lequotidien.mr\\\/#\\\/schema\\\/person\\\/d2d350202a4d599685ed8abc25f97596\"},\"headline\":\"La Mauritanie renforce son syst\u00e8me de protection sociale gr\u00e2ce \u00e0 un accord avec la Banque mondiale\",\"datePublished\":\"2024-05-21T09:19:31+00:00\",\"mainEntityOfPage\":{\"@id\":\"https:\\\/\\\/lequotidien.mr\\\/?p=18355&lang=fr\"},\"wordCount\":428,\"commentCount\":0,\"publisher\":{\"@id\":\"https:\\\/\\\/lequotidien.mr\\\/#organization\"},\"image\":{\"@id\":\"https:\\\/\\\/lequotidien.mr\\\/?p=18355&lang=fr#primaryimage\"},\"thumbnailUrl\":\"https:\\\/\\\/lequotidien.mr\\\/wp-content\\\/uploads\\\/2024\\\/05\\\/Photo-BM3.jpeg\",\"articleSection\":[\"ACTUALIT\u00c9\",\"Economie\"],\"inLanguage\":\"ar\",\"potentialAction\":[{\"@type\":\"CommentAction\",\"name\":\"Comment\",\"target\":[\"https:\\\/\\\/lequotidien.mr\\\/?p=18355&lang=fr#respond\"]}]},{\"@type\":\"WebPage\",\"@id\":\"https:\\\/\\\/lequotidien.mr\\\/?p=18355&lang=fr\",\"url\":\"https:\\\/\\\/lequotidien.mr\\\/?p=18355&lang=fr\",\"name\":\"La Mauritanie renforce son syst\u00e8me de protection sociale gr\u00e2ce \u00e0 un accord avec la Banque mondiale - Le Quotidien de Nouakchott\",\"isPartOf\":{\"@id\":\"https:\\\/\\\/lequotidien.mr\\\/#website\"},\"primaryImageOfPage\":{\"@id\":\"https:\\\/\\\/lequotidien.mr\\\/?p=18355&lang=fr#primaryimage\"},\"image\":{\"@id\":\"https:\\\/\\\/lequotidien.mr\\\/?p=18355&lang=fr#primaryimage\"},\"thumbnailUrl\":\"https:\\\/\\\/lequotidien.mr\\\/wp-content\\\/uploads\\\/2024\\\/05\\\/Photo-BM3.jpeg\",\"datePublished\":\"2024-05-21T09:19:31+00:00\",\"breadcrumb\":{\"@id\":\"https:\\\/\\\/lequotidien.mr\\\/?p=18355&lang=fr#breadcrumb\"},\"inLanguage\":\"ar\",\"potentialAction\":[{\"@type\":\"ReadAction\",\"target\":[\"https:\\\/\\\/lequotidien.mr\\\/?p=18355&lang=fr\"]}]},{\"@type\":\"ImageObject\",\"inLanguage\":\"ar\",\"@id\":\"https:\\\/\\\/lequotidien.mr\\\/?p=18355&lang=fr#primaryimage\",\"url\":\"https:\\\/\\\/lequotidien.mr\\\/wp-content\\\/uploads\\\/2024\\\/05\\\/Photo-BM3.jpeg\",\"contentUrl\":\"https:\\\/\\\/lequotidien.mr\\\/wp-content\\\/uploads\\\/2024\\\/05\\\/Photo-BM3.jpeg\",\"width\":847,\"height\":431},{\"@type\":\"BreadcrumbList\",\"@id\":\"https:\\\/\\\/lequotidien.mr\\\/?p=18355&lang=fr#breadcrumb\",\"itemListElement\":[{\"@type\":\"ListItem\",\"position\":1,\"name\":\"Home\",\"item\":\"https:\\\/\\\/lequotidien.mr\\\/\"},{\"@type\":\"ListItem\",\"position\":2,\"name\":\"La Mauritanie renforce son syst\u00e8me de protection sociale gr\u00e2ce \u00e0 un accord avec la Banque mondiale\"}]},{\"@type\":\"WebSite\",\"@id\":\"https:\\\/\\\/lequotidien.mr\\\/#website\",\"url\":\"https:\\\/\\\/lequotidien.mr\\\/\",\"name\":\"Le Quotidien de Nouakchott\",\"description\":\"\u0625\u062e\u0628\u0627\u0631\u064a\u0629 \u0645\u0633\u062a\u0642\u0644\u0629 \u0644\u0644\u0623\u0646\u0628\u0627\u0621 \u0627\u0644\u0639\u0627\u0645\u0629\",\"publisher\":{\"@id\":\"https:\\\/\\\/lequotidien.mr\\\/#organization\"},\"potentialAction\":[{\"@type\":\"SearchAction\",\"target\":{\"@type\":\"EntryPoint\",\"urlTemplate\":\"https:\\\/\\\/lequotidien.mr\\\/?s={search_term_string}\"},\"query-input\":{\"@type\":\"PropertyValueSpecification\",\"valueRequired\":true,\"valueName\":\"search_term_string\"}}],\"inLanguage\":\"ar\"},{\"@type\":\"Organization\",\"@id\":\"https:\\\/\\\/lequotidien.mr\\\/#organization\",\"name\":\"Le Quotidien de Nouakchott\",\"url\":\"https:\\\/\\\/lequotidien.mr\\\/\",\"logo\":{\"@type\":\"ImageObject\",\"inLanguage\":\"ar\",\"@id\":\"https:\\\/\\\/lequotidien.mr\\\/#\\\/schema\\\/logo\\\/image\\\/\",\"url\":\"https:\\\/\\\/lequotidien.mr\\\/wp-content\\\/uploads\\\/2022\\\/11\\\/logolequotidien.jpg\",\"contentUrl\":\"https:\\\/\\\/lequotidien.mr\\\/wp-content\\\/uploads\\\/2022\\\/11\\\/logolequotidien.jpg\",\"width\":290,\"height\":65,\"caption\":\"Le Quotidien de Nouakchott\"},\"image\":{\"@id\":\"https:\\\/\\\/lequotidien.mr\\\/#\\\/schema\\\/logo\\\/image\\\/\"},\"sameAs\":[\"https:\\\/\\\/web.facebook.com\\\/lequotidienmr\",\"https:\\\/\\\/x.com\\\/lequotidienmr\"]},{\"@type\":\"Person\",\"@id\":\"https:\\\/\\\/lequotidien.mr\\\/#\\\/schema\\\/person\\\/d2d350202a4d599685ed8abc25f97596\",\"name\":\"Med Ahmed\",\"image\":{\"@type\":\"ImageObject\",\"inLanguage\":\"ar\",\"@id\":\"https:\\\/\\\/secure.gravatar.com\\\/avatar\\\/fd2acc62ed50732923d1d39c17172c9b04149f142be92310ecc69e1358f94b52?s=96&d=mm&r=g\",\"url\":\"https:\\\/\\\/secure.gravatar.com\\\/avatar\\\/fd2acc62ed50732923d1d39c17172c9b04149f142be92310ecc69e1358f94b52?s=96&d=mm&r=g\",\"contentUrl\":\"https:\\\/\\\/secure.gravatar.com\\\/avatar\\\/fd2acc62ed50732923d1d39c17172c9b04149f142be92310ecc69e1358f94b52?s=96&d=mm&r=g\",\"caption\":\"Med Ahmed\"},\"url\":\"https:\\\/\\\/lequotidien.mr\\\/?author=12\"}]}<\/script>\n<!-- \/ Yoast SEO plugin. -->","yoast_head_json":{"title":"La Mauritanie renforce son syst\u00e8me de protection sociale gr\u00e2ce \u00e0 un accord avec la Banque mondiale - Le Quotidien de Nouakchott","robots":{"index":"index","follow":"follow","max-snippet":"max-snippet:-1","max-image-preview":"max-image-preview:large","max-video-preview":"max-video-preview:-1"},"canonical":"https:\/\/lequotidien.mr\/?p=18355&lang=fr","og_locale":"ar_AR","og_type":"article","og_title":"La Mauritanie renforce son syst\u00e8me de protection sociale gr\u00e2ce \u00e0 un accord avec la Banque mondiale - Le Quotidien de Nouakchott","og_description":"Hier, lundi 20 mai 2024, un pas d\u00e9cisif a \u00e9t\u00e9 franchi dans le renforcement du filet de s\u00e9curit\u00e9 sociale du pays, suite \u00e0 la signature, entre la Mauritanie et la Banque mondiale, d\u2019un accord qui permettra \u00e0 notre pays de disposer d\u2019un important appui financier pour soutenir le projet &#8220;Appui au syst\u00e8me de filet de.....","og_url":"https:\/\/lequotidien.mr\/?p=18355&lang=fr","og_site_name":"Le Quotidien de Nouakchott","article_publisher":"https:\/\/web.facebook.com\/lequotidienmr","article_published_time":"2024-05-21T09:19:31+00:00","og_image":[{"width":847,"height":431,"url":"https:\/\/lequotidien.mr\/wp-content\/uploads\/2024\/05\/Photo-BM3.jpeg","type":"image\/jpeg"}],"author":"Med Ahmed","twitter_card":"summary_large_image","twitter_creator":"@lequotidienmr","twitter_site":"@lequotidienmr","twitter_misc":{"\u0643\u064f\u062a\u0628 \u0628\u0648\u0627\u0633\u0637\u0629":"Med Ahmed","\u0648\u0642\u062a \u0627\u0644\u0642\u0631\u0627\u0621\u0629 \u0627\u0644\u0645\u064f\u0642\u062f\u0651\u0631":"\u062f\u0642\u064a\u0642\u062a\u0627\u0646"},"schema":{"@context":"https:\/\/schema.org","@graph":[{"@type":"Article","@id":"https:\/\/lequotidien.mr\/?p=18355&lang=fr#article","isPartOf":{"@id":"https:\/\/lequotidien.mr\/?p=18355&lang=fr"},"author":{"name":"Med Ahmed","@id":"https:\/\/lequotidien.mr\/#\/schema\/person\/d2d350202a4d599685ed8abc25f97596"},"headline":"La Mauritanie renforce son syst\u00e8me de protection sociale gr\u00e2ce \u00e0 un accord avec la Banque mondiale","datePublished":"2024-05-21T09:19:31+00:00","mainEntityOfPage":{"@id":"https:\/\/lequotidien.mr\/?p=18355&lang=fr"},"wordCount":428,"commentCount":0,"publisher":{"@id":"https:\/\/lequotidien.mr\/#organization"},"image":{"@id":"https:\/\/lequotidien.mr\/?p=18355&lang=fr#primaryimage"},"thumbnailUrl":"https:\/\/lequotidien.mr\/wp-content\/uploads\/2024\/05\/Photo-BM3.jpeg","articleSection":["ACTUALIT\u00c9","Economie"],"inLanguage":"ar","potentialAction":[{"@type":"CommentAction","name":"Comment","target":["https:\/\/lequotidien.mr\/?p=18355&lang=fr#respond"]}]},{"@type":"WebPage","@id":"https:\/\/lequotidien.mr\/?p=18355&lang=fr","url":"https:\/\/lequotidien.mr\/?p=18355&lang=fr","name":"La Mauritanie renforce son syst\u00e8me de protection sociale gr\u00e2ce \u00e0 un accord avec la Banque mondiale - Le Quotidien de Nouakchott","isPartOf":{"@id":"https:\/\/lequotidien.mr\/#website"},"primaryImageOfPage":{"@id":"https:\/\/lequotidien.mr\/?p=18355&lang=fr#primaryimage"},"image":{"@id":"https:\/\/lequotidien.mr\/?p=18355&lang=fr#primaryimage"},"thumbnailUrl":"https:\/\/lequotidien.mr\/wp-content\/uploads\/2024\/05\/Photo-BM3.jpeg","datePublished":"2024-05-21T09:19:31+00:00","breadcrumb":{"@id":"https:\/\/lequotidien.mr\/?p=18355&lang=fr#breadcrumb"},"inLanguage":"ar","potentialAction":[{"@type":"ReadAction","target":["https:\/\/lequotidien.mr\/?p=18355&lang=fr"]}]},{"@type":"ImageObject","inLanguage":"ar","@id":"https:\/\/lequotidien.mr\/?p=18355&lang=fr#primaryimage","url":"https:\/\/lequotidien.mr\/wp-content\/uploads\/2024\/05\/Photo-BM3.jpeg","contentUrl":"https:\/\/lequotidien.mr\/wp-content\/uploads\/2024\/05\/Photo-BM3.jpeg","width":847,"height":431},{"@type":"BreadcrumbList","@id":"https:\/\/lequotidien.mr\/?p=18355&lang=fr#breadcrumb","itemListElement":[{"@type":"ListItem","position":1,"name":"Home","item":"https:\/\/lequotidien.mr\/"},{"@type":"ListItem","position":2,"name":"La Mauritanie renforce son syst\u00e8me de protection sociale gr\u00e2ce \u00e0 un accord avec la Banque mondiale"}]},{"@type":"WebSite","@id":"https:\/\/lequotidien.mr\/#website","url":"https:\/\/lequotidien.mr\/","name":"Le Quotidien de Nouakchott","description":"\u0625\u062e\u0628\u0627\u0631\u064a\u0629 \u0645\u0633\u062a\u0642\u0644\u0629 \u0644\u0644\u0623\u0646\u0628\u0627\u0621 \u0627\u0644\u0639\u0627\u0645\u0629","publisher":{"@id":"https:\/\/lequotidien.mr\/#organization"},"potentialAction":[{"@type":"SearchAction","target":{"@type":"EntryPoint","urlTemplate":"https:\/\/lequotidien.mr\/?s={search_term_string}"},"query-input":{"@type":"PropertyValueSpecification","valueRequired":true,"valueName":"search_term_string"}}],"inLanguage":"ar"},{"@type":"Organization","@id":"https:\/\/lequotidien.mr\/#organization","name":"Le Quotidien de Nouakchott","url":"https:\/\/lequotidien.mr\/","logo":{"@type":"ImageObject","inLanguage":"ar","@id":"https:\/\/lequotidien.mr\/#\/schema\/logo\/image\/","url":"https:\/\/lequotidien.mr\/wp-content\/uploads\/2022\/11\/logolequotidien.jpg","contentUrl":"https:\/\/lequotidien.mr\/wp-content\/uploads\/2022\/11\/logolequotidien.jpg","width":290,"height":65,"caption":"Le Quotidien de Nouakchott"},"image":{"@id":"https:\/\/lequotidien.mr\/#\/schema\/logo\/image\/"},"sameAs":["https:\/\/web.facebook.com\/lequotidienmr","https:\/\/x.com\/lequotidienmr"]},{"@type":"Person","@id":"https:\/\/lequotidien.mr\/#\/schema\/person\/d2d350202a4d599685ed8abc25f97596","name":"Med Ahmed","image":{"@type":"ImageObject","inLanguage":"ar","@id":"https:\/\/secure.gravatar.com\/avatar\/fd2acc62ed50732923d1d39c17172c9b04149f142be92310ecc69e1358f94b52?s=96&d=mm&r=g","url":"https:\/\/secure.gravatar.com\/avatar\/fd2acc62ed50732923d1d39c17172c9b04149f142be92310ecc69e1358f94b52?s=96&d=mm&r=g","contentUrl":"https:\/\/secure.gravatar.com\/avatar\/fd2acc62ed50732923d1d39c17172c9b04149f142be92310ecc69e1358f94b52?s=96&d=mm&r=g","caption":"Med Ahmed"},"url":"https:\/\/lequotidien.mr\/?author=12"}]}},"_links":{"self":[{"href":"https:\/\/lequotidien.mr\/index.php?rest_route=\/wp\/v2\/posts\/18355","targetHints":{"allow":["GET"]}}],"collection":[{"href":"https:\/\/lequotidien.mr\/index.php?rest_route=\/wp\/v2\/posts"}],"about":[{"href":"https:\/\/lequotidien.mr\/index.php?rest_route=\/wp\/v2\/types\/post"}],"author":[{"embeddable":true,"href":"https:\/\/lequotidien.mr\/index.php?rest_route=\/wp\/v2\/users\/12"}],"replies":[{"embeddable":true,"href":"https:\/\/lequotidien.mr\/index.php?rest_route=%2Fwp%2Fv2%2Fcomments&post=18355"}],"version-history":[{"count":1,"href":"https:\/\/lequotidien.mr\/index.php?rest_route=\/wp\/v2\/posts\/18355\/revisions"}],"predecessor-version":[{"id":18358,"href":"https:\/\/lequotidien.mr\/index.php?rest_route=\/wp\/v2\/posts\/18355\/revisions\/18358"}],"wp:featuredmedia":[{"embeddable":true,"href":"https:\/\/lequotidien.mr\/index.php?rest_route=\/wp\/v2\/media\/18357"}],"wp:attachment":[{"href":"https:\/\/lequotidien.mr\/index.php?rest_route=%2Fwp%2Fv2%2Fmedia&parent=18355"}],"wp:term":[{"taxonomy":"category","embeddable":true,"href":"https:\/\/lequotidien.mr\/index.php?rest_route=%2Fwp%2Fv2%2Fcategories&post=18355"},{"taxonomy":"post_tag","embeddable":true,"href":"https:\/\/lequotidien.mr\/index.php?rest_route=%2Fwp%2Fv2%2Ftags&post=18355"}],"curies":[{"name":"wp","href":"https:\/\/api.w.org\/{rel}","templated":true}]}}