{"id":18267,"date":"2024-05-17T11:53:51","date_gmt":"2024-05-17T11:53:51","guid":{"rendered":"https:\/\/lequotidien.mr\/?p=18267"},"modified":"2024-05-17T11:53:51","modified_gmt":"2024-05-17T11:53:51","slug":"les-energies-renouvelables-un-chantier-prioritaire","status":"publish","type":"post","link":"https:\/\/lequotidien.mr\/?p=18267&lang=fr","title":{"rendered":"Les \u00e9nergies renouvelables\u00a0: un chantier prioritaire\u00a0"},"content":{"rendered":"<p><strong>La n\u00e9cessit\u00e9 imp\u00e9rieuse de r\u00e9pondre \u00e0 la demande nationale d\u2019\u00e9nergie, les limites des sources fossiles de celle-ci et l\u2019augmentation cons\u00e9quente des probl\u00e8mes environnementaux ont pouss\u00e9 le gouvernement \u00e0 investir dans le secteur des \u00e9nergies renouvelables, sources in\u00e9puisables.\u00a0 \u00a0 \u00a0 \u00a0 \u00a0 \u00a0 \u00a0 \u00a0 \u00a0 \u00a0 \u00a0 \u00a0 \u00a0 \u00a0 \u00a0 \u00a0 \u00a0 \u00a0 \u00a0 \u00a0 \u00a0 \u00a0 \u00a0 \u00a0 \u00a0 \u00a0 \u00a0 \u00a0 \u00a0 \u00a0 \u00a0 \u00a0 \u00a0 \u00a0 \u00a0 \u00a0 \u00a0 \u00a0 \u00a0 \u00a0 \u00a0 \u00a0 \u00a0 \u00a0 \u00a0 \u00a0 \u00a0 \u00a0 \u00a0 \u00a0 \u00a0 \u00a0 \u00a0 \u00a0 \u00a0 \u00a0 \u00a0 \u00a0 \u00a0 \u00a0 \u00a0 \u00a0 \u00a0 \u00a0 \u00a0 \u00a0 \u00a0 \u00a0 \u00a0 \u00a0 \u00a0 \u00a0 \u00a0 \u00a0 \u00a0 \u00a0 \u00a0 \u00a0 \u00a0 \u00a0 \u00a0 \u00a0 \u00a0 \u00a0 \u00a0 \u00a0 \u00a0 \u00a0 \u00a0 \u00a0 \u00a0 \u00a0 \u00a0 \u00a0 \u00a0 \u00a0 \u00a0 \u00a0 \u00a0 \u00a0 \u00a0 \u00a0 \u00a0 \u00a0 \u00a0 \u00a0 \u00a0 \u00a0 \u00a0 \u00a0 \u00a0 \u00a0 \u00a0 \u00a0 \u00a0 \u00a0 \u00a0 \u00a0 \u00a0 \u00a0 \u00a0 \u00a0 \u00a0 \u00a0 \u00a0 \u00a0 \u00a0 \u00a0 \u00a0 \u00a0 \u00a0 \u00a0 \u00a0 \u00a0 \u00a0 \u00a0 \u00a0 \u00a0 \u00a0 \u00a0 \u00a0 \u00a0 \u00a0 \u00a0 \u00a0 \u00a0 \u00a0 \u00a0 \u00a0 \u00a0 \u00a0 \u00a0 \u00a0 \u00a0 \u00a0 \u00a0 \u00a0 \u00a0 \u00a0 \u00a0 \u00a0 \u00a0 \u00a0 \u00a0 \u00a0 \u00a0 \u00a0 \u00a0 \u00a0 \u00a0 \u00a0 \u00a0 \u00a0 \u00a0 \u00a0 \u00a0 \u00a0 \u00a0 \u00a0 \u00a0 \u00a0 \u00a0 \u00a0 \u00a0 \u00a0 \u00a0 \u00a0 \u00a0 \u00a0 \u00a0 \u00a0 \u00a0 \u00a0 \u00a0 \u00a0 \u00a0 \u00a0 \u00a0 \u00a0 \u00a0 \u00a0 \u00a0 \u00a0 \u00a0 \u00a0 \u00a0 \u00a0 \u00a0 \u00a0 \u00a0 \u00a0 \u00a0 \u00a0 \u00a0 \u00a0 \u00a0Les \u00e9nergies renouvelables <\/strong>permettent d\u2019envisager une r\u00e9elle ind\u00e9pendance \u00e9nerg\u00e9tique et d\u2019\u00e9viter les chocs \u00e9conomiques soudains r\u00e9sultant de la hausse ou de la baisse soudaine des prix du p\u00e9trole. Malgr\u00e9 les capacit\u00e9s et les ressources variables de notre pays, l\u2019option des \u00e9nergies renouvelables et la diversification de leurs sources paraissent incontournables si l\u2019on veut parvenir \u00e0 un d\u00e9veloppement durable. Eu \u00e9gard \u00e0 l\u2019importance \u00e9conomique et environnementale de ces sources renouvelables, le processus de transition \u00e0 partir de leurs homologues \u00e9puisables (p\u00e9trole et gaz naturel) n\u2019est pas, pour notre pays, une t\u00e2che facile, tant sur les plan \u00e9conomique et financier que technologique et m\u00eame politique.<\/p>\n<p>Si le d\u00e9veloppement de cette nouvelle approche est assez avanc\u00e9 en de nombreux pays du monde, il l\u2019est beaucoup moins chez nous, comme d\u2019ailleurs en de nombreux pays arabes et du Tiers-Monde. Notre pays n\u2019en a pas moins d\u00e9velopp\u00e9 plusieurs strat\u00e9gies li\u00e9es aux conditions et capacit\u00e9s \u00e0 promouvoir l\u2019utilisation des technologies des \u00e9nergies renouvelables, en fixant des programmes et des objectifs avec des \u00e9ch\u00e9ances pr\u00e9cises, malgr\u00e9 les nombreux d\u00e9fis auxquels ils peuvent \u00eatre confront\u00e9s.<\/p>\n<p><strong>Energies non polluantes\u00a0:<\/strong><\/p>\n<p>Sur la base de ce qui pr\u00e9c\u00e8de, la probl\u00e9matique suivante peut \u00eatre pos\u00e9e : dans quelle mesure la strat\u00e9gie de notre pays peut-elle r\u00e9ussir \u00e0 d\u00e9velopper l\u2019usage des \u00e9nergies renouvelables et accro\u00eetre leur contribution au bilan \u00e9nerg\u00e9tique, compte-tenu de l\u2019actuelle pr\u00e9dominance quasi-absolue des \u00e9nergies traditionnelles ? Afin de r\u00e9pondre au probl\u00e8me, nous aborderons notre recherche selon trois axes principaux : introduction aux \u00e9conomies \u00e9nerg\u00e9tiques ; potentiel des \u00e9nergies renouvelables et sa place dans le bilan \u00e9nerg\u00e9tique de notre pays ; perspectives d\u2019avenir de leurs technologies. L\u2019\u00e9nergie renouvelable est celle g\u00e9n\u00e9r\u00e9e \u00e0 partir d\u2019une source naturelle in\u00e9puisable, disponible partout \u00e0 la surface de la terre et facilement convertible en \u00e9nergie. P\u00e9rennes et respectueuses de l\u2019environnement, ces \u00e9nergies se distinguent de leurs homologues non renouvelables, autrement dit limit\u00e9es et \u00e9puisables, stock\u00e9es le plus souvent sous le sol et qui ne peuvent \u00eatre utilis\u00e9es qu\u2019apr\u00e8s intervention humaine pour les en extraire. En outre, les d\u00e9chets de celles-ci polluent l\u2019environnement, tandis que celles-l\u00e0 sont propres et non polluantes. On divise les \u00e9nergies renouvelables en deux parties : dites \u00bb conventionnelles \u00ab les premi\u00e8res rel\u00e8vent de la biomasse : bois, r\u00e9sidus de cultures agricoles et d\u00e9jections animales ; et de longue date \u00e0 usages domestiques, notamment en tant que combustible de cuisine. Cette biomasse occupe une position particuli\u00e8re en raison de son importance extr\u00eame dans les pays en d\u00e9veloppement.<\/p>\n<p>&nbsp;<\/p>\n<p>Les secondes s\u2019appuient sur une technologie de pointe et des \u00e9quipements complexes pour produire de l\u2019\u00e9nergie \u00e9lectrique et thermique. L\u2019int\u00e9r\u00eat mondial \u00e0 leur \u00e9gard a d\u00e9but\u00e9 apr\u00e8s la premi\u00e8re crise \u00e9nerg\u00e9tique de 1973 et s\u2019est concentr\u00e9 sur six de leurs manifestations : solaire, \u00e9olienne, hydro\u00e9lectrique, g\u00e9othermique, mar\u00e9motrice et biocarburants. La Mauritanie a \u00e9labor\u00e9 une strat\u00e9gie dite \u00bb Vision 2030 \u00ab\u00a0visant notamment le 0 % d\u2019\u00e9missions de carbone.<\/p>\n<p>Un ensoleillement pratiquement constant et des vents soutenus toute l\u2019ann\u00e9e, 750 kilom\u00e8tres de vagues d\u00e9ferlantes sur les rives de l\u2019oc\u00e9an Atlantique : telles sont les capacit\u00e9s naturelles de la Mauritanie \u00e0 cette<\/p>\n<p>Mais ce n\u2019est que tardivement que nos gouvernants ont pris conscience de ce fabuleux potentiel : il y a une dizaine d\u2019ann\u00e9es encore, parler d\u2019\u00e9nergies renouvelables ne faisait pas partie des politiques g\u00e9n\u00e9rales de d\u00e9veloppement du pays qui souffrait pourtant \u00e0 subvenir \u00e0 ses besoins.<\/p>\n<p>Il y a \u00e0 peine sept ans, l\u2019\u00c9tat inaugurait la centrale solaire photovolta\u00efque Sheikh Zayed \u00e0 Nouakchott. Elle produit aujourd\u2019hui 15 m\u00e9gawatts. C\u2019\u00e9tait \u00e0 l\u2019\u00e9poque le plus grand projet d\u2019\u00e9nergie solaire en Afrique et de la premi\u00e8re centrale solaire \u00e0 produire de l\u2019\u00e9lectricit\u00e9 \u00e0 l\u2019\u00e9chelle des installations du pays dont la capacit\u00e9 du r\u00e9seau \u00e9lectrique atteint 25.409 m\u00e9gawatt\/heure par an.<\/p>\n<p>Les \u00e9nergies renouvelables en Mauritanie ont stimul\u00e9 les performances du mix \u00e9lectrique et cinq projets importants actuellement en exploitation ou en pr\u00e9paration nous donnent \u00e0 attendre d\u2019heureuses performances \u00e9nerg\u00e9tiques propres.<\/p>\n<p>On peut donc dire que la Mauritanie a r\u00e9alis\u00e9 dans les faits un bond en avant dans le taux de contribution des \u00e9nergies renouvelables au cours des derni\u00e8res ann\u00e9es, passant de 0% en 2008 \u00e0 38% ces derniers temps, et les susdits cinq projets devraient singuli\u00e8rement l\u2019augmenter. On l\u2019envisage atteindre 50% d\u2019ici la fin de la d\u00e9cennie en cours.<\/p>\n<p>Les plus importants projets d\u2019\u00e9nergie renouvelable en Mauritanie oscillent actuellement entre deux d\u2019hydrog\u00e8ne vert, deux d\u2019\u00e9nergie solaire et un d\u2019\u00e9nergie \u00e9olienne. Les deux d\u2019hydrog\u00e8ne vert s\u2019appuient des caract\u00e9ristiques diff\u00e9rentes. Le premier \u2013 projet Aman \u2013 entretient le tr\u00e8s ambitieux objectif de produire dix millions de tonnes d\u2019ammoniac vert par an. \u00c9tabli conjointement entre le gouvernement mauritanien et la soci\u00e9t\u00e9 britannique Chariot, le second \u2013 projet Nour \u2013 aspire \u00e0 exporter vers le port n\u00e9erlandais de Rotterdam environ 600 000 tonnes d\u2019hydrog\u00e8ne. En ce qui concerne l\u2019\u00e9nergie solaire, l\u2019usine de Toujounine contribue \u00e0 \u00e9liminer 57 000 tonnes d\u2019\u00e9missions de dioxyde de carbone et son co\u00fbt est de 35 millions de dollars. L\u2019autre projet \u2013 ferme solaire Clima \u2013 tend \u00e0 d\u00e9velopper une technologie diff\u00e9rente.<\/p>\n<p><strong>Quelques recommandations\u00a0:\u00a0\u00a0\u00a0\u00a0\u00a0<\/strong><\/p>\n<p>Si le d\u00e9veloppement de son potentiel \u00e9nerg\u00e9tique permet aujourd\u2019hui au pays de fournir \u00e0 sa population de meilleurs services, il convient de prendre en compte quelques recommandations-cl\u00e9s, notamment : reconna\u00eetre l\u2019\u00e9nergie renouvelable comme un \u00e9l\u00e9ment essentiel de l\u2019avenir du pays ; promouvoir l\u2019id\u00e9e que le renouvelable, dans le cadre d\u2019un syst\u00e8me de diversification des ressources \u00e9nerg\u00e9tiques, est un produit sup\u00e9rieur et plus commercial ; promouvoir la compr\u00e9hension des aspects techniques et \u00e9conomiques d\u2019une mise en place des am\u00e9nagements li\u00e9s \u00e0 ce type d\u2019\u00e9nergie ; construire l\u2019infrastructure n\u00e9cessaire pour \u00e9quiper toutes les r\u00e9gions des installations appropri\u00e9es ; aligner les processus r\u00e9glementaires, les rendre plus efficaces, afin d\u2019am\u00e9liorer l\u2019acc\u00e8s de la population \u00e0 cette \u00e9nergie, et soutenir toutes les initiatives en ce sens.<\/p>\n<p>Il est n\u00e9cessaire d\u2019\u00e9tablir un plan strat\u00e9gique pour porter le taux de participation des \u00e9nergies renouvelables \u00e0 100% de la consommation nationale \u00e0 l\u2019horizon 2030 et assurer, via l\u2019\u00e9nergie solaire, l\u2019\u00e9lectrification des foyers ruraux difficilement accessibles au r\u00e9seau national. \u00c0 cet \u00e9gard, je sugg\u00e8re \u00e0 l\u2019\u00c9tat que des encouragements fiscaux soient accord\u00e9s aux soci\u00e9t\u00e9s qui investissent dans le d\u00e9veloppement de ces \u00e9nergies : par exemple, exon\u00e9ration jusqu\u2019en 2030 de l\u2019imp\u00f4t g\u00e9n\u00e9ral sur leur revenu. Signalons ici que les \u00e9quipements utilisant les \u00e9nergies renouvelables sont d\u00e9j\u00e0 exon\u00e9r\u00e9s. Et, certes, de telles mesures sont de nature \u00e0 booster le recours \u00e0 celles-ci.<\/p>\n<p>Quelques obstacles doivent \u00eatre lev\u00e9s si nous voulons atteindre les objectifs fix\u00e9s. L\u2019acc\u00e8s \u00e0 l\u2019investissement demeure un \u00e9l\u00e9ment important du d\u00e9veloppement du secteur ; la r\u00e9gulation de celui-ci et l\u2019am\u00e9lioration du cadre r\u00e9glementaire devraient contribuer \u00e0 attirer des capitaux priv\u00e9s dans les technologies dites \u00bb propres \u00bb en faveur des m\u00e9nages et des industries. La faiblesse des investissements constitue aussi un obstacle majeur au d\u00e9veloppement des susdites technologies propres. La sensibilisation et la formation des utilisateurs sont indispensables pour les vulgariser.<\/p>\n<p>Il serait aussi utile de pr\u00e9voir un appui ou susciter un march\u00e9 local de prestations de services d\u00e9veloppant une fili\u00e8re d\u2019initiatives priv\u00e9es concernant toutes les activit\u00e9s li\u00e9es \u00e0 ces technologies. Le cadre institutionnel doit \u00eatre renforc\u00e9 pour inciter \u00e0 des initiatives pertinentes en faveur de l\u2019acc\u00e8s \u00e0 l\u2019\u00e9nergie renouvelable. \u00a0\u00a0\u00a0\u00a0\u00a0\u00a0\u00a0\u00a0\u00a0\u00a0\u00a0\u00a0\u00a0\u00a0\u00a0\u00a0\u00a0\u00a0\u00a0\u00a0\u00a0\u00a0\u00a0\u00a0\u00a0\u00a0\u00a0\u00a0\u00a0\u00a0\u00a0\u00a0\u00a0\u00a0\u00a0\u00a0\u00a0\u00a0\u00a0\u00a0\u00a0\u00a0\u00a0\u00a0\u00a0\u00a0\u00a0\u00a0\u00a0\u00a0\u00a0\u00a0\u00a0\u00a0\u00a0\u00a0\u00a0\u00a0\u00a0\u00a0\u00a0\u00a0\u00a0\u00a0\u00a0\u00a0\u00a0\u00a0\u00a0\u00a0\u00a0\u00a0\u00a0\u00a0\u00a0\u00a0\u00a0\u00a0\u00a0\u00a0\u00a0\u00a0\u00a0\u00a0\u00a0\u00a0\u00a0\u00a0\u00a0\u00a0\u00a0\u00a0\u00a0\u00a0\u00a0Je conclurai simplement en disant que la lev\u00e9e de toutes ces contraintes contribuera \u00e0 r\u00e9duire la pauvret\u00e9 et \u00e0 atteindre les objectifs d\u2019un d\u00e9veloppement vraiment durable, pr\u00e9servant concr\u00e8tement l\u2019environnement.<\/p>\n<p>&nbsp;<\/p>\n<p style=\"text-align: right;\">\u00a0CHEIKH AHMED OULD MOHAMED<\/p>\n<p style=\"text-align: right;\">INGENIEUR<\/p>\n<p style=\"text-align: right;\">CHEF DU SERVICE ETUDES ET DEVELOPPEMNT<\/p>\n<p style=\"text-align: right;\">ETABLISSEMENT PORTUAIRE DE LA BAIE DU REPOS<\/p>\n<p style=\"text-align: right;\">NOUADHIBOU<\/p>\n<p style=\"text-align: right;\">\n<p>&nbsp;<\/p>\n<p>&nbsp;<\/p>\n<p>&nbsp;<\/p>\n<p>&nbsp;<\/p>\n","protected":false},"excerpt":{"rendered":"<p>La n\u00e9cessit\u00e9 imp\u00e9rieuse de r\u00e9pondre \u00e0 la demande nationale d\u2019\u00e9nergie, les limites des sources fossiles de celle-ci et l\u2019augmentation cons\u00e9quente des probl\u00e8mes environnementaux ont pouss\u00e9 le gouvernement \u00e0 investir dans le secteur des \u00e9nergies renouvelables, sources in\u00e9puisables.\u00a0 \u00a0 \u00a0 \u00a0 \u00a0 \u00a0 \u00a0 \u00a0 \u00a0 \u00a0 \u00a0 \u00a0 \u00a0 \u00a0 \u00a0 \u00a0 \u00a0 \u00a0 \u00a0&#8230;..<\/p>\n","protected":false},"author":4,"featured_media":18269,"comment_status":"open","ping_status":"open","sticky":false,"template":"","format":"standard","meta":{"footnotes":""},"categories":[49,59],"tags":[],"class_list":["post-18267","post","type-post","status-publish","format-standard","has-post-thumbnail","hentry","category-economie","category-opinion"],"yoast_head":"<!-- This site is optimized with the Yoast SEO plugin v27.5 - https:\/\/yoast.com\/product\/yoast-seo-wordpress\/ -->\n<title>Les \u00e9nergies renouvelables\u00a0: un chantier prioritaire\u00a0 - Le Quotidien de Nouakchott<\/title>\n<meta name=\"robots\" content=\"index, follow, max-snippet:-1, max-image-preview:large, max-video-preview:-1\" \/>\n<link rel=\"canonical\" href=\"https:\/\/lequotidien.mr\/?p=18267&lang=fr\" \/>\n<meta property=\"og:locale\" content=\"ar_AR\" \/>\n<meta property=\"og:type\" content=\"article\" \/>\n<meta property=\"og:title\" content=\"Les \u00e9nergies renouvelables\u00a0: un chantier prioritaire\u00a0 - Le Quotidien de Nouakchott\" \/>\n<meta property=\"og:description\" content=\"La n\u00e9cessit\u00e9 imp\u00e9rieuse de r\u00e9pondre \u00e0 la demande nationale d\u2019\u00e9nergie, les limites des sources fossiles de celle-ci et l\u2019augmentation cons\u00e9quente des probl\u00e8mes environnementaux ont pouss\u00e9 le gouvernement \u00e0 investir dans le secteur des \u00e9nergies renouvelables, sources in\u00e9puisables.\u00a0 \u00a0 \u00a0 \u00a0 \u00a0 \u00a0 \u00a0 \u00a0 \u00a0 \u00a0 \u00a0 \u00a0 \u00a0 \u00a0 \u00a0 \u00a0 \u00a0 \u00a0 \u00a0.....\" \/>\n<meta property=\"og:url\" content=\"https:\/\/lequotidien.mr\/?p=18267&amp;lang=fr\" \/>\n<meta property=\"og:site_name\" content=\"Le Quotidien de Nouakchott\" \/>\n<meta property=\"article:publisher\" content=\"https:\/\/web.facebook.com\/lequotidienmr\" \/>\n<meta property=\"article:published_time\" content=\"2024-05-17T11:53:51+00:00\" \/>\n<meta property=\"og:image\" content=\"https:\/\/lequotidien.mr\/wp-content\/uploads\/2024\/05\/Photo-2-1-1-1-1-2-3-1.jpg\" \/>\n\t<meta property=\"og:image:width\" content=\"1692\" \/>\n\t<meta property=\"og:image:height\" content=\"2304\" \/>\n\t<meta property=\"og:image:type\" content=\"image\/jpeg\" \/>\n<meta name=\"author\" content=\"Le Quotidien\" \/>\n<meta name=\"twitter:card\" content=\"summary_large_image\" \/>\n<meta name=\"twitter:creator\" content=\"@lequotidienmr\" \/>\n<meta name=\"twitter:site\" content=\"@lequotidienmr\" \/>\n<meta name=\"twitter:label1\" content=\"\u0643\u064f\u062a\u0628 \u0628\u0648\u0627\u0633\u0637\u0629\" \/>\n\t<meta name=\"twitter:data1\" content=\"Le Quotidien\" \/>\n\t<meta name=\"twitter:label2\" content=\"\u0648\u0642\u062a \u0627\u0644\u0642\u0631\u0627\u0621\u0629 \u0627\u0644\u0645\u064f\u0642\u062f\u0651\u0631\" \/>\n\t<meta name=\"twitter:data2\" content=\"7 \u062f\u0642\u0627\u0626\u0642\" \/>\n<script type=\"application\/ld+json\" class=\"yoast-schema-graph\">{\"@context\":\"https:\\\/\\\/schema.org\",\"@graph\":[{\"@type\":\"Article\",\"@id\":\"https:\\\/\\\/lequotidien.mr\\\/?p=18267&lang=fr#article\",\"isPartOf\":{\"@id\":\"https:\\\/\\\/lequotidien.mr\\\/?p=18267&lang=fr\"},\"author\":{\"name\":\"Le Quotidien\",\"@id\":\"https:\\\/\\\/lequotidien.mr\\\/#\\\/schema\\\/person\\\/f90fcdaa970c60288de4ed2e64a56472\"},\"headline\":\"Les \u00e9nergies renouvelables\u00a0: un chantier prioritaire\u00a0\",\"datePublished\":\"2024-05-17T11:53:51+00:00\",\"mainEntityOfPage\":{\"@id\":\"https:\\\/\\\/lequotidien.mr\\\/?p=18267&lang=fr\"},\"wordCount\":1415,\"commentCount\":0,\"publisher\":{\"@id\":\"https:\\\/\\\/lequotidien.mr\\\/#organization\"},\"image\":{\"@id\":\"https:\\\/\\\/lequotidien.mr\\\/?p=18267&lang=fr#primaryimage\"},\"thumbnailUrl\":\"https:\\\/\\\/lequotidien.mr\\\/wp-content\\\/uploads\\\/2024\\\/05\\\/Photo-2-1-1-1-1-2-3-1.jpg\",\"articleSection\":[\"Economie\",\"Opinion\"],\"inLanguage\":\"ar\",\"potentialAction\":[{\"@type\":\"CommentAction\",\"name\":\"Comment\",\"target\":[\"https:\\\/\\\/lequotidien.mr\\\/?p=18267&lang=fr#respond\"]}]},{\"@type\":\"WebPage\",\"@id\":\"https:\\\/\\\/lequotidien.mr\\\/?p=18267&lang=fr\",\"url\":\"https:\\\/\\\/lequotidien.mr\\\/?p=18267&lang=fr\",\"name\":\"Les \u00e9nergies renouvelables\u00a0: un chantier prioritaire\u00a0 - Le Quotidien de Nouakchott\",\"isPartOf\":{\"@id\":\"https:\\\/\\\/lequotidien.mr\\\/#website\"},\"primaryImageOfPage\":{\"@id\":\"https:\\\/\\\/lequotidien.mr\\\/?p=18267&lang=fr#primaryimage\"},\"image\":{\"@id\":\"https:\\\/\\\/lequotidien.mr\\\/?p=18267&lang=fr#primaryimage\"},\"thumbnailUrl\":\"https:\\\/\\\/lequotidien.mr\\\/wp-content\\\/uploads\\\/2024\\\/05\\\/Photo-2-1-1-1-1-2-3-1.jpg\",\"datePublished\":\"2024-05-17T11:53:51+00:00\",\"breadcrumb\":{\"@id\":\"https:\\\/\\\/lequotidien.mr\\\/?p=18267&lang=fr#breadcrumb\"},\"inLanguage\":\"ar\",\"potentialAction\":[{\"@type\":\"ReadAction\",\"target\":[\"https:\\\/\\\/lequotidien.mr\\\/?p=18267&lang=fr\"]}]},{\"@type\":\"ImageObject\",\"inLanguage\":\"ar\",\"@id\":\"https:\\\/\\\/lequotidien.mr\\\/?p=18267&lang=fr#primaryimage\",\"url\":\"https:\\\/\\\/lequotidien.mr\\\/wp-content\\\/uploads\\\/2024\\\/05\\\/Photo-2-1-1-1-1-2-3-1.jpg\",\"contentUrl\":\"https:\\\/\\\/lequotidien.mr\\\/wp-content\\\/uploads\\\/2024\\\/05\\\/Photo-2-1-1-1-1-2-3-1.jpg\",\"width\":1692,\"height\":2304},{\"@type\":\"BreadcrumbList\",\"@id\":\"https:\\\/\\\/lequotidien.mr\\\/?p=18267&lang=fr#breadcrumb\",\"itemListElement\":[{\"@type\":\"ListItem\",\"position\":1,\"name\":\"Home\",\"item\":\"https:\\\/\\\/lequotidien.mr\\\/\"},{\"@type\":\"ListItem\",\"position\":2,\"name\":\"Les \u00e9nergies renouvelables\u00a0: un chantier prioritaire\u00a0\"}]},{\"@type\":\"WebSite\",\"@id\":\"https:\\\/\\\/lequotidien.mr\\\/#website\",\"url\":\"https:\\\/\\\/lequotidien.mr\\\/\",\"name\":\"Le Quotidien de Nouakchott\",\"description\":\"\u0625\u062e\u0628\u0627\u0631\u064a\u0629 \u0645\u0633\u062a\u0642\u0644\u0629 \u0644\u0644\u0623\u0646\u0628\u0627\u0621 \u0627\u0644\u0639\u0627\u0645\u0629\",\"publisher\":{\"@id\":\"https:\\\/\\\/lequotidien.mr\\\/#organization\"},\"potentialAction\":[{\"@type\":\"SearchAction\",\"target\":{\"@type\":\"EntryPoint\",\"urlTemplate\":\"https:\\\/\\\/lequotidien.mr\\\/?s={search_term_string}\"},\"query-input\":{\"@type\":\"PropertyValueSpecification\",\"valueRequired\":true,\"valueName\":\"search_term_string\"}}],\"inLanguage\":\"ar\"},{\"@type\":\"Organization\",\"@id\":\"https:\\\/\\\/lequotidien.mr\\\/#organization\",\"name\":\"Le Quotidien de Nouakchott\",\"url\":\"https:\\\/\\\/lequotidien.mr\\\/\",\"logo\":{\"@type\":\"ImageObject\",\"inLanguage\":\"ar\",\"@id\":\"https:\\\/\\\/lequotidien.mr\\\/#\\\/schema\\\/logo\\\/image\\\/\",\"url\":\"https:\\\/\\\/lequotidien.mr\\\/wp-content\\\/uploads\\\/2022\\\/11\\\/logolequotidien.jpg\",\"contentUrl\":\"https:\\\/\\\/lequotidien.mr\\\/wp-content\\\/uploads\\\/2022\\\/11\\\/logolequotidien.jpg\",\"width\":290,\"height\":65,\"caption\":\"Le Quotidien de Nouakchott\"},\"image\":{\"@id\":\"https:\\\/\\\/lequotidien.mr\\\/#\\\/schema\\\/logo\\\/image\\\/\"},\"sameAs\":[\"https:\\\/\\\/web.facebook.com\\\/lequotidienmr\",\"https:\\\/\\\/x.com\\\/lequotidienmr\"]},{\"@type\":\"Person\",\"@id\":\"https:\\\/\\\/lequotidien.mr\\\/#\\\/schema\\\/person\\\/f90fcdaa970c60288de4ed2e64a56472\",\"name\":\"Le Quotidien\",\"image\":{\"@type\":\"ImageObject\",\"inLanguage\":\"ar\",\"@id\":\"https:\\\/\\\/secure.gravatar.com\\\/avatar\\\/374cb39a1a458a912465a93e5a3ce6546886fc3da809a1f10c63e4e8fcbca30f?s=96&d=mm&r=g\",\"url\":\"https:\\\/\\\/secure.gravatar.com\\\/avatar\\\/374cb39a1a458a912465a93e5a3ce6546886fc3da809a1f10c63e4e8fcbca30f?s=96&d=mm&r=g\",\"contentUrl\":\"https:\\\/\\\/secure.gravatar.com\\\/avatar\\\/374cb39a1a458a912465a93e5a3ce6546886fc3da809a1f10c63e4e8fcbca30f?s=96&d=mm&r=g\",\"caption\":\"Le Quotidien\"},\"sameAs\":[\"https:\\\/\\\/lequotidien.mr\\\/\"],\"url\":\"https:\\\/\\\/lequotidien.mr\\\/?author=4\"}]}<\/script>\n<!-- \/ Yoast SEO plugin. -->","yoast_head_json":{"title":"Les \u00e9nergies renouvelables\u00a0: un chantier prioritaire\u00a0 - Le Quotidien de Nouakchott","robots":{"index":"index","follow":"follow","max-snippet":"max-snippet:-1","max-image-preview":"max-image-preview:large","max-video-preview":"max-video-preview:-1"},"canonical":"https:\/\/lequotidien.mr\/?p=18267&lang=fr","og_locale":"ar_AR","og_type":"article","og_title":"Les \u00e9nergies renouvelables\u00a0: un chantier prioritaire\u00a0 - Le Quotidien de Nouakchott","og_description":"La n\u00e9cessit\u00e9 imp\u00e9rieuse de r\u00e9pondre \u00e0 la demande nationale d\u2019\u00e9nergie, les limites des sources fossiles de celle-ci et l\u2019augmentation cons\u00e9quente des probl\u00e8mes environnementaux ont pouss\u00e9 le gouvernement \u00e0 investir dans le secteur des \u00e9nergies renouvelables, sources in\u00e9puisables.\u00a0 \u00a0 \u00a0 \u00a0 \u00a0 \u00a0 \u00a0 \u00a0 \u00a0 \u00a0 \u00a0 \u00a0 \u00a0 \u00a0 \u00a0 \u00a0 \u00a0 \u00a0 \u00a0.....","og_url":"https:\/\/lequotidien.mr\/?p=18267&lang=fr","og_site_name":"Le Quotidien de Nouakchott","article_publisher":"https:\/\/web.facebook.com\/lequotidienmr","article_published_time":"2024-05-17T11:53:51+00:00","og_image":[{"width":1692,"height":2304,"url":"https:\/\/lequotidien.mr\/wp-content\/uploads\/2024\/05\/Photo-2-1-1-1-1-2-3-1.jpg","type":"image\/jpeg"}],"author":"Le Quotidien","twitter_card":"summary_large_image","twitter_creator":"@lequotidienmr","twitter_site":"@lequotidienmr","twitter_misc":{"\u0643\u064f\u062a\u0628 \u0628\u0648\u0627\u0633\u0637\u0629":"Le Quotidien","\u0648\u0642\u062a \u0627\u0644\u0642\u0631\u0627\u0621\u0629 \u0627\u0644\u0645\u064f\u0642\u062f\u0651\u0631":"7 \u062f\u0642\u0627\u0626\u0642"},"schema":{"@context":"https:\/\/schema.org","@graph":[{"@type":"Article","@id":"https:\/\/lequotidien.mr\/?p=18267&lang=fr#article","isPartOf":{"@id":"https:\/\/lequotidien.mr\/?p=18267&lang=fr"},"author":{"name":"Le Quotidien","@id":"https:\/\/lequotidien.mr\/#\/schema\/person\/f90fcdaa970c60288de4ed2e64a56472"},"headline":"Les \u00e9nergies renouvelables\u00a0: un chantier prioritaire\u00a0","datePublished":"2024-05-17T11:53:51+00:00","mainEntityOfPage":{"@id":"https:\/\/lequotidien.mr\/?p=18267&lang=fr"},"wordCount":1415,"commentCount":0,"publisher":{"@id":"https:\/\/lequotidien.mr\/#organization"},"image":{"@id":"https:\/\/lequotidien.mr\/?p=18267&lang=fr#primaryimage"},"thumbnailUrl":"https:\/\/lequotidien.mr\/wp-content\/uploads\/2024\/05\/Photo-2-1-1-1-1-2-3-1.jpg","articleSection":["Economie","Opinion"],"inLanguage":"ar","potentialAction":[{"@type":"CommentAction","name":"Comment","target":["https:\/\/lequotidien.mr\/?p=18267&lang=fr#respond"]}]},{"@type":"WebPage","@id":"https:\/\/lequotidien.mr\/?p=18267&lang=fr","url":"https:\/\/lequotidien.mr\/?p=18267&lang=fr","name":"Les \u00e9nergies renouvelables\u00a0: un chantier prioritaire\u00a0 - Le Quotidien de Nouakchott","isPartOf":{"@id":"https:\/\/lequotidien.mr\/#website"},"primaryImageOfPage":{"@id":"https:\/\/lequotidien.mr\/?p=18267&lang=fr#primaryimage"},"image":{"@id":"https:\/\/lequotidien.mr\/?p=18267&lang=fr#primaryimage"},"thumbnailUrl":"https:\/\/lequotidien.mr\/wp-content\/uploads\/2024\/05\/Photo-2-1-1-1-1-2-3-1.jpg","datePublished":"2024-05-17T11:53:51+00:00","breadcrumb":{"@id":"https:\/\/lequotidien.mr\/?p=18267&lang=fr#breadcrumb"},"inLanguage":"ar","potentialAction":[{"@type":"ReadAction","target":["https:\/\/lequotidien.mr\/?p=18267&lang=fr"]}]},{"@type":"ImageObject","inLanguage":"ar","@id":"https:\/\/lequotidien.mr\/?p=18267&lang=fr#primaryimage","url":"https:\/\/lequotidien.mr\/wp-content\/uploads\/2024\/05\/Photo-2-1-1-1-1-2-3-1.jpg","contentUrl":"https:\/\/lequotidien.mr\/wp-content\/uploads\/2024\/05\/Photo-2-1-1-1-1-2-3-1.jpg","width":1692,"height":2304},{"@type":"BreadcrumbList","@id":"https:\/\/lequotidien.mr\/?p=18267&lang=fr#breadcrumb","itemListElement":[{"@type":"ListItem","position":1,"name":"Home","item":"https:\/\/lequotidien.mr\/"},{"@type":"ListItem","position":2,"name":"Les \u00e9nergies renouvelables\u00a0: un chantier prioritaire\u00a0"}]},{"@type":"WebSite","@id":"https:\/\/lequotidien.mr\/#website","url":"https:\/\/lequotidien.mr\/","name":"Le Quotidien de Nouakchott","description":"\u0625\u062e\u0628\u0627\u0631\u064a\u0629 \u0645\u0633\u062a\u0642\u0644\u0629 \u0644\u0644\u0623\u0646\u0628\u0627\u0621 \u0627\u0644\u0639\u0627\u0645\u0629","publisher":{"@id":"https:\/\/lequotidien.mr\/#organization"},"potentialAction":[{"@type":"SearchAction","target":{"@type":"EntryPoint","urlTemplate":"https:\/\/lequotidien.mr\/?s={search_term_string}"},"query-input":{"@type":"PropertyValueSpecification","valueRequired":true,"valueName":"search_term_string"}}],"inLanguage":"ar"},{"@type":"Organization","@id":"https:\/\/lequotidien.mr\/#organization","name":"Le Quotidien de Nouakchott","url":"https:\/\/lequotidien.mr\/","logo":{"@type":"ImageObject","inLanguage":"ar","@id":"https:\/\/lequotidien.mr\/#\/schema\/logo\/image\/","url":"https:\/\/lequotidien.mr\/wp-content\/uploads\/2022\/11\/logolequotidien.jpg","contentUrl":"https:\/\/lequotidien.mr\/wp-content\/uploads\/2022\/11\/logolequotidien.jpg","width":290,"height":65,"caption":"Le Quotidien de Nouakchott"},"image":{"@id":"https:\/\/lequotidien.mr\/#\/schema\/logo\/image\/"},"sameAs":["https:\/\/web.facebook.com\/lequotidienmr","https:\/\/x.com\/lequotidienmr"]},{"@type":"Person","@id":"https:\/\/lequotidien.mr\/#\/schema\/person\/f90fcdaa970c60288de4ed2e64a56472","name":"Le Quotidien","image":{"@type":"ImageObject","inLanguage":"ar","@id":"https:\/\/secure.gravatar.com\/avatar\/374cb39a1a458a912465a93e5a3ce6546886fc3da809a1f10c63e4e8fcbca30f?s=96&d=mm&r=g","url":"https:\/\/secure.gravatar.com\/avatar\/374cb39a1a458a912465a93e5a3ce6546886fc3da809a1f10c63e4e8fcbca30f?s=96&d=mm&r=g","contentUrl":"https:\/\/secure.gravatar.com\/avatar\/374cb39a1a458a912465a93e5a3ce6546886fc3da809a1f10c63e4e8fcbca30f?s=96&d=mm&r=g","caption":"Le Quotidien"},"sameAs":["https:\/\/lequotidien.mr\/"],"url":"https:\/\/lequotidien.mr\/?author=4"}]}},"_links":{"self":[{"href":"https:\/\/lequotidien.mr\/index.php?rest_route=\/wp\/v2\/posts\/18267","targetHints":{"allow":["GET"]}}],"collection":[{"href":"https:\/\/lequotidien.mr\/index.php?rest_route=\/wp\/v2\/posts"}],"about":[{"href":"https:\/\/lequotidien.mr\/index.php?rest_route=\/wp\/v2\/types\/post"}],"author":[{"embeddable":true,"href":"https:\/\/lequotidien.mr\/index.php?rest_route=\/wp\/v2\/users\/4"}],"replies":[{"embeddable":true,"href":"https:\/\/lequotidien.mr\/index.php?rest_route=%2Fwp%2Fv2%2Fcomments&post=18267"}],"version-history":[{"count":1,"href":"https:\/\/lequotidien.mr\/index.php?rest_route=\/wp\/v2\/posts\/18267\/revisions"}],"predecessor-version":[{"id":18270,"href":"https:\/\/lequotidien.mr\/index.php?rest_route=\/wp\/v2\/posts\/18267\/revisions\/18270"}],"wp:featuredmedia":[{"embeddable":true,"href":"https:\/\/lequotidien.mr\/index.php?rest_route=\/wp\/v2\/media\/18269"}],"wp:attachment":[{"href":"https:\/\/lequotidien.mr\/index.php?rest_route=%2Fwp%2Fv2%2Fmedia&parent=18267"}],"wp:term":[{"taxonomy":"category","embeddable":true,"href":"https:\/\/lequotidien.mr\/index.php?rest_route=%2Fwp%2Fv2%2Fcategories&post=18267"},{"taxonomy":"post_tag","embeddable":true,"href":"https:\/\/lequotidien.mr\/index.php?rest_route=%2Fwp%2Fv2%2Ftags&post=18267"}],"curies":[{"name":"wp","href":"https:\/\/api.w.org\/{rel}","templated":true}]}}