{"id":18261,"date":"2024-05-17T09:17:48","date_gmt":"2024-05-17T09:17:48","guid":{"rendered":"https:\/\/lequotidien.mr\/?p=18261"},"modified":"2024-05-17T09:17:48","modified_gmt":"2024-05-17T09:17:48","slug":"33eme-session-du-conseil-de-la-ligue-des-etats-arabes-a-manama-bahrein-le-president-ghazouani-reclame-un-sursaut-pour-imposer-le-poids-des-pays-arabes-sur-la-scene-internationale","status":"publish","type":"post","link":"https:\/\/lequotidien.mr\/?p=18261&lang=fr","title":{"rendered":"33\u00e8me session du Conseil de la Ligue des \u00c9tats arabes \u00e0 Manama (Bahre\u00efn) : le Pr\u00e9sident Ghazouani r\u00e9clame un sursaut pour imposer le poids des pays arabes sur la sc\u00e8ne internationale"},"content":{"rendered":"<p>La 33\u00e8me session du Conseil de la Ligue des \u00c9tats arabes, qui s&#8217;est tenue r\u00e9cemment \u00e0 Manama, Bahre\u00efn, a \u00e9t\u00e9, sans conteste, marqu\u00e9e par des appels passionn\u00e9s en faveur d&#8217;un renouveau de l&#8217;action arabe sur la sc\u00e8ne mondiale.<\/p>\n<p>Dans son intervention, le Pr\u00e9sident Mohamed Cheikh El Ghazouani a soulign\u00e9 l&#8217;urgence de la situation actuelle, caract\u00e9ris\u00e9e par des d\u00e9fis complexes et des crises d\u00e9vastatrices, en particulier dans la r\u00e9gion du Moyen-Orient. Il a exprim\u00e9 son profond chagrin face \u00e0 la trag\u00e9die qui se d\u00e9roule sous nos yeux, en r\u00e9f\u00e9rence au sort tragique des Palestiniens, notamment dans la bande de Gaza, o\u00f9 le g\u00e9nocide et les souffrances humaines sont intol\u00e9rables.<\/p>\n<p>\u00ab\u00a0Cette situation nous oblige imp\u00e9rativement, en tant qu\u2019\u00c9tats arabes, \u00e0 redoubler d\u2019efforts et \u00e0 intensifier la coordination avec toutes les parties internationales afin de mettre fin imm\u00e9diatement \u00e0 cette guerre barbare et injuste et de r\u00e9tablir la situation telle qu\u2019elle \u00e9tait avant son d\u00e9but afin d\u2019\u0153uvrer \u00e0 la mise en place d\u2019une solution permanente qui garantisse le droit des Palestiniens \u00e0 la cr\u00e9ation d\u2019un \u00c9tat ind\u00e9pendant, avec El Qods-Est pour capitale, conform\u00e9ment aux r\u00e9solutions pertinentes de l\u2019ONU et \u00e0 l\u2019Initiative de paix arabe.\u00a0\u00bb, a-t-il dit.<\/p>\n<p>Cependant, au-del\u00e0 de la douleur, le Pr\u00e9sident Ghazouani a \u00e9galement exprim\u00e9 sa d\u00e9ception quant \u00e0 la capacit\u00e9 collective des pays arabes \u00e0 influencer efficacement la communaut\u00e9 internationale. Malgr\u00e9 les ressources, la population et la richesse culturelle des nations arabes, elles n&#8217;ont pas \u00e9t\u00e9 en mesure de se faire entendre de mani\u00e8re significative sur la sc\u00e8ne mondiale. Cette incapacit\u00e9 \u00e0 agir de mani\u00e8re concert\u00e9e et efficace a \u00e9t\u00e9 un facteur de frustration pour de nombreux pays arabes, qui voient leur potentiel inexploit\u00e9 et leur voix \u00e9touff\u00e9e.<\/p>\n<p>Le discours du Pr\u00e9sident Ghazouani a appel\u00e9 \u00e0 un sursaut, \u00e0 un renouveau de l&#8217;action arabe, o\u00f9 les pays membres de la Ligue des \u00c9tats arabes s&#8217;uniraient pour imposer le poids politique, diplomatique et moral des nations arabes sur la sc\u00e8ne internationale. Il a soulign\u00e9 l&#8217;importance de cette session pour \u00eatre un moment d\u00e9cisif dans ce processus, un tournant qui \u00e9l\u00e8verait l&#8217;action collective des Arabes \u00e0 un niveau correspondant aux aspirations et aux attentes des peuples arabes.<\/p>\n<p>Dans cette optique, plusieurs sujets cruciaux ont \u00e9t\u00e9 abord\u00e9s lors de la session, notamment la question palestinienne, la situation en Syrie, en Libye et au Y\u00e9men, ainsi que les d\u00e9fis pos\u00e9s par le terrorisme et l&#8217;extr\u00e9misme. Le dialogue et la coop\u00e9ration entre les pays arabes ont \u00e9t\u00e9 encourag\u00e9s comme des outils essentiels pour relever ces d\u00e9fis et pour faire avancer les int\u00e9r\u00eats communs des nations arabes.<\/p>\n<p>La session de Manama a \u00e9galement \u00e9t\u00e9 l&#8217;occasion pour les dirigeants arabes de discuter des moyens de renforcer la coop\u00e9ration r\u00e9gionale dans divers domaines, tels que l&#8217;\u00e9conomie, le commerce, la culture et l&#8217;\u00e9ducation, dans le but de promouvoir le d\u00e9veloppement durable et de renforcer la stabilit\u00e9 dans la r\u00e9gion.<\/p>\n<p>\u00ab\u00a0J\u2019esp\u00e8re que cette trente-troisi\u00e8me session du Conseil de la Ligue des \u00c9tats arabes constituera un tournant d\u00e9cisif dans la direction de l\u2019\u00e9l\u00e9vation de notre action arabe commune \u00e0 un niveau qui r\u00e9ponde aux espoirs de nos peuples et renforce notre capacit\u00e9 de faire face aux crises aigu\u00ebs auxquelles notre nation est confront\u00e9e.\u00a0\u00bb, a conclu le Pr\u00e9sident Ghazouani.<\/p>\n<p>La 33\u00e8me session du Conseil de la Ligue des \u00c9tats arabes \u00e0 Manama a \u00e9t\u00e9 donc un moment crucial pour r\u00e9affirmer l&#8217;engagement des pays arabes envers la solidarit\u00e9, la coop\u00e9ration et l&#8217;action collective. Les appels du Pr\u00e9sident Ghazouani \u00e0 un sursaut pour imposer le poids des pays arabes sur la sc\u00e8ne internationale ont \u00e9t\u00e9 entendus, et il est d\u00e9sormais imp\u00e9ratif que ces paroles se traduisent par des actions concr\u00e8tes et un engagement renouvel\u00e9 envers les valeurs et les aspirations communes des nations arabes.<\/p>\n<p>&nbsp;<\/p>\n","protected":false},"excerpt":{"rendered":"<p>La 33\u00e8me session du Conseil de la Ligue des \u00c9tats arabes, qui s&#8217;est tenue r\u00e9cemment \u00e0 Manama, Bahre\u00efn, a \u00e9t\u00e9, sans conteste, marqu\u00e9e par des appels passionn\u00e9s en faveur d&#8217;un renouveau de l&#8217;action arabe sur la sc\u00e8ne mondiale. Dans son intervention, le Pr\u00e9sident Mohamed Cheikh El Ghazouani a soulign\u00e9 l&#8217;urgence de la situation actuelle, caract\u00e9ris\u00e9e&#8230;..<\/p>\n","protected":false},"author":12,"featured_media":18262,"comment_status":"open","ping_status":"open","sticky":false,"template":"","format":"standard","meta":{"footnotes":""},"categories":[23,49],"tags":[],"class_list":["post-18261","post","type-post","status-publish","format-standard","has-post-thumbnail","hentry","category-actualite","category-economie"],"yoast_head":"<!-- This site is optimized with the Yoast SEO plugin v27.5 - https:\/\/yoast.com\/product\/yoast-seo-wordpress\/ -->\n<title>33\u00e8me session du Conseil de la Ligue des \u00c9tats arabes \u00e0 Manama (Bahre\u00efn) : le Pr\u00e9sident Ghazouani r\u00e9clame un sursaut pour imposer le poids des pays arabes sur la sc\u00e8ne internationale - Le Quotidien de Nouakchott<\/title>\n<meta name=\"robots\" content=\"index, follow, max-snippet:-1, max-image-preview:large, max-video-preview:-1\" \/>\n<link rel=\"canonical\" href=\"https:\/\/lequotidien.mr\/?p=18261&lang=fr\" \/>\n<meta property=\"og:locale\" content=\"ar_AR\" \/>\n<meta property=\"og:type\" content=\"article\" \/>\n<meta property=\"og:title\" content=\"33\u00e8me session du Conseil de la Ligue des \u00c9tats arabes \u00e0 Manama (Bahre\u00efn) : le Pr\u00e9sident Ghazouani r\u00e9clame un sursaut pour imposer le poids des pays arabes sur la sc\u00e8ne internationale - Le Quotidien de Nouakchott\" \/>\n<meta property=\"og:description\" content=\"La 33\u00e8me session du Conseil de la Ligue des \u00c9tats arabes, qui s&#8217;est tenue r\u00e9cemment \u00e0 Manama, Bahre\u00efn, a \u00e9t\u00e9, sans conteste, marqu\u00e9e par des appels passionn\u00e9s en faveur d&#8217;un renouveau de l&#8217;action arabe sur la sc\u00e8ne mondiale. Dans son intervention, le Pr\u00e9sident Mohamed Cheikh El Ghazouani a soulign\u00e9 l&#8217;urgence de la situation actuelle, caract\u00e9ris\u00e9e.....\" \/>\n<meta property=\"og:url\" content=\"https:\/\/lequotidien.mr\/?p=18261&amp;lang=fr\" \/>\n<meta property=\"og:site_name\" content=\"Le Quotidien de Nouakchott\" \/>\n<meta property=\"article:publisher\" content=\"https:\/\/web.facebook.com\/lequotidienmr\" \/>\n<meta property=\"article:published_time\" content=\"2024-05-17T09:17:48+00:00\" \/>\n<meta property=\"og:image\" content=\"https:\/\/lequotidien.mr\/wp-content\/uploads\/2024\/05\/photo-Ghazouani-Manama.jpg\" \/>\n\t<meta property=\"og:image:width\" content=\"1013\" \/>\n\t<meta property=\"og:image:height\" content=\"440\" \/>\n\t<meta property=\"og:image:type\" content=\"image\/jpeg\" \/>\n<meta name=\"author\" content=\"Med Ahmed\" \/>\n<meta name=\"twitter:card\" content=\"summary_large_image\" \/>\n<meta name=\"twitter:creator\" content=\"@lequotidienmr\" \/>\n<meta name=\"twitter:site\" content=\"@lequotidienmr\" \/>\n<meta name=\"twitter:label1\" content=\"\u0643\u064f\u062a\u0628 \u0628\u0648\u0627\u0633\u0637\u0629\" \/>\n\t<meta name=\"twitter:data1\" content=\"Med Ahmed\" \/>\n\t<meta name=\"twitter:label2\" content=\"\u0648\u0642\u062a \u0627\u0644\u0642\u0631\u0627\u0621\u0629 \u0627\u0644\u0645\u064f\u0642\u062f\u0651\u0631\" \/>\n\t<meta name=\"twitter:data2\" content=\"3 \u062f\u0642\u0627\u0626\u0642\" \/>\n<script type=\"application\/ld+json\" class=\"yoast-schema-graph\">{\"@context\":\"https:\\\/\\\/schema.org\",\"@graph\":[{\"@type\":\"Article\",\"@id\":\"https:\\\/\\\/lequotidien.mr\\\/?p=18261&lang=fr#article\",\"isPartOf\":{\"@id\":\"https:\\\/\\\/lequotidien.mr\\\/?p=18261&lang=fr\"},\"author\":{\"name\":\"Med Ahmed\",\"@id\":\"https:\\\/\\\/lequotidien.mr\\\/#\\\/schema\\\/person\\\/d2d350202a4d599685ed8abc25f97596\"},\"headline\":\"33\u00e8me session du Conseil de la Ligue des \u00c9tats arabes \u00e0 Manama (Bahre\u00efn) : le Pr\u00e9sident Ghazouani r\u00e9clame un sursaut pour imposer le poids des pays arabes sur la sc\u00e8ne internationale\",\"datePublished\":\"2024-05-17T09:17:48+00:00\",\"mainEntityOfPage\":{\"@id\":\"https:\\\/\\\/lequotidien.mr\\\/?p=18261&lang=fr\"},\"wordCount\":717,\"commentCount\":0,\"publisher\":{\"@id\":\"https:\\\/\\\/lequotidien.mr\\\/#organization\"},\"image\":{\"@id\":\"https:\\\/\\\/lequotidien.mr\\\/?p=18261&lang=fr#primaryimage\"},\"thumbnailUrl\":\"https:\\\/\\\/lequotidien.mr\\\/wp-content\\\/uploads\\\/2024\\\/05\\\/photo-Ghazouani-Manama.jpg\",\"articleSection\":[\"ACTUALIT\u00c9\",\"Economie\"],\"inLanguage\":\"ar\",\"potentialAction\":[{\"@type\":\"CommentAction\",\"name\":\"Comment\",\"target\":[\"https:\\\/\\\/lequotidien.mr\\\/?p=18261&lang=fr#respond\"]}]},{\"@type\":\"WebPage\",\"@id\":\"https:\\\/\\\/lequotidien.mr\\\/?p=18261&lang=fr\",\"url\":\"https:\\\/\\\/lequotidien.mr\\\/?p=18261&lang=fr\",\"name\":\"33\u00e8me session du Conseil de la Ligue des \u00c9tats arabes \u00e0 Manama (Bahre\u00efn) : le Pr\u00e9sident Ghazouani r\u00e9clame un sursaut pour imposer le poids des pays arabes sur la sc\u00e8ne internationale - Le Quotidien de Nouakchott\",\"isPartOf\":{\"@id\":\"https:\\\/\\\/lequotidien.mr\\\/#website\"},\"primaryImageOfPage\":{\"@id\":\"https:\\\/\\\/lequotidien.mr\\\/?p=18261&lang=fr#primaryimage\"},\"image\":{\"@id\":\"https:\\\/\\\/lequotidien.mr\\\/?p=18261&lang=fr#primaryimage\"},\"thumbnailUrl\":\"https:\\\/\\\/lequotidien.mr\\\/wp-content\\\/uploads\\\/2024\\\/05\\\/photo-Ghazouani-Manama.jpg\",\"datePublished\":\"2024-05-17T09:17:48+00:00\",\"breadcrumb\":{\"@id\":\"https:\\\/\\\/lequotidien.mr\\\/?p=18261&lang=fr#breadcrumb\"},\"inLanguage\":\"ar\",\"potentialAction\":[{\"@type\":\"ReadAction\",\"target\":[\"https:\\\/\\\/lequotidien.mr\\\/?p=18261&lang=fr\"]}]},{\"@type\":\"ImageObject\",\"inLanguage\":\"ar\",\"@id\":\"https:\\\/\\\/lequotidien.mr\\\/?p=18261&lang=fr#primaryimage\",\"url\":\"https:\\\/\\\/lequotidien.mr\\\/wp-content\\\/uploads\\\/2024\\\/05\\\/photo-Ghazouani-Manama.jpg\",\"contentUrl\":\"https:\\\/\\\/lequotidien.mr\\\/wp-content\\\/uploads\\\/2024\\\/05\\\/photo-Ghazouani-Manama.jpg\",\"width\":1013,\"height\":440},{\"@type\":\"BreadcrumbList\",\"@id\":\"https:\\\/\\\/lequotidien.mr\\\/?p=18261&lang=fr#breadcrumb\",\"itemListElement\":[{\"@type\":\"ListItem\",\"position\":1,\"name\":\"Home\",\"item\":\"https:\\\/\\\/lequotidien.mr\\\/\"},{\"@type\":\"ListItem\",\"position\":2,\"name\":\"33\u00e8me session du Conseil de la Ligue des \u00c9tats arabes \u00e0 Manama (Bahre\u00efn) : le Pr\u00e9sident Ghazouani r\u00e9clame un sursaut pour imposer le poids des pays arabes sur la sc\u00e8ne internationale\"}]},{\"@type\":\"WebSite\",\"@id\":\"https:\\\/\\\/lequotidien.mr\\\/#website\",\"url\":\"https:\\\/\\\/lequotidien.mr\\\/\",\"name\":\"Le Quotidien de Nouakchott\",\"description\":\"\u0625\u062e\u0628\u0627\u0631\u064a\u0629 \u0645\u0633\u062a\u0642\u0644\u0629 \u0644\u0644\u0623\u0646\u0628\u0627\u0621 \u0627\u0644\u0639\u0627\u0645\u0629\",\"publisher\":{\"@id\":\"https:\\\/\\\/lequotidien.mr\\\/#organization\"},\"potentialAction\":[{\"@type\":\"SearchAction\",\"target\":{\"@type\":\"EntryPoint\",\"urlTemplate\":\"https:\\\/\\\/lequotidien.mr\\\/?s={search_term_string}\"},\"query-input\":{\"@type\":\"PropertyValueSpecification\",\"valueRequired\":true,\"valueName\":\"search_term_string\"}}],\"inLanguage\":\"ar\"},{\"@type\":\"Organization\",\"@id\":\"https:\\\/\\\/lequotidien.mr\\\/#organization\",\"name\":\"Le Quotidien de Nouakchott\",\"url\":\"https:\\\/\\\/lequotidien.mr\\\/\",\"logo\":{\"@type\":\"ImageObject\",\"inLanguage\":\"ar\",\"@id\":\"https:\\\/\\\/lequotidien.mr\\\/#\\\/schema\\\/logo\\\/image\\\/\",\"url\":\"https:\\\/\\\/lequotidien.mr\\\/wp-content\\\/uploads\\\/2022\\\/11\\\/logolequotidien.jpg\",\"contentUrl\":\"https:\\\/\\\/lequotidien.mr\\\/wp-content\\\/uploads\\\/2022\\\/11\\\/logolequotidien.jpg\",\"width\":290,\"height\":65,\"caption\":\"Le Quotidien de Nouakchott\"},\"image\":{\"@id\":\"https:\\\/\\\/lequotidien.mr\\\/#\\\/schema\\\/logo\\\/image\\\/\"},\"sameAs\":[\"https:\\\/\\\/web.facebook.com\\\/lequotidienmr\",\"https:\\\/\\\/x.com\\\/lequotidienmr\"]},{\"@type\":\"Person\",\"@id\":\"https:\\\/\\\/lequotidien.mr\\\/#\\\/schema\\\/person\\\/d2d350202a4d599685ed8abc25f97596\",\"name\":\"Med Ahmed\",\"image\":{\"@type\":\"ImageObject\",\"inLanguage\":\"ar\",\"@id\":\"https:\\\/\\\/secure.gravatar.com\\\/avatar\\\/fd2acc62ed50732923d1d39c17172c9b04149f142be92310ecc69e1358f94b52?s=96&d=mm&r=g\",\"url\":\"https:\\\/\\\/secure.gravatar.com\\\/avatar\\\/fd2acc62ed50732923d1d39c17172c9b04149f142be92310ecc69e1358f94b52?s=96&d=mm&r=g\",\"contentUrl\":\"https:\\\/\\\/secure.gravatar.com\\\/avatar\\\/fd2acc62ed50732923d1d39c17172c9b04149f142be92310ecc69e1358f94b52?s=96&d=mm&r=g\",\"caption\":\"Med Ahmed\"},\"url\":\"https:\\\/\\\/lequotidien.mr\\\/?author=12\"}]}<\/script>\n<!-- \/ Yoast SEO plugin. -->","yoast_head_json":{"title":"33\u00e8me session du Conseil de la Ligue des \u00c9tats arabes \u00e0 Manama (Bahre\u00efn) : le Pr\u00e9sident Ghazouani r\u00e9clame un sursaut pour imposer le poids des pays arabes sur la sc\u00e8ne internationale - Le Quotidien de Nouakchott","robots":{"index":"index","follow":"follow","max-snippet":"max-snippet:-1","max-image-preview":"max-image-preview:large","max-video-preview":"max-video-preview:-1"},"canonical":"https:\/\/lequotidien.mr\/?p=18261&lang=fr","og_locale":"ar_AR","og_type":"article","og_title":"33\u00e8me session du Conseil de la Ligue des \u00c9tats arabes \u00e0 Manama (Bahre\u00efn) : le Pr\u00e9sident Ghazouani r\u00e9clame un sursaut pour imposer le poids des pays arabes sur la sc\u00e8ne internationale - Le Quotidien de Nouakchott","og_description":"La 33\u00e8me session du Conseil de la Ligue des \u00c9tats arabes, qui s&#8217;est tenue r\u00e9cemment \u00e0 Manama, Bahre\u00efn, a \u00e9t\u00e9, sans conteste, marqu\u00e9e par des appels passionn\u00e9s en faveur d&#8217;un renouveau de l&#8217;action arabe sur la sc\u00e8ne mondiale. Dans son intervention, le Pr\u00e9sident Mohamed Cheikh El Ghazouani a soulign\u00e9 l&#8217;urgence de la situation actuelle, caract\u00e9ris\u00e9e.....","og_url":"https:\/\/lequotidien.mr\/?p=18261&lang=fr","og_site_name":"Le Quotidien de Nouakchott","article_publisher":"https:\/\/web.facebook.com\/lequotidienmr","article_published_time":"2024-05-17T09:17:48+00:00","og_image":[{"width":1013,"height":440,"url":"https:\/\/lequotidien.mr\/wp-content\/uploads\/2024\/05\/photo-Ghazouani-Manama.jpg","type":"image\/jpeg"}],"author":"Med Ahmed","twitter_card":"summary_large_image","twitter_creator":"@lequotidienmr","twitter_site":"@lequotidienmr","twitter_misc":{"\u0643\u064f\u062a\u0628 \u0628\u0648\u0627\u0633\u0637\u0629":"Med Ahmed","\u0648\u0642\u062a \u0627\u0644\u0642\u0631\u0627\u0621\u0629 \u0627\u0644\u0645\u064f\u0642\u062f\u0651\u0631":"3 \u062f\u0642\u0627\u0626\u0642"},"schema":{"@context":"https:\/\/schema.org","@graph":[{"@type":"Article","@id":"https:\/\/lequotidien.mr\/?p=18261&lang=fr#article","isPartOf":{"@id":"https:\/\/lequotidien.mr\/?p=18261&lang=fr"},"author":{"name":"Med Ahmed","@id":"https:\/\/lequotidien.mr\/#\/schema\/person\/d2d350202a4d599685ed8abc25f97596"},"headline":"33\u00e8me session du Conseil de la Ligue des \u00c9tats arabes \u00e0 Manama (Bahre\u00efn) : le Pr\u00e9sident Ghazouani r\u00e9clame un sursaut pour imposer le poids des pays arabes sur la sc\u00e8ne internationale","datePublished":"2024-05-17T09:17:48+00:00","mainEntityOfPage":{"@id":"https:\/\/lequotidien.mr\/?p=18261&lang=fr"},"wordCount":717,"commentCount":0,"publisher":{"@id":"https:\/\/lequotidien.mr\/#organization"},"image":{"@id":"https:\/\/lequotidien.mr\/?p=18261&lang=fr#primaryimage"},"thumbnailUrl":"https:\/\/lequotidien.mr\/wp-content\/uploads\/2024\/05\/photo-Ghazouani-Manama.jpg","articleSection":["ACTUALIT\u00c9","Economie"],"inLanguage":"ar","potentialAction":[{"@type":"CommentAction","name":"Comment","target":["https:\/\/lequotidien.mr\/?p=18261&lang=fr#respond"]}]},{"@type":"WebPage","@id":"https:\/\/lequotidien.mr\/?p=18261&lang=fr","url":"https:\/\/lequotidien.mr\/?p=18261&lang=fr","name":"33\u00e8me session du Conseil de la Ligue des \u00c9tats arabes \u00e0 Manama (Bahre\u00efn) : le Pr\u00e9sident Ghazouani r\u00e9clame un sursaut pour imposer le poids des pays arabes sur la sc\u00e8ne internationale - Le Quotidien de Nouakchott","isPartOf":{"@id":"https:\/\/lequotidien.mr\/#website"},"primaryImageOfPage":{"@id":"https:\/\/lequotidien.mr\/?p=18261&lang=fr#primaryimage"},"image":{"@id":"https:\/\/lequotidien.mr\/?p=18261&lang=fr#primaryimage"},"thumbnailUrl":"https:\/\/lequotidien.mr\/wp-content\/uploads\/2024\/05\/photo-Ghazouani-Manama.jpg","datePublished":"2024-05-17T09:17:48+00:00","breadcrumb":{"@id":"https:\/\/lequotidien.mr\/?p=18261&lang=fr#breadcrumb"},"inLanguage":"ar","potentialAction":[{"@type":"ReadAction","target":["https:\/\/lequotidien.mr\/?p=18261&lang=fr"]}]},{"@type":"ImageObject","inLanguage":"ar","@id":"https:\/\/lequotidien.mr\/?p=18261&lang=fr#primaryimage","url":"https:\/\/lequotidien.mr\/wp-content\/uploads\/2024\/05\/photo-Ghazouani-Manama.jpg","contentUrl":"https:\/\/lequotidien.mr\/wp-content\/uploads\/2024\/05\/photo-Ghazouani-Manama.jpg","width":1013,"height":440},{"@type":"BreadcrumbList","@id":"https:\/\/lequotidien.mr\/?p=18261&lang=fr#breadcrumb","itemListElement":[{"@type":"ListItem","position":1,"name":"Home","item":"https:\/\/lequotidien.mr\/"},{"@type":"ListItem","position":2,"name":"33\u00e8me session du Conseil de la Ligue des \u00c9tats arabes \u00e0 Manama (Bahre\u00efn) : le Pr\u00e9sident Ghazouani r\u00e9clame un sursaut pour imposer le poids des pays arabes sur la sc\u00e8ne internationale"}]},{"@type":"WebSite","@id":"https:\/\/lequotidien.mr\/#website","url":"https:\/\/lequotidien.mr\/","name":"Le Quotidien de Nouakchott","description":"\u0625\u062e\u0628\u0627\u0631\u064a\u0629 \u0645\u0633\u062a\u0642\u0644\u0629 \u0644\u0644\u0623\u0646\u0628\u0627\u0621 \u0627\u0644\u0639\u0627\u0645\u0629","publisher":{"@id":"https:\/\/lequotidien.mr\/#organization"},"potentialAction":[{"@type":"SearchAction","target":{"@type":"EntryPoint","urlTemplate":"https:\/\/lequotidien.mr\/?s={search_term_string}"},"query-input":{"@type":"PropertyValueSpecification","valueRequired":true,"valueName":"search_term_string"}}],"inLanguage":"ar"},{"@type":"Organization","@id":"https:\/\/lequotidien.mr\/#organization","name":"Le Quotidien de Nouakchott","url":"https:\/\/lequotidien.mr\/","logo":{"@type":"ImageObject","inLanguage":"ar","@id":"https:\/\/lequotidien.mr\/#\/schema\/logo\/image\/","url":"https:\/\/lequotidien.mr\/wp-content\/uploads\/2022\/11\/logolequotidien.jpg","contentUrl":"https:\/\/lequotidien.mr\/wp-content\/uploads\/2022\/11\/logolequotidien.jpg","width":290,"height":65,"caption":"Le Quotidien de Nouakchott"},"image":{"@id":"https:\/\/lequotidien.mr\/#\/schema\/logo\/image\/"},"sameAs":["https:\/\/web.facebook.com\/lequotidienmr","https:\/\/x.com\/lequotidienmr"]},{"@type":"Person","@id":"https:\/\/lequotidien.mr\/#\/schema\/person\/d2d350202a4d599685ed8abc25f97596","name":"Med Ahmed","image":{"@type":"ImageObject","inLanguage":"ar","@id":"https:\/\/secure.gravatar.com\/avatar\/fd2acc62ed50732923d1d39c17172c9b04149f142be92310ecc69e1358f94b52?s=96&d=mm&r=g","url":"https:\/\/secure.gravatar.com\/avatar\/fd2acc62ed50732923d1d39c17172c9b04149f142be92310ecc69e1358f94b52?s=96&d=mm&r=g","contentUrl":"https:\/\/secure.gravatar.com\/avatar\/fd2acc62ed50732923d1d39c17172c9b04149f142be92310ecc69e1358f94b52?s=96&d=mm&r=g","caption":"Med Ahmed"},"url":"https:\/\/lequotidien.mr\/?author=12"}]}},"_links":{"self":[{"href":"https:\/\/lequotidien.mr\/index.php?rest_route=\/wp\/v2\/posts\/18261","targetHints":{"allow":["GET"]}}],"collection":[{"href":"https:\/\/lequotidien.mr\/index.php?rest_route=\/wp\/v2\/posts"}],"about":[{"href":"https:\/\/lequotidien.mr\/index.php?rest_route=\/wp\/v2\/types\/post"}],"author":[{"embeddable":true,"href":"https:\/\/lequotidien.mr\/index.php?rest_route=\/wp\/v2\/users\/12"}],"replies":[{"embeddable":true,"href":"https:\/\/lequotidien.mr\/index.php?rest_route=%2Fwp%2Fv2%2Fcomments&post=18261"}],"version-history":[{"count":1,"href":"https:\/\/lequotidien.mr\/index.php?rest_route=\/wp\/v2\/posts\/18261\/revisions"}],"predecessor-version":[{"id":18263,"href":"https:\/\/lequotidien.mr\/index.php?rest_route=\/wp\/v2\/posts\/18261\/revisions\/18263"}],"wp:featuredmedia":[{"embeddable":true,"href":"https:\/\/lequotidien.mr\/index.php?rest_route=\/wp\/v2\/media\/18262"}],"wp:attachment":[{"href":"https:\/\/lequotidien.mr\/index.php?rest_route=%2Fwp%2Fv2%2Fmedia&parent=18261"}],"wp:term":[{"taxonomy":"category","embeddable":true,"href":"https:\/\/lequotidien.mr\/index.php?rest_route=%2Fwp%2Fv2%2Fcategories&post=18261"},{"taxonomy":"post_tag","embeddable":true,"href":"https:\/\/lequotidien.mr\/index.php?rest_route=%2Fwp%2Fv2%2Ftags&post=18261"}],"curies":[{"name":"wp","href":"https:\/\/api.w.org\/{rel}","templated":true}]}}