{"id":18256,"date":"2024-05-16T10:00:18","date_gmt":"2024-05-16T10:00:18","guid":{"rendered":"https:\/\/lequotidien.mr\/?p=18256"},"modified":"2024-05-16T10:18:53","modified_gmt":"2024-05-16T10:18:53","slug":"la-candidature-de-mohamed-ould-abdel-aziz-un-coup-de-communication-orchestre","status":"publish","type":"post","link":"https:\/\/lequotidien.mr\/?p=18256&lang=fr","title":{"rendered":"La candidature de Mohamed Ould Abdel Aziz : Un coup de communication orchestr\u00e9 ?"},"content":{"rendered":"<p><strong>Depuis le d\u00e9but des poursuites judiciaires engag\u00e9es contre lui, l\u2019ancien pr\u00e9sident Mohamed Ould Abdel Aziz a maintenu une pr\u00e9sence notable sur la sc\u00e8ne politique et m\u00e9diatique mauritanienne. Son r\u00e9cent retour avec l&#8217;annonce de sa candidature aux prochaines \u00e9lections suscite des interrogations. Est-ce une tentative sinc\u00e8re de r\u00e9int\u00e9grer la vie politique, ou simplement une strat\u00e9gie de communication similaire \u00e0 ses pr\u00e9c\u00e9dentes actions, telles que ses randonn\u00e9es \u00e9piques pour signer \u00e0 la police pendant son contr\u00f4le judiciaire ?<\/strong><\/p>\n<p><strong>\u00a0Le retour de Mohamed Ould Abdel Aziz dans le paysage politique n&#8217;a pas \u00e9t\u00e9 anodin. Apr\u00e8s avoir quitt\u00e9 la pr\u00e9sidence en 2019, il a fait l&#8217;objet de multiples enqu\u00eates pour corruption et d\u00e9tournement de fonds publics. Pendant cette p\u00e9riode, il a d\u00fb se pr\u00e9senter r\u00e9guli\u00e8rement \u00e0 la police, souvent en marchant \u00e0 travers les rues, accompagn\u00e9 de quelques sympathisants, attirant l&#8217;attention des m\u00e9dias \u00e0 chaque d\u00e9placement. Ces apparitions fr\u00e9quentes, loin d&#8217;\u00eatre de simples obligations judiciaires, semblaient plut\u00f4t calcul\u00e9es pour maintenir sa visibilit\u00e9 et se rappeler au souvenir du public.<\/strong><\/p>\n<p><strong>Autoris\u00e9 \u00e0 partir en France pour des raisons m\u00e9dicales apr\u00e8s un malaise en d\u00e9tention, il avait multipli\u00e9 les sortie m\u00e9diatiques et les r\u00e9unions politiques.<\/strong><\/p>\n<p><strong>Le contr\u00f4le judiciaire impos\u00e9 \u00e0 Mohamed Ould Abdel Aziz a \u00e9t\u00e9 per\u00e7u par ses partisans comme une pers\u00e9cution politique. En se pr\u00e9sentant volontairement et de mani\u00e8re ostentatoire aux convocations polici\u00e8res, il a su transformer ses contraintes en un spectacle m\u00e9diatique. Cette strat\u00e9gie de victimisation a renforc\u00e9 l&#8217;id\u00e9e qu&#8217;il \u00e9tait un homme pers\u00e9cut\u00e9 pour des raisons politiques plut\u00f4t que judiciaires, consolidant ainsi sa pr\u00e9tendue image de leader charismatique et courageux face \u00e0 l&#8217;adversit\u00e9. <\/strong><strong>La r\u00e9cente annonce de sa candidature semble s&#8217;inscrire dans la m\u00eame logique.<\/strong><\/p>\n<p><strong>Ould Abdel Aziz et ses partisans savent pertinemment qu\u2019il a trois gros emp\u00eachements: L\u2019article 28 de la Constitution qui stipule que le Pr\u00e9sident est r\u00e9\u00e9ligible une seule fois, ensuite il est condamn\u00e9 \u00e0 la prison et surtout il n\u2019a pas pu r\u00e9unir les parrainages n\u00e9cessaires. Plut\u00f4t que de repr\u00e9senter une volont\u00e9 authentique de revenir au pouvoir, cette d\u00e9marche pourrait bien \u00eatre un moyen de d\u00e9tourner l&#8217;attention des accusations de concussion qui p\u00e8sent sur lui. En se lan\u00e7ant dans la course \u00e9lectorale, Mohamed Ould Abdel Aziz esp\u00e8re probablement rallier ses partisans, provoquer ses adversaires politiques et attirer l&#8217;attention des m\u00e9dias, red\u00e9finissant ainsi le narratif autour de sa personne.<\/strong><\/p>\n<p><strong>L&#8217;histoire politique r\u00e9cente de Mohamed Ould Abdel Aziz est jalonn\u00e9e de man\u0153uvres et de strat\u00e9gies de communication. Son r\u00f4le central lors du coup d&#8217;\u00c9tat de 2008, suivi de son \u00e9lection controvers\u00e9e en 2009, avait d\u00e9j\u00e0 montr\u00e9 sa capacit\u00e9 \u00e0 utiliser la sc\u00e8ne politique \u00e0 son avantage. Son r\u00e9cent retour en politique pourrait bien \u00eatre une nouvelle illustration de cette capacit\u00e9 \u00e0 manipuler les perceptions et \u00e0 utiliser la politique comme un th\u00e9\u00e2tre de marionnettes.<\/strong><\/p>\n<p><strong>\u00a0<\/strong><strong>En somme, la candidature de Mohamed Ould Abdel Aziz semble moins \u00eatre une v\u00e9ritable tentative de r\u00e9int\u00e9gration politique qu&#8217;un nouveau coup de communication soigneusement orchestr\u00e9. \u00c0 l&#8217;image de ses randonn\u00e9es \u00e9piques pour signer \u00e0 la police, cette candidature pourrait bien \u00eatre un moyen de d\u00e9tourner l&#8217;attention des accusations tr\u00e8s graves qui p\u00e8sent sur lui et dont pour certaines il a \u00e9t\u00e9 condamn\u00e9 en premi\u00e8re instance \u00e0 cinq ans de prison fermes. \u00a0Reste \u00e0 voir si cette strat\u00e9gie sera payante ou si elle r\u00e9v\u00e9lera davantage les man\u0153uvres politiques derri\u00e8re la fa\u00e7ade.<\/strong><\/p>\n","protected":false},"excerpt":{"rendered":"<p>Depuis le d\u00e9but des poursuites judiciaires engag\u00e9es contre lui, l\u2019ancien pr\u00e9sident Mohamed Ould Abdel Aziz a maintenu une pr\u00e9sence notable sur la sc\u00e8ne politique et m\u00e9diatique mauritanienne. Son r\u00e9cent retour avec l&#8217;annonce de sa candidature aux prochaines \u00e9lections suscite des interrogations. Est-ce une tentative sinc\u00e8re de r\u00e9int\u00e9grer la vie politique, ou simplement une strat\u00e9gie de&#8230;..<\/p>\n","protected":false},"author":4,"featured_media":18257,"comment_status":"open","ping_status":"open","sticky":false,"template":"","format":"standard","meta":{"footnotes":""},"categories":[23,59,57],"tags":[],"class_list":["post-18256","post","type-post","status-publish","format-standard","has-post-thumbnail","hentry","category-actualite","category-opinion","category-couverture-specilale"],"yoast_head":"<!-- This site is optimized with the Yoast SEO plugin v27.5 - https:\/\/yoast.com\/product\/yoast-seo-wordpress\/ -->\n<title>La candidature de Mohamed Ould Abdel Aziz : Un coup de communication orchestr\u00e9 ? - Le Quotidien de Nouakchott<\/title>\n<meta name=\"robots\" content=\"index, follow, max-snippet:-1, max-image-preview:large, max-video-preview:-1\" \/>\n<link rel=\"canonical\" href=\"https:\/\/lequotidien.mr\/?p=18256&lang=fr\" \/>\n<meta property=\"og:locale\" content=\"ar_AR\" \/>\n<meta property=\"og:type\" content=\"article\" \/>\n<meta property=\"og:title\" content=\"La candidature de Mohamed Ould Abdel Aziz : Un coup de communication orchestr\u00e9 ? - Le Quotidien de Nouakchott\" \/>\n<meta property=\"og:description\" content=\"Depuis le d\u00e9but des poursuites judiciaires engag\u00e9es contre lui, l\u2019ancien pr\u00e9sident Mohamed Ould Abdel Aziz a maintenu une pr\u00e9sence notable sur la sc\u00e8ne politique et m\u00e9diatique mauritanienne. Son r\u00e9cent retour avec l&#8217;annonce de sa candidature aux prochaines \u00e9lections suscite des interrogations. Est-ce une tentative sinc\u00e8re de r\u00e9int\u00e9grer la vie politique, ou simplement une strat\u00e9gie de.....\" \/>\n<meta property=\"og:url\" content=\"https:\/\/lequotidien.mr\/?p=18256&amp;lang=fr\" \/>\n<meta property=\"og:site_name\" content=\"Le Quotidien de Nouakchott\" \/>\n<meta property=\"article:publisher\" content=\"https:\/\/web.facebook.com\/lequotidienmr\" \/>\n<meta property=\"article:published_time\" content=\"2024-05-16T10:00:18+00:00\" \/>\n<meta property=\"article:modified_time\" content=\"2024-05-16T10:18:53+00:00\" \/>\n<meta property=\"og:image\" content=\"https:\/\/lequotidien.mr\/wp-content\/uploads\/2024\/05\/IMG_8596.jpg\" \/>\n\t<meta property=\"og:image:width\" content=\"187\" \/>\n\t<meta property=\"og:image:height\" content=\"269\" \/>\n\t<meta property=\"og:image:type\" content=\"image\/jpeg\" \/>\n<meta name=\"author\" content=\"Le Quotidien\" \/>\n<meta name=\"twitter:card\" content=\"summary_large_image\" \/>\n<meta name=\"twitter:creator\" content=\"@lequotidienmr\" \/>\n<meta name=\"twitter:site\" content=\"@lequotidienmr\" \/>\n<meta name=\"twitter:label1\" content=\"\u0643\u064f\u062a\u0628 \u0628\u0648\u0627\u0633\u0637\u0629\" \/>\n\t<meta name=\"twitter:data1\" content=\"Le Quotidien\" \/>\n\t<meta name=\"twitter:label2\" content=\"\u0648\u0642\u062a \u0627\u0644\u0642\u0631\u0627\u0621\u0629 \u0627\u0644\u0645\u064f\u0642\u062f\u0651\u0631\" \/>\n\t<meta name=\"twitter:data2\" content=\"3 \u062f\u0642\u0627\u0626\u0642\" \/>\n<script type=\"application\/ld+json\" class=\"yoast-schema-graph\">{\"@context\":\"https:\\\/\\\/schema.org\",\"@graph\":[{\"@type\":\"Article\",\"@id\":\"https:\\\/\\\/lequotidien.mr\\\/?p=18256&lang=fr#article\",\"isPartOf\":{\"@id\":\"https:\\\/\\\/lequotidien.mr\\\/?p=18256&lang=fr\"},\"author\":{\"name\":\"Le Quotidien\",\"@id\":\"https:\\\/\\\/lequotidien.mr\\\/#\\\/schema\\\/person\\\/f90fcdaa970c60288de4ed2e64a56472\"},\"headline\":\"La candidature de Mohamed Ould Abdel Aziz : Un coup de communication orchestr\u00e9 ?\",\"datePublished\":\"2024-05-16T10:00:18+00:00\",\"dateModified\":\"2024-05-16T10:18:53+00:00\",\"mainEntityOfPage\":{\"@id\":\"https:\\\/\\\/lequotidien.mr\\\/?p=18256&lang=fr\"},\"wordCount\":639,\"commentCount\":0,\"publisher\":{\"@id\":\"https:\\\/\\\/lequotidien.mr\\\/#organization\"},\"image\":{\"@id\":\"https:\\\/\\\/lequotidien.mr\\\/?p=18256&lang=fr#primaryimage\"},\"thumbnailUrl\":\"https:\\\/\\\/lequotidien.mr\\\/wp-content\\\/uploads\\\/2024\\\/05\\\/IMG_8596.jpg\",\"articleSection\":[\"ACTUALIT\u00c9\",\"Opinion\",\"Couverture sp\u00e9cilale\"],\"inLanguage\":\"ar\",\"potentialAction\":[{\"@type\":\"CommentAction\",\"name\":\"Comment\",\"target\":[\"https:\\\/\\\/lequotidien.mr\\\/?p=18256&lang=fr#respond\"]}]},{\"@type\":\"WebPage\",\"@id\":\"https:\\\/\\\/lequotidien.mr\\\/?p=18256&lang=fr\",\"url\":\"https:\\\/\\\/lequotidien.mr\\\/?p=18256&lang=fr\",\"name\":\"La candidature de Mohamed Ould Abdel Aziz : Un coup de communication orchestr\u00e9 ? - Le Quotidien de Nouakchott\",\"isPartOf\":{\"@id\":\"https:\\\/\\\/lequotidien.mr\\\/#website\"},\"primaryImageOfPage\":{\"@id\":\"https:\\\/\\\/lequotidien.mr\\\/?p=18256&lang=fr#primaryimage\"},\"image\":{\"@id\":\"https:\\\/\\\/lequotidien.mr\\\/?p=18256&lang=fr#primaryimage\"},\"thumbnailUrl\":\"https:\\\/\\\/lequotidien.mr\\\/wp-content\\\/uploads\\\/2024\\\/05\\\/IMG_8596.jpg\",\"datePublished\":\"2024-05-16T10:00:18+00:00\",\"dateModified\":\"2024-05-16T10:18:53+00:00\",\"breadcrumb\":{\"@id\":\"https:\\\/\\\/lequotidien.mr\\\/?p=18256&lang=fr#breadcrumb\"},\"inLanguage\":\"ar\",\"potentialAction\":[{\"@type\":\"ReadAction\",\"target\":[\"https:\\\/\\\/lequotidien.mr\\\/?p=18256&lang=fr\"]}]},{\"@type\":\"ImageObject\",\"inLanguage\":\"ar\",\"@id\":\"https:\\\/\\\/lequotidien.mr\\\/?p=18256&lang=fr#primaryimage\",\"url\":\"https:\\\/\\\/lequotidien.mr\\\/wp-content\\\/uploads\\\/2024\\\/05\\\/IMG_8596.jpg\",\"contentUrl\":\"https:\\\/\\\/lequotidien.mr\\\/wp-content\\\/uploads\\\/2024\\\/05\\\/IMG_8596.jpg\",\"width\":187,\"height\":269},{\"@type\":\"BreadcrumbList\",\"@id\":\"https:\\\/\\\/lequotidien.mr\\\/?p=18256&lang=fr#breadcrumb\",\"itemListElement\":[{\"@type\":\"ListItem\",\"position\":1,\"name\":\"Home\",\"item\":\"https:\\\/\\\/lequotidien.mr\\\/\"},{\"@type\":\"ListItem\",\"position\":2,\"name\":\"La candidature de Mohamed Ould Abdel Aziz : Un coup de communication orchestr\u00e9 ?\"}]},{\"@type\":\"WebSite\",\"@id\":\"https:\\\/\\\/lequotidien.mr\\\/#website\",\"url\":\"https:\\\/\\\/lequotidien.mr\\\/\",\"name\":\"Le Quotidien de Nouakchott\",\"description\":\"\u0625\u062e\u0628\u0627\u0631\u064a\u0629 \u0645\u0633\u062a\u0642\u0644\u0629 \u0644\u0644\u0623\u0646\u0628\u0627\u0621 \u0627\u0644\u0639\u0627\u0645\u0629\",\"publisher\":{\"@id\":\"https:\\\/\\\/lequotidien.mr\\\/#organization\"},\"potentialAction\":[{\"@type\":\"SearchAction\",\"target\":{\"@type\":\"EntryPoint\",\"urlTemplate\":\"https:\\\/\\\/lequotidien.mr\\\/?s={search_term_string}\"},\"query-input\":{\"@type\":\"PropertyValueSpecification\",\"valueRequired\":true,\"valueName\":\"search_term_string\"}}],\"inLanguage\":\"ar\"},{\"@type\":\"Organization\",\"@id\":\"https:\\\/\\\/lequotidien.mr\\\/#organization\",\"name\":\"Le Quotidien de Nouakchott\",\"url\":\"https:\\\/\\\/lequotidien.mr\\\/\",\"logo\":{\"@type\":\"ImageObject\",\"inLanguage\":\"ar\",\"@id\":\"https:\\\/\\\/lequotidien.mr\\\/#\\\/schema\\\/logo\\\/image\\\/\",\"url\":\"https:\\\/\\\/lequotidien.mr\\\/wp-content\\\/uploads\\\/2022\\\/11\\\/logolequotidien.jpg\",\"contentUrl\":\"https:\\\/\\\/lequotidien.mr\\\/wp-content\\\/uploads\\\/2022\\\/11\\\/logolequotidien.jpg\",\"width\":290,\"height\":65,\"caption\":\"Le Quotidien de Nouakchott\"},\"image\":{\"@id\":\"https:\\\/\\\/lequotidien.mr\\\/#\\\/schema\\\/logo\\\/image\\\/\"},\"sameAs\":[\"https:\\\/\\\/web.facebook.com\\\/lequotidienmr\",\"https:\\\/\\\/x.com\\\/lequotidienmr\"]},{\"@type\":\"Person\",\"@id\":\"https:\\\/\\\/lequotidien.mr\\\/#\\\/schema\\\/person\\\/f90fcdaa970c60288de4ed2e64a56472\",\"name\":\"Le Quotidien\",\"image\":{\"@type\":\"ImageObject\",\"inLanguage\":\"ar\",\"@id\":\"https:\\\/\\\/secure.gravatar.com\\\/avatar\\\/374cb39a1a458a912465a93e5a3ce6546886fc3da809a1f10c63e4e8fcbca30f?s=96&d=mm&r=g\",\"url\":\"https:\\\/\\\/secure.gravatar.com\\\/avatar\\\/374cb39a1a458a912465a93e5a3ce6546886fc3da809a1f10c63e4e8fcbca30f?s=96&d=mm&r=g\",\"contentUrl\":\"https:\\\/\\\/secure.gravatar.com\\\/avatar\\\/374cb39a1a458a912465a93e5a3ce6546886fc3da809a1f10c63e4e8fcbca30f?s=96&d=mm&r=g\",\"caption\":\"Le Quotidien\"},\"sameAs\":[\"https:\\\/\\\/lequotidien.mr\\\/\"],\"url\":\"https:\\\/\\\/lequotidien.mr\\\/?author=4\"}]}<\/script>\n<!-- \/ Yoast SEO plugin. -->","yoast_head_json":{"title":"La candidature de Mohamed Ould Abdel Aziz : Un coup de communication orchestr\u00e9 ? - Le Quotidien de Nouakchott","robots":{"index":"index","follow":"follow","max-snippet":"max-snippet:-1","max-image-preview":"max-image-preview:large","max-video-preview":"max-video-preview:-1"},"canonical":"https:\/\/lequotidien.mr\/?p=18256&lang=fr","og_locale":"ar_AR","og_type":"article","og_title":"La candidature de Mohamed Ould Abdel Aziz : Un coup de communication orchestr\u00e9 ? - Le Quotidien de Nouakchott","og_description":"Depuis le d\u00e9but des poursuites judiciaires engag\u00e9es contre lui, l\u2019ancien pr\u00e9sident Mohamed Ould Abdel Aziz a maintenu une pr\u00e9sence notable sur la sc\u00e8ne politique et m\u00e9diatique mauritanienne. Son r\u00e9cent retour avec l&#8217;annonce de sa candidature aux prochaines \u00e9lections suscite des interrogations. Est-ce une tentative sinc\u00e8re de r\u00e9int\u00e9grer la vie politique, ou simplement une strat\u00e9gie de.....","og_url":"https:\/\/lequotidien.mr\/?p=18256&lang=fr","og_site_name":"Le Quotidien de Nouakchott","article_publisher":"https:\/\/web.facebook.com\/lequotidienmr","article_published_time":"2024-05-16T10:00:18+00:00","article_modified_time":"2024-05-16T10:18:53+00:00","og_image":[{"width":187,"height":269,"url":"https:\/\/lequotidien.mr\/wp-content\/uploads\/2024\/05\/IMG_8596.jpg","type":"image\/jpeg"}],"author":"Le Quotidien","twitter_card":"summary_large_image","twitter_creator":"@lequotidienmr","twitter_site":"@lequotidienmr","twitter_misc":{"\u0643\u064f\u062a\u0628 \u0628\u0648\u0627\u0633\u0637\u0629":"Le Quotidien","\u0648\u0642\u062a \u0627\u0644\u0642\u0631\u0627\u0621\u0629 \u0627\u0644\u0645\u064f\u0642\u062f\u0651\u0631":"3 \u062f\u0642\u0627\u0626\u0642"},"schema":{"@context":"https:\/\/schema.org","@graph":[{"@type":"Article","@id":"https:\/\/lequotidien.mr\/?p=18256&lang=fr#article","isPartOf":{"@id":"https:\/\/lequotidien.mr\/?p=18256&lang=fr"},"author":{"name":"Le Quotidien","@id":"https:\/\/lequotidien.mr\/#\/schema\/person\/f90fcdaa970c60288de4ed2e64a56472"},"headline":"La candidature de Mohamed Ould Abdel Aziz : Un coup de communication orchestr\u00e9 ?","datePublished":"2024-05-16T10:00:18+00:00","dateModified":"2024-05-16T10:18:53+00:00","mainEntityOfPage":{"@id":"https:\/\/lequotidien.mr\/?p=18256&lang=fr"},"wordCount":639,"commentCount":0,"publisher":{"@id":"https:\/\/lequotidien.mr\/#organization"},"image":{"@id":"https:\/\/lequotidien.mr\/?p=18256&lang=fr#primaryimage"},"thumbnailUrl":"https:\/\/lequotidien.mr\/wp-content\/uploads\/2024\/05\/IMG_8596.jpg","articleSection":["ACTUALIT\u00c9","Opinion","Couverture sp\u00e9cilale"],"inLanguage":"ar","potentialAction":[{"@type":"CommentAction","name":"Comment","target":["https:\/\/lequotidien.mr\/?p=18256&lang=fr#respond"]}]},{"@type":"WebPage","@id":"https:\/\/lequotidien.mr\/?p=18256&lang=fr","url":"https:\/\/lequotidien.mr\/?p=18256&lang=fr","name":"La candidature de Mohamed Ould Abdel Aziz : Un coup de communication orchestr\u00e9 ? - Le Quotidien de Nouakchott","isPartOf":{"@id":"https:\/\/lequotidien.mr\/#website"},"primaryImageOfPage":{"@id":"https:\/\/lequotidien.mr\/?p=18256&lang=fr#primaryimage"},"image":{"@id":"https:\/\/lequotidien.mr\/?p=18256&lang=fr#primaryimage"},"thumbnailUrl":"https:\/\/lequotidien.mr\/wp-content\/uploads\/2024\/05\/IMG_8596.jpg","datePublished":"2024-05-16T10:00:18+00:00","dateModified":"2024-05-16T10:18:53+00:00","breadcrumb":{"@id":"https:\/\/lequotidien.mr\/?p=18256&lang=fr#breadcrumb"},"inLanguage":"ar","potentialAction":[{"@type":"ReadAction","target":["https:\/\/lequotidien.mr\/?p=18256&lang=fr"]}]},{"@type":"ImageObject","inLanguage":"ar","@id":"https:\/\/lequotidien.mr\/?p=18256&lang=fr#primaryimage","url":"https:\/\/lequotidien.mr\/wp-content\/uploads\/2024\/05\/IMG_8596.jpg","contentUrl":"https:\/\/lequotidien.mr\/wp-content\/uploads\/2024\/05\/IMG_8596.jpg","width":187,"height":269},{"@type":"BreadcrumbList","@id":"https:\/\/lequotidien.mr\/?p=18256&lang=fr#breadcrumb","itemListElement":[{"@type":"ListItem","position":1,"name":"Home","item":"https:\/\/lequotidien.mr\/"},{"@type":"ListItem","position":2,"name":"La candidature de Mohamed Ould Abdel Aziz : Un coup de communication orchestr\u00e9 ?"}]},{"@type":"WebSite","@id":"https:\/\/lequotidien.mr\/#website","url":"https:\/\/lequotidien.mr\/","name":"Le Quotidien de Nouakchott","description":"\u0625\u062e\u0628\u0627\u0631\u064a\u0629 \u0645\u0633\u062a\u0642\u0644\u0629 \u0644\u0644\u0623\u0646\u0628\u0627\u0621 \u0627\u0644\u0639\u0627\u0645\u0629","publisher":{"@id":"https:\/\/lequotidien.mr\/#organization"},"potentialAction":[{"@type":"SearchAction","target":{"@type":"EntryPoint","urlTemplate":"https:\/\/lequotidien.mr\/?s={search_term_string}"},"query-input":{"@type":"PropertyValueSpecification","valueRequired":true,"valueName":"search_term_string"}}],"inLanguage":"ar"},{"@type":"Organization","@id":"https:\/\/lequotidien.mr\/#organization","name":"Le Quotidien de Nouakchott","url":"https:\/\/lequotidien.mr\/","logo":{"@type":"ImageObject","inLanguage":"ar","@id":"https:\/\/lequotidien.mr\/#\/schema\/logo\/image\/","url":"https:\/\/lequotidien.mr\/wp-content\/uploads\/2022\/11\/logolequotidien.jpg","contentUrl":"https:\/\/lequotidien.mr\/wp-content\/uploads\/2022\/11\/logolequotidien.jpg","width":290,"height":65,"caption":"Le Quotidien de Nouakchott"},"image":{"@id":"https:\/\/lequotidien.mr\/#\/schema\/logo\/image\/"},"sameAs":["https:\/\/web.facebook.com\/lequotidienmr","https:\/\/x.com\/lequotidienmr"]},{"@type":"Person","@id":"https:\/\/lequotidien.mr\/#\/schema\/person\/f90fcdaa970c60288de4ed2e64a56472","name":"Le Quotidien","image":{"@type":"ImageObject","inLanguage":"ar","@id":"https:\/\/secure.gravatar.com\/avatar\/374cb39a1a458a912465a93e5a3ce6546886fc3da809a1f10c63e4e8fcbca30f?s=96&d=mm&r=g","url":"https:\/\/secure.gravatar.com\/avatar\/374cb39a1a458a912465a93e5a3ce6546886fc3da809a1f10c63e4e8fcbca30f?s=96&d=mm&r=g","contentUrl":"https:\/\/secure.gravatar.com\/avatar\/374cb39a1a458a912465a93e5a3ce6546886fc3da809a1f10c63e4e8fcbca30f?s=96&d=mm&r=g","caption":"Le Quotidien"},"sameAs":["https:\/\/lequotidien.mr\/"],"url":"https:\/\/lequotidien.mr\/?author=4"}]}},"_links":{"self":[{"href":"https:\/\/lequotidien.mr\/index.php?rest_route=\/wp\/v2\/posts\/18256","targetHints":{"allow":["GET"]}}],"collection":[{"href":"https:\/\/lequotidien.mr\/index.php?rest_route=\/wp\/v2\/posts"}],"about":[{"href":"https:\/\/lequotidien.mr\/index.php?rest_route=\/wp\/v2\/types\/post"}],"author":[{"embeddable":true,"href":"https:\/\/lequotidien.mr\/index.php?rest_route=\/wp\/v2\/users\/4"}],"replies":[{"embeddable":true,"href":"https:\/\/lequotidien.mr\/index.php?rest_route=%2Fwp%2Fv2%2Fcomments&post=18256"}],"version-history":[{"count":3,"href":"https:\/\/lequotidien.mr\/index.php?rest_route=\/wp\/v2\/posts\/18256\/revisions"}],"predecessor-version":[{"id":18260,"href":"https:\/\/lequotidien.mr\/index.php?rest_route=\/wp\/v2\/posts\/18256\/revisions\/18260"}],"wp:featuredmedia":[{"embeddable":true,"href":"https:\/\/lequotidien.mr\/index.php?rest_route=\/wp\/v2\/media\/18257"}],"wp:attachment":[{"href":"https:\/\/lequotidien.mr\/index.php?rest_route=%2Fwp%2Fv2%2Fmedia&parent=18256"}],"wp:term":[{"taxonomy":"category","embeddable":true,"href":"https:\/\/lequotidien.mr\/index.php?rest_route=%2Fwp%2Fv2%2Fcategories&post=18256"},{"taxonomy":"post_tag","embeddable":true,"href":"https:\/\/lequotidien.mr\/index.php?rest_route=%2Fwp%2Fv2%2Ftags&post=18256"}],"curies":[{"name":"wp","href":"https:\/\/api.w.org\/{rel}","templated":true}]}}