{"id":18243,"date":"2024-05-15T18:44:28","date_gmt":"2024-05-15T18:44:28","guid":{"rendered":"https:\/\/lequotidien.mr\/?p=18243"},"modified":"2024-05-15T18:44:28","modified_gmt":"2024-05-15T18:44:28","slug":"le-candidat-president-mohamed-ould-cheikh-el-ghazouani-rencontre-le-comite-de-direction-de-sa-campagne-presidentielle","status":"publish","type":"post","link":"https:\/\/lequotidien.mr\/?p=18243&lang=fr","title":{"rendered":"Le candidat Pr\u00e9sident Mohamed Ould Cheikh El Ghazouani Rencontre le Comit\u00e9 de Direction de sa Campagne Pr\u00e9sidentielle"},"content":{"rendered":"<p>Ce mardi 14 mai 2024, le Pr\u00e9sident de la R\u00e9publique, Mohamed Ould Cheikh El Ghazouani, candidat \u00e0 sa r\u00e9\u00e9lection, a tenu une r\u00e9union importante avec le comit\u00e9 de direction de sa campagne pr\u00e9sidentielle. La rencontre a eu lieu au si\u00e8ge principal du Parti de l&#8217;Insaf et a rassembl\u00e9 les pr\u00e9sidents des partis de la majorit\u00e9 ainsi que le Parti du Rassemblement des Forces D\u00e9mocratiques, en plus du directeur g\u00e9n\u00e9ral de la campagne et de ses adjoints.<\/p>\n<p>Durant cette r\u00e9union, le Pr\u00e9sident El Ghazouani a exprim\u00e9 sa gratitude aux chefs de partis pour leur soutien pr\u00e9coce \u00e0 sa candidature pour un second mandat. Il a \u00e9galement promis de continuer \u00e0 organiser de telles rencontres et a demand\u00e9 aux participants de coordonner leurs efforts et de collaborer \u00e9troitement avec l&#8217;\u00e9quipe de campagne.<\/p>\n<p>Le chef de l&#8217;\u00c9tat a soulign\u00e9 l&#8217;importance de cette coordination pour assurer le succ\u00e8s de la campagne \u00e9lectorale, mettant en avant les valeurs de solidarit\u00e9 et d&#8217;unit\u00e9 n\u00e9cessaires pour remporter la confiance des \u00e9lecteurs.<\/p>\n<p>Cette r\u00e9union marque une \u00e9tape cl\u00e9 dans la pr\u00e9paration de la campagne pr\u00e9sidentielle, alors que le pays se pr\u00e9pare pour les \u00e9lections \u00e0 venir. Le soutien des partis de la majorit\u00e9 et de leurs leaders est consid\u00e9r\u00e9 comme un atout majeur pour le Pr\u00e9sident El Ghazouani dans sa qu\u00eate d&#8217;un second mandat.<\/p>\n","protected":false},"excerpt":{"rendered":"<p>Ce mardi 14 mai 2024, le Pr\u00e9sident de la R\u00e9publique, Mohamed Ould Cheikh El Ghazouani, candidat \u00e0 sa r\u00e9\u00e9lection, a tenu une r\u00e9union importante avec le comit\u00e9 de direction de sa campagne pr\u00e9sidentielle. La rencontre a eu lieu au si\u00e8ge principal du Parti de l&#8217;Insaf et a rassembl\u00e9 les pr\u00e9sidents des partis de la majorit\u00e9&#8230;..<\/p>\n","protected":false},"author":4,"featured_media":18244,"comment_status":"open","ping_status":"open","sticky":false,"template":"","format":"standard","meta":{"footnotes":""},"categories":[23,57],"tags":[],"class_list":["post-18243","post","type-post","status-publish","format-standard","has-post-thumbnail","hentry","category-actualite","category-couverture-specilale"],"yoast_head":"<!-- This site is optimized with the Yoast SEO plugin v27.5 - https:\/\/yoast.com\/product\/yoast-seo-wordpress\/ -->\n<title>Le candidat Pr\u00e9sident Mohamed Ould Cheikh El Ghazouani Rencontre le Comit\u00e9 de Direction de sa Campagne Pr\u00e9sidentielle - Le Quotidien de Nouakchott<\/title>\n<meta name=\"robots\" content=\"index, follow, max-snippet:-1, max-image-preview:large, max-video-preview:-1\" \/>\n<link rel=\"canonical\" href=\"https:\/\/lequotidien.mr\/?p=18243&lang=fr\" \/>\n<meta property=\"og:locale\" content=\"ar_AR\" \/>\n<meta property=\"og:type\" content=\"article\" \/>\n<meta property=\"og:title\" content=\"Le candidat Pr\u00e9sident Mohamed Ould Cheikh El Ghazouani Rencontre le Comit\u00e9 de Direction de sa Campagne Pr\u00e9sidentielle - Le Quotidien de Nouakchott\" \/>\n<meta property=\"og:description\" content=\"Ce mardi 14 mai 2024, le Pr\u00e9sident de la R\u00e9publique, Mohamed Ould Cheikh El Ghazouani, candidat \u00e0 sa r\u00e9\u00e9lection, a tenu une r\u00e9union importante avec le comit\u00e9 de direction de sa campagne pr\u00e9sidentielle. La rencontre a eu lieu au si\u00e8ge principal du Parti de l&#8217;Insaf et a rassembl\u00e9 les pr\u00e9sidents des partis de la majorit\u00e9.....\" \/>\n<meta property=\"og:url\" content=\"https:\/\/lequotidien.mr\/?p=18243&amp;lang=fr\" \/>\n<meta property=\"og:site_name\" content=\"Le Quotidien de Nouakchott\" \/>\n<meta property=\"article:publisher\" content=\"https:\/\/web.facebook.com\/lequotidienmr\" \/>\n<meta property=\"article:published_time\" content=\"2024-05-15T18:44:28+00:00\" \/>\n<meta property=\"og:image\" content=\"https:\/\/lequotidien.mr\/wp-content\/uploads\/2024\/05\/gaz-insaf.jpg\" \/>\n\t<meta property=\"og:image:width\" content=\"720\" \/>\n\t<meta property=\"og:image:height\" content=\"540\" \/>\n\t<meta property=\"og:image:type\" content=\"image\/jpeg\" \/>\n<meta name=\"author\" content=\"Le Quotidien\" \/>\n<meta name=\"twitter:card\" content=\"summary_large_image\" \/>\n<meta name=\"twitter:creator\" content=\"@lequotidienmr\" \/>\n<meta name=\"twitter:site\" content=\"@lequotidienmr\" \/>\n<meta name=\"twitter:label1\" content=\"\u0643\u064f\u062a\u0628 \u0628\u0648\u0627\u0633\u0637\u0629\" \/>\n\t<meta name=\"twitter:data1\" content=\"Le Quotidien\" \/>\n\t<meta name=\"twitter:label2\" content=\"\u0648\u0642\u062a \u0627\u0644\u0642\u0631\u0627\u0621\u0629 \u0627\u0644\u0645\u064f\u0642\u062f\u0651\u0631\" \/>\n\t<meta name=\"twitter:data2\" content=\"\u062f\u0642\u064a\u0642\u0629 \u0648\u0627\u062d\u062f\u0629\" \/>\n<script type=\"application\/ld+json\" class=\"yoast-schema-graph\">{\"@context\":\"https:\\\/\\\/schema.org\",\"@graph\":[{\"@type\":\"Article\",\"@id\":\"https:\\\/\\\/lequotidien.mr\\\/?p=18243&lang=fr#article\",\"isPartOf\":{\"@id\":\"https:\\\/\\\/lequotidien.mr\\\/?p=18243&lang=fr\"},\"author\":{\"name\":\"Le Quotidien\",\"@id\":\"https:\\\/\\\/lequotidien.mr\\\/#\\\/schema\\\/person\\\/f90fcdaa970c60288de4ed2e64a56472\"},\"headline\":\"Le candidat Pr\u00e9sident Mohamed Ould Cheikh El Ghazouani Rencontre le Comit\u00e9 de Direction de sa Campagne Pr\u00e9sidentielle\",\"datePublished\":\"2024-05-15T18:44:28+00:00\",\"mainEntityOfPage\":{\"@id\":\"https:\\\/\\\/lequotidien.mr\\\/?p=18243&lang=fr\"},\"wordCount\":257,\"commentCount\":0,\"publisher\":{\"@id\":\"https:\\\/\\\/lequotidien.mr\\\/#organization\"},\"image\":{\"@id\":\"https:\\\/\\\/lequotidien.mr\\\/?p=18243&lang=fr#primaryimage\"},\"thumbnailUrl\":\"https:\\\/\\\/lequotidien.mr\\\/wp-content\\\/uploads\\\/2024\\\/05\\\/gaz-insaf.jpg\",\"articleSection\":[\"ACTUALIT\u00c9\",\"Couverture sp\u00e9cilale\"],\"inLanguage\":\"ar\",\"potentialAction\":[{\"@type\":\"CommentAction\",\"name\":\"Comment\",\"target\":[\"https:\\\/\\\/lequotidien.mr\\\/?p=18243&lang=fr#respond\"]}]},{\"@type\":\"WebPage\",\"@id\":\"https:\\\/\\\/lequotidien.mr\\\/?p=18243&lang=fr\",\"url\":\"https:\\\/\\\/lequotidien.mr\\\/?p=18243&lang=fr\",\"name\":\"Le candidat Pr\u00e9sident Mohamed Ould Cheikh El Ghazouani Rencontre le Comit\u00e9 de Direction de sa Campagne Pr\u00e9sidentielle - Le Quotidien de Nouakchott\",\"isPartOf\":{\"@id\":\"https:\\\/\\\/lequotidien.mr\\\/#website\"},\"primaryImageOfPage\":{\"@id\":\"https:\\\/\\\/lequotidien.mr\\\/?p=18243&lang=fr#primaryimage\"},\"image\":{\"@id\":\"https:\\\/\\\/lequotidien.mr\\\/?p=18243&lang=fr#primaryimage\"},\"thumbnailUrl\":\"https:\\\/\\\/lequotidien.mr\\\/wp-content\\\/uploads\\\/2024\\\/05\\\/gaz-insaf.jpg\",\"datePublished\":\"2024-05-15T18:44:28+00:00\",\"breadcrumb\":{\"@id\":\"https:\\\/\\\/lequotidien.mr\\\/?p=18243&lang=fr#breadcrumb\"},\"inLanguage\":\"ar\",\"potentialAction\":[{\"@type\":\"ReadAction\",\"target\":[\"https:\\\/\\\/lequotidien.mr\\\/?p=18243&lang=fr\"]}]},{\"@type\":\"ImageObject\",\"inLanguage\":\"ar\",\"@id\":\"https:\\\/\\\/lequotidien.mr\\\/?p=18243&lang=fr#primaryimage\",\"url\":\"https:\\\/\\\/lequotidien.mr\\\/wp-content\\\/uploads\\\/2024\\\/05\\\/gaz-insaf.jpg\",\"contentUrl\":\"https:\\\/\\\/lequotidien.mr\\\/wp-content\\\/uploads\\\/2024\\\/05\\\/gaz-insaf.jpg\",\"width\":720,\"height\":540},{\"@type\":\"BreadcrumbList\",\"@id\":\"https:\\\/\\\/lequotidien.mr\\\/?p=18243&lang=fr#breadcrumb\",\"itemListElement\":[{\"@type\":\"ListItem\",\"position\":1,\"name\":\"Home\",\"item\":\"https:\\\/\\\/lequotidien.mr\\\/\"},{\"@type\":\"ListItem\",\"position\":2,\"name\":\"Le candidat Pr\u00e9sident Mohamed Ould Cheikh El Ghazouani Rencontre le Comit\u00e9 de Direction de sa Campagne Pr\u00e9sidentielle\"}]},{\"@type\":\"WebSite\",\"@id\":\"https:\\\/\\\/lequotidien.mr\\\/#website\",\"url\":\"https:\\\/\\\/lequotidien.mr\\\/\",\"name\":\"Le Quotidien de Nouakchott\",\"description\":\"\u0625\u062e\u0628\u0627\u0631\u064a\u0629 \u0645\u0633\u062a\u0642\u0644\u0629 \u0644\u0644\u0623\u0646\u0628\u0627\u0621 \u0627\u0644\u0639\u0627\u0645\u0629\",\"publisher\":{\"@id\":\"https:\\\/\\\/lequotidien.mr\\\/#organization\"},\"potentialAction\":[{\"@type\":\"SearchAction\",\"target\":{\"@type\":\"EntryPoint\",\"urlTemplate\":\"https:\\\/\\\/lequotidien.mr\\\/?s={search_term_string}\"},\"query-input\":{\"@type\":\"PropertyValueSpecification\",\"valueRequired\":true,\"valueName\":\"search_term_string\"}}],\"inLanguage\":\"ar\"},{\"@type\":\"Organization\",\"@id\":\"https:\\\/\\\/lequotidien.mr\\\/#organization\",\"name\":\"Le Quotidien de Nouakchott\",\"url\":\"https:\\\/\\\/lequotidien.mr\\\/\",\"logo\":{\"@type\":\"ImageObject\",\"inLanguage\":\"ar\",\"@id\":\"https:\\\/\\\/lequotidien.mr\\\/#\\\/schema\\\/logo\\\/image\\\/\",\"url\":\"https:\\\/\\\/lequotidien.mr\\\/wp-content\\\/uploads\\\/2022\\\/11\\\/logolequotidien.jpg\",\"contentUrl\":\"https:\\\/\\\/lequotidien.mr\\\/wp-content\\\/uploads\\\/2022\\\/11\\\/logolequotidien.jpg\",\"width\":290,\"height\":65,\"caption\":\"Le Quotidien de Nouakchott\"},\"image\":{\"@id\":\"https:\\\/\\\/lequotidien.mr\\\/#\\\/schema\\\/logo\\\/image\\\/\"},\"sameAs\":[\"https:\\\/\\\/web.facebook.com\\\/lequotidienmr\",\"https:\\\/\\\/x.com\\\/lequotidienmr\"]},{\"@type\":\"Person\",\"@id\":\"https:\\\/\\\/lequotidien.mr\\\/#\\\/schema\\\/person\\\/f90fcdaa970c60288de4ed2e64a56472\",\"name\":\"Le Quotidien\",\"image\":{\"@type\":\"ImageObject\",\"inLanguage\":\"ar\",\"@id\":\"https:\\\/\\\/secure.gravatar.com\\\/avatar\\\/374cb39a1a458a912465a93e5a3ce6546886fc3da809a1f10c63e4e8fcbca30f?s=96&d=mm&r=g\",\"url\":\"https:\\\/\\\/secure.gravatar.com\\\/avatar\\\/374cb39a1a458a912465a93e5a3ce6546886fc3da809a1f10c63e4e8fcbca30f?s=96&d=mm&r=g\",\"contentUrl\":\"https:\\\/\\\/secure.gravatar.com\\\/avatar\\\/374cb39a1a458a912465a93e5a3ce6546886fc3da809a1f10c63e4e8fcbca30f?s=96&d=mm&r=g\",\"caption\":\"Le Quotidien\"},\"sameAs\":[\"https:\\\/\\\/lequotidien.mr\\\/\"],\"url\":\"https:\\\/\\\/lequotidien.mr\\\/?author=4\"}]}<\/script>\n<!-- \/ Yoast SEO plugin. -->","yoast_head_json":{"title":"Le candidat Pr\u00e9sident Mohamed Ould Cheikh El Ghazouani Rencontre le Comit\u00e9 de Direction de sa Campagne Pr\u00e9sidentielle - Le Quotidien de Nouakchott","robots":{"index":"index","follow":"follow","max-snippet":"max-snippet:-1","max-image-preview":"max-image-preview:large","max-video-preview":"max-video-preview:-1"},"canonical":"https:\/\/lequotidien.mr\/?p=18243&lang=fr","og_locale":"ar_AR","og_type":"article","og_title":"Le candidat Pr\u00e9sident Mohamed Ould Cheikh El Ghazouani Rencontre le Comit\u00e9 de Direction de sa Campagne Pr\u00e9sidentielle - Le Quotidien de Nouakchott","og_description":"Ce mardi 14 mai 2024, le Pr\u00e9sident de la R\u00e9publique, Mohamed Ould Cheikh El Ghazouani, candidat \u00e0 sa r\u00e9\u00e9lection, a tenu une r\u00e9union importante avec le comit\u00e9 de direction de sa campagne pr\u00e9sidentielle. La rencontre a eu lieu au si\u00e8ge principal du Parti de l&#8217;Insaf et a rassembl\u00e9 les pr\u00e9sidents des partis de la majorit\u00e9.....","og_url":"https:\/\/lequotidien.mr\/?p=18243&lang=fr","og_site_name":"Le Quotidien de Nouakchott","article_publisher":"https:\/\/web.facebook.com\/lequotidienmr","article_published_time":"2024-05-15T18:44:28+00:00","og_image":[{"width":720,"height":540,"url":"https:\/\/lequotidien.mr\/wp-content\/uploads\/2024\/05\/gaz-insaf.jpg","type":"image\/jpeg"}],"author":"Le Quotidien","twitter_card":"summary_large_image","twitter_creator":"@lequotidienmr","twitter_site":"@lequotidienmr","twitter_misc":{"\u0643\u064f\u062a\u0628 \u0628\u0648\u0627\u0633\u0637\u0629":"Le Quotidien","\u0648\u0642\u062a \u0627\u0644\u0642\u0631\u0627\u0621\u0629 \u0627\u0644\u0645\u064f\u0642\u062f\u0651\u0631":"\u062f\u0642\u064a\u0642\u0629 \u0648\u0627\u062d\u062f\u0629"},"schema":{"@context":"https:\/\/schema.org","@graph":[{"@type":"Article","@id":"https:\/\/lequotidien.mr\/?p=18243&lang=fr#article","isPartOf":{"@id":"https:\/\/lequotidien.mr\/?p=18243&lang=fr"},"author":{"name":"Le Quotidien","@id":"https:\/\/lequotidien.mr\/#\/schema\/person\/f90fcdaa970c60288de4ed2e64a56472"},"headline":"Le candidat Pr\u00e9sident Mohamed Ould Cheikh El Ghazouani Rencontre le Comit\u00e9 de Direction de sa Campagne Pr\u00e9sidentielle","datePublished":"2024-05-15T18:44:28+00:00","mainEntityOfPage":{"@id":"https:\/\/lequotidien.mr\/?p=18243&lang=fr"},"wordCount":257,"commentCount":0,"publisher":{"@id":"https:\/\/lequotidien.mr\/#organization"},"image":{"@id":"https:\/\/lequotidien.mr\/?p=18243&lang=fr#primaryimage"},"thumbnailUrl":"https:\/\/lequotidien.mr\/wp-content\/uploads\/2024\/05\/gaz-insaf.jpg","articleSection":["ACTUALIT\u00c9","Couverture sp\u00e9cilale"],"inLanguage":"ar","potentialAction":[{"@type":"CommentAction","name":"Comment","target":["https:\/\/lequotidien.mr\/?p=18243&lang=fr#respond"]}]},{"@type":"WebPage","@id":"https:\/\/lequotidien.mr\/?p=18243&lang=fr","url":"https:\/\/lequotidien.mr\/?p=18243&lang=fr","name":"Le candidat Pr\u00e9sident Mohamed Ould Cheikh El Ghazouani Rencontre le Comit\u00e9 de Direction de sa Campagne Pr\u00e9sidentielle - Le Quotidien de Nouakchott","isPartOf":{"@id":"https:\/\/lequotidien.mr\/#website"},"primaryImageOfPage":{"@id":"https:\/\/lequotidien.mr\/?p=18243&lang=fr#primaryimage"},"image":{"@id":"https:\/\/lequotidien.mr\/?p=18243&lang=fr#primaryimage"},"thumbnailUrl":"https:\/\/lequotidien.mr\/wp-content\/uploads\/2024\/05\/gaz-insaf.jpg","datePublished":"2024-05-15T18:44:28+00:00","breadcrumb":{"@id":"https:\/\/lequotidien.mr\/?p=18243&lang=fr#breadcrumb"},"inLanguage":"ar","potentialAction":[{"@type":"ReadAction","target":["https:\/\/lequotidien.mr\/?p=18243&lang=fr"]}]},{"@type":"ImageObject","inLanguage":"ar","@id":"https:\/\/lequotidien.mr\/?p=18243&lang=fr#primaryimage","url":"https:\/\/lequotidien.mr\/wp-content\/uploads\/2024\/05\/gaz-insaf.jpg","contentUrl":"https:\/\/lequotidien.mr\/wp-content\/uploads\/2024\/05\/gaz-insaf.jpg","width":720,"height":540},{"@type":"BreadcrumbList","@id":"https:\/\/lequotidien.mr\/?p=18243&lang=fr#breadcrumb","itemListElement":[{"@type":"ListItem","position":1,"name":"Home","item":"https:\/\/lequotidien.mr\/"},{"@type":"ListItem","position":2,"name":"Le candidat Pr\u00e9sident Mohamed Ould Cheikh El Ghazouani Rencontre le Comit\u00e9 de Direction de sa Campagne Pr\u00e9sidentielle"}]},{"@type":"WebSite","@id":"https:\/\/lequotidien.mr\/#website","url":"https:\/\/lequotidien.mr\/","name":"Le Quotidien de Nouakchott","description":"\u0625\u062e\u0628\u0627\u0631\u064a\u0629 \u0645\u0633\u062a\u0642\u0644\u0629 \u0644\u0644\u0623\u0646\u0628\u0627\u0621 \u0627\u0644\u0639\u0627\u0645\u0629","publisher":{"@id":"https:\/\/lequotidien.mr\/#organization"},"potentialAction":[{"@type":"SearchAction","target":{"@type":"EntryPoint","urlTemplate":"https:\/\/lequotidien.mr\/?s={search_term_string}"},"query-input":{"@type":"PropertyValueSpecification","valueRequired":true,"valueName":"search_term_string"}}],"inLanguage":"ar"},{"@type":"Organization","@id":"https:\/\/lequotidien.mr\/#organization","name":"Le Quotidien de Nouakchott","url":"https:\/\/lequotidien.mr\/","logo":{"@type":"ImageObject","inLanguage":"ar","@id":"https:\/\/lequotidien.mr\/#\/schema\/logo\/image\/","url":"https:\/\/lequotidien.mr\/wp-content\/uploads\/2022\/11\/logolequotidien.jpg","contentUrl":"https:\/\/lequotidien.mr\/wp-content\/uploads\/2022\/11\/logolequotidien.jpg","width":290,"height":65,"caption":"Le Quotidien de Nouakchott"},"image":{"@id":"https:\/\/lequotidien.mr\/#\/schema\/logo\/image\/"},"sameAs":["https:\/\/web.facebook.com\/lequotidienmr","https:\/\/x.com\/lequotidienmr"]},{"@type":"Person","@id":"https:\/\/lequotidien.mr\/#\/schema\/person\/f90fcdaa970c60288de4ed2e64a56472","name":"Le Quotidien","image":{"@type":"ImageObject","inLanguage":"ar","@id":"https:\/\/secure.gravatar.com\/avatar\/374cb39a1a458a912465a93e5a3ce6546886fc3da809a1f10c63e4e8fcbca30f?s=96&d=mm&r=g","url":"https:\/\/secure.gravatar.com\/avatar\/374cb39a1a458a912465a93e5a3ce6546886fc3da809a1f10c63e4e8fcbca30f?s=96&d=mm&r=g","contentUrl":"https:\/\/secure.gravatar.com\/avatar\/374cb39a1a458a912465a93e5a3ce6546886fc3da809a1f10c63e4e8fcbca30f?s=96&d=mm&r=g","caption":"Le Quotidien"},"sameAs":["https:\/\/lequotidien.mr\/"],"url":"https:\/\/lequotidien.mr\/?author=4"}]}},"_links":{"self":[{"href":"https:\/\/lequotidien.mr\/index.php?rest_route=\/wp\/v2\/posts\/18243","targetHints":{"allow":["GET"]}}],"collection":[{"href":"https:\/\/lequotidien.mr\/index.php?rest_route=\/wp\/v2\/posts"}],"about":[{"href":"https:\/\/lequotidien.mr\/index.php?rest_route=\/wp\/v2\/types\/post"}],"author":[{"embeddable":true,"href":"https:\/\/lequotidien.mr\/index.php?rest_route=\/wp\/v2\/users\/4"}],"replies":[{"embeddable":true,"href":"https:\/\/lequotidien.mr\/index.php?rest_route=%2Fwp%2Fv2%2Fcomments&post=18243"}],"version-history":[{"count":1,"href":"https:\/\/lequotidien.mr\/index.php?rest_route=\/wp\/v2\/posts\/18243\/revisions"}],"predecessor-version":[{"id":18245,"href":"https:\/\/lequotidien.mr\/index.php?rest_route=\/wp\/v2\/posts\/18243\/revisions\/18245"}],"wp:featuredmedia":[{"embeddable":true,"href":"https:\/\/lequotidien.mr\/index.php?rest_route=\/wp\/v2\/media\/18244"}],"wp:attachment":[{"href":"https:\/\/lequotidien.mr\/index.php?rest_route=%2Fwp%2Fv2%2Fmedia&parent=18243"}],"wp:term":[{"taxonomy":"category","embeddable":true,"href":"https:\/\/lequotidien.mr\/index.php?rest_route=%2Fwp%2Fv2%2Fcategories&post=18243"},{"taxonomy":"post_tag","embeddable":true,"href":"https:\/\/lequotidien.mr\/index.php?rest_route=%2Fwp%2Fv2%2Ftags&post=18243"}],"curies":[{"name":"wp","href":"https:\/\/api.w.org\/{rel}","templated":true}]}}