{"id":18208,"date":"2024-05-14T16:33:09","date_gmt":"2024-05-14T16:33:09","guid":{"rendered":"https:\/\/lequotidien.mr\/?p=18208"},"modified":"2024-05-14T16:33:09","modified_gmt":"2024-05-14T16:33:09","slug":"institutions-financieres-et-banques-africaines-deux-milliards-de-dollars-mobilises-pour-la-formation-professionnelle-en-mauritanie","status":"publish","type":"post","link":"https:\/\/lequotidien.mr\/?p=18208&lang=fr","title":{"rendered":"Institutions financi\u00e8res et Banques africaines : deux milliards de dollars mobilis\u00e9s pour la formation professionnelle en Mauritanie"},"content":{"rendered":"<p>Lundi soir, une importante rencontre a eu lieu au Palais pr\u00e9sidentiel de Nouakchott entre le Pr\u00e9sident de la R\u00e9publique, Pr\u00e9sident en exercice de l&#8217;Union africaine, Monsieur Mohamed Cheikh El Ghazouani, et une d\u00e9l\u00e9gation de hauts responsables d&#8217;institutions financi\u00e8res et de banques africaines.<\/p>\n<p>Cette r\u00e9union strat\u00e9gique a \u00e9t\u00e9 marqu\u00e9e par des discussions approfondies sur la coop\u00e9ration entre la Mauritanie et ces institutions, ainsi que sur les mesures prises par le pr\u00e9sident de la R\u00e9publique visant \u00e0 renforcer leur niveau d\u2019intervention dans la promotion du d\u00e9veloppement \u00e9conomique et social en Afrique.<\/p>\n<p>La r\u00e9union s\u2019est d\u00e9roul\u00e9e en pr\u00e9sence de M. Moctar Diay, Ministre charg\u00e9 du cabinet du Pr\u00e9sidence de la R\u00e9publique.<\/p>\n<p>\u00c0 l&#8217;issue de cette rencontre de haut niveau, le porte-parole des institutions et banques africaines a exprim\u00e9 son soutien au Pr\u00e9sident El Ghazouani dans son r\u00f4le actif de Pr\u00e9sident de l&#8217;Union africaine. Il a salu\u00e9 les efforts du Pr\u00e9sident en vue de promouvoir le d\u00e9veloppement tant de la Mauritanie que de l&#8217;Afrique dans son ensemble. En signe de solidarit\u00e9 et d&#8217;engagement concret, les institutions financi\u00e8res africaines ont annonc\u00e9 un investissement massif de deux milliards de dollars destin\u00e9 \u00e0 soutenir la formation professionnelle, avec un accent particulier sur l&#8217;autonomisation des femmes et des jeunes.<\/p>\n<p>Cette initiative audacieuse t\u00e9moigne de la confiance des institutions financi\u00e8res africaines dans le leadership du Pr\u00e9sident El Ghazouani et dans sa capacit\u00e9 \u00e0 mobiliser des ressources vitales pour catalyser le d\u00e9veloppement durable en Afrique. La reconnaissance de son soutien continu aux institutions financi\u00e8res africaines, ainsi que son plaidoyer en faveur de l&#8217;alliance r\u00e9gionale lors du dernier Sommet africain \u00e0 Addis-Abeba, ont \u00e9t\u00e9 chaleureusement salu\u00e9s par la d\u00e9l\u00e9gation.<\/p>\n<p>Par ailleurs, la question pressante du changement climatique a \u00e9t\u00e9 abord\u00e9e lors de la r\u00e9union, refl\u00e9tant l&#8217;engagement du Pr\u00e9sident El Ghazouani envers les enjeux environnementaux cruciaux pour le continent africain. La n\u00e9cessit\u00e9 de faire entendre la voix de l&#8217;Afrique lors des forums internationaux sur le climat, y compris la prochaine Conf\u00e9rence des Parties (COP), a \u00e9t\u00e9 soulign\u00e9e avec force.<\/p>\n<p>Enfin, la d\u00e9l\u00e9gation a inform\u00e9 le Pr\u00e9sident de l&#8217;Union africaine de la collaboration \u00e9troite entre les institutions financi\u00e8res africaines et l&#8217;Union africaine pour mettre en \u0153uvre l&#8217;accord historique de libre-\u00e9change intra-africain, une \u00e9tape majeure vers la r\u00e9alisation des objectifs ambitieux de l&#8217;Agenda 2063.<\/p>\n","protected":false},"excerpt":{"rendered":"<p>Lundi soir, une importante rencontre a eu lieu au Palais pr\u00e9sidentiel de Nouakchott entre le Pr\u00e9sident de la R\u00e9publique, Pr\u00e9sident en exercice de l&#8217;Union africaine, Monsieur Mohamed Cheikh El Ghazouani, et une d\u00e9l\u00e9gation de hauts responsables d&#8217;institutions financi\u00e8res et de banques africaines. Cette r\u00e9union strat\u00e9gique a \u00e9t\u00e9 marqu\u00e9e par des discussions approfondies sur la coop\u00e9ration&#8230;..<\/p>\n","protected":false},"author":12,"featured_media":18209,"comment_status":"open","ping_status":"open","sticky":false,"template":"","format":"standard","meta":{"footnotes":""},"categories":[23,49],"tags":[],"class_list":["post-18208","post","type-post","status-publish","format-standard","has-post-thumbnail","hentry","category-actualite","category-economie"],"yoast_head":"<!-- This site is optimized with the Yoast SEO plugin v27.5 - https:\/\/yoast.com\/product\/yoast-seo-wordpress\/ -->\n<title>Institutions financi\u00e8res et Banques africaines : deux milliards de dollars mobilis\u00e9s pour la formation professionnelle en Mauritanie - Le Quotidien de Nouakchott<\/title>\n<meta name=\"robots\" content=\"index, follow, max-snippet:-1, max-image-preview:large, max-video-preview:-1\" \/>\n<link rel=\"canonical\" href=\"https:\/\/lequotidien.mr\/?p=18208&lang=fr\" \/>\n<meta property=\"og:locale\" content=\"ar_AR\" \/>\n<meta property=\"og:type\" content=\"article\" \/>\n<meta property=\"og:title\" content=\"Institutions financi\u00e8res et Banques africaines : deux milliards de dollars mobilis\u00e9s pour la formation professionnelle en Mauritanie - Le Quotidien de Nouakchott\" \/>\n<meta property=\"og:description\" content=\"Lundi soir, une importante rencontre a eu lieu au Palais pr\u00e9sidentiel de Nouakchott entre le Pr\u00e9sident de la R\u00e9publique, Pr\u00e9sident en exercice de l&#8217;Union africaine, Monsieur Mohamed Cheikh El Ghazouani, et une d\u00e9l\u00e9gation de hauts responsables d&#8217;institutions financi\u00e8res et de banques africaines. Cette r\u00e9union strat\u00e9gique a \u00e9t\u00e9 marqu\u00e9e par des discussions approfondies sur la coop\u00e9ration.....\" \/>\n<meta property=\"og:url\" content=\"https:\/\/lequotidien.mr\/?p=18208&amp;lang=fr\" \/>\n<meta property=\"og:site_name\" content=\"Le Quotidien de Nouakchott\" \/>\n<meta property=\"article:publisher\" content=\"https:\/\/web.facebook.com\/lequotidienmr\" \/>\n<meta property=\"article:published_time\" content=\"2024-05-14T16:33:09+00:00\" \/>\n<meta property=\"og:image\" content=\"https:\/\/lequotidien.mr\/wp-content\/uploads\/2024\/05\/photo-pdt-IFA.jpg\" \/>\n\t<meta property=\"og:image:width\" content=\"768\" \/>\n\t<meta property=\"og:image:height\" content=\"454\" \/>\n\t<meta property=\"og:image:type\" content=\"image\/jpeg\" \/>\n<meta name=\"author\" content=\"Med Ahmed\" \/>\n<meta name=\"twitter:card\" content=\"summary_large_image\" \/>\n<meta name=\"twitter:creator\" content=\"@lequotidienmr\" \/>\n<meta name=\"twitter:site\" content=\"@lequotidienmr\" \/>\n<meta name=\"twitter:label1\" content=\"\u0643\u064f\u062a\u0628 \u0628\u0648\u0627\u0633\u0637\u0629\" \/>\n\t<meta name=\"twitter:data1\" content=\"Med Ahmed\" \/>\n\t<meta name=\"twitter:label2\" content=\"\u0648\u0642\u062a \u0627\u0644\u0642\u0631\u0627\u0621\u0629 \u0627\u0644\u0645\u064f\u0642\u062f\u0651\u0631\" \/>\n\t<meta name=\"twitter:data2\" content=\"\u062f\u0642\u064a\u0642\u062a\u0627\u0646\" \/>\n<script type=\"application\/ld+json\" class=\"yoast-schema-graph\">{\"@context\":\"https:\\\/\\\/schema.org\",\"@graph\":[{\"@type\":\"Article\",\"@id\":\"https:\\\/\\\/lequotidien.mr\\\/?p=18208&lang=fr#article\",\"isPartOf\":{\"@id\":\"https:\\\/\\\/lequotidien.mr\\\/?p=18208&lang=fr\"},\"author\":{\"name\":\"Med Ahmed\",\"@id\":\"https:\\\/\\\/lequotidien.mr\\\/#\\\/schema\\\/person\\\/d2d350202a4d599685ed8abc25f97596\"},\"headline\":\"Institutions financi\u00e8res et Banques africaines : deux milliards de dollars mobilis\u00e9s pour la formation professionnelle en Mauritanie\",\"datePublished\":\"2024-05-14T16:33:09+00:00\",\"mainEntityOfPage\":{\"@id\":\"https:\\\/\\\/lequotidien.mr\\\/?p=18208&lang=fr\"},\"wordCount\":446,\"commentCount\":0,\"publisher\":{\"@id\":\"https:\\\/\\\/lequotidien.mr\\\/#organization\"},\"image\":{\"@id\":\"https:\\\/\\\/lequotidien.mr\\\/?p=18208&lang=fr#primaryimage\"},\"thumbnailUrl\":\"https:\\\/\\\/lequotidien.mr\\\/wp-content\\\/uploads\\\/2024\\\/05\\\/photo-pdt-IFA.jpg\",\"articleSection\":[\"ACTUALIT\u00c9\",\"Economie\"],\"inLanguage\":\"ar\",\"potentialAction\":[{\"@type\":\"CommentAction\",\"name\":\"Comment\",\"target\":[\"https:\\\/\\\/lequotidien.mr\\\/?p=18208&lang=fr#respond\"]}]},{\"@type\":\"WebPage\",\"@id\":\"https:\\\/\\\/lequotidien.mr\\\/?p=18208&lang=fr\",\"url\":\"https:\\\/\\\/lequotidien.mr\\\/?p=18208&lang=fr\",\"name\":\"Institutions financi\u00e8res et Banques africaines : deux milliards de dollars mobilis\u00e9s pour la formation professionnelle en Mauritanie - Le Quotidien de Nouakchott\",\"isPartOf\":{\"@id\":\"https:\\\/\\\/lequotidien.mr\\\/#website\"},\"primaryImageOfPage\":{\"@id\":\"https:\\\/\\\/lequotidien.mr\\\/?p=18208&lang=fr#primaryimage\"},\"image\":{\"@id\":\"https:\\\/\\\/lequotidien.mr\\\/?p=18208&lang=fr#primaryimage\"},\"thumbnailUrl\":\"https:\\\/\\\/lequotidien.mr\\\/wp-content\\\/uploads\\\/2024\\\/05\\\/photo-pdt-IFA.jpg\",\"datePublished\":\"2024-05-14T16:33:09+00:00\",\"breadcrumb\":{\"@id\":\"https:\\\/\\\/lequotidien.mr\\\/?p=18208&lang=fr#breadcrumb\"},\"inLanguage\":\"ar\",\"potentialAction\":[{\"@type\":\"ReadAction\",\"target\":[\"https:\\\/\\\/lequotidien.mr\\\/?p=18208&lang=fr\"]}]},{\"@type\":\"ImageObject\",\"inLanguage\":\"ar\",\"@id\":\"https:\\\/\\\/lequotidien.mr\\\/?p=18208&lang=fr#primaryimage\",\"url\":\"https:\\\/\\\/lequotidien.mr\\\/wp-content\\\/uploads\\\/2024\\\/05\\\/photo-pdt-IFA.jpg\",\"contentUrl\":\"https:\\\/\\\/lequotidien.mr\\\/wp-content\\\/uploads\\\/2024\\\/05\\\/photo-pdt-IFA.jpg\",\"width\":768,\"height\":454},{\"@type\":\"BreadcrumbList\",\"@id\":\"https:\\\/\\\/lequotidien.mr\\\/?p=18208&lang=fr#breadcrumb\",\"itemListElement\":[{\"@type\":\"ListItem\",\"position\":1,\"name\":\"Home\",\"item\":\"https:\\\/\\\/lequotidien.mr\\\/\"},{\"@type\":\"ListItem\",\"position\":2,\"name\":\"Institutions financi\u00e8res et Banques africaines : deux milliards de dollars mobilis\u00e9s pour la formation professionnelle en Mauritanie\"}]},{\"@type\":\"WebSite\",\"@id\":\"https:\\\/\\\/lequotidien.mr\\\/#website\",\"url\":\"https:\\\/\\\/lequotidien.mr\\\/\",\"name\":\"Le Quotidien de Nouakchott\",\"description\":\"\u0625\u062e\u0628\u0627\u0631\u064a\u0629 \u0645\u0633\u062a\u0642\u0644\u0629 \u0644\u0644\u0623\u0646\u0628\u0627\u0621 \u0627\u0644\u0639\u0627\u0645\u0629\",\"publisher\":{\"@id\":\"https:\\\/\\\/lequotidien.mr\\\/#organization\"},\"potentialAction\":[{\"@type\":\"SearchAction\",\"target\":{\"@type\":\"EntryPoint\",\"urlTemplate\":\"https:\\\/\\\/lequotidien.mr\\\/?s={search_term_string}\"},\"query-input\":{\"@type\":\"PropertyValueSpecification\",\"valueRequired\":true,\"valueName\":\"search_term_string\"}}],\"inLanguage\":\"ar\"},{\"@type\":\"Organization\",\"@id\":\"https:\\\/\\\/lequotidien.mr\\\/#organization\",\"name\":\"Le Quotidien de Nouakchott\",\"url\":\"https:\\\/\\\/lequotidien.mr\\\/\",\"logo\":{\"@type\":\"ImageObject\",\"inLanguage\":\"ar\",\"@id\":\"https:\\\/\\\/lequotidien.mr\\\/#\\\/schema\\\/logo\\\/image\\\/\",\"url\":\"https:\\\/\\\/lequotidien.mr\\\/wp-content\\\/uploads\\\/2022\\\/11\\\/logolequotidien.jpg\",\"contentUrl\":\"https:\\\/\\\/lequotidien.mr\\\/wp-content\\\/uploads\\\/2022\\\/11\\\/logolequotidien.jpg\",\"width\":290,\"height\":65,\"caption\":\"Le Quotidien de Nouakchott\"},\"image\":{\"@id\":\"https:\\\/\\\/lequotidien.mr\\\/#\\\/schema\\\/logo\\\/image\\\/\"},\"sameAs\":[\"https:\\\/\\\/web.facebook.com\\\/lequotidienmr\",\"https:\\\/\\\/x.com\\\/lequotidienmr\"]},{\"@type\":\"Person\",\"@id\":\"https:\\\/\\\/lequotidien.mr\\\/#\\\/schema\\\/person\\\/d2d350202a4d599685ed8abc25f97596\",\"name\":\"Med Ahmed\",\"image\":{\"@type\":\"ImageObject\",\"inLanguage\":\"ar\",\"@id\":\"https:\\\/\\\/secure.gravatar.com\\\/avatar\\\/fd2acc62ed50732923d1d39c17172c9b04149f142be92310ecc69e1358f94b52?s=96&d=mm&r=g\",\"url\":\"https:\\\/\\\/secure.gravatar.com\\\/avatar\\\/fd2acc62ed50732923d1d39c17172c9b04149f142be92310ecc69e1358f94b52?s=96&d=mm&r=g\",\"contentUrl\":\"https:\\\/\\\/secure.gravatar.com\\\/avatar\\\/fd2acc62ed50732923d1d39c17172c9b04149f142be92310ecc69e1358f94b52?s=96&d=mm&r=g\",\"caption\":\"Med Ahmed\"},\"url\":\"https:\\\/\\\/lequotidien.mr\\\/?author=12\"}]}<\/script>\n<!-- \/ Yoast SEO plugin. -->","yoast_head_json":{"title":"Institutions financi\u00e8res et Banques africaines : deux milliards de dollars mobilis\u00e9s pour la formation professionnelle en Mauritanie - Le Quotidien de Nouakchott","robots":{"index":"index","follow":"follow","max-snippet":"max-snippet:-1","max-image-preview":"max-image-preview:large","max-video-preview":"max-video-preview:-1"},"canonical":"https:\/\/lequotidien.mr\/?p=18208&lang=fr","og_locale":"ar_AR","og_type":"article","og_title":"Institutions financi\u00e8res et Banques africaines : deux milliards de dollars mobilis\u00e9s pour la formation professionnelle en Mauritanie - Le Quotidien de Nouakchott","og_description":"Lundi soir, une importante rencontre a eu lieu au Palais pr\u00e9sidentiel de Nouakchott entre le Pr\u00e9sident de la R\u00e9publique, Pr\u00e9sident en exercice de l&#8217;Union africaine, Monsieur Mohamed Cheikh El Ghazouani, et une d\u00e9l\u00e9gation de hauts responsables d&#8217;institutions financi\u00e8res et de banques africaines. Cette r\u00e9union strat\u00e9gique a \u00e9t\u00e9 marqu\u00e9e par des discussions approfondies sur la coop\u00e9ration.....","og_url":"https:\/\/lequotidien.mr\/?p=18208&lang=fr","og_site_name":"Le Quotidien de Nouakchott","article_publisher":"https:\/\/web.facebook.com\/lequotidienmr","article_published_time":"2024-05-14T16:33:09+00:00","og_image":[{"width":768,"height":454,"url":"https:\/\/lequotidien.mr\/wp-content\/uploads\/2024\/05\/photo-pdt-IFA.jpg","type":"image\/jpeg"}],"author":"Med Ahmed","twitter_card":"summary_large_image","twitter_creator":"@lequotidienmr","twitter_site":"@lequotidienmr","twitter_misc":{"\u0643\u064f\u062a\u0628 \u0628\u0648\u0627\u0633\u0637\u0629":"Med Ahmed","\u0648\u0642\u062a \u0627\u0644\u0642\u0631\u0627\u0621\u0629 \u0627\u0644\u0645\u064f\u0642\u062f\u0651\u0631":"\u062f\u0642\u064a\u0642\u062a\u0627\u0646"},"schema":{"@context":"https:\/\/schema.org","@graph":[{"@type":"Article","@id":"https:\/\/lequotidien.mr\/?p=18208&lang=fr#article","isPartOf":{"@id":"https:\/\/lequotidien.mr\/?p=18208&lang=fr"},"author":{"name":"Med Ahmed","@id":"https:\/\/lequotidien.mr\/#\/schema\/person\/d2d350202a4d599685ed8abc25f97596"},"headline":"Institutions financi\u00e8res et Banques africaines : deux milliards de dollars mobilis\u00e9s pour la formation professionnelle en Mauritanie","datePublished":"2024-05-14T16:33:09+00:00","mainEntityOfPage":{"@id":"https:\/\/lequotidien.mr\/?p=18208&lang=fr"},"wordCount":446,"commentCount":0,"publisher":{"@id":"https:\/\/lequotidien.mr\/#organization"},"image":{"@id":"https:\/\/lequotidien.mr\/?p=18208&lang=fr#primaryimage"},"thumbnailUrl":"https:\/\/lequotidien.mr\/wp-content\/uploads\/2024\/05\/photo-pdt-IFA.jpg","articleSection":["ACTUALIT\u00c9","Economie"],"inLanguage":"ar","potentialAction":[{"@type":"CommentAction","name":"Comment","target":["https:\/\/lequotidien.mr\/?p=18208&lang=fr#respond"]}]},{"@type":"WebPage","@id":"https:\/\/lequotidien.mr\/?p=18208&lang=fr","url":"https:\/\/lequotidien.mr\/?p=18208&lang=fr","name":"Institutions financi\u00e8res et Banques africaines : deux milliards de dollars mobilis\u00e9s pour la formation professionnelle en Mauritanie - Le Quotidien de Nouakchott","isPartOf":{"@id":"https:\/\/lequotidien.mr\/#website"},"primaryImageOfPage":{"@id":"https:\/\/lequotidien.mr\/?p=18208&lang=fr#primaryimage"},"image":{"@id":"https:\/\/lequotidien.mr\/?p=18208&lang=fr#primaryimage"},"thumbnailUrl":"https:\/\/lequotidien.mr\/wp-content\/uploads\/2024\/05\/photo-pdt-IFA.jpg","datePublished":"2024-05-14T16:33:09+00:00","breadcrumb":{"@id":"https:\/\/lequotidien.mr\/?p=18208&lang=fr#breadcrumb"},"inLanguage":"ar","potentialAction":[{"@type":"ReadAction","target":["https:\/\/lequotidien.mr\/?p=18208&lang=fr"]}]},{"@type":"ImageObject","inLanguage":"ar","@id":"https:\/\/lequotidien.mr\/?p=18208&lang=fr#primaryimage","url":"https:\/\/lequotidien.mr\/wp-content\/uploads\/2024\/05\/photo-pdt-IFA.jpg","contentUrl":"https:\/\/lequotidien.mr\/wp-content\/uploads\/2024\/05\/photo-pdt-IFA.jpg","width":768,"height":454},{"@type":"BreadcrumbList","@id":"https:\/\/lequotidien.mr\/?p=18208&lang=fr#breadcrumb","itemListElement":[{"@type":"ListItem","position":1,"name":"Home","item":"https:\/\/lequotidien.mr\/"},{"@type":"ListItem","position":2,"name":"Institutions financi\u00e8res et Banques africaines : deux milliards de dollars mobilis\u00e9s pour la formation professionnelle en Mauritanie"}]},{"@type":"WebSite","@id":"https:\/\/lequotidien.mr\/#website","url":"https:\/\/lequotidien.mr\/","name":"Le Quotidien de Nouakchott","description":"\u0625\u062e\u0628\u0627\u0631\u064a\u0629 \u0645\u0633\u062a\u0642\u0644\u0629 \u0644\u0644\u0623\u0646\u0628\u0627\u0621 \u0627\u0644\u0639\u0627\u0645\u0629","publisher":{"@id":"https:\/\/lequotidien.mr\/#organization"},"potentialAction":[{"@type":"SearchAction","target":{"@type":"EntryPoint","urlTemplate":"https:\/\/lequotidien.mr\/?s={search_term_string}"},"query-input":{"@type":"PropertyValueSpecification","valueRequired":true,"valueName":"search_term_string"}}],"inLanguage":"ar"},{"@type":"Organization","@id":"https:\/\/lequotidien.mr\/#organization","name":"Le Quotidien de Nouakchott","url":"https:\/\/lequotidien.mr\/","logo":{"@type":"ImageObject","inLanguage":"ar","@id":"https:\/\/lequotidien.mr\/#\/schema\/logo\/image\/","url":"https:\/\/lequotidien.mr\/wp-content\/uploads\/2022\/11\/logolequotidien.jpg","contentUrl":"https:\/\/lequotidien.mr\/wp-content\/uploads\/2022\/11\/logolequotidien.jpg","width":290,"height":65,"caption":"Le Quotidien de Nouakchott"},"image":{"@id":"https:\/\/lequotidien.mr\/#\/schema\/logo\/image\/"},"sameAs":["https:\/\/web.facebook.com\/lequotidienmr","https:\/\/x.com\/lequotidienmr"]},{"@type":"Person","@id":"https:\/\/lequotidien.mr\/#\/schema\/person\/d2d350202a4d599685ed8abc25f97596","name":"Med Ahmed","image":{"@type":"ImageObject","inLanguage":"ar","@id":"https:\/\/secure.gravatar.com\/avatar\/fd2acc62ed50732923d1d39c17172c9b04149f142be92310ecc69e1358f94b52?s=96&d=mm&r=g","url":"https:\/\/secure.gravatar.com\/avatar\/fd2acc62ed50732923d1d39c17172c9b04149f142be92310ecc69e1358f94b52?s=96&d=mm&r=g","contentUrl":"https:\/\/secure.gravatar.com\/avatar\/fd2acc62ed50732923d1d39c17172c9b04149f142be92310ecc69e1358f94b52?s=96&d=mm&r=g","caption":"Med Ahmed"},"url":"https:\/\/lequotidien.mr\/?author=12"}]}},"_links":{"self":[{"href":"https:\/\/lequotidien.mr\/index.php?rest_route=\/wp\/v2\/posts\/18208","targetHints":{"allow":["GET"]}}],"collection":[{"href":"https:\/\/lequotidien.mr\/index.php?rest_route=\/wp\/v2\/posts"}],"about":[{"href":"https:\/\/lequotidien.mr\/index.php?rest_route=\/wp\/v2\/types\/post"}],"author":[{"embeddable":true,"href":"https:\/\/lequotidien.mr\/index.php?rest_route=\/wp\/v2\/users\/12"}],"replies":[{"embeddable":true,"href":"https:\/\/lequotidien.mr\/index.php?rest_route=%2Fwp%2Fv2%2Fcomments&post=18208"}],"version-history":[{"count":1,"href":"https:\/\/lequotidien.mr\/index.php?rest_route=\/wp\/v2\/posts\/18208\/revisions"}],"predecessor-version":[{"id":18210,"href":"https:\/\/lequotidien.mr\/index.php?rest_route=\/wp\/v2\/posts\/18208\/revisions\/18210"}],"wp:featuredmedia":[{"embeddable":true,"href":"https:\/\/lequotidien.mr\/index.php?rest_route=\/wp\/v2\/media\/18209"}],"wp:attachment":[{"href":"https:\/\/lequotidien.mr\/index.php?rest_route=%2Fwp%2Fv2%2Fmedia&parent=18208"}],"wp:term":[{"taxonomy":"category","embeddable":true,"href":"https:\/\/lequotidien.mr\/index.php?rest_route=%2Fwp%2Fv2%2Fcategories&post=18208"},{"taxonomy":"post_tag","embeddable":true,"href":"https:\/\/lequotidien.mr\/index.php?rest_route=%2Fwp%2Fv2%2Ftags&post=18208"}],"curies":[{"name":"wp","href":"https:\/\/api.w.org\/{rel}","templated":true}]}}